{"id":2467,"date":"2024-01-05T10:34:47","date_gmt":"2024-01-05T08:34:47","guid":{"rendered":"https:\/\/www.smedemokrati.sk\/?p=2467"},"modified":"2024-01-08T14:01:39","modified_gmt":"2024-01-08T12:01:39","slug":"namestnikom-sis-ma-byt-bodorov-clovek","status":"publish","type":"post","link":"https:\/\/www.smedemokrati.sk\/sv\/namestnikom-sis-ma-byt-bodorov-clovek\/","title":{"rendered":"N\u00e1mestn\u00edkom SIS m\u00e1 by\u0165\u00a0B\u00f6d\u00f6rov \u010dlovek"},"content":{"rendered":"<div id=\"fb-root\"><\/div>\n\n<p><strong>Pod\u013ea inform\u00e1ci\u00ed predsedu strany Jaroslava Na\u010fa m\u00e1 na SIS u\u017e v najbli\u017e\u0161ej dobe pr\u00eds\u0165 k z\u00e1sadnej person\u00e1lnej nomin\u00e1cii. Jedn\u00fdm z n\u00e1mestn\u00edkov sa m\u00e1 sta\u0165 Mari\u00e1n Zetocha, b\u00fdval\u00fd \u0161\u00e9f finan\u010dnej spravodajskej jednotky NAKA, zn\u00e1my najm\u00e4 pre obvinenie v kauze O\u010distec a bl\u00edzkeho prepojenia s Norbertom B\u00f6d\u00f6rom.<\/strong><\/p>\n\n\n\n<p>Pod\u013ea predsedu Na\u010fa ide o z\u00e1sadn\u00e9 bezpe\u010dnostn\u00e9 riziko a tento krok pova\u017euje za neprijate\u013en\u00fd:\u00a0<em>\u201eZetocha je bl\u00edzky priate\u013e\u00a0B\u00f6d\u00f6ra\u00a0a tie\u017e jeho\u00a0spojenec z kauzy O\u010distec. Pr\u00e1ve za p\u00f4sobenia Zetochu a \u010fal\u0161\u00edch dnes obvinen\u00fdch policajtov malo doch\u00e1dza\u0165 napr\u00edklad k nez\u00e1konnej lustr\u00e1cii novin\u00e1rov a o podozreniach zo zosnovania mafi\u00e1nskej skupiny na najvy\u0161\u0161\u00edch miestach NAKA nehovoriac. Tento \u010dlovek m\u00e1 dost\u00e1va\u0165 utajovan\u00e9 spisy a citliv\u00e9 inform\u00e1cie?\u201d<\/em>\u00a0Komentoval Na\u010f a dodal, \u017ee touto person\u00e1lnou nomin\u00e1ciou sa informa\u010dn\u00e1 slu\u017eba stane definit\u00edvne n\u00e1strojom ochrany pre Roberta Fica a jeho kump\u00e1nov.\u00a0<\/p>\n\n\n\n<p>Demokrati upozor\u0148uj\u00fa, \u017ee po Tiborovi Ga\u0161parovi, ktor\u00fd m\u00e1 a\u0161pirova\u0165 na poz\u00edciu \u0161\u00e9fa SIS, maj\u00fa na poz\u00edcie riadite\u013eov odborov nast\u00fapi\u0165 \u010fal\u0161\u00ed \u013eudia bl\u00edzky N.&nbsp;B\u00f6d\u00f6rovi.&nbsp;<em>\u201e\u010clovek figuruj\u00faci v \u0161iestich najv\u00e4\u010d\u0161\u00edch kauz\u00e1ch hist\u00f3rie Slovenska si postupne obsadzuje \u013eud\u00ed na najvy\u0161\u0161ie a z\u00e1rove\u0148 mimoriadne citliv\u00e9 posty. Za norm\u00e1lnych okolnost\u00ed, musia z\u00e1ujemcovia o tieto poz\u00edcie podst\u00fapi\u0165 pr\u00edsne bezpe\u010dnostn\u00e9 preverenie. Neviem si predstavi\u0165, ako by \u013eudia ako Zetocha a \u010fal\u0161\u00ed, mohli dosta\u0165 previerku najvy\u0161\u0161ieho stup\u0148a. Ak sa napln\u00ed tento scen\u00e1r, m\u00e1me d\u00f4vod ob\u00e1va\u0165 sa, \u017ee je to B\u00f6d\u00f6r, ktor\u00fd m\u00e1 na \u0161pag\u00e1te predsedu vl\u00e1dy SR,\u201c&nbsp;<\/em>uzavrel Jaroslav Na\u010f a dodal, \u017ee \u0161kodliv\u00e9 nomin\u00e1cie s\u00fa bezpe\u010dnostnou hrozbou a zatvoria n\u00e1m dvere v spolupr\u00e1ci s in\u00fdmi zahrani\u010dn\u00fdmi slu\u017ebami, ktor\u00e9 maj\u00fa pre Slovensko \u017eivotne d\u00f4le\u017eit\u00fd v\u00fdznam, napr\u00edklad v oblasti boja s terorizmom a in\u00fdmi.<\/p>\n","protected":false},"excerpt":{"rendered":"<p>Pod\u013ea inform\u00e1ci\u00ed predsedu strany Jaroslava Na\u010fa m\u00e1 na SIS u\u017e v najbli\u017e\u0161ej dobe pr\u00eds\u0165 k z\u00e1sadnej person\u00e1lnej nomin\u00e1cii. Jedn\u00fdm z n\u00e1mestn\u00edkov sa m\u00e1 sta\u0165 Mari\u00e1n Zetocha, b\u00fdval\u00fd \u0161\u00e9f finan\u010dnej spravodajskej jednotky NAKA, zn\u00e1my najm\u00e4 pre obvinenie v kauze O\u010distec a bl\u00edzkeho prepojenia s Norbertom B\u00f6d\u00f6rom. Pod\u013ea predsedu Na\u010fa ide o z\u00e1sadn\u00e9 bezpe\u010dnostn\u00e9 riziko a tento [&hellip;]<\/p>\n","protected":false},"author":7,"featured_media":414,"comment_status":"closed","ping_status":"closed","sticky":false,"template":"","format":"standard","meta":{"_acf_changed":false,"ngg_post_thumbnail":0,"footnotes":""},"categories":[4],"tags":[],"class_list":["post-2467","post","type-post","status-publish","format-standard","has-post-thumbnail","hentry","category-tlacove-spravy"],"acf":[],"yoast_head":"<!-- This site is optimized with the Yoast SEO plugin v27.2 - https:\/\/yoast.com\/product\/yoast-seo-wordpress\/ -->\n<title>N\u00e1mestn\u00edkom SIS m\u00e1 by\u0165\u00a0B\u00f6d\u00f6rov \u010dlovek - Smedemokrati.sk<\/title>\n<meta name=\"robots\" content=\"index, follow, max-snippet:-1, max-image-preview:large, max-video-preview:-1\" \/>\n<link rel=\"canonical\" href=\"https:\/\/www.smedemokrati.sk\/sv\/namestnikom-sis-ma-byt-bodorov-clovek\/\" \/>\n<meta property=\"og:locale\" content=\"sv_SE\" \/>\n<meta property=\"og:locale:alternate\" content=\"en_US\" \/>\n<meta property=\"og:locale:alternate\" content=\"cs_CZ\" \/>\n<meta property=\"og:locale:alternate\" content=\"hu_HU\" \/>\n<meta property=\"og:locale:alternate\" content=\"sk_SK\" \/>\n<meta property=\"og:type\" content=\"article\" \/>\n<meta property=\"og:title\" content=\"N\u00e1mestn\u00edkom SIS m\u00e1 by\u0165\u00a0B\u00f6d\u00f6rov \u010dlovek - Smedemokrati.sk\" \/>\n<meta property=\"og:description\" content=\"Pod\u013ea inform\u00e1ci\u00ed predsedu strany Jaroslava Na\u010fa m\u00e1 na SIS u\u017e v najbli\u017e\u0161ej dobe pr\u00eds\u0165 k z\u00e1sadnej person\u00e1lnej nomin\u00e1cii. Jedn\u00fdm z n\u00e1mestn\u00edkov sa m\u00e1 sta\u0165 Mari\u00e1n Zetocha, b\u00fdval\u00fd \u0161\u00e9f finan\u010dnej spravodajskej jednotky NAKA, zn\u00e1my najm\u00e4 pre obvinenie v kauze O\u010distec a bl\u00edzkeho prepojenia s Norbertom B\u00f6d\u00f6rom. Pod\u013ea predsedu Na\u010fa ide o z\u00e1sadn\u00e9 bezpe\u010dnostn\u00e9 riziko a tento [&hellip;]\" \/>\n<meta property=\"og:url\" content=\"https:\/\/www.smedemokrati.sk\/sv\/namestnikom-sis-ma-byt-bodorov-clovek\/\" \/>\n<meta property=\"og:site_name\" content=\"Smedemokrati.sk\" \/>\n<meta property=\"article:publisher\" content=\"https:\/\/www.facebook.com\/smedemokrati2023\" \/>\n<meta property=\"article:published_time\" content=\"2024-01-05T08:34:47+00:00\" \/>\n<meta property=\"article:modified_time\" content=\"2024-01-08T12:01:39+00:00\" \/>\n<meta property=\"og:image\" content=\"https:\/\/www.smedemokrati.sk\/wp-content\/uploads\/2023\/04\/JN_1-4.jpg\" \/>\n\t<meta property=\"og:image:width\" content=\"2048\" \/>\n\t<meta property=\"og:image:height\" content=\"1365\" \/>\n\t<meta property=\"og:image:type\" content=\"image\/jpeg\" \/>\n<meta name=\"author\" content=\"Tom\u00e1\u0161 Koppl\" \/>\n<meta name=\"twitter:card\" content=\"summary_large_image\" \/>\n<meta name=\"twitter:label1\" content=\"Skriven av\" \/>\n\t<meta name=\"twitter:data1\" content=\"Tom\u00e1\u0161 Koppl\" \/>\n\t<meta name=\"twitter:label2\" content=\"Ber\u00e4knad l\u00e4stid\" \/>\n\t<meta name=\"twitter:data2\" content=\"2 minuter\" \/>\n<script type=\"application\/ld+json\" class=\"yoast-schema-graph\">{\"@context\":\"https:\/\/schema.org\",\"@graph\":[{\"@type\":\"Article\",\"@id\":\"https:\/\/www.smedemokrati.sk\/namestnikom-sis-ma-byt-bodorov-clovek\/#article\",\"isPartOf\":{\"@id\":\"https:\/\/www.smedemokrati.sk\/namestnikom-sis-ma-byt-bodorov-clovek\/\"},\"author\":{\"name\":\"Tom\u00e1\u0161 Koppl\",\"@id\":\"https:\/\/www.smedemokrati.sk\/#\/schema\/person\/c60720f4b9955b3c1ed222ebd1fbbc7c\"},\"headline\":\"N\u00e1mestn\u00edkom SIS m\u00e1 by\u0165\u00a0B\u00f6d\u00f6rov \u010dlovek\",\"datePublished\":\"2024-01-05T08:34:47+00:00\",\"dateModified\":\"2024-01-08T12:01:39+00:00\",\"mainEntityOfPage\":{\"@id\":\"https:\/\/www.smedemokrati.sk\/namestnikom-sis-ma-byt-bodorov-clovek\/\"},\"wordCount\":362,\"publisher\":{\"@id\":\"https:\/\/www.smedemokrati.sk\/#organization\"},\"image\":{\"@id\":\"https:\/\/www.smedemokrati.sk\/namestnikom-sis-ma-byt-bodorov-clovek\/#primaryimage\"},\"thumbnailUrl\":\"https:\/\/www.smedemokrati.sk\/wp-content\/uploads\/2023\/04\/JN_1-4.jpg\",\"articleSection\":[\"Tla\u010dov\u00e9 spr\u00e1vy\"],\"inLanguage\":\"sv-SE\"},{\"@type\":\"WebPage\",\"@id\":\"https:\/\/www.smedemokrati.sk\/namestnikom-sis-ma-byt-bodorov-clovek\/\",\"url\":\"https:\/\/www.smedemokrati.sk\/namestnikom-sis-ma-byt-bodorov-clovek\/\",\"name\":\"N\u00e1mestn\u00edkom SIS m\u00e1 by\u0165\u00a0B\u00f6d\u00f6rov \u010dlovek - Smedemokrati.sk\",\"isPartOf\":{\"@id\":\"https:\/\/www.smedemokrati.sk\/#website\"},\"primaryImageOfPage\":{\"@id\":\"https:\/\/www.smedemokrati.sk\/namestnikom-sis-ma-byt-bodorov-clovek\/#primaryimage\"},\"image\":{\"@id\":\"https:\/\/www.smedemokrati.sk\/namestnikom-sis-ma-byt-bodorov-clovek\/#primaryimage\"},\"thumbnailUrl\":\"https:\/\/www.smedemokrati.sk\/wp-content\/uploads\/2023\/04\/JN_1-4.jpg\",\"datePublished\":\"2024-01-05T08:34:47+00:00\",\"dateModified\":\"2024-01-08T12:01:39+00:00\",\"breadcrumb\":{\"@id\":\"https:\/\/www.smedemokrati.sk\/namestnikom-sis-ma-byt-bodorov-clovek\/#breadcrumb\"},\"inLanguage\":\"sv-SE\",\"potentialAction\":[{\"@type\":\"ReadAction\",\"target\":[\"https:\/\/www.smedemokrati.sk\/namestnikom-sis-ma-byt-bodorov-clovek\/\"]}]},{\"@type\":\"ImageObject\",\"inLanguage\":\"sv-SE\",\"@id\":\"https:\/\/www.smedemokrati.sk\/namestnikom-sis-ma-byt-bodorov-clovek\/#primaryimage\",\"url\":\"https:\/\/www.smedemokrati.sk\/wp-content\/uploads\/2023\/04\/JN_1-4.jpg\",\"contentUrl\":\"https:\/\/www.smedemokrati.sk\/wp-content\/uploads\/2023\/04\/JN_1-4.jpg\",\"width\":2048,\"height\":1365},{\"@type\":\"BreadcrumbList\",\"@id\":\"https:\/\/www.smedemokrati.sk\/namestnikom-sis-ma-byt-bodorov-clovek\/#breadcrumb\",\"itemListElement\":[{\"@type\":\"ListItem\",\"position\":1,\"name\":\"Domovsk\u00e1 str\u00e1nka\",\"item\":\"https:\/\/www.smedemokrati.sk\/\"},{\"@type\":\"ListItem\",\"position\":2,\"name\":\"N\u00e1mestn\u00edkom SIS m\u00e1 by\u0165\u00a0B\u00f6d\u00f6rov \u010dlovek\"}]},{\"@type\":\"WebSite\",\"@id\":\"https:\/\/www.smedemokrati.sk\/#website\",\"url\":\"https:\/\/www.smedemokrati.sk\/\",\"name\":\"Smedemokrati.sk\",\"description\":\"Demokracia a slu\u0161nos\u0165 zv\u00ed\u0165az\u00ed\",\"publisher\":{\"@id\":\"https:\/\/www.smedemokrati.sk\/#organization\"},\"potentialAction\":[{\"@type\":\"SearchAction\",\"target\":{\"@type\":\"EntryPoint\",\"urlTemplate\":\"https:\/\/www.smedemokrati.sk\/?s={search_term_string}\"},\"query-input\":{\"@type\":\"PropertyValueSpecification\",\"valueRequired\":true,\"valueName\":\"search_term_string\"}}],\"inLanguage\":\"sv-SE\"},{\"@type\":\"Organization\",\"@id\":\"https:\/\/www.smedemokrati.sk\/#organization\",\"name\":\"Smedemokrati.sk\",\"url\":\"https:\/\/www.smedemokrati.sk\/\",\"logo\":{\"@type\":\"ImageObject\",\"inLanguage\":\"sv-SE\",\"@id\":\"https:\/\/www.smedemokrati.sk\/#\/schema\/logo\/image\/\",\"url\":\"https:\/\/www.smedemokrati.sk\/wp-content\/uploads\/2023\/04\/ff.002.jpeg\",\"contentUrl\":\"https:\/\/www.smedemokrati.sk\/wp-content\/uploads\/2023\/04\/ff.002.jpeg\",\"width\":640,\"height\":480,\"caption\":\"Smedemokrati.sk\"},\"image\":{\"@id\":\"https:\/\/www.smedemokrati.sk\/#\/schema\/logo\/image\/\"},\"sameAs\":[\"https:\/\/www.facebook.com\/smedemokrati2023\"]},{\"@type\":\"Person\",\"@id\":\"https:\/\/www.smedemokrati.sk\/#\/schema\/person\/c60720f4b9955b3c1ed222ebd1fbbc7c\",\"name\":\"Tom\u00e1\u0161 Koppl\",\"image\":{\"@type\":\"ImageObject\",\"inLanguage\":\"sv-SE\",\"@id\":\"https:\/\/secure.gravatar.com\/avatar\/8dfa38373c5e39821baf74c8e867a6f12e12c6dab6559aa999d10703b0b1c4ce?s=96&d=mm&r=g\",\"url\":\"https:\/\/secure.gravatar.com\/avatar\/8dfa38373c5e39821baf74c8e867a6f12e12c6dab6559aa999d10703b0b1c4ce?s=96&d=mm&r=g\",\"contentUrl\":\"https:\/\/secure.gravatar.com\/avatar\/8dfa38373c5e39821baf74c8e867a6f12e12c6dab6559aa999d10703b0b1c4ce?s=96&d=mm&r=g\",\"caption\":\"Tom\u00e1\u0161 Koppl\"},\"url\":\"https:\/\/www.smedemokrati.sk\/sv\/author\/tomaskoppl\/\"}]}<\/script>\n<!-- \/ Yoast SEO plugin. -->","yoast_head_json":{"title":"N\u00e1mestn\u00edkom SIS m\u00e1 by\u0165\u00a0B\u00f6d\u00f6rov \u010dlovek - Smedemokrati.sk","robots":{"index":"index","follow":"follow","max-snippet":"max-snippet:-1","max-image-preview":"max-image-preview:large","max-video-preview":"max-video-preview:-1"},"canonical":"https:\/\/www.smedemokrati.sk\/sv\/namestnikom-sis-ma-byt-bodorov-clovek\/","og_locale":"sv_SE","og_type":"article","og_title":"N\u00e1mestn\u00edkom SIS m\u00e1 by\u0165\u00a0B\u00f6d\u00f6rov \u010dlovek - Smedemokrati.sk","og_description":"Pod\u013ea inform\u00e1ci\u00ed predsedu strany Jaroslava Na\u010fa m\u00e1 na SIS u\u017e v najbli\u017e\u0161ej dobe pr\u00eds\u0165 k z\u00e1sadnej person\u00e1lnej nomin\u00e1cii. Jedn\u00fdm z n\u00e1mestn\u00edkov sa m\u00e1 sta\u0165 Mari\u00e1n Zetocha, b\u00fdval\u00fd \u0161\u00e9f finan\u010dnej spravodajskej jednotky NAKA, zn\u00e1my najm\u00e4 pre obvinenie v kauze O\u010distec a bl\u00edzkeho prepojenia s Norbertom B\u00f6d\u00f6rom. Pod\u013ea predsedu Na\u010fa ide o z\u00e1sadn\u00e9 bezpe\u010dnostn\u00e9 riziko a tento [&hellip;]","og_url":"https:\/\/www.smedemokrati.sk\/sv\/namestnikom-sis-ma-byt-bodorov-clovek\/","og_site_name":"Smedemokrati.sk","article_publisher":"https:\/\/www.facebook.com\/smedemokrati2023","article_published_time":"2024-01-05T08:34:47+00:00","article_modified_time":"2024-01-08T12:01:39+00:00","og_image":[{"width":2048,"height":1365,"url":"https:\/\/www.smedemokrati.sk\/wp-content\/uploads\/2023\/04\/JN_1-4.jpg","type":"image\/jpeg"}],"author":"Tom\u00e1\u0161 Koppl","twitter_card":"summary_large_image","twitter_misc":{"Skriven av":"Tom\u00e1\u0161 Koppl","Ber\u00e4knad l\u00e4stid":"2 minuter"},"schema":{"@context":"https:\/\/schema.org","@graph":[{"@type":"Article","@id":"https:\/\/www.smedemokrati.sk\/namestnikom-sis-ma-byt-bodorov-clovek\/#article","isPartOf":{"@id":"https:\/\/www.smedemokrati.sk\/namestnikom-sis-ma-byt-bodorov-clovek\/"},"author":{"name":"Tom\u00e1\u0161 Koppl","@id":"https:\/\/www.smedemokrati.sk\/#\/schema\/person\/c60720f4b9955b3c1ed222ebd1fbbc7c"},"headline":"N\u00e1mestn\u00edkom SIS m\u00e1 by\u0165\u00a0B\u00f6d\u00f6rov \u010dlovek","datePublished":"2024-01-05T08:34:47+00:00","dateModified":"2024-01-08T12:01:39+00:00","mainEntityOfPage":{"@id":"https:\/\/www.smedemokrati.sk\/namestnikom-sis-ma-byt-bodorov-clovek\/"},"wordCount":362,"publisher":{"@id":"https:\/\/www.smedemokrati.sk\/#organization"},"image":{"@id":"https:\/\/www.smedemokrati.sk\/namestnikom-sis-ma-byt-bodorov-clovek\/#primaryimage"},"thumbnailUrl":"https:\/\/www.smedemokrati.sk\/wp-content\/uploads\/2023\/04\/JN_1-4.jpg","articleSection":["Tla\u010dov\u00e9 spr\u00e1vy"],"inLanguage":"sv-SE"},{"@type":"WebPage","@id":"https:\/\/www.smedemokrati.sk\/namestnikom-sis-ma-byt-bodorov-clovek\/","url":"https:\/\/www.smedemokrati.sk\/namestnikom-sis-ma-byt-bodorov-clovek\/","name":"N\u00e1mestn\u00edkom SIS m\u00e1 by\u0165\u00a0B\u00f6d\u00f6rov \u010dlovek - Smedemokrati.sk","isPartOf":{"@id":"https:\/\/www.smedemokrati.sk\/#website"},"primaryImageOfPage":{"@id":"https:\/\/www.smedemokrati.sk\/namestnikom-sis-ma-byt-bodorov-clovek\/#primaryimage"},"image":{"@id":"https:\/\/www.smedemokrati.sk\/namestnikom-sis-ma-byt-bodorov-clovek\/#primaryimage"},"thumbnailUrl":"https:\/\/www.smedemokrati.sk\/wp-content\/uploads\/2023\/04\/JN_1-4.jpg","datePublished":"2024-01-05T08:34:47+00:00","dateModified":"2024-01-08T12:01:39+00:00","breadcrumb":{"@id":"https:\/\/www.smedemokrati.sk\/namestnikom-sis-ma-byt-bodorov-clovek\/#breadcrumb"},"inLanguage":"sv-SE","potentialAction":[{"@type":"ReadAction","target":["https:\/\/www.smedemokrati.sk\/namestnikom-sis-ma-byt-bodorov-clovek\/"]}]},{"@type":"ImageObject","inLanguage":"sv-SE","@id":"https:\/\/www.smedemokrati.sk\/namestnikom-sis-ma-byt-bodorov-clovek\/#primaryimage","url":"https:\/\/www.smedemokrati.sk\/wp-content\/uploads\/2023\/04\/JN_1-4.jpg","contentUrl":"https:\/\/www.smedemokrati.sk\/wp-content\/uploads\/2023\/04\/JN_1-4.jpg","width":2048,"height":1365},{"@type":"BreadcrumbList","@id":"https:\/\/www.smedemokrati.sk\/namestnikom-sis-ma-byt-bodorov-clovek\/#breadcrumb","itemListElement":[{"@type":"ListItem","position":1,"name":"Domovsk\u00e1 str\u00e1nka","item":"https:\/\/www.smedemokrati.sk\/"},{"@type":"ListItem","position":2,"name":"N\u00e1mestn\u00edkom SIS m\u00e1 by\u0165\u00a0B\u00f6d\u00f6rov \u010dlovek"}]},{"@type":"WebSite","@id":"https:\/\/www.smedemokrati.sk\/#website","url":"https:\/\/www.smedemokrati.sk\/","name":"Smedemokrati.sk","description":"Demokracia a slu\u0161nos\u0165 zv\u00ed\u0165az\u00ed","publisher":{"@id":"https:\/\/www.smedemokrati.sk\/#organization"},"potentialAction":[{"@type":"SearchAction","target":{"@type":"EntryPoint","urlTemplate":"https:\/\/www.smedemokrati.sk\/?s={search_term_string}"},"query-input":{"@type":"PropertyValueSpecification","valueRequired":true,"valueName":"search_term_string"}}],"inLanguage":"sv-SE"},{"@type":"Organization","@id":"https:\/\/www.smedemokrati.sk\/#organization","name":"Smedemokrati.sk","url":"https:\/\/www.smedemokrati.sk\/","logo":{"@type":"ImageObject","inLanguage":"sv-SE","@id":"https:\/\/www.smedemokrati.sk\/#\/schema\/logo\/image\/","url":"https:\/\/www.smedemokrati.sk\/wp-content\/uploads\/2023\/04\/ff.002.jpeg","contentUrl":"https:\/\/www.smedemokrati.sk\/wp-content\/uploads\/2023\/04\/ff.002.jpeg","width":640,"height":480,"caption":"Smedemokrati.sk"},"image":{"@id":"https:\/\/www.smedemokrati.sk\/#\/schema\/logo\/image\/"},"sameAs":["https:\/\/www.facebook.com\/smedemokrati2023"]},{"@type":"Person","@id":"https:\/\/www.smedemokrati.sk\/#\/schema\/person\/c60720f4b9955b3c1ed222ebd1fbbc7c","name":"Tom\u00e1\u0161 Koppl","image":{"@type":"ImageObject","inLanguage":"sv-SE","@id":"https:\/\/secure.gravatar.com\/avatar\/8dfa38373c5e39821baf74c8e867a6f12e12c6dab6559aa999d10703b0b1c4ce?s=96&d=mm&r=g","url":"https:\/\/secure.gravatar.com\/avatar\/8dfa38373c5e39821baf74c8e867a6f12e12c6dab6559aa999d10703b0b1c4ce?s=96&d=mm&r=g","contentUrl":"https:\/\/secure.gravatar.com\/avatar\/8dfa38373c5e39821baf74c8e867a6f12e12c6dab6559aa999d10703b0b1c4ce?s=96&d=mm&r=g","caption":"Tom\u00e1\u0161 Koppl"},"url":"https:\/\/www.smedemokrati.sk\/sv\/author\/tomaskoppl\/"}]}},"_links":{"self":[{"href":"https:\/\/www.smedemokrati.sk\/sv\/wp-json\/wp\/v2\/posts\/2467","targetHints":{"allow":["GET"]}}],"collection":[{"href":"https:\/\/www.smedemokrati.sk\/sv\/wp-json\/wp\/v2\/posts"}],"about":[{"href":"https:\/\/www.smedemokrati.sk\/sv\/wp-json\/wp\/v2\/types\/post"}],"author":[{"embeddable":true,"href":"https:\/\/www.smedemokrati.sk\/sv\/wp-json\/wp\/v2\/users\/7"}],"replies":[{"embeddable":true,"href":"https:\/\/www.smedemokrati.sk\/sv\/wp-json\/wp\/v2\/comments?post=2467"}],"version-history":[{"count":2,"href":"https:\/\/www.smedemokrati.sk\/sv\/wp-json\/wp\/v2\/posts\/2467\/revisions"}],"predecessor-version":[{"id":2469,"href":"https:\/\/www.smedemokrati.sk\/sv\/wp-json\/wp\/v2\/posts\/2467\/revisions\/2469"}],"wp:featuredmedia":[{"embeddable":true,"href":"https:\/\/www.smedemokrati.sk\/sv\/wp-json\/wp\/v2\/media\/414"}],"wp:attachment":[{"href":"https:\/\/www.smedemokrati.sk\/sv\/wp-json\/wp\/v2\/media?parent=2467"}],"wp:term":[{"taxonomy":"category","embeddable":true,"href":"https:\/\/www.smedemokrati.sk\/sv\/wp-json\/wp\/v2\/categories?post=2467"},{"taxonomy":"post_tag","embeddable":true,"href":"https:\/\/www.smedemokrati.sk\/sv\/wp-json\/wp\/v2\/tags?post=2467"}],"curies":[{"name":"wp","href":"https:\/\/api.w.org\/{rel}","templated":true}]}}