{"id":2454,"date":"2023-12-20T15:30:09","date_gmt":"2023-12-20T13:30:09","guid":{"rendered":"https:\/\/www.smedemokrati.sk\/?p=2454"},"modified":"2023-12-22T15:35:47","modified_gmt":"2023-12-22T13:35:47","slug":"zakon-roka-o-statnom-rozpocte-sa-meni-na-podvod-roka","status":"publish","type":"post","link":"https:\/\/www.smedemokrati.sk\/sv\/zakon-roka-o-statnom-rozpocte-sa-meni-na-podvod-roka\/","title":{"rendered":"Z\u00e1kon roka o \u0161t\u00e1tnom rozpo\u010dte sa men\u00ed na \u201ePodvod roka\u201c"},"content":{"rendered":"<div id=\"fb-root\"><\/div>\n\n<p><strong>Demokrati upozor\u0148uj\u00fa na z\u00e1va\u017en\u00e9 inform\u00e1cie okolo slovensk\u00e9ho \u0161t\u00e1tneho rozpo\u010dtu. Minister financi\u00ed Kamenick\u00fd chce \u0161ikovn\u00fdm \u00fa\u010dtovn\u00fdm trikom naoko vylep\u0161i\u0165 bud\u00facoro\u010dn\u00fd rozpo\u010det krajiny a pritom zav\u00e1dza\u0165 verejnos\u0165, ako sa vl\u00e1de R. Fica dar\u00ed finan\u010dne stabilizova\u0165 krajinu. Toto \u201ekreat\u00edvne\u201c \u00fa\u010dtovn\u00edctvo vl\u00e1dy SR si v\u0161ak v\u0161imol u\u017e aj Eurostat.<\/strong><\/p>\n\n\n\n<p>T\u00e9me sa bli\u017e\u0161ie venuje b\u00fdval\u00fd \u0161t\u00e1tny tajomn\u00edk ministerstva financi\u00ed \u013dubo\u0161 Jan\u010d\u00edk:\u00a0<em>\u201ePod\u013ea na\u0161ich inform\u00e1ci\u00ed z Eurostatu, \u0161tatistick\u00e9ho \u00faradu Eur\u00f3pskej \u00fanie, experti tejto in\u0161tit\u00facie pri posudzovan\u00ed n\u00e1vrhu n\u00e1\u0161ho rozpo\u010dtu rozhodli, \u017ee vy\u0161e miliardu eur, ktor\u00e9 na pomoc v boji s drah\u00fdmi energiami vyjednal od Eur\u00f3pskej komisie e\u0161te b\u00fdval\u00fd premi\u00e9r Eduard Heger, mus\u00ed Ficova vl\u00e1da za\u00fa\u010dtova\u0165 do tohto roka. O t\u00fato sumu n\u00e1m klesne rozpo\u010dtov\u00fd dlh tento rok, ke\u010f\u017ee n\u00e1klady na energopomoc n\u00e1m \u00fania v\u010faka Hegerovi preplat\u00ed zo spolo\u010dn\u00e9ho rozpo\u010dtu \u00fanie.\u201d<\/em><\/p>\n\n\n\n<p>Ficova vl\u00e1da v\u0161ak v z\u00e1kone roka navrhla, \u017ee sa to urob\u00ed inak. Tento rok takpovediac \u201eprifarbila na \u010dierno\u201d a bud\u00faci \u201cna ru\u017eovo\u201d. Spom\u00ednan\u00fa miliardu neza\u00fa\u010dtovala cel\u00fa do tohto roka tak, ako to predpokladaj\u00fa slovensk\u00e9 a \u00faniov\u00e9 pravidl\u00e1. Minister financi\u00ed Ladislav Kamenick\u00fd navrhol, \u017ee polovica zo spom\u00ednanej miliardy sa za\u00fa\u010dtuje na tento a polovica na bud\u00faci rok. Tento krok mu u\u017e odobrila aj vl\u00e1da SR.\u00a0<em>\u201eTak\u00fdmto rozpo\u010dtov\u00fdm trikom si chce vl\u00e1da vylep\u0161i\u0165 bud\u00facoro\u010dn\u00fd rozpo\u010dtov\u00fd deficit, zhor\u0161i\u0165 tohtoro\u010dn\u00fd a tv\u00e1ri\u0165 sa, \u017ee \u0161etr\u00ed. No nie je to ni\u010d in\u00e9 ako kreat\u00edvne \u00fa\u010dtovn\u00edctvo a rozpo\u010dtov\u00fd podvod, na ak\u00e9 sme zvyknut\u00ed u\u017e z \u010dias predch\u00e1dzaj\u00facich vl\u00e1d Roberta Fica,\u201c\u00a0<\/em>doplnil podpredseda Demokratov a exminister financi\u00ed Eduard Heger.<\/p>\n\n\n\n<p>Demokrati preto kon\u0161tatuj\u00fa, \u017ee minister Kamenick\u00fd \u00fa\u010dtovn\u00fdm podvodom prekr\u00fatil skuto\u010dn\u00fd obraz o rozpo\u010dte. Nakreslil do\u0148 deficit verejn\u00fdch financi\u00ed na bud\u00faci rok vo v\u00fd\u0161ke zhruba 5,97 % HDP (zhruba 7,8 miliardy eur) a tohtoro\u010dn\u00fd deficit umelo naf\u00fakol na 6,5 % HDP. Demokrati d\u00f4razne upozor\u0148uj\u00fa na klamliv\u00e9 tvrdenia vl\u00e1dnych predstavite\u013eov o tom, \u017ee vl\u00e1da vraj zni\u017euje deficit, ozdravuje verejn\u00e9 financie a br\u00e1ni tomu, aby Slovensko nezbankrotovalo, \u010do by viedlo k drastick\u00e9mu zn\u00ed\u017eeniu \u017eivotnej \u00farovne v\u0161etk\u00fdch \u013eud\u00ed.<\/p>\n\n\n\n<p>Pod\u013ea strany Kamenick\u00e9ho klamstvo nepriamo potvrdila aj N\u00e1rodn\u00e1 banka Slovenska. Odhaduje, \u017ee tento rok bude deficit verejn\u00fdch financi\u00ed skoro o percentu\u00e1lny bod ni\u017e\u0161\u00ed ne\u017e s\u00fa podvodn\u00e9 Kamenick\u00e9ho \u010d\u00edsla \u2013 zhruba 5,6 % HDP. Naopak, v bud\u00facom roku, podobne ako Eurostat, o\u010dak\u00e1va centr\u00e1lna banka n\u00e1rast deficitu na 6,4 % HDP, \u010do je a\u017e o desatinu viac ako hovor\u00ed Kamenick\u00fd s Ficom.&nbsp;<em>\u201eVl\u00e1da takto nekvalitne pripraven\u00fdm rozpo\u010dtom berie \u013eu\u010fom ich bud\u00face d\u00f4chodky, zvy\u0161uje pracuj\u00facim u\u017e aj tak dos\u0165 vysok\u00e9 mzdov\u00e9 odvody, zav\u00e1dza nov\u00e9 dane a poplatky a nehanebne podv\u00e1dza. Zahr\u00e1va s oh\u0148om a ohrozuje bud\u00facnos\u0165 Slovenska a jeho ob\u010danov,\u201c&nbsp;<\/em>uzavrel \u010dlen strany \u013dubo\u0161 Jan\u010d\u00edk.<\/p>\n","protected":false},"excerpt":{"rendered":"<p>Demokrati upozor\u0148uj\u00fa na z\u00e1va\u017en\u00e9 inform\u00e1cie okolo slovensk\u00e9ho \u0161t\u00e1tneho rozpo\u010dtu. Minister financi\u00ed Kamenick\u00fd chce \u0161ikovn\u00fdm \u00fa\u010dtovn\u00fdm trikom naoko vylep\u0161i\u0165 bud\u00facoro\u010dn\u00fd rozpo\u010det krajiny a pritom zav\u00e1dza\u0165 verejnos\u0165, ako sa vl\u00e1de R. Fica dar\u00ed finan\u010dne stabilizova\u0165 krajinu. Toto \u201ekreat\u00edvne\u201c \u00fa\u010dtovn\u00edctvo vl\u00e1dy SR si v\u0161ak v\u0161imol u\u017e aj Eurostat. T\u00e9me sa bli\u017e\u0161ie venuje b\u00fdval\u00fd \u0161t\u00e1tny tajomn\u00edk ministerstva financi\u00ed \u013dubo\u0161 [&hellip;]<\/p>\n","protected":false},"author":7,"featured_media":249,"comment_status":"closed","ping_status":"closed","sticky":false,"template":"","format":"standard","meta":{"_acf_changed":false,"ngg_post_thumbnail":0,"footnotes":""},"categories":[4],"tags":[],"class_list":["post-2454","post","type-post","status-publish","format-standard","has-post-thumbnail","hentry","category-tlacove-spravy"],"acf":[],"yoast_head":"<!-- This site is optimized with the Yoast SEO plugin v27.2 - https:\/\/yoast.com\/product\/yoast-seo-wordpress\/ -->\n<title>Z\u00e1kon roka o \u0161t\u00e1tnom rozpo\u010dte sa men\u00ed na \u201ePodvod roka\u201c - Smedemokrati.sk<\/title>\n<meta name=\"robots\" content=\"index, follow, max-snippet:-1, max-image-preview:large, max-video-preview:-1\" \/>\n<link rel=\"canonical\" href=\"https:\/\/www.smedemokrati.sk\/sv\/zakon-roka-o-statnom-rozpocte-sa-meni-na-podvod-roka\/\" \/>\n<meta property=\"og:locale\" content=\"sv_SE\" \/>\n<meta property=\"og:locale:alternate\" content=\"en_US\" \/>\n<meta property=\"og:locale:alternate\" content=\"cs_CZ\" \/>\n<meta property=\"og:locale:alternate\" content=\"hu_HU\" \/>\n<meta property=\"og:locale:alternate\" content=\"sk_SK\" \/>\n<meta property=\"og:type\" content=\"article\" \/>\n<meta property=\"og:title\" content=\"Z\u00e1kon roka o \u0161t\u00e1tnom rozpo\u010dte sa men\u00ed na \u201ePodvod roka\u201c - Smedemokrati.sk\" \/>\n<meta property=\"og:description\" content=\"Demokrati upozor\u0148uj\u00fa na z\u00e1va\u017en\u00e9 inform\u00e1cie okolo slovensk\u00e9ho \u0161t\u00e1tneho rozpo\u010dtu. Minister financi\u00ed Kamenick\u00fd chce \u0161ikovn\u00fdm \u00fa\u010dtovn\u00fdm trikom naoko vylep\u0161i\u0165 bud\u00facoro\u010dn\u00fd rozpo\u010det krajiny a pritom zav\u00e1dza\u0165 verejnos\u0165, ako sa vl\u00e1de R. Fica dar\u00ed finan\u010dne stabilizova\u0165 krajinu. Toto \u201ekreat\u00edvne\u201c \u00fa\u010dtovn\u00edctvo vl\u00e1dy SR si v\u0161ak v\u0161imol u\u017e aj Eurostat. T\u00e9me sa bli\u017e\u0161ie venuje b\u00fdval\u00fd \u0161t\u00e1tny tajomn\u00edk ministerstva financi\u00ed \u013dubo\u0161 [&hellip;]\" \/>\n<meta property=\"og:url\" content=\"https:\/\/www.smedemokrati.sk\/sv\/zakon-roka-o-statnom-rozpocte-sa-meni-na-podvod-roka\/\" \/>\n<meta property=\"og:site_name\" content=\"Smedemokrati.sk\" \/>\n<meta property=\"article:publisher\" content=\"https:\/\/www.facebook.com\/smedemokrati2023\" \/>\n<meta property=\"article:published_time\" content=\"2023-12-20T13:30:09+00:00\" \/>\n<meta property=\"article:modified_time\" content=\"2023-12-22T13:35:47+00:00\" \/>\n<meta property=\"og:image\" content=\"https:\/\/www.smedemokrati.sk\/wp-content\/uploads\/2023\/04\/EH.jpg\" \/>\n\t<meta property=\"og:image:width\" content=\"1520\" \/>\n\t<meta property=\"og:image:height\" content=\"1080\" \/>\n\t<meta property=\"og:image:type\" content=\"image\/jpeg\" \/>\n<meta name=\"author\" content=\"Tom\u00e1\u0161 Koppl\" \/>\n<meta name=\"twitter:card\" content=\"summary_large_image\" \/>\n<meta name=\"twitter:label1\" content=\"Skriven av\" \/>\n\t<meta name=\"twitter:data1\" content=\"Tom\u00e1\u0161 Koppl\" \/>\n\t<meta name=\"twitter:label2\" content=\"Ber\u00e4knad l\u00e4stid\" \/>\n\t<meta name=\"twitter:data2\" content=\"3 minuter\" \/>\n<script type=\"application\/ld+json\" class=\"yoast-schema-graph\">{\"@context\":\"https:\/\/schema.org\",\"@graph\":[{\"@type\":\"Article\",\"@id\":\"https:\/\/www.smedemokrati.sk\/zakon-roka-o-statnom-rozpocte-sa-meni-na-podvod-roka\/#article\",\"isPartOf\":{\"@id\":\"https:\/\/www.smedemokrati.sk\/zakon-roka-o-statnom-rozpocte-sa-meni-na-podvod-roka\/\"},\"author\":{\"name\":\"Tom\u00e1\u0161 Koppl\",\"@id\":\"https:\/\/www.smedemokrati.sk\/#\/schema\/person\/c60720f4b9955b3c1ed222ebd1fbbc7c\"},\"headline\":\"Z\u00e1kon roka o \u0161t\u00e1tnom rozpo\u010dte sa men\u00ed na \u201ePodvod roka\u201c\",\"datePublished\":\"2023-12-20T13:30:09+00:00\",\"dateModified\":\"2023-12-22T13:35:47+00:00\",\"mainEntityOfPage\":{\"@id\":\"https:\/\/www.smedemokrati.sk\/zakon-roka-o-statnom-rozpocte-sa-meni-na-podvod-roka\/\"},\"wordCount\":547,\"publisher\":{\"@id\":\"https:\/\/www.smedemokrati.sk\/#organization\"},\"image\":{\"@id\":\"https:\/\/www.smedemokrati.sk\/zakon-roka-o-statnom-rozpocte-sa-meni-na-podvod-roka\/#primaryimage\"},\"thumbnailUrl\":\"https:\/\/www.smedemokrati.sk\/wp-content\/uploads\/2023\/04\/EH.jpg\",\"articleSection\":[\"Tla\u010dov\u00e9 spr\u00e1vy\"],\"inLanguage\":\"sv-SE\"},{\"@type\":\"WebPage\",\"@id\":\"https:\/\/www.smedemokrati.sk\/zakon-roka-o-statnom-rozpocte-sa-meni-na-podvod-roka\/\",\"url\":\"https:\/\/www.smedemokrati.sk\/zakon-roka-o-statnom-rozpocte-sa-meni-na-podvod-roka\/\",\"name\":\"Z\u00e1kon roka o \u0161t\u00e1tnom rozpo\u010dte sa men\u00ed na \u201ePodvod roka\u201c - Smedemokrati.sk\",\"isPartOf\":{\"@id\":\"https:\/\/www.smedemokrati.sk\/#website\"},\"primaryImageOfPage\":{\"@id\":\"https:\/\/www.smedemokrati.sk\/zakon-roka-o-statnom-rozpocte-sa-meni-na-podvod-roka\/#primaryimage\"},\"image\":{\"@id\":\"https:\/\/www.smedemokrati.sk\/zakon-roka-o-statnom-rozpocte-sa-meni-na-podvod-roka\/#primaryimage\"},\"thumbnailUrl\":\"https:\/\/www.smedemokrati.sk\/wp-content\/uploads\/2023\/04\/EH.jpg\",\"datePublished\":\"2023-12-20T13:30:09+00:00\",\"dateModified\":\"2023-12-22T13:35:47+00:00\",\"breadcrumb\":{\"@id\":\"https:\/\/www.smedemokrati.sk\/zakon-roka-o-statnom-rozpocte-sa-meni-na-podvod-roka\/#breadcrumb\"},\"inLanguage\":\"sv-SE\",\"potentialAction\":[{\"@type\":\"ReadAction\",\"target\":[\"https:\/\/www.smedemokrati.sk\/zakon-roka-o-statnom-rozpocte-sa-meni-na-podvod-roka\/\"]}]},{\"@type\":\"ImageObject\",\"inLanguage\":\"sv-SE\",\"@id\":\"https:\/\/www.smedemokrati.sk\/zakon-roka-o-statnom-rozpocte-sa-meni-na-podvod-roka\/#primaryimage\",\"url\":\"https:\/\/www.smedemokrati.sk\/wp-content\/uploads\/2023\/04\/EH.jpg\",\"contentUrl\":\"https:\/\/www.smedemokrati.sk\/wp-content\/uploads\/2023\/04\/EH.jpg\",\"width\":1520,\"height\":1080},{\"@type\":\"BreadcrumbList\",\"@id\":\"https:\/\/www.smedemokrati.sk\/zakon-roka-o-statnom-rozpocte-sa-meni-na-podvod-roka\/#breadcrumb\",\"itemListElement\":[{\"@type\":\"ListItem\",\"position\":1,\"name\":\"Domovsk\u00e1 str\u00e1nka\",\"item\":\"https:\/\/www.smedemokrati.sk\/\"},{\"@type\":\"ListItem\",\"position\":2,\"name\":\"Z\u00e1kon roka o \u0161t\u00e1tnom rozpo\u010dte sa men\u00ed na \u201ePodvod roka\u201c\"}]},{\"@type\":\"WebSite\",\"@id\":\"https:\/\/www.smedemokrati.sk\/#website\",\"url\":\"https:\/\/www.smedemokrati.sk\/\",\"name\":\"Smedemokrati.sk\",\"description\":\"Demokracia a slu\u0161nos\u0165 zv\u00ed\u0165az\u00ed\",\"publisher\":{\"@id\":\"https:\/\/www.smedemokrati.sk\/#organization\"},\"potentialAction\":[{\"@type\":\"SearchAction\",\"target\":{\"@type\":\"EntryPoint\",\"urlTemplate\":\"https:\/\/www.smedemokrati.sk\/?s={search_term_string}\"},\"query-input\":{\"@type\":\"PropertyValueSpecification\",\"valueRequired\":true,\"valueName\":\"search_term_string\"}}],\"inLanguage\":\"sv-SE\"},{\"@type\":\"Organization\",\"@id\":\"https:\/\/www.smedemokrati.sk\/#organization\",\"name\":\"Smedemokrati.sk\",\"url\":\"https:\/\/www.smedemokrati.sk\/\",\"logo\":{\"@type\":\"ImageObject\",\"inLanguage\":\"sv-SE\",\"@id\":\"https:\/\/www.smedemokrati.sk\/#\/schema\/logo\/image\/\",\"url\":\"https:\/\/www.smedemokrati.sk\/wp-content\/uploads\/2023\/04\/ff.002.jpeg\",\"contentUrl\":\"https:\/\/www.smedemokrati.sk\/wp-content\/uploads\/2023\/04\/ff.002.jpeg\",\"width\":640,\"height\":480,\"caption\":\"Smedemokrati.sk\"},\"image\":{\"@id\":\"https:\/\/www.smedemokrati.sk\/#\/schema\/logo\/image\/\"},\"sameAs\":[\"https:\/\/www.facebook.com\/smedemokrati2023\"]},{\"@type\":\"Person\",\"@id\":\"https:\/\/www.smedemokrati.sk\/#\/schema\/person\/c60720f4b9955b3c1ed222ebd1fbbc7c\",\"name\":\"Tom\u00e1\u0161 Koppl\",\"image\":{\"@type\":\"ImageObject\",\"inLanguage\":\"sv-SE\",\"@id\":\"https:\/\/secure.gravatar.com\/avatar\/8dfa38373c5e39821baf74c8e867a6f12e12c6dab6559aa999d10703b0b1c4ce?s=96&d=mm&r=g\",\"url\":\"https:\/\/secure.gravatar.com\/avatar\/8dfa38373c5e39821baf74c8e867a6f12e12c6dab6559aa999d10703b0b1c4ce?s=96&d=mm&r=g\",\"contentUrl\":\"https:\/\/secure.gravatar.com\/avatar\/8dfa38373c5e39821baf74c8e867a6f12e12c6dab6559aa999d10703b0b1c4ce?s=96&d=mm&r=g\",\"caption\":\"Tom\u00e1\u0161 Koppl\"},\"url\":\"https:\/\/www.smedemokrati.sk\/sv\/author\/tomaskoppl\/\"}]}<\/script>\n<!-- \/ Yoast SEO plugin. -->","yoast_head_json":{"title":"Z\u00e1kon roka o \u0161t\u00e1tnom rozpo\u010dte sa men\u00ed na \u201ePodvod roka\u201c - Smedemokrati.sk","robots":{"index":"index","follow":"follow","max-snippet":"max-snippet:-1","max-image-preview":"max-image-preview:large","max-video-preview":"max-video-preview:-1"},"canonical":"https:\/\/www.smedemokrati.sk\/sv\/zakon-roka-o-statnom-rozpocte-sa-meni-na-podvod-roka\/","og_locale":"sv_SE","og_type":"article","og_title":"Z\u00e1kon roka o \u0161t\u00e1tnom rozpo\u010dte sa men\u00ed na \u201ePodvod roka\u201c - Smedemokrati.sk","og_description":"Demokrati upozor\u0148uj\u00fa na z\u00e1va\u017en\u00e9 inform\u00e1cie okolo slovensk\u00e9ho \u0161t\u00e1tneho rozpo\u010dtu. Minister financi\u00ed Kamenick\u00fd chce \u0161ikovn\u00fdm \u00fa\u010dtovn\u00fdm trikom naoko vylep\u0161i\u0165 bud\u00facoro\u010dn\u00fd rozpo\u010det krajiny a pritom zav\u00e1dza\u0165 verejnos\u0165, ako sa vl\u00e1de R. Fica dar\u00ed finan\u010dne stabilizova\u0165 krajinu. Toto \u201ekreat\u00edvne\u201c \u00fa\u010dtovn\u00edctvo vl\u00e1dy SR si v\u0161ak v\u0161imol u\u017e aj Eurostat. T\u00e9me sa bli\u017e\u0161ie venuje b\u00fdval\u00fd \u0161t\u00e1tny tajomn\u00edk ministerstva financi\u00ed \u013dubo\u0161 [&hellip;]","og_url":"https:\/\/www.smedemokrati.sk\/sv\/zakon-roka-o-statnom-rozpocte-sa-meni-na-podvod-roka\/","og_site_name":"Smedemokrati.sk","article_publisher":"https:\/\/www.facebook.com\/smedemokrati2023","article_published_time":"2023-12-20T13:30:09+00:00","article_modified_time":"2023-12-22T13:35:47+00:00","og_image":[{"width":1520,"height":1080,"url":"https:\/\/www.smedemokrati.sk\/wp-content\/uploads\/2023\/04\/EH.jpg","type":"image\/jpeg"}],"author":"Tom\u00e1\u0161 Koppl","twitter_card":"summary_large_image","twitter_misc":{"Skriven av":"Tom\u00e1\u0161 Koppl","Ber\u00e4knad l\u00e4stid":"3 minuter"},"schema":{"@context":"https:\/\/schema.org","@graph":[{"@type":"Article","@id":"https:\/\/www.smedemokrati.sk\/zakon-roka-o-statnom-rozpocte-sa-meni-na-podvod-roka\/#article","isPartOf":{"@id":"https:\/\/www.smedemokrati.sk\/zakon-roka-o-statnom-rozpocte-sa-meni-na-podvod-roka\/"},"author":{"name":"Tom\u00e1\u0161 Koppl","@id":"https:\/\/www.smedemokrati.sk\/#\/schema\/person\/c60720f4b9955b3c1ed222ebd1fbbc7c"},"headline":"Z\u00e1kon roka o \u0161t\u00e1tnom rozpo\u010dte sa men\u00ed na \u201ePodvod roka\u201c","datePublished":"2023-12-20T13:30:09+00:00","dateModified":"2023-12-22T13:35:47+00:00","mainEntityOfPage":{"@id":"https:\/\/www.smedemokrati.sk\/zakon-roka-o-statnom-rozpocte-sa-meni-na-podvod-roka\/"},"wordCount":547,"publisher":{"@id":"https:\/\/www.smedemokrati.sk\/#organization"},"image":{"@id":"https:\/\/www.smedemokrati.sk\/zakon-roka-o-statnom-rozpocte-sa-meni-na-podvod-roka\/#primaryimage"},"thumbnailUrl":"https:\/\/www.smedemokrati.sk\/wp-content\/uploads\/2023\/04\/EH.jpg","articleSection":["Tla\u010dov\u00e9 spr\u00e1vy"],"inLanguage":"sv-SE"},{"@type":"WebPage","@id":"https:\/\/www.smedemokrati.sk\/zakon-roka-o-statnom-rozpocte-sa-meni-na-podvod-roka\/","url":"https:\/\/www.smedemokrati.sk\/zakon-roka-o-statnom-rozpocte-sa-meni-na-podvod-roka\/","name":"Z\u00e1kon roka o \u0161t\u00e1tnom rozpo\u010dte sa men\u00ed na \u201ePodvod roka\u201c - Smedemokrati.sk","isPartOf":{"@id":"https:\/\/www.smedemokrati.sk\/#website"},"primaryImageOfPage":{"@id":"https:\/\/www.smedemokrati.sk\/zakon-roka-o-statnom-rozpocte-sa-meni-na-podvod-roka\/#primaryimage"},"image":{"@id":"https:\/\/www.smedemokrati.sk\/zakon-roka-o-statnom-rozpocte-sa-meni-na-podvod-roka\/#primaryimage"},"thumbnailUrl":"https:\/\/www.smedemokrati.sk\/wp-content\/uploads\/2023\/04\/EH.jpg","datePublished":"2023-12-20T13:30:09+00:00","dateModified":"2023-12-22T13:35:47+00:00","breadcrumb":{"@id":"https:\/\/www.smedemokrati.sk\/zakon-roka-o-statnom-rozpocte-sa-meni-na-podvod-roka\/#breadcrumb"},"inLanguage":"sv-SE","potentialAction":[{"@type":"ReadAction","target":["https:\/\/www.smedemokrati.sk\/zakon-roka-o-statnom-rozpocte-sa-meni-na-podvod-roka\/"]}]},{"@type":"ImageObject","inLanguage":"sv-SE","@id":"https:\/\/www.smedemokrati.sk\/zakon-roka-o-statnom-rozpocte-sa-meni-na-podvod-roka\/#primaryimage","url":"https:\/\/www.smedemokrati.sk\/wp-content\/uploads\/2023\/04\/EH.jpg","contentUrl":"https:\/\/www.smedemokrati.sk\/wp-content\/uploads\/2023\/04\/EH.jpg","width":1520,"height":1080},{"@type":"BreadcrumbList","@id":"https:\/\/www.smedemokrati.sk\/zakon-roka-o-statnom-rozpocte-sa-meni-na-podvod-roka\/#breadcrumb","itemListElement":[{"@type":"ListItem","position":1,"name":"Domovsk\u00e1 str\u00e1nka","item":"https:\/\/www.smedemokrati.sk\/"},{"@type":"ListItem","position":2,"name":"Z\u00e1kon roka o \u0161t\u00e1tnom rozpo\u010dte sa men\u00ed na \u201ePodvod roka\u201c"}]},{"@type":"WebSite","@id":"https:\/\/www.smedemokrati.sk\/#website","url":"https:\/\/www.smedemokrati.sk\/","name":"Smedemokrati.sk","description":"Demokracia a slu\u0161nos\u0165 zv\u00ed\u0165az\u00ed","publisher":{"@id":"https:\/\/www.smedemokrati.sk\/#organization"},"potentialAction":[{"@type":"SearchAction","target":{"@type":"EntryPoint","urlTemplate":"https:\/\/www.smedemokrati.sk\/?s={search_term_string}"},"query-input":{"@type":"PropertyValueSpecification","valueRequired":true,"valueName":"search_term_string"}}],"inLanguage":"sv-SE"},{"@type":"Organization","@id":"https:\/\/www.smedemokrati.sk\/#organization","name":"Smedemokrati.sk","url":"https:\/\/www.smedemokrati.sk\/","logo":{"@type":"ImageObject","inLanguage":"sv-SE","@id":"https:\/\/www.smedemokrati.sk\/#\/schema\/logo\/image\/","url":"https:\/\/www.smedemokrati.sk\/wp-content\/uploads\/2023\/04\/ff.002.jpeg","contentUrl":"https:\/\/www.smedemokrati.sk\/wp-content\/uploads\/2023\/04\/ff.002.jpeg","width":640,"height":480,"caption":"Smedemokrati.sk"},"image":{"@id":"https:\/\/www.smedemokrati.sk\/#\/schema\/logo\/image\/"},"sameAs":["https:\/\/www.facebook.com\/smedemokrati2023"]},{"@type":"Person","@id":"https:\/\/www.smedemokrati.sk\/#\/schema\/person\/c60720f4b9955b3c1ed222ebd1fbbc7c","name":"Tom\u00e1\u0161 Koppl","image":{"@type":"ImageObject","inLanguage":"sv-SE","@id":"https:\/\/secure.gravatar.com\/avatar\/8dfa38373c5e39821baf74c8e867a6f12e12c6dab6559aa999d10703b0b1c4ce?s=96&d=mm&r=g","url":"https:\/\/secure.gravatar.com\/avatar\/8dfa38373c5e39821baf74c8e867a6f12e12c6dab6559aa999d10703b0b1c4ce?s=96&d=mm&r=g","contentUrl":"https:\/\/secure.gravatar.com\/avatar\/8dfa38373c5e39821baf74c8e867a6f12e12c6dab6559aa999d10703b0b1c4ce?s=96&d=mm&r=g","caption":"Tom\u00e1\u0161 Koppl"},"url":"https:\/\/www.smedemokrati.sk\/sv\/author\/tomaskoppl\/"}]}},"_links":{"self":[{"href":"https:\/\/www.smedemokrati.sk\/sv\/wp-json\/wp\/v2\/posts\/2454","targetHints":{"allow":["GET"]}}],"collection":[{"href":"https:\/\/www.smedemokrati.sk\/sv\/wp-json\/wp\/v2\/posts"}],"about":[{"href":"https:\/\/www.smedemokrati.sk\/sv\/wp-json\/wp\/v2\/types\/post"}],"author":[{"embeddable":true,"href":"https:\/\/www.smedemokrati.sk\/sv\/wp-json\/wp\/v2\/users\/7"}],"replies":[{"embeddable":true,"href":"https:\/\/www.smedemokrati.sk\/sv\/wp-json\/wp\/v2\/comments?post=2454"}],"version-history":[{"count":1,"href":"https:\/\/www.smedemokrati.sk\/sv\/wp-json\/wp\/v2\/posts\/2454\/revisions"}],"predecessor-version":[{"id":2455,"href":"https:\/\/www.smedemokrati.sk\/sv\/wp-json\/wp\/v2\/posts\/2454\/revisions\/2455"}],"wp:featuredmedia":[{"embeddable":true,"href":"https:\/\/www.smedemokrati.sk\/sv\/wp-json\/wp\/v2\/media\/249"}],"wp:attachment":[{"href":"https:\/\/www.smedemokrati.sk\/sv\/wp-json\/wp\/v2\/media?parent=2454"}],"wp:term":[{"taxonomy":"category","embeddable":true,"href":"https:\/\/www.smedemokrati.sk\/sv\/wp-json\/wp\/v2\/categories?post=2454"},{"taxonomy":"post_tag","embeddable":true,"href":"https:\/\/www.smedemokrati.sk\/sv\/wp-json\/wp\/v2\/tags?post=2454"}],"curies":[{"name":"wp","href":"https:\/\/api.w.org\/{rel}","templated":true}]}}