{"id":2393,"date":"2023-12-05T15:18:33","date_gmt":"2023-12-05T13:18:33","guid":{"rendered":"https:\/\/www.smedemokrati.sk\/?p=2393"},"modified":"2023-12-05T15:39:43","modified_gmt":"2023-12-05T13:39:43","slug":"heger-sa-stretol-s-komisarom-pre-spravodlivost-informoval-ho-o-prepojeniach-vlady-na-najvacsie-kauzy","status":"publish","type":"post","link":"https:\/\/www.smedemokrati.sk\/sv\/heger-sa-stretol-s-komisarom-pre-spravodlivost-informoval-ho-o-prepojeniach-vlady-na-najvacsie-kauzy\/","title":{"rendered":"Heger sa stretol s komis\u00e1rom pre spravodlivos\u0165, informoval ho o prepojeniach vl\u00e1dy na najv\u00e4\u010d\u0161ie kauzy"},"content":{"rendered":"<div id=\"fb-root\"><\/div>\n\n<p><em><strong>Podpredseda Demokratov Eduard Heger v Bruseli rokoval s Didierom Reyndersom, komis\u00e1rom Eur\u00f3pskej komisie pre spravodlivos\u0165. T\u00e9mou rozhovoru bol avizovan\u00fd krok vl\u00e1dy Roberta Fica, a to zru\u0161enie \u00daradu \u0161peci\u00e1lnej prokurat\u00fary (\u00da\u0160P) a \u0160pecializovan\u00e9ho trestn\u00e9ho s\u00fadu (\u0160TS).<\/strong><\/em><\/p>\n\n\n\n<p>Demokrati podnikaj\u00fa v\u0161etko pre to, aby d\u00f4razne upozornili verejnos\u0165 a tie\u017e kompetentn\u00fdch na nebezpe\u010dn\u00e9 z\u00e1mery Ficovho kabinetu. Ten pod falo\u0161n\u00fdmi z\u00e1mienkami \u201enevinnej\u201c reorganiz\u00e1cie, chce de facto zru\u0161i\u0165 nez\u00e1visl\u00e9 in\u0161tit\u00facie, ktor\u00e9 rozhoduj\u00fa o najz\u00e1va\u017enej\u0161\u00edch trestn\u00fdch \u010dinoch. Aj tak\u00fdch, ktor\u00e9 sa sp\u00e1jaj\u00fa s vl\u00e1dnymi predstavite\u013emi.&nbsp;<em>\u201eKomis\u00e1rovi Reyndersovi som poskytol pravdiv\u00e9 a ve\u013emi faktick\u00e9 inform\u00e1cie o kauz\u00e1ch jednotliv\u00fdch nominantov Roberta Fica, Andreja Danka a Petra Pellegriniho. M\u00f4\u017eem potvrdi\u0165, \u017ee komis\u00e1r bol v t\u00e9mach ve\u013emi zorientovan\u00fd a v drvivej v\u00e4\u010d\u0161ine poznal okolnosti a prepojenia jednotliv\u00fdch pr\u00edpadov na vl\u00e1du SR, \u010do n\u00e1s ako krajinu \u017eia\u013e, te\u0161i\u0165 nem\u00f4\u017ee. Komis\u00e1r ocenil n\u00e1\u0161 z\u00e1ujem a anga\u017eovanos\u0165 v tak z\u00e1sadnej veci a pris\u013e\u00fabil mi, \u017ee pri svojom stanovisku k veci bud\u00fa zoh\u013ead\u0148ova\u0165 aj okolnosti, ktor\u00e9 som mu uviedol,\u201d&nbsp;<\/em>okomentoval priebeh rozhovoru Heger a zd\u00f4raznil tie\u017e, \u017ee komis\u00e1r Reynders bol prekvapen\u00fd r\u00fdchlos\u0165ou, akou Robert Fico pristupuje k tejto avizovanej zmene a spomenul, \u017ee s\u00fa\u010dasn\u00fd premi\u00e9r SR nepri\u0161iel do Bruselu so \u017eiadnym konkr\u00e9tnym n\u00e1vrhom.<\/p>\n\n\n\n<p>Heger z\u00e1rove\u0148 kritizuje sp\u00f4sob, ak\u00fdm sa R. Fico sna\u017e\u00ed dosiahnu\u0165 svoj z\u00e1mer a ozna\u010duje ho minim\u00e1lne z mor\u00e1lneho h\u013eadiska pod \u00farove\u0148 \u0161tvorn\u00e1sobn\u00e9ho premi\u00e9ra:\u00a0<em>\u201eSpome\u0148te si, ke\u010f opozi\u010dn\u00fd SMER na protestoch bojkotoval rozhodnutia mojej vl\u00e1dy, preto\u017ee ich nepova\u017eoval za dostato\u010dne prediskutovan\u00e9 s verejnos\u0165ou. A \u010do urob\u00ed Fico ako prv\u00e9 teraz? Ide potichu do Bruselu, na ktor\u00fd nad\u00e1va, no kde potajme zis\u0165uje a ob\u0161liapava si stanovisko zodpovedn\u00fdch predstavite\u013eov a pros\u00ed ich, aby mu odobrili zru\u0161enie na\u0161ich dobre funguj\u00facich a nez\u00e1visl\u00fdch in\u0161tit\u00faci\u00ed. A to v\u0161etko len preto, lebo si potrebuje ochr\u00e1ni\u0165 svoju beztrestnos\u0165,\u201d<\/em>\u00a0zhrnul Heger a zd\u00f4raznil, \u017ee strana Demokrati vyv\u00edja maxim\u00e1lne \u00fasilie na z\u00e1chranu ochrany slob\u00f4d a demokracie na Slovensku a mrz\u00ed ho, \u017ee tak nerob\u00ed zvy\u0161ok parlamentnej opoz\u00edcie. Ide pritom o z\u00e1sadn\u00fa t\u00e9mu, preto\u017ee Ficove kroky smerom k \u00da\u0160P m\u00f4\u017eu z\u00e1sadne ohrozi\u0165 \u010derpanie eurofondov a rating Slovenska v zahrani\u010d\u00ed. Osobn\u00e1 pomsta Roberta Fica m\u00f4\u017ee st\u00e1\u0165 Slovensko miliardy eur.\u00a0<\/p>\n\n\n\n<figure class=\"wp-block-image size-large\"><img decoding=\"async\" width=\"925\" height=\"1024\" src=\"https:\/\/www.smedemokrati.sk\/wp-content\/uploads\/2023\/12\/image0-925x1024.jpeg\" alt=\"\" class=\"wp-image-2396\" srcset=\"https:\/\/www.smedemokrati.sk\/wp-content\/uploads\/2023\/12\/image0-925x1024.jpeg 925w, https:\/\/www.smedemokrati.sk\/wp-content\/uploads\/2023\/12\/image0-271x300.jpeg 271w, https:\/\/www.smedemokrati.sk\/wp-content\/uploads\/2023\/12\/image0-768x850.jpeg 768w, https:\/\/www.smedemokrati.sk\/wp-content\/uploads\/2023\/12\/image0.jpeg 1151w\" sizes=\"(max-width: 925px) 100vw, 925px\" \/><\/figure>\n\n\n\n<figure class=\"wp-block-video\"><video height=\"360\" style=\"aspect-ratio: 640 \/ 360;\" width=\"640\" controls src=\"https:\/\/www.smedemokrati.sk\/wp-content\/uploads\/2023\/12\/IMG_4708.mp4\"><\/video><\/figure>\n","protected":false},"excerpt":{"rendered":"<p>Podpredseda Demokratov Eduard Heger v Bruseli rokoval s Didierom Reyndersom, komis\u00e1rom Eur\u00f3pskej komisie pre spravodlivos\u0165. T\u00e9mou rozhovoru bol avizovan\u00fd krok vl\u00e1dy Roberta Fica, a to zru\u0161enie \u00daradu \u0161peci\u00e1lnej prokurat\u00fary (\u00da\u0160P) a \u0160pecializovan\u00e9ho trestn\u00e9ho s\u00fadu (\u0160TS). Demokrati podnikaj\u00fa v\u0161etko pre to, aby d\u00f4razne upozornili verejnos\u0165 a tie\u017e kompetentn\u00fdch na nebezpe\u010dn\u00e9 z\u00e1mery Ficovho kabinetu. Ten pod falo\u0161n\u00fdmi [&hellip;]<\/p>\n","protected":false},"author":7,"featured_media":249,"comment_status":"closed","ping_status":"closed","sticky":false,"template":"","format":"standard","meta":{"_acf_changed":false,"ngg_post_thumbnail":0,"footnotes":""},"categories":[4],"tags":[],"class_list":["post-2393","post","type-post","status-publish","format-standard","has-post-thumbnail","hentry","category-tlacove-spravy"],"acf":[],"yoast_head":"<!-- This site is optimized with the Yoast SEO plugin v27.2 - https:\/\/yoast.com\/product\/yoast-seo-wordpress\/ -->\n<title>Heger sa stretol s komis\u00e1rom pre spravodlivos\u0165, informoval ho o prepojeniach vl\u00e1dy na najv\u00e4\u010d\u0161ie kauzy - Smedemokrati.sk<\/title>\n<meta name=\"robots\" content=\"index, follow, max-snippet:-1, max-image-preview:large, max-video-preview:-1\" \/>\n<link rel=\"canonical\" href=\"https:\/\/www.smedemokrati.sk\/sv\/heger-sa-stretol-s-komisarom-pre-spravodlivost-informoval-ho-o-prepojeniach-vlady-na-najvacsie-kauzy\/\" \/>\n<meta property=\"og:locale\" content=\"sv_SE\" \/>\n<meta property=\"og:locale:alternate\" content=\"en_US\" \/>\n<meta property=\"og:locale:alternate\" content=\"cs_CZ\" \/>\n<meta property=\"og:locale:alternate\" content=\"hu_HU\" \/>\n<meta property=\"og:locale:alternate\" content=\"sk_SK\" \/>\n<meta property=\"og:type\" content=\"article\" \/>\n<meta property=\"og:title\" content=\"Heger sa stretol s komis\u00e1rom pre spravodlivos\u0165, informoval ho o prepojeniach vl\u00e1dy na najv\u00e4\u010d\u0161ie kauzy - Smedemokrati.sk\" \/>\n<meta property=\"og:description\" content=\"Podpredseda Demokratov Eduard Heger v Bruseli rokoval s Didierom Reyndersom, komis\u00e1rom Eur\u00f3pskej komisie pre spravodlivos\u0165. T\u00e9mou rozhovoru bol avizovan\u00fd krok vl\u00e1dy Roberta Fica, a to zru\u0161enie \u00daradu \u0161peci\u00e1lnej prokurat\u00fary (\u00da\u0160P) a \u0160pecializovan\u00e9ho trestn\u00e9ho s\u00fadu (\u0160TS). Demokrati podnikaj\u00fa v\u0161etko pre to, aby d\u00f4razne upozornili verejnos\u0165 a tie\u017e kompetentn\u00fdch na nebezpe\u010dn\u00e9 z\u00e1mery Ficovho kabinetu. Ten pod falo\u0161n\u00fdmi [&hellip;]\" \/>\n<meta property=\"og:url\" content=\"https:\/\/www.smedemokrati.sk\/sv\/heger-sa-stretol-s-komisarom-pre-spravodlivost-informoval-ho-o-prepojeniach-vlady-na-najvacsie-kauzy\/\" \/>\n<meta property=\"og:site_name\" content=\"Smedemokrati.sk\" \/>\n<meta property=\"article:publisher\" content=\"https:\/\/www.facebook.com\/smedemokrati2023\" \/>\n<meta property=\"article:published_time\" content=\"2023-12-05T13:18:33+00:00\" \/>\n<meta property=\"article:modified_time\" content=\"2023-12-05T13:39:43+00:00\" \/>\n<meta property=\"og:image\" content=\"https:\/\/www.smedemokrati.sk\/wp-content\/uploads\/2023\/04\/EH.jpg\" \/>\n\t<meta property=\"og:image:width\" content=\"1520\" \/>\n\t<meta property=\"og:image:height\" content=\"1080\" \/>\n\t<meta property=\"og:image:type\" content=\"image\/jpeg\" \/>\n<meta name=\"author\" content=\"Tom\u00e1\u0161 Koppl\" \/>\n<meta name=\"twitter:card\" content=\"summary_large_image\" \/>\n<meta name=\"twitter:label1\" content=\"Skriven av\" \/>\n\t<meta name=\"twitter:data1\" content=\"Tom\u00e1\u0161 Koppl\" \/>\n\t<meta name=\"twitter:label2\" content=\"Ber\u00e4knad l\u00e4stid\" \/>\n\t<meta name=\"twitter:data2\" content=\"3 minuter\" \/>\n<script type=\"application\/ld+json\" class=\"yoast-schema-graph\">{\"@context\":\"https:\/\/schema.org\",\"@graph\":[{\"@type\":\"Article\",\"@id\":\"https:\/\/www.smedemokrati.sk\/heger-sa-stretol-s-komisarom-pre-spravodlivost-informoval-ho-o-prepojeniach-vlady-na-najvacsie-kauzy\/#article\",\"isPartOf\":{\"@id\":\"https:\/\/www.smedemokrati.sk\/heger-sa-stretol-s-komisarom-pre-spravodlivost-informoval-ho-o-prepojeniach-vlady-na-najvacsie-kauzy\/\"},\"author\":{\"name\":\"Tom\u00e1\u0161 Koppl\",\"@id\":\"https:\/\/www.smedemokrati.sk\/#\/schema\/person\/c60720f4b9955b3c1ed222ebd1fbbc7c\"},\"headline\":\"Heger sa stretol s komis\u00e1rom pre spravodlivos\u0165, informoval ho o prepojeniach vl\u00e1dy na najv\u00e4\u010d\u0161ie kauzy\",\"datePublished\":\"2023-12-05T13:18:33+00:00\",\"dateModified\":\"2023-12-05T13:39:43+00:00\",\"mainEntityOfPage\":{\"@id\":\"https:\/\/www.smedemokrati.sk\/heger-sa-stretol-s-komisarom-pre-spravodlivost-informoval-ho-o-prepojeniach-vlady-na-najvacsie-kauzy\/\"},\"wordCount\":463,\"publisher\":{\"@id\":\"https:\/\/www.smedemokrati.sk\/#organization\"},\"image\":{\"@id\":\"https:\/\/www.smedemokrati.sk\/heger-sa-stretol-s-komisarom-pre-spravodlivost-informoval-ho-o-prepojeniach-vlady-na-najvacsie-kauzy\/#primaryimage\"},\"thumbnailUrl\":\"https:\/\/www.smedemokrati.sk\/wp-content\/uploads\/2023\/04\/EH.jpg\",\"articleSection\":[\"Tla\u010dov\u00e9 spr\u00e1vy\"],\"inLanguage\":\"sv-SE\"},{\"@type\":\"WebPage\",\"@id\":\"https:\/\/www.smedemokrati.sk\/heger-sa-stretol-s-komisarom-pre-spravodlivost-informoval-ho-o-prepojeniach-vlady-na-najvacsie-kauzy\/\",\"url\":\"https:\/\/www.smedemokrati.sk\/heger-sa-stretol-s-komisarom-pre-spravodlivost-informoval-ho-o-prepojeniach-vlady-na-najvacsie-kauzy\/\",\"name\":\"Heger sa stretol s komis\u00e1rom pre spravodlivos\u0165, informoval ho o prepojeniach vl\u00e1dy na najv\u00e4\u010d\u0161ie kauzy - Smedemokrati.sk\",\"isPartOf\":{\"@id\":\"https:\/\/www.smedemokrati.sk\/#website\"},\"primaryImageOfPage\":{\"@id\":\"https:\/\/www.smedemokrati.sk\/heger-sa-stretol-s-komisarom-pre-spravodlivost-informoval-ho-o-prepojeniach-vlady-na-najvacsie-kauzy\/#primaryimage\"},\"image\":{\"@id\":\"https:\/\/www.smedemokrati.sk\/heger-sa-stretol-s-komisarom-pre-spravodlivost-informoval-ho-o-prepojeniach-vlady-na-najvacsie-kauzy\/#primaryimage\"},\"thumbnailUrl\":\"https:\/\/www.smedemokrati.sk\/wp-content\/uploads\/2023\/04\/EH.jpg\",\"datePublished\":\"2023-12-05T13:18:33+00:00\",\"dateModified\":\"2023-12-05T13:39:43+00:00\",\"breadcrumb\":{\"@id\":\"https:\/\/www.smedemokrati.sk\/heger-sa-stretol-s-komisarom-pre-spravodlivost-informoval-ho-o-prepojeniach-vlady-na-najvacsie-kauzy\/#breadcrumb\"},\"inLanguage\":\"sv-SE\",\"potentialAction\":[{\"@type\":\"ReadAction\",\"target\":[\"https:\/\/www.smedemokrati.sk\/heger-sa-stretol-s-komisarom-pre-spravodlivost-informoval-ho-o-prepojeniach-vlady-na-najvacsie-kauzy\/\"]}]},{\"@type\":\"ImageObject\",\"inLanguage\":\"sv-SE\",\"@id\":\"https:\/\/www.smedemokrati.sk\/heger-sa-stretol-s-komisarom-pre-spravodlivost-informoval-ho-o-prepojeniach-vlady-na-najvacsie-kauzy\/#primaryimage\",\"url\":\"https:\/\/www.smedemokrati.sk\/wp-content\/uploads\/2023\/04\/EH.jpg\",\"contentUrl\":\"https:\/\/www.smedemokrati.sk\/wp-content\/uploads\/2023\/04\/EH.jpg\",\"width\":1520,\"height\":1080},{\"@type\":\"BreadcrumbList\",\"@id\":\"https:\/\/www.smedemokrati.sk\/heger-sa-stretol-s-komisarom-pre-spravodlivost-informoval-ho-o-prepojeniach-vlady-na-najvacsie-kauzy\/#breadcrumb\",\"itemListElement\":[{\"@type\":\"ListItem\",\"position\":1,\"name\":\"Domovsk\u00e1 str\u00e1nka\",\"item\":\"https:\/\/www.smedemokrati.sk\/\"},{\"@type\":\"ListItem\",\"position\":2,\"name\":\"Heger sa stretol s komis\u00e1rom pre spravodlivos\u0165, informoval ho o prepojeniach vl\u00e1dy na najv\u00e4\u010d\u0161ie kauzy\"}]},{\"@type\":\"WebSite\",\"@id\":\"https:\/\/www.smedemokrati.sk\/#website\",\"url\":\"https:\/\/www.smedemokrati.sk\/\",\"name\":\"Smedemokrati.sk\",\"description\":\"Demokracia a slu\u0161nos\u0165 zv\u00ed\u0165az\u00ed\",\"publisher\":{\"@id\":\"https:\/\/www.smedemokrati.sk\/#organization\"},\"potentialAction\":[{\"@type\":\"SearchAction\",\"target\":{\"@type\":\"EntryPoint\",\"urlTemplate\":\"https:\/\/www.smedemokrati.sk\/?s={search_term_string}\"},\"query-input\":{\"@type\":\"PropertyValueSpecification\",\"valueRequired\":true,\"valueName\":\"search_term_string\"}}],\"inLanguage\":\"sv-SE\"},{\"@type\":\"Organization\",\"@id\":\"https:\/\/www.smedemokrati.sk\/#organization\",\"name\":\"Smedemokrati.sk\",\"url\":\"https:\/\/www.smedemokrati.sk\/\",\"logo\":{\"@type\":\"ImageObject\",\"inLanguage\":\"sv-SE\",\"@id\":\"https:\/\/www.smedemokrati.sk\/#\/schema\/logo\/image\/\",\"url\":\"https:\/\/www.smedemokrati.sk\/wp-content\/uploads\/2023\/04\/ff.002.jpeg\",\"contentUrl\":\"https:\/\/www.smedemokrati.sk\/wp-content\/uploads\/2023\/04\/ff.002.jpeg\",\"width\":640,\"height\":480,\"caption\":\"Smedemokrati.sk\"},\"image\":{\"@id\":\"https:\/\/www.smedemokrati.sk\/#\/schema\/logo\/image\/\"},\"sameAs\":[\"https:\/\/www.facebook.com\/smedemokrati2023\"]},{\"@type\":\"Person\",\"@id\":\"https:\/\/www.smedemokrati.sk\/#\/schema\/person\/c60720f4b9955b3c1ed222ebd1fbbc7c\",\"name\":\"Tom\u00e1\u0161 Koppl\",\"image\":{\"@type\":\"ImageObject\",\"inLanguage\":\"sv-SE\",\"@id\":\"https:\/\/secure.gravatar.com\/avatar\/8dfa38373c5e39821baf74c8e867a6f12e12c6dab6559aa999d10703b0b1c4ce?s=96&d=mm&r=g\",\"url\":\"https:\/\/secure.gravatar.com\/avatar\/8dfa38373c5e39821baf74c8e867a6f12e12c6dab6559aa999d10703b0b1c4ce?s=96&d=mm&r=g\",\"contentUrl\":\"https:\/\/secure.gravatar.com\/avatar\/8dfa38373c5e39821baf74c8e867a6f12e12c6dab6559aa999d10703b0b1c4ce?s=96&d=mm&r=g\",\"caption\":\"Tom\u00e1\u0161 Koppl\"},\"url\":\"https:\/\/www.smedemokrati.sk\/sv\/author\/tomaskoppl\/\"}]}<\/script>\n<!-- \/ Yoast SEO plugin. -->","yoast_head_json":{"title":"Heger sa stretol s komis\u00e1rom pre spravodlivos\u0165, informoval ho o prepojeniach vl\u00e1dy na najv\u00e4\u010d\u0161ie kauzy - Smedemokrati.sk","robots":{"index":"index","follow":"follow","max-snippet":"max-snippet:-1","max-image-preview":"max-image-preview:large","max-video-preview":"max-video-preview:-1"},"canonical":"https:\/\/www.smedemokrati.sk\/sv\/heger-sa-stretol-s-komisarom-pre-spravodlivost-informoval-ho-o-prepojeniach-vlady-na-najvacsie-kauzy\/","og_locale":"sv_SE","og_type":"article","og_title":"Heger sa stretol s komis\u00e1rom pre spravodlivos\u0165, informoval ho o prepojeniach vl\u00e1dy na najv\u00e4\u010d\u0161ie kauzy - Smedemokrati.sk","og_description":"Podpredseda Demokratov Eduard Heger v Bruseli rokoval s Didierom Reyndersom, komis\u00e1rom Eur\u00f3pskej komisie pre spravodlivos\u0165. T\u00e9mou rozhovoru bol avizovan\u00fd krok vl\u00e1dy Roberta Fica, a to zru\u0161enie \u00daradu \u0161peci\u00e1lnej prokurat\u00fary (\u00da\u0160P) a \u0160pecializovan\u00e9ho trestn\u00e9ho s\u00fadu (\u0160TS). Demokrati podnikaj\u00fa v\u0161etko pre to, aby d\u00f4razne upozornili verejnos\u0165 a tie\u017e kompetentn\u00fdch na nebezpe\u010dn\u00e9 z\u00e1mery Ficovho kabinetu. Ten pod falo\u0161n\u00fdmi [&hellip;]","og_url":"https:\/\/www.smedemokrati.sk\/sv\/heger-sa-stretol-s-komisarom-pre-spravodlivost-informoval-ho-o-prepojeniach-vlady-na-najvacsie-kauzy\/","og_site_name":"Smedemokrati.sk","article_publisher":"https:\/\/www.facebook.com\/smedemokrati2023","article_published_time":"2023-12-05T13:18:33+00:00","article_modified_time":"2023-12-05T13:39:43+00:00","og_image":[{"width":1520,"height":1080,"url":"https:\/\/www.smedemokrati.sk\/wp-content\/uploads\/2023\/04\/EH.jpg","type":"image\/jpeg"}],"author":"Tom\u00e1\u0161 Koppl","twitter_card":"summary_large_image","twitter_misc":{"Skriven av":"Tom\u00e1\u0161 Koppl","Ber\u00e4knad l\u00e4stid":"3 minuter"},"schema":{"@context":"https:\/\/schema.org","@graph":[{"@type":"Article","@id":"https:\/\/www.smedemokrati.sk\/heger-sa-stretol-s-komisarom-pre-spravodlivost-informoval-ho-o-prepojeniach-vlady-na-najvacsie-kauzy\/#article","isPartOf":{"@id":"https:\/\/www.smedemokrati.sk\/heger-sa-stretol-s-komisarom-pre-spravodlivost-informoval-ho-o-prepojeniach-vlady-na-najvacsie-kauzy\/"},"author":{"name":"Tom\u00e1\u0161 Koppl","@id":"https:\/\/www.smedemokrati.sk\/#\/schema\/person\/c60720f4b9955b3c1ed222ebd1fbbc7c"},"headline":"Heger sa stretol s komis\u00e1rom pre spravodlivos\u0165, informoval ho o prepojeniach vl\u00e1dy na najv\u00e4\u010d\u0161ie kauzy","datePublished":"2023-12-05T13:18:33+00:00","dateModified":"2023-12-05T13:39:43+00:00","mainEntityOfPage":{"@id":"https:\/\/www.smedemokrati.sk\/heger-sa-stretol-s-komisarom-pre-spravodlivost-informoval-ho-o-prepojeniach-vlady-na-najvacsie-kauzy\/"},"wordCount":463,"publisher":{"@id":"https:\/\/www.smedemokrati.sk\/#organization"},"image":{"@id":"https:\/\/www.smedemokrati.sk\/heger-sa-stretol-s-komisarom-pre-spravodlivost-informoval-ho-o-prepojeniach-vlady-na-najvacsie-kauzy\/#primaryimage"},"thumbnailUrl":"https:\/\/www.smedemokrati.sk\/wp-content\/uploads\/2023\/04\/EH.jpg","articleSection":["Tla\u010dov\u00e9 spr\u00e1vy"],"inLanguage":"sv-SE"},{"@type":"WebPage","@id":"https:\/\/www.smedemokrati.sk\/heger-sa-stretol-s-komisarom-pre-spravodlivost-informoval-ho-o-prepojeniach-vlady-na-najvacsie-kauzy\/","url":"https:\/\/www.smedemokrati.sk\/heger-sa-stretol-s-komisarom-pre-spravodlivost-informoval-ho-o-prepojeniach-vlady-na-najvacsie-kauzy\/","name":"Heger sa stretol s komis\u00e1rom pre spravodlivos\u0165, informoval ho o prepojeniach vl\u00e1dy na najv\u00e4\u010d\u0161ie kauzy - Smedemokrati.sk","isPartOf":{"@id":"https:\/\/www.smedemokrati.sk\/#website"},"primaryImageOfPage":{"@id":"https:\/\/www.smedemokrati.sk\/heger-sa-stretol-s-komisarom-pre-spravodlivost-informoval-ho-o-prepojeniach-vlady-na-najvacsie-kauzy\/#primaryimage"},"image":{"@id":"https:\/\/www.smedemokrati.sk\/heger-sa-stretol-s-komisarom-pre-spravodlivost-informoval-ho-o-prepojeniach-vlady-na-najvacsie-kauzy\/#primaryimage"},"thumbnailUrl":"https:\/\/www.smedemokrati.sk\/wp-content\/uploads\/2023\/04\/EH.jpg","datePublished":"2023-12-05T13:18:33+00:00","dateModified":"2023-12-05T13:39:43+00:00","breadcrumb":{"@id":"https:\/\/www.smedemokrati.sk\/heger-sa-stretol-s-komisarom-pre-spravodlivost-informoval-ho-o-prepojeniach-vlady-na-najvacsie-kauzy\/#breadcrumb"},"inLanguage":"sv-SE","potentialAction":[{"@type":"ReadAction","target":["https:\/\/www.smedemokrati.sk\/heger-sa-stretol-s-komisarom-pre-spravodlivost-informoval-ho-o-prepojeniach-vlady-na-najvacsie-kauzy\/"]}]},{"@type":"ImageObject","inLanguage":"sv-SE","@id":"https:\/\/www.smedemokrati.sk\/heger-sa-stretol-s-komisarom-pre-spravodlivost-informoval-ho-o-prepojeniach-vlady-na-najvacsie-kauzy\/#primaryimage","url":"https:\/\/www.smedemokrati.sk\/wp-content\/uploads\/2023\/04\/EH.jpg","contentUrl":"https:\/\/www.smedemokrati.sk\/wp-content\/uploads\/2023\/04\/EH.jpg","width":1520,"height":1080},{"@type":"BreadcrumbList","@id":"https:\/\/www.smedemokrati.sk\/heger-sa-stretol-s-komisarom-pre-spravodlivost-informoval-ho-o-prepojeniach-vlady-na-najvacsie-kauzy\/#breadcrumb","itemListElement":[{"@type":"ListItem","position":1,"name":"Domovsk\u00e1 str\u00e1nka","item":"https:\/\/www.smedemokrati.sk\/"},{"@type":"ListItem","position":2,"name":"Heger sa stretol s komis\u00e1rom pre spravodlivos\u0165, informoval ho o prepojeniach vl\u00e1dy na najv\u00e4\u010d\u0161ie kauzy"}]},{"@type":"WebSite","@id":"https:\/\/www.smedemokrati.sk\/#website","url":"https:\/\/www.smedemokrati.sk\/","name":"Smedemokrati.sk","description":"Demokracia a slu\u0161nos\u0165 zv\u00ed\u0165az\u00ed","publisher":{"@id":"https:\/\/www.smedemokrati.sk\/#organization"},"potentialAction":[{"@type":"SearchAction","target":{"@type":"EntryPoint","urlTemplate":"https:\/\/www.smedemokrati.sk\/?s={search_term_string}"},"query-input":{"@type":"PropertyValueSpecification","valueRequired":true,"valueName":"search_term_string"}}],"inLanguage":"sv-SE"},{"@type":"Organization","@id":"https:\/\/www.smedemokrati.sk\/#organization","name":"Smedemokrati.sk","url":"https:\/\/www.smedemokrati.sk\/","logo":{"@type":"ImageObject","inLanguage":"sv-SE","@id":"https:\/\/www.smedemokrati.sk\/#\/schema\/logo\/image\/","url":"https:\/\/www.smedemokrati.sk\/wp-content\/uploads\/2023\/04\/ff.002.jpeg","contentUrl":"https:\/\/www.smedemokrati.sk\/wp-content\/uploads\/2023\/04\/ff.002.jpeg","width":640,"height":480,"caption":"Smedemokrati.sk"},"image":{"@id":"https:\/\/www.smedemokrati.sk\/#\/schema\/logo\/image\/"},"sameAs":["https:\/\/www.facebook.com\/smedemokrati2023"]},{"@type":"Person","@id":"https:\/\/www.smedemokrati.sk\/#\/schema\/person\/c60720f4b9955b3c1ed222ebd1fbbc7c","name":"Tom\u00e1\u0161 Koppl","image":{"@type":"ImageObject","inLanguage":"sv-SE","@id":"https:\/\/secure.gravatar.com\/avatar\/8dfa38373c5e39821baf74c8e867a6f12e12c6dab6559aa999d10703b0b1c4ce?s=96&d=mm&r=g","url":"https:\/\/secure.gravatar.com\/avatar\/8dfa38373c5e39821baf74c8e867a6f12e12c6dab6559aa999d10703b0b1c4ce?s=96&d=mm&r=g","contentUrl":"https:\/\/secure.gravatar.com\/avatar\/8dfa38373c5e39821baf74c8e867a6f12e12c6dab6559aa999d10703b0b1c4ce?s=96&d=mm&r=g","caption":"Tom\u00e1\u0161 Koppl"},"url":"https:\/\/www.smedemokrati.sk\/sv\/author\/tomaskoppl\/"}]}},"_links":{"self":[{"href":"https:\/\/www.smedemokrati.sk\/sv\/wp-json\/wp\/v2\/posts\/2393","targetHints":{"allow":["GET"]}}],"collection":[{"href":"https:\/\/www.smedemokrati.sk\/sv\/wp-json\/wp\/v2\/posts"}],"about":[{"href":"https:\/\/www.smedemokrati.sk\/sv\/wp-json\/wp\/v2\/types\/post"}],"author":[{"embeddable":true,"href":"https:\/\/www.smedemokrati.sk\/sv\/wp-json\/wp\/v2\/users\/7"}],"replies":[{"embeddable":true,"href":"https:\/\/www.smedemokrati.sk\/sv\/wp-json\/wp\/v2\/comments?post=2393"}],"version-history":[{"count":2,"href":"https:\/\/www.smedemokrati.sk\/sv\/wp-json\/wp\/v2\/posts\/2393\/revisions"}],"predecessor-version":[{"id":2397,"href":"https:\/\/www.smedemokrati.sk\/sv\/wp-json\/wp\/v2\/posts\/2393\/revisions\/2397"}],"wp:featuredmedia":[{"embeddable":true,"href":"https:\/\/www.smedemokrati.sk\/sv\/wp-json\/wp\/v2\/media\/249"}],"wp:attachment":[{"href":"https:\/\/www.smedemokrati.sk\/sv\/wp-json\/wp\/v2\/media?parent=2393"}],"wp:term":[{"taxonomy":"category","embeddable":true,"href":"https:\/\/www.smedemokrati.sk\/sv\/wp-json\/wp\/v2\/categories?post=2393"},{"taxonomy":"post_tag","embeddable":true,"href":"https:\/\/www.smedemokrati.sk\/sv\/wp-json\/wp\/v2\/tags?post=2393"}],"curies":[{"name":"wp","href":"https:\/\/api.w.org\/{rel}","templated":true}]}}