{"id":2391,"date":"2023-12-05T14:50:10","date_gmt":"2023-12-05T12:50:10","guid":{"rendered":"https:\/\/www.smedemokrati.sk\/?p=2391"},"modified":"2023-12-05T14:50:11","modified_gmt":"2023-12-05T12:50:11","slug":"fico-s-dankom-a-pellegrinim-idu-zlikvidovat-rtvs","status":"publish","type":"post","link":"https:\/\/www.smedemokrati.sk\/sv\/fico-s-dankom-a-pellegrinim-idu-zlikvidovat-rtvs\/","title":{"rendered":"Fico s Dankom a Pellegrinim id\u00fa zlikvidova\u0165 RTVS"},"content":{"rendered":"<div id=\"fb-root\"><\/div>\n\n<p>Nen\u00e1vis\u0165 s\u00fa\u010dasnej vl\u00e1dy vo\u010di m\u00e9di\u00e1m vstupuje do \u010fal\u0161ej f\u00e1zy. Po verb\u00e1lnych \u00fatokoch prich\u00e1dzaj\u00fa konkr\u00e9tne legislat\u00edvne zmeny, ktor\u00fdmi ide likvidova\u0165 slobodn\u00e9 m\u00e9di\u00e1. Za\u010d\u00edna verejnopr\u00e1vnou RTVS, ktorej mas\u00edvne okre\u0161\u00fa rozpo\u010det. RTVS mala v bud\u00facom roku hospod\u00e1ri\u0165 so sumou viac ako 180 mili\u00f3nov eur. Namiesto toho jej vl\u00e1da 50 mili\u00f3nov vezme. Andrej Danko pritom e\u0161te pred mesiacom obhajoval pl\u00e1novan\u00e9 rozdelenie RTVS t\u00fdm, \u017ee jej finan\u010dn\u00fd stav sa mus\u00ed zlep\u0161i\u0165:<em>\u00a0\u201ePozrite sa, v ak\u00fdch priestoroch ste, ve\u010f v\u00e1m to o chv\u00ed\u013eu padne na hlavu. Je liekom u\u017e nie\u010do\u00a0urobi\u0165. Pozrite sa, ak\u00e9 tu m\u00e1te toalety. Bordel je v celej RTVS. Sp\u00fdtajte sa kameramanov, \u010di maj\u00fa dobr\u00e9 platy. M\u00e1te dobr\u00e9 platy?\u201c<\/em>\u00a0p\u00fdtal sa Andrej Danko 12. novembra v rel\u00e1cii O 5 min\u00fat 12.<\/p>\n\n\n\n<p>Pod\u013ea b\u00fdval\u00e9ho predsedu V\u00fdboru NR SR pre kult\u00faru a m\u00e9di\u00e1 m\u00f4\u017ee RTVS po tomto kroku nielen \u0161krta\u0165 v\u00fdrobu programov, ale aj ak\u00e9ko\u013evek navy\u0161ovanie platov.&nbsp;<em>\u201eAby to pochopil aj Andrej Danko &#8211; namiesto opravy z\u00e1chodov m\u00f4\u017eu v RTVS za\u010da\u0165 stava\u0165 latr\u00edny, preto\u017ee s rozpo\u010dtom 130 mili\u00f3nov nevykryj\u00fa ani z\u00e1kladn\u00e9 prev\u00e1dzkov\u00e9 n\u00e1klady. Ide o z\u00e1sadn\u00e9 ohrozenie nez\u00e1vislosti verejnopr\u00e1vnych m\u00e9di\u00ed, ich likvid\u00e1ciu, zastavenie dom\u00e1cej tvorby a prep\u00fa\u0161\u0165anie desiatok, mo\u017eno stoviek zamestnancov,\u201c&nbsp;<\/em>mysl\u00ed si Kristi\u00e1n \u010cekovsk\u00fd.<\/p>\n\n\n\n<p><em>\u201eKde je v tejto situ\u00e1cii ministerka kult\u00fary? Domnieva sa, \u017ee RTVS, ktor\u00e1 desiatky rokov pom\u00e1ha budova\u0165 na\u0161u n\u00e1rodn\u00fa identitu, nahrad\u00ed TV Slovan? Kto bude na Slovensku vyr\u00e1ba\u0165 nekomer\u010dn\u00e9 programy a vysiela\u0165 pre men\u0161inov\u00fdch div\u00e1kov? Ako je mo\u017en\u00e9, \u017ee ministerka kult\u00fary neh\u00e1ji z\u00e1ujmy verejnopr\u00e1vnych m\u00e9di\u00ed, ale prid\u00e1va sa k ich de\u0161trukcii? A kde je v tejto situ\u00e1cii aj b\u00fdval\u00e1 ministerka kult\u00fary za stranu Hlas-SD? Pani \u013dubica La\u0161\u0161\u00e1kov\u00e1 tento rok navrhovala rozpo\u010det RTVS e\u0161te viac nav\u00fd\u0161i\u0165 oproti p\u00f4vodn\u00fdm pl\u00e1nom Hegerovej vl\u00e1dy s od\u00f4vodnen\u00edm, aby RTVS mohla zve\u013ea\u010fova\u0165 kult\u00farnu pam\u00e4\u0165 n\u00e1rodn\u00e1 a posil\u0148ova\u0165 region\u00e1lne \u0161t\u00fadi\u00e1, spravodajstvo i publicistiku. Aj ona sa ide prida\u0165 do radu t\u00fdch, ktor\u00e9 RTVS potopia?\u201c\u00a0<\/em>p\u00fdta sa \u010cekovsk\u00fd.<\/p>\n\n\n\n<p>B\u00fdval\u00e1 vl\u00e1da Eduarda Hegera iba tento rok schv\u00e1lila stabiln\u00e9 financovanie RTVS vo v\u00fd\u0161ke 0,15% HDP. Tento podiel sme e\u0161te v parlamente nav\u00fd\u0161ili na 0,17% HDP. Nov\u00fd model financovania pri\u0161iel po tom, \u010do strana SAS&nbsp;podmienila schv\u00e1lenie \u0161t\u00e1tneho rozpo\u010dtu pre rok 2023 zru\u0161en\u00edm koncesion\u00e1rskych poplatkov. Toto percento navrhovala strana Demokrati zabet\u00f3nova\u0165 aj \u00fastavn\u00fdm z\u00e1konom, aby ho \u010fal\u0161ie vl\u00e1dy nemohli jednoducho meni\u0165. Na schv\u00e1lenie ch\u00fdbali tri hlasy, pri\u010dom t\u00fato poistku nepochopite\u013ene nepodporilo napr\u00edklad ani Progres\u00edvne Slovensko. T\u00fdm, \u017ee s\u00fa\u010dasn\u00e1 vl\u00e1da z\u00e1sadne zn\u00ed\u017ei podiel financovania z 0,17% HDP na 0,12% HDP, RTVS pr\u00edde o takmer tretinu rozpo\u010dtu a namiesto rozvoja bude bojova\u0165 o hol\u00e9 pre\u017eitie.<\/p>\n","protected":false},"excerpt":{"rendered":"<p>Nen\u00e1vis\u0165 s\u00fa\u010dasnej vl\u00e1dy vo\u010di m\u00e9di\u00e1m vstupuje do \u010fal\u0161ej f\u00e1zy. Po verb\u00e1lnych \u00fatokoch prich\u00e1dzaj\u00fa konkr\u00e9tne legislat\u00edvne zmeny, ktor\u00fdmi ide likvidova\u0165 slobodn\u00e9 m\u00e9di\u00e1. Za\u010d\u00edna verejnopr\u00e1vnou RTVS, ktorej mas\u00edvne okre\u0161\u00fa rozpo\u010det. RTVS mala v bud\u00facom roku hospod\u00e1ri\u0165 so sumou viac ako 180 mili\u00f3nov eur. Namiesto toho jej vl\u00e1da 50 mili\u00f3nov vezme. Andrej Danko pritom e\u0161te pred mesiacom obhajoval [&hellip;]<\/p>\n","protected":false},"author":7,"featured_media":411,"comment_status":"closed","ping_status":"closed","sticky":false,"template":"","format":"standard","meta":{"_acf_changed":false,"ngg_post_thumbnail":0,"footnotes":""},"categories":[4],"tags":[],"class_list":["post-2391","post","type-post","status-publish","format-standard","has-post-thumbnail","hentry","category-tlacove-spravy"],"acf":[],"yoast_head":"<!-- This site is optimized with the Yoast SEO plugin v27.2 - https:\/\/yoast.com\/product\/yoast-seo-wordpress\/ -->\n<title>Fico s Dankom a Pellegrinim id\u00fa zlikvidova\u0165 RTVS - Smedemokrati.sk<\/title>\n<meta name=\"robots\" content=\"index, follow, max-snippet:-1, max-image-preview:large, max-video-preview:-1\" \/>\n<link rel=\"canonical\" href=\"https:\/\/www.smedemokrati.sk\/sv\/fico-s-dankom-a-pellegrinim-idu-zlikvidovat-rtvs\/\" \/>\n<meta property=\"og:locale\" content=\"sv_SE\" \/>\n<meta property=\"og:locale:alternate\" content=\"en_US\" \/>\n<meta property=\"og:locale:alternate\" content=\"cs_CZ\" \/>\n<meta property=\"og:locale:alternate\" content=\"hu_HU\" \/>\n<meta property=\"og:locale:alternate\" content=\"sk_SK\" \/>\n<meta property=\"og:type\" content=\"article\" \/>\n<meta property=\"og:title\" content=\"Fico s Dankom a Pellegrinim id\u00fa zlikvidova\u0165 RTVS - Smedemokrati.sk\" \/>\n<meta property=\"og:description\" content=\"Nen\u00e1vis\u0165 s\u00fa\u010dasnej vl\u00e1dy vo\u010di m\u00e9di\u00e1m vstupuje do \u010fal\u0161ej f\u00e1zy. Po verb\u00e1lnych \u00fatokoch prich\u00e1dzaj\u00fa konkr\u00e9tne legislat\u00edvne zmeny, ktor\u00fdmi ide likvidova\u0165 slobodn\u00e9 m\u00e9di\u00e1. Za\u010d\u00edna verejnopr\u00e1vnou RTVS, ktorej mas\u00edvne okre\u0161\u00fa rozpo\u010det. RTVS mala v bud\u00facom roku hospod\u00e1ri\u0165 so sumou viac ako 180 mili\u00f3nov eur. Namiesto toho jej vl\u00e1da 50 mili\u00f3nov vezme. Andrej Danko pritom e\u0161te pred mesiacom obhajoval [&hellip;]\" \/>\n<meta property=\"og:url\" content=\"https:\/\/www.smedemokrati.sk\/sv\/fico-s-dankom-a-pellegrinim-idu-zlikvidovat-rtvs\/\" \/>\n<meta property=\"og:site_name\" content=\"Smedemokrati.sk\" \/>\n<meta property=\"article:publisher\" content=\"https:\/\/www.facebook.com\/smedemokrati2023\" \/>\n<meta property=\"article:published_time\" content=\"2023-12-05T12:50:10+00:00\" \/>\n<meta property=\"article:modified_time\" content=\"2023-12-05T12:50:11+00:00\" \/>\n<meta property=\"og:image\" content=\"https:\/\/www.smedemokrati.sk\/wp-content\/uploads\/2023\/04\/KC_1-2.jpg\" \/>\n\t<meta property=\"og:image:width\" content=\"2048\" \/>\n\t<meta property=\"og:image:height\" content=\"1365\" \/>\n\t<meta property=\"og:image:type\" content=\"image\/jpeg\" \/>\n<meta name=\"author\" content=\"Tom\u00e1\u0161 Koppl\" \/>\n<meta name=\"twitter:card\" content=\"summary_large_image\" \/>\n<meta name=\"twitter:label1\" content=\"Skriven av\" \/>\n\t<meta name=\"twitter:data1\" content=\"Tom\u00e1\u0161 Koppl\" \/>\n\t<meta name=\"twitter:label2\" content=\"Ber\u00e4knad l\u00e4stid\" \/>\n\t<meta name=\"twitter:data2\" content=\"3 minuter\" \/>\n<script type=\"application\/ld+json\" class=\"yoast-schema-graph\">{\"@context\":\"https:\/\/schema.org\",\"@graph\":[{\"@type\":\"Article\",\"@id\":\"https:\/\/www.smedemokrati.sk\/fico-s-dankom-a-pellegrinim-idu-zlikvidovat-rtvs\/#article\",\"isPartOf\":{\"@id\":\"https:\/\/www.smedemokrati.sk\/fico-s-dankom-a-pellegrinim-idu-zlikvidovat-rtvs\/\"},\"author\":{\"name\":\"Tom\u00e1\u0161 Koppl\",\"@id\":\"https:\/\/www.smedemokrati.sk\/#\/schema\/person\/c60720f4b9955b3c1ed222ebd1fbbc7c\"},\"headline\":\"Fico s Dankom a Pellegrinim id\u00fa zlikvidova\u0165 RTVS\",\"datePublished\":\"2023-12-05T12:50:10+00:00\",\"dateModified\":\"2023-12-05T12:50:11+00:00\",\"mainEntityOfPage\":{\"@id\":\"https:\/\/www.smedemokrati.sk\/fico-s-dankom-a-pellegrinim-idu-zlikvidovat-rtvs\/\"},\"wordCount\":542,\"publisher\":{\"@id\":\"https:\/\/www.smedemokrati.sk\/#organization\"},\"image\":{\"@id\":\"https:\/\/www.smedemokrati.sk\/fico-s-dankom-a-pellegrinim-idu-zlikvidovat-rtvs\/#primaryimage\"},\"thumbnailUrl\":\"https:\/\/www.smedemokrati.sk\/wp-content\/uploads\/2023\/04\/KC_1-2.jpg\",\"articleSection\":[\"Tla\u010dov\u00e9 spr\u00e1vy\"],\"inLanguage\":\"sv-SE\"},{\"@type\":\"WebPage\",\"@id\":\"https:\/\/www.smedemokrati.sk\/fico-s-dankom-a-pellegrinim-idu-zlikvidovat-rtvs\/\",\"url\":\"https:\/\/www.smedemokrati.sk\/fico-s-dankom-a-pellegrinim-idu-zlikvidovat-rtvs\/\",\"name\":\"Fico s Dankom a Pellegrinim id\u00fa zlikvidova\u0165 RTVS - Smedemokrati.sk\",\"isPartOf\":{\"@id\":\"https:\/\/www.smedemokrati.sk\/#website\"},\"primaryImageOfPage\":{\"@id\":\"https:\/\/www.smedemokrati.sk\/fico-s-dankom-a-pellegrinim-idu-zlikvidovat-rtvs\/#primaryimage\"},\"image\":{\"@id\":\"https:\/\/www.smedemokrati.sk\/fico-s-dankom-a-pellegrinim-idu-zlikvidovat-rtvs\/#primaryimage\"},\"thumbnailUrl\":\"https:\/\/www.smedemokrati.sk\/wp-content\/uploads\/2023\/04\/KC_1-2.jpg\",\"datePublished\":\"2023-12-05T12:50:10+00:00\",\"dateModified\":\"2023-12-05T12:50:11+00:00\",\"breadcrumb\":{\"@id\":\"https:\/\/www.smedemokrati.sk\/fico-s-dankom-a-pellegrinim-idu-zlikvidovat-rtvs\/#breadcrumb\"},\"inLanguage\":\"sv-SE\",\"potentialAction\":[{\"@type\":\"ReadAction\",\"target\":[\"https:\/\/www.smedemokrati.sk\/fico-s-dankom-a-pellegrinim-idu-zlikvidovat-rtvs\/\"]}]},{\"@type\":\"ImageObject\",\"inLanguage\":\"sv-SE\",\"@id\":\"https:\/\/www.smedemokrati.sk\/fico-s-dankom-a-pellegrinim-idu-zlikvidovat-rtvs\/#primaryimage\",\"url\":\"https:\/\/www.smedemokrati.sk\/wp-content\/uploads\/2023\/04\/KC_1-2.jpg\",\"contentUrl\":\"https:\/\/www.smedemokrati.sk\/wp-content\/uploads\/2023\/04\/KC_1-2.jpg\",\"width\":2048,\"height\":1365},{\"@type\":\"BreadcrumbList\",\"@id\":\"https:\/\/www.smedemokrati.sk\/fico-s-dankom-a-pellegrinim-idu-zlikvidovat-rtvs\/#breadcrumb\",\"itemListElement\":[{\"@type\":\"ListItem\",\"position\":1,\"name\":\"Domovsk\u00e1 str\u00e1nka\",\"item\":\"https:\/\/www.smedemokrati.sk\/\"},{\"@type\":\"ListItem\",\"position\":2,\"name\":\"Fico s Dankom a Pellegrinim id\u00fa zlikvidova\u0165 RTVS\"}]},{\"@type\":\"WebSite\",\"@id\":\"https:\/\/www.smedemokrati.sk\/#website\",\"url\":\"https:\/\/www.smedemokrati.sk\/\",\"name\":\"Smedemokrati.sk\",\"description\":\"Demokracia a slu\u0161nos\u0165 zv\u00ed\u0165az\u00ed\",\"publisher\":{\"@id\":\"https:\/\/www.smedemokrati.sk\/#organization\"},\"potentialAction\":[{\"@type\":\"SearchAction\",\"target\":{\"@type\":\"EntryPoint\",\"urlTemplate\":\"https:\/\/www.smedemokrati.sk\/?s={search_term_string}\"},\"query-input\":{\"@type\":\"PropertyValueSpecification\",\"valueRequired\":true,\"valueName\":\"search_term_string\"}}],\"inLanguage\":\"sv-SE\"},{\"@type\":\"Organization\",\"@id\":\"https:\/\/www.smedemokrati.sk\/#organization\",\"name\":\"Smedemokrati.sk\",\"url\":\"https:\/\/www.smedemokrati.sk\/\",\"logo\":{\"@type\":\"ImageObject\",\"inLanguage\":\"sv-SE\",\"@id\":\"https:\/\/www.smedemokrati.sk\/#\/schema\/logo\/image\/\",\"url\":\"https:\/\/www.smedemokrati.sk\/wp-content\/uploads\/2023\/04\/ff.002.jpeg\",\"contentUrl\":\"https:\/\/www.smedemokrati.sk\/wp-content\/uploads\/2023\/04\/ff.002.jpeg\",\"width\":640,\"height\":480,\"caption\":\"Smedemokrati.sk\"},\"image\":{\"@id\":\"https:\/\/www.smedemokrati.sk\/#\/schema\/logo\/image\/\"},\"sameAs\":[\"https:\/\/www.facebook.com\/smedemokrati2023\"]},{\"@type\":\"Person\",\"@id\":\"https:\/\/www.smedemokrati.sk\/#\/schema\/person\/c60720f4b9955b3c1ed222ebd1fbbc7c\",\"name\":\"Tom\u00e1\u0161 Koppl\",\"image\":{\"@type\":\"ImageObject\",\"inLanguage\":\"sv-SE\",\"@id\":\"https:\/\/secure.gravatar.com\/avatar\/8dfa38373c5e39821baf74c8e867a6f12e12c6dab6559aa999d10703b0b1c4ce?s=96&d=mm&r=g\",\"url\":\"https:\/\/secure.gravatar.com\/avatar\/8dfa38373c5e39821baf74c8e867a6f12e12c6dab6559aa999d10703b0b1c4ce?s=96&d=mm&r=g\",\"contentUrl\":\"https:\/\/secure.gravatar.com\/avatar\/8dfa38373c5e39821baf74c8e867a6f12e12c6dab6559aa999d10703b0b1c4ce?s=96&d=mm&r=g\",\"caption\":\"Tom\u00e1\u0161 Koppl\"},\"url\":\"https:\/\/www.smedemokrati.sk\/sv\/author\/tomaskoppl\/\"}]}<\/script>\n<!-- \/ Yoast SEO plugin. -->","yoast_head_json":{"title":"Fico s Dankom a Pellegrinim id\u00fa zlikvidova\u0165 RTVS - Smedemokrati.sk","robots":{"index":"index","follow":"follow","max-snippet":"max-snippet:-1","max-image-preview":"max-image-preview:large","max-video-preview":"max-video-preview:-1"},"canonical":"https:\/\/www.smedemokrati.sk\/sv\/fico-s-dankom-a-pellegrinim-idu-zlikvidovat-rtvs\/","og_locale":"sv_SE","og_type":"article","og_title":"Fico s Dankom a Pellegrinim id\u00fa zlikvidova\u0165 RTVS - Smedemokrati.sk","og_description":"Nen\u00e1vis\u0165 s\u00fa\u010dasnej vl\u00e1dy vo\u010di m\u00e9di\u00e1m vstupuje do \u010fal\u0161ej f\u00e1zy. Po verb\u00e1lnych \u00fatokoch prich\u00e1dzaj\u00fa konkr\u00e9tne legislat\u00edvne zmeny, ktor\u00fdmi ide likvidova\u0165 slobodn\u00e9 m\u00e9di\u00e1. Za\u010d\u00edna verejnopr\u00e1vnou RTVS, ktorej mas\u00edvne okre\u0161\u00fa rozpo\u010det. RTVS mala v bud\u00facom roku hospod\u00e1ri\u0165 so sumou viac ako 180 mili\u00f3nov eur. Namiesto toho jej vl\u00e1da 50 mili\u00f3nov vezme. Andrej Danko pritom e\u0161te pred mesiacom obhajoval [&hellip;]","og_url":"https:\/\/www.smedemokrati.sk\/sv\/fico-s-dankom-a-pellegrinim-idu-zlikvidovat-rtvs\/","og_site_name":"Smedemokrati.sk","article_publisher":"https:\/\/www.facebook.com\/smedemokrati2023","article_published_time":"2023-12-05T12:50:10+00:00","article_modified_time":"2023-12-05T12:50:11+00:00","og_image":[{"width":2048,"height":1365,"url":"https:\/\/www.smedemokrati.sk\/wp-content\/uploads\/2023\/04\/KC_1-2.jpg","type":"image\/jpeg"}],"author":"Tom\u00e1\u0161 Koppl","twitter_card":"summary_large_image","twitter_misc":{"Skriven av":"Tom\u00e1\u0161 Koppl","Ber\u00e4knad l\u00e4stid":"3 minuter"},"schema":{"@context":"https:\/\/schema.org","@graph":[{"@type":"Article","@id":"https:\/\/www.smedemokrati.sk\/fico-s-dankom-a-pellegrinim-idu-zlikvidovat-rtvs\/#article","isPartOf":{"@id":"https:\/\/www.smedemokrati.sk\/fico-s-dankom-a-pellegrinim-idu-zlikvidovat-rtvs\/"},"author":{"name":"Tom\u00e1\u0161 Koppl","@id":"https:\/\/www.smedemokrati.sk\/#\/schema\/person\/c60720f4b9955b3c1ed222ebd1fbbc7c"},"headline":"Fico s Dankom a Pellegrinim id\u00fa zlikvidova\u0165 RTVS","datePublished":"2023-12-05T12:50:10+00:00","dateModified":"2023-12-05T12:50:11+00:00","mainEntityOfPage":{"@id":"https:\/\/www.smedemokrati.sk\/fico-s-dankom-a-pellegrinim-idu-zlikvidovat-rtvs\/"},"wordCount":542,"publisher":{"@id":"https:\/\/www.smedemokrati.sk\/#organization"},"image":{"@id":"https:\/\/www.smedemokrati.sk\/fico-s-dankom-a-pellegrinim-idu-zlikvidovat-rtvs\/#primaryimage"},"thumbnailUrl":"https:\/\/www.smedemokrati.sk\/wp-content\/uploads\/2023\/04\/KC_1-2.jpg","articleSection":["Tla\u010dov\u00e9 spr\u00e1vy"],"inLanguage":"sv-SE"},{"@type":"WebPage","@id":"https:\/\/www.smedemokrati.sk\/fico-s-dankom-a-pellegrinim-idu-zlikvidovat-rtvs\/","url":"https:\/\/www.smedemokrati.sk\/fico-s-dankom-a-pellegrinim-idu-zlikvidovat-rtvs\/","name":"Fico s Dankom a Pellegrinim id\u00fa zlikvidova\u0165 RTVS - Smedemokrati.sk","isPartOf":{"@id":"https:\/\/www.smedemokrati.sk\/#website"},"primaryImageOfPage":{"@id":"https:\/\/www.smedemokrati.sk\/fico-s-dankom-a-pellegrinim-idu-zlikvidovat-rtvs\/#primaryimage"},"image":{"@id":"https:\/\/www.smedemokrati.sk\/fico-s-dankom-a-pellegrinim-idu-zlikvidovat-rtvs\/#primaryimage"},"thumbnailUrl":"https:\/\/www.smedemokrati.sk\/wp-content\/uploads\/2023\/04\/KC_1-2.jpg","datePublished":"2023-12-05T12:50:10+00:00","dateModified":"2023-12-05T12:50:11+00:00","breadcrumb":{"@id":"https:\/\/www.smedemokrati.sk\/fico-s-dankom-a-pellegrinim-idu-zlikvidovat-rtvs\/#breadcrumb"},"inLanguage":"sv-SE","potentialAction":[{"@type":"ReadAction","target":["https:\/\/www.smedemokrati.sk\/fico-s-dankom-a-pellegrinim-idu-zlikvidovat-rtvs\/"]}]},{"@type":"ImageObject","inLanguage":"sv-SE","@id":"https:\/\/www.smedemokrati.sk\/fico-s-dankom-a-pellegrinim-idu-zlikvidovat-rtvs\/#primaryimage","url":"https:\/\/www.smedemokrati.sk\/wp-content\/uploads\/2023\/04\/KC_1-2.jpg","contentUrl":"https:\/\/www.smedemokrati.sk\/wp-content\/uploads\/2023\/04\/KC_1-2.jpg","width":2048,"height":1365},{"@type":"BreadcrumbList","@id":"https:\/\/www.smedemokrati.sk\/fico-s-dankom-a-pellegrinim-idu-zlikvidovat-rtvs\/#breadcrumb","itemListElement":[{"@type":"ListItem","position":1,"name":"Domovsk\u00e1 str\u00e1nka","item":"https:\/\/www.smedemokrati.sk\/"},{"@type":"ListItem","position":2,"name":"Fico s Dankom a Pellegrinim id\u00fa zlikvidova\u0165 RTVS"}]},{"@type":"WebSite","@id":"https:\/\/www.smedemokrati.sk\/#website","url":"https:\/\/www.smedemokrati.sk\/","name":"Smedemokrati.sk","description":"Demokracia a slu\u0161nos\u0165 zv\u00ed\u0165az\u00ed","publisher":{"@id":"https:\/\/www.smedemokrati.sk\/#organization"},"potentialAction":[{"@type":"SearchAction","target":{"@type":"EntryPoint","urlTemplate":"https:\/\/www.smedemokrati.sk\/?s={search_term_string}"},"query-input":{"@type":"PropertyValueSpecification","valueRequired":true,"valueName":"search_term_string"}}],"inLanguage":"sv-SE"},{"@type":"Organization","@id":"https:\/\/www.smedemokrati.sk\/#organization","name":"Smedemokrati.sk","url":"https:\/\/www.smedemokrati.sk\/","logo":{"@type":"ImageObject","inLanguage":"sv-SE","@id":"https:\/\/www.smedemokrati.sk\/#\/schema\/logo\/image\/","url":"https:\/\/www.smedemokrati.sk\/wp-content\/uploads\/2023\/04\/ff.002.jpeg","contentUrl":"https:\/\/www.smedemokrati.sk\/wp-content\/uploads\/2023\/04\/ff.002.jpeg","width":640,"height":480,"caption":"Smedemokrati.sk"},"image":{"@id":"https:\/\/www.smedemokrati.sk\/#\/schema\/logo\/image\/"},"sameAs":["https:\/\/www.facebook.com\/smedemokrati2023"]},{"@type":"Person","@id":"https:\/\/www.smedemokrati.sk\/#\/schema\/person\/c60720f4b9955b3c1ed222ebd1fbbc7c","name":"Tom\u00e1\u0161 Koppl","image":{"@type":"ImageObject","inLanguage":"sv-SE","@id":"https:\/\/secure.gravatar.com\/avatar\/8dfa38373c5e39821baf74c8e867a6f12e12c6dab6559aa999d10703b0b1c4ce?s=96&d=mm&r=g","url":"https:\/\/secure.gravatar.com\/avatar\/8dfa38373c5e39821baf74c8e867a6f12e12c6dab6559aa999d10703b0b1c4ce?s=96&d=mm&r=g","contentUrl":"https:\/\/secure.gravatar.com\/avatar\/8dfa38373c5e39821baf74c8e867a6f12e12c6dab6559aa999d10703b0b1c4ce?s=96&d=mm&r=g","caption":"Tom\u00e1\u0161 Koppl"},"url":"https:\/\/www.smedemokrati.sk\/sv\/author\/tomaskoppl\/"}]}},"_links":{"self":[{"href":"https:\/\/www.smedemokrati.sk\/sv\/wp-json\/wp\/v2\/posts\/2391","targetHints":{"allow":["GET"]}}],"collection":[{"href":"https:\/\/www.smedemokrati.sk\/sv\/wp-json\/wp\/v2\/posts"}],"about":[{"href":"https:\/\/www.smedemokrati.sk\/sv\/wp-json\/wp\/v2\/types\/post"}],"author":[{"embeddable":true,"href":"https:\/\/www.smedemokrati.sk\/sv\/wp-json\/wp\/v2\/users\/7"}],"replies":[{"embeddable":true,"href":"https:\/\/www.smedemokrati.sk\/sv\/wp-json\/wp\/v2\/comments?post=2391"}],"version-history":[{"count":1,"href":"https:\/\/www.smedemokrati.sk\/sv\/wp-json\/wp\/v2\/posts\/2391\/revisions"}],"predecessor-version":[{"id":2392,"href":"https:\/\/www.smedemokrati.sk\/sv\/wp-json\/wp\/v2\/posts\/2391\/revisions\/2392"}],"wp:featuredmedia":[{"embeddable":true,"href":"https:\/\/www.smedemokrati.sk\/sv\/wp-json\/wp\/v2\/media\/411"}],"wp:attachment":[{"href":"https:\/\/www.smedemokrati.sk\/sv\/wp-json\/wp\/v2\/media?parent=2391"}],"wp:term":[{"taxonomy":"category","embeddable":true,"href":"https:\/\/www.smedemokrati.sk\/sv\/wp-json\/wp\/v2\/categories?post=2391"},{"taxonomy":"post_tag","embeddable":true,"href":"https:\/\/www.smedemokrati.sk\/sv\/wp-json\/wp\/v2\/tags?post=2391"}],"curies":[{"name":"wp","href":"https:\/\/api.w.org\/{rel}","templated":true}]}}