{"id":2356,"date":"2023-12-03T00:17:52","date_gmt":"2023-12-02T22:17:52","guid":{"rendered":"https:\/\/www.smedemokrati.sk\/?p=2356"},"modified":"2023-12-20T15:26:27","modified_gmt":"2023-12-20T13:26:27","slug":"strana-si-na-sneme-zvolila-nove-predsednictvo-sefom-demokratov-sa-stal-jaroslav-nad","status":"publish","type":"post","link":"https:\/\/www.smedemokrati.sk\/sv\/strana-si-na-sneme-zvolila-nove-predsednictvo-sefom-demokratov-sa-stal-jaroslav-nad\/","title":{"rendered":"Strana si na sneme zvolila nov\u00e9 predsedn\u00edctvo, \u0161\u00e9fom Demokratov sa stal Jaroslav Na\u010f"},"content":{"rendered":"<div id=\"fb-root\"><\/div>\n\n<p><em><strong>Na Republikovom sneme strany Demokrati sa v Pre\u0161ove zi\u0161lo 120 deleg\u00e1tov z cel\u00e9ho Slovenska, ktor\u00ed si zvolili nov\u00e9ho predsedu strany, \u010dlenov predsedn\u00edctva a tie\u017e etickej, rev\u00edznej komisie, vr\u00e1tane poz\u00edcie gener\u00e1lneho sekret\u00e1ra strany.\u00a0<\/strong><\/em><\/p>\n\n\n\n<p>\u0160\u00e9fom Demokratov sa stal exminister obrany Jaroslav Na\u010f s podporou 109 hlasov. Na stoli\u010dku podpredsedov zvolili deleg\u00e1ti Andreu Letanovsk\u00fa, Eduarda Hegera, Juraja \u0160eligu a Franti\u0161ka O\u013ehu:\u00a0<em>\u201eAko predseda sa budem usilova\u0165 o vybudovanie strany, ktor\u00e1 bude obsahovo zauj\u00edmav\u00e1, siln\u00e1 v regi\u00f3noch a atrakt\u00edvna pre mlad\u00fdch. \u010eakujem kolegom za d\u00f4veru, Edovi Hegerovi za v\u017edy slu\u0161n\u00e9 l\u00edderstvo a spr\u00e1vne hodnotov\u00e9 nastavenie, v ktorom bolo Slovensko v\u017edy nadraden\u00e9 jeho osobn\u00fdm z\u00e1ujmom.\u201c\u00a0<\/em>Povedal vo svojom pr\u00edhovore Na\u010f a ubezpe\u010dil audit\u00f3rium, \u017ee bude v\u0161etk\u00fdm \u010dlenom strany a naju\u017e\u0161iemu vedeniu ako predseda v\u017edy n\u00e1pomocn\u00fd o otvoren\u00fd akejko\u013evek diskusii:\u00a0<em>\u201e\u00c1no, mo\u017eno n\u00e1m vo\u013eby na prv\u00fd poh\u013ead vzali ve\u013ea, no pravdou je, \u017ee n\u00e1m dali \u010dosi omnoho cennej\u0161ie, a to \u010das. \u010cas sa nad\u00fdchnu\u0165, stabilizova\u0165, \u010das r\u00e1s\u0165. Ako predseda vyu\u017eijem tento \u010das, toto obdobie najlep\u0161ie ako viem,\u201c\u00a0<\/em>uzavrel Na\u010f a predstavil \u010fal\u0161\u00edch \u010dlenov predsedn\u00edctva, ktor\u00fdmi sa stali: Dorota Nvotov\u00e1, Kristi\u00e1n \u010cechm\u00e1nek, Michal Ki\u010da, Marek Polonec a Jozef S\u00fdkora.<\/p>\n\n\n\n<p>Deleg\u00e1ti po\u010fakovali doteraj\u0161iemu vedeniu strany na \u010dele s Eduardom Hegerom a ocenili rozhodnutie \u010deln\u00fdch predstavite\u013eov pokra\u010dova\u0165 v politickej pr\u00e1ci.\u00a0<em>\u201eSom presved\u010den\u00fd, \u017ee Slovensko potrebuje stredoprav\u00fa demokratick\u00fa stranu. Te\u0161\u00ed ma, \u017ee s podporou \u010dlenskej z\u00e1kladne a tie\u017e verejnosti sme dok\u00e1zali stranu zastabilizova\u0165 z finan\u010dn\u00e9ho h\u013eadiska a najm\u00e4, \u017ee c\u00edtime povzbudenie \u013eud\u00ed pokra\u010dova\u0165 v odbornej a slu\u0161nej politike, ktor\u00fa Demokrati presadzuj\u00fa. Jaro Na\u010f bude skvel\u00fd predseda a ja, ako novozvolen\u00fd podpredseda strany som mu plne k dispoz\u00edcii pri nap\u013a\u0148an\u00ed jeho v\u00edzie,\u201c<\/em> povedal Heger a po\u010fakoval z\u00fa\u010dastnen\u00fdm za doteraj\u0161iu pr\u00e1cu a podporu pri v\u00fdkone mand\u00e1tu predsedu strany.\u00a0<\/p>\n\n\n\n<p>Poz\u00edciu gener\u00e1lneho sekret\u00e1ra strany obh\u00e1jil Peter Markovi\u010d. Vo svojom vyst\u00fapen\u00ed informoval o n\u00e1raste po\u010dtu \u010dlenov po uplynul\u00fdch vo\u013eb\u00e1ch, nateraz je strana na \u010d\u00edsle 392 \u010dlenov, 20 \u010dakate\u013eov na prijatie a desiatky sympatizantov. Nasleduj\u00face t\u00fd\u017edne sa nov\u00e9 vedenie strany bude podrobnej\u0161ie venova\u0165 t\u00e9mam volieb do eur\u00f3pskeho parlamentu a prezidentsk\u00e9ho pal\u00e1ca a bude pokra\u010dova\u0165 v intenz\u00edvnej komunik\u00e1ci\u00ed s \u010dlenskou z\u00e1klad\u0148ou.<\/p>\n\n\n\n<figure class=\"wp-block-image size-large\"><img decoding=\"async\" width=\"1024\" height=\"684\" src=\"https:\/\/www.smedemokrati.sk\/wp-content\/uploads\/2023\/12\/DSC9913-1024x684.jpg\" alt=\"\" class=\"wp-image-2357\" srcset=\"https:\/\/www.smedemokrati.sk\/wp-content\/uploads\/2023\/12\/DSC9913-1024x684.jpg 1024w, https:\/\/www.smedemokrati.sk\/wp-content\/uploads\/2023\/12\/DSC9913-300x200.jpg 300w, https:\/\/www.smedemokrati.sk\/wp-content\/uploads\/2023\/12\/DSC9913-768x513.jpg 768w, https:\/\/www.smedemokrati.sk\/wp-content\/uploads\/2023\/12\/DSC9913-1536x1025.jpg 1536w, https:\/\/www.smedemokrati.sk\/wp-content\/uploads\/2023\/12\/DSC9913.jpg 2000w\" sizes=\"(max-width: 1024px) 100vw, 1024px\" \/><\/figure>\n","protected":false},"excerpt":{"rendered":"<p>Na Republikovom sneme strany Demokrati sa v Pre\u0161ove zi\u0161lo 120 deleg\u00e1tov z cel\u00e9ho Slovenska, ktor\u00ed si zvolili nov\u00e9ho predsedu strany, \u010dlenov predsedn\u00edctva a tie\u017e etickej, rev\u00edznej komisie, vr\u00e1tane poz\u00edcie gener\u00e1lneho sekret\u00e1ra strany.\u00a0 \u0160\u00e9fom Demokratov sa stal exminister obrany Jaroslav Na\u010f s podporou 109 hlasov. Na stoli\u010dku podpredsedov zvolili deleg\u00e1ti Andreu Letanovsk\u00fa, Eduarda Hegera, Juraja \u0160eligu [&hellip;]<\/p>\n","protected":false},"author":7,"featured_media":2358,"comment_status":"closed","ping_status":"closed","sticky":false,"template":"","format":"standard","meta":{"_acf_changed":false,"ngg_post_thumbnail":0,"footnotes":""},"categories":[4],"tags":[],"class_list":["post-2356","post","type-post","status-publish","format-standard","has-post-thumbnail","hentry","category-tlacove-spravy"],"acf":[],"yoast_head":"<!-- This site is optimized with the Yoast SEO plugin v27.2 - https:\/\/yoast.com\/product\/yoast-seo-wordpress\/ -->\n<title>Strana si na sneme zvolila nov\u00e9 predsedn\u00edctvo, \u0161\u00e9fom Demokratov sa stal Jaroslav Na\u010f - Smedemokrati.sk<\/title>\n<meta name=\"robots\" content=\"index, follow, max-snippet:-1, max-image-preview:large, max-video-preview:-1\" \/>\n<link rel=\"canonical\" href=\"https:\/\/www.smedemokrati.sk\/sv\/strana-si-na-sneme-zvolila-nove-predsednictvo-sefom-demokratov-sa-stal-jaroslav-nad\/\" \/>\n<meta property=\"og:locale\" content=\"sv_SE\" \/>\n<meta property=\"og:locale:alternate\" content=\"en_US\" \/>\n<meta property=\"og:locale:alternate\" content=\"cs_CZ\" \/>\n<meta property=\"og:locale:alternate\" content=\"hu_HU\" \/>\n<meta property=\"og:locale:alternate\" content=\"sk_SK\" \/>\n<meta property=\"og:type\" content=\"article\" \/>\n<meta property=\"og:title\" content=\"Strana si na sneme zvolila nov\u00e9 predsedn\u00edctvo, \u0161\u00e9fom Demokratov sa stal Jaroslav Na\u010f - Smedemokrati.sk\" \/>\n<meta property=\"og:description\" content=\"Na Republikovom sneme strany Demokrati sa v Pre\u0161ove zi\u0161lo 120 deleg\u00e1tov z cel\u00e9ho Slovenska, ktor\u00ed si zvolili nov\u00e9ho predsedu strany, \u010dlenov predsedn\u00edctva a tie\u017e etickej, rev\u00edznej komisie, vr\u00e1tane poz\u00edcie gener\u00e1lneho sekret\u00e1ra strany.\u00a0 \u0160\u00e9fom Demokratov sa stal exminister obrany Jaroslav Na\u010f s podporou 109 hlasov. Na stoli\u010dku podpredsedov zvolili deleg\u00e1ti Andreu Letanovsk\u00fa, Eduarda Hegera, Juraja \u0160eligu [&hellip;]\" \/>\n<meta property=\"og:url\" content=\"https:\/\/www.smedemokrati.sk\/sv\/strana-si-na-sneme-zvolila-nove-predsednictvo-sefom-demokratov-sa-stal-jaroslav-nad\/\" \/>\n<meta property=\"og:site_name\" content=\"Smedemokrati.sk\" \/>\n<meta property=\"article:publisher\" content=\"https:\/\/www.facebook.com\/smedemokrati2023\" \/>\n<meta property=\"article:published_time\" content=\"2023-12-02T22:17:52+00:00\" \/>\n<meta property=\"article:modified_time\" content=\"2023-12-20T13:26:27+00:00\" \/>\n<meta property=\"og:image\" content=\"https:\/\/www.smedemokrati.sk\/wp-content\/uploads\/2023\/12\/DSC9899.jpg\" \/>\n\t<meta property=\"og:image:width\" content=\"2000\" \/>\n\t<meta property=\"og:image:height\" content=\"1335\" \/>\n\t<meta property=\"og:image:type\" content=\"image\/jpeg\" \/>\n<meta name=\"author\" content=\"Tom\u00e1\u0161 Koppl\" \/>\n<meta name=\"twitter:card\" content=\"summary_large_image\" \/>\n<meta name=\"twitter:label1\" content=\"Skriven av\" \/>\n\t<meta name=\"twitter:data1\" content=\"Tom\u00e1\u0161 Koppl\" \/>\n\t<meta name=\"twitter:label2\" content=\"Ber\u00e4knad l\u00e4stid\" \/>\n\t<meta name=\"twitter:data2\" content=\"3 minuter\" \/>\n<script type=\"application\/ld+json\" class=\"yoast-schema-graph\">{\"@context\":\"https:\/\/schema.org\",\"@graph\":[{\"@type\":\"Article\",\"@id\":\"https:\/\/www.smedemokrati.sk\/strana-si-na-sneme-zvolila-nove-predsednictvo-sefom-demokratov-sa-stal-jaroslav-nad\/#article\",\"isPartOf\":{\"@id\":\"https:\/\/www.smedemokrati.sk\/strana-si-na-sneme-zvolila-nove-predsednictvo-sefom-demokratov-sa-stal-jaroslav-nad\/\"},\"author\":{\"name\":\"Tom\u00e1\u0161 Koppl\",\"@id\":\"https:\/\/www.smedemokrati.sk\/#\/schema\/person\/c60720f4b9955b3c1ed222ebd1fbbc7c\"},\"headline\":\"Strana si na sneme zvolila nov\u00e9 predsedn\u00edctvo, \u0161\u00e9fom Demokratov sa stal Jaroslav Na\u010f\",\"datePublished\":\"2023-12-02T22:17:52+00:00\",\"dateModified\":\"2023-12-20T13:26:27+00:00\",\"mainEntityOfPage\":{\"@id\":\"https:\/\/www.smedemokrati.sk\/strana-si-na-sneme-zvolila-nove-predsednictvo-sefom-demokratov-sa-stal-jaroslav-nad\/\"},\"wordCount\":447,\"publisher\":{\"@id\":\"https:\/\/www.smedemokrati.sk\/#organization\"},\"image\":{\"@id\":\"https:\/\/www.smedemokrati.sk\/strana-si-na-sneme-zvolila-nove-predsednictvo-sefom-demokratov-sa-stal-jaroslav-nad\/#primaryimage\"},\"thumbnailUrl\":\"https:\/\/www.smedemokrati.sk\/wp-content\/uploads\/2023\/12\/DSC9899.jpg\",\"articleSection\":[\"Tla\u010dov\u00e9 spr\u00e1vy\"],\"inLanguage\":\"sv-SE\"},{\"@type\":\"WebPage\",\"@id\":\"https:\/\/www.smedemokrati.sk\/strana-si-na-sneme-zvolila-nove-predsednictvo-sefom-demokratov-sa-stal-jaroslav-nad\/\",\"url\":\"https:\/\/www.smedemokrati.sk\/strana-si-na-sneme-zvolila-nove-predsednictvo-sefom-demokratov-sa-stal-jaroslav-nad\/\",\"name\":\"Strana si na sneme zvolila nov\u00e9 predsedn\u00edctvo, \u0161\u00e9fom Demokratov sa stal Jaroslav Na\u010f - Smedemokrati.sk\",\"isPartOf\":{\"@id\":\"https:\/\/www.smedemokrati.sk\/#website\"},\"primaryImageOfPage\":{\"@id\":\"https:\/\/www.smedemokrati.sk\/strana-si-na-sneme-zvolila-nove-predsednictvo-sefom-demokratov-sa-stal-jaroslav-nad\/#primaryimage\"},\"image\":{\"@id\":\"https:\/\/www.smedemokrati.sk\/strana-si-na-sneme-zvolila-nove-predsednictvo-sefom-demokratov-sa-stal-jaroslav-nad\/#primaryimage\"},\"thumbnailUrl\":\"https:\/\/www.smedemokrati.sk\/wp-content\/uploads\/2023\/12\/DSC9899.jpg\",\"datePublished\":\"2023-12-02T22:17:52+00:00\",\"dateModified\":\"2023-12-20T13:26:27+00:00\",\"breadcrumb\":{\"@id\":\"https:\/\/www.smedemokrati.sk\/strana-si-na-sneme-zvolila-nove-predsednictvo-sefom-demokratov-sa-stal-jaroslav-nad\/#breadcrumb\"},\"inLanguage\":\"sv-SE\",\"potentialAction\":[{\"@type\":\"ReadAction\",\"target\":[\"https:\/\/www.smedemokrati.sk\/strana-si-na-sneme-zvolila-nove-predsednictvo-sefom-demokratov-sa-stal-jaroslav-nad\/\"]}]},{\"@type\":\"ImageObject\",\"inLanguage\":\"sv-SE\",\"@id\":\"https:\/\/www.smedemokrati.sk\/strana-si-na-sneme-zvolila-nove-predsednictvo-sefom-demokratov-sa-stal-jaroslav-nad\/#primaryimage\",\"url\":\"https:\/\/www.smedemokrati.sk\/wp-content\/uploads\/2023\/12\/DSC9899.jpg\",\"contentUrl\":\"https:\/\/www.smedemokrati.sk\/wp-content\/uploads\/2023\/12\/DSC9899.jpg\",\"width\":2000,\"height\":1335},{\"@type\":\"BreadcrumbList\",\"@id\":\"https:\/\/www.smedemokrati.sk\/strana-si-na-sneme-zvolila-nove-predsednictvo-sefom-demokratov-sa-stal-jaroslav-nad\/#breadcrumb\",\"itemListElement\":[{\"@type\":\"ListItem\",\"position\":1,\"name\":\"Domovsk\u00e1 str\u00e1nka\",\"item\":\"https:\/\/www.smedemokrati.sk\/\"},{\"@type\":\"ListItem\",\"position\":2,\"name\":\"Strana si na sneme zvolila nov\u00e9 predsedn\u00edctvo, \u0161\u00e9fom Demokratov sa stal Jaroslav Na\u010f\"}]},{\"@type\":\"WebSite\",\"@id\":\"https:\/\/www.smedemokrati.sk\/#website\",\"url\":\"https:\/\/www.smedemokrati.sk\/\",\"name\":\"Smedemokrati.sk\",\"description\":\"Demokracia a slu\u0161nos\u0165 zv\u00ed\u0165az\u00ed\",\"publisher\":{\"@id\":\"https:\/\/www.smedemokrati.sk\/#organization\"},\"potentialAction\":[{\"@type\":\"SearchAction\",\"target\":{\"@type\":\"EntryPoint\",\"urlTemplate\":\"https:\/\/www.smedemokrati.sk\/?s={search_term_string}\"},\"query-input\":{\"@type\":\"PropertyValueSpecification\",\"valueRequired\":true,\"valueName\":\"search_term_string\"}}],\"inLanguage\":\"sv-SE\"},{\"@type\":\"Organization\",\"@id\":\"https:\/\/www.smedemokrati.sk\/#organization\",\"name\":\"Smedemokrati.sk\",\"url\":\"https:\/\/www.smedemokrati.sk\/\",\"logo\":{\"@type\":\"ImageObject\",\"inLanguage\":\"sv-SE\",\"@id\":\"https:\/\/www.smedemokrati.sk\/#\/schema\/logo\/image\/\",\"url\":\"https:\/\/www.smedemokrati.sk\/wp-content\/uploads\/2023\/04\/ff.002.jpeg\",\"contentUrl\":\"https:\/\/www.smedemokrati.sk\/wp-content\/uploads\/2023\/04\/ff.002.jpeg\",\"width\":640,\"height\":480,\"caption\":\"Smedemokrati.sk\"},\"image\":{\"@id\":\"https:\/\/www.smedemokrati.sk\/#\/schema\/logo\/image\/\"},\"sameAs\":[\"https:\/\/www.facebook.com\/smedemokrati2023\"]},{\"@type\":\"Person\",\"@id\":\"https:\/\/www.smedemokrati.sk\/#\/schema\/person\/c60720f4b9955b3c1ed222ebd1fbbc7c\",\"name\":\"Tom\u00e1\u0161 Koppl\",\"image\":{\"@type\":\"ImageObject\",\"inLanguage\":\"sv-SE\",\"@id\":\"https:\/\/secure.gravatar.com\/avatar\/8dfa38373c5e39821baf74c8e867a6f12e12c6dab6559aa999d10703b0b1c4ce?s=96&d=mm&r=g\",\"url\":\"https:\/\/secure.gravatar.com\/avatar\/8dfa38373c5e39821baf74c8e867a6f12e12c6dab6559aa999d10703b0b1c4ce?s=96&d=mm&r=g\",\"contentUrl\":\"https:\/\/secure.gravatar.com\/avatar\/8dfa38373c5e39821baf74c8e867a6f12e12c6dab6559aa999d10703b0b1c4ce?s=96&d=mm&r=g\",\"caption\":\"Tom\u00e1\u0161 Koppl\"},\"url\":\"https:\/\/www.smedemokrati.sk\/sv\/author\/tomaskoppl\/\"}]}<\/script>\n<!-- \/ Yoast SEO plugin. -->","yoast_head_json":{"title":"Strana si na sneme zvolila nov\u00e9 predsedn\u00edctvo, \u0161\u00e9fom Demokratov sa stal Jaroslav Na\u010f - Smedemokrati.sk","robots":{"index":"index","follow":"follow","max-snippet":"max-snippet:-1","max-image-preview":"max-image-preview:large","max-video-preview":"max-video-preview:-1"},"canonical":"https:\/\/www.smedemokrati.sk\/sv\/strana-si-na-sneme-zvolila-nove-predsednictvo-sefom-demokratov-sa-stal-jaroslav-nad\/","og_locale":"sv_SE","og_type":"article","og_title":"Strana si na sneme zvolila nov\u00e9 predsedn\u00edctvo, \u0161\u00e9fom Demokratov sa stal Jaroslav Na\u010f - Smedemokrati.sk","og_description":"Na Republikovom sneme strany Demokrati sa v Pre\u0161ove zi\u0161lo 120 deleg\u00e1tov z cel\u00e9ho Slovenska, ktor\u00ed si zvolili nov\u00e9ho predsedu strany, \u010dlenov predsedn\u00edctva a tie\u017e etickej, rev\u00edznej komisie, vr\u00e1tane poz\u00edcie gener\u00e1lneho sekret\u00e1ra strany.\u00a0 \u0160\u00e9fom Demokratov sa stal exminister obrany Jaroslav Na\u010f s podporou 109 hlasov. Na stoli\u010dku podpredsedov zvolili deleg\u00e1ti Andreu Letanovsk\u00fa, Eduarda Hegera, Juraja \u0160eligu [&hellip;]","og_url":"https:\/\/www.smedemokrati.sk\/sv\/strana-si-na-sneme-zvolila-nove-predsednictvo-sefom-demokratov-sa-stal-jaroslav-nad\/","og_site_name":"Smedemokrati.sk","article_publisher":"https:\/\/www.facebook.com\/smedemokrati2023","article_published_time":"2023-12-02T22:17:52+00:00","article_modified_time":"2023-12-20T13:26:27+00:00","og_image":[{"width":2000,"height":1335,"url":"https:\/\/www.smedemokrati.sk\/wp-content\/uploads\/2023\/12\/DSC9899.jpg","type":"image\/jpeg"}],"author":"Tom\u00e1\u0161 Koppl","twitter_card":"summary_large_image","twitter_misc":{"Skriven av":"Tom\u00e1\u0161 Koppl","Ber\u00e4knad l\u00e4stid":"3 minuter"},"schema":{"@context":"https:\/\/schema.org","@graph":[{"@type":"Article","@id":"https:\/\/www.smedemokrati.sk\/strana-si-na-sneme-zvolila-nove-predsednictvo-sefom-demokratov-sa-stal-jaroslav-nad\/#article","isPartOf":{"@id":"https:\/\/www.smedemokrati.sk\/strana-si-na-sneme-zvolila-nove-predsednictvo-sefom-demokratov-sa-stal-jaroslav-nad\/"},"author":{"name":"Tom\u00e1\u0161 Koppl","@id":"https:\/\/www.smedemokrati.sk\/#\/schema\/person\/c60720f4b9955b3c1ed222ebd1fbbc7c"},"headline":"Strana si na sneme zvolila nov\u00e9 predsedn\u00edctvo, \u0161\u00e9fom Demokratov sa stal Jaroslav Na\u010f","datePublished":"2023-12-02T22:17:52+00:00","dateModified":"2023-12-20T13:26:27+00:00","mainEntityOfPage":{"@id":"https:\/\/www.smedemokrati.sk\/strana-si-na-sneme-zvolila-nove-predsednictvo-sefom-demokratov-sa-stal-jaroslav-nad\/"},"wordCount":447,"publisher":{"@id":"https:\/\/www.smedemokrati.sk\/#organization"},"image":{"@id":"https:\/\/www.smedemokrati.sk\/strana-si-na-sneme-zvolila-nove-predsednictvo-sefom-demokratov-sa-stal-jaroslav-nad\/#primaryimage"},"thumbnailUrl":"https:\/\/www.smedemokrati.sk\/wp-content\/uploads\/2023\/12\/DSC9899.jpg","articleSection":["Tla\u010dov\u00e9 spr\u00e1vy"],"inLanguage":"sv-SE"},{"@type":"WebPage","@id":"https:\/\/www.smedemokrati.sk\/strana-si-na-sneme-zvolila-nove-predsednictvo-sefom-demokratov-sa-stal-jaroslav-nad\/","url":"https:\/\/www.smedemokrati.sk\/strana-si-na-sneme-zvolila-nove-predsednictvo-sefom-demokratov-sa-stal-jaroslav-nad\/","name":"Strana si na sneme zvolila nov\u00e9 predsedn\u00edctvo, \u0161\u00e9fom Demokratov sa stal Jaroslav Na\u010f - Smedemokrati.sk","isPartOf":{"@id":"https:\/\/www.smedemokrati.sk\/#website"},"primaryImageOfPage":{"@id":"https:\/\/www.smedemokrati.sk\/strana-si-na-sneme-zvolila-nove-predsednictvo-sefom-demokratov-sa-stal-jaroslav-nad\/#primaryimage"},"image":{"@id":"https:\/\/www.smedemokrati.sk\/strana-si-na-sneme-zvolila-nove-predsednictvo-sefom-demokratov-sa-stal-jaroslav-nad\/#primaryimage"},"thumbnailUrl":"https:\/\/www.smedemokrati.sk\/wp-content\/uploads\/2023\/12\/DSC9899.jpg","datePublished":"2023-12-02T22:17:52+00:00","dateModified":"2023-12-20T13:26:27+00:00","breadcrumb":{"@id":"https:\/\/www.smedemokrati.sk\/strana-si-na-sneme-zvolila-nove-predsednictvo-sefom-demokratov-sa-stal-jaroslav-nad\/#breadcrumb"},"inLanguage":"sv-SE","potentialAction":[{"@type":"ReadAction","target":["https:\/\/www.smedemokrati.sk\/strana-si-na-sneme-zvolila-nove-predsednictvo-sefom-demokratov-sa-stal-jaroslav-nad\/"]}]},{"@type":"ImageObject","inLanguage":"sv-SE","@id":"https:\/\/www.smedemokrati.sk\/strana-si-na-sneme-zvolila-nove-predsednictvo-sefom-demokratov-sa-stal-jaroslav-nad\/#primaryimage","url":"https:\/\/www.smedemokrati.sk\/wp-content\/uploads\/2023\/12\/DSC9899.jpg","contentUrl":"https:\/\/www.smedemokrati.sk\/wp-content\/uploads\/2023\/12\/DSC9899.jpg","width":2000,"height":1335},{"@type":"BreadcrumbList","@id":"https:\/\/www.smedemokrati.sk\/strana-si-na-sneme-zvolila-nove-predsednictvo-sefom-demokratov-sa-stal-jaroslav-nad\/#breadcrumb","itemListElement":[{"@type":"ListItem","position":1,"name":"Domovsk\u00e1 str\u00e1nka","item":"https:\/\/www.smedemokrati.sk\/"},{"@type":"ListItem","position":2,"name":"Strana si na sneme zvolila nov\u00e9 predsedn\u00edctvo, \u0161\u00e9fom Demokratov sa stal Jaroslav Na\u010f"}]},{"@type":"WebSite","@id":"https:\/\/www.smedemokrati.sk\/#website","url":"https:\/\/www.smedemokrati.sk\/","name":"Smedemokrati.sk","description":"Demokracia a slu\u0161nos\u0165 zv\u00ed\u0165az\u00ed","publisher":{"@id":"https:\/\/www.smedemokrati.sk\/#organization"},"potentialAction":[{"@type":"SearchAction","target":{"@type":"EntryPoint","urlTemplate":"https:\/\/www.smedemokrati.sk\/?s={search_term_string}"},"query-input":{"@type":"PropertyValueSpecification","valueRequired":true,"valueName":"search_term_string"}}],"inLanguage":"sv-SE"},{"@type":"Organization","@id":"https:\/\/www.smedemokrati.sk\/#organization","name":"Smedemokrati.sk","url":"https:\/\/www.smedemokrati.sk\/","logo":{"@type":"ImageObject","inLanguage":"sv-SE","@id":"https:\/\/www.smedemokrati.sk\/#\/schema\/logo\/image\/","url":"https:\/\/www.smedemokrati.sk\/wp-content\/uploads\/2023\/04\/ff.002.jpeg","contentUrl":"https:\/\/www.smedemokrati.sk\/wp-content\/uploads\/2023\/04\/ff.002.jpeg","width":640,"height":480,"caption":"Smedemokrati.sk"},"image":{"@id":"https:\/\/www.smedemokrati.sk\/#\/schema\/logo\/image\/"},"sameAs":["https:\/\/www.facebook.com\/smedemokrati2023"]},{"@type":"Person","@id":"https:\/\/www.smedemokrati.sk\/#\/schema\/person\/c60720f4b9955b3c1ed222ebd1fbbc7c","name":"Tom\u00e1\u0161 Koppl","image":{"@type":"ImageObject","inLanguage":"sv-SE","@id":"https:\/\/secure.gravatar.com\/avatar\/8dfa38373c5e39821baf74c8e867a6f12e12c6dab6559aa999d10703b0b1c4ce?s=96&d=mm&r=g","url":"https:\/\/secure.gravatar.com\/avatar\/8dfa38373c5e39821baf74c8e867a6f12e12c6dab6559aa999d10703b0b1c4ce?s=96&d=mm&r=g","contentUrl":"https:\/\/secure.gravatar.com\/avatar\/8dfa38373c5e39821baf74c8e867a6f12e12c6dab6559aa999d10703b0b1c4ce?s=96&d=mm&r=g","caption":"Tom\u00e1\u0161 Koppl"},"url":"https:\/\/www.smedemokrati.sk\/sv\/author\/tomaskoppl\/"}]}},"_links":{"self":[{"href":"https:\/\/www.smedemokrati.sk\/sv\/wp-json\/wp\/v2\/posts\/2356","targetHints":{"allow":["GET"]}}],"collection":[{"href":"https:\/\/www.smedemokrati.sk\/sv\/wp-json\/wp\/v2\/posts"}],"about":[{"href":"https:\/\/www.smedemokrati.sk\/sv\/wp-json\/wp\/v2\/types\/post"}],"author":[{"embeddable":true,"href":"https:\/\/www.smedemokrati.sk\/sv\/wp-json\/wp\/v2\/users\/7"}],"replies":[{"embeddable":true,"href":"https:\/\/www.smedemokrati.sk\/sv\/wp-json\/wp\/v2\/comments?post=2356"}],"version-history":[{"count":1,"href":"https:\/\/www.smedemokrati.sk\/sv\/wp-json\/wp\/v2\/posts\/2356\/revisions"}],"predecessor-version":[{"id":2359,"href":"https:\/\/www.smedemokrati.sk\/sv\/wp-json\/wp\/v2\/posts\/2356\/revisions\/2359"}],"wp:featuredmedia":[{"embeddable":true,"href":"https:\/\/www.smedemokrati.sk\/sv\/wp-json\/wp\/v2\/media\/2358"}],"wp:attachment":[{"href":"https:\/\/www.smedemokrati.sk\/sv\/wp-json\/wp\/v2\/media?parent=2356"}],"wp:term":[{"taxonomy":"category","embeddable":true,"href":"https:\/\/www.smedemokrati.sk\/sv\/wp-json\/wp\/v2\/categories?post=2356"},{"taxonomy":"post_tag","embeddable":true,"href":"https:\/\/www.smedemokrati.sk\/sv\/wp-json\/wp\/v2\/tags?post=2356"}],"curies":[{"name":"wp","href":"https:\/\/api.w.org\/{rel}","templated":true}]}}