{"id":2243,"date":"2023-11-07T17:46:04","date_gmt":"2023-11-07T15:46:04","guid":{"rendered":"https:\/\/www.smedemokrati.sk\/?p=2243"},"modified":"2023-11-08T20:02:49","modified_gmt":"2023-11-08T18:02:49","slug":"demokrati-pokracuju-v-sluzbe-ludom-strana-je-z-financneho-hladiska-stabilizovana","status":"publish","type":"post","link":"https:\/\/www.smedemokrati.sk\/sv\/demokrati-pokracuju-v-sluzbe-ludom-strana-je-z-financneho-hladiska-stabilizovana\/","title":{"rendered":"Demokrati pokra\u010duj\u00fa v slu\u017ebe \u013eu\u010fom, strana je z finan\u010dn\u00e9ho h\u013eadiska stabilizovan\u00e1"},"content":{"rendered":"<div id=\"fb-root\"><\/div>\n\n<p><em><strong>Strana Demokrati je pripraven\u00e1 na\u010falej pon\u00faka\u0165 slu\u0161n\u00fa a odborn\u00fa politiku, ktor\u00e1 bude nastavova\u0165 pravdiv\u00e9 zrkadlo s\u00fa\u010dasnej vl\u00e1de. T\u00e1 pod\u013ea predsedu strany E. Hegera zlyh\u00e1va od prv\u00fdch d\u0148och n\u00e1stupu do \u00faradu a jednotliv\u00e9 kroky predstavite\u013eov ukazuj\u00fa, \u017ee s\u013euby z predvolebnej kampane str\u00e1n SMER, Hlas a SNS boli klamstvom na vlastn\u00fdch voli\u010dov.<\/strong><\/em><\/p>\n\n\n\n<p>\u010clenovia strany na tla\u010dovej konferencii v \u00favode informovali o v\u00f4li pokra\u010dova\u0165 v politickej \u010dinnosti, ozrejmili finan\u010dn\u00fa situ\u00e1ciu v strane a na\u010drtli \u010fal\u0161ie pripravovan\u00e9 kroky:&nbsp;<em>\u201eStrana Demokrati je z finan\u010dn\u00e9ho h\u013eadiska stabilizovan\u00e1. Od volieb sme prijali vy\u0161e 130 \u010dlenov, aktu\u00e1lne je ich vy\u0161e 350, rozbiehame regi\u00f3ny, intenz\u00edvne komunikujeme s \u010dlenskou z\u00e1klad\u0148ou a pripravujeme snem. M\u00f4\u017eem prehl\u00e1si\u0165, \u017ee strane Demokrati nebr\u00e1ni ni\u010d v tom, aby pokra\u010dovala vo svojej \u010dinnosti.\u201c<\/em>&nbsp;Povedal predseda strany&nbsp;<strong>Eduard<\/strong>&nbsp;<strong>Heger<\/strong>&nbsp;a z\u00e1rove\u0148 dodal, \u017ee na sneme 2. decembra v Pre\u0161ove bude nanovo zvolen\u00e9 komplet cel\u00e9 predsedn\u00edctvo strany. Heger z\u00e1rove\u0148 uviedol, \u017ee na poz\u00edciu predsedu strany kandidova\u0165 nebude: <em>\u201eVzh\u013eadom na volebn\u00fd v\u00fdsledok strany vyvodzujem osobn\u00fa zodpovednos\u0165 a pon\u00fakam kolegom mo\u017enos\u0165 zvoli\u0165 si nov\u00e9ho l\u00eddra. Na\u010falej chcem p\u00f4sobi\u0165 ako akt\u00edvny \u010dlen a \u010fal\u0161ie poz\u00edcie ozn\u00e1mime po sneme.\u201c&nbsp;<\/em><\/p>\n\n\n\n<p>Podpredseda strany&nbsp;<strong>Jaroslav<\/strong>&nbsp;<strong>Na\u010f<\/strong>&nbsp;nadviazal, \u017ee oce\u0148uje zodpovedn\u00fd postoj E. Hegera a uviedol, \u017ee v\u00e1\u017ene zva\u017euje kandidat\u00faru na predsedu strany. O svojom definit\u00edvnom rozhodnut\u00ed bude informova\u0165 po stretnutiach s \u010dlenmi, ktor\u00e9 u\u017e maj\u00fa z\u00e1stupcovia strany napl\u00e1novan\u00e9 v r\u00e1mci cel\u00e9ho Slovenska. Podpredseda Demokratov Na\u010f reagoval aj na aktu\u00e1lnu politick\u00fa situ\u00e1ciu a uviedol, \u017ee registruje nespokojnos\u0165 verejnosti s pr\u00e1cou opoz\u00edcie a aj to pova\u017euje za d\u00f4le\u017eit\u00fd faktor, pre\u010do bude strana pokra\u010dova\u0165 vo svojej \u010dinnosti:&nbsp;<em>\u201eOpoz\u00edcia dopriala vl\u00e1dnej katastrofe pr\u00edli\u0161 ve\u013ea \u010dasu na pokojn\u00e9 dosadzovanie \u0161kodn\u00fdch na vysok\u00e9 \u0161t\u00e1tne posty, ne\u010dinne sa prizerala na chytanie pseudo migrantov za mili\u00f3ny a bez v\u00e4\u010d\u0161ej kritiky dopriali zav\u0155\u0161i\u0165 Hlasu klamstvo o 13. d\u00f4chodku, ke\u010f\u017ee nebude vyplaten\u00fd tento rok tak, ako s\u013eubovali.<\/em>\u201c&nbsp;Povedal Na\u010f a dodal, \u017ee strana si opozi\u010dn\u00fa pr\u00e1cu odmak\u00e1 a bude nastavova\u0165 pravdiv\u00e9 zrkadlo s\u00fa\u010dasnej koal\u00edcie. Zauj\u00edma\u0165 ho bude napr\u00edklad to, ako m\u00f4\u017eu osoby, ktor\u00e9 s\u00fa dnes na vysok\u00fdch poz\u00edci\u00e1ch na ministerstve vn\u00fatra&nbsp;\u010di obrany, plnohodnotne vykon\u00e1va\u0165 svoj mand\u00e1t, ke\u010f nateraz nemaj\u00fa bezpe\u010dnostn\u00fa previerku a je d\u00f4vodn\u00fd predpoklad, \u017ee ju pre svoju minulos\u0165 ani z\u00edska\u0165 nem\u00f4\u017eu.<\/p>\n\n\n\n<p><strong>Juraj \u0160eliga<\/strong>&nbsp;z predsedn\u00edctva upozornil, \u017ee nomin\u00e1cie a kroky vl\u00e1dy sleduj\u00fa aj eur\u00f3pski akt\u00e9ri, ktor\u00fdch reakciou m\u00f4\u017ee by\u0165 zastavenie eurofondov v prospech Slovenska:&nbsp;<em>\u201eNa neform\u00e1lnych debat\u00e1ch v r\u00e1mci Eur\u00f3pskej komisie, Eur\u00f3pskej \u00fanie a viacer\u00ed diplomati hovoria o tom, \u017ee s\u00fa znepokojen\u00ed, \u010do sa na Slovensku deje v bezpe\u010dnostn\u00fdch zlo\u017ek\u00e1ch. Je to jednoduch\u00e9, nemeck\u00fd alebo holandsk\u00fd da\u0148ov\u00fd poplatn\u00edk sa p\u00fdta, pre\u010do m\u00e1 posiela\u0165 svoje peniaze do Slovenska, kde s\u00fa do vysok\u00fdch miest obsadzovan\u00ed \u013eudia podozriv\u00ed z korupcie.\u201c<\/em>&nbsp;T\u00e9me sa na\u010falej bude strana akt\u00edvne venova\u0165 a informova\u0165 o potenci\u00e1lnych hrozb\u00e1ch.<\/p>\n\n\n\n<p>Podpredsedn\u00ed\u010dka strany&nbsp;<strong>Andrea<\/strong>&nbsp;<strong>Letanovsk\u00e1<\/strong>&nbsp;prehl\u00e1sila, \u017ee strana bude na\u010falej kon\u0161trukt\u00edvnou a tvrdou opoz\u00edciou a stranou, ktor\u00e1 nie je na jedny vo\u013eby. Na\u010drtla tie\u017e problematiku zdravotn\u00edctva, ktorej sa roky profesijne venuje, konkr\u00e9tne upozornila na \u010derpanie pe\u0148az\u00ed z Pl\u00e1nu obnovy:<em>&nbsp;\u201eBudeme pozorne sledova\u0165 kroky vl\u00e1dy smerom k nevyhnutnej reforme optimaliz\u00e1cie siete nemocn\u00edc a budeme dba\u0165 na to, aby sme nepri\u0161li o mili\u00f3ny, ktor\u00e9 m\u00f4\u017eu v\u00fdrazne pom\u00f4c\u0165 n\u00e1\u0161mu zdravotn\u00edctvu. Som si ist\u00e1, \u017ee na\u0161ou pr\u00e1cou presved\u010d\u00edme \u013eud\u00ed, \u017ee Demokrati patria na politick\u00fa mapu Slovenska.\u201c<\/em><\/p>\n\n\n\n<figure class=\"wp-block-image size-full\"><img decoding=\"async\" width=\"757\" height=\"804\" src=\"https:\/\/www.smedemokrati.sk\/wp-content\/uploads\/2023\/11\/a.jpg\" alt=\"\" class=\"wp-image-2244\" srcset=\"https:\/\/www.smedemokrati.sk\/wp-content\/uploads\/2023\/11\/a.jpg 757w, https:\/\/www.smedemokrati.sk\/wp-content\/uploads\/2023\/11\/a-282x300.jpg 282w\" sizes=\"(max-width: 757px) 100vw, 757px\" \/><\/figure>\n","protected":false},"excerpt":{"rendered":"<p>Strana Demokrati je pripraven\u00e1 na\u010falej pon\u00faka\u0165 slu\u0161n\u00fa a odborn\u00fa politiku, ktor\u00e1 bude nastavova\u0165 pravdiv\u00e9 zrkadlo s\u00fa\u010dasnej vl\u00e1de. T\u00e1 pod\u013ea predsedu strany E. Hegera zlyh\u00e1va od prv\u00fdch d\u0148och n\u00e1stupu do \u00faradu a jednotliv\u00e9 kroky predstavite\u013eov ukazuj\u00fa, \u017ee s\u013euby z predvolebnej kampane str\u00e1n SMER, Hlas a SNS boli klamstvom na vlastn\u00fdch voli\u010dov. \u010clenovia strany na tla\u010dovej konferencii [&hellip;]<\/p>\n","protected":false},"author":7,"featured_media":2251,"comment_status":"closed","ping_status":"closed","sticky":false,"template":"","format":"standard","meta":{"_acf_changed":false,"ngg_post_thumbnail":0,"footnotes":""},"categories":[4],"tags":[],"class_list":["post-2243","post","type-post","status-publish","format-standard","has-post-thumbnail","hentry","category-tlacove-spravy"],"acf":[],"yoast_head":"<!-- This site is optimized with the Yoast SEO plugin v27.2 - https:\/\/yoast.com\/product\/yoast-seo-wordpress\/ -->\n<title>Demokrati pokra\u010duj\u00fa v slu\u017ebe \u013eu\u010fom, strana je z finan\u010dn\u00e9ho h\u013eadiska stabilizovan\u00e1 - Smedemokrati.sk<\/title>\n<meta name=\"robots\" content=\"index, follow, max-snippet:-1, max-image-preview:large, max-video-preview:-1\" \/>\n<link rel=\"canonical\" href=\"https:\/\/www.smedemokrati.sk\/sv\/demokrati-pokracuju-v-sluzbe-ludom-strana-je-z-financneho-hladiska-stabilizovana\/\" \/>\n<meta property=\"og:locale\" content=\"sv_SE\" \/>\n<meta property=\"og:locale:alternate\" content=\"en_US\" \/>\n<meta property=\"og:locale:alternate\" content=\"cs_CZ\" \/>\n<meta property=\"og:locale:alternate\" content=\"hu_HU\" \/>\n<meta property=\"og:locale:alternate\" content=\"sk_SK\" \/>\n<meta property=\"og:type\" content=\"article\" \/>\n<meta property=\"og:title\" content=\"Demokrati pokra\u010duj\u00fa v slu\u017ebe \u013eu\u010fom, strana je z finan\u010dn\u00e9ho h\u013eadiska stabilizovan\u00e1 - Smedemokrati.sk\" \/>\n<meta property=\"og:description\" content=\"Strana Demokrati je pripraven\u00e1 na\u010falej pon\u00faka\u0165 slu\u0161n\u00fa a odborn\u00fa politiku, ktor\u00e1 bude nastavova\u0165 pravdiv\u00e9 zrkadlo s\u00fa\u010dasnej vl\u00e1de. T\u00e1 pod\u013ea predsedu strany E. Hegera zlyh\u00e1va od prv\u00fdch d\u0148och n\u00e1stupu do \u00faradu a jednotliv\u00e9 kroky predstavite\u013eov ukazuj\u00fa, \u017ee s\u013euby z predvolebnej kampane str\u00e1n SMER, Hlas a SNS boli klamstvom na vlastn\u00fdch voli\u010dov. \u010clenovia strany na tla\u010dovej konferencii [&hellip;]\" \/>\n<meta property=\"og:url\" content=\"https:\/\/www.smedemokrati.sk\/sv\/demokrati-pokracuju-v-sluzbe-ludom-strana-je-z-financneho-hladiska-stabilizovana\/\" \/>\n<meta property=\"og:site_name\" content=\"Smedemokrati.sk\" \/>\n<meta property=\"article:publisher\" content=\"https:\/\/www.facebook.com\/smedemokrati2023\" \/>\n<meta property=\"article:published_time\" content=\"2023-11-07T15:46:04+00:00\" \/>\n<meta property=\"article:modified_time\" content=\"2023-11-08T18:02:49+00:00\" \/>\n<meta property=\"og:image\" content=\"https:\/\/www.smedemokrati.sk\/wp-content\/uploads\/2023\/11\/b-2.jpg\" \/>\n\t<meta property=\"og:image:width\" content=\"757\" \/>\n\t<meta property=\"og:image:height\" content=\"542\" \/>\n\t<meta property=\"og:image:type\" content=\"image\/jpeg\" \/>\n<meta name=\"author\" content=\"Tom\u00e1\u0161 Koppl\" \/>\n<meta name=\"twitter:card\" content=\"summary_large_image\" \/>\n<meta name=\"twitter:label1\" content=\"Skriven av\" \/>\n\t<meta name=\"twitter:data1\" content=\"Tom\u00e1\u0161 Koppl\" \/>\n\t<meta name=\"twitter:label2\" content=\"Ber\u00e4knad l\u00e4stid\" \/>\n\t<meta name=\"twitter:data2\" content=\"4 minuter\" \/>\n<script type=\"application\/ld+json\" class=\"yoast-schema-graph\">{\"@context\":\"https:\/\/schema.org\",\"@graph\":[{\"@type\":\"Article\",\"@id\":\"https:\/\/www.smedemokrati.sk\/demokrati-pokracuju-v-sluzbe-ludom-strana-je-z-financneho-hladiska-stabilizovana\/#article\",\"isPartOf\":{\"@id\":\"https:\/\/www.smedemokrati.sk\/demokrati-pokracuju-v-sluzbe-ludom-strana-je-z-financneho-hladiska-stabilizovana\/\"},\"author\":{\"name\":\"Tom\u00e1\u0161 Koppl\",\"@id\":\"https:\/\/www.smedemokrati.sk\/#\/schema\/person\/c60720f4b9955b3c1ed222ebd1fbbc7c\"},\"headline\":\"Demokrati pokra\u010duj\u00fa v slu\u017ebe \u013eu\u010fom, strana je z finan\u010dn\u00e9ho h\u013eadiska stabilizovan\u00e1\",\"datePublished\":\"2023-11-07T15:46:04+00:00\",\"dateModified\":\"2023-11-08T18:02:49+00:00\",\"mainEntityOfPage\":{\"@id\":\"https:\/\/www.smedemokrati.sk\/demokrati-pokracuju-v-sluzbe-ludom-strana-je-z-financneho-hladiska-stabilizovana\/\"},\"wordCount\":702,\"publisher\":{\"@id\":\"https:\/\/www.smedemokrati.sk\/#organization\"},\"image\":{\"@id\":\"https:\/\/www.smedemokrati.sk\/demokrati-pokracuju-v-sluzbe-ludom-strana-je-z-financneho-hladiska-stabilizovana\/#primaryimage\"},\"thumbnailUrl\":\"https:\/\/www.smedemokrati.sk\/wp-content\/uploads\/2023\/11\/b-2.jpg\",\"articleSection\":[\"Tla\u010dov\u00e9 spr\u00e1vy\"],\"inLanguage\":\"sv-SE\"},{\"@type\":\"WebPage\",\"@id\":\"https:\/\/www.smedemokrati.sk\/demokrati-pokracuju-v-sluzbe-ludom-strana-je-z-financneho-hladiska-stabilizovana\/\",\"url\":\"https:\/\/www.smedemokrati.sk\/demokrati-pokracuju-v-sluzbe-ludom-strana-je-z-financneho-hladiska-stabilizovana\/\",\"name\":\"Demokrati pokra\u010duj\u00fa v slu\u017ebe \u013eu\u010fom, strana je z finan\u010dn\u00e9ho h\u013eadiska stabilizovan\u00e1 - Smedemokrati.sk\",\"isPartOf\":{\"@id\":\"https:\/\/www.smedemokrati.sk\/#website\"},\"primaryImageOfPage\":{\"@id\":\"https:\/\/www.smedemokrati.sk\/demokrati-pokracuju-v-sluzbe-ludom-strana-je-z-financneho-hladiska-stabilizovana\/#primaryimage\"},\"image\":{\"@id\":\"https:\/\/www.smedemokrati.sk\/demokrati-pokracuju-v-sluzbe-ludom-strana-je-z-financneho-hladiska-stabilizovana\/#primaryimage\"},\"thumbnailUrl\":\"https:\/\/www.smedemokrati.sk\/wp-content\/uploads\/2023\/11\/b-2.jpg\",\"datePublished\":\"2023-11-07T15:46:04+00:00\",\"dateModified\":\"2023-11-08T18:02:49+00:00\",\"breadcrumb\":{\"@id\":\"https:\/\/www.smedemokrati.sk\/demokrati-pokracuju-v-sluzbe-ludom-strana-je-z-financneho-hladiska-stabilizovana\/#breadcrumb\"},\"inLanguage\":\"sv-SE\",\"potentialAction\":[{\"@type\":\"ReadAction\",\"target\":[\"https:\/\/www.smedemokrati.sk\/demokrati-pokracuju-v-sluzbe-ludom-strana-je-z-financneho-hladiska-stabilizovana\/\"]}]},{\"@type\":\"ImageObject\",\"inLanguage\":\"sv-SE\",\"@id\":\"https:\/\/www.smedemokrati.sk\/demokrati-pokracuju-v-sluzbe-ludom-strana-je-z-financneho-hladiska-stabilizovana\/#primaryimage\",\"url\":\"https:\/\/www.smedemokrati.sk\/wp-content\/uploads\/2023\/11\/b-2.jpg\",\"contentUrl\":\"https:\/\/www.smedemokrati.sk\/wp-content\/uploads\/2023\/11\/b-2.jpg\",\"width\":757,\"height\":542},{\"@type\":\"BreadcrumbList\",\"@id\":\"https:\/\/www.smedemokrati.sk\/demokrati-pokracuju-v-sluzbe-ludom-strana-je-z-financneho-hladiska-stabilizovana\/#breadcrumb\",\"itemListElement\":[{\"@type\":\"ListItem\",\"position\":1,\"name\":\"Domovsk\u00e1 str\u00e1nka\",\"item\":\"https:\/\/www.smedemokrati.sk\/\"},{\"@type\":\"ListItem\",\"position\":2,\"name\":\"Demokrati pokra\u010duj\u00fa v slu\u017ebe \u013eu\u010fom, strana je z finan\u010dn\u00e9ho h\u013eadiska stabilizovan\u00e1\"}]},{\"@type\":\"WebSite\",\"@id\":\"https:\/\/www.smedemokrati.sk\/#website\",\"url\":\"https:\/\/www.smedemokrati.sk\/\",\"name\":\"Smedemokrati.sk\",\"description\":\"Demokracia a slu\u0161nos\u0165 zv\u00ed\u0165az\u00ed\",\"publisher\":{\"@id\":\"https:\/\/www.smedemokrati.sk\/#organization\"},\"potentialAction\":[{\"@type\":\"SearchAction\",\"target\":{\"@type\":\"EntryPoint\",\"urlTemplate\":\"https:\/\/www.smedemokrati.sk\/?s={search_term_string}\"},\"query-input\":{\"@type\":\"PropertyValueSpecification\",\"valueRequired\":true,\"valueName\":\"search_term_string\"}}],\"inLanguage\":\"sv-SE\"},{\"@type\":\"Organization\",\"@id\":\"https:\/\/www.smedemokrati.sk\/#organization\",\"name\":\"Smedemokrati.sk\",\"url\":\"https:\/\/www.smedemokrati.sk\/\",\"logo\":{\"@type\":\"ImageObject\",\"inLanguage\":\"sv-SE\",\"@id\":\"https:\/\/www.smedemokrati.sk\/#\/schema\/logo\/image\/\",\"url\":\"https:\/\/www.smedemokrati.sk\/wp-content\/uploads\/2023\/04\/ff.002.jpeg\",\"contentUrl\":\"https:\/\/www.smedemokrati.sk\/wp-content\/uploads\/2023\/04\/ff.002.jpeg\",\"width\":640,\"height\":480,\"caption\":\"Smedemokrati.sk\"},\"image\":{\"@id\":\"https:\/\/www.smedemokrati.sk\/#\/schema\/logo\/image\/\"},\"sameAs\":[\"https:\/\/www.facebook.com\/smedemokrati2023\"]},{\"@type\":\"Person\",\"@id\":\"https:\/\/www.smedemokrati.sk\/#\/schema\/person\/c60720f4b9955b3c1ed222ebd1fbbc7c\",\"name\":\"Tom\u00e1\u0161 Koppl\",\"image\":{\"@type\":\"ImageObject\",\"inLanguage\":\"sv-SE\",\"@id\":\"https:\/\/secure.gravatar.com\/avatar\/8dfa38373c5e39821baf74c8e867a6f12e12c6dab6559aa999d10703b0b1c4ce?s=96&d=mm&r=g\",\"url\":\"https:\/\/secure.gravatar.com\/avatar\/8dfa38373c5e39821baf74c8e867a6f12e12c6dab6559aa999d10703b0b1c4ce?s=96&d=mm&r=g\",\"contentUrl\":\"https:\/\/secure.gravatar.com\/avatar\/8dfa38373c5e39821baf74c8e867a6f12e12c6dab6559aa999d10703b0b1c4ce?s=96&d=mm&r=g\",\"caption\":\"Tom\u00e1\u0161 Koppl\"},\"url\":\"https:\/\/www.smedemokrati.sk\/sv\/author\/tomaskoppl\/\"}]}<\/script>\n<!-- \/ Yoast SEO plugin. -->","yoast_head_json":{"title":"Demokrati pokra\u010duj\u00fa v slu\u017ebe \u013eu\u010fom, strana je z finan\u010dn\u00e9ho h\u013eadiska stabilizovan\u00e1 - Smedemokrati.sk","robots":{"index":"index","follow":"follow","max-snippet":"max-snippet:-1","max-image-preview":"max-image-preview:large","max-video-preview":"max-video-preview:-1"},"canonical":"https:\/\/www.smedemokrati.sk\/sv\/demokrati-pokracuju-v-sluzbe-ludom-strana-je-z-financneho-hladiska-stabilizovana\/","og_locale":"sv_SE","og_type":"article","og_title":"Demokrati pokra\u010duj\u00fa v slu\u017ebe \u013eu\u010fom, strana je z finan\u010dn\u00e9ho h\u013eadiska stabilizovan\u00e1 - Smedemokrati.sk","og_description":"Strana Demokrati je pripraven\u00e1 na\u010falej pon\u00faka\u0165 slu\u0161n\u00fa a odborn\u00fa politiku, ktor\u00e1 bude nastavova\u0165 pravdiv\u00e9 zrkadlo s\u00fa\u010dasnej vl\u00e1de. T\u00e1 pod\u013ea predsedu strany E. Hegera zlyh\u00e1va od prv\u00fdch d\u0148och n\u00e1stupu do \u00faradu a jednotliv\u00e9 kroky predstavite\u013eov ukazuj\u00fa, \u017ee s\u013euby z predvolebnej kampane str\u00e1n SMER, Hlas a SNS boli klamstvom na vlastn\u00fdch voli\u010dov. \u010clenovia strany na tla\u010dovej konferencii [&hellip;]","og_url":"https:\/\/www.smedemokrati.sk\/sv\/demokrati-pokracuju-v-sluzbe-ludom-strana-je-z-financneho-hladiska-stabilizovana\/","og_site_name":"Smedemokrati.sk","article_publisher":"https:\/\/www.facebook.com\/smedemokrati2023","article_published_time":"2023-11-07T15:46:04+00:00","article_modified_time":"2023-11-08T18:02:49+00:00","og_image":[{"width":757,"height":542,"url":"https:\/\/www.smedemokrati.sk\/wp-content\/uploads\/2023\/11\/b-2.jpg","type":"image\/jpeg"}],"author":"Tom\u00e1\u0161 Koppl","twitter_card":"summary_large_image","twitter_misc":{"Skriven av":"Tom\u00e1\u0161 Koppl","Ber\u00e4knad l\u00e4stid":"4 minuter"},"schema":{"@context":"https:\/\/schema.org","@graph":[{"@type":"Article","@id":"https:\/\/www.smedemokrati.sk\/demokrati-pokracuju-v-sluzbe-ludom-strana-je-z-financneho-hladiska-stabilizovana\/#article","isPartOf":{"@id":"https:\/\/www.smedemokrati.sk\/demokrati-pokracuju-v-sluzbe-ludom-strana-je-z-financneho-hladiska-stabilizovana\/"},"author":{"name":"Tom\u00e1\u0161 Koppl","@id":"https:\/\/www.smedemokrati.sk\/#\/schema\/person\/c60720f4b9955b3c1ed222ebd1fbbc7c"},"headline":"Demokrati pokra\u010duj\u00fa v slu\u017ebe \u013eu\u010fom, strana je z finan\u010dn\u00e9ho h\u013eadiska stabilizovan\u00e1","datePublished":"2023-11-07T15:46:04+00:00","dateModified":"2023-11-08T18:02:49+00:00","mainEntityOfPage":{"@id":"https:\/\/www.smedemokrati.sk\/demokrati-pokracuju-v-sluzbe-ludom-strana-je-z-financneho-hladiska-stabilizovana\/"},"wordCount":702,"publisher":{"@id":"https:\/\/www.smedemokrati.sk\/#organization"},"image":{"@id":"https:\/\/www.smedemokrati.sk\/demokrati-pokracuju-v-sluzbe-ludom-strana-je-z-financneho-hladiska-stabilizovana\/#primaryimage"},"thumbnailUrl":"https:\/\/www.smedemokrati.sk\/wp-content\/uploads\/2023\/11\/b-2.jpg","articleSection":["Tla\u010dov\u00e9 spr\u00e1vy"],"inLanguage":"sv-SE"},{"@type":"WebPage","@id":"https:\/\/www.smedemokrati.sk\/demokrati-pokracuju-v-sluzbe-ludom-strana-je-z-financneho-hladiska-stabilizovana\/","url":"https:\/\/www.smedemokrati.sk\/demokrati-pokracuju-v-sluzbe-ludom-strana-je-z-financneho-hladiska-stabilizovana\/","name":"Demokrati pokra\u010duj\u00fa v slu\u017ebe \u013eu\u010fom, strana je z finan\u010dn\u00e9ho h\u013eadiska stabilizovan\u00e1 - Smedemokrati.sk","isPartOf":{"@id":"https:\/\/www.smedemokrati.sk\/#website"},"primaryImageOfPage":{"@id":"https:\/\/www.smedemokrati.sk\/demokrati-pokracuju-v-sluzbe-ludom-strana-je-z-financneho-hladiska-stabilizovana\/#primaryimage"},"image":{"@id":"https:\/\/www.smedemokrati.sk\/demokrati-pokracuju-v-sluzbe-ludom-strana-je-z-financneho-hladiska-stabilizovana\/#primaryimage"},"thumbnailUrl":"https:\/\/www.smedemokrati.sk\/wp-content\/uploads\/2023\/11\/b-2.jpg","datePublished":"2023-11-07T15:46:04+00:00","dateModified":"2023-11-08T18:02:49+00:00","breadcrumb":{"@id":"https:\/\/www.smedemokrati.sk\/demokrati-pokracuju-v-sluzbe-ludom-strana-je-z-financneho-hladiska-stabilizovana\/#breadcrumb"},"inLanguage":"sv-SE","potentialAction":[{"@type":"ReadAction","target":["https:\/\/www.smedemokrati.sk\/demokrati-pokracuju-v-sluzbe-ludom-strana-je-z-financneho-hladiska-stabilizovana\/"]}]},{"@type":"ImageObject","inLanguage":"sv-SE","@id":"https:\/\/www.smedemokrati.sk\/demokrati-pokracuju-v-sluzbe-ludom-strana-je-z-financneho-hladiska-stabilizovana\/#primaryimage","url":"https:\/\/www.smedemokrati.sk\/wp-content\/uploads\/2023\/11\/b-2.jpg","contentUrl":"https:\/\/www.smedemokrati.sk\/wp-content\/uploads\/2023\/11\/b-2.jpg","width":757,"height":542},{"@type":"BreadcrumbList","@id":"https:\/\/www.smedemokrati.sk\/demokrati-pokracuju-v-sluzbe-ludom-strana-je-z-financneho-hladiska-stabilizovana\/#breadcrumb","itemListElement":[{"@type":"ListItem","position":1,"name":"Domovsk\u00e1 str\u00e1nka","item":"https:\/\/www.smedemokrati.sk\/"},{"@type":"ListItem","position":2,"name":"Demokrati pokra\u010duj\u00fa v slu\u017ebe \u013eu\u010fom, strana je z finan\u010dn\u00e9ho h\u013eadiska stabilizovan\u00e1"}]},{"@type":"WebSite","@id":"https:\/\/www.smedemokrati.sk\/#website","url":"https:\/\/www.smedemokrati.sk\/","name":"Smedemokrati.sk","description":"Demokracia a slu\u0161nos\u0165 zv\u00ed\u0165az\u00ed","publisher":{"@id":"https:\/\/www.smedemokrati.sk\/#organization"},"potentialAction":[{"@type":"SearchAction","target":{"@type":"EntryPoint","urlTemplate":"https:\/\/www.smedemokrati.sk\/?s={search_term_string}"},"query-input":{"@type":"PropertyValueSpecification","valueRequired":true,"valueName":"search_term_string"}}],"inLanguage":"sv-SE"},{"@type":"Organization","@id":"https:\/\/www.smedemokrati.sk\/#organization","name":"Smedemokrati.sk","url":"https:\/\/www.smedemokrati.sk\/","logo":{"@type":"ImageObject","inLanguage":"sv-SE","@id":"https:\/\/www.smedemokrati.sk\/#\/schema\/logo\/image\/","url":"https:\/\/www.smedemokrati.sk\/wp-content\/uploads\/2023\/04\/ff.002.jpeg","contentUrl":"https:\/\/www.smedemokrati.sk\/wp-content\/uploads\/2023\/04\/ff.002.jpeg","width":640,"height":480,"caption":"Smedemokrati.sk"},"image":{"@id":"https:\/\/www.smedemokrati.sk\/#\/schema\/logo\/image\/"},"sameAs":["https:\/\/www.facebook.com\/smedemokrati2023"]},{"@type":"Person","@id":"https:\/\/www.smedemokrati.sk\/#\/schema\/person\/c60720f4b9955b3c1ed222ebd1fbbc7c","name":"Tom\u00e1\u0161 Koppl","image":{"@type":"ImageObject","inLanguage":"sv-SE","@id":"https:\/\/secure.gravatar.com\/avatar\/8dfa38373c5e39821baf74c8e867a6f12e12c6dab6559aa999d10703b0b1c4ce?s=96&d=mm&r=g","url":"https:\/\/secure.gravatar.com\/avatar\/8dfa38373c5e39821baf74c8e867a6f12e12c6dab6559aa999d10703b0b1c4ce?s=96&d=mm&r=g","contentUrl":"https:\/\/secure.gravatar.com\/avatar\/8dfa38373c5e39821baf74c8e867a6f12e12c6dab6559aa999d10703b0b1c4ce?s=96&d=mm&r=g","caption":"Tom\u00e1\u0161 Koppl"},"url":"https:\/\/www.smedemokrati.sk\/sv\/author\/tomaskoppl\/"}]}},"_links":{"self":[{"href":"https:\/\/www.smedemokrati.sk\/sv\/wp-json\/wp\/v2\/posts\/2243","targetHints":{"allow":["GET"]}}],"collection":[{"href":"https:\/\/www.smedemokrati.sk\/sv\/wp-json\/wp\/v2\/posts"}],"about":[{"href":"https:\/\/www.smedemokrati.sk\/sv\/wp-json\/wp\/v2\/types\/post"}],"author":[{"embeddable":true,"href":"https:\/\/www.smedemokrati.sk\/sv\/wp-json\/wp\/v2\/users\/7"}],"replies":[{"embeddable":true,"href":"https:\/\/www.smedemokrati.sk\/sv\/wp-json\/wp\/v2\/comments?post=2243"}],"version-history":[{"count":2,"href":"https:\/\/www.smedemokrati.sk\/sv\/wp-json\/wp\/v2\/posts\/2243\/revisions"}],"predecessor-version":[{"id":2248,"href":"https:\/\/www.smedemokrati.sk\/sv\/wp-json\/wp\/v2\/posts\/2243\/revisions\/2248"}],"wp:featuredmedia":[{"embeddable":true,"href":"https:\/\/www.smedemokrati.sk\/sv\/wp-json\/wp\/v2\/media\/2251"}],"wp:attachment":[{"href":"https:\/\/www.smedemokrati.sk\/sv\/wp-json\/wp\/v2\/media?parent=2243"}],"wp:term":[{"taxonomy":"category","embeddable":true,"href":"https:\/\/www.smedemokrati.sk\/sv\/wp-json\/wp\/v2\/categories?post=2243"},{"taxonomy":"post_tag","embeddable":true,"href":"https:\/\/www.smedemokrati.sk\/sv\/wp-json\/wp\/v2\/tags?post=2243"}],"curies":[{"name":"wp","href":"https:\/\/api.w.org\/{rel}","templated":true}]}}