{"id":1848,"date":"2023-08-30T16:27:38","date_gmt":"2023-08-30T14:27:38","guid":{"rendered":"https:\/\/www.smedemokrati.sk\/?p=1848"},"modified":"2023-09-04T12:23:20","modified_gmt":"2023-09-04T10:23:20","slug":"robert-fico-je-pre-slovensko-obrovskym-bezpecnostnym-rizikom","status":"publish","type":"post","link":"https:\/\/www.smedemokrati.sk\/sv\/robert-fico-je-pre-slovensko-obrovskym-bezpecnostnym-rizikom\/","title":{"rendered":"Robert Fico je pre Slovensko obrovsk\u00fdm bezpe\u010dnostn\u00fdm rizikom"},"content":{"rendered":"<div id=\"fb-root\"><\/div>\n\n<p>To, \u010do sme videli v\u010dera vo Zvolene, nebolo ni\u010d in\u00e9, ako zhmotnenie tej \u00faplne najhor\u0161ej predstavy, ako bude Slovensko vyzera\u0165, ak vo\u013eby vyhr\u00e1 Robert Fico. Povedal to exminister obrany a podpredseda strany Demokrati Jaroslav Na\u010f v s\u00favislosti s v\u00fdrokmi politikov Smeru na ich v\u010deraj\u0161om podujat\u00ed. Na\u010f z\u00e1rove\u0148 ozna\u010dil Fica za bezpe\u010dnostn\u00e9 riziko pre Slovensko a op\u00e4tovne deklaroval, \u017ee strana Demokrati je z\u00e1rukou bezpe\u010dnosti a zahrani\u010dno-politick\u00e9ho smerovania Slovenska.<\/p>\n\n\n\n<p>\u201eSpochyb\u0148ovanie \u010dlenstva Slovenska v E\u00da a NATO, spochybnenie na\u0161ich z\u00e1ujmov a poni\u017eovanie a ur\u00e1\u017eanie na\u0161ich spojencov boli s\u00fa\u010das\u0165ou v\u010deraj\u0161ieho katastrof\u00e1lneho stretnutia. Robert Fico je pre Slovensko obrovsk\u00fdm bezpe\u010dnostn\u00fdm riziko. My v strane Demokrati sme, bohu\u017eia\u013e, op\u00e4\u0165 jedin\u00ed, ktor\u00ed s\u00fa odhodlan\u00ed sa Ficovi postavi\u0165 a sme jednozna\u010dnou a nespochybnite\u013enou garanciou bezpe\u010dn\u00e9ho zahrani\u010dno-politick\u00e9ho smerovania Slovenska. Z tejto poz\u00edcie neuhneme ani o milimeter,\u201c vyhl\u00e1sil Na\u010f a z\u00e1rove\u0148 pripomenul, \u017ee u\u017e vl\u00e1da Eduarda Hegera bola prv\u00e1 po dlhom \u010dase, ktor\u00e1 spo\u013eahlivo a odhodlane dr\u017eala Slovensko na z\u00e1pade, do ktor\u00e9ho patr\u00ed ekonomicky, kult\u00farne a tie\u017e z bezpe\u010dnostn\u00e9ho h\u013eadiska.<\/p>\n\n\n\n<p>\u201eV\u010dera vo Zvolene sme mali mo\u017enos\u0165 vidie\u0165 spolupr\u00e1cu kolaborantov a z\u00e1rove\u0148 zhmotnenie bezpe\u010dnostn\u00e9ho ohrozenia Slovenskej republiky. Som ve\u013emi r\u00e1d, \u017ee nikto z relevantn\u00fdch diplomatov neprijal pozvanie Smeru na toto stretnutie kolaborantov a jasne sa tak uk\u00e1zalo, \u017ee Fico je na medzin\u00e1rodnom poli diskvalifikovan\u00fd,\u201c povedal Na\u010f.<\/p>\n\n\n\n<p>Jaroslav Na\u010f deklaroval, \u017ee ak voli\u010di daj\u00fa vo vo\u013eb\u00e1ch svoju d\u00f4veru strane Demokrati, zo Slovenska sa v \u017eiadnom pr\u00edpade nestane \u010dierna diera Eur\u00f3py, ako to hroz\u00ed v pr\u00edpade Ficovej vl\u00e1dy. \u201eE\u00da a NATO s\u00fa o slobode, bezpe\u010dnosti, spolupr\u00e1ci, no Fico nem\u00e1 hanbu tvrdi\u0165, \u017ee v\u0161etko zlo ide zo z\u00e1padu. Nem\u00f4\u017eeme t\u00fato situ\u00e1ciu podceni\u0165. Preto garantujeme: jednozna\u010dn\u00e9 \u010dlenstvo v E\u00da a NATO, invest\u00edcie do obrany a bezpe\u010dnosti, podporu slovensk\u00e9mu obrann\u00e9mu priemyslu, spr\u00edsnime tresty za spolupr\u00e1cu s rusk\u00fdmi tajn\u00fdmi slu\u017ebami, a prijmeme legislat\u00edvu, ktor\u00e1 z\u00e1sadn\u00fdm sp\u00f4sobom oslab\u00ed \u0161\u00edrenie ruskej propagandy v na\u0161om medi\u00e1lnom priestore,\u201c pris\u013e\u00fabil Na\u010f.<\/p>\n\n\n\n<p>\u010clen predsedn\u00edctva strany Demokrati J\u00e1n Budaj prirovnal v\u010deraj\u0161ie podujatie Smeru vo Zvolene k pr\u00edpadu, ak by po\u010das SNP slovensk\u00ed politici br\u00e1nili zahrani\u010dnej pomoci pri obrane Slovenska. \u201eRusko m\u00e1 v\u017edy svoje skupiny kolaborantov a dnes s\u00fa nimi t\u00ed, ktor\u00ed v\u010dera vo Zvolene brojili proti bezpe\u010dnosti Slovenska. Niekto o\u010dividne chce odzbroji\u0165 Slovensko a zbavi\u0165 n\u00e1s spojencov,\u201c kon\u0161tatoval Budaj.<\/p>\n\n\n\n<p class=\"has-text-align-left\">Volebn\u00e1 l\u00edderka Demokratov Andrea Letanovsk\u00e1 na z\u00e1ver pr\u00edzvukovala, \u017ee demokratick\u00e9 strany by mali jasne deklarova\u0165, \u010di stoja na strane euroatlantick\u00e9ho smerovania Slovenska a s\u00fa ochotn\u00e9 ho br\u00e1ni\u0165. \u201eKde s\u00fa dnes strany ako KDH, O\u013eano, SaS? Nevidia t\u00fa hrozbu? My v strane Demokrati sa t\u00fdmto hrozb\u00e1m postav\u00edme a sme odhodlan\u00ed proti nim na\u010falej bojova\u0165. M\u00f4\u017eem v\u00e1m garantova\u0165, \u017ee my, Demokrati nedopust\u00edme, aby sa Slovensko stalo Putinov\u00fdm satelitom.\u201c<br><\/p>\n\n\n\n<p class=\"has-text-align-right\">Zdroj foto: SITA<\/p>\n","protected":false},"excerpt":{"rendered":"<p>To, \u010do sme videli v\u010dera vo Zvolene, nebolo ni\u010d in\u00e9, ako zhmotnenie tej \u00faplne najhor\u0161ej predstavy, ako bude Slovensko vyzera\u0165, ak vo\u013eby vyhr\u00e1 Robert Fico. Povedal to exminister obrany a podpredseda strany Demokrati Jaroslav Na\u010f v s\u00favislosti s v\u00fdrokmi politikov Smeru na ich v\u010deraj\u0161om podujat\u00ed. Na\u010f z\u00e1rove\u0148 ozna\u010dil Fica za bezpe\u010dnostn\u00e9 riziko pre Slovensko a [&hellip;]<\/p>\n","protected":false},"author":7,"featured_media":1849,"comment_status":"closed","ping_status":"closed","sticky":false,"template":"","format":"standard","meta":{"_acf_changed":false,"ngg_post_thumbnail":0,"footnotes":""},"categories":[4],"tags":[],"class_list":["post-1848","post","type-post","status-publish","format-standard","has-post-thumbnail","hentry","category-tlacove-spravy"],"acf":[],"yoast_head":"<!-- This site is optimized with the Yoast SEO plugin v27.2 - https:\/\/yoast.com\/product\/yoast-seo-wordpress\/ -->\n<title>Robert Fico je pre Slovensko obrovsk\u00fdm bezpe\u010dnostn\u00fdm rizikom - Smedemokrati.sk<\/title>\n<meta name=\"robots\" content=\"index, follow, max-snippet:-1, max-image-preview:large, max-video-preview:-1\" \/>\n<link rel=\"canonical\" href=\"https:\/\/www.smedemokrati.sk\/sv\/robert-fico-je-pre-slovensko-obrovskym-bezpecnostnym-rizikom\/\" \/>\n<meta property=\"og:locale\" content=\"sv_SE\" \/>\n<meta property=\"og:locale:alternate\" content=\"en_US\" \/>\n<meta property=\"og:locale:alternate\" content=\"cs_CZ\" \/>\n<meta property=\"og:locale:alternate\" content=\"hu_HU\" \/>\n<meta property=\"og:locale:alternate\" content=\"sk_SK\" \/>\n<meta property=\"og:type\" content=\"article\" \/>\n<meta property=\"og:title\" content=\"Robert Fico je pre Slovensko obrovsk\u00fdm bezpe\u010dnostn\u00fdm rizikom - Smedemokrati.sk\" \/>\n<meta property=\"og:description\" content=\"To, \u010do sme videli v\u010dera vo Zvolene, nebolo ni\u010d in\u00e9, ako zhmotnenie tej \u00faplne najhor\u0161ej predstavy, ako bude Slovensko vyzera\u0165, ak vo\u013eby vyhr\u00e1 Robert Fico. Povedal to exminister obrany a podpredseda strany Demokrati Jaroslav Na\u010f v s\u00favislosti s v\u00fdrokmi politikov Smeru na ich v\u010deraj\u0161om podujat\u00ed. Na\u010f z\u00e1rove\u0148 ozna\u010dil Fica za bezpe\u010dnostn\u00e9 riziko pre Slovensko a [&hellip;]\" \/>\n<meta property=\"og:url\" content=\"https:\/\/www.smedemokrati.sk\/sv\/robert-fico-je-pre-slovensko-obrovskym-bezpecnostnym-rizikom\/\" \/>\n<meta property=\"og:site_name\" content=\"Smedemokrati.sk\" \/>\n<meta property=\"article:publisher\" content=\"https:\/\/www.facebook.com\/smedemokrati2023\" \/>\n<meta property=\"article:published_time\" content=\"2023-08-30T14:27:38+00:00\" \/>\n<meta property=\"article:modified_time\" content=\"2023-09-04T10:23:20+00:00\" \/>\n<meta property=\"og:image\" content=\"https:\/\/www.smedemokrati.sk\/wp-content\/uploads\/2023\/08\/smer-lubos-blaha-robert-fico-zvolen-oslavy-snp-miroslav-suja_06-galeria.jpg\" \/>\n\t<meta property=\"og:image:width\" content=\"1200\" \/>\n\t<meta property=\"og:image:height\" content=\"800\" \/>\n\t<meta property=\"og:image:type\" content=\"image\/jpeg\" \/>\n<meta name=\"author\" content=\"Tom\u00e1\u0161 Koppl\" \/>\n<meta name=\"twitter:card\" content=\"summary_large_image\" \/>\n<meta name=\"twitter:label1\" content=\"Skriven av\" \/>\n\t<meta name=\"twitter:data1\" content=\"Tom\u00e1\u0161 Koppl\" \/>\n\t<meta name=\"twitter:label2\" content=\"Ber\u00e4knad l\u00e4stid\" \/>\n\t<meta name=\"twitter:data2\" content=\"3 minuter\" \/>\n<script type=\"application\/ld+json\" class=\"yoast-schema-graph\">{\"@context\":\"https:\/\/schema.org\",\"@graph\":[{\"@type\":\"Article\",\"@id\":\"https:\/\/www.smedemokrati.sk\/robert-fico-je-pre-slovensko-obrovskym-bezpecnostnym-rizikom\/#article\",\"isPartOf\":{\"@id\":\"https:\/\/www.smedemokrati.sk\/robert-fico-je-pre-slovensko-obrovskym-bezpecnostnym-rizikom\/\"},\"author\":{\"name\":\"Tom\u00e1\u0161 Koppl\",\"@id\":\"https:\/\/www.smedemokrati.sk\/#\/schema\/person\/c60720f4b9955b3c1ed222ebd1fbbc7c\"},\"headline\":\"Robert Fico je pre Slovensko obrovsk\u00fdm bezpe\u010dnostn\u00fdm rizikom\",\"datePublished\":\"2023-08-30T14:27:38+00:00\",\"dateModified\":\"2023-09-04T10:23:20+00:00\",\"mainEntityOfPage\":{\"@id\":\"https:\/\/www.smedemokrati.sk\/robert-fico-je-pre-slovensko-obrovskym-bezpecnostnym-rizikom\/\"},\"wordCount\":554,\"publisher\":{\"@id\":\"https:\/\/www.smedemokrati.sk\/#organization\"},\"image\":{\"@id\":\"https:\/\/www.smedemokrati.sk\/robert-fico-je-pre-slovensko-obrovskym-bezpecnostnym-rizikom\/#primaryimage\"},\"thumbnailUrl\":\"https:\/\/www.smedemokrati.sk\/wp-content\/uploads\/2023\/08\/smer-lubos-blaha-robert-fico-zvolen-oslavy-snp-miroslav-suja_06-galeria.jpg\",\"articleSection\":[\"Tla\u010dov\u00e9 spr\u00e1vy\"],\"inLanguage\":\"sv-SE\"},{\"@type\":\"WebPage\",\"@id\":\"https:\/\/www.smedemokrati.sk\/robert-fico-je-pre-slovensko-obrovskym-bezpecnostnym-rizikom\/\",\"url\":\"https:\/\/www.smedemokrati.sk\/robert-fico-je-pre-slovensko-obrovskym-bezpecnostnym-rizikom\/\",\"name\":\"Robert Fico je pre Slovensko obrovsk\u00fdm bezpe\u010dnostn\u00fdm rizikom - Smedemokrati.sk\",\"isPartOf\":{\"@id\":\"https:\/\/www.smedemokrati.sk\/#website\"},\"primaryImageOfPage\":{\"@id\":\"https:\/\/www.smedemokrati.sk\/robert-fico-je-pre-slovensko-obrovskym-bezpecnostnym-rizikom\/#primaryimage\"},\"image\":{\"@id\":\"https:\/\/www.smedemokrati.sk\/robert-fico-je-pre-slovensko-obrovskym-bezpecnostnym-rizikom\/#primaryimage\"},\"thumbnailUrl\":\"https:\/\/www.smedemokrati.sk\/wp-content\/uploads\/2023\/08\/smer-lubos-blaha-robert-fico-zvolen-oslavy-snp-miroslav-suja_06-galeria.jpg\",\"datePublished\":\"2023-08-30T14:27:38+00:00\",\"dateModified\":\"2023-09-04T10:23:20+00:00\",\"breadcrumb\":{\"@id\":\"https:\/\/www.smedemokrati.sk\/robert-fico-je-pre-slovensko-obrovskym-bezpecnostnym-rizikom\/#breadcrumb\"},\"inLanguage\":\"sv-SE\",\"potentialAction\":[{\"@type\":\"ReadAction\",\"target\":[\"https:\/\/www.smedemokrati.sk\/robert-fico-je-pre-slovensko-obrovskym-bezpecnostnym-rizikom\/\"]}]},{\"@type\":\"ImageObject\",\"inLanguage\":\"sv-SE\",\"@id\":\"https:\/\/www.smedemokrati.sk\/robert-fico-je-pre-slovensko-obrovskym-bezpecnostnym-rizikom\/#primaryimage\",\"url\":\"https:\/\/www.smedemokrati.sk\/wp-content\/uploads\/2023\/08\/smer-lubos-blaha-robert-fico-zvolen-oslavy-snp-miroslav-suja_06-galeria.jpg\",\"contentUrl\":\"https:\/\/www.smedemokrati.sk\/wp-content\/uploads\/2023\/08\/smer-lubos-blaha-robert-fico-zvolen-oslavy-snp-miroslav-suja_06-galeria.jpg\",\"width\":1200,\"height\":800},{\"@type\":\"BreadcrumbList\",\"@id\":\"https:\/\/www.smedemokrati.sk\/robert-fico-je-pre-slovensko-obrovskym-bezpecnostnym-rizikom\/#breadcrumb\",\"itemListElement\":[{\"@type\":\"ListItem\",\"position\":1,\"name\":\"Domovsk\u00e1 str\u00e1nka\",\"item\":\"https:\/\/www.smedemokrati.sk\/\"},{\"@type\":\"ListItem\",\"position\":2,\"name\":\"Robert Fico je pre Slovensko obrovsk\u00fdm bezpe\u010dnostn\u00fdm rizikom\"}]},{\"@type\":\"WebSite\",\"@id\":\"https:\/\/www.smedemokrati.sk\/#website\",\"url\":\"https:\/\/www.smedemokrati.sk\/\",\"name\":\"Smedemokrati.sk\",\"description\":\"Demokracia a slu\u0161nos\u0165 zv\u00ed\u0165az\u00ed\",\"publisher\":{\"@id\":\"https:\/\/www.smedemokrati.sk\/#organization\"},\"potentialAction\":[{\"@type\":\"SearchAction\",\"target\":{\"@type\":\"EntryPoint\",\"urlTemplate\":\"https:\/\/www.smedemokrati.sk\/?s={search_term_string}\"},\"query-input\":{\"@type\":\"PropertyValueSpecification\",\"valueRequired\":true,\"valueName\":\"search_term_string\"}}],\"inLanguage\":\"sv-SE\"},{\"@type\":\"Organization\",\"@id\":\"https:\/\/www.smedemokrati.sk\/#organization\",\"name\":\"Smedemokrati.sk\",\"url\":\"https:\/\/www.smedemokrati.sk\/\",\"logo\":{\"@type\":\"ImageObject\",\"inLanguage\":\"sv-SE\",\"@id\":\"https:\/\/www.smedemokrati.sk\/#\/schema\/logo\/image\/\",\"url\":\"https:\/\/www.smedemokrati.sk\/wp-content\/uploads\/2023\/04\/ff.002.jpeg\",\"contentUrl\":\"https:\/\/www.smedemokrati.sk\/wp-content\/uploads\/2023\/04\/ff.002.jpeg\",\"width\":640,\"height\":480,\"caption\":\"Smedemokrati.sk\"},\"image\":{\"@id\":\"https:\/\/www.smedemokrati.sk\/#\/schema\/logo\/image\/\"},\"sameAs\":[\"https:\/\/www.facebook.com\/smedemokrati2023\"]},{\"@type\":\"Person\",\"@id\":\"https:\/\/www.smedemokrati.sk\/#\/schema\/person\/c60720f4b9955b3c1ed222ebd1fbbc7c\",\"name\":\"Tom\u00e1\u0161 Koppl\",\"image\":{\"@type\":\"ImageObject\",\"inLanguage\":\"sv-SE\",\"@id\":\"https:\/\/secure.gravatar.com\/avatar\/8dfa38373c5e39821baf74c8e867a6f12e12c6dab6559aa999d10703b0b1c4ce?s=96&d=mm&r=g\",\"url\":\"https:\/\/secure.gravatar.com\/avatar\/8dfa38373c5e39821baf74c8e867a6f12e12c6dab6559aa999d10703b0b1c4ce?s=96&d=mm&r=g\",\"contentUrl\":\"https:\/\/secure.gravatar.com\/avatar\/8dfa38373c5e39821baf74c8e867a6f12e12c6dab6559aa999d10703b0b1c4ce?s=96&d=mm&r=g\",\"caption\":\"Tom\u00e1\u0161 Koppl\"},\"url\":\"https:\/\/www.smedemokrati.sk\/sv\/author\/tomaskoppl\/\"}]}<\/script>\n<!-- \/ Yoast SEO plugin. -->","yoast_head_json":{"title":"Robert Fico je pre Slovensko obrovsk\u00fdm bezpe\u010dnostn\u00fdm rizikom - Smedemokrati.sk","robots":{"index":"index","follow":"follow","max-snippet":"max-snippet:-1","max-image-preview":"max-image-preview:large","max-video-preview":"max-video-preview:-1"},"canonical":"https:\/\/www.smedemokrati.sk\/sv\/robert-fico-je-pre-slovensko-obrovskym-bezpecnostnym-rizikom\/","og_locale":"sv_SE","og_type":"article","og_title":"Robert Fico je pre Slovensko obrovsk\u00fdm bezpe\u010dnostn\u00fdm rizikom - Smedemokrati.sk","og_description":"To, \u010do sme videli v\u010dera vo Zvolene, nebolo ni\u010d in\u00e9, ako zhmotnenie tej \u00faplne najhor\u0161ej predstavy, ako bude Slovensko vyzera\u0165, ak vo\u013eby vyhr\u00e1 Robert Fico. Povedal to exminister obrany a podpredseda strany Demokrati Jaroslav Na\u010f v s\u00favislosti s v\u00fdrokmi politikov Smeru na ich v\u010deraj\u0161om podujat\u00ed. Na\u010f z\u00e1rove\u0148 ozna\u010dil Fica za bezpe\u010dnostn\u00e9 riziko pre Slovensko a [&hellip;]","og_url":"https:\/\/www.smedemokrati.sk\/sv\/robert-fico-je-pre-slovensko-obrovskym-bezpecnostnym-rizikom\/","og_site_name":"Smedemokrati.sk","article_publisher":"https:\/\/www.facebook.com\/smedemokrati2023","article_published_time":"2023-08-30T14:27:38+00:00","article_modified_time":"2023-09-04T10:23:20+00:00","og_image":[{"width":1200,"height":800,"url":"https:\/\/www.smedemokrati.sk\/wp-content\/uploads\/2023\/08\/smer-lubos-blaha-robert-fico-zvolen-oslavy-snp-miroslav-suja_06-galeria.jpg","type":"image\/jpeg"}],"author":"Tom\u00e1\u0161 Koppl","twitter_card":"summary_large_image","twitter_misc":{"Skriven av":"Tom\u00e1\u0161 Koppl","Ber\u00e4knad l\u00e4stid":"3 minuter"},"schema":{"@context":"https:\/\/schema.org","@graph":[{"@type":"Article","@id":"https:\/\/www.smedemokrati.sk\/robert-fico-je-pre-slovensko-obrovskym-bezpecnostnym-rizikom\/#article","isPartOf":{"@id":"https:\/\/www.smedemokrati.sk\/robert-fico-je-pre-slovensko-obrovskym-bezpecnostnym-rizikom\/"},"author":{"name":"Tom\u00e1\u0161 Koppl","@id":"https:\/\/www.smedemokrati.sk\/#\/schema\/person\/c60720f4b9955b3c1ed222ebd1fbbc7c"},"headline":"Robert Fico je pre Slovensko obrovsk\u00fdm bezpe\u010dnostn\u00fdm rizikom","datePublished":"2023-08-30T14:27:38+00:00","dateModified":"2023-09-04T10:23:20+00:00","mainEntityOfPage":{"@id":"https:\/\/www.smedemokrati.sk\/robert-fico-je-pre-slovensko-obrovskym-bezpecnostnym-rizikom\/"},"wordCount":554,"publisher":{"@id":"https:\/\/www.smedemokrati.sk\/#organization"},"image":{"@id":"https:\/\/www.smedemokrati.sk\/robert-fico-je-pre-slovensko-obrovskym-bezpecnostnym-rizikom\/#primaryimage"},"thumbnailUrl":"https:\/\/www.smedemokrati.sk\/wp-content\/uploads\/2023\/08\/smer-lubos-blaha-robert-fico-zvolen-oslavy-snp-miroslav-suja_06-galeria.jpg","articleSection":["Tla\u010dov\u00e9 spr\u00e1vy"],"inLanguage":"sv-SE"},{"@type":"WebPage","@id":"https:\/\/www.smedemokrati.sk\/robert-fico-je-pre-slovensko-obrovskym-bezpecnostnym-rizikom\/","url":"https:\/\/www.smedemokrati.sk\/robert-fico-je-pre-slovensko-obrovskym-bezpecnostnym-rizikom\/","name":"Robert Fico je pre Slovensko obrovsk\u00fdm bezpe\u010dnostn\u00fdm rizikom - Smedemokrati.sk","isPartOf":{"@id":"https:\/\/www.smedemokrati.sk\/#website"},"primaryImageOfPage":{"@id":"https:\/\/www.smedemokrati.sk\/robert-fico-je-pre-slovensko-obrovskym-bezpecnostnym-rizikom\/#primaryimage"},"image":{"@id":"https:\/\/www.smedemokrati.sk\/robert-fico-je-pre-slovensko-obrovskym-bezpecnostnym-rizikom\/#primaryimage"},"thumbnailUrl":"https:\/\/www.smedemokrati.sk\/wp-content\/uploads\/2023\/08\/smer-lubos-blaha-robert-fico-zvolen-oslavy-snp-miroslav-suja_06-galeria.jpg","datePublished":"2023-08-30T14:27:38+00:00","dateModified":"2023-09-04T10:23:20+00:00","breadcrumb":{"@id":"https:\/\/www.smedemokrati.sk\/robert-fico-je-pre-slovensko-obrovskym-bezpecnostnym-rizikom\/#breadcrumb"},"inLanguage":"sv-SE","potentialAction":[{"@type":"ReadAction","target":["https:\/\/www.smedemokrati.sk\/robert-fico-je-pre-slovensko-obrovskym-bezpecnostnym-rizikom\/"]}]},{"@type":"ImageObject","inLanguage":"sv-SE","@id":"https:\/\/www.smedemokrati.sk\/robert-fico-je-pre-slovensko-obrovskym-bezpecnostnym-rizikom\/#primaryimage","url":"https:\/\/www.smedemokrati.sk\/wp-content\/uploads\/2023\/08\/smer-lubos-blaha-robert-fico-zvolen-oslavy-snp-miroslav-suja_06-galeria.jpg","contentUrl":"https:\/\/www.smedemokrati.sk\/wp-content\/uploads\/2023\/08\/smer-lubos-blaha-robert-fico-zvolen-oslavy-snp-miroslav-suja_06-galeria.jpg","width":1200,"height":800},{"@type":"BreadcrumbList","@id":"https:\/\/www.smedemokrati.sk\/robert-fico-je-pre-slovensko-obrovskym-bezpecnostnym-rizikom\/#breadcrumb","itemListElement":[{"@type":"ListItem","position":1,"name":"Domovsk\u00e1 str\u00e1nka","item":"https:\/\/www.smedemokrati.sk\/"},{"@type":"ListItem","position":2,"name":"Robert Fico je pre Slovensko obrovsk\u00fdm bezpe\u010dnostn\u00fdm rizikom"}]},{"@type":"WebSite","@id":"https:\/\/www.smedemokrati.sk\/#website","url":"https:\/\/www.smedemokrati.sk\/","name":"Smedemokrati.sk","description":"Demokracia a slu\u0161nos\u0165 zv\u00ed\u0165az\u00ed","publisher":{"@id":"https:\/\/www.smedemokrati.sk\/#organization"},"potentialAction":[{"@type":"SearchAction","target":{"@type":"EntryPoint","urlTemplate":"https:\/\/www.smedemokrati.sk\/?s={search_term_string}"},"query-input":{"@type":"PropertyValueSpecification","valueRequired":true,"valueName":"search_term_string"}}],"inLanguage":"sv-SE"},{"@type":"Organization","@id":"https:\/\/www.smedemokrati.sk\/#organization","name":"Smedemokrati.sk","url":"https:\/\/www.smedemokrati.sk\/","logo":{"@type":"ImageObject","inLanguage":"sv-SE","@id":"https:\/\/www.smedemokrati.sk\/#\/schema\/logo\/image\/","url":"https:\/\/www.smedemokrati.sk\/wp-content\/uploads\/2023\/04\/ff.002.jpeg","contentUrl":"https:\/\/www.smedemokrati.sk\/wp-content\/uploads\/2023\/04\/ff.002.jpeg","width":640,"height":480,"caption":"Smedemokrati.sk"},"image":{"@id":"https:\/\/www.smedemokrati.sk\/#\/schema\/logo\/image\/"},"sameAs":["https:\/\/www.facebook.com\/smedemokrati2023"]},{"@type":"Person","@id":"https:\/\/www.smedemokrati.sk\/#\/schema\/person\/c60720f4b9955b3c1ed222ebd1fbbc7c","name":"Tom\u00e1\u0161 Koppl","image":{"@type":"ImageObject","inLanguage":"sv-SE","@id":"https:\/\/secure.gravatar.com\/avatar\/8dfa38373c5e39821baf74c8e867a6f12e12c6dab6559aa999d10703b0b1c4ce?s=96&d=mm&r=g","url":"https:\/\/secure.gravatar.com\/avatar\/8dfa38373c5e39821baf74c8e867a6f12e12c6dab6559aa999d10703b0b1c4ce?s=96&d=mm&r=g","contentUrl":"https:\/\/secure.gravatar.com\/avatar\/8dfa38373c5e39821baf74c8e867a6f12e12c6dab6559aa999d10703b0b1c4ce?s=96&d=mm&r=g","caption":"Tom\u00e1\u0161 Koppl"},"url":"https:\/\/www.smedemokrati.sk\/sv\/author\/tomaskoppl\/"}]}},"_links":{"self":[{"href":"https:\/\/www.smedemokrati.sk\/sv\/wp-json\/wp\/v2\/posts\/1848","targetHints":{"allow":["GET"]}}],"collection":[{"href":"https:\/\/www.smedemokrati.sk\/sv\/wp-json\/wp\/v2\/posts"}],"about":[{"href":"https:\/\/www.smedemokrati.sk\/sv\/wp-json\/wp\/v2\/types\/post"}],"author":[{"embeddable":true,"href":"https:\/\/www.smedemokrati.sk\/sv\/wp-json\/wp\/v2\/users\/7"}],"replies":[{"embeddable":true,"href":"https:\/\/www.smedemokrati.sk\/sv\/wp-json\/wp\/v2\/comments?post=1848"}],"version-history":[{"count":1,"href":"https:\/\/www.smedemokrati.sk\/sv\/wp-json\/wp\/v2\/posts\/1848\/revisions"}],"predecessor-version":[{"id":1850,"href":"https:\/\/www.smedemokrati.sk\/sv\/wp-json\/wp\/v2\/posts\/1848\/revisions\/1850"}],"wp:featuredmedia":[{"embeddable":true,"href":"https:\/\/www.smedemokrati.sk\/sv\/wp-json\/wp\/v2\/media\/1849"}],"wp:attachment":[{"href":"https:\/\/www.smedemokrati.sk\/sv\/wp-json\/wp\/v2\/media?parent=1848"}],"wp:term":[{"taxonomy":"category","embeddable":true,"href":"https:\/\/www.smedemokrati.sk\/sv\/wp-json\/wp\/v2\/categories?post=1848"},{"taxonomy":"post_tag","embeddable":true,"href":"https:\/\/www.smedemokrati.sk\/sv\/wp-json\/wp\/v2\/tags?post=1848"}],"curies":[{"name":"wp","href":"https:\/\/api.w.org\/{rel}","templated":true}]}}