{"id":1796,"date":"2023-08-22T18:15:49","date_gmt":"2023-08-22T16:15:49","guid":{"rendered":"https:\/\/www.smedemokrati.sk\/?p=1796"},"modified":"2023-08-22T18:15:50","modified_gmt":"2023-08-22T16:15:50","slug":"kto-ziada-vojensku-neutralitu-slovenska-ziada-nasu-bezpecnostnu-samovrazdu","status":"publish","type":"post","link":"https:\/\/www.smedemokrati.sk\/sv\/kto-ziada-vojensku-neutralitu-slovenska-ziada-nasu-bezpecnostnu-samovrazdu\/","title":{"rendered":"Kto \u017eiada vojensk\u00fa neutralitu Slovenska, \u017eiada na\u0161u bezpe\u010dnostn\u00fa samovra\u017edu"},"content":{"rendered":"<div id=\"fb-root\"><\/div>\n\n<p><strong>Jaroslav Na\u010f:&nbsp;<\/strong>\u201e<strong>Kto \u017eiada vojensk\u00fa neutralitu Slovenska, \u017eiada na\u0161u bezpe\u010dnostn\u00fa samovra\u017edu.\u201c<\/strong><\/p>\n\n\n\n<p>Demokrati Eduarda Hegera op\u00e4tovne vyz\u00fdvaj\u00fa demokratick\u00e9 strany, aby jasne deklarovali svoje zahrani\u010dno-politick\u00e9 smerovanie a z\u00e1sadne ods\u00fadili intenz\u00edvny tlak extr\u00e9mistick\u00e9ho spektra, ktor\u00fd m\u00f4\u017ee ma\u0165 za n\u00e1sledok bezpe\u010dnostn\u00e9 ohrozenie Slovenska. Podpredseda Demokratov a exminister Jaroslav Na\u010f upozor\u0148uje, \u017ee snahy o vyst\u00fapenie z najsilnej\u0161ej obrannej Aliancie, m\u00f4\u017eu ma\u0165 priame dopady na Ozbrojen\u00e9 sily SR a tie\u017e bezpe\u010dnos\u0165 ob\u010danov:<\/p>\n\n\n\n<p><strong>\u201eKto \u017eiada vojensk\u00fa neutralitu, mus\u00ed si by\u0165 vedom\u00ed, \u017ee \u017eiada bezpe\u010dnostn\u00fa samovra\u017edu Slovenska. Odchod z NATO by znamenal odchod techniky za miliardy, ktor\u00fa sa n\u00e1m podarilo na Slovensko dosta\u0165, odchod spojencov, ktor\u00ed s\u00fa pripraven\u00ed n\u00e1s chr\u00e1ni\u0165, stopnutie akejko\u013evek spolupr\u00e1ce, \u010di u\u017e pri ochrane n\u00e1\u0161ho vzdu\u0161n\u00e9ho priestoru, pri spolo\u010dn\u00fdch vojensk\u00fdch cvi\u010deniach a mno\u017estva \u010fal\u0161\u00edch projektov. Nebu\u010fme naivn\u00ed, matematika nepust\u00ed, v NATO s\u00fa spolu mili\u00f3ny vojakov, ktor\u00ed s\u00fa ochotn\u00ed spoji\u0165 sily v prospech ktorejko\u013evek \u010dlenskej krajiny.\u201c<\/strong>&nbsp;Na\u010f z\u00e1rove\u0148 pripomenul, \u017ee doteraz bolo neutr\u00e1lnou krajinou aj vyspel\u00e9 F\u00ednsko a \u0160v\u00e9dsko, ktor\u00e9 uvedomuj\u00fac si s\u00fa\u010dasn\u00fa geopolitick\u00fa realitu, prejavili svoj z\u00e1ujem by\u0165 s\u00fa\u010das\u0165ou Aliancie.<\/p>\n\n\n\n<p><strong>\u201eT\u00e1to debata je jeden ve\u013ek\u00fd nelogick\u00fd absurd. Aliancia sa rozrast\u00e1, \u010fal\u0161ie krajiny prich\u00e1dzaj\u00fa, preto\u017ee si uvedomuj\u00fa, \u017ee v jednote je sila a extr\u00e9misti a fa\u0161isti lamentuj\u00fa a burcuj\u00fa n\u00e1rod, \u010di osta\u0165 pod kr\u00eddlami garanta na\u0161ej bezpe\u010dnosti. Ak by sa to stalo, boli by sme v\u00f4bec prv\u00fdm pr\u00edpadom, kedy by sa \u010dlensk\u00e1 krajina dobrovo\u013ene rozhodla oslabi\u0165 svoju bezpe\u010dnos\u0165.\u201c<\/strong>&nbsp;Upozornil Na\u010f a dodal, \u017ee Slovensko si ako susediaca krajina s Ukrajinou, kde prebieha vojensk\u00fd konflikt, nem\u00f4\u017ee dovoli\u0165 ani len uva\u017eova\u0165 o osamostatnen\u00ed sa vo vojenskej oblasti.<\/p>\n\n\n\n<p>Predseda Demokratov Eduard Heger komentuje, \u017ee NATO u\u017e po\u010das svojej existencie obh\u00e1jilo svoj v\u00fdznam:&nbsp;<strong>\u201ePo\u010das existencie Aliancie neprebiehal ani raz \u017eiaden vojensk\u00fd konflikt na \u00fazem\u00ed ktorejko\u013evek \u010dlenskej krajiny. By\u0165 vojensky neutr\u00e1lny znamen\u00e1 da\u0165 Slovensko na podnose V. Putinovi. Ani Ukrajinci neverili, \u017ee ich Rusi bezd\u00f4vodne napadn\u00fa a \u017eia\u013e, stalo sa. By\u0165 neutr\u00e1lny, znamen\u00e1 by\u0165 s\u00e1m, bez kohoko\u013evek pomoci v kr\u00edzov\u00fdch situ\u00e1ci\u00e1ch. Zamyslime sa, ak Rusov neodradila po\u010detn\u00e1 ukrajinsk\u00e1 arm\u00e1da, nevid\u00edm d\u00f4vod na to, aby ich odradilo osamoten\u00e9 Slovensko, ktor\u00e9mu by nikto nedr\u017eal chrb\u00e1t.\u201c<\/strong>Demokrati z\u00e1rove\u0148 apeluj\u00fa na ob\u010danov, aby d\u00f4kladne vn\u00edmali toto bezpe\u010dnostn\u00e9 riziko, ku ktor\u00e9mu n\u00e1s ako krajinu, chc\u00fa zaviaza\u0165 extr\u00e9mistick\u00e9 a prorusk\u00e9 politick\u00e9 strany.<\/p>\n","protected":false},"excerpt":{"rendered":"<p>Jaroslav Na\u010f:&nbsp;\u201eKto \u017eiada vojensk\u00fa neutralitu Slovenska, \u017eiada na\u0161u bezpe\u010dnostn\u00fa samovra\u017edu.\u201c Demokrati Eduarda Hegera op\u00e4tovne vyz\u00fdvaj\u00fa demokratick\u00e9 strany, aby jasne deklarovali svoje zahrani\u010dno-politick\u00e9 smerovanie a z\u00e1sadne ods\u00fadili intenz\u00edvny tlak extr\u00e9mistick\u00e9ho spektra, ktor\u00fd m\u00f4\u017ee ma\u0165 za n\u00e1sledok bezpe\u010dnostn\u00e9 ohrozenie Slovenska. Podpredseda Demokratov a exminister Jaroslav Na\u010f upozor\u0148uje, \u017ee snahy o vyst\u00fapenie z najsilnej\u0161ej obrannej Aliancie, m\u00f4\u017eu ma\u0165 [&hellip;]<\/p>\n","protected":false},"author":7,"featured_media":250,"comment_status":"closed","ping_status":"closed","sticky":false,"template":"","format":"standard","meta":{"_acf_changed":false,"ngg_post_thumbnail":0,"footnotes":""},"categories":[4],"tags":[],"class_list":["post-1796","post","type-post","status-publish","format-standard","has-post-thumbnail","hentry","category-tlacove-spravy"],"acf":[],"yoast_head":"<!-- This site is optimized with the Yoast SEO plugin v27.2 - https:\/\/yoast.com\/product\/yoast-seo-wordpress\/ -->\n<title>Kto \u017eiada vojensk\u00fa neutralitu Slovenska, \u017eiada na\u0161u bezpe\u010dnostn\u00fa samovra\u017edu - Smedemokrati.sk<\/title>\n<meta name=\"robots\" content=\"index, follow, max-snippet:-1, max-image-preview:large, max-video-preview:-1\" \/>\n<link rel=\"canonical\" href=\"https:\/\/www.smedemokrati.sk\/sv\/kto-ziada-vojensku-neutralitu-slovenska-ziada-nasu-bezpecnostnu-samovrazdu\/\" \/>\n<meta property=\"og:locale\" content=\"sv_SE\" \/>\n<meta property=\"og:locale:alternate\" content=\"en_US\" \/>\n<meta property=\"og:locale:alternate\" content=\"cs_CZ\" \/>\n<meta property=\"og:locale:alternate\" content=\"hu_HU\" \/>\n<meta property=\"og:locale:alternate\" content=\"sk_SK\" \/>\n<meta property=\"og:type\" content=\"article\" \/>\n<meta property=\"og:title\" content=\"Kto \u017eiada vojensk\u00fa neutralitu Slovenska, \u017eiada na\u0161u bezpe\u010dnostn\u00fa samovra\u017edu - Smedemokrati.sk\" \/>\n<meta property=\"og:description\" content=\"Jaroslav Na\u010f:&nbsp;\u201eKto \u017eiada vojensk\u00fa neutralitu Slovenska, \u017eiada na\u0161u bezpe\u010dnostn\u00fa samovra\u017edu.\u201c Demokrati Eduarda Hegera op\u00e4tovne vyz\u00fdvaj\u00fa demokratick\u00e9 strany, aby jasne deklarovali svoje zahrani\u010dno-politick\u00e9 smerovanie a z\u00e1sadne ods\u00fadili intenz\u00edvny tlak extr\u00e9mistick\u00e9ho spektra, ktor\u00fd m\u00f4\u017ee ma\u0165 za n\u00e1sledok bezpe\u010dnostn\u00e9 ohrozenie Slovenska. Podpredseda Demokratov a exminister Jaroslav Na\u010f upozor\u0148uje, \u017ee snahy o vyst\u00fapenie z najsilnej\u0161ej obrannej Aliancie, m\u00f4\u017eu ma\u0165 [&hellip;]\" \/>\n<meta property=\"og:url\" content=\"https:\/\/www.smedemokrati.sk\/sv\/kto-ziada-vojensku-neutralitu-slovenska-ziada-nasu-bezpecnostnu-samovrazdu\/\" \/>\n<meta property=\"og:site_name\" content=\"Smedemokrati.sk\" \/>\n<meta property=\"article:publisher\" content=\"https:\/\/www.facebook.com\/smedemokrati2023\" \/>\n<meta property=\"article:published_time\" content=\"2023-08-22T16:15:49+00:00\" \/>\n<meta property=\"article:modified_time\" content=\"2023-08-22T16:15:50+00:00\" \/>\n<meta property=\"og:image\" content=\"https:\/\/www.smedemokrati.sk\/wp-content\/uploads\/2023\/04\/JN.jpg\" \/>\n\t<meta property=\"og:image:width\" content=\"1520\" \/>\n\t<meta property=\"og:image:height\" content=\"1080\" \/>\n\t<meta property=\"og:image:type\" content=\"image\/jpeg\" \/>\n<meta name=\"author\" content=\"Tom\u00e1\u0161 Koppl\" \/>\n<meta name=\"twitter:card\" content=\"summary_large_image\" \/>\n<meta name=\"twitter:label1\" content=\"Skriven av\" \/>\n\t<meta name=\"twitter:data1\" content=\"Tom\u00e1\u0161 Koppl\" \/>\n\t<meta name=\"twitter:label2\" content=\"Ber\u00e4knad l\u00e4stid\" \/>\n\t<meta name=\"twitter:data2\" content=\"2 minuter\" \/>\n<script type=\"application\/ld+json\" class=\"yoast-schema-graph\">{\"@context\":\"https:\/\/schema.org\",\"@graph\":[{\"@type\":\"Article\",\"@id\":\"https:\/\/www.smedemokrati.sk\/kto-ziada-vojensku-neutralitu-slovenska-ziada-nasu-bezpecnostnu-samovrazdu\/#article\",\"isPartOf\":{\"@id\":\"https:\/\/www.smedemokrati.sk\/kto-ziada-vojensku-neutralitu-slovenska-ziada-nasu-bezpecnostnu-samovrazdu\/\"},\"author\":{\"name\":\"Tom\u00e1\u0161 Koppl\",\"@id\":\"https:\/\/www.smedemokrati.sk\/#\/schema\/person\/c60720f4b9955b3c1ed222ebd1fbbc7c\"},\"headline\":\"Kto \u017eiada vojensk\u00fa neutralitu Slovenska, \u017eiada na\u0161u bezpe\u010dnostn\u00fa samovra\u017edu\",\"datePublished\":\"2023-08-22T16:15:49+00:00\",\"dateModified\":\"2023-08-22T16:15:50+00:00\",\"mainEntityOfPage\":{\"@id\":\"https:\/\/www.smedemokrati.sk\/kto-ziada-vojensku-neutralitu-slovenska-ziada-nasu-bezpecnostnu-samovrazdu\/\"},\"wordCount\":466,\"publisher\":{\"@id\":\"https:\/\/www.smedemokrati.sk\/#organization\"},\"image\":{\"@id\":\"https:\/\/www.smedemokrati.sk\/kto-ziada-vojensku-neutralitu-slovenska-ziada-nasu-bezpecnostnu-samovrazdu\/#primaryimage\"},\"thumbnailUrl\":\"https:\/\/www.smedemokrati.sk\/wp-content\/uploads\/2023\/04\/JN.jpg\",\"articleSection\":[\"Tla\u010dov\u00e9 spr\u00e1vy\"],\"inLanguage\":\"sv-SE\"},{\"@type\":\"WebPage\",\"@id\":\"https:\/\/www.smedemokrati.sk\/kto-ziada-vojensku-neutralitu-slovenska-ziada-nasu-bezpecnostnu-samovrazdu\/\",\"url\":\"https:\/\/www.smedemokrati.sk\/kto-ziada-vojensku-neutralitu-slovenska-ziada-nasu-bezpecnostnu-samovrazdu\/\",\"name\":\"Kto \u017eiada vojensk\u00fa neutralitu Slovenska, \u017eiada na\u0161u bezpe\u010dnostn\u00fa samovra\u017edu - Smedemokrati.sk\",\"isPartOf\":{\"@id\":\"https:\/\/www.smedemokrati.sk\/#website\"},\"primaryImageOfPage\":{\"@id\":\"https:\/\/www.smedemokrati.sk\/kto-ziada-vojensku-neutralitu-slovenska-ziada-nasu-bezpecnostnu-samovrazdu\/#primaryimage\"},\"image\":{\"@id\":\"https:\/\/www.smedemokrati.sk\/kto-ziada-vojensku-neutralitu-slovenska-ziada-nasu-bezpecnostnu-samovrazdu\/#primaryimage\"},\"thumbnailUrl\":\"https:\/\/www.smedemokrati.sk\/wp-content\/uploads\/2023\/04\/JN.jpg\",\"datePublished\":\"2023-08-22T16:15:49+00:00\",\"dateModified\":\"2023-08-22T16:15:50+00:00\",\"breadcrumb\":{\"@id\":\"https:\/\/www.smedemokrati.sk\/kto-ziada-vojensku-neutralitu-slovenska-ziada-nasu-bezpecnostnu-samovrazdu\/#breadcrumb\"},\"inLanguage\":\"sv-SE\",\"potentialAction\":[{\"@type\":\"ReadAction\",\"target\":[\"https:\/\/www.smedemokrati.sk\/kto-ziada-vojensku-neutralitu-slovenska-ziada-nasu-bezpecnostnu-samovrazdu\/\"]}]},{\"@type\":\"ImageObject\",\"inLanguage\":\"sv-SE\",\"@id\":\"https:\/\/www.smedemokrati.sk\/kto-ziada-vojensku-neutralitu-slovenska-ziada-nasu-bezpecnostnu-samovrazdu\/#primaryimage\",\"url\":\"https:\/\/www.smedemokrati.sk\/wp-content\/uploads\/2023\/04\/JN.jpg\",\"contentUrl\":\"https:\/\/www.smedemokrati.sk\/wp-content\/uploads\/2023\/04\/JN.jpg\",\"width\":1520,\"height\":1080},{\"@type\":\"BreadcrumbList\",\"@id\":\"https:\/\/www.smedemokrati.sk\/kto-ziada-vojensku-neutralitu-slovenska-ziada-nasu-bezpecnostnu-samovrazdu\/#breadcrumb\",\"itemListElement\":[{\"@type\":\"ListItem\",\"position\":1,\"name\":\"Domovsk\u00e1 str\u00e1nka\",\"item\":\"https:\/\/www.smedemokrati.sk\/\"},{\"@type\":\"ListItem\",\"position\":2,\"name\":\"Kto \u017eiada vojensk\u00fa neutralitu Slovenska, \u017eiada na\u0161u bezpe\u010dnostn\u00fa samovra\u017edu\"}]},{\"@type\":\"WebSite\",\"@id\":\"https:\/\/www.smedemokrati.sk\/#website\",\"url\":\"https:\/\/www.smedemokrati.sk\/\",\"name\":\"Smedemokrati.sk\",\"description\":\"Demokracia a slu\u0161nos\u0165 zv\u00ed\u0165az\u00ed\",\"publisher\":{\"@id\":\"https:\/\/www.smedemokrati.sk\/#organization\"},\"potentialAction\":[{\"@type\":\"SearchAction\",\"target\":{\"@type\":\"EntryPoint\",\"urlTemplate\":\"https:\/\/www.smedemokrati.sk\/?s={search_term_string}\"},\"query-input\":{\"@type\":\"PropertyValueSpecification\",\"valueRequired\":true,\"valueName\":\"search_term_string\"}}],\"inLanguage\":\"sv-SE\"},{\"@type\":\"Organization\",\"@id\":\"https:\/\/www.smedemokrati.sk\/#organization\",\"name\":\"Smedemokrati.sk\",\"url\":\"https:\/\/www.smedemokrati.sk\/\",\"logo\":{\"@type\":\"ImageObject\",\"inLanguage\":\"sv-SE\",\"@id\":\"https:\/\/www.smedemokrati.sk\/#\/schema\/logo\/image\/\",\"url\":\"https:\/\/www.smedemokrati.sk\/wp-content\/uploads\/2023\/04\/ff.002.jpeg\",\"contentUrl\":\"https:\/\/www.smedemokrati.sk\/wp-content\/uploads\/2023\/04\/ff.002.jpeg\",\"width\":640,\"height\":480,\"caption\":\"Smedemokrati.sk\"},\"image\":{\"@id\":\"https:\/\/www.smedemokrati.sk\/#\/schema\/logo\/image\/\"},\"sameAs\":[\"https:\/\/www.facebook.com\/smedemokrati2023\"]},{\"@type\":\"Person\",\"@id\":\"https:\/\/www.smedemokrati.sk\/#\/schema\/person\/c60720f4b9955b3c1ed222ebd1fbbc7c\",\"name\":\"Tom\u00e1\u0161 Koppl\",\"image\":{\"@type\":\"ImageObject\",\"inLanguage\":\"sv-SE\",\"@id\":\"https:\/\/secure.gravatar.com\/avatar\/8dfa38373c5e39821baf74c8e867a6f12e12c6dab6559aa999d10703b0b1c4ce?s=96&d=mm&r=g\",\"url\":\"https:\/\/secure.gravatar.com\/avatar\/8dfa38373c5e39821baf74c8e867a6f12e12c6dab6559aa999d10703b0b1c4ce?s=96&d=mm&r=g\",\"contentUrl\":\"https:\/\/secure.gravatar.com\/avatar\/8dfa38373c5e39821baf74c8e867a6f12e12c6dab6559aa999d10703b0b1c4ce?s=96&d=mm&r=g\",\"caption\":\"Tom\u00e1\u0161 Koppl\"},\"url\":\"https:\/\/www.smedemokrati.sk\/sv\/author\/tomaskoppl\/\"}]}<\/script>\n<!-- \/ Yoast SEO plugin. -->","yoast_head_json":{"title":"Kto \u017eiada vojensk\u00fa neutralitu Slovenska, \u017eiada na\u0161u bezpe\u010dnostn\u00fa samovra\u017edu - Smedemokrati.sk","robots":{"index":"index","follow":"follow","max-snippet":"max-snippet:-1","max-image-preview":"max-image-preview:large","max-video-preview":"max-video-preview:-1"},"canonical":"https:\/\/www.smedemokrati.sk\/sv\/kto-ziada-vojensku-neutralitu-slovenska-ziada-nasu-bezpecnostnu-samovrazdu\/","og_locale":"sv_SE","og_type":"article","og_title":"Kto \u017eiada vojensk\u00fa neutralitu Slovenska, \u017eiada na\u0161u bezpe\u010dnostn\u00fa samovra\u017edu - Smedemokrati.sk","og_description":"Jaroslav Na\u010f:&nbsp;\u201eKto \u017eiada vojensk\u00fa neutralitu Slovenska, \u017eiada na\u0161u bezpe\u010dnostn\u00fa samovra\u017edu.\u201c Demokrati Eduarda Hegera op\u00e4tovne vyz\u00fdvaj\u00fa demokratick\u00e9 strany, aby jasne deklarovali svoje zahrani\u010dno-politick\u00e9 smerovanie a z\u00e1sadne ods\u00fadili intenz\u00edvny tlak extr\u00e9mistick\u00e9ho spektra, ktor\u00fd m\u00f4\u017ee ma\u0165 za n\u00e1sledok bezpe\u010dnostn\u00e9 ohrozenie Slovenska. Podpredseda Demokratov a exminister Jaroslav Na\u010f upozor\u0148uje, \u017ee snahy o vyst\u00fapenie z najsilnej\u0161ej obrannej Aliancie, m\u00f4\u017eu ma\u0165 [&hellip;]","og_url":"https:\/\/www.smedemokrati.sk\/sv\/kto-ziada-vojensku-neutralitu-slovenska-ziada-nasu-bezpecnostnu-samovrazdu\/","og_site_name":"Smedemokrati.sk","article_publisher":"https:\/\/www.facebook.com\/smedemokrati2023","article_published_time":"2023-08-22T16:15:49+00:00","article_modified_time":"2023-08-22T16:15:50+00:00","og_image":[{"width":1520,"height":1080,"url":"https:\/\/www.smedemokrati.sk\/wp-content\/uploads\/2023\/04\/JN.jpg","type":"image\/jpeg"}],"author":"Tom\u00e1\u0161 Koppl","twitter_card":"summary_large_image","twitter_misc":{"Skriven av":"Tom\u00e1\u0161 Koppl","Ber\u00e4knad l\u00e4stid":"2 minuter"},"schema":{"@context":"https:\/\/schema.org","@graph":[{"@type":"Article","@id":"https:\/\/www.smedemokrati.sk\/kto-ziada-vojensku-neutralitu-slovenska-ziada-nasu-bezpecnostnu-samovrazdu\/#article","isPartOf":{"@id":"https:\/\/www.smedemokrati.sk\/kto-ziada-vojensku-neutralitu-slovenska-ziada-nasu-bezpecnostnu-samovrazdu\/"},"author":{"name":"Tom\u00e1\u0161 Koppl","@id":"https:\/\/www.smedemokrati.sk\/#\/schema\/person\/c60720f4b9955b3c1ed222ebd1fbbc7c"},"headline":"Kto \u017eiada vojensk\u00fa neutralitu Slovenska, \u017eiada na\u0161u bezpe\u010dnostn\u00fa samovra\u017edu","datePublished":"2023-08-22T16:15:49+00:00","dateModified":"2023-08-22T16:15:50+00:00","mainEntityOfPage":{"@id":"https:\/\/www.smedemokrati.sk\/kto-ziada-vojensku-neutralitu-slovenska-ziada-nasu-bezpecnostnu-samovrazdu\/"},"wordCount":466,"publisher":{"@id":"https:\/\/www.smedemokrati.sk\/#organization"},"image":{"@id":"https:\/\/www.smedemokrati.sk\/kto-ziada-vojensku-neutralitu-slovenska-ziada-nasu-bezpecnostnu-samovrazdu\/#primaryimage"},"thumbnailUrl":"https:\/\/www.smedemokrati.sk\/wp-content\/uploads\/2023\/04\/JN.jpg","articleSection":["Tla\u010dov\u00e9 spr\u00e1vy"],"inLanguage":"sv-SE"},{"@type":"WebPage","@id":"https:\/\/www.smedemokrati.sk\/kto-ziada-vojensku-neutralitu-slovenska-ziada-nasu-bezpecnostnu-samovrazdu\/","url":"https:\/\/www.smedemokrati.sk\/kto-ziada-vojensku-neutralitu-slovenska-ziada-nasu-bezpecnostnu-samovrazdu\/","name":"Kto \u017eiada vojensk\u00fa neutralitu Slovenska, \u017eiada na\u0161u bezpe\u010dnostn\u00fa samovra\u017edu - Smedemokrati.sk","isPartOf":{"@id":"https:\/\/www.smedemokrati.sk\/#website"},"primaryImageOfPage":{"@id":"https:\/\/www.smedemokrati.sk\/kto-ziada-vojensku-neutralitu-slovenska-ziada-nasu-bezpecnostnu-samovrazdu\/#primaryimage"},"image":{"@id":"https:\/\/www.smedemokrati.sk\/kto-ziada-vojensku-neutralitu-slovenska-ziada-nasu-bezpecnostnu-samovrazdu\/#primaryimage"},"thumbnailUrl":"https:\/\/www.smedemokrati.sk\/wp-content\/uploads\/2023\/04\/JN.jpg","datePublished":"2023-08-22T16:15:49+00:00","dateModified":"2023-08-22T16:15:50+00:00","breadcrumb":{"@id":"https:\/\/www.smedemokrati.sk\/kto-ziada-vojensku-neutralitu-slovenska-ziada-nasu-bezpecnostnu-samovrazdu\/#breadcrumb"},"inLanguage":"sv-SE","potentialAction":[{"@type":"ReadAction","target":["https:\/\/www.smedemokrati.sk\/kto-ziada-vojensku-neutralitu-slovenska-ziada-nasu-bezpecnostnu-samovrazdu\/"]}]},{"@type":"ImageObject","inLanguage":"sv-SE","@id":"https:\/\/www.smedemokrati.sk\/kto-ziada-vojensku-neutralitu-slovenska-ziada-nasu-bezpecnostnu-samovrazdu\/#primaryimage","url":"https:\/\/www.smedemokrati.sk\/wp-content\/uploads\/2023\/04\/JN.jpg","contentUrl":"https:\/\/www.smedemokrati.sk\/wp-content\/uploads\/2023\/04\/JN.jpg","width":1520,"height":1080},{"@type":"BreadcrumbList","@id":"https:\/\/www.smedemokrati.sk\/kto-ziada-vojensku-neutralitu-slovenska-ziada-nasu-bezpecnostnu-samovrazdu\/#breadcrumb","itemListElement":[{"@type":"ListItem","position":1,"name":"Domovsk\u00e1 str\u00e1nka","item":"https:\/\/www.smedemokrati.sk\/"},{"@type":"ListItem","position":2,"name":"Kto \u017eiada vojensk\u00fa neutralitu Slovenska, \u017eiada na\u0161u bezpe\u010dnostn\u00fa samovra\u017edu"}]},{"@type":"WebSite","@id":"https:\/\/www.smedemokrati.sk\/#website","url":"https:\/\/www.smedemokrati.sk\/","name":"Smedemokrati.sk","description":"Demokracia a slu\u0161nos\u0165 zv\u00ed\u0165az\u00ed","publisher":{"@id":"https:\/\/www.smedemokrati.sk\/#organization"},"potentialAction":[{"@type":"SearchAction","target":{"@type":"EntryPoint","urlTemplate":"https:\/\/www.smedemokrati.sk\/?s={search_term_string}"},"query-input":{"@type":"PropertyValueSpecification","valueRequired":true,"valueName":"search_term_string"}}],"inLanguage":"sv-SE"},{"@type":"Organization","@id":"https:\/\/www.smedemokrati.sk\/#organization","name":"Smedemokrati.sk","url":"https:\/\/www.smedemokrati.sk\/","logo":{"@type":"ImageObject","inLanguage":"sv-SE","@id":"https:\/\/www.smedemokrati.sk\/#\/schema\/logo\/image\/","url":"https:\/\/www.smedemokrati.sk\/wp-content\/uploads\/2023\/04\/ff.002.jpeg","contentUrl":"https:\/\/www.smedemokrati.sk\/wp-content\/uploads\/2023\/04\/ff.002.jpeg","width":640,"height":480,"caption":"Smedemokrati.sk"},"image":{"@id":"https:\/\/www.smedemokrati.sk\/#\/schema\/logo\/image\/"},"sameAs":["https:\/\/www.facebook.com\/smedemokrati2023"]},{"@type":"Person","@id":"https:\/\/www.smedemokrati.sk\/#\/schema\/person\/c60720f4b9955b3c1ed222ebd1fbbc7c","name":"Tom\u00e1\u0161 Koppl","image":{"@type":"ImageObject","inLanguage":"sv-SE","@id":"https:\/\/secure.gravatar.com\/avatar\/8dfa38373c5e39821baf74c8e867a6f12e12c6dab6559aa999d10703b0b1c4ce?s=96&d=mm&r=g","url":"https:\/\/secure.gravatar.com\/avatar\/8dfa38373c5e39821baf74c8e867a6f12e12c6dab6559aa999d10703b0b1c4ce?s=96&d=mm&r=g","contentUrl":"https:\/\/secure.gravatar.com\/avatar\/8dfa38373c5e39821baf74c8e867a6f12e12c6dab6559aa999d10703b0b1c4ce?s=96&d=mm&r=g","caption":"Tom\u00e1\u0161 Koppl"},"url":"https:\/\/www.smedemokrati.sk\/sv\/author\/tomaskoppl\/"}]}},"_links":{"self":[{"href":"https:\/\/www.smedemokrati.sk\/sv\/wp-json\/wp\/v2\/posts\/1796","targetHints":{"allow":["GET"]}}],"collection":[{"href":"https:\/\/www.smedemokrati.sk\/sv\/wp-json\/wp\/v2\/posts"}],"about":[{"href":"https:\/\/www.smedemokrati.sk\/sv\/wp-json\/wp\/v2\/types\/post"}],"author":[{"embeddable":true,"href":"https:\/\/www.smedemokrati.sk\/sv\/wp-json\/wp\/v2\/users\/7"}],"replies":[{"embeddable":true,"href":"https:\/\/www.smedemokrati.sk\/sv\/wp-json\/wp\/v2\/comments?post=1796"}],"version-history":[{"count":1,"href":"https:\/\/www.smedemokrati.sk\/sv\/wp-json\/wp\/v2\/posts\/1796\/revisions"}],"predecessor-version":[{"id":1797,"href":"https:\/\/www.smedemokrati.sk\/sv\/wp-json\/wp\/v2\/posts\/1796\/revisions\/1797"}],"wp:featuredmedia":[{"embeddable":true,"href":"https:\/\/www.smedemokrati.sk\/sv\/wp-json\/wp\/v2\/media\/250"}],"wp:attachment":[{"href":"https:\/\/www.smedemokrati.sk\/sv\/wp-json\/wp\/v2\/media?parent=1796"}],"wp:term":[{"taxonomy":"category","embeddable":true,"href":"https:\/\/www.smedemokrati.sk\/sv\/wp-json\/wp\/v2\/categories?post=1796"},{"taxonomy":"post_tag","embeddable":true,"href":"https:\/\/www.smedemokrati.sk\/sv\/wp-json\/wp\/v2\/tags?post=1796"}],"curies":[{"name":"wp","href":"https:\/\/api.w.org\/{rel}","templated":true}]}}