{"id":1788,"date":"2023-08-22T13:04:10","date_gmt":"2023-08-22T11:04:10","guid":{"rendered":"https:\/\/www.smedemokrati.sk\/?p=1788"},"modified":"2023-08-28T13:51:33","modified_gmt":"2023-08-28T11:51:33","slug":"trestnopravna-imunita-pre-nasich-ludi-nedovolime-to","status":"publish","type":"post","link":"https:\/\/www.smedemokrati.sk\/sv\/trestnopravna-imunita-pre-nasich-ludi-nedovolime-to\/","title":{"rendered":"Trestnopr\u00e1vna imunita pre \u201ena\u0161ich \u013eud\u00ed\u201c? Nedovol\u00edme to"},"content":{"rendered":"<div id=\"fb-root\"><\/div>\n\n<p>\u201eDnes sa t\u00fato \u0161kandal\u00f3znu sch\u00f4dzu na\u0161\u0165astie nepodarilo otvori\u0165. Jedin\u00fdm cie\u013eom strany Smer a ostatn\u00fdch bolo prik\u00e1za\u0165 vl\u00e1de zasahova\u0165 do pr\u00e1ce nez\u00e1visl\u00fdch vy\u0161etrovate\u013eov. Cel\u00e9 t\u00fd\u017edne maj\u00fa pln\u00e9 \u00fasta policajn\u00e9ho prevratu, no dnes neboli schopn\u00ed pr\u00eds\u0165 do pr\u00e1ce v potrebnom po\u010dte. Ukazuje sa, \u017ee to z ich strany bol len pokus o vyvolanie cirkusu,&#8221; uviedol \u010dlen predsedn\u00edctva strany Demokrati Juraj \u0160eliga.<\/p>\n\n\n\n<p>\u201e<strong>Okrem ne\u00faspe\u0161nej sch\u00f4dze sa n\u00e1m dnes vykry\u0161talizoval program Smeru pre beztrestnos\u0165. Ten m\u00e1 zatia\u013e 3 body: 1. zru\u0161i\u0165 \u00da\u0160P a \u0160TS, 2. zastavi\u0165 vy\u0161etrovania a po novom, 3. zavies\u0165 trestnopr\u00e1vnu imunitu pre bud\u00facich nominantov Smeru, tzv. \u2018poistku\u2019, ako hovor\u00ed Robert Fico.<\/strong>&nbsp;Pre koho chce Fico t\u00fato poistku? Kto m\u00e1 rozhodova\u0165 o ude\u013eovan\u00ed tejto imunity? To naozaj chc\u00fa ur\u010dova\u0165, kto m\u00e1 by\u0165 vy\u0161etrovan\u00fd a kto nie? Oni sa u\u017e ani nehanbia a ani neskr\u00fdvaj\u00fa to, \u017ee chc\u00fa zabezpe\u010di\u0165 beztrestnos\u0165 sebe a svojim \u013eu\u010fom,\u201d povedal \u0160eliga.<\/p>\n\n\n\n<p>\u201e<strong>Demokrati chc\u00fa \u0160TS a \u00da\u0160P ochr\u00e1ni\u0165 a zakotvi\u0165 ich do \u00dastavy SR. Z\u00e1rove\u0148 d\u00f4razne odmietame ak\u00e9ko\u013evek zav\u00e1dzanie trestnopr\u00e1vnej imunity pre politikov a politick\u00fdch nominantov<\/strong>,\u201d informoval \u0160eliga.<\/p>\n\n\n\n<p>\u0160eliga pripomenul, \u017ee Smer, ktor\u00fd sa r\u00e1d oh\u00e1\u0148a r\u00f4znymi rozhodnutiami s\u00fadu, \u00fa\u010delne zab\u00fada na to, \u017ee Krajsk\u00fd s\u00fad v Bratislave kon\u0161tatoval, \u017ee obvinenie vy\u0161etrovate\u013eov NAKA je ned\u00f4vodn\u00e9. \u201e<strong>Ak by Kali\u0148\u00e1kovi povedali, \u017ee jeho obvinenie je ned\u00f4vodn\u00e9, Fico by zb\u00faral cel\u00fa budovu N\u00e1rodnej rady, ale ke\u010f sa im to nehod\u00ed, tak to zaml\u010dia.&nbsp;<\/strong>To ist\u00e9 plat\u00ed aj rozhodnutie \u00dastavn\u00e9ho s\u00fadu o proti\u00fastavnom pou\u017eit\u00ed paragrafu 363 z augusta 2021, ktor\u00fdm bolo zastaven\u00e9 vy\u0161etrovanie v pr\u00edpade manipul\u00e1cie trestn\u00fdch konan\u00ed. Toto protiz\u00e1konne urobil \u017dilinka a Kandera, preto sa tie vy\u0161etrovanie spomalili, preto\u017ee do toho nez\u00e1konne zasiahla gener\u00e1lna prokurat\u00fara. Toto politici Smeru a spol. ignoruj\u00fa a bud\u00fa si na\u010falej spieva\u0165 t\u00fa svoju pesni\u010dku o tom, \u017ee s\u00fa v\u0161etci proti nim,\u201d povedal.<\/p>\n\n\n\n<p>\u201e<strong>Strana Demokrati je jedin\u00e1, ktor\u00e1 sa otvorene a bez vajatania postavila na odpor Robertovi Ficovi. Nedovol\u00edme mu zru\u0161i\u0165 \u0161peci\u00e1lnu prokurat\u00faru a \u0161pecializovan\u00fd trestn\u00fd s\u00fad, ani zavies\u0165 trestnopr\u00e1vnu imunitu. Preto je d\u00f4le\u017eit\u00e9, aby \u013eudia pri\u0161li voli\u0165, lebo ak sa t\u00edto \u013eudia dostan\u00fa k moci, Slovensko prestane by\u0165 pr\u00e1vnym \u0161t\u00e1tom,<\/strong>\u201d upozornil \u0160eliga.<\/p>\n\n\n\n<p>Podpredseda Demokratov Jaroslav Na\u010f upozor\u0148uje, \u017ee v pr\u00edpade vzniku koal\u00edcie Smeru, Hlasu, Sme rodina a fa\u0161istov, d\u00f4jde k priamemu ohrozeniu demokracie. \u201eTak\u00e1to koal\u00edcia m\u00f4\u017ee ma\u0165 pod\u013ea posledn\u00fdch prieskumov a\u017e \u00fastavn\u00fa v\u00e4\u010d\u0161inu. To by bol koniec sveta na Slovensku. Treba sa pozorne pozrie\u0165, \u010do tieto strany s\u013eubuj\u00fa: zru\u0161enie \u00daradu \u0161peci\u00e1lnej prokurat\u00fary a \u0160pecializovan\u00e9ho trestn\u00e9ho s\u00fadu a pozatv\u00e1ranie \u013eud\u00ed, ktor\u00ed odhodlane bojuj\u00fa za ochranu spravodlivosti. Toto nie je demokracia a ani pr\u00e1vny \u0161t\u00e1t.\u201d povedal Na\u010f a dodal, \u017ee s obavami sleduje, ak\u00fd ve\u013ek\u00fd informa\u010dn\u00fd priestor dost\u00e1vaj\u00fa preuk\u00e1zate\u013en\u00e9 klamstv\u00e1 Smeru a extr\u00e9mistov. \u201eDnes tu po p\u00e1r mesiacoch \u00faradn\u00edckej vl\u00e1dy m\u00e1me chaos, vytv\u00e1ran\u00fd Robertom Ficom a jeho kump\u00e1nmi. Chaos v bezpe\u010dnostn\u00fdch zlo\u017ek\u00e1ch a v politike, ktor\u00fd je zalo\u017een\u00fd na klamstv\u00e1ch a stra\u0161en\u00ed.&nbsp;<strong>My Demokrati sme tu preto, aby sme sa Ficovi postavili, povedali pravdu a nakoniec sme jedinou stranou, ktor\u00e1 je odhodlan\u00e1 sa Ficovi postavi\u0165 tv\u00e1rou v tv\u00e1r. Drah\u00ed kolegovia z demokratick\u00fdch str\u00e1n, na k\u00fapalisk\u00e1ch, ani na festivaloch sa proti zlu nebojuje<\/strong>,\u201d doplnil Jaroslav Na\u010f.<\/p>\n\n\n\n<p>\u201e<strong>D\u00f4razne apelujem na ostatn\u00e9 demokratick\u00e9 politick\u00e9 strany, aby sa vr\u00e1tili z k\u00fapal\u00edsk a festivalov a pustili sa do riadneho politick\u00e9ho z\u00e1pasu proti Ficovi spolu s nami. Ak sa na to vyka\u0161l\u00fa, bude tu vl\u00e1dnu\u0165 Fico. PS, KDH a \u010fal\u0161\u00ed, teraz nie je \u010das na vajatav\u00e9 re\u010di, je \u010das postavi\u0165 sa novodob\u00fdm normaliz\u00e1torom Ficovi a Pellegrinimu,<\/strong>\u201d uzavrel Juraj \u0160eliga.<\/p>\n","protected":false},"excerpt":{"rendered":"<p>\u201eDnes sa t\u00fato \u0161kandal\u00f3znu sch\u00f4dzu na\u0161\u0165astie nepodarilo otvori\u0165. Jedin\u00fdm cie\u013eom strany Smer a ostatn\u00fdch bolo prik\u00e1za\u0165 vl\u00e1de zasahova\u0165 do pr\u00e1ce nez\u00e1visl\u00fdch vy\u0161etrovate\u013eov. Cel\u00e9 t\u00fd\u017edne maj\u00fa pln\u00e9 \u00fasta policajn\u00e9ho prevratu, no dnes neboli schopn\u00ed pr\u00eds\u0165 do pr\u00e1ce v potrebnom po\u010dte. Ukazuje sa, \u017ee to z ich strany bol len pokus o vyvolanie cirkusu,&#8221; uviedol \u010dlen predsedn\u00edctva [&hellip;]<\/p>\n","protected":false},"author":7,"featured_media":414,"comment_status":"closed","ping_status":"closed","sticky":false,"template":"","format":"standard","meta":{"_acf_changed":false,"ngg_post_thumbnail":0,"footnotes":""},"categories":[4],"tags":[],"class_list":["post-1788","post","type-post","status-publish","format-standard","has-post-thumbnail","hentry","category-tlacove-spravy"],"acf":[],"yoast_head":"<!-- This site is optimized with the Yoast SEO plugin v27.2 - https:\/\/yoast.com\/product\/yoast-seo-wordpress\/ -->\n<title>Trestnopr\u00e1vna imunita pre \u201ena\u0161ich \u013eud\u00ed\u201c? Nedovol\u00edme to - Smedemokrati.sk<\/title>\n<meta name=\"robots\" content=\"index, follow, max-snippet:-1, max-image-preview:large, max-video-preview:-1\" \/>\n<link rel=\"canonical\" href=\"https:\/\/www.smedemokrati.sk\/sv\/trestnopravna-imunita-pre-nasich-ludi-nedovolime-to\/\" \/>\n<meta property=\"og:locale\" content=\"sv_SE\" \/>\n<meta property=\"og:locale:alternate\" content=\"en_US\" \/>\n<meta property=\"og:locale:alternate\" content=\"cs_CZ\" \/>\n<meta property=\"og:locale:alternate\" content=\"hu_HU\" \/>\n<meta property=\"og:locale:alternate\" content=\"sk_SK\" \/>\n<meta property=\"og:type\" content=\"article\" \/>\n<meta property=\"og:title\" content=\"Trestnopr\u00e1vna imunita pre \u201ena\u0161ich \u013eud\u00ed\u201c? Nedovol\u00edme to - Smedemokrati.sk\" \/>\n<meta property=\"og:description\" content=\"\u201eDnes sa t\u00fato \u0161kandal\u00f3znu sch\u00f4dzu na\u0161\u0165astie nepodarilo otvori\u0165. Jedin\u00fdm cie\u013eom strany Smer a ostatn\u00fdch bolo prik\u00e1za\u0165 vl\u00e1de zasahova\u0165 do pr\u00e1ce nez\u00e1visl\u00fdch vy\u0161etrovate\u013eov. Cel\u00e9 t\u00fd\u017edne maj\u00fa pln\u00e9 \u00fasta policajn\u00e9ho prevratu, no dnes neboli schopn\u00ed pr\u00eds\u0165 do pr\u00e1ce v potrebnom po\u010dte. Ukazuje sa, \u017ee to z ich strany bol len pokus o vyvolanie cirkusu,&#8221; uviedol \u010dlen predsedn\u00edctva [&hellip;]\" \/>\n<meta property=\"og:url\" content=\"https:\/\/www.smedemokrati.sk\/sv\/trestnopravna-imunita-pre-nasich-ludi-nedovolime-to\/\" \/>\n<meta property=\"og:site_name\" content=\"Smedemokrati.sk\" \/>\n<meta property=\"article:publisher\" content=\"https:\/\/www.facebook.com\/smedemokrati2023\" \/>\n<meta property=\"article:published_time\" content=\"2023-08-22T11:04:10+00:00\" \/>\n<meta property=\"article:modified_time\" content=\"2023-08-28T11:51:33+00:00\" \/>\n<meta property=\"og:image\" content=\"https:\/\/www.smedemokrati.sk\/wp-content\/uploads\/2023\/04\/JN_1-4.jpg\" \/>\n\t<meta property=\"og:image:width\" content=\"2048\" \/>\n\t<meta property=\"og:image:height\" content=\"1365\" \/>\n\t<meta property=\"og:image:type\" content=\"image\/jpeg\" \/>\n<meta name=\"author\" content=\"Tom\u00e1\u0161 Koppl\" \/>\n<meta name=\"twitter:card\" content=\"summary_large_image\" \/>\n<meta name=\"twitter:label1\" content=\"Skriven av\" \/>\n\t<meta name=\"twitter:data1\" content=\"Tom\u00e1\u0161 Koppl\" \/>\n<script type=\"application\/ld+json\" class=\"yoast-schema-graph\">{\"@context\":\"https:\/\/schema.org\",\"@graph\":[{\"@type\":\"Article\",\"@id\":\"https:\/\/www.smedemokrati.sk\/trestnopravna-imunita-pre-nasich-ludi-nedovolime-to\/#article\",\"isPartOf\":{\"@id\":\"https:\/\/www.smedemokrati.sk\/trestnopravna-imunita-pre-nasich-ludi-nedovolime-to\/\"},\"author\":{\"name\":\"Tom\u00e1\u0161 Koppl\",\"@id\":\"https:\/\/www.smedemokrati.sk\/#\/schema\/person\/c60720f4b9955b3c1ed222ebd1fbbc7c\"},\"headline\":\"Trestnopr\u00e1vna imunita pre \u201ena\u0161ich \u013eud\u00ed\u201c? Nedovol\u00edme to\",\"datePublished\":\"2023-08-22T11:04:10+00:00\",\"dateModified\":\"2023-08-28T11:51:33+00:00\",\"mainEntityOfPage\":{\"@id\":\"https:\/\/www.smedemokrati.sk\/trestnopravna-imunita-pre-nasich-ludi-nedovolime-to\/\"},\"wordCount\":707,\"publisher\":{\"@id\":\"https:\/\/www.smedemokrati.sk\/#organization\"},\"image\":{\"@id\":\"https:\/\/www.smedemokrati.sk\/trestnopravna-imunita-pre-nasich-ludi-nedovolime-to\/#primaryimage\"},\"thumbnailUrl\":\"https:\/\/www.smedemokrati.sk\/wp-content\/uploads\/2023\/04\/JN_1-4.jpg\",\"articleSection\":[\"Tla\u010dov\u00e9 spr\u00e1vy\"],\"inLanguage\":\"sv-SE\"},{\"@type\":\"WebPage\",\"@id\":\"https:\/\/www.smedemokrati.sk\/trestnopravna-imunita-pre-nasich-ludi-nedovolime-to\/\",\"url\":\"https:\/\/www.smedemokrati.sk\/trestnopravna-imunita-pre-nasich-ludi-nedovolime-to\/\",\"name\":\"Trestnopr\u00e1vna imunita pre \u201ena\u0161ich \u013eud\u00ed\u201c? Nedovol\u00edme to - Smedemokrati.sk\",\"isPartOf\":{\"@id\":\"https:\/\/www.smedemokrati.sk\/#website\"},\"primaryImageOfPage\":{\"@id\":\"https:\/\/www.smedemokrati.sk\/trestnopravna-imunita-pre-nasich-ludi-nedovolime-to\/#primaryimage\"},\"image\":{\"@id\":\"https:\/\/www.smedemokrati.sk\/trestnopravna-imunita-pre-nasich-ludi-nedovolime-to\/#primaryimage\"},\"thumbnailUrl\":\"https:\/\/www.smedemokrati.sk\/wp-content\/uploads\/2023\/04\/JN_1-4.jpg\",\"datePublished\":\"2023-08-22T11:04:10+00:00\",\"dateModified\":\"2023-08-28T11:51:33+00:00\",\"breadcrumb\":{\"@id\":\"https:\/\/www.smedemokrati.sk\/trestnopravna-imunita-pre-nasich-ludi-nedovolime-to\/#breadcrumb\"},\"inLanguage\":\"sv-SE\",\"potentialAction\":[{\"@type\":\"ReadAction\",\"target\":[\"https:\/\/www.smedemokrati.sk\/trestnopravna-imunita-pre-nasich-ludi-nedovolime-to\/\"]}]},{\"@type\":\"ImageObject\",\"inLanguage\":\"sv-SE\",\"@id\":\"https:\/\/www.smedemokrati.sk\/trestnopravna-imunita-pre-nasich-ludi-nedovolime-to\/#primaryimage\",\"url\":\"https:\/\/www.smedemokrati.sk\/wp-content\/uploads\/2023\/04\/JN_1-4.jpg\",\"contentUrl\":\"https:\/\/www.smedemokrati.sk\/wp-content\/uploads\/2023\/04\/JN_1-4.jpg\",\"width\":2048,\"height\":1365},{\"@type\":\"BreadcrumbList\",\"@id\":\"https:\/\/www.smedemokrati.sk\/trestnopravna-imunita-pre-nasich-ludi-nedovolime-to\/#breadcrumb\",\"itemListElement\":[{\"@type\":\"ListItem\",\"position\":1,\"name\":\"Domovsk\u00e1 str\u00e1nka\",\"item\":\"https:\/\/www.smedemokrati.sk\/\"},{\"@type\":\"ListItem\",\"position\":2,\"name\":\"Trestnopr\u00e1vna imunita pre \u201ena\u0161ich \u013eud\u00ed\u201c? Nedovol\u00edme to\"}]},{\"@type\":\"WebSite\",\"@id\":\"https:\/\/www.smedemokrati.sk\/#website\",\"url\":\"https:\/\/www.smedemokrati.sk\/\",\"name\":\"Smedemokrati.sk\",\"description\":\"Demokracia a slu\u0161nos\u0165 zv\u00ed\u0165az\u00ed\",\"publisher\":{\"@id\":\"https:\/\/www.smedemokrati.sk\/#organization\"},\"potentialAction\":[{\"@type\":\"SearchAction\",\"target\":{\"@type\":\"EntryPoint\",\"urlTemplate\":\"https:\/\/www.smedemokrati.sk\/?s={search_term_string}\"},\"query-input\":{\"@type\":\"PropertyValueSpecification\",\"valueRequired\":true,\"valueName\":\"search_term_string\"}}],\"inLanguage\":\"sv-SE\"},{\"@type\":\"Organization\",\"@id\":\"https:\/\/www.smedemokrati.sk\/#organization\",\"name\":\"Smedemokrati.sk\",\"url\":\"https:\/\/www.smedemokrati.sk\/\",\"logo\":{\"@type\":\"ImageObject\",\"inLanguage\":\"sv-SE\",\"@id\":\"https:\/\/www.smedemokrati.sk\/#\/schema\/logo\/image\/\",\"url\":\"https:\/\/www.smedemokrati.sk\/wp-content\/uploads\/2023\/04\/ff.002.jpeg\",\"contentUrl\":\"https:\/\/www.smedemokrati.sk\/wp-content\/uploads\/2023\/04\/ff.002.jpeg\",\"width\":640,\"height\":480,\"caption\":\"Smedemokrati.sk\"},\"image\":{\"@id\":\"https:\/\/www.smedemokrati.sk\/#\/schema\/logo\/image\/\"},\"sameAs\":[\"https:\/\/www.facebook.com\/smedemokrati2023\"]},{\"@type\":\"Person\",\"@id\":\"https:\/\/www.smedemokrati.sk\/#\/schema\/person\/c60720f4b9955b3c1ed222ebd1fbbc7c\",\"name\":\"Tom\u00e1\u0161 Koppl\",\"image\":{\"@type\":\"ImageObject\",\"inLanguage\":\"sv-SE\",\"@id\":\"https:\/\/secure.gravatar.com\/avatar\/8dfa38373c5e39821baf74c8e867a6f12e12c6dab6559aa999d10703b0b1c4ce?s=96&d=mm&r=g\",\"url\":\"https:\/\/secure.gravatar.com\/avatar\/8dfa38373c5e39821baf74c8e867a6f12e12c6dab6559aa999d10703b0b1c4ce?s=96&d=mm&r=g\",\"contentUrl\":\"https:\/\/secure.gravatar.com\/avatar\/8dfa38373c5e39821baf74c8e867a6f12e12c6dab6559aa999d10703b0b1c4ce?s=96&d=mm&r=g\",\"caption\":\"Tom\u00e1\u0161 Koppl\"},\"url\":\"https:\/\/www.smedemokrati.sk\/sv\/author\/tomaskoppl\/\"}]}<\/script>\n<!-- \/ Yoast SEO plugin. -->","yoast_head_json":{"title":"Trestnopr\u00e1vna imunita pre \u201ena\u0161ich \u013eud\u00ed\u201c? Nedovol\u00edme to - Smedemokrati.sk","robots":{"index":"index","follow":"follow","max-snippet":"max-snippet:-1","max-image-preview":"max-image-preview:large","max-video-preview":"max-video-preview:-1"},"canonical":"https:\/\/www.smedemokrati.sk\/sv\/trestnopravna-imunita-pre-nasich-ludi-nedovolime-to\/","og_locale":"sv_SE","og_type":"article","og_title":"Trestnopr\u00e1vna imunita pre \u201ena\u0161ich \u013eud\u00ed\u201c? Nedovol\u00edme to - Smedemokrati.sk","og_description":"\u201eDnes sa t\u00fato \u0161kandal\u00f3znu sch\u00f4dzu na\u0161\u0165astie nepodarilo otvori\u0165. Jedin\u00fdm cie\u013eom strany Smer a ostatn\u00fdch bolo prik\u00e1za\u0165 vl\u00e1de zasahova\u0165 do pr\u00e1ce nez\u00e1visl\u00fdch vy\u0161etrovate\u013eov. Cel\u00e9 t\u00fd\u017edne maj\u00fa pln\u00e9 \u00fasta policajn\u00e9ho prevratu, no dnes neboli schopn\u00ed pr\u00eds\u0165 do pr\u00e1ce v potrebnom po\u010dte. Ukazuje sa, \u017ee to z ich strany bol len pokus o vyvolanie cirkusu,&#8221; uviedol \u010dlen predsedn\u00edctva [&hellip;]","og_url":"https:\/\/www.smedemokrati.sk\/sv\/trestnopravna-imunita-pre-nasich-ludi-nedovolime-to\/","og_site_name":"Smedemokrati.sk","article_publisher":"https:\/\/www.facebook.com\/smedemokrati2023","article_published_time":"2023-08-22T11:04:10+00:00","article_modified_time":"2023-08-28T11:51:33+00:00","og_image":[{"width":2048,"height":1365,"url":"https:\/\/www.smedemokrati.sk\/wp-content\/uploads\/2023\/04\/JN_1-4.jpg","type":"image\/jpeg"}],"author":"Tom\u00e1\u0161 Koppl","twitter_card":"summary_large_image","twitter_misc":{"Skriven av":"Tom\u00e1\u0161 Koppl"},"schema":{"@context":"https:\/\/schema.org","@graph":[{"@type":"Article","@id":"https:\/\/www.smedemokrati.sk\/trestnopravna-imunita-pre-nasich-ludi-nedovolime-to\/#article","isPartOf":{"@id":"https:\/\/www.smedemokrati.sk\/trestnopravna-imunita-pre-nasich-ludi-nedovolime-to\/"},"author":{"name":"Tom\u00e1\u0161 Koppl","@id":"https:\/\/www.smedemokrati.sk\/#\/schema\/person\/c60720f4b9955b3c1ed222ebd1fbbc7c"},"headline":"Trestnopr\u00e1vna imunita pre \u201ena\u0161ich \u013eud\u00ed\u201c? Nedovol\u00edme to","datePublished":"2023-08-22T11:04:10+00:00","dateModified":"2023-08-28T11:51:33+00:00","mainEntityOfPage":{"@id":"https:\/\/www.smedemokrati.sk\/trestnopravna-imunita-pre-nasich-ludi-nedovolime-to\/"},"wordCount":707,"publisher":{"@id":"https:\/\/www.smedemokrati.sk\/#organization"},"image":{"@id":"https:\/\/www.smedemokrati.sk\/trestnopravna-imunita-pre-nasich-ludi-nedovolime-to\/#primaryimage"},"thumbnailUrl":"https:\/\/www.smedemokrati.sk\/wp-content\/uploads\/2023\/04\/JN_1-4.jpg","articleSection":["Tla\u010dov\u00e9 spr\u00e1vy"],"inLanguage":"sv-SE"},{"@type":"WebPage","@id":"https:\/\/www.smedemokrati.sk\/trestnopravna-imunita-pre-nasich-ludi-nedovolime-to\/","url":"https:\/\/www.smedemokrati.sk\/trestnopravna-imunita-pre-nasich-ludi-nedovolime-to\/","name":"Trestnopr\u00e1vna imunita pre \u201ena\u0161ich \u013eud\u00ed\u201c? Nedovol\u00edme to - Smedemokrati.sk","isPartOf":{"@id":"https:\/\/www.smedemokrati.sk\/#website"},"primaryImageOfPage":{"@id":"https:\/\/www.smedemokrati.sk\/trestnopravna-imunita-pre-nasich-ludi-nedovolime-to\/#primaryimage"},"image":{"@id":"https:\/\/www.smedemokrati.sk\/trestnopravna-imunita-pre-nasich-ludi-nedovolime-to\/#primaryimage"},"thumbnailUrl":"https:\/\/www.smedemokrati.sk\/wp-content\/uploads\/2023\/04\/JN_1-4.jpg","datePublished":"2023-08-22T11:04:10+00:00","dateModified":"2023-08-28T11:51:33+00:00","breadcrumb":{"@id":"https:\/\/www.smedemokrati.sk\/trestnopravna-imunita-pre-nasich-ludi-nedovolime-to\/#breadcrumb"},"inLanguage":"sv-SE","potentialAction":[{"@type":"ReadAction","target":["https:\/\/www.smedemokrati.sk\/trestnopravna-imunita-pre-nasich-ludi-nedovolime-to\/"]}]},{"@type":"ImageObject","inLanguage":"sv-SE","@id":"https:\/\/www.smedemokrati.sk\/trestnopravna-imunita-pre-nasich-ludi-nedovolime-to\/#primaryimage","url":"https:\/\/www.smedemokrati.sk\/wp-content\/uploads\/2023\/04\/JN_1-4.jpg","contentUrl":"https:\/\/www.smedemokrati.sk\/wp-content\/uploads\/2023\/04\/JN_1-4.jpg","width":2048,"height":1365},{"@type":"BreadcrumbList","@id":"https:\/\/www.smedemokrati.sk\/trestnopravna-imunita-pre-nasich-ludi-nedovolime-to\/#breadcrumb","itemListElement":[{"@type":"ListItem","position":1,"name":"Domovsk\u00e1 str\u00e1nka","item":"https:\/\/www.smedemokrati.sk\/"},{"@type":"ListItem","position":2,"name":"Trestnopr\u00e1vna imunita pre \u201ena\u0161ich \u013eud\u00ed\u201c? Nedovol\u00edme to"}]},{"@type":"WebSite","@id":"https:\/\/www.smedemokrati.sk\/#website","url":"https:\/\/www.smedemokrati.sk\/","name":"Smedemokrati.sk","description":"Demokracia a slu\u0161nos\u0165 zv\u00ed\u0165az\u00ed","publisher":{"@id":"https:\/\/www.smedemokrati.sk\/#organization"},"potentialAction":[{"@type":"SearchAction","target":{"@type":"EntryPoint","urlTemplate":"https:\/\/www.smedemokrati.sk\/?s={search_term_string}"},"query-input":{"@type":"PropertyValueSpecification","valueRequired":true,"valueName":"search_term_string"}}],"inLanguage":"sv-SE"},{"@type":"Organization","@id":"https:\/\/www.smedemokrati.sk\/#organization","name":"Smedemokrati.sk","url":"https:\/\/www.smedemokrati.sk\/","logo":{"@type":"ImageObject","inLanguage":"sv-SE","@id":"https:\/\/www.smedemokrati.sk\/#\/schema\/logo\/image\/","url":"https:\/\/www.smedemokrati.sk\/wp-content\/uploads\/2023\/04\/ff.002.jpeg","contentUrl":"https:\/\/www.smedemokrati.sk\/wp-content\/uploads\/2023\/04\/ff.002.jpeg","width":640,"height":480,"caption":"Smedemokrati.sk"},"image":{"@id":"https:\/\/www.smedemokrati.sk\/#\/schema\/logo\/image\/"},"sameAs":["https:\/\/www.facebook.com\/smedemokrati2023"]},{"@type":"Person","@id":"https:\/\/www.smedemokrati.sk\/#\/schema\/person\/c60720f4b9955b3c1ed222ebd1fbbc7c","name":"Tom\u00e1\u0161 Koppl","image":{"@type":"ImageObject","inLanguage":"sv-SE","@id":"https:\/\/secure.gravatar.com\/avatar\/8dfa38373c5e39821baf74c8e867a6f12e12c6dab6559aa999d10703b0b1c4ce?s=96&d=mm&r=g","url":"https:\/\/secure.gravatar.com\/avatar\/8dfa38373c5e39821baf74c8e867a6f12e12c6dab6559aa999d10703b0b1c4ce?s=96&d=mm&r=g","contentUrl":"https:\/\/secure.gravatar.com\/avatar\/8dfa38373c5e39821baf74c8e867a6f12e12c6dab6559aa999d10703b0b1c4ce?s=96&d=mm&r=g","caption":"Tom\u00e1\u0161 Koppl"},"url":"https:\/\/www.smedemokrati.sk\/sv\/author\/tomaskoppl\/"}]}},"_links":{"self":[{"href":"https:\/\/www.smedemokrati.sk\/sv\/wp-json\/wp\/v2\/posts\/1788","targetHints":{"allow":["GET"]}}],"collection":[{"href":"https:\/\/www.smedemokrati.sk\/sv\/wp-json\/wp\/v2\/posts"}],"about":[{"href":"https:\/\/www.smedemokrati.sk\/sv\/wp-json\/wp\/v2\/types\/post"}],"author":[{"embeddable":true,"href":"https:\/\/www.smedemokrati.sk\/sv\/wp-json\/wp\/v2\/users\/7"}],"replies":[{"embeddable":true,"href":"https:\/\/www.smedemokrati.sk\/sv\/wp-json\/wp\/v2\/comments?post=1788"}],"version-history":[{"count":2,"href":"https:\/\/www.smedemokrati.sk\/sv\/wp-json\/wp\/v2\/posts\/1788\/revisions"}],"predecessor-version":[{"id":1790,"href":"https:\/\/www.smedemokrati.sk\/sv\/wp-json\/wp\/v2\/posts\/1788\/revisions\/1790"}],"wp:featuredmedia":[{"embeddable":true,"href":"https:\/\/www.smedemokrati.sk\/sv\/wp-json\/wp\/v2\/media\/414"}],"wp:attachment":[{"href":"https:\/\/www.smedemokrati.sk\/sv\/wp-json\/wp\/v2\/media?parent=1788"}],"wp:term":[{"taxonomy":"category","embeddable":true,"href":"https:\/\/www.smedemokrati.sk\/sv\/wp-json\/wp\/v2\/categories?post=1788"},{"taxonomy":"post_tag","embeddable":true,"href":"https:\/\/www.smedemokrati.sk\/sv\/wp-json\/wp\/v2\/tags?post=1788"}],"curies":[{"name":"wp","href":"https:\/\/api.w.org\/{rel}","templated":true}]}}