{"id":1720,"date":"2023-08-15T11:37:28","date_gmt":"2023-08-15T09:37:28","guid":{"rendered":"https:\/\/www.smedemokrati.sk\/?p=1720"},"modified":"2023-08-15T11:37:50","modified_gmt":"2023-08-15T09:37:50","slug":"presadime-nulovu-toleranciu-domaceho-nasilia","status":"publish","type":"post","link":"https:\/\/www.smedemokrati.sk\/sv\/presadime-nulovu-toleranciu-domaceho-nasilia\/","title":{"rendered":"Presad\u00edme nulov\u00fa toleranciu dom\u00e1ceho n\u00e1silia"},"content":{"rendered":"<div id=\"fb-root\"><\/div>\n\n<p>95 % \u013eud\u00ed na Slovensku si mysl\u00ed, \u017ee bud\u00faca vl\u00e1da by mala zabezpe\u010di\u0165 zv\u00fd\u0161en\u00fa ochranu obetiam dom\u00e1ceho n\u00e1silia a stalkingu. Vypl\u00fdva to z prieskumu AKO pre telev\u00edziu JOJ 24.\u00a0<strong>\u201e100 % Demokratov s t\u00fdm s\u00fahlas\u00ed,\u201d<\/strong>\u00a0hovor\u00ed volebn\u00e1 l\u00edderka Demokratov Andrea Letanovsk\u00e1.<\/p>\n\n\n\n<p>\u201eAj preto sme chceli odvola\u0165 Borisa Koll\u00e1ra, ktor\u00fd udrel \u017eenu a povedal, \u017ee by to urobil op\u00e4\u0165. \u017dia\u013e, toto n\u00e1siln\u00edcke spr\u00e1vanie sa mu prepieklo, lebo ve\u013ea politikov m\u00e1 pln\u00e9 \u00fasta s\u013eubov a billboardy o pomoci \u017een\u00e1m, ale v zlomovom momente sa nedok\u00e1\u017eu postavi\u0165 za spr\u00e1vnu vec. U n\u00e1s nen\u00e1jdete tieto s\u013euby na billboardoch, ale na omnoho d\u00f4le\u017eitej\u0161om mieste. V na\u0161om volebnom programe,\u201d vysvetluje Letanovsk\u00e1.<\/p>\n\n\n\n<p>\u201e<strong>Predlo\u017e\u00edme osobitn\u00fd z\u00e1kon, ktor\u00fd komplexne uprav\u00ed oblas\u0165 prevencie a ochrany \u017eien pred n\u00e1sil\u00edm na b\u00e1ze nulovej tolerancie vo\u010di n\u00e1siliu.<\/strong>\u00a0Napom\u00f4\u017ee formova\u0165 prostredie, v ktorom sa obete nebud\u00fa b\u00e1\u0165 ohlasova\u0165 n\u00e1silie. Zabezpe\u010den\u00e1 bude aj ochrana ich det\u00ed postihnut\u00fdch t\u00fdmto n\u00e1sil\u00edm<strong>. Osobitn\u00fd d\u00f4raz venujeme aj presadeniu in\u0161tit\u00fatov na ochranu \u017eien pred dom\u00e1cim n\u00e1sil\u00edm a prenasledovan\u00edm. Zameriame sa tie\u017e na ochranu star\u0161\u00edch obyvate\u013eov pred podvodmi a t\u00fdran\u00edm a na ochranu det\u00ed a mladistv\u00fdch pred zneu\u017e\u00edvan\u00edm.<\/strong>\u00a0<strong>Posiln\u00edme aj prevent\u00edvno-eduka\u010dn\u00fa \u010dinnos\u0165 policajn\u00e9ho zboru a prokurat\u00fary<\/strong>,\u201d hovor\u00ed Letanovsk\u00e1 s t\u00fdm, \u017ee toto s\u00fa programov\u00e9 priority Demokratov v oblasti prevencie a ochrany obet\u00ed dom\u00e1ceho n\u00e1silia<\/p>\n\n\n\n<p>Pod\u013ea Letanovskej boj za obete dom\u00e1ceho n\u00e1silia pre stranu Demokrati neskon\u010dil jednou kauzou Borisa Koll\u00e1ra, a \u010do je pod\u013ea nej e\u0161te d\u00f4le\u017eitej\u0161ie, ani \u0148ou neza\u010dal.<strong>\u00a0\u201eNapr\u00edklad Eduard Heger dal z rezervy premi\u00e9ra 1,5 mili\u00f3na eur na pomoc t\u00fdran\u00fdm \u017een\u00e1m a ich de\u0165om. V\u010faka tomu m\u00f4\u017eu zariadenia, ktor\u00e9 poskytuj\u00fa \u00fato\u010disko a pomoc obetiam dom\u00e1ceho n\u00e1silia, \u010falej existova\u0165 a fungova\u0165 e\u0161te lep\u0161ie,\u201d<\/strong>\u00a0kon\u0161tatovala.<\/p>\n\n\n\n<p>\u201eProbl\u00e9m dom\u00e1ceho n\u00e1silia je komplexn\u00fd a jeho rie\u0161enie vy\u017eaduje kombin\u00e1ciu osobn\u00fdch, spolo\u010densk\u00fdch, legislat\u00edvnych a vzdel\u00e1vac\u00edch opatren\u00ed.&nbsp;<strong>V\u017edy s oh\u013eadom na ochranu a bezpe\u010dnos\u0165 obet\u00ed.&nbsp;<\/strong>Mus\u00edme pre\u0161koli\u0165 policajtov a vy\u0161koli\u0165 policajn\u00fdch \u0161pecialistov, najm\u00e4 v oblasti rozpozn\u00e1vania a reagovania na pr\u00edpady dom\u00e1ceho n\u00e1silia, pr\u00e1ce a komunik\u00e1cie s obe\u0165ami a zavies\u0165 modern\u00e9 vy\u0161etrovacie postupy, ktor\u00e9 zoh\u013ead\u0148uj\u00fa psychick\u00e9 traumy obet\u00ed a povahu p\u00e1chate\u013eov, ktor\u00ed s\u00fa obvykle bl\u00edzkymi pr\u00edbuzn\u00fdmi obet\u00ed. Jeden z k\u013e\u00fa\u010dov\u00fdch aspektov je prepojenie pr\u00e1ce pol\u00edcie pri vy\u0161etrovan\u00ed t\u00fdchto pr\u00edpadov a org\u00e1nov soci\u00e1lnej kurately, tak aby obe\u0165 dostala pomoc okam\u017eite.&nbsp;<strong>Ka\u017ed\u00fd jeden pr\u00edpad dom\u00e1ceho n\u00e1silia mus\u00ed by\u0165 rie\u0161en\u00fd bezodkladne, profesion\u00e1lne a s empatiou. Predov\u0161etk\u00fdm v\u0161ak mus\u00edme da\u0165 obetiam pomocn\u00fa ruku a poveda\u0165 im, \u017ee sa nemusia b\u00e1\u0165 o dom\u00e1com n\u00e1sil\u00ed rozpr\u00e1va\u0165, \u017ee ich ochr\u00e1nime<\/strong>. Mysl\u00edm si, \u017ee Slovensko urobilo kroky k zlep\u0161eniu vy\u0161etrovan\u00ed, ale je pred nami e\u0161te kus cesty.\u201c doplnil Juraj \u0160eliga.<\/p>\n\n\n\n<p>\u201c<strong>Sme odhodlan\u00ed bojova\u0165 za obete dom\u00e1ceho n\u00e1silia aj na\u010falej. Nedopus\u0165me, aby boli vo vl\u00e1de zlodeji a krik\u013e\u00fani, ale ani n\u00e1siln\u00edci. Vidie\u0165 tak\u00fdchto \u013eud\u00ed medzi najvy\u0161\u0161\u00edmi \u0161t\u00e1tnymi predstavite\u013emi si obete dom\u00e1ceho n\u00e1silia naozaj nezasl\u00fa\u017eia. Nezasl\u00fa\u017ei si to nikto!\u201d<\/strong>\u00a0uzavrela Letanovsk\u00e1.<\/p>\n\n\n\n<figure class=\"wp-block-image size-large\"><img decoding=\"async\" width=\"819\" height=\"1024\" src=\"https:\/\/www.smedemokrati.sk\/wp-content\/uploads\/2023\/08\/367482794_616739107114901_6291088303680542716_n-819x1024.jpg\" alt=\"\" class=\"wp-image-1721\" srcset=\"https:\/\/www.smedemokrati.sk\/wp-content\/uploads\/2023\/08\/367482794_616739107114901_6291088303680542716_n-819x1024.jpg 819w, https:\/\/www.smedemokrati.sk\/wp-content\/uploads\/2023\/08\/367482794_616739107114901_6291088303680542716_n-240x300.jpg 240w, https:\/\/www.smedemokrati.sk\/wp-content\/uploads\/2023\/08\/367482794_616739107114901_6291088303680542716_n-768x960.jpg 768w, https:\/\/www.smedemokrati.sk\/wp-content\/uploads\/2023\/08\/367482794_616739107114901_6291088303680542716_n-1229x1536.jpg 1229w, https:\/\/www.smedemokrati.sk\/wp-content\/uploads\/2023\/08\/367482794_616739107114901_6291088303680542716_n.jpg 1638w\" sizes=\"(max-width: 819px) 100vw, 819px\" \/><\/figure>\n","protected":false},"excerpt":{"rendered":"<p>95 % \u013eud\u00ed na Slovensku si mysl\u00ed, \u017ee bud\u00faca vl\u00e1da by mala zabezpe\u010di\u0165 zv\u00fd\u0161en\u00fa ochranu obetiam dom\u00e1ceho n\u00e1silia a stalkingu. Vypl\u00fdva to z prieskumu AKO pre telev\u00edziu JOJ 24.\u00a0\u201e100 % Demokratov s t\u00fdm s\u00fahlas\u00ed,\u201d\u00a0hovor\u00ed volebn\u00e1 l\u00edderka Demokratov Andrea Letanovsk\u00e1. \u201eAj preto sme chceli odvola\u0165 Borisa Koll\u00e1ra, ktor\u00fd udrel \u017eenu a povedal, \u017ee by to urobil [&hellip;]<\/p>\n","protected":false},"author":7,"featured_media":1169,"comment_status":"closed","ping_status":"closed","sticky":false,"template":"","format":"standard","meta":{"_acf_changed":false,"ngg_post_thumbnail":0,"footnotes":""},"categories":[4],"tags":[],"class_list":["post-1720","post","type-post","status-publish","format-standard","has-post-thumbnail","hentry","category-tlacove-spravy"],"acf":[],"yoast_head":"<!-- This site is optimized with the Yoast SEO plugin v27.2 - https:\/\/yoast.com\/product\/yoast-seo-wordpress\/ -->\n<title>Presad\u00edme nulov\u00fa toleranciu dom\u00e1ceho n\u00e1silia - Smedemokrati.sk<\/title>\n<meta name=\"robots\" content=\"index, follow, max-snippet:-1, max-image-preview:large, max-video-preview:-1\" \/>\n<link rel=\"canonical\" href=\"https:\/\/www.smedemokrati.sk\/sv\/presadime-nulovu-toleranciu-domaceho-nasilia\/\" \/>\n<meta property=\"og:locale\" content=\"sv_SE\" \/>\n<meta property=\"og:locale:alternate\" content=\"en_US\" \/>\n<meta property=\"og:locale:alternate\" content=\"cs_CZ\" \/>\n<meta property=\"og:locale:alternate\" content=\"hu_HU\" \/>\n<meta property=\"og:locale:alternate\" content=\"sk_SK\" \/>\n<meta property=\"og:type\" content=\"article\" \/>\n<meta property=\"og:title\" content=\"Presad\u00edme nulov\u00fa toleranciu dom\u00e1ceho n\u00e1silia - Smedemokrati.sk\" \/>\n<meta property=\"og:description\" content=\"95 % \u013eud\u00ed na Slovensku si mysl\u00ed, \u017ee bud\u00faca vl\u00e1da by mala zabezpe\u010di\u0165 zv\u00fd\u0161en\u00fa ochranu obetiam dom\u00e1ceho n\u00e1silia a stalkingu. Vypl\u00fdva to z prieskumu AKO pre telev\u00edziu JOJ 24.\u00a0\u201e100 % Demokratov s t\u00fdm s\u00fahlas\u00ed,\u201d\u00a0hovor\u00ed volebn\u00e1 l\u00edderka Demokratov Andrea Letanovsk\u00e1. \u201eAj preto sme chceli odvola\u0165 Borisa Koll\u00e1ra, ktor\u00fd udrel \u017eenu a povedal, \u017ee by to urobil [&hellip;]\" \/>\n<meta property=\"og:url\" content=\"https:\/\/www.smedemokrati.sk\/sv\/presadime-nulovu-toleranciu-domaceho-nasilia\/\" \/>\n<meta property=\"og:site_name\" content=\"Smedemokrati.sk\" \/>\n<meta property=\"article:publisher\" content=\"https:\/\/www.facebook.com\/smedemokrati2023\" \/>\n<meta property=\"article:published_time\" content=\"2023-08-15T09:37:28+00:00\" \/>\n<meta property=\"article:modified_time\" content=\"2023-08-15T09:37:50+00:00\" \/>\n<meta property=\"og:image\" content=\"https:\/\/www.smedemokrati.sk\/wp-content\/uploads\/2023\/06\/abdrea.jpg\" \/>\n\t<meta property=\"og:image:width\" content=\"1800\" \/>\n\t<meta property=\"og:image:height\" content=\"1009\" \/>\n\t<meta property=\"og:image:type\" content=\"image\/jpeg\" \/>\n<meta name=\"author\" content=\"Tom\u00e1\u0161 Koppl\" \/>\n<meta name=\"twitter:card\" content=\"summary_large_image\" \/>\n<meta name=\"twitter:label1\" content=\"Skriven av\" \/>\n\t<meta name=\"twitter:data1\" content=\"Tom\u00e1\u0161 Koppl\" \/>\n\t<meta name=\"twitter:label2\" content=\"Ber\u00e4knad l\u00e4stid\" \/>\n\t<meta name=\"twitter:data2\" content=\"3 minuter\" \/>\n<script type=\"application\/ld+json\" class=\"yoast-schema-graph\">{\"@context\":\"https:\/\/schema.org\",\"@graph\":[{\"@type\":\"Article\",\"@id\":\"https:\/\/www.smedemokrati.sk\/presadime-nulovu-toleranciu-domaceho-nasilia\/#article\",\"isPartOf\":{\"@id\":\"https:\/\/www.smedemokrati.sk\/presadime-nulovu-toleranciu-domaceho-nasilia\/\"},\"author\":{\"name\":\"Tom\u00e1\u0161 Koppl\",\"@id\":\"https:\/\/www.smedemokrati.sk\/#\/schema\/person\/c60720f4b9955b3c1ed222ebd1fbbc7c\"},\"headline\":\"Presad\u00edme nulov\u00fa toleranciu dom\u00e1ceho n\u00e1silia\",\"datePublished\":\"2023-08-15T09:37:28+00:00\",\"dateModified\":\"2023-08-15T09:37:50+00:00\",\"mainEntityOfPage\":{\"@id\":\"https:\/\/www.smedemokrati.sk\/presadime-nulovu-toleranciu-domaceho-nasilia\/\"},\"wordCount\":615,\"publisher\":{\"@id\":\"https:\/\/www.smedemokrati.sk\/#organization\"},\"image\":{\"@id\":\"https:\/\/www.smedemokrati.sk\/presadime-nulovu-toleranciu-domaceho-nasilia\/#primaryimage\"},\"thumbnailUrl\":\"https:\/\/www.smedemokrati.sk\/wp-content\/uploads\/2023\/06\/abdrea.jpg\",\"articleSection\":[\"Tla\u010dov\u00e9 spr\u00e1vy\"],\"inLanguage\":\"sv-SE\"},{\"@type\":\"WebPage\",\"@id\":\"https:\/\/www.smedemokrati.sk\/presadime-nulovu-toleranciu-domaceho-nasilia\/\",\"url\":\"https:\/\/www.smedemokrati.sk\/presadime-nulovu-toleranciu-domaceho-nasilia\/\",\"name\":\"Presad\u00edme nulov\u00fa toleranciu dom\u00e1ceho n\u00e1silia - Smedemokrati.sk\",\"isPartOf\":{\"@id\":\"https:\/\/www.smedemokrati.sk\/#website\"},\"primaryImageOfPage\":{\"@id\":\"https:\/\/www.smedemokrati.sk\/presadime-nulovu-toleranciu-domaceho-nasilia\/#primaryimage\"},\"image\":{\"@id\":\"https:\/\/www.smedemokrati.sk\/presadime-nulovu-toleranciu-domaceho-nasilia\/#primaryimage\"},\"thumbnailUrl\":\"https:\/\/www.smedemokrati.sk\/wp-content\/uploads\/2023\/06\/abdrea.jpg\",\"datePublished\":\"2023-08-15T09:37:28+00:00\",\"dateModified\":\"2023-08-15T09:37:50+00:00\",\"breadcrumb\":{\"@id\":\"https:\/\/www.smedemokrati.sk\/presadime-nulovu-toleranciu-domaceho-nasilia\/#breadcrumb\"},\"inLanguage\":\"sv-SE\",\"potentialAction\":[{\"@type\":\"ReadAction\",\"target\":[\"https:\/\/www.smedemokrati.sk\/presadime-nulovu-toleranciu-domaceho-nasilia\/\"]}]},{\"@type\":\"ImageObject\",\"inLanguage\":\"sv-SE\",\"@id\":\"https:\/\/www.smedemokrati.sk\/presadime-nulovu-toleranciu-domaceho-nasilia\/#primaryimage\",\"url\":\"https:\/\/www.smedemokrati.sk\/wp-content\/uploads\/2023\/06\/abdrea.jpg\",\"contentUrl\":\"https:\/\/www.smedemokrati.sk\/wp-content\/uploads\/2023\/06\/abdrea.jpg\",\"width\":1800,\"height\":1009},{\"@type\":\"BreadcrumbList\",\"@id\":\"https:\/\/www.smedemokrati.sk\/presadime-nulovu-toleranciu-domaceho-nasilia\/#breadcrumb\",\"itemListElement\":[{\"@type\":\"ListItem\",\"position\":1,\"name\":\"Domovsk\u00e1 str\u00e1nka\",\"item\":\"https:\/\/www.smedemokrati.sk\/\"},{\"@type\":\"ListItem\",\"position\":2,\"name\":\"Presad\u00edme nulov\u00fa toleranciu dom\u00e1ceho n\u00e1silia\"}]},{\"@type\":\"WebSite\",\"@id\":\"https:\/\/www.smedemokrati.sk\/#website\",\"url\":\"https:\/\/www.smedemokrati.sk\/\",\"name\":\"Smedemokrati.sk\",\"description\":\"Demokracia a slu\u0161nos\u0165 zv\u00ed\u0165az\u00ed\",\"publisher\":{\"@id\":\"https:\/\/www.smedemokrati.sk\/#organization\"},\"potentialAction\":[{\"@type\":\"SearchAction\",\"target\":{\"@type\":\"EntryPoint\",\"urlTemplate\":\"https:\/\/www.smedemokrati.sk\/?s={search_term_string}\"},\"query-input\":{\"@type\":\"PropertyValueSpecification\",\"valueRequired\":true,\"valueName\":\"search_term_string\"}}],\"inLanguage\":\"sv-SE\"},{\"@type\":\"Organization\",\"@id\":\"https:\/\/www.smedemokrati.sk\/#organization\",\"name\":\"Smedemokrati.sk\",\"url\":\"https:\/\/www.smedemokrati.sk\/\",\"logo\":{\"@type\":\"ImageObject\",\"inLanguage\":\"sv-SE\",\"@id\":\"https:\/\/www.smedemokrati.sk\/#\/schema\/logo\/image\/\",\"url\":\"https:\/\/www.smedemokrati.sk\/wp-content\/uploads\/2023\/04\/ff.002.jpeg\",\"contentUrl\":\"https:\/\/www.smedemokrati.sk\/wp-content\/uploads\/2023\/04\/ff.002.jpeg\",\"width\":640,\"height\":480,\"caption\":\"Smedemokrati.sk\"},\"image\":{\"@id\":\"https:\/\/www.smedemokrati.sk\/#\/schema\/logo\/image\/\"},\"sameAs\":[\"https:\/\/www.facebook.com\/smedemokrati2023\"]},{\"@type\":\"Person\",\"@id\":\"https:\/\/www.smedemokrati.sk\/#\/schema\/person\/c60720f4b9955b3c1ed222ebd1fbbc7c\",\"name\":\"Tom\u00e1\u0161 Koppl\",\"image\":{\"@type\":\"ImageObject\",\"inLanguage\":\"sv-SE\",\"@id\":\"https:\/\/secure.gravatar.com\/avatar\/8dfa38373c5e39821baf74c8e867a6f12e12c6dab6559aa999d10703b0b1c4ce?s=96&d=mm&r=g\",\"url\":\"https:\/\/secure.gravatar.com\/avatar\/8dfa38373c5e39821baf74c8e867a6f12e12c6dab6559aa999d10703b0b1c4ce?s=96&d=mm&r=g\",\"contentUrl\":\"https:\/\/secure.gravatar.com\/avatar\/8dfa38373c5e39821baf74c8e867a6f12e12c6dab6559aa999d10703b0b1c4ce?s=96&d=mm&r=g\",\"caption\":\"Tom\u00e1\u0161 Koppl\"},\"url\":\"https:\/\/www.smedemokrati.sk\/sv\/author\/tomaskoppl\/\"}]}<\/script>\n<!-- \/ Yoast SEO plugin. -->","yoast_head_json":{"title":"Presad\u00edme nulov\u00fa toleranciu dom\u00e1ceho n\u00e1silia - Smedemokrati.sk","robots":{"index":"index","follow":"follow","max-snippet":"max-snippet:-1","max-image-preview":"max-image-preview:large","max-video-preview":"max-video-preview:-1"},"canonical":"https:\/\/www.smedemokrati.sk\/sv\/presadime-nulovu-toleranciu-domaceho-nasilia\/","og_locale":"sv_SE","og_type":"article","og_title":"Presad\u00edme nulov\u00fa toleranciu dom\u00e1ceho n\u00e1silia - Smedemokrati.sk","og_description":"95 % \u013eud\u00ed na Slovensku si mysl\u00ed, \u017ee bud\u00faca vl\u00e1da by mala zabezpe\u010di\u0165 zv\u00fd\u0161en\u00fa ochranu obetiam dom\u00e1ceho n\u00e1silia a stalkingu. Vypl\u00fdva to z prieskumu AKO pre telev\u00edziu JOJ 24.\u00a0\u201e100 % Demokratov s t\u00fdm s\u00fahlas\u00ed,\u201d\u00a0hovor\u00ed volebn\u00e1 l\u00edderka Demokratov Andrea Letanovsk\u00e1. \u201eAj preto sme chceli odvola\u0165 Borisa Koll\u00e1ra, ktor\u00fd udrel \u017eenu a povedal, \u017ee by to urobil [&hellip;]","og_url":"https:\/\/www.smedemokrati.sk\/sv\/presadime-nulovu-toleranciu-domaceho-nasilia\/","og_site_name":"Smedemokrati.sk","article_publisher":"https:\/\/www.facebook.com\/smedemokrati2023","article_published_time":"2023-08-15T09:37:28+00:00","article_modified_time":"2023-08-15T09:37:50+00:00","og_image":[{"width":1800,"height":1009,"url":"https:\/\/www.smedemokrati.sk\/wp-content\/uploads\/2023\/06\/abdrea.jpg","type":"image\/jpeg"}],"author":"Tom\u00e1\u0161 Koppl","twitter_card":"summary_large_image","twitter_misc":{"Skriven av":"Tom\u00e1\u0161 Koppl","Ber\u00e4knad l\u00e4stid":"3 minuter"},"schema":{"@context":"https:\/\/schema.org","@graph":[{"@type":"Article","@id":"https:\/\/www.smedemokrati.sk\/presadime-nulovu-toleranciu-domaceho-nasilia\/#article","isPartOf":{"@id":"https:\/\/www.smedemokrati.sk\/presadime-nulovu-toleranciu-domaceho-nasilia\/"},"author":{"name":"Tom\u00e1\u0161 Koppl","@id":"https:\/\/www.smedemokrati.sk\/#\/schema\/person\/c60720f4b9955b3c1ed222ebd1fbbc7c"},"headline":"Presad\u00edme nulov\u00fa toleranciu dom\u00e1ceho n\u00e1silia","datePublished":"2023-08-15T09:37:28+00:00","dateModified":"2023-08-15T09:37:50+00:00","mainEntityOfPage":{"@id":"https:\/\/www.smedemokrati.sk\/presadime-nulovu-toleranciu-domaceho-nasilia\/"},"wordCount":615,"publisher":{"@id":"https:\/\/www.smedemokrati.sk\/#organization"},"image":{"@id":"https:\/\/www.smedemokrati.sk\/presadime-nulovu-toleranciu-domaceho-nasilia\/#primaryimage"},"thumbnailUrl":"https:\/\/www.smedemokrati.sk\/wp-content\/uploads\/2023\/06\/abdrea.jpg","articleSection":["Tla\u010dov\u00e9 spr\u00e1vy"],"inLanguage":"sv-SE"},{"@type":"WebPage","@id":"https:\/\/www.smedemokrati.sk\/presadime-nulovu-toleranciu-domaceho-nasilia\/","url":"https:\/\/www.smedemokrati.sk\/presadime-nulovu-toleranciu-domaceho-nasilia\/","name":"Presad\u00edme nulov\u00fa toleranciu dom\u00e1ceho n\u00e1silia - Smedemokrati.sk","isPartOf":{"@id":"https:\/\/www.smedemokrati.sk\/#website"},"primaryImageOfPage":{"@id":"https:\/\/www.smedemokrati.sk\/presadime-nulovu-toleranciu-domaceho-nasilia\/#primaryimage"},"image":{"@id":"https:\/\/www.smedemokrati.sk\/presadime-nulovu-toleranciu-domaceho-nasilia\/#primaryimage"},"thumbnailUrl":"https:\/\/www.smedemokrati.sk\/wp-content\/uploads\/2023\/06\/abdrea.jpg","datePublished":"2023-08-15T09:37:28+00:00","dateModified":"2023-08-15T09:37:50+00:00","breadcrumb":{"@id":"https:\/\/www.smedemokrati.sk\/presadime-nulovu-toleranciu-domaceho-nasilia\/#breadcrumb"},"inLanguage":"sv-SE","potentialAction":[{"@type":"ReadAction","target":["https:\/\/www.smedemokrati.sk\/presadime-nulovu-toleranciu-domaceho-nasilia\/"]}]},{"@type":"ImageObject","inLanguage":"sv-SE","@id":"https:\/\/www.smedemokrati.sk\/presadime-nulovu-toleranciu-domaceho-nasilia\/#primaryimage","url":"https:\/\/www.smedemokrati.sk\/wp-content\/uploads\/2023\/06\/abdrea.jpg","contentUrl":"https:\/\/www.smedemokrati.sk\/wp-content\/uploads\/2023\/06\/abdrea.jpg","width":1800,"height":1009},{"@type":"BreadcrumbList","@id":"https:\/\/www.smedemokrati.sk\/presadime-nulovu-toleranciu-domaceho-nasilia\/#breadcrumb","itemListElement":[{"@type":"ListItem","position":1,"name":"Domovsk\u00e1 str\u00e1nka","item":"https:\/\/www.smedemokrati.sk\/"},{"@type":"ListItem","position":2,"name":"Presad\u00edme nulov\u00fa toleranciu dom\u00e1ceho n\u00e1silia"}]},{"@type":"WebSite","@id":"https:\/\/www.smedemokrati.sk\/#website","url":"https:\/\/www.smedemokrati.sk\/","name":"Smedemokrati.sk","description":"Demokracia a slu\u0161nos\u0165 zv\u00ed\u0165az\u00ed","publisher":{"@id":"https:\/\/www.smedemokrati.sk\/#organization"},"potentialAction":[{"@type":"SearchAction","target":{"@type":"EntryPoint","urlTemplate":"https:\/\/www.smedemokrati.sk\/?s={search_term_string}"},"query-input":{"@type":"PropertyValueSpecification","valueRequired":true,"valueName":"search_term_string"}}],"inLanguage":"sv-SE"},{"@type":"Organization","@id":"https:\/\/www.smedemokrati.sk\/#organization","name":"Smedemokrati.sk","url":"https:\/\/www.smedemokrati.sk\/","logo":{"@type":"ImageObject","inLanguage":"sv-SE","@id":"https:\/\/www.smedemokrati.sk\/#\/schema\/logo\/image\/","url":"https:\/\/www.smedemokrati.sk\/wp-content\/uploads\/2023\/04\/ff.002.jpeg","contentUrl":"https:\/\/www.smedemokrati.sk\/wp-content\/uploads\/2023\/04\/ff.002.jpeg","width":640,"height":480,"caption":"Smedemokrati.sk"},"image":{"@id":"https:\/\/www.smedemokrati.sk\/#\/schema\/logo\/image\/"},"sameAs":["https:\/\/www.facebook.com\/smedemokrati2023"]},{"@type":"Person","@id":"https:\/\/www.smedemokrati.sk\/#\/schema\/person\/c60720f4b9955b3c1ed222ebd1fbbc7c","name":"Tom\u00e1\u0161 Koppl","image":{"@type":"ImageObject","inLanguage":"sv-SE","@id":"https:\/\/secure.gravatar.com\/avatar\/8dfa38373c5e39821baf74c8e867a6f12e12c6dab6559aa999d10703b0b1c4ce?s=96&d=mm&r=g","url":"https:\/\/secure.gravatar.com\/avatar\/8dfa38373c5e39821baf74c8e867a6f12e12c6dab6559aa999d10703b0b1c4ce?s=96&d=mm&r=g","contentUrl":"https:\/\/secure.gravatar.com\/avatar\/8dfa38373c5e39821baf74c8e867a6f12e12c6dab6559aa999d10703b0b1c4ce?s=96&d=mm&r=g","caption":"Tom\u00e1\u0161 Koppl"},"url":"https:\/\/www.smedemokrati.sk\/sv\/author\/tomaskoppl\/"}]}},"_links":{"self":[{"href":"https:\/\/www.smedemokrati.sk\/sv\/wp-json\/wp\/v2\/posts\/1720","targetHints":{"allow":["GET"]}}],"collection":[{"href":"https:\/\/www.smedemokrati.sk\/sv\/wp-json\/wp\/v2\/posts"}],"about":[{"href":"https:\/\/www.smedemokrati.sk\/sv\/wp-json\/wp\/v2\/types\/post"}],"author":[{"embeddable":true,"href":"https:\/\/www.smedemokrati.sk\/sv\/wp-json\/wp\/v2\/users\/7"}],"replies":[{"embeddable":true,"href":"https:\/\/www.smedemokrati.sk\/sv\/wp-json\/wp\/v2\/comments?post=1720"}],"version-history":[{"count":1,"href":"https:\/\/www.smedemokrati.sk\/sv\/wp-json\/wp\/v2\/posts\/1720\/revisions"}],"predecessor-version":[{"id":1722,"href":"https:\/\/www.smedemokrati.sk\/sv\/wp-json\/wp\/v2\/posts\/1720\/revisions\/1722"}],"wp:featuredmedia":[{"embeddable":true,"href":"https:\/\/www.smedemokrati.sk\/sv\/wp-json\/wp\/v2\/media\/1169"}],"wp:attachment":[{"href":"https:\/\/www.smedemokrati.sk\/sv\/wp-json\/wp\/v2\/media?parent=1720"}],"wp:term":[{"taxonomy":"category","embeddable":true,"href":"https:\/\/www.smedemokrati.sk\/sv\/wp-json\/wp\/v2\/categories?post=1720"},{"taxonomy":"post_tag","embeddable":true,"href":"https:\/\/www.smedemokrati.sk\/sv\/wp-json\/wp\/v2\/tags?post=1720"}],"curies":[{"name":"wp","href":"https:\/\/api.w.org\/{rel}","templated":true}]}}