{"id":1703,"date":"2023-08-14T18:36:58","date_gmt":"2023-08-14T16:36:58","guid":{"rendered":"https:\/\/www.smedemokrati.sk\/?p=1703"},"modified":"2023-08-14T18:36:59","modified_gmt":"2023-08-14T16:36:59","slug":"kto-financuje-stranu-hlas","status":"publish","type":"post","link":"https:\/\/www.smedemokrati.sk\/sv\/kto-financuje-stranu-hlas\/","title":{"rendered":"Kto financuje stranu HLAS?"},"content":{"rendered":"<div id=\"fb-root\"><\/div>\n\n<p>Demokrati predstavili n\u00e1vrh, ako zabezpe\u010di\u0165 vy\u0161\u0161iu transparentnos\u0165 financovania kampan\u00ed politick\u00fdch str\u00e1n. Navrhuj\u00fa zmeni\u0165 z\u00e1kon \u010d. 85\/2005 o politick\u00fdch stran\u00e1ch tak, aby strany boli povinn\u00e9 zverej\u0148ova\u0165 cel\u00e9 \u00faverov\u00e9 zmluvy. \u010clen predsedn\u00edctva Demokratov Juraj \u0160eliga hovor\u00ed, \u017ee zverejnen\u00edm ru\u010dite\u013eov a \u010fal\u0161\u00edch foriem z\u00e1bezpeky sa odstr\u00e1nia ak\u00e9ko\u013evek pochybnosti o tom, kto v skuto\u010dnosti finan\u010dne riadi politick\u00e9 strany. Ako pr\u00edklad uv\u00e1dza stranu HLAS, ktor\u00e1 si zobrala \u00faver v banke, ale dodnes nikto nevie, kto sa im za tento \u00faver zaru\u010dil.<\/p>\n\n\n\n<p><strong>\u201eNa Slovensku m\u00e1me sk\u00fasenosti s vl\u00e1dou oligarchov. T\u00ed vedia ve\u013emi presne, ak\u00e9 z\u00e1kony treba presadi\u0165, kam maj\u00fa smerova\u0165 \u0161t\u00e1tne financie a z\u00e1kazky tak, aby sa im pohodlne \u017eilo,\u201c<\/strong>\u00a0uviedla volebn\u00e1 l\u00edderka Demokratov Andrea Letanovsk\u00e1 s t\u00fdm, \u017ee tak\u00e9to temn\u00e9 vl\u00e1dy za\u010d\u00ednaj\u00fa pr\u00e1ve pri netransparentnom financovan\u00ed politick\u00fdch str\u00e1n pred vo\u013ebami.\u00a0<strong>\u201ePre n\u00e1s, be\u017en\u00fdch ob\u010danov je financovanie kampan\u00ed politick\u00fdch str\u00e1n pod\u013ea s\u00fa\u010dasn\u00fdch z\u00e1konov takmer \u00faplne skryt\u00e9,\u201c<\/strong>\u00a0povedala.<\/p>\n\n\n\n<p><strong>\u201eTo, \u010do sa pred vo\u013ebami tv\u00e1rilo ako p\u00f4\u017ei\u010dka, po vo\u013eb\u00e1ch sa ve\u013emi \u013eahko stane z\u00e1v\u00e4zkom politickej strany vo\u010di oligarchovi. Politick\u00e9 strany tak nie s\u00fa slobodn\u00e9 a nekonaj\u00fa v z\u00e1ujme ob\u010danov. V minulosti n\u00e1m vl\u00e1dli vazalsk\u00e9 strany zaviazan\u00e9 oligarchom, ktor\u00ed ich pred vo\u013ebami \u0161tedro financovali. My, ako ob\u010dania sme o tomto ni\u010d nemohli vedie\u0165, tak\u00fd je dnes z\u00e1kon,\u201c<\/strong>\u00a0doplnila volebn\u00e1 l\u00edderka Letanovsk\u00e1.<\/p>\n\n\n\n<p>Strana Demokrati pod\u013ea slov Letanovskej pova\u017euje transparentnos\u0165 financovania politick\u00fdch str\u00e1n za k\u013e\u00fa\u010dov\u00fd pilier demokracie.\u00a0<strong>\u201ePreto sa p\u00fdtame, ako je to mo\u017en\u00e9, \u017ee \u017eiadnej politickej strane neprek\u00e1\u017ea netransparentn\u00e9 financovanie strany HLAS a pova\u017euj\u00fa ho za \u201auniverz\u00e1lneho\u2018\u00a0koali\u010dn\u00e9ho partnera?\u201c<\/strong><\/p>\n\n\n\n<p><strong>\u201eKto stoj\u00ed v pozad\u00ed politick\u00fdch str\u00e1n? Niektor\u00ed zh\u00e1\u0148ali peniaze vlastnou hlavou a niektor\u00ed ru\u010dili majetkom, ktor\u00ed nemali,\u201c<\/strong>\u00a0pripomenul \u010dlen predsedn\u00edctva Demokratov Juraj \u0160eliga.<\/p>\n\n\n\n<p><strong>\u201eSkuto\u010dn\u00ed \u201ap\u00e1ni\u2018 politick\u00fdch str\u00e1n sa dnes m\u00f4\u017eu \u013eahko skry\u0165 za p\u00f4\u017ei\u010dku od banky, preto\u017ee strany nemusia zverej\u0148ova\u0165, kto im za \u00faver ru\u010d\u00ed. To dnes dovo\u013euje z\u00e1kon o politick\u00fdch stran\u00e1ch. Kr\u00e1sne to vid\u00edme na pr\u00edklade strany HLAS. Zobrali si p\u00f4\u017ei\u010dku 2 mili\u00f3ny eur, za ktor\u00fa mus\u00ed niekto ru\u010di\u0165 a voli\u010di netu\u0161ia kto. Nedajme sa oklama\u0165, \u017ee to HLAS dostal p\u00f4\u017ei\u010dku za percent\u00e1 v prieskumoch. P\u00e1n Pellegrini, povedzte kone\u010dne, kto ru\u010d\u00ed za v\u00e1\u0161 \u00faver,\u201c<\/strong>\u00a0vyhl\u00e1sil \u0160eliga.<\/p>\n\n\n\n<p><strong>\u201eAk budeme ma\u0165 t\u00fa \u010des\u0165 by\u0165 s\u00fa\u010das\u0165ou bud\u00faceho parlamentu zmen\u00edme z\u00e1kon tak, aby politick\u00e9 strany museli pri \u00faverovej zmluve zverej\u0148ova\u0165 aj ru\u010dite\u013ea a ostatn\u00e9 formy z\u00e1bezpeky \u00faveru. V tak\u00fdchto pr\u00edpadoch mus\u00ed bankov\u00e9 tajomstvo ust\u00fapi\u0165 verejn\u00e9mu z\u00e1ujmu, aby voli\u010di vedeli, kto skuto\u010dne financuje politick\u00e9 strany. N\u00e1sledne sa svojich politick\u00fdch z\u00e1stupcov m\u00f4\u017eu p\u00fdta\u0165, \u010do za to ru\u010ditelia chc\u00fa,\u201c<\/strong>\u00a0povedal Juraj \u0160eliga.<\/p>\n\n\n\n<p><strong>\u201cV strane Demokrati sme aj na\u010falej odhodlan\u00ed bojova\u0165 za transparentn\u00e9 financovanie politick\u00fdch kampan\u00ed, lebo to je z\u00e1kladom transparentn\u00e9ho spravovania verejn\u00fdch financi\u00ed ob\u010danov,\u201d<\/strong>&nbsp;dodala na z\u00e1ver Letanovsk\u00e1.<\/p>\n","protected":false},"excerpt":{"rendered":"<p>Demokrati predstavili n\u00e1vrh, ako zabezpe\u010di\u0165 vy\u0161\u0161iu transparentnos\u0165 financovania kampan\u00ed politick\u00fdch str\u00e1n. Navrhuj\u00fa zmeni\u0165 z\u00e1kon \u010d. 85\/2005 o politick\u00fdch stran\u00e1ch tak, aby strany boli povinn\u00e9 zverej\u0148ova\u0165 cel\u00e9 \u00faverov\u00e9 zmluvy. \u010clen predsedn\u00edctva Demokratov Juraj \u0160eliga hovor\u00ed, \u017ee zverejnen\u00edm ru\u010dite\u013eov a \u010fal\u0161\u00edch foriem z\u00e1bezpeky sa odstr\u00e1nia ak\u00e9ko\u013evek pochybnosti o tom, kto v skuto\u010dnosti finan\u010dne riadi politick\u00e9 strany. Ako [&hellip;]<\/p>\n","protected":false},"author":7,"featured_media":1704,"comment_status":"closed","ping_status":"closed","sticky":false,"template":"","format":"standard","meta":{"_acf_changed":false,"ngg_post_thumbnail":0,"footnotes":""},"categories":[4],"tags":[],"class_list":["post-1703","post","type-post","status-publish","format-standard","has-post-thumbnail","hentry","category-tlacove-spravy"],"acf":[],"yoast_head":"<!-- This site is optimized with the Yoast SEO plugin v27.2 - https:\/\/yoast.com\/product\/yoast-seo-wordpress\/ -->\n<title>Kto financuje stranu HLAS? - Smedemokrati.sk<\/title>\n<meta name=\"robots\" content=\"index, follow, max-snippet:-1, max-image-preview:large, max-video-preview:-1\" \/>\n<link rel=\"canonical\" href=\"https:\/\/www.smedemokrati.sk\/sv\/kto-financuje-stranu-hlas\/\" \/>\n<meta property=\"og:locale\" content=\"sv_SE\" \/>\n<meta property=\"og:locale:alternate\" content=\"en_US\" \/>\n<meta property=\"og:locale:alternate\" content=\"cs_CZ\" \/>\n<meta property=\"og:locale:alternate\" content=\"hu_HU\" \/>\n<meta property=\"og:locale:alternate\" content=\"sk_SK\" \/>\n<meta property=\"og:type\" content=\"article\" \/>\n<meta property=\"og:title\" content=\"Kto financuje stranu HLAS? - Smedemokrati.sk\" \/>\n<meta property=\"og:description\" content=\"Demokrati predstavili n\u00e1vrh, ako zabezpe\u010di\u0165 vy\u0161\u0161iu transparentnos\u0165 financovania kampan\u00ed politick\u00fdch str\u00e1n. Navrhuj\u00fa zmeni\u0165 z\u00e1kon \u010d. 85\/2005 o politick\u00fdch stran\u00e1ch tak, aby strany boli povinn\u00e9 zverej\u0148ova\u0165 cel\u00e9 \u00faverov\u00e9 zmluvy. \u010clen predsedn\u00edctva Demokratov Juraj \u0160eliga hovor\u00ed, \u017ee zverejnen\u00edm ru\u010dite\u013eov a \u010fal\u0161\u00edch foriem z\u00e1bezpeky sa odstr\u00e1nia ak\u00e9ko\u013evek pochybnosti o tom, kto v skuto\u010dnosti finan\u010dne riadi politick\u00e9 strany. Ako [&hellip;]\" \/>\n<meta property=\"og:url\" content=\"https:\/\/www.smedemokrati.sk\/sv\/kto-financuje-stranu-hlas\/\" \/>\n<meta property=\"og:site_name\" content=\"Smedemokrati.sk\" \/>\n<meta property=\"article:publisher\" content=\"https:\/\/www.facebook.com\/smedemokrati2023\" \/>\n<meta property=\"article:published_time\" content=\"2023-08-14T16:36:58+00:00\" \/>\n<meta property=\"article:modified_time\" content=\"2023-08-14T16:36:59+00:00\" \/>\n<meta property=\"og:image\" content=\"https:\/\/www.smedemokrati.sk\/wp-content\/uploads\/2023\/08\/juri.jpg\" \/>\n\t<meta property=\"og:image:width\" content=\"1323\" \/>\n\t<meta property=\"og:image:height\" content=\"700\" \/>\n\t<meta property=\"og:image:type\" content=\"image\/jpeg\" \/>\n<meta name=\"author\" content=\"Tom\u00e1\u0161 Koppl\" \/>\n<meta name=\"twitter:card\" content=\"summary_large_image\" \/>\n<meta name=\"twitter:label1\" content=\"Skriven av\" \/>\n\t<meta name=\"twitter:data1\" content=\"Tom\u00e1\u0161 Koppl\" \/>\n\t<meta name=\"twitter:label2\" content=\"Ber\u00e4knad l\u00e4stid\" \/>\n\t<meta name=\"twitter:data2\" content=\"3 minuter\" \/>\n<script type=\"application\/ld+json\" class=\"yoast-schema-graph\">{\"@context\":\"https:\/\/schema.org\",\"@graph\":[{\"@type\":\"Article\",\"@id\":\"https:\/\/www.smedemokrati.sk\/kto-financuje-stranu-hlas\/#article\",\"isPartOf\":{\"@id\":\"https:\/\/www.smedemokrati.sk\/kto-financuje-stranu-hlas\/\"},\"author\":{\"name\":\"Tom\u00e1\u0161 Koppl\",\"@id\":\"https:\/\/www.smedemokrati.sk\/#\/schema\/person\/c60720f4b9955b3c1ed222ebd1fbbc7c\"},\"headline\":\"Kto financuje stranu HLAS?\",\"datePublished\":\"2023-08-14T16:36:58+00:00\",\"dateModified\":\"2023-08-14T16:36:59+00:00\",\"mainEntityOfPage\":{\"@id\":\"https:\/\/www.smedemokrati.sk\/kto-financuje-stranu-hlas\/\"},\"wordCount\":563,\"publisher\":{\"@id\":\"https:\/\/www.smedemokrati.sk\/#organization\"},\"image\":{\"@id\":\"https:\/\/www.smedemokrati.sk\/kto-financuje-stranu-hlas\/#primaryimage\"},\"thumbnailUrl\":\"https:\/\/www.smedemokrati.sk\/wp-content\/uploads\/2023\/08\/juri.jpg\",\"articleSection\":[\"Tla\u010dov\u00e9 spr\u00e1vy\"],\"inLanguage\":\"sv-SE\"},{\"@type\":\"WebPage\",\"@id\":\"https:\/\/www.smedemokrati.sk\/kto-financuje-stranu-hlas\/\",\"url\":\"https:\/\/www.smedemokrati.sk\/kto-financuje-stranu-hlas\/\",\"name\":\"Kto financuje stranu HLAS? - Smedemokrati.sk\",\"isPartOf\":{\"@id\":\"https:\/\/www.smedemokrati.sk\/#website\"},\"primaryImageOfPage\":{\"@id\":\"https:\/\/www.smedemokrati.sk\/kto-financuje-stranu-hlas\/#primaryimage\"},\"image\":{\"@id\":\"https:\/\/www.smedemokrati.sk\/kto-financuje-stranu-hlas\/#primaryimage\"},\"thumbnailUrl\":\"https:\/\/www.smedemokrati.sk\/wp-content\/uploads\/2023\/08\/juri.jpg\",\"datePublished\":\"2023-08-14T16:36:58+00:00\",\"dateModified\":\"2023-08-14T16:36:59+00:00\",\"breadcrumb\":{\"@id\":\"https:\/\/www.smedemokrati.sk\/kto-financuje-stranu-hlas\/#breadcrumb\"},\"inLanguage\":\"sv-SE\",\"potentialAction\":[{\"@type\":\"ReadAction\",\"target\":[\"https:\/\/www.smedemokrati.sk\/kto-financuje-stranu-hlas\/\"]}]},{\"@type\":\"ImageObject\",\"inLanguage\":\"sv-SE\",\"@id\":\"https:\/\/www.smedemokrati.sk\/kto-financuje-stranu-hlas\/#primaryimage\",\"url\":\"https:\/\/www.smedemokrati.sk\/wp-content\/uploads\/2023\/08\/juri.jpg\",\"contentUrl\":\"https:\/\/www.smedemokrati.sk\/wp-content\/uploads\/2023\/08\/juri.jpg\",\"width\":1323,\"height\":700},{\"@type\":\"BreadcrumbList\",\"@id\":\"https:\/\/www.smedemokrati.sk\/kto-financuje-stranu-hlas\/#breadcrumb\",\"itemListElement\":[{\"@type\":\"ListItem\",\"position\":1,\"name\":\"Domovsk\u00e1 str\u00e1nka\",\"item\":\"https:\/\/www.smedemokrati.sk\/\"},{\"@type\":\"ListItem\",\"position\":2,\"name\":\"Kto financuje stranu HLAS?\"}]},{\"@type\":\"WebSite\",\"@id\":\"https:\/\/www.smedemokrati.sk\/#website\",\"url\":\"https:\/\/www.smedemokrati.sk\/\",\"name\":\"Smedemokrati.sk\",\"description\":\"Demokracia a slu\u0161nos\u0165 zv\u00ed\u0165az\u00ed\",\"publisher\":{\"@id\":\"https:\/\/www.smedemokrati.sk\/#organization\"},\"potentialAction\":[{\"@type\":\"SearchAction\",\"target\":{\"@type\":\"EntryPoint\",\"urlTemplate\":\"https:\/\/www.smedemokrati.sk\/?s={search_term_string}\"},\"query-input\":{\"@type\":\"PropertyValueSpecification\",\"valueRequired\":true,\"valueName\":\"search_term_string\"}}],\"inLanguage\":\"sv-SE\"},{\"@type\":\"Organization\",\"@id\":\"https:\/\/www.smedemokrati.sk\/#organization\",\"name\":\"Smedemokrati.sk\",\"url\":\"https:\/\/www.smedemokrati.sk\/\",\"logo\":{\"@type\":\"ImageObject\",\"inLanguage\":\"sv-SE\",\"@id\":\"https:\/\/www.smedemokrati.sk\/#\/schema\/logo\/image\/\",\"url\":\"https:\/\/www.smedemokrati.sk\/wp-content\/uploads\/2023\/04\/ff.002.jpeg\",\"contentUrl\":\"https:\/\/www.smedemokrati.sk\/wp-content\/uploads\/2023\/04\/ff.002.jpeg\",\"width\":640,\"height\":480,\"caption\":\"Smedemokrati.sk\"},\"image\":{\"@id\":\"https:\/\/www.smedemokrati.sk\/#\/schema\/logo\/image\/\"},\"sameAs\":[\"https:\/\/www.facebook.com\/smedemokrati2023\"]},{\"@type\":\"Person\",\"@id\":\"https:\/\/www.smedemokrati.sk\/#\/schema\/person\/c60720f4b9955b3c1ed222ebd1fbbc7c\",\"name\":\"Tom\u00e1\u0161 Koppl\",\"image\":{\"@type\":\"ImageObject\",\"inLanguage\":\"sv-SE\",\"@id\":\"https:\/\/secure.gravatar.com\/avatar\/8dfa38373c5e39821baf74c8e867a6f12e12c6dab6559aa999d10703b0b1c4ce?s=96&d=mm&r=g\",\"url\":\"https:\/\/secure.gravatar.com\/avatar\/8dfa38373c5e39821baf74c8e867a6f12e12c6dab6559aa999d10703b0b1c4ce?s=96&d=mm&r=g\",\"contentUrl\":\"https:\/\/secure.gravatar.com\/avatar\/8dfa38373c5e39821baf74c8e867a6f12e12c6dab6559aa999d10703b0b1c4ce?s=96&d=mm&r=g\",\"caption\":\"Tom\u00e1\u0161 Koppl\"},\"url\":\"https:\/\/www.smedemokrati.sk\/sv\/author\/tomaskoppl\/\"}]}<\/script>\n<!-- \/ Yoast SEO plugin. -->","yoast_head_json":{"title":"Kto financuje stranu HLAS? - Smedemokrati.sk","robots":{"index":"index","follow":"follow","max-snippet":"max-snippet:-1","max-image-preview":"max-image-preview:large","max-video-preview":"max-video-preview:-1"},"canonical":"https:\/\/www.smedemokrati.sk\/sv\/kto-financuje-stranu-hlas\/","og_locale":"sv_SE","og_type":"article","og_title":"Kto financuje stranu HLAS? - Smedemokrati.sk","og_description":"Demokrati predstavili n\u00e1vrh, ako zabezpe\u010di\u0165 vy\u0161\u0161iu transparentnos\u0165 financovania kampan\u00ed politick\u00fdch str\u00e1n. Navrhuj\u00fa zmeni\u0165 z\u00e1kon \u010d. 85\/2005 o politick\u00fdch stran\u00e1ch tak, aby strany boli povinn\u00e9 zverej\u0148ova\u0165 cel\u00e9 \u00faverov\u00e9 zmluvy. \u010clen predsedn\u00edctva Demokratov Juraj \u0160eliga hovor\u00ed, \u017ee zverejnen\u00edm ru\u010dite\u013eov a \u010fal\u0161\u00edch foriem z\u00e1bezpeky sa odstr\u00e1nia ak\u00e9ko\u013evek pochybnosti o tom, kto v skuto\u010dnosti finan\u010dne riadi politick\u00e9 strany. Ako [&hellip;]","og_url":"https:\/\/www.smedemokrati.sk\/sv\/kto-financuje-stranu-hlas\/","og_site_name":"Smedemokrati.sk","article_publisher":"https:\/\/www.facebook.com\/smedemokrati2023","article_published_time":"2023-08-14T16:36:58+00:00","article_modified_time":"2023-08-14T16:36:59+00:00","og_image":[{"width":1323,"height":700,"url":"https:\/\/www.smedemokrati.sk\/wp-content\/uploads\/2023\/08\/juri.jpg","type":"image\/jpeg"}],"author":"Tom\u00e1\u0161 Koppl","twitter_card":"summary_large_image","twitter_misc":{"Skriven av":"Tom\u00e1\u0161 Koppl","Ber\u00e4knad l\u00e4stid":"3 minuter"},"schema":{"@context":"https:\/\/schema.org","@graph":[{"@type":"Article","@id":"https:\/\/www.smedemokrati.sk\/kto-financuje-stranu-hlas\/#article","isPartOf":{"@id":"https:\/\/www.smedemokrati.sk\/kto-financuje-stranu-hlas\/"},"author":{"name":"Tom\u00e1\u0161 Koppl","@id":"https:\/\/www.smedemokrati.sk\/#\/schema\/person\/c60720f4b9955b3c1ed222ebd1fbbc7c"},"headline":"Kto financuje stranu HLAS?","datePublished":"2023-08-14T16:36:58+00:00","dateModified":"2023-08-14T16:36:59+00:00","mainEntityOfPage":{"@id":"https:\/\/www.smedemokrati.sk\/kto-financuje-stranu-hlas\/"},"wordCount":563,"publisher":{"@id":"https:\/\/www.smedemokrati.sk\/#organization"},"image":{"@id":"https:\/\/www.smedemokrati.sk\/kto-financuje-stranu-hlas\/#primaryimage"},"thumbnailUrl":"https:\/\/www.smedemokrati.sk\/wp-content\/uploads\/2023\/08\/juri.jpg","articleSection":["Tla\u010dov\u00e9 spr\u00e1vy"],"inLanguage":"sv-SE"},{"@type":"WebPage","@id":"https:\/\/www.smedemokrati.sk\/kto-financuje-stranu-hlas\/","url":"https:\/\/www.smedemokrati.sk\/kto-financuje-stranu-hlas\/","name":"Kto financuje stranu HLAS? - Smedemokrati.sk","isPartOf":{"@id":"https:\/\/www.smedemokrati.sk\/#website"},"primaryImageOfPage":{"@id":"https:\/\/www.smedemokrati.sk\/kto-financuje-stranu-hlas\/#primaryimage"},"image":{"@id":"https:\/\/www.smedemokrati.sk\/kto-financuje-stranu-hlas\/#primaryimage"},"thumbnailUrl":"https:\/\/www.smedemokrati.sk\/wp-content\/uploads\/2023\/08\/juri.jpg","datePublished":"2023-08-14T16:36:58+00:00","dateModified":"2023-08-14T16:36:59+00:00","breadcrumb":{"@id":"https:\/\/www.smedemokrati.sk\/kto-financuje-stranu-hlas\/#breadcrumb"},"inLanguage":"sv-SE","potentialAction":[{"@type":"ReadAction","target":["https:\/\/www.smedemokrati.sk\/kto-financuje-stranu-hlas\/"]}]},{"@type":"ImageObject","inLanguage":"sv-SE","@id":"https:\/\/www.smedemokrati.sk\/kto-financuje-stranu-hlas\/#primaryimage","url":"https:\/\/www.smedemokrati.sk\/wp-content\/uploads\/2023\/08\/juri.jpg","contentUrl":"https:\/\/www.smedemokrati.sk\/wp-content\/uploads\/2023\/08\/juri.jpg","width":1323,"height":700},{"@type":"BreadcrumbList","@id":"https:\/\/www.smedemokrati.sk\/kto-financuje-stranu-hlas\/#breadcrumb","itemListElement":[{"@type":"ListItem","position":1,"name":"Domovsk\u00e1 str\u00e1nka","item":"https:\/\/www.smedemokrati.sk\/"},{"@type":"ListItem","position":2,"name":"Kto financuje stranu HLAS?"}]},{"@type":"WebSite","@id":"https:\/\/www.smedemokrati.sk\/#website","url":"https:\/\/www.smedemokrati.sk\/","name":"Smedemokrati.sk","description":"Demokracia a slu\u0161nos\u0165 zv\u00ed\u0165az\u00ed","publisher":{"@id":"https:\/\/www.smedemokrati.sk\/#organization"},"potentialAction":[{"@type":"SearchAction","target":{"@type":"EntryPoint","urlTemplate":"https:\/\/www.smedemokrati.sk\/?s={search_term_string}"},"query-input":{"@type":"PropertyValueSpecification","valueRequired":true,"valueName":"search_term_string"}}],"inLanguage":"sv-SE"},{"@type":"Organization","@id":"https:\/\/www.smedemokrati.sk\/#organization","name":"Smedemokrati.sk","url":"https:\/\/www.smedemokrati.sk\/","logo":{"@type":"ImageObject","inLanguage":"sv-SE","@id":"https:\/\/www.smedemokrati.sk\/#\/schema\/logo\/image\/","url":"https:\/\/www.smedemokrati.sk\/wp-content\/uploads\/2023\/04\/ff.002.jpeg","contentUrl":"https:\/\/www.smedemokrati.sk\/wp-content\/uploads\/2023\/04\/ff.002.jpeg","width":640,"height":480,"caption":"Smedemokrati.sk"},"image":{"@id":"https:\/\/www.smedemokrati.sk\/#\/schema\/logo\/image\/"},"sameAs":["https:\/\/www.facebook.com\/smedemokrati2023"]},{"@type":"Person","@id":"https:\/\/www.smedemokrati.sk\/#\/schema\/person\/c60720f4b9955b3c1ed222ebd1fbbc7c","name":"Tom\u00e1\u0161 Koppl","image":{"@type":"ImageObject","inLanguage":"sv-SE","@id":"https:\/\/secure.gravatar.com\/avatar\/8dfa38373c5e39821baf74c8e867a6f12e12c6dab6559aa999d10703b0b1c4ce?s=96&d=mm&r=g","url":"https:\/\/secure.gravatar.com\/avatar\/8dfa38373c5e39821baf74c8e867a6f12e12c6dab6559aa999d10703b0b1c4ce?s=96&d=mm&r=g","contentUrl":"https:\/\/secure.gravatar.com\/avatar\/8dfa38373c5e39821baf74c8e867a6f12e12c6dab6559aa999d10703b0b1c4ce?s=96&d=mm&r=g","caption":"Tom\u00e1\u0161 Koppl"},"url":"https:\/\/www.smedemokrati.sk\/sv\/author\/tomaskoppl\/"}]}},"_links":{"self":[{"href":"https:\/\/www.smedemokrati.sk\/sv\/wp-json\/wp\/v2\/posts\/1703","targetHints":{"allow":["GET"]}}],"collection":[{"href":"https:\/\/www.smedemokrati.sk\/sv\/wp-json\/wp\/v2\/posts"}],"about":[{"href":"https:\/\/www.smedemokrati.sk\/sv\/wp-json\/wp\/v2\/types\/post"}],"author":[{"embeddable":true,"href":"https:\/\/www.smedemokrati.sk\/sv\/wp-json\/wp\/v2\/users\/7"}],"replies":[{"embeddable":true,"href":"https:\/\/www.smedemokrati.sk\/sv\/wp-json\/wp\/v2\/comments?post=1703"}],"version-history":[{"count":1,"href":"https:\/\/www.smedemokrati.sk\/sv\/wp-json\/wp\/v2\/posts\/1703\/revisions"}],"predecessor-version":[{"id":1705,"href":"https:\/\/www.smedemokrati.sk\/sv\/wp-json\/wp\/v2\/posts\/1703\/revisions\/1705"}],"wp:featuredmedia":[{"embeddable":true,"href":"https:\/\/www.smedemokrati.sk\/sv\/wp-json\/wp\/v2\/media\/1704"}],"wp:attachment":[{"href":"https:\/\/www.smedemokrati.sk\/sv\/wp-json\/wp\/v2\/media?parent=1703"}],"wp:term":[{"taxonomy":"category","embeddable":true,"href":"https:\/\/www.smedemokrati.sk\/sv\/wp-json\/wp\/v2\/categories?post=1703"},{"taxonomy":"post_tag","embeddable":true,"href":"https:\/\/www.smedemokrati.sk\/sv\/wp-json\/wp\/v2\/tags?post=1703"}],"curies":[{"name":"wp","href":"https:\/\/api.w.org\/{rel}","templated":true}]}}