{"id":1696,"date":"2023-08-14T12:35:37","date_gmt":"2023-08-14T10:35:37","guid":{"rendered":"https:\/\/www.smedemokrati.sk\/?p=1696"},"modified":"2023-08-14T12:35:38","modified_gmt":"2023-08-14T10:35:38","slug":"ked-sa-chce-tak-sa-da-3-blok-mochoviec-funguje-na-90-tym-to-ale-nekonci","status":"publish","type":"post","link":"https:\/\/www.smedemokrati.sk\/sv\/ked-sa-chce-tak-sa-da-3-blok-mochoviec-funguje-na-90-tym-to-ale-nekonci\/","title":{"rendered":"Ke\u010f sa chce, tak sa d\u00e1. 3. blok Mochoviec funguje na 90 %. T\u00fdm to ale nekon\u010d\u00ed"},"content":{"rendered":"<div id=\"fb-root\"><\/div>\n\n<p>\u201eNed\u00e1 sa, ned\u00e1 sa. To sme po\u010d\u00favali dlh\u00e9 roky. D\u00e1 sa to, ke\u010f sa chce.\u00a0<strong>Som r\u00e1d, \u017ee za na\u0161ej vl\u00e1dy Slovensk\u00e9 elektr\u00e1rne dostavali a spustili 3. blok Mochoviec, ktor\u00fd u\u017e dnes be\u017e\u00ed na 90 %. Spustenie tretieho bloku a z\u00e1rove\u0148 v\u00fdstavba \u0161tvrt\u00e9ho, s\u00fa k\u013e\u00fa\u010dov\u00e9 projekty pre energetick\u00fa bezpe\u010dnos\u0165 ka\u017ed\u00e9ho ob\u010dana Slovenska. Aj v\u010faka tomu, dok\u00e1zala na\u0161a vl\u00e1da, konkr\u00e9tne vtedaj\u0161\u00ed minister hospod\u00e1rstva Karel Hirman, zabezpe\u010di\u0165 lacn\u00fa elektrinu pre slovensk\u00e9 dom\u00e1cnosti na tento aj bud\u00faci rok.<\/strong>\u00a0Spolu so zastropovan\u00fdmi cenami za teplo a plyn dom\u00e1cnosti u\u0161etria 250 eur mesa\u010dne na \u00fa\u010dtoch za energie. V strane Demokrati pon\u00fakame voli\u010dom sk\u00fasen\u00fd t\u00edm, ktor\u00fd u\u017e dok\u00e1zal, \u017ee aj po\u010das \u0165a\u017ekej kr\u00edzy, vie pon\u00faknu\u0165 rie\u0161enia v prospech ob\u010danov. Demokrati s\u00fa garanciou kvalitn\u00fdch rie\u0161en\u00ed,\u201d povedal predseda strany Demokrati Eduard Heger. \u00a0<\/p>\n\n\n\n<p>\u010clena predsedn\u00edctva Demokratov Karel Hirman hovor\u00ed, \u017ee ni\u017e\u0161ia cena elektriny je zabezpe\u010den\u00e1 aj na bud\u00faci rok, v\u010faka dohode so Slovensk\u00fdmi elektr\u00e1r\u0148ami. Pod\u013ea Hirmana je teraz potrebn\u00e9 s\u00fastredi\u0165 sa najm\u00e4 na pomoc s cenami zemn\u00e9ho plynu a vo v\u0161eobecnosti vykurovania.\u00a0<strong>\u201eN\u00e1vrhy Demokratov na stabiliz\u00e1ciu cien energi\u00ed s\u00fa:<\/strong><\/p>\n\n\n\n<p><strong>&#8211; kompenzova\u0165 n\u00e1klady dom\u00e1cnost\u00ed na vykurovanie, a to do v\u00fd\u0161ky priemernej spotreby plynu, respekt\u00edve tepla. Toto opatrenie dom\u00e1cnostiam re\u00e1lne pom\u00f4\u017ee a vytvor\u00ed aj tlak na \u00fasporu,<\/strong><\/p>\n\n\n\n<p><strong>&#8211; zavedenie \u0161rotovn\u00e9ho pri v\u00fdmene star\u00e9ho plynov\u00e9ho kotla za nov\u00fd,<\/strong><\/p>\n\n\n\n<p><strong>&#8211; budeme aj na\u010falej podporova\u0165 \u00fasporn\u00e9 opatrenia, ako s\u00fa pr\u00edspevky na zatep\u013eovanie, \u010di v\u00fdmenu okien,\u201d<\/strong>&nbsp;informoval Hirman.&nbsp;<\/p>\n\n\n\n<p class=\"has-text-align-left\">\u201eU\u017e sme \u010delili aj hrozbe 5-n\u00e1sobn\u00e9ho skokov\u00e9ho n\u00e1rastu cien energi\u00ed a zvl\u00e1dli sme ho. Dok\u00e1\u017eeme to aj teraz,\u201d doplnil Hirman.<br><\/p>\n\n\n\n<p class=\"has-text-align-right\">(Zdroj foto: seas.sk)<\/p>\n\n\n\n<figure class=\"wp-block-image size-full\"><img decoding=\"async\" width=\"1024\" height=\"1024\" src=\"https:\/\/www.smedemokrati.sk\/wp-content\/uploads\/2023\/08\/mochovce-chladiace-veze-1024x1024-1.jpg\" alt=\"\" class=\"wp-image-1697\" srcset=\"https:\/\/www.smedemokrati.sk\/wp-content\/uploads\/2023\/08\/mochovce-chladiace-veze-1024x1024-1.jpg 1024w, https:\/\/www.smedemokrati.sk\/wp-content\/uploads\/2023\/08\/mochovce-chladiace-veze-1024x1024-1-300x300.jpg 300w, https:\/\/www.smedemokrati.sk\/wp-content\/uploads\/2023\/08\/mochovce-chladiace-veze-1024x1024-1-150x150.jpg 150w, https:\/\/www.smedemokrati.sk\/wp-content\/uploads\/2023\/08\/mochovce-chladiace-veze-1024x1024-1-768x768.jpg 768w\" sizes=\"(max-width: 1024px) 100vw, 1024px\" \/><\/figure>\n","protected":false},"excerpt":{"rendered":"<p>\u201eNed\u00e1 sa, ned\u00e1 sa. To sme po\u010d\u00favali dlh\u00e9 roky. D\u00e1 sa to, ke\u010f sa chce.\u00a0Som r\u00e1d, \u017ee za na\u0161ej vl\u00e1dy Slovensk\u00e9 elektr\u00e1rne dostavali a spustili 3. blok Mochoviec, ktor\u00fd u\u017e dnes be\u017e\u00ed na 90 %. Spustenie tretieho bloku a z\u00e1rove\u0148 v\u00fdstavba \u0161tvrt\u00e9ho, s\u00fa k\u013e\u00fa\u010dov\u00e9 projekty pre energetick\u00fa bezpe\u010dnos\u0165 ka\u017ed\u00e9ho ob\u010dana Slovenska. Aj v\u010faka tomu, dok\u00e1zala [&hellip;]<\/p>\n","protected":false},"author":7,"featured_media":1698,"comment_status":"closed","ping_status":"closed","sticky":false,"template":"","format":"standard","meta":{"_acf_changed":false,"ngg_post_thumbnail":0,"footnotes":""},"categories":[4],"tags":[],"class_list":["post-1696","post","type-post","status-publish","format-standard","has-post-thumbnail","hentry","category-tlacove-spravy"],"acf":[],"yoast_head":"<!-- This site is optimized with the Yoast SEO plugin v27.2 - https:\/\/yoast.com\/product\/yoast-seo-wordpress\/ -->\n<title>Ke\u010f sa chce, tak sa d\u00e1. 3. blok Mochoviec funguje na 90 %. T\u00fdm to ale nekon\u010d\u00ed - Smedemokrati.sk<\/title>\n<meta name=\"robots\" content=\"index, follow, max-snippet:-1, max-image-preview:large, max-video-preview:-1\" \/>\n<link rel=\"canonical\" href=\"https:\/\/www.smedemokrati.sk\/sv\/ked-sa-chce-tak-sa-da-3-blok-mochoviec-funguje-na-90-tym-to-ale-nekonci\/\" \/>\n<meta property=\"og:locale\" content=\"sv_SE\" \/>\n<meta property=\"og:locale:alternate\" content=\"en_US\" \/>\n<meta property=\"og:locale:alternate\" content=\"cs_CZ\" \/>\n<meta property=\"og:locale:alternate\" content=\"hu_HU\" \/>\n<meta property=\"og:locale:alternate\" content=\"sk_SK\" \/>\n<meta property=\"og:type\" content=\"article\" \/>\n<meta property=\"og:title\" content=\"Ke\u010f sa chce, tak sa d\u00e1. 3. blok Mochoviec funguje na 90 %. T\u00fdm to ale nekon\u010d\u00ed - Smedemokrati.sk\" \/>\n<meta property=\"og:description\" content=\"\u201eNed\u00e1 sa, ned\u00e1 sa. To sme po\u010d\u00favali dlh\u00e9 roky. D\u00e1 sa to, ke\u010f sa chce.\u00a0Som r\u00e1d, \u017ee za na\u0161ej vl\u00e1dy Slovensk\u00e9 elektr\u00e1rne dostavali a spustili 3. blok Mochoviec, ktor\u00fd u\u017e dnes be\u017e\u00ed na 90 %. Spustenie tretieho bloku a z\u00e1rove\u0148 v\u00fdstavba \u0161tvrt\u00e9ho, s\u00fa k\u013e\u00fa\u010dov\u00e9 projekty pre energetick\u00fa bezpe\u010dnos\u0165 ka\u017ed\u00e9ho ob\u010dana Slovenska. Aj v\u010faka tomu, dok\u00e1zala [&hellip;]\" \/>\n<meta property=\"og:url\" content=\"https:\/\/www.smedemokrati.sk\/sv\/ked-sa-chce-tak-sa-da-3-blok-mochoviec-funguje-na-90-tym-to-ale-nekonci\/\" \/>\n<meta property=\"og:site_name\" content=\"Smedemokrati.sk\" \/>\n<meta property=\"article:publisher\" content=\"https:\/\/www.facebook.com\/smedemokrati2023\" \/>\n<meta property=\"article:published_time\" content=\"2023-08-14T10:35:37+00:00\" \/>\n<meta property=\"article:modified_time\" content=\"2023-08-14T10:35:38+00:00\" \/>\n<meta property=\"og:image\" content=\"https:\/\/www.smedemokrati.sk\/wp-content\/uploads\/2023\/08\/mochovce-chladiace-veze-1024x1024-2.jpg\" \/>\n\t<meta property=\"og:image:width\" content=\"1024\" \/>\n\t<meta property=\"og:image:height\" content=\"1024\" \/>\n\t<meta property=\"og:image:type\" content=\"image\/jpeg\" \/>\n<meta name=\"author\" content=\"Tom\u00e1\u0161 Koppl\" \/>\n<meta name=\"twitter:card\" content=\"summary_large_image\" \/>\n<meta name=\"twitter:label1\" content=\"Skriven av\" \/>\n\t<meta name=\"twitter:data1\" content=\"Tom\u00e1\u0161 Koppl\" \/>\n\t<meta name=\"twitter:label2\" content=\"Ber\u00e4knad l\u00e4stid\" \/>\n\t<meta name=\"twitter:data2\" content=\"2 minuter\" \/>\n<script type=\"application\/ld+json\" class=\"yoast-schema-graph\">{\"@context\":\"https:\/\/schema.org\",\"@graph\":[{\"@type\":\"Article\",\"@id\":\"https:\/\/www.smedemokrati.sk\/ked-sa-chce-tak-sa-da-3-blok-mochoviec-funguje-na-90-tym-to-ale-nekonci\/#article\",\"isPartOf\":{\"@id\":\"https:\/\/www.smedemokrati.sk\/ked-sa-chce-tak-sa-da-3-blok-mochoviec-funguje-na-90-tym-to-ale-nekonci\/\"},\"author\":{\"name\":\"Tom\u00e1\u0161 Koppl\",\"@id\":\"https:\/\/www.smedemokrati.sk\/#\/schema\/person\/c60720f4b9955b3c1ed222ebd1fbbc7c\"},\"headline\":\"Ke\u010f sa chce, tak sa d\u00e1. 3. blok Mochoviec funguje na 90 %. T\u00fdm to ale nekon\u010d\u00ed\",\"datePublished\":\"2023-08-14T10:35:37+00:00\",\"dateModified\":\"2023-08-14T10:35:38+00:00\",\"mainEntityOfPage\":{\"@id\":\"https:\/\/www.smedemokrati.sk\/ked-sa-chce-tak-sa-da-3-blok-mochoviec-funguje-na-90-tym-to-ale-nekonci\/\"},\"wordCount\":334,\"publisher\":{\"@id\":\"https:\/\/www.smedemokrati.sk\/#organization\"},\"image\":{\"@id\":\"https:\/\/www.smedemokrati.sk\/ked-sa-chce-tak-sa-da-3-blok-mochoviec-funguje-na-90-tym-to-ale-nekonci\/#primaryimage\"},\"thumbnailUrl\":\"https:\/\/www.smedemokrati.sk\/wp-content\/uploads\/2023\/08\/mochovce-chladiace-veze-1024x1024-2.jpg\",\"articleSection\":[\"Tla\u010dov\u00e9 spr\u00e1vy\"],\"inLanguage\":\"sv-SE\"},{\"@type\":\"WebPage\",\"@id\":\"https:\/\/www.smedemokrati.sk\/ked-sa-chce-tak-sa-da-3-blok-mochoviec-funguje-na-90-tym-to-ale-nekonci\/\",\"url\":\"https:\/\/www.smedemokrati.sk\/ked-sa-chce-tak-sa-da-3-blok-mochoviec-funguje-na-90-tym-to-ale-nekonci\/\",\"name\":\"Ke\u010f sa chce, tak sa d\u00e1. 3. blok Mochoviec funguje na 90 %. T\u00fdm to ale nekon\u010d\u00ed - Smedemokrati.sk\",\"isPartOf\":{\"@id\":\"https:\/\/www.smedemokrati.sk\/#website\"},\"primaryImageOfPage\":{\"@id\":\"https:\/\/www.smedemokrati.sk\/ked-sa-chce-tak-sa-da-3-blok-mochoviec-funguje-na-90-tym-to-ale-nekonci\/#primaryimage\"},\"image\":{\"@id\":\"https:\/\/www.smedemokrati.sk\/ked-sa-chce-tak-sa-da-3-blok-mochoviec-funguje-na-90-tym-to-ale-nekonci\/#primaryimage\"},\"thumbnailUrl\":\"https:\/\/www.smedemokrati.sk\/wp-content\/uploads\/2023\/08\/mochovce-chladiace-veze-1024x1024-2.jpg\",\"datePublished\":\"2023-08-14T10:35:37+00:00\",\"dateModified\":\"2023-08-14T10:35:38+00:00\",\"breadcrumb\":{\"@id\":\"https:\/\/www.smedemokrati.sk\/ked-sa-chce-tak-sa-da-3-blok-mochoviec-funguje-na-90-tym-to-ale-nekonci\/#breadcrumb\"},\"inLanguage\":\"sv-SE\",\"potentialAction\":[{\"@type\":\"ReadAction\",\"target\":[\"https:\/\/www.smedemokrati.sk\/ked-sa-chce-tak-sa-da-3-blok-mochoviec-funguje-na-90-tym-to-ale-nekonci\/\"]}]},{\"@type\":\"ImageObject\",\"inLanguage\":\"sv-SE\",\"@id\":\"https:\/\/www.smedemokrati.sk\/ked-sa-chce-tak-sa-da-3-blok-mochoviec-funguje-na-90-tym-to-ale-nekonci\/#primaryimage\",\"url\":\"https:\/\/www.smedemokrati.sk\/wp-content\/uploads\/2023\/08\/mochovce-chladiace-veze-1024x1024-2.jpg\",\"contentUrl\":\"https:\/\/www.smedemokrati.sk\/wp-content\/uploads\/2023\/08\/mochovce-chladiace-veze-1024x1024-2.jpg\",\"width\":1024,\"height\":1024},{\"@type\":\"BreadcrumbList\",\"@id\":\"https:\/\/www.smedemokrati.sk\/ked-sa-chce-tak-sa-da-3-blok-mochoviec-funguje-na-90-tym-to-ale-nekonci\/#breadcrumb\",\"itemListElement\":[{\"@type\":\"ListItem\",\"position\":1,\"name\":\"Domovsk\u00e1 str\u00e1nka\",\"item\":\"https:\/\/www.smedemokrati.sk\/\"},{\"@type\":\"ListItem\",\"position\":2,\"name\":\"Ke\u010f sa chce, tak sa d\u00e1. 3. blok Mochoviec funguje na 90 %. T\u00fdm to ale nekon\u010d\u00ed\"}]},{\"@type\":\"WebSite\",\"@id\":\"https:\/\/www.smedemokrati.sk\/#website\",\"url\":\"https:\/\/www.smedemokrati.sk\/\",\"name\":\"Smedemokrati.sk\",\"description\":\"Demokracia a slu\u0161nos\u0165 zv\u00ed\u0165az\u00ed\",\"publisher\":{\"@id\":\"https:\/\/www.smedemokrati.sk\/#organization\"},\"potentialAction\":[{\"@type\":\"SearchAction\",\"target\":{\"@type\":\"EntryPoint\",\"urlTemplate\":\"https:\/\/www.smedemokrati.sk\/?s={search_term_string}\"},\"query-input\":{\"@type\":\"PropertyValueSpecification\",\"valueRequired\":true,\"valueName\":\"search_term_string\"}}],\"inLanguage\":\"sv-SE\"},{\"@type\":\"Organization\",\"@id\":\"https:\/\/www.smedemokrati.sk\/#organization\",\"name\":\"Smedemokrati.sk\",\"url\":\"https:\/\/www.smedemokrati.sk\/\",\"logo\":{\"@type\":\"ImageObject\",\"inLanguage\":\"sv-SE\",\"@id\":\"https:\/\/www.smedemokrati.sk\/#\/schema\/logo\/image\/\",\"url\":\"https:\/\/www.smedemokrati.sk\/wp-content\/uploads\/2023\/04\/ff.002.jpeg\",\"contentUrl\":\"https:\/\/www.smedemokrati.sk\/wp-content\/uploads\/2023\/04\/ff.002.jpeg\",\"width\":640,\"height\":480,\"caption\":\"Smedemokrati.sk\"},\"image\":{\"@id\":\"https:\/\/www.smedemokrati.sk\/#\/schema\/logo\/image\/\"},\"sameAs\":[\"https:\/\/www.facebook.com\/smedemokrati2023\"]},{\"@type\":\"Person\",\"@id\":\"https:\/\/www.smedemokrati.sk\/#\/schema\/person\/c60720f4b9955b3c1ed222ebd1fbbc7c\",\"name\":\"Tom\u00e1\u0161 Koppl\",\"image\":{\"@type\":\"ImageObject\",\"inLanguage\":\"sv-SE\",\"@id\":\"https:\/\/secure.gravatar.com\/avatar\/8dfa38373c5e39821baf74c8e867a6f12e12c6dab6559aa999d10703b0b1c4ce?s=96&d=mm&r=g\",\"url\":\"https:\/\/secure.gravatar.com\/avatar\/8dfa38373c5e39821baf74c8e867a6f12e12c6dab6559aa999d10703b0b1c4ce?s=96&d=mm&r=g\",\"contentUrl\":\"https:\/\/secure.gravatar.com\/avatar\/8dfa38373c5e39821baf74c8e867a6f12e12c6dab6559aa999d10703b0b1c4ce?s=96&d=mm&r=g\",\"caption\":\"Tom\u00e1\u0161 Koppl\"},\"url\":\"https:\/\/www.smedemokrati.sk\/sv\/author\/tomaskoppl\/\"}]}<\/script>\n<!-- \/ Yoast SEO plugin. -->","yoast_head_json":{"title":"Ke\u010f sa chce, tak sa d\u00e1. 3. blok Mochoviec funguje na 90 %. T\u00fdm to ale nekon\u010d\u00ed - Smedemokrati.sk","robots":{"index":"index","follow":"follow","max-snippet":"max-snippet:-1","max-image-preview":"max-image-preview:large","max-video-preview":"max-video-preview:-1"},"canonical":"https:\/\/www.smedemokrati.sk\/sv\/ked-sa-chce-tak-sa-da-3-blok-mochoviec-funguje-na-90-tym-to-ale-nekonci\/","og_locale":"sv_SE","og_type":"article","og_title":"Ke\u010f sa chce, tak sa d\u00e1. 3. blok Mochoviec funguje na 90 %. T\u00fdm to ale nekon\u010d\u00ed - Smedemokrati.sk","og_description":"\u201eNed\u00e1 sa, ned\u00e1 sa. To sme po\u010d\u00favali dlh\u00e9 roky. D\u00e1 sa to, ke\u010f sa chce.\u00a0Som r\u00e1d, \u017ee za na\u0161ej vl\u00e1dy Slovensk\u00e9 elektr\u00e1rne dostavali a spustili 3. blok Mochoviec, ktor\u00fd u\u017e dnes be\u017e\u00ed na 90 %. Spustenie tretieho bloku a z\u00e1rove\u0148 v\u00fdstavba \u0161tvrt\u00e9ho, s\u00fa k\u013e\u00fa\u010dov\u00e9 projekty pre energetick\u00fa bezpe\u010dnos\u0165 ka\u017ed\u00e9ho ob\u010dana Slovenska. Aj v\u010faka tomu, dok\u00e1zala [&hellip;]","og_url":"https:\/\/www.smedemokrati.sk\/sv\/ked-sa-chce-tak-sa-da-3-blok-mochoviec-funguje-na-90-tym-to-ale-nekonci\/","og_site_name":"Smedemokrati.sk","article_publisher":"https:\/\/www.facebook.com\/smedemokrati2023","article_published_time":"2023-08-14T10:35:37+00:00","article_modified_time":"2023-08-14T10:35:38+00:00","og_image":[{"width":1024,"height":1024,"url":"https:\/\/www.smedemokrati.sk\/wp-content\/uploads\/2023\/08\/mochovce-chladiace-veze-1024x1024-2.jpg","type":"image\/jpeg"}],"author":"Tom\u00e1\u0161 Koppl","twitter_card":"summary_large_image","twitter_misc":{"Skriven av":"Tom\u00e1\u0161 Koppl","Ber\u00e4knad l\u00e4stid":"2 minuter"},"schema":{"@context":"https:\/\/schema.org","@graph":[{"@type":"Article","@id":"https:\/\/www.smedemokrati.sk\/ked-sa-chce-tak-sa-da-3-blok-mochoviec-funguje-na-90-tym-to-ale-nekonci\/#article","isPartOf":{"@id":"https:\/\/www.smedemokrati.sk\/ked-sa-chce-tak-sa-da-3-blok-mochoviec-funguje-na-90-tym-to-ale-nekonci\/"},"author":{"name":"Tom\u00e1\u0161 Koppl","@id":"https:\/\/www.smedemokrati.sk\/#\/schema\/person\/c60720f4b9955b3c1ed222ebd1fbbc7c"},"headline":"Ke\u010f sa chce, tak sa d\u00e1. 3. blok Mochoviec funguje na 90 %. T\u00fdm to ale nekon\u010d\u00ed","datePublished":"2023-08-14T10:35:37+00:00","dateModified":"2023-08-14T10:35:38+00:00","mainEntityOfPage":{"@id":"https:\/\/www.smedemokrati.sk\/ked-sa-chce-tak-sa-da-3-blok-mochoviec-funguje-na-90-tym-to-ale-nekonci\/"},"wordCount":334,"publisher":{"@id":"https:\/\/www.smedemokrati.sk\/#organization"},"image":{"@id":"https:\/\/www.smedemokrati.sk\/ked-sa-chce-tak-sa-da-3-blok-mochoviec-funguje-na-90-tym-to-ale-nekonci\/#primaryimage"},"thumbnailUrl":"https:\/\/www.smedemokrati.sk\/wp-content\/uploads\/2023\/08\/mochovce-chladiace-veze-1024x1024-2.jpg","articleSection":["Tla\u010dov\u00e9 spr\u00e1vy"],"inLanguage":"sv-SE"},{"@type":"WebPage","@id":"https:\/\/www.smedemokrati.sk\/ked-sa-chce-tak-sa-da-3-blok-mochoviec-funguje-na-90-tym-to-ale-nekonci\/","url":"https:\/\/www.smedemokrati.sk\/ked-sa-chce-tak-sa-da-3-blok-mochoviec-funguje-na-90-tym-to-ale-nekonci\/","name":"Ke\u010f sa chce, tak sa d\u00e1. 3. blok Mochoviec funguje na 90 %. T\u00fdm to ale nekon\u010d\u00ed - Smedemokrati.sk","isPartOf":{"@id":"https:\/\/www.smedemokrati.sk\/#website"},"primaryImageOfPage":{"@id":"https:\/\/www.smedemokrati.sk\/ked-sa-chce-tak-sa-da-3-blok-mochoviec-funguje-na-90-tym-to-ale-nekonci\/#primaryimage"},"image":{"@id":"https:\/\/www.smedemokrati.sk\/ked-sa-chce-tak-sa-da-3-blok-mochoviec-funguje-na-90-tym-to-ale-nekonci\/#primaryimage"},"thumbnailUrl":"https:\/\/www.smedemokrati.sk\/wp-content\/uploads\/2023\/08\/mochovce-chladiace-veze-1024x1024-2.jpg","datePublished":"2023-08-14T10:35:37+00:00","dateModified":"2023-08-14T10:35:38+00:00","breadcrumb":{"@id":"https:\/\/www.smedemokrati.sk\/ked-sa-chce-tak-sa-da-3-blok-mochoviec-funguje-na-90-tym-to-ale-nekonci\/#breadcrumb"},"inLanguage":"sv-SE","potentialAction":[{"@type":"ReadAction","target":["https:\/\/www.smedemokrati.sk\/ked-sa-chce-tak-sa-da-3-blok-mochoviec-funguje-na-90-tym-to-ale-nekonci\/"]}]},{"@type":"ImageObject","inLanguage":"sv-SE","@id":"https:\/\/www.smedemokrati.sk\/ked-sa-chce-tak-sa-da-3-blok-mochoviec-funguje-na-90-tym-to-ale-nekonci\/#primaryimage","url":"https:\/\/www.smedemokrati.sk\/wp-content\/uploads\/2023\/08\/mochovce-chladiace-veze-1024x1024-2.jpg","contentUrl":"https:\/\/www.smedemokrati.sk\/wp-content\/uploads\/2023\/08\/mochovce-chladiace-veze-1024x1024-2.jpg","width":1024,"height":1024},{"@type":"BreadcrumbList","@id":"https:\/\/www.smedemokrati.sk\/ked-sa-chce-tak-sa-da-3-blok-mochoviec-funguje-na-90-tym-to-ale-nekonci\/#breadcrumb","itemListElement":[{"@type":"ListItem","position":1,"name":"Domovsk\u00e1 str\u00e1nka","item":"https:\/\/www.smedemokrati.sk\/"},{"@type":"ListItem","position":2,"name":"Ke\u010f sa chce, tak sa d\u00e1. 3. blok Mochoviec funguje na 90 %. T\u00fdm to ale nekon\u010d\u00ed"}]},{"@type":"WebSite","@id":"https:\/\/www.smedemokrati.sk\/#website","url":"https:\/\/www.smedemokrati.sk\/","name":"Smedemokrati.sk","description":"Demokracia a slu\u0161nos\u0165 zv\u00ed\u0165az\u00ed","publisher":{"@id":"https:\/\/www.smedemokrati.sk\/#organization"},"potentialAction":[{"@type":"SearchAction","target":{"@type":"EntryPoint","urlTemplate":"https:\/\/www.smedemokrati.sk\/?s={search_term_string}"},"query-input":{"@type":"PropertyValueSpecification","valueRequired":true,"valueName":"search_term_string"}}],"inLanguage":"sv-SE"},{"@type":"Organization","@id":"https:\/\/www.smedemokrati.sk\/#organization","name":"Smedemokrati.sk","url":"https:\/\/www.smedemokrati.sk\/","logo":{"@type":"ImageObject","inLanguage":"sv-SE","@id":"https:\/\/www.smedemokrati.sk\/#\/schema\/logo\/image\/","url":"https:\/\/www.smedemokrati.sk\/wp-content\/uploads\/2023\/04\/ff.002.jpeg","contentUrl":"https:\/\/www.smedemokrati.sk\/wp-content\/uploads\/2023\/04\/ff.002.jpeg","width":640,"height":480,"caption":"Smedemokrati.sk"},"image":{"@id":"https:\/\/www.smedemokrati.sk\/#\/schema\/logo\/image\/"},"sameAs":["https:\/\/www.facebook.com\/smedemokrati2023"]},{"@type":"Person","@id":"https:\/\/www.smedemokrati.sk\/#\/schema\/person\/c60720f4b9955b3c1ed222ebd1fbbc7c","name":"Tom\u00e1\u0161 Koppl","image":{"@type":"ImageObject","inLanguage":"sv-SE","@id":"https:\/\/secure.gravatar.com\/avatar\/8dfa38373c5e39821baf74c8e867a6f12e12c6dab6559aa999d10703b0b1c4ce?s=96&d=mm&r=g","url":"https:\/\/secure.gravatar.com\/avatar\/8dfa38373c5e39821baf74c8e867a6f12e12c6dab6559aa999d10703b0b1c4ce?s=96&d=mm&r=g","contentUrl":"https:\/\/secure.gravatar.com\/avatar\/8dfa38373c5e39821baf74c8e867a6f12e12c6dab6559aa999d10703b0b1c4ce?s=96&d=mm&r=g","caption":"Tom\u00e1\u0161 Koppl"},"url":"https:\/\/www.smedemokrati.sk\/sv\/author\/tomaskoppl\/"}]}},"_links":{"self":[{"href":"https:\/\/www.smedemokrati.sk\/sv\/wp-json\/wp\/v2\/posts\/1696","targetHints":{"allow":["GET"]}}],"collection":[{"href":"https:\/\/www.smedemokrati.sk\/sv\/wp-json\/wp\/v2\/posts"}],"about":[{"href":"https:\/\/www.smedemokrati.sk\/sv\/wp-json\/wp\/v2\/types\/post"}],"author":[{"embeddable":true,"href":"https:\/\/www.smedemokrati.sk\/sv\/wp-json\/wp\/v2\/users\/7"}],"replies":[{"embeddable":true,"href":"https:\/\/www.smedemokrati.sk\/sv\/wp-json\/wp\/v2\/comments?post=1696"}],"version-history":[{"count":1,"href":"https:\/\/www.smedemokrati.sk\/sv\/wp-json\/wp\/v2\/posts\/1696\/revisions"}],"predecessor-version":[{"id":1699,"href":"https:\/\/www.smedemokrati.sk\/sv\/wp-json\/wp\/v2\/posts\/1696\/revisions\/1699"}],"wp:featuredmedia":[{"embeddable":true,"href":"https:\/\/www.smedemokrati.sk\/sv\/wp-json\/wp\/v2\/media\/1698"}],"wp:attachment":[{"href":"https:\/\/www.smedemokrati.sk\/sv\/wp-json\/wp\/v2\/media?parent=1696"}],"wp:term":[{"taxonomy":"category","embeddable":true,"href":"https:\/\/www.smedemokrati.sk\/sv\/wp-json\/wp\/v2\/categories?post=1696"},{"taxonomy":"post_tag","embeddable":true,"href":"https:\/\/www.smedemokrati.sk\/sv\/wp-json\/wp\/v2\/tags?post=1696"}],"curies":[{"name":"wp","href":"https:\/\/api.w.org\/{rel}","templated":true}]}}