{"id":1686,"date":"2023-08-13T13:19:38","date_gmt":"2023-08-13T11:19:38","guid":{"rendered":"https:\/\/www.smedemokrati.sk\/?p=1686"},"modified":"2023-08-13T13:19:39","modified_gmt":"2023-08-13T11:19:39","slug":"ak-volby-vyhraju-extremisti-slovensko-bude-ciernou-dierou-na-mape-europy","status":"publish","type":"post","link":"https:\/\/www.smedemokrati.sk\/sv\/ak-volby-vyhraju-extremisti-slovensko-bude-ciernou-dierou-na-mape-europy\/","title":{"rendered":"Ak vo\u013eby vyhraj\u00fa extr\u00e9misti, Slovensko bude \u010diernou dierou na mape Eur\u00f3py"},"content":{"rendered":"<div id=\"fb-root\"><\/div>\n\n<p>Demokrati Eduarda Hegera upozor\u0148uj\u00fa, \u017ee ak vo\u013eby vyhraj\u00fa extr\u00e9mistick\u00e9 strany hroz\u00ed, \u017ee sa Slovensko ocitne osamoten\u00e9 v eur\u00f3pskom a alian\u010dnom priestore a bude hrozi\u0165 obrovsk\u00fdm vn\u00fatorn\u00fdm bezpe\u010dnostn\u00fdm v\u00fdzvam.&nbsp;<\/p>\n\n\n\n<p><strong>\u201eAko minister som pravidelne sedel spolu s \u010fal\u0161\u00edmi eur\u00f3pskymi a alian\u010dn\u00fdmi kolegami za jedn\u00fdm okr\u00fahlym stolom. Ako si sadne Fico ved\u013ea z\u00e1stupcu Nemecka, n\u00e1\u0161ho najv\u00e4\u010d\u0161ieho obchodn\u00e9ho partnera, ke\u010f ich arm\u00e1du sl\u00fa\u017eiacu na Slovensku v na\u0161om zaujme naz\u00fdva nacistick\u00fdm vojskom Wehrmacht? Ako bud\u00fa partneri a spojenci rokova\u0165 s predstavite\u013emi extr\u00e9mistickej Republiky, ktor\u00ed o krajin\u00e1ch NATO hovoria, \u017ee s\u00fa zlo\u010dinci? Nebu\u010fme naivn\u00ed, ak sa to stane a tieto osoby n\u00e1s bud\u00fa zastupova\u0165, Slovensko bude op\u00e4\u0165 \u010diernou dierou na mape Eur\u00f3py, ako tomu bolo v najhor\u0161om me\u010diarovskom obdob\u00ed\u201d<\/strong> pribl\u00ed\u017eil obavy b\u00fdval\u00fd minister obrany Jaroslav Na\u010f a zd\u00f4raznil, \u017ee tak\u00e9to hodnotov\u00e9 odtrhnutie od spolo\u010denstiev, ktor\u00e9 s\u00fa garanciou nielen na\u0161ej bezpe\u010dnosti, ale tie\u017e ekonomickej prosperity, bude ma\u0165 priamy a z\u00e1sadn\u00fd dopad na ob\u010danov SR.\u00a0<\/p>\n\n\n\n<p>Na\u010f pripomenul, \u017ee pr\u00e1ve v\u010faka \u010dlenstvu v E\u00da a NATO, Slovensko benefituje finan\u010dne, ekonomicky a nepochybne, aj z bezpe\u010dnostn\u00e9ho h\u013eadiska. Ako pr\u00edklad ekonomick\u00e9ho dopadu uv\u00e1dza kr\u00e1tenie eurofondov rovnako, ako sa to stalo na\u0161im ma\u010farsk\u00fdm susedom. Ak sa Slovensko hodnotovo odtrhne, hroz\u00ed tie\u017e, \u017ee jedin\u00fdm partnerom zahrani\u010dnej politiky n\u00e1m bude Rusko, ktor\u00e9 dnes neospravedlnite\u013ene vra\u017ed\u00ed nevinn\u00fdch \u013eud\u00ed na Ukrajine.&nbsp;<\/p>\n\n\n\n<p>Expertka strany na obranu a zahrani\u010dn\u00fa politiku Monika Podhor\u00e1ny Masarikov\u00e1 z Demokratov pod\u010diarkuje, \u017ee ak prist\u00fapime na zahrani\u010dn\u00e9 smerovanie, ktor\u00e9 nie je v s\u00falade so slovensk\u00fdmi z\u00e1ujmami ani z\u00e1ujmami organiz\u00e1ci\u00ed, do ktor\u00fdch patr\u00edme, Slovensko pr\u00edde o podporu a benefity nielen okolit\u00fdch kraj\u00edn: <strong>\u201eje viac-menej ist\u00e9, \u017ee ak vo\u013eby vyhraj\u00fa extemistick\u00e9 strany vyz\u00fdvaj\u00face hodnoty, ktor\u00e9 ofici\u00e1lne odsudzuje E\u00da, NATO, ale tie\u017e v\u0161etky demokratick\u00e9 krajiny sveta, zatvoria sa n\u00e1m dvere. Dnes s ostatn\u00fdmi krajinami spolupracujeme, str\u00e1\u017eia na\u0161e nebo, m\u00e1me tu zahrani\u010dn\u00fdch vojakov zvy\u0161uj\u00facich na\u0161u bezpe\u010dnos\u0165, dost\u00e1vame od spojencov techniku zadarmo. Ak sa n\u00e1\u0161 kompas oto\u010d\u00ed, toto v\u0161etko skon\u010d\u00ed. Kto by pom\u00e1hal krajine, ktor\u00e1 svojou politikou podporuje rusk\u00e9 vra\u017edenie a neonacizmus?\u201d<\/strong><\/p>\n\n\n\n<p>Demokrati preto vyz\u00fdvaj\u00fa demokratick\u00e9 strany uch\u00e1dzaj\u00face sa o podporu ob\u010danov, aby vo svojej predvolebnej kampani jasne zadefinovali svoje zahrani\u010dno-politick\u00e9 smerovanie a popri in\u00fdch t\u00e9mach d\u00f4kladne komunikovali pr\u00e1ve v\u00fdznam n\u00e1\u0161ho ukotvenia v E\u00da a NATO. Z\u00e1rove\u0148 vyz\u00fdvaj\u00fa ob\u010danov, aby si uvedomili, \u017ee na\u0161a bezpe\u010dnos\u0165 a prosperita je \u00fazko spojen\u00e1 so zahrani\u010dnopolitick\u00fdm smerovan\u00edm krajiny a extr\u00e9misti a Smer v tomto zmysle predstavuj\u00fa z\u00e1sadn\u00e9 nebezpe\u010denstvo.<\/p>\n","protected":false},"excerpt":{"rendered":"<p>Demokrati Eduarda Hegera upozor\u0148uj\u00fa, \u017ee ak vo\u013eby vyhraj\u00fa extr\u00e9mistick\u00e9 strany hroz\u00ed, \u017ee sa Slovensko ocitne osamoten\u00e9 v eur\u00f3pskom a alian\u010dnom priestore a bude hrozi\u0165 obrovsk\u00fdm vn\u00fatorn\u00fdm bezpe\u010dnostn\u00fdm v\u00fdzvam.&nbsp; \u201eAko minister som pravidelne sedel spolu s \u010fal\u0161\u00edmi eur\u00f3pskymi a alian\u010dn\u00fdmi kolegami za jedn\u00fdm okr\u00fahlym stolom. Ako si sadne Fico ved\u013ea z\u00e1stupcu Nemecka, n\u00e1\u0161ho najv\u00e4\u010d\u0161ieho obchodn\u00e9ho partnera, [&hellip;]<\/p>\n","protected":false},"author":7,"featured_media":386,"comment_status":"closed","ping_status":"closed","sticky":false,"template":"","format":"standard","meta":{"_acf_changed":false,"ngg_post_thumbnail":0,"footnotes":""},"categories":[4],"tags":[],"class_list":["post-1686","post","type-post","status-publish","format-standard","has-post-thumbnail","hentry","category-tlacove-spravy"],"acf":[],"yoast_head":"<!-- This site is optimized with the Yoast SEO plugin v27.2 - https:\/\/yoast.com\/product\/yoast-seo-wordpress\/ -->\n<title>Ak vo\u013eby vyhraj\u00fa extr\u00e9misti, Slovensko bude \u010diernou dierou na mape Eur\u00f3py - Smedemokrati.sk<\/title>\n<meta name=\"robots\" content=\"index, follow, max-snippet:-1, max-image-preview:large, max-video-preview:-1\" \/>\n<link rel=\"canonical\" href=\"https:\/\/www.smedemokrati.sk\/sv\/ak-volby-vyhraju-extremisti-slovensko-bude-ciernou-dierou-na-mape-europy\/\" \/>\n<meta property=\"og:locale\" content=\"sv_SE\" \/>\n<meta property=\"og:locale:alternate\" content=\"en_US\" \/>\n<meta property=\"og:locale:alternate\" content=\"cs_CZ\" \/>\n<meta property=\"og:locale:alternate\" content=\"hu_HU\" \/>\n<meta property=\"og:locale:alternate\" content=\"sk_SK\" \/>\n<meta property=\"og:type\" content=\"article\" \/>\n<meta property=\"og:title\" content=\"Ak vo\u013eby vyhraj\u00fa extr\u00e9misti, Slovensko bude \u010diernou dierou na mape Eur\u00f3py - Smedemokrati.sk\" \/>\n<meta property=\"og:description\" content=\"Demokrati Eduarda Hegera upozor\u0148uj\u00fa, \u017ee ak vo\u013eby vyhraj\u00fa extr\u00e9mistick\u00e9 strany hroz\u00ed, \u017ee sa Slovensko ocitne osamoten\u00e9 v eur\u00f3pskom a alian\u010dnom priestore a bude hrozi\u0165 obrovsk\u00fdm vn\u00fatorn\u00fdm bezpe\u010dnostn\u00fdm v\u00fdzvam.&nbsp; \u201eAko minister som pravidelne sedel spolu s \u010fal\u0161\u00edmi eur\u00f3pskymi a alian\u010dn\u00fdmi kolegami za jedn\u00fdm okr\u00fahlym stolom. Ako si sadne Fico ved\u013ea z\u00e1stupcu Nemecka, n\u00e1\u0161ho najv\u00e4\u010d\u0161ieho obchodn\u00e9ho partnera, [&hellip;]\" \/>\n<meta property=\"og:url\" content=\"https:\/\/www.smedemokrati.sk\/sv\/ak-volby-vyhraju-extremisti-slovensko-bude-ciernou-dierou-na-mape-europy\/\" \/>\n<meta property=\"og:site_name\" content=\"Smedemokrati.sk\" \/>\n<meta property=\"article:publisher\" content=\"https:\/\/www.facebook.com\/smedemokrati2023\" \/>\n<meta property=\"article:published_time\" content=\"2023-08-13T11:19:38+00:00\" \/>\n<meta property=\"article:modified_time\" content=\"2023-08-13T11:19:39+00:00\" \/>\n<meta property=\"og:image\" content=\"https:\/\/www.smedemokrati.sk\/wp-content\/uploads\/2023\/04\/MM.jpg\" \/>\n\t<meta property=\"og:image:width\" content=\"1520\" \/>\n\t<meta property=\"og:image:height\" content=\"1080\" \/>\n\t<meta property=\"og:image:type\" content=\"image\/jpeg\" \/>\n<meta name=\"author\" content=\"Tom\u00e1\u0161 Koppl\" \/>\n<meta name=\"twitter:card\" content=\"summary_large_image\" \/>\n<meta name=\"twitter:label1\" content=\"Skriven av\" \/>\n\t<meta name=\"twitter:data1\" content=\"Tom\u00e1\u0161 Koppl\" \/>\n\t<meta name=\"twitter:label2\" content=\"Ber\u00e4knad l\u00e4stid\" \/>\n\t<meta name=\"twitter:data2\" content=\"3 minuter\" \/>\n<script type=\"application\/ld+json\" class=\"yoast-schema-graph\">{\"@context\":\"https:\/\/schema.org\",\"@graph\":[{\"@type\":\"Article\",\"@id\":\"https:\/\/www.smedemokrati.sk\/ak-volby-vyhraju-extremisti-slovensko-bude-ciernou-dierou-na-mape-europy\/#article\",\"isPartOf\":{\"@id\":\"https:\/\/www.smedemokrati.sk\/ak-volby-vyhraju-extremisti-slovensko-bude-ciernou-dierou-na-mape-europy\/\"},\"author\":{\"name\":\"Tom\u00e1\u0161 Koppl\",\"@id\":\"https:\/\/www.smedemokrati.sk\/#\/schema\/person\/c60720f4b9955b3c1ed222ebd1fbbc7c\"},\"headline\":\"Ak vo\u013eby vyhraj\u00fa extr\u00e9misti, Slovensko bude \u010diernou dierou na mape Eur\u00f3py\",\"datePublished\":\"2023-08-13T11:19:38+00:00\",\"dateModified\":\"2023-08-13T11:19:39+00:00\",\"mainEntityOfPage\":{\"@id\":\"https:\/\/www.smedemokrati.sk\/ak-volby-vyhraju-extremisti-slovensko-bude-ciernou-dierou-na-mape-europy\/\"},\"wordCount\":512,\"publisher\":{\"@id\":\"https:\/\/www.smedemokrati.sk\/#organization\"},\"image\":{\"@id\":\"https:\/\/www.smedemokrati.sk\/ak-volby-vyhraju-extremisti-slovensko-bude-ciernou-dierou-na-mape-europy\/#primaryimage\"},\"thumbnailUrl\":\"https:\/\/www.smedemokrati.sk\/wp-content\/uploads\/2023\/04\/MM.jpg\",\"articleSection\":[\"Tla\u010dov\u00e9 spr\u00e1vy\"],\"inLanguage\":\"sv-SE\"},{\"@type\":\"WebPage\",\"@id\":\"https:\/\/www.smedemokrati.sk\/ak-volby-vyhraju-extremisti-slovensko-bude-ciernou-dierou-na-mape-europy\/\",\"url\":\"https:\/\/www.smedemokrati.sk\/ak-volby-vyhraju-extremisti-slovensko-bude-ciernou-dierou-na-mape-europy\/\",\"name\":\"Ak vo\u013eby vyhraj\u00fa extr\u00e9misti, Slovensko bude \u010diernou dierou na mape Eur\u00f3py - Smedemokrati.sk\",\"isPartOf\":{\"@id\":\"https:\/\/www.smedemokrati.sk\/#website\"},\"primaryImageOfPage\":{\"@id\":\"https:\/\/www.smedemokrati.sk\/ak-volby-vyhraju-extremisti-slovensko-bude-ciernou-dierou-na-mape-europy\/#primaryimage\"},\"image\":{\"@id\":\"https:\/\/www.smedemokrati.sk\/ak-volby-vyhraju-extremisti-slovensko-bude-ciernou-dierou-na-mape-europy\/#primaryimage\"},\"thumbnailUrl\":\"https:\/\/www.smedemokrati.sk\/wp-content\/uploads\/2023\/04\/MM.jpg\",\"datePublished\":\"2023-08-13T11:19:38+00:00\",\"dateModified\":\"2023-08-13T11:19:39+00:00\",\"breadcrumb\":{\"@id\":\"https:\/\/www.smedemokrati.sk\/ak-volby-vyhraju-extremisti-slovensko-bude-ciernou-dierou-na-mape-europy\/#breadcrumb\"},\"inLanguage\":\"sv-SE\",\"potentialAction\":[{\"@type\":\"ReadAction\",\"target\":[\"https:\/\/www.smedemokrati.sk\/ak-volby-vyhraju-extremisti-slovensko-bude-ciernou-dierou-na-mape-europy\/\"]}]},{\"@type\":\"ImageObject\",\"inLanguage\":\"sv-SE\",\"@id\":\"https:\/\/www.smedemokrati.sk\/ak-volby-vyhraju-extremisti-slovensko-bude-ciernou-dierou-na-mape-europy\/#primaryimage\",\"url\":\"https:\/\/www.smedemokrati.sk\/wp-content\/uploads\/2023\/04\/MM.jpg\",\"contentUrl\":\"https:\/\/www.smedemokrati.sk\/wp-content\/uploads\/2023\/04\/MM.jpg\",\"width\":1520,\"height\":1080},{\"@type\":\"BreadcrumbList\",\"@id\":\"https:\/\/www.smedemokrati.sk\/ak-volby-vyhraju-extremisti-slovensko-bude-ciernou-dierou-na-mape-europy\/#breadcrumb\",\"itemListElement\":[{\"@type\":\"ListItem\",\"position\":1,\"name\":\"Domovsk\u00e1 str\u00e1nka\",\"item\":\"https:\/\/www.smedemokrati.sk\/\"},{\"@type\":\"ListItem\",\"position\":2,\"name\":\"Ak vo\u013eby vyhraj\u00fa extr\u00e9misti, Slovensko bude \u010diernou dierou na mape Eur\u00f3py\"}]},{\"@type\":\"WebSite\",\"@id\":\"https:\/\/www.smedemokrati.sk\/#website\",\"url\":\"https:\/\/www.smedemokrati.sk\/\",\"name\":\"Smedemokrati.sk\",\"description\":\"Demokracia a slu\u0161nos\u0165 zv\u00ed\u0165az\u00ed\",\"publisher\":{\"@id\":\"https:\/\/www.smedemokrati.sk\/#organization\"},\"potentialAction\":[{\"@type\":\"SearchAction\",\"target\":{\"@type\":\"EntryPoint\",\"urlTemplate\":\"https:\/\/www.smedemokrati.sk\/?s={search_term_string}\"},\"query-input\":{\"@type\":\"PropertyValueSpecification\",\"valueRequired\":true,\"valueName\":\"search_term_string\"}}],\"inLanguage\":\"sv-SE\"},{\"@type\":\"Organization\",\"@id\":\"https:\/\/www.smedemokrati.sk\/#organization\",\"name\":\"Smedemokrati.sk\",\"url\":\"https:\/\/www.smedemokrati.sk\/\",\"logo\":{\"@type\":\"ImageObject\",\"inLanguage\":\"sv-SE\",\"@id\":\"https:\/\/www.smedemokrati.sk\/#\/schema\/logo\/image\/\",\"url\":\"https:\/\/www.smedemokrati.sk\/wp-content\/uploads\/2023\/04\/ff.002.jpeg\",\"contentUrl\":\"https:\/\/www.smedemokrati.sk\/wp-content\/uploads\/2023\/04\/ff.002.jpeg\",\"width\":640,\"height\":480,\"caption\":\"Smedemokrati.sk\"},\"image\":{\"@id\":\"https:\/\/www.smedemokrati.sk\/#\/schema\/logo\/image\/\"},\"sameAs\":[\"https:\/\/www.facebook.com\/smedemokrati2023\"]},{\"@type\":\"Person\",\"@id\":\"https:\/\/www.smedemokrati.sk\/#\/schema\/person\/c60720f4b9955b3c1ed222ebd1fbbc7c\",\"name\":\"Tom\u00e1\u0161 Koppl\",\"image\":{\"@type\":\"ImageObject\",\"inLanguage\":\"sv-SE\",\"@id\":\"https:\/\/secure.gravatar.com\/avatar\/8dfa38373c5e39821baf74c8e867a6f12e12c6dab6559aa999d10703b0b1c4ce?s=96&d=mm&r=g\",\"url\":\"https:\/\/secure.gravatar.com\/avatar\/8dfa38373c5e39821baf74c8e867a6f12e12c6dab6559aa999d10703b0b1c4ce?s=96&d=mm&r=g\",\"contentUrl\":\"https:\/\/secure.gravatar.com\/avatar\/8dfa38373c5e39821baf74c8e867a6f12e12c6dab6559aa999d10703b0b1c4ce?s=96&d=mm&r=g\",\"caption\":\"Tom\u00e1\u0161 Koppl\"},\"url\":\"https:\/\/www.smedemokrati.sk\/sv\/author\/tomaskoppl\/\"}]}<\/script>\n<!-- \/ Yoast SEO plugin. -->","yoast_head_json":{"title":"Ak vo\u013eby vyhraj\u00fa extr\u00e9misti, Slovensko bude \u010diernou dierou na mape Eur\u00f3py - Smedemokrati.sk","robots":{"index":"index","follow":"follow","max-snippet":"max-snippet:-1","max-image-preview":"max-image-preview:large","max-video-preview":"max-video-preview:-1"},"canonical":"https:\/\/www.smedemokrati.sk\/sv\/ak-volby-vyhraju-extremisti-slovensko-bude-ciernou-dierou-na-mape-europy\/","og_locale":"sv_SE","og_type":"article","og_title":"Ak vo\u013eby vyhraj\u00fa extr\u00e9misti, Slovensko bude \u010diernou dierou na mape Eur\u00f3py - Smedemokrati.sk","og_description":"Demokrati Eduarda Hegera upozor\u0148uj\u00fa, \u017ee ak vo\u013eby vyhraj\u00fa extr\u00e9mistick\u00e9 strany hroz\u00ed, \u017ee sa Slovensko ocitne osamoten\u00e9 v eur\u00f3pskom a alian\u010dnom priestore a bude hrozi\u0165 obrovsk\u00fdm vn\u00fatorn\u00fdm bezpe\u010dnostn\u00fdm v\u00fdzvam.&nbsp; \u201eAko minister som pravidelne sedel spolu s \u010fal\u0161\u00edmi eur\u00f3pskymi a alian\u010dn\u00fdmi kolegami za jedn\u00fdm okr\u00fahlym stolom. Ako si sadne Fico ved\u013ea z\u00e1stupcu Nemecka, n\u00e1\u0161ho najv\u00e4\u010d\u0161ieho obchodn\u00e9ho partnera, [&hellip;]","og_url":"https:\/\/www.smedemokrati.sk\/sv\/ak-volby-vyhraju-extremisti-slovensko-bude-ciernou-dierou-na-mape-europy\/","og_site_name":"Smedemokrati.sk","article_publisher":"https:\/\/www.facebook.com\/smedemokrati2023","article_published_time":"2023-08-13T11:19:38+00:00","article_modified_time":"2023-08-13T11:19:39+00:00","og_image":[{"width":1520,"height":1080,"url":"https:\/\/www.smedemokrati.sk\/wp-content\/uploads\/2023\/04\/MM.jpg","type":"image\/jpeg"}],"author":"Tom\u00e1\u0161 Koppl","twitter_card":"summary_large_image","twitter_misc":{"Skriven av":"Tom\u00e1\u0161 Koppl","Ber\u00e4knad l\u00e4stid":"3 minuter"},"schema":{"@context":"https:\/\/schema.org","@graph":[{"@type":"Article","@id":"https:\/\/www.smedemokrati.sk\/ak-volby-vyhraju-extremisti-slovensko-bude-ciernou-dierou-na-mape-europy\/#article","isPartOf":{"@id":"https:\/\/www.smedemokrati.sk\/ak-volby-vyhraju-extremisti-slovensko-bude-ciernou-dierou-na-mape-europy\/"},"author":{"name":"Tom\u00e1\u0161 Koppl","@id":"https:\/\/www.smedemokrati.sk\/#\/schema\/person\/c60720f4b9955b3c1ed222ebd1fbbc7c"},"headline":"Ak vo\u013eby vyhraj\u00fa extr\u00e9misti, Slovensko bude \u010diernou dierou na mape Eur\u00f3py","datePublished":"2023-08-13T11:19:38+00:00","dateModified":"2023-08-13T11:19:39+00:00","mainEntityOfPage":{"@id":"https:\/\/www.smedemokrati.sk\/ak-volby-vyhraju-extremisti-slovensko-bude-ciernou-dierou-na-mape-europy\/"},"wordCount":512,"publisher":{"@id":"https:\/\/www.smedemokrati.sk\/#organization"},"image":{"@id":"https:\/\/www.smedemokrati.sk\/ak-volby-vyhraju-extremisti-slovensko-bude-ciernou-dierou-na-mape-europy\/#primaryimage"},"thumbnailUrl":"https:\/\/www.smedemokrati.sk\/wp-content\/uploads\/2023\/04\/MM.jpg","articleSection":["Tla\u010dov\u00e9 spr\u00e1vy"],"inLanguage":"sv-SE"},{"@type":"WebPage","@id":"https:\/\/www.smedemokrati.sk\/ak-volby-vyhraju-extremisti-slovensko-bude-ciernou-dierou-na-mape-europy\/","url":"https:\/\/www.smedemokrati.sk\/ak-volby-vyhraju-extremisti-slovensko-bude-ciernou-dierou-na-mape-europy\/","name":"Ak vo\u013eby vyhraj\u00fa extr\u00e9misti, Slovensko bude \u010diernou dierou na mape Eur\u00f3py - Smedemokrati.sk","isPartOf":{"@id":"https:\/\/www.smedemokrati.sk\/#website"},"primaryImageOfPage":{"@id":"https:\/\/www.smedemokrati.sk\/ak-volby-vyhraju-extremisti-slovensko-bude-ciernou-dierou-na-mape-europy\/#primaryimage"},"image":{"@id":"https:\/\/www.smedemokrati.sk\/ak-volby-vyhraju-extremisti-slovensko-bude-ciernou-dierou-na-mape-europy\/#primaryimage"},"thumbnailUrl":"https:\/\/www.smedemokrati.sk\/wp-content\/uploads\/2023\/04\/MM.jpg","datePublished":"2023-08-13T11:19:38+00:00","dateModified":"2023-08-13T11:19:39+00:00","breadcrumb":{"@id":"https:\/\/www.smedemokrati.sk\/ak-volby-vyhraju-extremisti-slovensko-bude-ciernou-dierou-na-mape-europy\/#breadcrumb"},"inLanguage":"sv-SE","potentialAction":[{"@type":"ReadAction","target":["https:\/\/www.smedemokrati.sk\/ak-volby-vyhraju-extremisti-slovensko-bude-ciernou-dierou-na-mape-europy\/"]}]},{"@type":"ImageObject","inLanguage":"sv-SE","@id":"https:\/\/www.smedemokrati.sk\/ak-volby-vyhraju-extremisti-slovensko-bude-ciernou-dierou-na-mape-europy\/#primaryimage","url":"https:\/\/www.smedemokrati.sk\/wp-content\/uploads\/2023\/04\/MM.jpg","contentUrl":"https:\/\/www.smedemokrati.sk\/wp-content\/uploads\/2023\/04\/MM.jpg","width":1520,"height":1080},{"@type":"BreadcrumbList","@id":"https:\/\/www.smedemokrati.sk\/ak-volby-vyhraju-extremisti-slovensko-bude-ciernou-dierou-na-mape-europy\/#breadcrumb","itemListElement":[{"@type":"ListItem","position":1,"name":"Domovsk\u00e1 str\u00e1nka","item":"https:\/\/www.smedemokrati.sk\/"},{"@type":"ListItem","position":2,"name":"Ak vo\u013eby vyhraj\u00fa extr\u00e9misti, Slovensko bude \u010diernou dierou na mape Eur\u00f3py"}]},{"@type":"WebSite","@id":"https:\/\/www.smedemokrati.sk\/#website","url":"https:\/\/www.smedemokrati.sk\/","name":"Smedemokrati.sk","description":"Demokracia a slu\u0161nos\u0165 zv\u00ed\u0165az\u00ed","publisher":{"@id":"https:\/\/www.smedemokrati.sk\/#organization"},"potentialAction":[{"@type":"SearchAction","target":{"@type":"EntryPoint","urlTemplate":"https:\/\/www.smedemokrati.sk\/?s={search_term_string}"},"query-input":{"@type":"PropertyValueSpecification","valueRequired":true,"valueName":"search_term_string"}}],"inLanguage":"sv-SE"},{"@type":"Organization","@id":"https:\/\/www.smedemokrati.sk\/#organization","name":"Smedemokrati.sk","url":"https:\/\/www.smedemokrati.sk\/","logo":{"@type":"ImageObject","inLanguage":"sv-SE","@id":"https:\/\/www.smedemokrati.sk\/#\/schema\/logo\/image\/","url":"https:\/\/www.smedemokrati.sk\/wp-content\/uploads\/2023\/04\/ff.002.jpeg","contentUrl":"https:\/\/www.smedemokrati.sk\/wp-content\/uploads\/2023\/04\/ff.002.jpeg","width":640,"height":480,"caption":"Smedemokrati.sk"},"image":{"@id":"https:\/\/www.smedemokrati.sk\/#\/schema\/logo\/image\/"},"sameAs":["https:\/\/www.facebook.com\/smedemokrati2023"]},{"@type":"Person","@id":"https:\/\/www.smedemokrati.sk\/#\/schema\/person\/c60720f4b9955b3c1ed222ebd1fbbc7c","name":"Tom\u00e1\u0161 Koppl","image":{"@type":"ImageObject","inLanguage":"sv-SE","@id":"https:\/\/secure.gravatar.com\/avatar\/8dfa38373c5e39821baf74c8e867a6f12e12c6dab6559aa999d10703b0b1c4ce?s=96&d=mm&r=g","url":"https:\/\/secure.gravatar.com\/avatar\/8dfa38373c5e39821baf74c8e867a6f12e12c6dab6559aa999d10703b0b1c4ce?s=96&d=mm&r=g","contentUrl":"https:\/\/secure.gravatar.com\/avatar\/8dfa38373c5e39821baf74c8e867a6f12e12c6dab6559aa999d10703b0b1c4ce?s=96&d=mm&r=g","caption":"Tom\u00e1\u0161 Koppl"},"url":"https:\/\/www.smedemokrati.sk\/sv\/author\/tomaskoppl\/"}]}},"_links":{"self":[{"href":"https:\/\/www.smedemokrati.sk\/sv\/wp-json\/wp\/v2\/posts\/1686","targetHints":{"allow":["GET"]}}],"collection":[{"href":"https:\/\/www.smedemokrati.sk\/sv\/wp-json\/wp\/v2\/posts"}],"about":[{"href":"https:\/\/www.smedemokrati.sk\/sv\/wp-json\/wp\/v2\/types\/post"}],"author":[{"embeddable":true,"href":"https:\/\/www.smedemokrati.sk\/sv\/wp-json\/wp\/v2\/users\/7"}],"replies":[{"embeddable":true,"href":"https:\/\/www.smedemokrati.sk\/sv\/wp-json\/wp\/v2\/comments?post=1686"}],"version-history":[{"count":1,"href":"https:\/\/www.smedemokrati.sk\/sv\/wp-json\/wp\/v2\/posts\/1686\/revisions"}],"predecessor-version":[{"id":1687,"href":"https:\/\/www.smedemokrati.sk\/sv\/wp-json\/wp\/v2\/posts\/1686\/revisions\/1687"}],"wp:featuredmedia":[{"embeddable":true,"href":"https:\/\/www.smedemokrati.sk\/sv\/wp-json\/wp\/v2\/media\/386"}],"wp:attachment":[{"href":"https:\/\/www.smedemokrati.sk\/sv\/wp-json\/wp\/v2\/media?parent=1686"}],"wp:term":[{"taxonomy":"category","embeddable":true,"href":"https:\/\/www.smedemokrati.sk\/sv\/wp-json\/wp\/v2\/categories?post=1686"},{"taxonomy":"post_tag","embeddable":true,"href":"https:\/\/www.smedemokrati.sk\/sv\/wp-json\/wp\/v2\/tags?post=1686"}],"curies":[{"name":"wp","href":"https:\/\/api.w.org\/{rel}","templated":true}]}}