{"id":1455,"date":"2023-07-11T11:18:41","date_gmt":"2023-07-11T09:18:41","guid":{"rendered":"https:\/\/www.smedemokrati.sk\/?p=1455"},"modified":"2023-07-11T11:26:11","modified_gmt":"2023-07-11T09:26:11","slug":"zilinka-sa-priznal-je-cas-na-disciplinarne-konanie","status":"publish","type":"post","link":"https:\/\/www.smedemokrati.sk\/sv\/zilinka-sa-priznal-je-cas-na-disciplinarne-konanie\/","title":{"rendered":"\u017dilinka sa priznal. Je \u010das na disciplin\u00e1rne konanie"},"content":{"rendered":"<div id=\"fb-root\"><\/div>\n\n<p>\u010clen predsedn\u00edctva strany Demokrati Juraj \u0160eliga podal druh\u00fd podnet prezidentke, aby za\u010dala disciplin\u00e1rne konanie vo\u010di gener\u00e1lnemu prokur\u00e1torovi M. \u017dilinkovi. Urobil tak po tom, \u010do \u00dastavn\u00fd s\u00fad vo svojom n\u00e1leze kon\u0161tatoval viacero pr\u00edpadov poru\u0161enia z\u00e1kona zo strany Gener\u00e1lnej prokurat\u00fary. Pod\u013ea \u0160eligu by mal by\u0165 \u017dilinka vzat\u00fd na zodpovednos\u0165. Strana Demokrati presadzuje komplexn\u00fa reformu Gener\u00e1lnej prokurat\u00fary spolu s obmedzen\u00edm paragrafu 363.<\/p>\n\n\n\n<p><strong>\u201ePred p\u00e1r t\u00fd\u017ed\u0148ami pri\u0161lo rozhodnutie \u00fastavn\u00e9ho s\u00fadu Slovenskej republiky, kde \u00fastavn\u00fd s\u00fad kon\u0161tatuje, \u017ee Maro\u0161 \u017dilinka poru\u0161il z\u00e1kon 26-kr\u00e1t. Pod\u013ea jeho vlastn\u00e9ho vyjadrenia. T\u00fdm, \u017ee rozhodoval, a gener\u00e1lna prokurat\u00fara rozhodovala pod\u013ea paragrafu 363, e\u0161te predt\u00fdm, ne\u017e boli vo\u010di akejko\u013evek osobe vznesen\u00e9 obvinenie,\u201c<\/strong>&nbsp;vysvet\u013euje \u0160eliga.<\/p>\n\n\n\n<p>\u0160eliga v piatok podal doplnenie podnetu pani prezidentke, aby podala disciplin\u00e1rny n\u00e1vrh na gener\u00e1lneho prokur\u00e1tora \u017dilinku.&nbsp;<strong>\u201eJe \u010das, aby Maro\u0161i \u017dilinka bol zobran\u00fd na zodpovednos\u0165. Aby gener\u00e1lny prokur\u00e1tor nest\u00e1l nad z\u00e1konmi. Aby z\u00e1kon v tejto krajine platil pre ka\u017ed\u00e9ho rovnako. Pod\u013ea m\u00f4jho n\u00e1zoru viackr\u00e1t vystupoval v rozpore so z\u00e1konom a mysl\u00edm si, \u017ee by mal by\u0165 disciplin\u00e1rne st\u00edhan\u00fd. Ver\u00edm, \u017ee pani prezidentka tento disciplin\u00e1rny podnet pod\u00e1,\u201c<\/strong>&nbsp;povedal.<\/p>\n\n\n\n<p><strong>\u201eP\u00e1n \u017dilinka v nejakom momente nadobudol pocit, \u017ee on je pomaly ako c\u00e1r, ktor\u00fd m\u00f4\u017ee rozhodova\u0165 bez oh\u013eadu na to, \u010do z\u00e1kon hovor\u00ed a dokonca bez oh\u013eadu na to, \u010do mu umo\u017e\u0148uje a \u010do mu neumo\u017e\u0148uje. Argumenty, ktor\u00e9 poskytol \u00dastavn\u00e9mu s\u00fadu s\u00fa ve\u013emi pr\u00edzemn\u00e9. Na\u0161a \u00dastava hovor\u00ed, \u017ee \u0161t\u00e1tne org\u00e1ny m\u00f4\u017eu robi\u0165 len to, \u010do je z\u00e1konom v\u00fdslovne dovolen\u00e9. A jemu nikde nie je v\u00fdslovne dovolen\u00e9, \u017ee m\u00f4\u017ee zru\u0161i\u0165 konanie predt\u00fdm, ne\u017e bolo vznesen\u00e9 obvinenie,\u201c<\/strong>&nbsp;uzavrel Juraj \u0160eliga.<\/p>\n\n\n\n<p>\u010clen predsedn\u00edctva strany Demokrati Pavel Nechala pripomenul, \u017ee 363 nie je cie\u013e, ktor\u00fd m\u00e1 gener\u00e1lny prokur\u00e1tor nap\u013a\u0148a\u0165.&nbsp;<strong>\u201eJe to n\u00e1stroj, ktor\u00fd m\u00e1 sl\u00fa\u017ei\u0165 na odstr\u00e1nenie nez\u00e1konnosti, ktor\u00e1 sa deje v pr\u00edpravnom konan\u00ed. Ro\u010dne je podan\u00fdch tak\u00fdchto podnetov okolo 600 a Gener\u00e1lna prokurat\u00fara rozhoduje pribli\u017ene v 80-tich pr\u00edpadoch. Mus\u00edme si polo\u017ei\u0165 ot\u00e1zku, \u010di je tento stav dobr\u00fd a kto nesie za neho zodpovednos\u0165,\u201c<\/strong> povedal.Jeden z d\u00f4vodov, pre\u010do sa strana Demokrati uch\u00e1dza o podporu \u013eud\u00ed vo vo\u013eb\u00e1ch, je aj to, aby presadila reformu Gener\u00e1lnej prokurat\u00fary. <strong>\u201eSlovensk\u00e1 prokurat\u00fara potrebuje reformu. A potrebuje tak\u00fa reformu, aby bol \u017dilinka, poviem to nadnesene, odstaven\u00fd. Nem\u00f4\u017ee tu jeden chlap rozhodova\u0165 o v\u0161etkom. To je jednoducho sovietsky model, ktor\u00fd vyhovuje Ficovi, ktor\u00fd vyhovuje Kali\u0148\u00e1kovi,\u201c<\/strong>&nbsp;povedal \u0160eliga.<\/p>\n","protected":false},"excerpt":{"rendered":"<p>\u010clen predsedn\u00edctva strany Demokrati Juraj \u0160eliga podal druh\u00fd podnet prezidentke, aby za\u010dala disciplin\u00e1rne konanie vo\u010di gener\u00e1lnemu prokur\u00e1torovi M. \u017dilinkovi. Urobil tak po tom, \u010do \u00dastavn\u00fd s\u00fad vo svojom n\u00e1leze kon\u0161tatoval viacero pr\u00edpadov poru\u0161enia z\u00e1kona zo strany Gener\u00e1lnej prokurat\u00fary. Pod\u013ea \u0160eligu by mal by\u0165 \u017dilinka vzat\u00fd na zodpovednos\u0165. Strana Demokrati presadzuje komplexn\u00fa reformu Gener\u00e1lnej prokurat\u00fary spolu [&hellip;]<\/p>\n","protected":false},"author":7,"featured_media":1457,"comment_status":"closed","ping_status":"closed","sticky":false,"template":"","format":"standard","meta":{"_acf_changed":false,"ngg_post_thumbnail":0,"footnotes":""},"categories":[4],"tags":[],"class_list":["post-1455","post","type-post","status-publish","format-standard","has-post-thumbnail","hentry","category-tlacove-spravy"],"acf":[],"yoast_head":"<!-- This site is optimized with the Yoast SEO plugin v27.2 - https:\/\/yoast.com\/product\/yoast-seo-wordpress\/ -->\n<title>\u017dilinka sa priznal. Je \u010das na disciplin\u00e1rne konanie - Smedemokrati.sk<\/title>\n<meta name=\"robots\" content=\"index, follow, max-snippet:-1, max-image-preview:large, max-video-preview:-1\" \/>\n<link rel=\"canonical\" href=\"https:\/\/www.smedemokrati.sk\/sv\/zilinka-sa-priznal-je-cas-na-disciplinarne-konanie\/\" \/>\n<meta property=\"og:locale\" content=\"sv_SE\" \/>\n<meta property=\"og:locale:alternate\" content=\"en_US\" \/>\n<meta property=\"og:locale:alternate\" content=\"cs_CZ\" \/>\n<meta property=\"og:locale:alternate\" content=\"hu_HU\" \/>\n<meta property=\"og:locale:alternate\" content=\"sk_SK\" \/>\n<meta property=\"og:type\" content=\"article\" \/>\n<meta property=\"og:title\" content=\"\u017dilinka sa priznal. Je \u010das na disciplin\u00e1rne konanie - Smedemokrati.sk\" \/>\n<meta property=\"og:description\" content=\"\u010clen predsedn\u00edctva strany Demokrati Juraj \u0160eliga podal druh\u00fd podnet prezidentke, aby za\u010dala disciplin\u00e1rne konanie vo\u010di gener\u00e1lnemu prokur\u00e1torovi M. \u017dilinkovi. Urobil tak po tom, \u010do \u00dastavn\u00fd s\u00fad vo svojom n\u00e1leze kon\u0161tatoval viacero pr\u00edpadov poru\u0161enia z\u00e1kona zo strany Gener\u00e1lnej prokurat\u00fary. Pod\u013ea \u0160eligu by mal by\u0165 \u017dilinka vzat\u00fd na zodpovednos\u0165. Strana Demokrati presadzuje komplexn\u00fa reformu Gener\u00e1lnej prokurat\u00fary spolu [&hellip;]\" \/>\n<meta property=\"og:url\" content=\"https:\/\/www.smedemokrati.sk\/sv\/zilinka-sa-priznal-je-cas-na-disciplinarne-konanie\/\" \/>\n<meta property=\"og:site_name\" content=\"Smedemokrati.sk\" \/>\n<meta property=\"article:publisher\" content=\"https:\/\/www.facebook.com\/smedemokrati2023\" \/>\n<meta property=\"article:published_time\" content=\"2023-07-11T09:18:41+00:00\" \/>\n<meta property=\"article:modified_time\" content=\"2023-07-11T09:26:11+00:00\" \/>\n<meta property=\"og:image\" content=\"https:\/\/www.smedemokrati.sk\/wp-content\/uploads\/2023\/07\/aaa.jpg\" \/>\n\t<meta property=\"og:image:width\" content=\"1115\" \/>\n\t<meta property=\"og:image:height\" content=\"684\" \/>\n\t<meta property=\"og:image:type\" content=\"image\/jpeg\" \/>\n<meta name=\"author\" content=\"Tom\u00e1\u0161 Koppl\" \/>\n<meta name=\"twitter:card\" content=\"summary_large_image\" \/>\n<meta name=\"twitter:label1\" content=\"Skriven av\" \/>\n\t<meta name=\"twitter:data1\" content=\"Tom\u00e1\u0161 Koppl\" \/>\n\t<meta name=\"twitter:label2\" content=\"Ber\u00e4knad l\u00e4stid\" \/>\n\t<meta name=\"twitter:data2\" content=\"2 minuter\" \/>\n<script type=\"application\/ld+json\" class=\"yoast-schema-graph\">{\"@context\":\"https:\/\/schema.org\",\"@graph\":[{\"@type\":\"Article\",\"@id\":\"https:\/\/www.smedemokrati.sk\/zilinka-sa-priznal-je-cas-na-disciplinarne-konanie\/#article\",\"isPartOf\":{\"@id\":\"https:\/\/www.smedemokrati.sk\/zilinka-sa-priznal-je-cas-na-disciplinarne-konanie\/\"},\"author\":{\"name\":\"Tom\u00e1\u0161 Koppl\",\"@id\":\"https:\/\/www.smedemokrati.sk\/#\/schema\/person\/c60720f4b9955b3c1ed222ebd1fbbc7c\"},\"headline\":\"\u017dilinka sa priznal. Je \u010das na disciplin\u00e1rne konanie\",\"datePublished\":\"2023-07-11T09:18:41+00:00\",\"dateModified\":\"2023-07-11T09:26:11+00:00\",\"mainEntityOfPage\":{\"@id\":\"https:\/\/www.smedemokrati.sk\/zilinka-sa-priznal-je-cas-na-disciplinarne-konanie\/\"},\"wordCount\":492,\"publisher\":{\"@id\":\"https:\/\/www.smedemokrati.sk\/#organization\"},\"image\":{\"@id\":\"https:\/\/www.smedemokrati.sk\/zilinka-sa-priznal-je-cas-na-disciplinarne-konanie\/#primaryimage\"},\"thumbnailUrl\":\"https:\/\/www.smedemokrati.sk\/wp-content\/uploads\/2023\/07\/aaa.jpg\",\"articleSection\":[\"Tla\u010dov\u00e9 spr\u00e1vy\"],\"inLanguage\":\"sv-SE\"},{\"@type\":\"WebPage\",\"@id\":\"https:\/\/www.smedemokrati.sk\/zilinka-sa-priznal-je-cas-na-disciplinarne-konanie\/\",\"url\":\"https:\/\/www.smedemokrati.sk\/zilinka-sa-priznal-je-cas-na-disciplinarne-konanie\/\",\"name\":\"\u017dilinka sa priznal. Je \u010das na disciplin\u00e1rne konanie - Smedemokrati.sk\",\"isPartOf\":{\"@id\":\"https:\/\/www.smedemokrati.sk\/#website\"},\"primaryImageOfPage\":{\"@id\":\"https:\/\/www.smedemokrati.sk\/zilinka-sa-priznal-je-cas-na-disciplinarne-konanie\/#primaryimage\"},\"image\":{\"@id\":\"https:\/\/www.smedemokrati.sk\/zilinka-sa-priznal-je-cas-na-disciplinarne-konanie\/#primaryimage\"},\"thumbnailUrl\":\"https:\/\/www.smedemokrati.sk\/wp-content\/uploads\/2023\/07\/aaa.jpg\",\"datePublished\":\"2023-07-11T09:18:41+00:00\",\"dateModified\":\"2023-07-11T09:26:11+00:00\",\"breadcrumb\":{\"@id\":\"https:\/\/www.smedemokrati.sk\/zilinka-sa-priznal-je-cas-na-disciplinarne-konanie\/#breadcrumb\"},\"inLanguage\":\"sv-SE\",\"potentialAction\":[{\"@type\":\"ReadAction\",\"target\":[\"https:\/\/www.smedemokrati.sk\/zilinka-sa-priznal-je-cas-na-disciplinarne-konanie\/\"]}]},{\"@type\":\"ImageObject\",\"inLanguage\":\"sv-SE\",\"@id\":\"https:\/\/www.smedemokrati.sk\/zilinka-sa-priznal-je-cas-na-disciplinarne-konanie\/#primaryimage\",\"url\":\"https:\/\/www.smedemokrati.sk\/wp-content\/uploads\/2023\/07\/aaa.jpg\",\"contentUrl\":\"https:\/\/www.smedemokrati.sk\/wp-content\/uploads\/2023\/07\/aaa.jpg\",\"width\":1115,\"height\":684},{\"@type\":\"BreadcrumbList\",\"@id\":\"https:\/\/www.smedemokrati.sk\/zilinka-sa-priznal-je-cas-na-disciplinarne-konanie\/#breadcrumb\",\"itemListElement\":[{\"@type\":\"ListItem\",\"position\":1,\"name\":\"Domovsk\u00e1 str\u00e1nka\",\"item\":\"https:\/\/www.smedemokrati.sk\/\"},{\"@type\":\"ListItem\",\"position\":2,\"name\":\"\u017dilinka sa priznal. Je \u010das na disciplin\u00e1rne konanie\"}]},{\"@type\":\"WebSite\",\"@id\":\"https:\/\/www.smedemokrati.sk\/#website\",\"url\":\"https:\/\/www.smedemokrati.sk\/\",\"name\":\"Smedemokrati.sk\",\"description\":\"Demokracia a slu\u0161nos\u0165 zv\u00ed\u0165az\u00ed\",\"publisher\":{\"@id\":\"https:\/\/www.smedemokrati.sk\/#organization\"},\"potentialAction\":[{\"@type\":\"SearchAction\",\"target\":{\"@type\":\"EntryPoint\",\"urlTemplate\":\"https:\/\/www.smedemokrati.sk\/?s={search_term_string}\"},\"query-input\":{\"@type\":\"PropertyValueSpecification\",\"valueRequired\":true,\"valueName\":\"search_term_string\"}}],\"inLanguage\":\"sv-SE\"},{\"@type\":\"Organization\",\"@id\":\"https:\/\/www.smedemokrati.sk\/#organization\",\"name\":\"Smedemokrati.sk\",\"url\":\"https:\/\/www.smedemokrati.sk\/\",\"logo\":{\"@type\":\"ImageObject\",\"inLanguage\":\"sv-SE\",\"@id\":\"https:\/\/www.smedemokrati.sk\/#\/schema\/logo\/image\/\",\"url\":\"https:\/\/www.smedemokrati.sk\/wp-content\/uploads\/2023\/04\/ff.002.jpeg\",\"contentUrl\":\"https:\/\/www.smedemokrati.sk\/wp-content\/uploads\/2023\/04\/ff.002.jpeg\",\"width\":640,\"height\":480,\"caption\":\"Smedemokrati.sk\"},\"image\":{\"@id\":\"https:\/\/www.smedemokrati.sk\/#\/schema\/logo\/image\/\"},\"sameAs\":[\"https:\/\/www.facebook.com\/smedemokrati2023\"]},{\"@type\":\"Person\",\"@id\":\"https:\/\/www.smedemokrati.sk\/#\/schema\/person\/c60720f4b9955b3c1ed222ebd1fbbc7c\",\"name\":\"Tom\u00e1\u0161 Koppl\",\"image\":{\"@type\":\"ImageObject\",\"inLanguage\":\"sv-SE\",\"@id\":\"https:\/\/secure.gravatar.com\/avatar\/8dfa38373c5e39821baf74c8e867a6f12e12c6dab6559aa999d10703b0b1c4ce?s=96&d=mm&r=g\",\"url\":\"https:\/\/secure.gravatar.com\/avatar\/8dfa38373c5e39821baf74c8e867a6f12e12c6dab6559aa999d10703b0b1c4ce?s=96&d=mm&r=g\",\"contentUrl\":\"https:\/\/secure.gravatar.com\/avatar\/8dfa38373c5e39821baf74c8e867a6f12e12c6dab6559aa999d10703b0b1c4ce?s=96&d=mm&r=g\",\"caption\":\"Tom\u00e1\u0161 Koppl\"},\"url\":\"https:\/\/www.smedemokrati.sk\/sv\/author\/tomaskoppl\/\"}]}<\/script>\n<!-- \/ Yoast SEO plugin. -->","yoast_head_json":{"title":"\u017dilinka sa priznal. Je \u010das na disciplin\u00e1rne konanie - Smedemokrati.sk","robots":{"index":"index","follow":"follow","max-snippet":"max-snippet:-1","max-image-preview":"max-image-preview:large","max-video-preview":"max-video-preview:-1"},"canonical":"https:\/\/www.smedemokrati.sk\/sv\/zilinka-sa-priznal-je-cas-na-disciplinarne-konanie\/","og_locale":"sv_SE","og_type":"article","og_title":"\u017dilinka sa priznal. Je \u010das na disciplin\u00e1rne konanie - Smedemokrati.sk","og_description":"\u010clen predsedn\u00edctva strany Demokrati Juraj \u0160eliga podal druh\u00fd podnet prezidentke, aby za\u010dala disciplin\u00e1rne konanie vo\u010di gener\u00e1lnemu prokur\u00e1torovi M. \u017dilinkovi. Urobil tak po tom, \u010do \u00dastavn\u00fd s\u00fad vo svojom n\u00e1leze kon\u0161tatoval viacero pr\u00edpadov poru\u0161enia z\u00e1kona zo strany Gener\u00e1lnej prokurat\u00fary. Pod\u013ea \u0160eligu by mal by\u0165 \u017dilinka vzat\u00fd na zodpovednos\u0165. Strana Demokrati presadzuje komplexn\u00fa reformu Gener\u00e1lnej prokurat\u00fary spolu [&hellip;]","og_url":"https:\/\/www.smedemokrati.sk\/sv\/zilinka-sa-priznal-je-cas-na-disciplinarne-konanie\/","og_site_name":"Smedemokrati.sk","article_publisher":"https:\/\/www.facebook.com\/smedemokrati2023","article_published_time":"2023-07-11T09:18:41+00:00","article_modified_time":"2023-07-11T09:26:11+00:00","og_image":[{"width":1115,"height":684,"url":"https:\/\/www.smedemokrati.sk\/wp-content\/uploads\/2023\/07\/aaa.jpg","type":"image\/jpeg"}],"author":"Tom\u00e1\u0161 Koppl","twitter_card":"summary_large_image","twitter_misc":{"Skriven av":"Tom\u00e1\u0161 Koppl","Ber\u00e4knad l\u00e4stid":"2 minuter"},"schema":{"@context":"https:\/\/schema.org","@graph":[{"@type":"Article","@id":"https:\/\/www.smedemokrati.sk\/zilinka-sa-priznal-je-cas-na-disciplinarne-konanie\/#article","isPartOf":{"@id":"https:\/\/www.smedemokrati.sk\/zilinka-sa-priznal-je-cas-na-disciplinarne-konanie\/"},"author":{"name":"Tom\u00e1\u0161 Koppl","@id":"https:\/\/www.smedemokrati.sk\/#\/schema\/person\/c60720f4b9955b3c1ed222ebd1fbbc7c"},"headline":"\u017dilinka sa priznal. Je \u010das na disciplin\u00e1rne konanie","datePublished":"2023-07-11T09:18:41+00:00","dateModified":"2023-07-11T09:26:11+00:00","mainEntityOfPage":{"@id":"https:\/\/www.smedemokrati.sk\/zilinka-sa-priznal-je-cas-na-disciplinarne-konanie\/"},"wordCount":492,"publisher":{"@id":"https:\/\/www.smedemokrati.sk\/#organization"},"image":{"@id":"https:\/\/www.smedemokrati.sk\/zilinka-sa-priznal-je-cas-na-disciplinarne-konanie\/#primaryimage"},"thumbnailUrl":"https:\/\/www.smedemokrati.sk\/wp-content\/uploads\/2023\/07\/aaa.jpg","articleSection":["Tla\u010dov\u00e9 spr\u00e1vy"],"inLanguage":"sv-SE"},{"@type":"WebPage","@id":"https:\/\/www.smedemokrati.sk\/zilinka-sa-priznal-je-cas-na-disciplinarne-konanie\/","url":"https:\/\/www.smedemokrati.sk\/zilinka-sa-priznal-je-cas-na-disciplinarne-konanie\/","name":"\u017dilinka sa priznal. Je \u010das na disciplin\u00e1rne konanie - Smedemokrati.sk","isPartOf":{"@id":"https:\/\/www.smedemokrati.sk\/#website"},"primaryImageOfPage":{"@id":"https:\/\/www.smedemokrati.sk\/zilinka-sa-priznal-je-cas-na-disciplinarne-konanie\/#primaryimage"},"image":{"@id":"https:\/\/www.smedemokrati.sk\/zilinka-sa-priznal-je-cas-na-disciplinarne-konanie\/#primaryimage"},"thumbnailUrl":"https:\/\/www.smedemokrati.sk\/wp-content\/uploads\/2023\/07\/aaa.jpg","datePublished":"2023-07-11T09:18:41+00:00","dateModified":"2023-07-11T09:26:11+00:00","breadcrumb":{"@id":"https:\/\/www.smedemokrati.sk\/zilinka-sa-priznal-je-cas-na-disciplinarne-konanie\/#breadcrumb"},"inLanguage":"sv-SE","potentialAction":[{"@type":"ReadAction","target":["https:\/\/www.smedemokrati.sk\/zilinka-sa-priznal-je-cas-na-disciplinarne-konanie\/"]}]},{"@type":"ImageObject","inLanguage":"sv-SE","@id":"https:\/\/www.smedemokrati.sk\/zilinka-sa-priznal-je-cas-na-disciplinarne-konanie\/#primaryimage","url":"https:\/\/www.smedemokrati.sk\/wp-content\/uploads\/2023\/07\/aaa.jpg","contentUrl":"https:\/\/www.smedemokrati.sk\/wp-content\/uploads\/2023\/07\/aaa.jpg","width":1115,"height":684},{"@type":"BreadcrumbList","@id":"https:\/\/www.smedemokrati.sk\/zilinka-sa-priznal-je-cas-na-disciplinarne-konanie\/#breadcrumb","itemListElement":[{"@type":"ListItem","position":1,"name":"Domovsk\u00e1 str\u00e1nka","item":"https:\/\/www.smedemokrati.sk\/"},{"@type":"ListItem","position":2,"name":"\u017dilinka sa priznal. Je \u010das na disciplin\u00e1rne konanie"}]},{"@type":"WebSite","@id":"https:\/\/www.smedemokrati.sk\/#website","url":"https:\/\/www.smedemokrati.sk\/","name":"Smedemokrati.sk","description":"Demokracia a slu\u0161nos\u0165 zv\u00ed\u0165az\u00ed","publisher":{"@id":"https:\/\/www.smedemokrati.sk\/#organization"},"potentialAction":[{"@type":"SearchAction","target":{"@type":"EntryPoint","urlTemplate":"https:\/\/www.smedemokrati.sk\/?s={search_term_string}"},"query-input":{"@type":"PropertyValueSpecification","valueRequired":true,"valueName":"search_term_string"}}],"inLanguage":"sv-SE"},{"@type":"Organization","@id":"https:\/\/www.smedemokrati.sk\/#organization","name":"Smedemokrati.sk","url":"https:\/\/www.smedemokrati.sk\/","logo":{"@type":"ImageObject","inLanguage":"sv-SE","@id":"https:\/\/www.smedemokrati.sk\/#\/schema\/logo\/image\/","url":"https:\/\/www.smedemokrati.sk\/wp-content\/uploads\/2023\/04\/ff.002.jpeg","contentUrl":"https:\/\/www.smedemokrati.sk\/wp-content\/uploads\/2023\/04\/ff.002.jpeg","width":640,"height":480,"caption":"Smedemokrati.sk"},"image":{"@id":"https:\/\/www.smedemokrati.sk\/#\/schema\/logo\/image\/"},"sameAs":["https:\/\/www.facebook.com\/smedemokrati2023"]},{"@type":"Person","@id":"https:\/\/www.smedemokrati.sk\/#\/schema\/person\/c60720f4b9955b3c1ed222ebd1fbbc7c","name":"Tom\u00e1\u0161 Koppl","image":{"@type":"ImageObject","inLanguage":"sv-SE","@id":"https:\/\/secure.gravatar.com\/avatar\/8dfa38373c5e39821baf74c8e867a6f12e12c6dab6559aa999d10703b0b1c4ce?s=96&d=mm&r=g","url":"https:\/\/secure.gravatar.com\/avatar\/8dfa38373c5e39821baf74c8e867a6f12e12c6dab6559aa999d10703b0b1c4ce?s=96&d=mm&r=g","contentUrl":"https:\/\/secure.gravatar.com\/avatar\/8dfa38373c5e39821baf74c8e867a6f12e12c6dab6559aa999d10703b0b1c4ce?s=96&d=mm&r=g","caption":"Tom\u00e1\u0161 Koppl"},"url":"https:\/\/www.smedemokrati.sk\/sv\/author\/tomaskoppl\/"}]}},"_links":{"self":[{"href":"https:\/\/www.smedemokrati.sk\/sv\/wp-json\/wp\/v2\/posts\/1455","targetHints":{"allow":["GET"]}}],"collection":[{"href":"https:\/\/www.smedemokrati.sk\/sv\/wp-json\/wp\/v2\/posts"}],"about":[{"href":"https:\/\/www.smedemokrati.sk\/sv\/wp-json\/wp\/v2\/types\/post"}],"author":[{"embeddable":true,"href":"https:\/\/www.smedemokrati.sk\/sv\/wp-json\/wp\/v2\/users\/7"}],"replies":[{"embeddable":true,"href":"https:\/\/www.smedemokrati.sk\/sv\/wp-json\/wp\/v2\/comments?post=1455"}],"version-history":[{"count":2,"href":"https:\/\/www.smedemokrati.sk\/sv\/wp-json\/wp\/v2\/posts\/1455\/revisions"}],"predecessor-version":[{"id":1458,"href":"https:\/\/www.smedemokrati.sk\/sv\/wp-json\/wp\/v2\/posts\/1455\/revisions\/1458"}],"wp:featuredmedia":[{"embeddable":true,"href":"https:\/\/www.smedemokrati.sk\/sv\/wp-json\/wp\/v2\/media\/1457"}],"wp:attachment":[{"href":"https:\/\/www.smedemokrati.sk\/sv\/wp-json\/wp\/v2\/media?parent=1455"}],"wp:term":[{"taxonomy":"category","embeddable":true,"href":"https:\/\/www.smedemokrati.sk\/sv\/wp-json\/wp\/v2\/categories?post=1455"},{"taxonomy":"post_tag","embeddable":true,"href":"https:\/\/www.smedemokrati.sk\/sv\/wp-json\/wp\/v2\/tags?post=1455"}],"curies":[{"name":"wp","href":"https:\/\/api.w.org\/{rel}","templated":true}]}}