{"id":1418,"date":"2023-07-05T18:53:20","date_gmt":"2023-07-05T16:53:20","guid":{"rendered":"https:\/\/www.smedemokrati.sk\/?p=1418"},"modified":"2023-07-05T18:53:21","modified_gmt":"2023-07-05T16:53:21","slug":"v-parlamente-zvitazil-politicky-kalkul-nad-bojom-za-spravnu-vec","status":"publish","type":"post","link":"https:\/\/www.smedemokrati.sk\/sv\/v-parlamente-zvitazil-politicky-kalkul-nad-bojom-za-spravnu-vec\/","title":{"rendered":"V parlamente zv\u00ed\u0165azil politick\u00fd kalkul nad bojom za spr\u00e1vnu vec"},"content":{"rendered":"<div id=\"fb-root\"><\/div>\n\n<p><strong>\u201eSom \u0161okovan\u00e1, \u017ee za dva dni sa v parlamente nena\u0161lo 76 poslancov, ktor\u00ed by ods\u00fadili n\u00e1silie. Poslanci za stranu Demokrati tu boli v\u0161etci do nohy, niektor\u00ed dokonca pri\u0161li sk\u00f4r z lie\u010denia a niektor\u00ed si zru\u0161ili dovolenku,\u201c<\/strong>&nbsp;povedala poslanky\u0148a NR SR za stranu Demokrati Anna Mierna.<\/p>\n\n\n\n<p><strong>\u201eDnes vyhral politick\u00fd kalkul nad bojom za spr\u00e1vnu vec. Mohli ste vidie\u0165 jasn\u00fd kontrast medzi nami, ktor\u00ed sme pripraven\u00ed sl\u00fa\u017ei\u0165 \u013eu\u010fom a bojova\u0165 za spr\u00e1vnu vec, ako je boj proti dom\u00e1cemu n\u00e1siliu a medzi t\u00fdmi, ktor\u00ed h\u013eadaj\u00fa v\u00fdhovorky pre\u010do nepr\u00eds\u0165 do pr\u00e1ce,\u201c<\/strong>&nbsp;povedal predseda Demokratov Eduard Heger.&nbsp;<strong>\u201eKe\u010f sa hlasuje o ich z\u00e1konoch s\u00fa tu v\u0161etci do nohy, \u010di u\u017e hovor\u00edme o poslancov SaS, alebo O\u013dANO. Dnes teda nepri\u0161li a uk\u00e1zali, \u017ee ich t\u00e1to t\u00e9ma nezauj\u00edma. Nezauj\u00edma ich to, \u017ee desa\u0165tis\u00edce \u017eien trp\u00ed dom\u00e1ce n\u00e1silie, a \u017ee dnes sme im mohli vysla\u0165 sign\u00e1l, \u017ee politici za nimi stoja.\u201c<\/strong><\/p>\n\n\n\n<p><strong>\u201eMy v strane Demokrati si stoj\u00edme za svojim slovom a to, \u010do povieme, potvrd\u00edme aj skutkami. Potom tu m\u00e1te strany, ktor\u00e9 maj\u00fa pln\u00e9 \u00fasta s\u013eubov, no ke\u010f pr\u00edde na l\u00e1manie chleba \u201askutek utek\u2018,\u201c&nbsp;<\/strong>uzavrel Heger.<\/p>\n\n\n\n<p>Pod\u013ea podpredsedu Demokratov Jaroslava Na\u010fa by v \u0161tandardnej demokratickej krajine Boris Koll\u00e1r u\u017e d\u00e1vno nebol predsedom parlamentu.\u00a0<strong>\u201eNa Slovensku prevl\u00e1da strach v parlamente, ale \u010do je hor\u0161ie, prevl\u00e1da strach v spolo\u010dnosti. Dnes ste videli politikov, ktor\u00ed sedeli v parlamente a b\u00e1li sa stla\u010di\u0165 gomb\u00edk, lebo sa b\u00e1li Koll\u00e1ra, alebo poru\u0161enia pokryteck\u00fdch politick\u00fdch doh\u00f4d. \u010co maj\u00fa potom robi\u0165 tie \u017eeny, mu\u017ei a deti, ktor\u00ed s\u00fa doma bit\u00ed. Ich strach poslancom nevad\u00ed? Nie je norm\u00e1lne, \u017ee cel\u00e1 opoz\u00edcia nepr\u00edde na odvol\u00e1vanie predsedu parlamentu a z b\u00fdvalej koal\u00edcie pr\u00edde len to\u013eko poslancov, aby sa sch\u00f4dza neotvorila,\u201c<\/strong>\u00a0povedal Na\u010f.<\/p>\n\n\n\n<figure class=\"wp-block-image size-large\"><img decoding=\"async\" width=\"1024\" height=\"586\" src=\"https:\/\/www.smedemokrati.sk\/wp-content\/uploads\/2023\/07\/tlac-1024x586.jpg\" alt=\"\" class=\"wp-image-1419\" srcset=\"https:\/\/www.smedemokrati.sk\/wp-content\/uploads\/2023\/07\/tlac-1024x586.jpg 1024w, https:\/\/www.smedemokrati.sk\/wp-content\/uploads\/2023\/07\/tlac-300x172.jpg 300w, https:\/\/www.smedemokrati.sk\/wp-content\/uploads\/2023\/07\/tlac-768x440.jpg 768w, https:\/\/www.smedemokrati.sk\/wp-content\/uploads\/2023\/07\/tlac-1536x879.jpg 1536w, https:\/\/www.smedemokrati.sk\/wp-content\/uploads\/2023\/07\/tlac.jpg 1887w\" sizes=\"(max-width: 1024px) 100vw, 1024px\" \/><\/figure>\n","protected":false},"excerpt":{"rendered":"<p>\u201eSom \u0161okovan\u00e1, \u017ee za dva dni sa v parlamente nena\u0161lo 76 poslancov, ktor\u00ed by ods\u00fadili n\u00e1silie. Poslanci za stranu Demokrati tu boli v\u0161etci do nohy, niektor\u00ed dokonca pri\u0161li sk\u00f4r z lie\u010denia a niektor\u00ed si zru\u0161ili dovolenku,\u201c&nbsp;povedala poslanky\u0148a NR SR za stranu Demokrati Anna Mierna. \u201eDnes vyhral politick\u00fd kalkul nad bojom za spr\u00e1vnu vec. Mohli ste [&hellip;]<\/p>\n","protected":false},"author":7,"featured_media":1420,"comment_status":"closed","ping_status":"closed","sticky":false,"template":"","format":"standard","meta":{"_acf_changed":false,"ngg_post_thumbnail":0,"footnotes":""},"categories":[4],"tags":[],"class_list":["post-1418","post","type-post","status-publish","format-standard","has-post-thumbnail","hentry","category-tlacove-spravy"],"acf":[],"yoast_head":"<!-- This site is optimized with the Yoast SEO plugin v27.2 - https:\/\/yoast.com\/product\/yoast-seo-wordpress\/ -->\n<title>V parlamente zv\u00ed\u0165azil politick\u00fd kalkul nad bojom za spr\u00e1vnu vec - Smedemokrati.sk<\/title>\n<meta name=\"robots\" content=\"index, follow, max-snippet:-1, max-image-preview:large, max-video-preview:-1\" \/>\n<link rel=\"canonical\" href=\"https:\/\/www.smedemokrati.sk\/sv\/v-parlamente-zvitazil-politicky-kalkul-nad-bojom-za-spravnu-vec\/\" \/>\n<meta property=\"og:locale\" content=\"sv_SE\" \/>\n<meta property=\"og:locale:alternate\" content=\"en_US\" \/>\n<meta property=\"og:locale:alternate\" content=\"cs_CZ\" \/>\n<meta property=\"og:locale:alternate\" content=\"hu_HU\" \/>\n<meta property=\"og:locale:alternate\" content=\"sk_SK\" \/>\n<meta property=\"og:type\" content=\"article\" \/>\n<meta property=\"og:title\" content=\"V parlamente zv\u00ed\u0165azil politick\u00fd kalkul nad bojom za spr\u00e1vnu vec - Smedemokrati.sk\" \/>\n<meta property=\"og:description\" content=\"\u201eSom \u0161okovan\u00e1, \u017ee za dva dni sa v parlamente nena\u0161lo 76 poslancov, ktor\u00ed by ods\u00fadili n\u00e1silie. Poslanci za stranu Demokrati tu boli v\u0161etci do nohy, niektor\u00ed dokonca pri\u0161li sk\u00f4r z lie\u010denia a niektor\u00ed si zru\u0161ili dovolenku,\u201c&nbsp;povedala poslanky\u0148a NR SR za stranu Demokrati Anna Mierna. \u201eDnes vyhral politick\u00fd kalkul nad bojom za spr\u00e1vnu vec. Mohli ste [&hellip;]\" \/>\n<meta property=\"og:url\" content=\"https:\/\/www.smedemokrati.sk\/sv\/v-parlamente-zvitazil-politicky-kalkul-nad-bojom-za-spravnu-vec\/\" \/>\n<meta property=\"og:site_name\" content=\"Smedemokrati.sk\" \/>\n<meta property=\"article:publisher\" content=\"https:\/\/www.facebook.com\/smedemokrati2023\" \/>\n<meta property=\"article:published_time\" content=\"2023-07-05T16:53:20+00:00\" \/>\n<meta property=\"article:modified_time\" content=\"2023-07-05T16:53:21+00:00\" \/>\n<meta property=\"og:image\" content=\"https:\/\/www.smedemokrati.sk\/wp-content\/uploads\/2023\/07\/tlac-1.jpg\" \/>\n\t<meta property=\"og:image:width\" content=\"1887\" \/>\n\t<meta property=\"og:image:height\" content=\"1080\" \/>\n\t<meta property=\"og:image:type\" content=\"image\/jpeg\" \/>\n<meta name=\"author\" content=\"Tom\u00e1\u0161 Koppl\" \/>\n<meta name=\"twitter:card\" content=\"summary_large_image\" \/>\n<meta name=\"twitter:label1\" content=\"Skriven av\" \/>\n\t<meta name=\"twitter:data1\" content=\"Tom\u00e1\u0161 Koppl\" \/>\n\t<meta name=\"twitter:label2\" content=\"Ber\u00e4knad l\u00e4stid\" \/>\n\t<meta name=\"twitter:data2\" content=\"2 minuter\" \/>\n<script type=\"application\/ld+json\" class=\"yoast-schema-graph\">{\"@context\":\"https:\/\/schema.org\",\"@graph\":[{\"@type\":\"Article\",\"@id\":\"https:\/\/www.smedemokrati.sk\/v-parlamente-zvitazil-politicky-kalkul-nad-bojom-za-spravnu-vec\/#article\",\"isPartOf\":{\"@id\":\"https:\/\/www.smedemokrati.sk\/v-parlamente-zvitazil-politicky-kalkul-nad-bojom-za-spravnu-vec\/\"},\"author\":{\"name\":\"Tom\u00e1\u0161 Koppl\",\"@id\":\"https:\/\/www.smedemokrati.sk\/#\/schema\/person\/c60720f4b9955b3c1ed222ebd1fbbc7c\"},\"headline\":\"V parlamente zv\u00ed\u0165azil politick\u00fd kalkul nad bojom za spr\u00e1vnu vec\",\"datePublished\":\"2023-07-05T16:53:20+00:00\",\"dateModified\":\"2023-07-05T16:53:21+00:00\",\"mainEntityOfPage\":{\"@id\":\"https:\/\/www.smedemokrati.sk\/v-parlamente-zvitazil-politicky-kalkul-nad-bojom-za-spravnu-vec\/\"},\"wordCount\":357,\"publisher\":{\"@id\":\"https:\/\/www.smedemokrati.sk\/#organization\"},\"image\":{\"@id\":\"https:\/\/www.smedemokrati.sk\/v-parlamente-zvitazil-politicky-kalkul-nad-bojom-za-spravnu-vec\/#primaryimage\"},\"thumbnailUrl\":\"https:\/\/www.smedemokrati.sk\/wp-content\/uploads\/2023\/07\/tlac-1.jpg\",\"articleSection\":[\"Tla\u010dov\u00e9 spr\u00e1vy\"],\"inLanguage\":\"sv-SE\"},{\"@type\":\"WebPage\",\"@id\":\"https:\/\/www.smedemokrati.sk\/v-parlamente-zvitazil-politicky-kalkul-nad-bojom-za-spravnu-vec\/\",\"url\":\"https:\/\/www.smedemokrati.sk\/v-parlamente-zvitazil-politicky-kalkul-nad-bojom-za-spravnu-vec\/\",\"name\":\"V parlamente zv\u00ed\u0165azil politick\u00fd kalkul nad bojom za spr\u00e1vnu vec - Smedemokrati.sk\",\"isPartOf\":{\"@id\":\"https:\/\/www.smedemokrati.sk\/#website\"},\"primaryImageOfPage\":{\"@id\":\"https:\/\/www.smedemokrati.sk\/v-parlamente-zvitazil-politicky-kalkul-nad-bojom-za-spravnu-vec\/#primaryimage\"},\"image\":{\"@id\":\"https:\/\/www.smedemokrati.sk\/v-parlamente-zvitazil-politicky-kalkul-nad-bojom-za-spravnu-vec\/#primaryimage\"},\"thumbnailUrl\":\"https:\/\/www.smedemokrati.sk\/wp-content\/uploads\/2023\/07\/tlac-1.jpg\",\"datePublished\":\"2023-07-05T16:53:20+00:00\",\"dateModified\":\"2023-07-05T16:53:21+00:00\",\"breadcrumb\":{\"@id\":\"https:\/\/www.smedemokrati.sk\/v-parlamente-zvitazil-politicky-kalkul-nad-bojom-za-spravnu-vec\/#breadcrumb\"},\"inLanguage\":\"sv-SE\",\"potentialAction\":[{\"@type\":\"ReadAction\",\"target\":[\"https:\/\/www.smedemokrati.sk\/v-parlamente-zvitazil-politicky-kalkul-nad-bojom-za-spravnu-vec\/\"]}]},{\"@type\":\"ImageObject\",\"inLanguage\":\"sv-SE\",\"@id\":\"https:\/\/www.smedemokrati.sk\/v-parlamente-zvitazil-politicky-kalkul-nad-bojom-za-spravnu-vec\/#primaryimage\",\"url\":\"https:\/\/www.smedemokrati.sk\/wp-content\/uploads\/2023\/07\/tlac-1.jpg\",\"contentUrl\":\"https:\/\/www.smedemokrati.sk\/wp-content\/uploads\/2023\/07\/tlac-1.jpg\",\"width\":1887,\"height\":1080},{\"@type\":\"BreadcrumbList\",\"@id\":\"https:\/\/www.smedemokrati.sk\/v-parlamente-zvitazil-politicky-kalkul-nad-bojom-za-spravnu-vec\/#breadcrumb\",\"itemListElement\":[{\"@type\":\"ListItem\",\"position\":1,\"name\":\"Domovsk\u00e1 str\u00e1nka\",\"item\":\"https:\/\/www.smedemokrati.sk\/\"},{\"@type\":\"ListItem\",\"position\":2,\"name\":\"V parlamente zv\u00ed\u0165azil politick\u00fd kalkul nad bojom za spr\u00e1vnu vec\"}]},{\"@type\":\"WebSite\",\"@id\":\"https:\/\/www.smedemokrati.sk\/#website\",\"url\":\"https:\/\/www.smedemokrati.sk\/\",\"name\":\"Smedemokrati.sk\",\"description\":\"Demokracia a slu\u0161nos\u0165 zv\u00ed\u0165az\u00ed\",\"publisher\":{\"@id\":\"https:\/\/www.smedemokrati.sk\/#organization\"},\"potentialAction\":[{\"@type\":\"SearchAction\",\"target\":{\"@type\":\"EntryPoint\",\"urlTemplate\":\"https:\/\/www.smedemokrati.sk\/?s={search_term_string}\"},\"query-input\":{\"@type\":\"PropertyValueSpecification\",\"valueRequired\":true,\"valueName\":\"search_term_string\"}}],\"inLanguage\":\"sv-SE\"},{\"@type\":\"Organization\",\"@id\":\"https:\/\/www.smedemokrati.sk\/#organization\",\"name\":\"Smedemokrati.sk\",\"url\":\"https:\/\/www.smedemokrati.sk\/\",\"logo\":{\"@type\":\"ImageObject\",\"inLanguage\":\"sv-SE\",\"@id\":\"https:\/\/www.smedemokrati.sk\/#\/schema\/logo\/image\/\",\"url\":\"https:\/\/www.smedemokrati.sk\/wp-content\/uploads\/2023\/04\/ff.002.jpeg\",\"contentUrl\":\"https:\/\/www.smedemokrati.sk\/wp-content\/uploads\/2023\/04\/ff.002.jpeg\",\"width\":640,\"height\":480,\"caption\":\"Smedemokrati.sk\"},\"image\":{\"@id\":\"https:\/\/www.smedemokrati.sk\/#\/schema\/logo\/image\/\"},\"sameAs\":[\"https:\/\/www.facebook.com\/smedemokrati2023\"]},{\"@type\":\"Person\",\"@id\":\"https:\/\/www.smedemokrati.sk\/#\/schema\/person\/c60720f4b9955b3c1ed222ebd1fbbc7c\",\"name\":\"Tom\u00e1\u0161 Koppl\",\"image\":{\"@type\":\"ImageObject\",\"inLanguage\":\"sv-SE\",\"@id\":\"https:\/\/secure.gravatar.com\/avatar\/8dfa38373c5e39821baf74c8e867a6f12e12c6dab6559aa999d10703b0b1c4ce?s=96&d=mm&r=g\",\"url\":\"https:\/\/secure.gravatar.com\/avatar\/8dfa38373c5e39821baf74c8e867a6f12e12c6dab6559aa999d10703b0b1c4ce?s=96&d=mm&r=g\",\"contentUrl\":\"https:\/\/secure.gravatar.com\/avatar\/8dfa38373c5e39821baf74c8e867a6f12e12c6dab6559aa999d10703b0b1c4ce?s=96&d=mm&r=g\",\"caption\":\"Tom\u00e1\u0161 Koppl\"},\"url\":\"https:\/\/www.smedemokrati.sk\/sv\/author\/tomaskoppl\/\"}]}<\/script>\n<!-- \/ Yoast SEO plugin. -->","yoast_head_json":{"title":"V parlamente zv\u00ed\u0165azil politick\u00fd kalkul nad bojom za spr\u00e1vnu vec - Smedemokrati.sk","robots":{"index":"index","follow":"follow","max-snippet":"max-snippet:-1","max-image-preview":"max-image-preview:large","max-video-preview":"max-video-preview:-1"},"canonical":"https:\/\/www.smedemokrati.sk\/sv\/v-parlamente-zvitazil-politicky-kalkul-nad-bojom-za-spravnu-vec\/","og_locale":"sv_SE","og_type":"article","og_title":"V parlamente zv\u00ed\u0165azil politick\u00fd kalkul nad bojom za spr\u00e1vnu vec - Smedemokrati.sk","og_description":"\u201eSom \u0161okovan\u00e1, \u017ee za dva dni sa v parlamente nena\u0161lo 76 poslancov, ktor\u00ed by ods\u00fadili n\u00e1silie. Poslanci za stranu Demokrati tu boli v\u0161etci do nohy, niektor\u00ed dokonca pri\u0161li sk\u00f4r z lie\u010denia a niektor\u00ed si zru\u0161ili dovolenku,\u201c&nbsp;povedala poslanky\u0148a NR SR za stranu Demokrati Anna Mierna. \u201eDnes vyhral politick\u00fd kalkul nad bojom za spr\u00e1vnu vec. Mohli ste [&hellip;]","og_url":"https:\/\/www.smedemokrati.sk\/sv\/v-parlamente-zvitazil-politicky-kalkul-nad-bojom-za-spravnu-vec\/","og_site_name":"Smedemokrati.sk","article_publisher":"https:\/\/www.facebook.com\/smedemokrati2023","article_published_time":"2023-07-05T16:53:20+00:00","article_modified_time":"2023-07-05T16:53:21+00:00","og_image":[{"width":1887,"height":1080,"url":"https:\/\/www.smedemokrati.sk\/wp-content\/uploads\/2023\/07\/tlac-1.jpg","type":"image\/jpeg"}],"author":"Tom\u00e1\u0161 Koppl","twitter_card":"summary_large_image","twitter_misc":{"Skriven av":"Tom\u00e1\u0161 Koppl","Ber\u00e4knad l\u00e4stid":"2 minuter"},"schema":{"@context":"https:\/\/schema.org","@graph":[{"@type":"Article","@id":"https:\/\/www.smedemokrati.sk\/v-parlamente-zvitazil-politicky-kalkul-nad-bojom-za-spravnu-vec\/#article","isPartOf":{"@id":"https:\/\/www.smedemokrati.sk\/v-parlamente-zvitazil-politicky-kalkul-nad-bojom-za-spravnu-vec\/"},"author":{"name":"Tom\u00e1\u0161 Koppl","@id":"https:\/\/www.smedemokrati.sk\/#\/schema\/person\/c60720f4b9955b3c1ed222ebd1fbbc7c"},"headline":"V parlamente zv\u00ed\u0165azil politick\u00fd kalkul nad bojom za spr\u00e1vnu vec","datePublished":"2023-07-05T16:53:20+00:00","dateModified":"2023-07-05T16:53:21+00:00","mainEntityOfPage":{"@id":"https:\/\/www.smedemokrati.sk\/v-parlamente-zvitazil-politicky-kalkul-nad-bojom-za-spravnu-vec\/"},"wordCount":357,"publisher":{"@id":"https:\/\/www.smedemokrati.sk\/#organization"},"image":{"@id":"https:\/\/www.smedemokrati.sk\/v-parlamente-zvitazil-politicky-kalkul-nad-bojom-za-spravnu-vec\/#primaryimage"},"thumbnailUrl":"https:\/\/www.smedemokrati.sk\/wp-content\/uploads\/2023\/07\/tlac-1.jpg","articleSection":["Tla\u010dov\u00e9 spr\u00e1vy"],"inLanguage":"sv-SE"},{"@type":"WebPage","@id":"https:\/\/www.smedemokrati.sk\/v-parlamente-zvitazil-politicky-kalkul-nad-bojom-za-spravnu-vec\/","url":"https:\/\/www.smedemokrati.sk\/v-parlamente-zvitazil-politicky-kalkul-nad-bojom-za-spravnu-vec\/","name":"V parlamente zv\u00ed\u0165azil politick\u00fd kalkul nad bojom za spr\u00e1vnu vec - Smedemokrati.sk","isPartOf":{"@id":"https:\/\/www.smedemokrati.sk\/#website"},"primaryImageOfPage":{"@id":"https:\/\/www.smedemokrati.sk\/v-parlamente-zvitazil-politicky-kalkul-nad-bojom-za-spravnu-vec\/#primaryimage"},"image":{"@id":"https:\/\/www.smedemokrati.sk\/v-parlamente-zvitazil-politicky-kalkul-nad-bojom-za-spravnu-vec\/#primaryimage"},"thumbnailUrl":"https:\/\/www.smedemokrati.sk\/wp-content\/uploads\/2023\/07\/tlac-1.jpg","datePublished":"2023-07-05T16:53:20+00:00","dateModified":"2023-07-05T16:53:21+00:00","breadcrumb":{"@id":"https:\/\/www.smedemokrati.sk\/v-parlamente-zvitazil-politicky-kalkul-nad-bojom-za-spravnu-vec\/#breadcrumb"},"inLanguage":"sv-SE","potentialAction":[{"@type":"ReadAction","target":["https:\/\/www.smedemokrati.sk\/v-parlamente-zvitazil-politicky-kalkul-nad-bojom-za-spravnu-vec\/"]}]},{"@type":"ImageObject","inLanguage":"sv-SE","@id":"https:\/\/www.smedemokrati.sk\/v-parlamente-zvitazil-politicky-kalkul-nad-bojom-za-spravnu-vec\/#primaryimage","url":"https:\/\/www.smedemokrati.sk\/wp-content\/uploads\/2023\/07\/tlac-1.jpg","contentUrl":"https:\/\/www.smedemokrati.sk\/wp-content\/uploads\/2023\/07\/tlac-1.jpg","width":1887,"height":1080},{"@type":"BreadcrumbList","@id":"https:\/\/www.smedemokrati.sk\/v-parlamente-zvitazil-politicky-kalkul-nad-bojom-za-spravnu-vec\/#breadcrumb","itemListElement":[{"@type":"ListItem","position":1,"name":"Domovsk\u00e1 str\u00e1nka","item":"https:\/\/www.smedemokrati.sk\/"},{"@type":"ListItem","position":2,"name":"V parlamente zv\u00ed\u0165azil politick\u00fd kalkul nad bojom za spr\u00e1vnu vec"}]},{"@type":"WebSite","@id":"https:\/\/www.smedemokrati.sk\/#website","url":"https:\/\/www.smedemokrati.sk\/","name":"Smedemokrati.sk","description":"Demokracia a slu\u0161nos\u0165 zv\u00ed\u0165az\u00ed","publisher":{"@id":"https:\/\/www.smedemokrati.sk\/#organization"},"potentialAction":[{"@type":"SearchAction","target":{"@type":"EntryPoint","urlTemplate":"https:\/\/www.smedemokrati.sk\/?s={search_term_string}"},"query-input":{"@type":"PropertyValueSpecification","valueRequired":true,"valueName":"search_term_string"}}],"inLanguage":"sv-SE"},{"@type":"Organization","@id":"https:\/\/www.smedemokrati.sk\/#organization","name":"Smedemokrati.sk","url":"https:\/\/www.smedemokrati.sk\/","logo":{"@type":"ImageObject","inLanguage":"sv-SE","@id":"https:\/\/www.smedemokrati.sk\/#\/schema\/logo\/image\/","url":"https:\/\/www.smedemokrati.sk\/wp-content\/uploads\/2023\/04\/ff.002.jpeg","contentUrl":"https:\/\/www.smedemokrati.sk\/wp-content\/uploads\/2023\/04\/ff.002.jpeg","width":640,"height":480,"caption":"Smedemokrati.sk"},"image":{"@id":"https:\/\/www.smedemokrati.sk\/#\/schema\/logo\/image\/"},"sameAs":["https:\/\/www.facebook.com\/smedemokrati2023"]},{"@type":"Person","@id":"https:\/\/www.smedemokrati.sk\/#\/schema\/person\/c60720f4b9955b3c1ed222ebd1fbbc7c","name":"Tom\u00e1\u0161 Koppl","image":{"@type":"ImageObject","inLanguage":"sv-SE","@id":"https:\/\/secure.gravatar.com\/avatar\/8dfa38373c5e39821baf74c8e867a6f12e12c6dab6559aa999d10703b0b1c4ce?s=96&d=mm&r=g","url":"https:\/\/secure.gravatar.com\/avatar\/8dfa38373c5e39821baf74c8e867a6f12e12c6dab6559aa999d10703b0b1c4ce?s=96&d=mm&r=g","contentUrl":"https:\/\/secure.gravatar.com\/avatar\/8dfa38373c5e39821baf74c8e867a6f12e12c6dab6559aa999d10703b0b1c4ce?s=96&d=mm&r=g","caption":"Tom\u00e1\u0161 Koppl"},"url":"https:\/\/www.smedemokrati.sk\/sv\/author\/tomaskoppl\/"}]}},"_links":{"self":[{"href":"https:\/\/www.smedemokrati.sk\/sv\/wp-json\/wp\/v2\/posts\/1418","targetHints":{"allow":["GET"]}}],"collection":[{"href":"https:\/\/www.smedemokrati.sk\/sv\/wp-json\/wp\/v2\/posts"}],"about":[{"href":"https:\/\/www.smedemokrati.sk\/sv\/wp-json\/wp\/v2\/types\/post"}],"author":[{"embeddable":true,"href":"https:\/\/www.smedemokrati.sk\/sv\/wp-json\/wp\/v2\/users\/7"}],"replies":[{"embeddable":true,"href":"https:\/\/www.smedemokrati.sk\/sv\/wp-json\/wp\/v2\/comments?post=1418"}],"version-history":[{"count":1,"href":"https:\/\/www.smedemokrati.sk\/sv\/wp-json\/wp\/v2\/posts\/1418\/revisions"}],"predecessor-version":[{"id":1421,"href":"https:\/\/www.smedemokrati.sk\/sv\/wp-json\/wp\/v2\/posts\/1418\/revisions\/1421"}],"wp:featuredmedia":[{"embeddable":true,"href":"https:\/\/www.smedemokrati.sk\/sv\/wp-json\/wp\/v2\/media\/1420"}],"wp:attachment":[{"href":"https:\/\/www.smedemokrati.sk\/sv\/wp-json\/wp\/v2\/media?parent=1418"}],"wp:term":[{"taxonomy":"category","embeddable":true,"href":"https:\/\/www.smedemokrati.sk\/sv\/wp-json\/wp\/v2\/categories?post=1418"},{"taxonomy":"post_tag","embeddable":true,"href":"https:\/\/www.smedemokrati.sk\/sv\/wp-json\/wp\/v2\/tags?post=1418"}],"curies":[{"name":"wp","href":"https:\/\/api.w.org\/{rel}","templated":true}]}}