{"id":1256,"date":"2023-06-21T15:35:40","date_gmt":"2023-06-21T13:35:40","guid":{"rendered":"https:\/\/www.smedemokrati.sk\/?p=1256"},"modified":"2023-06-21T15:35:40","modified_gmt":"2023-06-21T13:35:40","slug":"zeny-sa-nebiju-nikdy-demokratky-vyzyvaju-borisa-kollara-na-odstupenie","status":"publish","type":"post","link":"https:\/\/www.smedemokrati.sk\/sv\/zeny-sa-nebiju-nikdy-demokratky-vyzyvaju-borisa-kollara-na-odstupenie\/","title":{"rendered":"\u017deny sa nebij\u00fa. Nikdy! Demokratky vyz\u00fdvaj\u00fa Borisa Koll\u00e1ra na odst\u00fapenie"},"content":{"rendered":"<div id=\"fb-root\"><\/div>\n\n<p>N\u00e1silie na \u017een\u00e1ch je neprijate\u013en\u00e9. Bez v\u00fdnimky, pre ka\u017ed\u00e9ho. Dnes sa rozhoduje o tom, ako bude slovensk\u00e1 spolo\u010dnos\u0165 pristupova\u0165 k n\u00e1siliu na \u017een\u00e1ch.<\/p>\n\n\n\n<p>\u201eP\u00e1n Koll\u00e1r, \u017eeny sa nebij\u00fa. Nikdy! Dnes svojimi vyjadreniami d\u00e1vate sign\u00e1l v\u0161etk\u00fdm mu\u017eom, v\u0161etk\u00fdm \u017een\u00e1m. Dnes d\u00e1vate sign\u00e1l celej spolo\u010dnosti. Vyz\u00fdvame v\u00e1s \u2013 odst\u00fapte z poz\u00edcie predsedu n\u00e1rodnej rady a od\u00ed\u010fte z politiky,\u201c hovor\u00ed Andrea Letanovsk\u00e1 zo strany Demokrati. \u201eAk je p\u00e1n Koll\u00e1r schopn\u00fd \u2018chlapsk\u00e9ho gesta\u2019 a priznal, \u017ee zbil \u017eenu, predpoklad\u00e1me, \u017ee bude schopn\u00fd aj \u010fal\u0161ieho chlapsk\u00e9ho gesta, teda odst\u00fapenia. Ja ako lek\u00e1rka nepozn\u00e1m situ\u00e1ciu, kedy by n\u00e1silie zachra\u0148ovalo \u013eudsk\u00e9 \u017eivoty.\u201c<\/p>\n\n\n\n<p>Pokia\u013e Boris Koll\u00e1r z funkcie neodst\u00fapi, poslankyne strany Demokrati bud\u00fa iniciova\u0165 jeho odvolanie.<\/p>\n","protected":false},"excerpt":{"rendered":"<p>N\u00e1silie na \u017een\u00e1ch je neprijate\u013en\u00e9. Bez v\u00fdnimky, pre ka\u017ed\u00e9ho. Dnes sa rozhoduje o tom, ako bude slovensk\u00e1 spolo\u010dnos\u0165 pristupova\u0165 k n\u00e1siliu na \u017een\u00e1ch. \u201eP\u00e1n Koll\u00e1r, \u017eeny sa nebij\u00fa. Nikdy! Dnes svojimi vyjadreniami d\u00e1vate sign\u00e1l v\u0161etk\u00fdm mu\u017eom, v\u0161etk\u00fdm \u017een\u00e1m. Dnes d\u00e1vate sign\u00e1l celej spolo\u010dnosti. Vyz\u00fdvame v\u00e1s \u2013 odst\u00fapte z poz\u00edcie predsedu n\u00e1rodnej rady a od\u00ed\u010fte z [&hellip;]<\/p>\n","protected":false},"author":7,"featured_media":1257,"comment_status":"closed","ping_status":"closed","sticky":false,"template":"","format":"standard","meta":{"_acf_changed":false,"ngg_post_thumbnail":0,"footnotes":""},"categories":[4],"tags":[],"class_list":["post-1256","post","type-post","status-publish","format-standard","has-post-thumbnail","hentry","category-tlacove-spravy"],"acf":[],"yoast_head":"<!-- This site is optimized with the Yoast SEO plugin v27.2 - https:\/\/yoast.com\/product\/yoast-seo-wordpress\/ -->\n<title>\u017deny sa nebij\u00fa. Nikdy! Demokratky vyz\u00fdvaj\u00fa Borisa Koll\u00e1ra na odst\u00fapenie - Smedemokrati.sk<\/title>\n<meta name=\"robots\" content=\"index, follow, max-snippet:-1, max-image-preview:large, max-video-preview:-1\" \/>\n<link rel=\"canonical\" href=\"https:\/\/www.smedemokrati.sk\/sv\/zeny-sa-nebiju-nikdy-demokratky-vyzyvaju-borisa-kollara-na-odstupenie\/\" \/>\n<meta property=\"og:locale\" content=\"sv_SE\" \/>\n<meta property=\"og:locale:alternate\" content=\"en_US\" \/>\n<meta property=\"og:locale:alternate\" content=\"cs_CZ\" \/>\n<meta property=\"og:locale:alternate\" content=\"hu_HU\" \/>\n<meta property=\"og:locale:alternate\" content=\"sk_SK\" \/>\n<meta property=\"og:type\" content=\"article\" \/>\n<meta property=\"og:title\" content=\"\u017deny sa nebij\u00fa. Nikdy! Demokratky vyz\u00fdvaj\u00fa Borisa Koll\u00e1ra na odst\u00fapenie - Smedemokrati.sk\" \/>\n<meta property=\"og:description\" content=\"N\u00e1silie na \u017een\u00e1ch je neprijate\u013en\u00e9. Bez v\u00fdnimky, pre ka\u017ed\u00e9ho. Dnes sa rozhoduje o tom, ako bude slovensk\u00e1 spolo\u010dnos\u0165 pristupova\u0165 k n\u00e1siliu na \u017een\u00e1ch. \u201eP\u00e1n Koll\u00e1r, \u017eeny sa nebij\u00fa. Nikdy! Dnes svojimi vyjadreniami d\u00e1vate sign\u00e1l v\u0161etk\u00fdm mu\u017eom, v\u0161etk\u00fdm \u017een\u00e1m. Dnes d\u00e1vate sign\u00e1l celej spolo\u010dnosti. Vyz\u00fdvame v\u00e1s \u2013 odst\u00fapte z poz\u00edcie predsedu n\u00e1rodnej rady a od\u00ed\u010fte z [&hellip;]\" \/>\n<meta property=\"og:url\" content=\"https:\/\/www.smedemokrati.sk\/sv\/zeny-sa-nebiju-nikdy-demokratky-vyzyvaju-borisa-kollara-na-odstupenie\/\" \/>\n<meta property=\"og:site_name\" content=\"Smedemokrati.sk\" \/>\n<meta property=\"article:publisher\" content=\"https:\/\/www.facebook.com\/smedemokrati2023\" \/>\n<meta property=\"article:published_time\" content=\"2023-06-21T13:35:40+00:00\" \/>\n<meta property=\"og:image\" content=\"https:\/\/www.smedemokrati.sk\/wp-content\/uploads\/2023\/06\/aaa.jpg\" \/>\n\t<meta property=\"og:image:width\" content=\"1185\" \/>\n\t<meta property=\"og:image:height\" content=\"800\" \/>\n\t<meta property=\"og:image:type\" content=\"image\/jpeg\" \/>\n<meta name=\"author\" content=\"Tom\u00e1\u0161 Koppl\" \/>\n<meta name=\"twitter:card\" content=\"summary_large_image\" \/>\n<meta name=\"twitter:label1\" content=\"Skriven av\" \/>\n\t<meta name=\"twitter:data1\" content=\"Tom\u00e1\u0161 Koppl\" \/>\n\t<meta name=\"twitter:label2\" content=\"Ber\u00e4knad l\u00e4stid\" \/>\n\t<meta name=\"twitter:data2\" content=\"1 minut\" \/>\n<script type=\"application\/ld+json\" class=\"yoast-schema-graph\">{\"@context\":\"https:\/\/schema.org\",\"@graph\":[{\"@type\":\"Article\",\"@id\":\"https:\/\/www.smedemokrati.sk\/zeny-sa-nebiju-nikdy-demokratky-vyzyvaju-borisa-kollara-na-odstupenie\/#article\",\"isPartOf\":{\"@id\":\"https:\/\/www.smedemokrati.sk\/zeny-sa-nebiju-nikdy-demokratky-vyzyvaju-borisa-kollara-na-odstupenie\/\"},\"author\":{\"name\":\"Tom\u00e1\u0161 Koppl\",\"@id\":\"https:\/\/www.smedemokrati.sk\/#\/schema\/person\/c60720f4b9955b3c1ed222ebd1fbbc7c\"},\"headline\":\"\u017deny sa nebij\u00fa. Nikdy! Demokratky vyz\u00fdvaj\u00fa Borisa Koll\u00e1ra na odst\u00fapenie\",\"datePublished\":\"2023-06-21T13:35:40+00:00\",\"mainEntityOfPage\":{\"@id\":\"https:\/\/www.smedemokrati.sk\/zeny-sa-nebiju-nikdy-demokratky-vyzyvaju-borisa-kollara-na-odstupenie\/\"},\"wordCount\":162,\"publisher\":{\"@id\":\"https:\/\/www.smedemokrati.sk\/#organization\"},\"image\":{\"@id\":\"https:\/\/www.smedemokrati.sk\/zeny-sa-nebiju-nikdy-demokratky-vyzyvaju-borisa-kollara-na-odstupenie\/#primaryimage\"},\"thumbnailUrl\":\"https:\/\/www.smedemokrati.sk\/wp-content\/uploads\/2023\/06\/aaa.jpg\",\"articleSection\":[\"Tla\u010dov\u00e9 spr\u00e1vy\"],\"inLanguage\":\"sv-SE\"},{\"@type\":\"WebPage\",\"@id\":\"https:\/\/www.smedemokrati.sk\/zeny-sa-nebiju-nikdy-demokratky-vyzyvaju-borisa-kollara-na-odstupenie\/\",\"url\":\"https:\/\/www.smedemokrati.sk\/zeny-sa-nebiju-nikdy-demokratky-vyzyvaju-borisa-kollara-na-odstupenie\/\",\"name\":\"\u017deny sa nebij\u00fa. Nikdy! Demokratky vyz\u00fdvaj\u00fa Borisa Koll\u00e1ra na odst\u00fapenie - Smedemokrati.sk\",\"isPartOf\":{\"@id\":\"https:\/\/www.smedemokrati.sk\/#website\"},\"primaryImageOfPage\":{\"@id\":\"https:\/\/www.smedemokrati.sk\/zeny-sa-nebiju-nikdy-demokratky-vyzyvaju-borisa-kollara-na-odstupenie\/#primaryimage\"},\"image\":{\"@id\":\"https:\/\/www.smedemokrati.sk\/zeny-sa-nebiju-nikdy-demokratky-vyzyvaju-borisa-kollara-na-odstupenie\/#primaryimage\"},\"thumbnailUrl\":\"https:\/\/www.smedemokrati.sk\/wp-content\/uploads\/2023\/06\/aaa.jpg\",\"datePublished\":\"2023-06-21T13:35:40+00:00\",\"breadcrumb\":{\"@id\":\"https:\/\/www.smedemokrati.sk\/zeny-sa-nebiju-nikdy-demokratky-vyzyvaju-borisa-kollara-na-odstupenie\/#breadcrumb\"},\"inLanguage\":\"sv-SE\",\"potentialAction\":[{\"@type\":\"ReadAction\",\"target\":[\"https:\/\/www.smedemokrati.sk\/zeny-sa-nebiju-nikdy-demokratky-vyzyvaju-borisa-kollara-na-odstupenie\/\"]}]},{\"@type\":\"ImageObject\",\"inLanguage\":\"sv-SE\",\"@id\":\"https:\/\/www.smedemokrati.sk\/zeny-sa-nebiju-nikdy-demokratky-vyzyvaju-borisa-kollara-na-odstupenie\/#primaryimage\",\"url\":\"https:\/\/www.smedemokrati.sk\/wp-content\/uploads\/2023\/06\/aaa.jpg\",\"contentUrl\":\"https:\/\/www.smedemokrati.sk\/wp-content\/uploads\/2023\/06\/aaa.jpg\",\"width\":1185,\"height\":800},{\"@type\":\"BreadcrumbList\",\"@id\":\"https:\/\/www.smedemokrati.sk\/zeny-sa-nebiju-nikdy-demokratky-vyzyvaju-borisa-kollara-na-odstupenie\/#breadcrumb\",\"itemListElement\":[{\"@type\":\"ListItem\",\"position\":1,\"name\":\"Domovsk\u00e1 str\u00e1nka\",\"item\":\"https:\/\/www.smedemokrati.sk\/\"},{\"@type\":\"ListItem\",\"position\":2,\"name\":\"\u017deny sa nebij\u00fa. Nikdy! Demokratky vyz\u00fdvaj\u00fa Borisa Koll\u00e1ra na odst\u00fapenie\"}]},{\"@type\":\"WebSite\",\"@id\":\"https:\/\/www.smedemokrati.sk\/#website\",\"url\":\"https:\/\/www.smedemokrati.sk\/\",\"name\":\"Smedemokrati.sk\",\"description\":\"Demokracia a slu\u0161nos\u0165 zv\u00ed\u0165az\u00ed\",\"publisher\":{\"@id\":\"https:\/\/www.smedemokrati.sk\/#organization\"},\"potentialAction\":[{\"@type\":\"SearchAction\",\"target\":{\"@type\":\"EntryPoint\",\"urlTemplate\":\"https:\/\/www.smedemokrati.sk\/?s={search_term_string}\"},\"query-input\":{\"@type\":\"PropertyValueSpecification\",\"valueRequired\":true,\"valueName\":\"search_term_string\"}}],\"inLanguage\":\"sv-SE\"},{\"@type\":\"Organization\",\"@id\":\"https:\/\/www.smedemokrati.sk\/#organization\",\"name\":\"Smedemokrati.sk\",\"url\":\"https:\/\/www.smedemokrati.sk\/\",\"logo\":{\"@type\":\"ImageObject\",\"inLanguage\":\"sv-SE\",\"@id\":\"https:\/\/www.smedemokrati.sk\/#\/schema\/logo\/image\/\",\"url\":\"https:\/\/www.smedemokrati.sk\/wp-content\/uploads\/2023\/04\/ff.002.jpeg\",\"contentUrl\":\"https:\/\/www.smedemokrati.sk\/wp-content\/uploads\/2023\/04\/ff.002.jpeg\",\"width\":640,\"height\":480,\"caption\":\"Smedemokrati.sk\"},\"image\":{\"@id\":\"https:\/\/www.smedemokrati.sk\/#\/schema\/logo\/image\/\"},\"sameAs\":[\"https:\/\/www.facebook.com\/smedemokrati2023\"]},{\"@type\":\"Person\",\"@id\":\"https:\/\/www.smedemokrati.sk\/#\/schema\/person\/c60720f4b9955b3c1ed222ebd1fbbc7c\",\"name\":\"Tom\u00e1\u0161 Koppl\",\"image\":{\"@type\":\"ImageObject\",\"inLanguage\":\"sv-SE\",\"@id\":\"https:\/\/secure.gravatar.com\/avatar\/8dfa38373c5e39821baf74c8e867a6f12e12c6dab6559aa999d10703b0b1c4ce?s=96&d=mm&r=g\",\"url\":\"https:\/\/secure.gravatar.com\/avatar\/8dfa38373c5e39821baf74c8e867a6f12e12c6dab6559aa999d10703b0b1c4ce?s=96&d=mm&r=g\",\"contentUrl\":\"https:\/\/secure.gravatar.com\/avatar\/8dfa38373c5e39821baf74c8e867a6f12e12c6dab6559aa999d10703b0b1c4ce?s=96&d=mm&r=g\",\"caption\":\"Tom\u00e1\u0161 Koppl\"},\"url\":\"https:\/\/www.smedemokrati.sk\/sv\/author\/tomaskoppl\/\"}]}<\/script>\n<!-- \/ Yoast SEO plugin. -->","yoast_head_json":{"title":"\u017deny sa nebij\u00fa. Nikdy! Demokratky vyz\u00fdvaj\u00fa Borisa Koll\u00e1ra na odst\u00fapenie - Smedemokrati.sk","robots":{"index":"index","follow":"follow","max-snippet":"max-snippet:-1","max-image-preview":"max-image-preview:large","max-video-preview":"max-video-preview:-1"},"canonical":"https:\/\/www.smedemokrati.sk\/sv\/zeny-sa-nebiju-nikdy-demokratky-vyzyvaju-borisa-kollara-na-odstupenie\/","og_locale":"sv_SE","og_type":"article","og_title":"\u017deny sa nebij\u00fa. Nikdy! Demokratky vyz\u00fdvaj\u00fa Borisa Koll\u00e1ra na odst\u00fapenie - Smedemokrati.sk","og_description":"N\u00e1silie na \u017een\u00e1ch je neprijate\u013en\u00e9. Bez v\u00fdnimky, pre ka\u017ed\u00e9ho. Dnes sa rozhoduje o tom, ako bude slovensk\u00e1 spolo\u010dnos\u0165 pristupova\u0165 k n\u00e1siliu na \u017een\u00e1ch. \u201eP\u00e1n Koll\u00e1r, \u017eeny sa nebij\u00fa. Nikdy! Dnes svojimi vyjadreniami d\u00e1vate sign\u00e1l v\u0161etk\u00fdm mu\u017eom, v\u0161etk\u00fdm \u017een\u00e1m. Dnes d\u00e1vate sign\u00e1l celej spolo\u010dnosti. Vyz\u00fdvame v\u00e1s \u2013 odst\u00fapte z poz\u00edcie predsedu n\u00e1rodnej rady a od\u00ed\u010fte z [&hellip;]","og_url":"https:\/\/www.smedemokrati.sk\/sv\/zeny-sa-nebiju-nikdy-demokratky-vyzyvaju-borisa-kollara-na-odstupenie\/","og_site_name":"Smedemokrati.sk","article_publisher":"https:\/\/www.facebook.com\/smedemokrati2023","article_published_time":"2023-06-21T13:35:40+00:00","og_image":[{"width":1185,"height":800,"url":"https:\/\/www.smedemokrati.sk\/wp-content\/uploads\/2023\/06\/aaa.jpg","type":"image\/jpeg"}],"author":"Tom\u00e1\u0161 Koppl","twitter_card":"summary_large_image","twitter_misc":{"Skriven av":"Tom\u00e1\u0161 Koppl","Ber\u00e4knad l\u00e4stid":"1 minut"},"schema":{"@context":"https:\/\/schema.org","@graph":[{"@type":"Article","@id":"https:\/\/www.smedemokrati.sk\/zeny-sa-nebiju-nikdy-demokratky-vyzyvaju-borisa-kollara-na-odstupenie\/#article","isPartOf":{"@id":"https:\/\/www.smedemokrati.sk\/zeny-sa-nebiju-nikdy-demokratky-vyzyvaju-borisa-kollara-na-odstupenie\/"},"author":{"name":"Tom\u00e1\u0161 Koppl","@id":"https:\/\/www.smedemokrati.sk\/#\/schema\/person\/c60720f4b9955b3c1ed222ebd1fbbc7c"},"headline":"\u017deny sa nebij\u00fa. Nikdy! Demokratky vyz\u00fdvaj\u00fa Borisa Koll\u00e1ra na odst\u00fapenie","datePublished":"2023-06-21T13:35:40+00:00","mainEntityOfPage":{"@id":"https:\/\/www.smedemokrati.sk\/zeny-sa-nebiju-nikdy-demokratky-vyzyvaju-borisa-kollara-na-odstupenie\/"},"wordCount":162,"publisher":{"@id":"https:\/\/www.smedemokrati.sk\/#organization"},"image":{"@id":"https:\/\/www.smedemokrati.sk\/zeny-sa-nebiju-nikdy-demokratky-vyzyvaju-borisa-kollara-na-odstupenie\/#primaryimage"},"thumbnailUrl":"https:\/\/www.smedemokrati.sk\/wp-content\/uploads\/2023\/06\/aaa.jpg","articleSection":["Tla\u010dov\u00e9 spr\u00e1vy"],"inLanguage":"sv-SE"},{"@type":"WebPage","@id":"https:\/\/www.smedemokrati.sk\/zeny-sa-nebiju-nikdy-demokratky-vyzyvaju-borisa-kollara-na-odstupenie\/","url":"https:\/\/www.smedemokrati.sk\/zeny-sa-nebiju-nikdy-demokratky-vyzyvaju-borisa-kollara-na-odstupenie\/","name":"\u017deny sa nebij\u00fa. Nikdy! Demokratky vyz\u00fdvaj\u00fa Borisa Koll\u00e1ra na odst\u00fapenie - Smedemokrati.sk","isPartOf":{"@id":"https:\/\/www.smedemokrati.sk\/#website"},"primaryImageOfPage":{"@id":"https:\/\/www.smedemokrati.sk\/zeny-sa-nebiju-nikdy-demokratky-vyzyvaju-borisa-kollara-na-odstupenie\/#primaryimage"},"image":{"@id":"https:\/\/www.smedemokrati.sk\/zeny-sa-nebiju-nikdy-demokratky-vyzyvaju-borisa-kollara-na-odstupenie\/#primaryimage"},"thumbnailUrl":"https:\/\/www.smedemokrati.sk\/wp-content\/uploads\/2023\/06\/aaa.jpg","datePublished":"2023-06-21T13:35:40+00:00","breadcrumb":{"@id":"https:\/\/www.smedemokrati.sk\/zeny-sa-nebiju-nikdy-demokratky-vyzyvaju-borisa-kollara-na-odstupenie\/#breadcrumb"},"inLanguage":"sv-SE","potentialAction":[{"@type":"ReadAction","target":["https:\/\/www.smedemokrati.sk\/zeny-sa-nebiju-nikdy-demokratky-vyzyvaju-borisa-kollara-na-odstupenie\/"]}]},{"@type":"ImageObject","inLanguage":"sv-SE","@id":"https:\/\/www.smedemokrati.sk\/zeny-sa-nebiju-nikdy-demokratky-vyzyvaju-borisa-kollara-na-odstupenie\/#primaryimage","url":"https:\/\/www.smedemokrati.sk\/wp-content\/uploads\/2023\/06\/aaa.jpg","contentUrl":"https:\/\/www.smedemokrati.sk\/wp-content\/uploads\/2023\/06\/aaa.jpg","width":1185,"height":800},{"@type":"BreadcrumbList","@id":"https:\/\/www.smedemokrati.sk\/zeny-sa-nebiju-nikdy-demokratky-vyzyvaju-borisa-kollara-na-odstupenie\/#breadcrumb","itemListElement":[{"@type":"ListItem","position":1,"name":"Domovsk\u00e1 str\u00e1nka","item":"https:\/\/www.smedemokrati.sk\/"},{"@type":"ListItem","position":2,"name":"\u017deny sa nebij\u00fa. Nikdy! Demokratky vyz\u00fdvaj\u00fa Borisa Koll\u00e1ra na odst\u00fapenie"}]},{"@type":"WebSite","@id":"https:\/\/www.smedemokrati.sk\/#website","url":"https:\/\/www.smedemokrati.sk\/","name":"Smedemokrati.sk","description":"Demokracia a slu\u0161nos\u0165 zv\u00ed\u0165az\u00ed","publisher":{"@id":"https:\/\/www.smedemokrati.sk\/#organization"},"potentialAction":[{"@type":"SearchAction","target":{"@type":"EntryPoint","urlTemplate":"https:\/\/www.smedemokrati.sk\/?s={search_term_string}"},"query-input":{"@type":"PropertyValueSpecification","valueRequired":true,"valueName":"search_term_string"}}],"inLanguage":"sv-SE"},{"@type":"Organization","@id":"https:\/\/www.smedemokrati.sk\/#organization","name":"Smedemokrati.sk","url":"https:\/\/www.smedemokrati.sk\/","logo":{"@type":"ImageObject","inLanguage":"sv-SE","@id":"https:\/\/www.smedemokrati.sk\/#\/schema\/logo\/image\/","url":"https:\/\/www.smedemokrati.sk\/wp-content\/uploads\/2023\/04\/ff.002.jpeg","contentUrl":"https:\/\/www.smedemokrati.sk\/wp-content\/uploads\/2023\/04\/ff.002.jpeg","width":640,"height":480,"caption":"Smedemokrati.sk"},"image":{"@id":"https:\/\/www.smedemokrati.sk\/#\/schema\/logo\/image\/"},"sameAs":["https:\/\/www.facebook.com\/smedemokrati2023"]},{"@type":"Person","@id":"https:\/\/www.smedemokrati.sk\/#\/schema\/person\/c60720f4b9955b3c1ed222ebd1fbbc7c","name":"Tom\u00e1\u0161 Koppl","image":{"@type":"ImageObject","inLanguage":"sv-SE","@id":"https:\/\/secure.gravatar.com\/avatar\/8dfa38373c5e39821baf74c8e867a6f12e12c6dab6559aa999d10703b0b1c4ce?s=96&d=mm&r=g","url":"https:\/\/secure.gravatar.com\/avatar\/8dfa38373c5e39821baf74c8e867a6f12e12c6dab6559aa999d10703b0b1c4ce?s=96&d=mm&r=g","contentUrl":"https:\/\/secure.gravatar.com\/avatar\/8dfa38373c5e39821baf74c8e867a6f12e12c6dab6559aa999d10703b0b1c4ce?s=96&d=mm&r=g","caption":"Tom\u00e1\u0161 Koppl"},"url":"https:\/\/www.smedemokrati.sk\/sv\/author\/tomaskoppl\/"}]}},"_links":{"self":[{"href":"https:\/\/www.smedemokrati.sk\/sv\/wp-json\/wp\/v2\/posts\/1256","targetHints":{"allow":["GET"]}}],"collection":[{"href":"https:\/\/www.smedemokrati.sk\/sv\/wp-json\/wp\/v2\/posts"}],"about":[{"href":"https:\/\/www.smedemokrati.sk\/sv\/wp-json\/wp\/v2\/types\/post"}],"author":[{"embeddable":true,"href":"https:\/\/www.smedemokrati.sk\/sv\/wp-json\/wp\/v2\/users\/7"}],"replies":[{"embeddable":true,"href":"https:\/\/www.smedemokrati.sk\/sv\/wp-json\/wp\/v2\/comments?post=1256"}],"version-history":[{"count":1,"href":"https:\/\/www.smedemokrati.sk\/sv\/wp-json\/wp\/v2\/posts\/1256\/revisions"}],"predecessor-version":[{"id":1258,"href":"https:\/\/www.smedemokrati.sk\/sv\/wp-json\/wp\/v2\/posts\/1256\/revisions\/1258"}],"wp:featuredmedia":[{"embeddable":true,"href":"https:\/\/www.smedemokrati.sk\/sv\/wp-json\/wp\/v2\/media\/1257"}],"wp:attachment":[{"href":"https:\/\/www.smedemokrati.sk\/sv\/wp-json\/wp\/v2\/media?parent=1256"}],"wp:term":[{"taxonomy":"category","embeddable":true,"href":"https:\/\/www.smedemokrati.sk\/sv\/wp-json\/wp\/v2\/categories?post=1256"},{"taxonomy":"post_tag","embeddable":true,"href":"https:\/\/www.smedemokrati.sk\/sv\/wp-json\/wp\/v2\/tags?post=1256"}],"curies":[{"name":"wp","href":"https:\/\/api.w.org\/{rel}","templated":true}]}}