{"id":1250,"date":"2023-06-20T15:09:02","date_gmt":"2023-06-20T13:09:02","guid":{"rendered":"https:\/\/www.smedemokrati.sk\/?p=1250"},"modified":"2023-06-20T15:09:03","modified_gmt":"2023-06-20T13:09:03","slug":"stanovisko-strany-demokrati-k-vyhlaseniu-prezidentky-z-caputovej","status":"publish","type":"post","link":"https:\/\/www.smedemokrati.sk\/sv\/stanovisko-strany-demokrati-k-vyhlaseniu-prezidentky-z-caputovej\/","title":{"rendered":"Stanovisko strany Demokrati k vyhl\u00e1seniu prezidentky Z. \u010caputovej"},"content":{"rendered":"<div id=\"fb-root\"><\/div>\n\n<p>Slovensk\u00e1 politika je preplnen\u00e1 egami a krik\u013e\u00fanstvom. Prezidentka Zuzana \u010caputov\u00e1 prin\u00e1\u0161a do politiky pokoj a pomoc \u013eu\u010fom. Jej snaha sp\u00e1ja\u0165 bude vo verejnom \u017eivote ch\u00fdba\u0165. Rozhodnutie nekandidova\u0165 v\u0161ak plne re\u0161pektujeme. Nie je to prejav slabosti, ale naopak ve\u013ekej sily niekoho, pre koho moc nie je t\u00fdm najvy\u0161\u0161\u00edm, \u010do m\u00f4\u017ee dosiahnu\u0165. Zuzane \u010caputovej prajeme ve\u013ea s\u00edl v jej poslednom roku v \u00farade.<\/p>\n\n\n\n<p>\u010co to znamen\u00e1 pre n\u00e1s, pre Demokratov? Demokrati stratia spojenca v slu\u0161nej, pokojnej a kon\u0161trukt\u00edvnej politike, ale to neznamen\u00e1, \u017ee na \u0148u m\u00e1me rezignova\u0165, pr\u00e1ve naopak. Ak toti\u017e do politiky nep\u00f4jdu slu\u0161n\u00ed \u013eudia, ktor\u00ed dok\u00e1\u017eu st\u00e1\u0165 tv\u00e1rou v tv\u00e1r zlobe, tak v tej politike ostan\u00fa len krik\u013e\u00fani a sebci. To nesmieme dovoli\u0165.<\/p>\n","protected":false},"excerpt":{"rendered":"<p>Slovensk\u00e1 politika je preplnen\u00e1 egami a krik\u013e\u00fanstvom. Prezidentka Zuzana \u010caputov\u00e1 prin\u00e1\u0161a do politiky pokoj a pomoc \u013eu\u010fom. Jej snaha sp\u00e1ja\u0165 bude vo verejnom \u017eivote ch\u00fdba\u0165. Rozhodnutie nekandidova\u0165 v\u0161ak plne re\u0161pektujeme. Nie je to prejav slabosti, ale naopak ve\u013ekej sily niekoho, pre koho moc nie je t\u00fdm najvy\u0161\u0161\u00edm, \u010do m\u00f4\u017ee dosiahnu\u0165. Zuzane \u010caputovej prajeme ve\u013ea s\u00edl [&hellip;]<\/p>\n","protected":false},"author":7,"featured_media":1251,"comment_status":"closed","ping_status":"closed","sticky":false,"template":"","format":"standard","meta":{"_acf_changed":false,"ngg_post_thumbnail":0,"footnotes":""},"categories":[4],"tags":[],"class_list":["post-1250","post","type-post","status-publish","format-standard","has-post-thumbnail","hentry","category-tlacove-spravy"],"acf":[],"yoast_head":"<!-- This site is optimized with the Yoast SEO plugin v27.2 - https:\/\/yoast.com\/product\/yoast-seo-wordpress\/ -->\n<title>Stanovisko strany Demokrati k vyhl\u00e1seniu prezidentky Z. \u010caputovej - Smedemokrati.sk<\/title>\n<meta name=\"robots\" content=\"index, follow, max-snippet:-1, max-image-preview:large, max-video-preview:-1\" \/>\n<link rel=\"canonical\" href=\"https:\/\/www.smedemokrati.sk\/sv\/stanovisko-strany-demokrati-k-vyhlaseniu-prezidentky-z-caputovej\/\" \/>\n<meta property=\"og:locale\" content=\"sv_SE\" \/>\n<meta property=\"og:locale:alternate\" content=\"en_US\" \/>\n<meta property=\"og:locale:alternate\" content=\"cs_CZ\" \/>\n<meta property=\"og:locale:alternate\" content=\"hu_HU\" \/>\n<meta property=\"og:locale:alternate\" content=\"sk_SK\" \/>\n<meta property=\"og:type\" content=\"article\" \/>\n<meta property=\"og:title\" content=\"Stanovisko strany Demokrati k vyhl\u00e1seniu prezidentky Z. \u010caputovej - Smedemokrati.sk\" \/>\n<meta property=\"og:description\" content=\"Slovensk\u00e1 politika je preplnen\u00e1 egami a krik\u013e\u00fanstvom. Prezidentka Zuzana \u010caputov\u00e1 prin\u00e1\u0161a do politiky pokoj a pomoc \u013eu\u010fom. Jej snaha sp\u00e1ja\u0165 bude vo verejnom \u017eivote ch\u00fdba\u0165. Rozhodnutie nekandidova\u0165 v\u0161ak plne re\u0161pektujeme. Nie je to prejav slabosti, ale naopak ve\u013ekej sily niekoho, pre koho moc nie je t\u00fdm najvy\u0161\u0161\u00edm, \u010do m\u00f4\u017ee dosiahnu\u0165. Zuzane \u010caputovej prajeme ve\u013ea s\u00edl [&hellip;]\" \/>\n<meta property=\"og:url\" content=\"https:\/\/www.smedemokrati.sk\/sv\/stanovisko-strany-demokrati-k-vyhlaseniu-prezidentky-z-caputovej\/\" \/>\n<meta property=\"og:site_name\" content=\"Smedemokrati.sk\" \/>\n<meta property=\"article:publisher\" content=\"https:\/\/www.facebook.com\/smedemokrati2023\" \/>\n<meta property=\"article:published_time\" content=\"2023-06-20T13:09:02+00:00\" \/>\n<meta property=\"article:modified_time\" content=\"2023-06-20T13:09:03+00:00\" \/>\n<meta property=\"og:image\" content=\"https:\/\/www.smedemokrati.sk\/wp-content\/uploads\/2023\/06\/unnamed.jpg\" \/>\n\t<meta property=\"og:image:width\" content=\"900\" \/>\n\t<meta property=\"og:image:height\" content=\"900\" \/>\n\t<meta property=\"og:image:type\" content=\"image\/jpeg\" \/>\n<meta name=\"author\" content=\"Tom\u00e1\u0161 Koppl\" \/>\n<meta name=\"twitter:card\" content=\"summary_large_image\" \/>\n<meta name=\"twitter:label1\" content=\"Skriven av\" \/>\n\t<meta name=\"twitter:data1\" content=\"Tom\u00e1\u0161 Koppl\" \/>\n\t<meta name=\"twitter:label2\" content=\"Ber\u00e4knad l\u00e4stid\" \/>\n\t<meta name=\"twitter:data2\" content=\"1 minut\" \/>\n<script type=\"application\/ld+json\" class=\"yoast-schema-graph\">{\"@context\":\"https:\/\/schema.org\",\"@graph\":[{\"@type\":\"Article\",\"@id\":\"https:\/\/www.smedemokrati.sk\/stanovisko-strany-demokrati-k-vyhlaseniu-prezidentky-z-caputovej\/#article\",\"isPartOf\":{\"@id\":\"https:\/\/www.smedemokrati.sk\/stanovisko-strany-demokrati-k-vyhlaseniu-prezidentky-z-caputovej\/\"},\"author\":{\"name\":\"Tom\u00e1\u0161 Koppl\",\"@id\":\"https:\/\/www.smedemokrati.sk\/#\/schema\/person\/c60720f4b9955b3c1ed222ebd1fbbc7c\"},\"headline\":\"Stanovisko strany Demokrati k vyhl\u00e1seniu prezidentky Z. \u010caputovej\",\"datePublished\":\"2023-06-20T13:09:02+00:00\",\"dateModified\":\"2023-06-20T13:09:03+00:00\",\"mainEntityOfPage\":{\"@id\":\"https:\/\/www.smedemokrati.sk\/stanovisko-strany-demokrati-k-vyhlaseniu-prezidentky-z-caputovej\/\"},\"wordCount\":147,\"publisher\":{\"@id\":\"https:\/\/www.smedemokrati.sk\/#organization\"},\"image\":{\"@id\":\"https:\/\/www.smedemokrati.sk\/stanovisko-strany-demokrati-k-vyhlaseniu-prezidentky-z-caputovej\/#primaryimage\"},\"thumbnailUrl\":\"https:\/\/www.smedemokrati.sk\/wp-content\/uploads\/2023\/06\/unnamed.jpg\",\"articleSection\":[\"Tla\u010dov\u00e9 spr\u00e1vy\"],\"inLanguage\":\"sv-SE\"},{\"@type\":\"WebPage\",\"@id\":\"https:\/\/www.smedemokrati.sk\/stanovisko-strany-demokrati-k-vyhlaseniu-prezidentky-z-caputovej\/\",\"url\":\"https:\/\/www.smedemokrati.sk\/stanovisko-strany-demokrati-k-vyhlaseniu-prezidentky-z-caputovej\/\",\"name\":\"Stanovisko strany Demokrati k vyhl\u00e1seniu prezidentky Z. \u010caputovej - Smedemokrati.sk\",\"isPartOf\":{\"@id\":\"https:\/\/www.smedemokrati.sk\/#website\"},\"primaryImageOfPage\":{\"@id\":\"https:\/\/www.smedemokrati.sk\/stanovisko-strany-demokrati-k-vyhlaseniu-prezidentky-z-caputovej\/#primaryimage\"},\"image\":{\"@id\":\"https:\/\/www.smedemokrati.sk\/stanovisko-strany-demokrati-k-vyhlaseniu-prezidentky-z-caputovej\/#primaryimage\"},\"thumbnailUrl\":\"https:\/\/www.smedemokrati.sk\/wp-content\/uploads\/2023\/06\/unnamed.jpg\",\"datePublished\":\"2023-06-20T13:09:02+00:00\",\"dateModified\":\"2023-06-20T13:09:03+00:00\",\"breadcrumb\":{\"@id\":\"https:\/\/www.smedemokrati.sk\/stanovisko-strany-demokrati-k-vyhlaseniu-prezidentky-z-caputovej\/#breadcrumb\"},\"inLanguage\":\"sv-SE\",\"potentialAction\":[{\"@type\":\"ReadAction\",\"target\":[\"https:\/\/www.smedemokrati.sk\/stanovisko-strany-demokrati-k-vyhlaseniu-prezidentky-z-caputovej\/\"]}]},{\"@type\":\"ImageObject\",\"inLanguage\":\"sv-SE\",\"@id\":\"https:\/\/www.smedemokrati.sk\/stanovisko-strany-demokrati-k-vyhlaseniu-prezidentky-z-caputovej\/#primaryimage\",\"url\":\"https:\/\/www.smedemokrati.sk\/wp-content\/uploads\/2023\/06\/unnamed.jpg\",\"contentUrl\":\"https:\/\/www.smedemokrati.sk\/wp-content\/uploads\/2023\/06\/unnamed.jpg\",\"width\":900,\"height\":900},{\"@type\":\"BreadcrumbList\",\"@id\":\"https:\/\/www.smedemokrati.sk\/stanovisko-strany-demokrati-k-vyhlaseniu-prezidentky-z-caputovej\/#breadcrumb\",\"itemListElement\":[{\"@type\":\"ListItem\",\"position\":1,\"name\":\"Domovsk\u00e1 str\u00e1nka\",\"item\":\"https:\/\/www.smedemokrati.sk\/\"},{\"@type\":\"ListItem\",\"position\":2,\"name\":\"Stanovisko strany Demokrati k vyhl\u00e1seniu prezidentky Z. \u010caputovej\"}]},{\"@type\":\"WebSite\",\"@id\":\"https:\/\/www.smedemokrati.sk\/#website\",\"url\":\"https:\/\/www.smedemokrati.sk\/\",\"name\":\"Smedemokrati.sk\",\"description\":\"Demokracia a slu\u0161nos\u0165 zv\u00ed\u0165az\u00ed\",\"publisher\":{\"@id\":\"https:\/\/www.smedemokrati.sk\/#organization\"},\"potentialAction\":[{\"@type\":\"SearchAction\",\"target\":{\"@type\":\"EntryPoint\",\"urlTemplate\":\"https:\/\/www.smedemokrati.sk\/?s={search_term_string}\"},\"query-input\":{\"@type\":\"PropertyValueSpecification\",\"valueRequired\":true,\"valueName\":\"search_term_string\"}}],\"inLanguage\":\"sv-SE\"},{\"@type\":\"Organization\",\"@id\":\"https:\/\/www.smedemokrati.sk\/#organization\",\"name\":\"Smedemokrati.sk\",\"url\":\"https:\/\/www.smedemokrati.sk\/\",\"logo\":{\"@type\":\"ImageObject\",\"inLanguage\":\"sv-SE\",\"@id\":\"https:\/\/www.smedemokrati.sk\/#\/schema\/logo\/image\/\",\"url\":\"https:\/\/www.smedemokrati.sk\/wp-content\/uploads\/2023\/04\/ff.002.jpeg\",\"contentUrl\":\"https:\/\/www.smedemokrati.sk\/wp-content\/uploads\/2023\/04\/ff.002.jpeg\",\"width\":640,\"height\":480,\"caption\":\"Smedemokrati.sk\"},\"image\":{\"@id\":\"https:\/\/www.smedemokrati.sk\/#\/schema\/logo\/image\/\"},\"sameAs\":[\"https:\/\/www.facebook.com\/smedemokrati2023\"]},{\"@type\":\"Person\",\"@id\":\"https:\/\/www.smedemokrati.sk\/#\/schema\/person\/c60720f4b9955b3c1ed222ebd1fbbc7c\",\"name\":\"Tom\u00e1\u0161 Koppl\",\"image\":{\"@type\":\"ImageObject\",\"inLanguage\":\"sv-SE\",\"@id\":\"https:\/\/secure.gravatar.com\/avatar\/8dfa38373c5e39821baf74c8e867a6f12e12c6dab6559aa999d10703b0b1c4ce?s=96&d=mm&r=g\",\"url\":\"https:\/\/secure.gravatar.com\/avatar\/8dfa38373c5e39821baf74c8e867a6f12e12c6dab6559aa999d10703b0b1c4ce?s=96&d=mm&r=g\",\"contentUrl\":\"https:\/\/secure.gravatar.com\/avatar\/8dfa38373c5e39821baf74c8e867a6f12e12c6dab6559aa999d10703b0b1c4ce?s=96&d=mm&r=g\",\"caption\":\"Tom\u00e1\u0161 Koppl\"},\"url\":\"https:\/\/www.smedemokrati.sk\/sv\/author\/tomaskoppl\/\"}]}<\/script>\n<!-- \/ Yoast SEO plugin. -->","yoast_head_json":{"title":"Stanovisko strany Demokrati k vyhl\u00e1seniu prezidentky Z. \u010caputovej - Smedemokrati.sk","robots":{"index":"index","follow":"follow","max-snippet":"max-snippet:-1","max-image-preview":"max-image-preview:large","max-video-preview":"max-video-preview:-1"},"canonical":"https:\/\/www.smedemokrati.sk\/sv\/stanovisko-strany-demokrati-k-vyhlaseniu-prezidentky-z-caputovej\/","og_locale":"sv_SE","og_type":"article","og_title":"Stanovisko strany Demokrati k vyhl\u00e1seniu prezidentky Z. \u010caputovej - Smedemokrati.sk","og_description":"Slovensk\u00e1 politika je preplnen\u00e1 egami a krik\u013e\u00fanstvom. Prezidentka Zuzana \u010caputov\u00e1 prin\u00e1\u0161a do politiky pokoj a pomoc \u013eu\u010fom. Jej snaha sp\u00e1ja\u0165 bude vo verejnom \u017eivote ch\u00fdba\u0165. Rozhodnutie nekandidova\u0165 v\u0161ak plne re\u0161pektujeme. Nie je to prejav slabosti, ale naopak ve\u013ekej sily niekoho, pre koho moc nie je t\u00fdm najvy\u0161\u0161\u00edm, \u010do m\u00f4\u017ee dosiahnu\u0165. Zuzane \u010caputovej prajeme ve\u013ea s\u00edl [&hellip;]","og_url":"https:\/\/www.smedemokrati.sk\/sv\/stanovisko-strany-demokrati-k-vyhlaseniu-prezidentky-z-caputovej\/","og_site_name":"Smedemokrati.sk","article_publisher":"https:\/\/www.facebook.com\/smedemokrati2023","article_published_time":"2023-06-20T13:09:02+00:00","article_modified_time":"2023-06-20T13:09:03+00:00","og_image":[{"width":900,"height":900,"url":"https:\/\/www.smedemokrati.sk\/wp-content\/uploads\/2023\/06\/unnamed.jpg","type":"image\/jpeg"}],"author":"Tom\u00e1\u0161 Koppl","twitter_card":"summary_large_image","twitter_misc":{"Skriven av":"Tom\u00e1\u0161 Koppl","Ber\u00e4knad l\u00e4stid":"1 minut"},"schema":{"@context":"https:\/\/schema.org","@graph":[{"@type":"Article","@id":"https:\/\/www.smedemokrati.sk\/stanovisko-strany-demokrati-k-vyhlaseniu-prezidentky-z-caputovej\/#article","isPartOf":{"@id":"https:\/\/www.smedemokrati.sk\/stanovisko-strany-demokrati-k-vyhlaseniu-prezidentky-z-caputovej\/"},"author":{"name":"Tom\u00e1\u0161 Koppl","@id":"https:\/\/www.smedemokrati.sk\/#\/schema\/person\/c60720f4b9955b3c1ed222ebd1fbbc7c"},"headline":"Stanovisko strany Demokrati k vyhl\u00e1seniu prezidentky Z. \u010caputovej","datePublished":"2023-06-20T13:09:02+00:00","dateModified":"2023-06-20T13:09:03+00:00","mainEntityOfPage":{"@id":"https:\/\/www.smedemokrati.sk\/stanovisko-strany-demokrati-k-vyhlaseniu-prezidentky-z-caputovej\/"},"wordCount":147,"publisher":{"@id":"https:\/\/www.smedemokrati.sk\/#organization"},"image":{"@id":"https:\/\/www.smedemokrati.sk\/stanovisko-strany-demokrati-k-vyhlaseniu-prezidentky-z-caputovej\/#primaryimage"},"thumbnailUrl":"https:\/\/www.smedemokrati.sk\/wp-content\/uploads\/2023\/06\/unnamed.jpg","articleSection":["Tla\u010dov\u00e9 spr\u00e1vy"],"inLanguage":"sv-SE"},{"@type":"WebPage","@id":"https:\/\/www.smedemokrati.sk\/stanovisko-strany-demokrati-k-vyhlaseniu-prezidentky-z-caputovej\/","url":"https:\/\/www.smedemokrati.sk\/stanovisko-strany-demokrati-k-vyhlaseniu-prezidentky-z-caputovej\/","name":"Stanovisko strany Demokrati k vyhl\u00e1seniu prezidentky Z. \u010caputovej - Smedemokrati.sk","isPartOf":{"@id":"https:\/\/www.smedemokrati.sk\/#website"},"primaryImageOfPage":{"@id":"https:\/\/www.smedemokrati.sk\/stanovisko-strany-demokrati-k-vyhlaseniu-prezidentky-z-caputovej\/#primaryimage"},"image":{"@id":"https:\/\/www.smedemokrati.sk\/stanovisko-strany-demokrati-k-vyhlaseniu-prezidentky-z-caputovej\/#primaryimage"},"thumbnailUrl":"https:\/\/www.smedemokrati.sk\/wp-content\/uploads\/2023\/06\/unnamed.jpg","datePublished":"2023-06-20T13:09:02+00:00","dateModified":"2023-06-20T13:09:03+00:00","breadcrumb":{"@id":"https:\/\/www.smedemokrati.sk\/stanovisko-strany-demokrati-k-vyhlaseniu-prezidentky-z-caputovej\/#breadcrumb"},"inLanguage":"sv-SE","potentialAction":[{"@type":"ReadAction","target":["https:\/\/www.smedemokrati.sk\/stanovisko-strany-demokrati-k-vyhlaseniu-prezidentky-z-caputovej\/"]}]},{"@type":"ImageObject","inLanguage":"sv-SE","@id":"https:\/\/www.smedemokrati.sk\/stanovisko-strany-demokrati-k-vyhlaseniu-prezidentky-z-caputovej\/#primaryimage","url":"https:\/\/www.smedemokrati.sk\/wp-content\/uploads\/2023\/06\/unnamed.jpg","contentUrl":"https:\/\/www.smedemokrati.sk\/wp-content\/uploads\/2023\/06\/unnamed.jpg","width":900,"height":900},{"@type":"BreadcrumbList","@id":"https:\/\/www.smedemokrati.sk\/stanovisko-strany-demokrati-k-vyhlaseniu-prezidentky-z-caputovej\/#breadcrumb","itemListElement":[{"@type":"ListItem","position":1,"name":"Domovsk\u00e1 str\u00e1nka","item":"https:\/\/www.smedemokrati.sk\/"},{"@type":"ListItem","position":2,"name":"Stanovisko strany Demokrati k vyhl\u00e1seniu prezidentky Z. \u010caputovej"}]},{"@type":"WebSite","@id":"https:\/\/www.smedemokrati.sk\/#website","url":"https:\/\/www.smedemokrati.sk\/","name":"Smedemokrati.sk","description":"Demokracia a slu\u0161nos\u0165 zv\u00ed\u0165az\u00ed","publisher":{"@id":"https:\/\/www.smedemokrati.sk\/#organization"},"potentialAction":[{"@type":"SearchAction","target":{"@type":"EntryPoint","urlTemplate":"https:\/\/www.smedemokrati.sk\/?s={search_term_string}"},"query-input":{"@type":"PropertyValueSpecification","valueRequired":true,"valueName":"search_term_string"}}],"inLanguage":"sv-SE"},{"@type":"Organization","@id":"https:\/\/www.smedemokrati.sk\/#organization","name":"Smedemokrati.sk","url":"https:\/\/www.smedemokrati.sk\/","logo":{"@type":"ImageObject","inLanguage":"sv-SE","@id":"https:\/\/www.smedemokrati.sk\/#\/schema\/logo\/image\/","url":"https:\/\/www.smedemokrati.sk\/wp-content\/uploads\/2023\/04\/ff.002.jpeg","contentUrl":"https:\/\/www.smedemokrati.sk\/wp-content\/uploads\/2023\/04\/ff.002.jpeg","width":640,"height":480,"caption":"Smedemokrati.sk"},"image":{"@id":"https:\/\/www.smedemokrati.sk\/#\/schema\/logo\/image\/"},"sameAs":["https:\/\/www.facebook.com\/smedemokrati2023"]},{"@type":"Person","@id":"https:\/\/www.smedemokrati.sk\/#\/schema\/person\/c60720f4b9955b3c1ed222ebd1fbbc7c","name":"Tom\u00e1\u0161 Koppl","image":{"@type":"ImageObject","inLanguage":"sv-SE","@id":"https:\/\/secure.gravatar.com\/avatar\/8dfa38373c5e39821baf74c8e867a6f12e12c6dab6559aa999d10703b0b1c4ce?s=96&d=mm&r=g","url":"https:\/\/secure.gravatar.com\/avatar\/8dfa38373c5e39821baf74c8e867a6f12e12c6dab6559aa999d10703b0b1c4ce?s=96&d=mm&r=g","contentUrl":"https:\/\/secure.gravatar.com\/avatar\/8dfa38373c5e39821baf74c8e867a6f12e12c6dab6559aa999d10703b0b1c4ce?s=96&d=mm&r=g","caption":"Tom\u00e1\u0161 Koppl"},"url":"https:\/\/www.smedemokrati.sk\/sv\/author\/tomaskoppl\/"}]}},"_links":{"self":[{"href":"https:\/\/www.smedemokrati.sk\/sv\/wp-json\/wp\/v2\/posts\/1250","targetHints":{"allow":["GET"]}}],"collection":[{"href":"https:\/\/www.smedemokrati.sk\/sv\/wp-json\/wp\/v2\/posts"}],"about":[{"href":"https:\/\/www.smedemokrati.sk\/sv\/wp-json\/wp\/v2\/types\/post"}],"author":[{"embeddable":true,"href":"https:\/\/www.smedemokrati.sk\/sv\/wp-json\/wp\/v2\/users\/7"}],"replies":[{"embeddable":true,"href":"https:\/\/www.smedemokrati.sk\/sv\/wp-json\/wp\/v2\/comments?post=1250"}],"version-history":[{"count":1,"href":"https:\/\/www.smedemokrati.sk\/sv\/wp-json\/wp\/v2\/posts\/1250\/revisions"}],"predecessor-version":[{"id":1252,"href":"https:\/\/www.smedemokrati.sk\/sv\/wp-json\/wp\/v2\/posts\/1250\/revisions\/1252"}],"wp:featuredmedia":[{"embeddable":true,"href":"https:\/\/www.smedemokrati.sk\/sv\/wp-json\/wp\/v2\/media\/1251"}],"wp:attachment":[{"href":"https:\/\/www.smedemokrati.sk\/sv\/wp-json\/wp\/v2\/media?parent=1250"}],"wp:term":[{"taxonomy":"category","embeddable":true,"href":"https:\/\/www.smedemokrati.sk\/sv\/wp-json\/wp\/v2\/categories?post=1250"},{"taxonomy":"post_tag","embeddable":true,"href":"https:\/\/www.smedemokrati.sk\/sv\/wp-json\/wp\/v2\/tags?post=1250"}],"curies":[{"name":"wp","href":"https:\/\/api.w.org\/{rel}","templated":true}]}}