{"id":1244,"date":"2023-06-19T22:33:10","date_gmt":"2023-06-19T20:33:10","guid":{"rendered":"https:\/\/www.smedemokrati.sk\/?p=1244"},"modified":"2023-06-19T22:33:11","modified_gmt":"2023-06-19T20:33:11","slug":"snaha-zastrasit-sudcov-pokracuje","status":"publish","type":"post","link":"https:\/\/www.smedemokrati.sk\/sv\/snaha-zastrasit-sudcov-pokracuje\/","title":{"rendered":"Snaha zastra\u0161i\u0165 sudcov pokra\u010duje"},"content":{"rendered":"<div id=\"fb-root\"><\/div>\n\n<p>Robert Fico dnes op\u00e4\u0165 zastra\u0161uje sudcov a sna\u017e\u00ed sa im diktova\u0165, \u010do maj\u00fa robi\u0165.<\/p>\n\n\n\n<p><strong>Snaha diktova\u0165 sudcom kedy a \u010do maj\u00fa pojedn\u00e1va\u0165, je snahou zasahova\u0165 do s\u00fadnej moci. Sudcovi m\u00e1 by\u0165 jedno, kedy s\u00fa vo\u013eby a rovnako im m\u00e1 by\u0165 jedno, \u010di je to Ka\u017eim\u00edr, Brhel alebo Jo\u017eko Mrkvi\u010dka. Ficovi to jedno nie je, preto\u017ee chce, aby jeho kamar\u00e1ti boli beztrestn\u00ed<\/strong>. Klasika, u\u017e to nie je n\u00e1\u0161 \u010dlovek, ale u\u017e s\u00fa to na\u0161i \u013eudia. &nbsp;<\/p>\n\n\n\n<p><strong>Bu\u010fme, pros\u00edm, pozorn\u00ed, preto\u017ee to, \u010do dnes Fico rozpr\u00e1va, bude v pr\u00edpade, \u017ee by sa vr\u00e1til k moci, aj robi\u0165.<\/strong>&nbsp;Nesmieme to dovoli\u0165! \u0160pecializovan\u00fd trestn\u00fd s\u00fad je v ohrozen\u00ed, \u00darad \u0161peci\u00e1lnej prokurat\u00fary je ohrozen\u00fd. Fico, Smer a Pellegrini s Hlasom ich chc\u00fa zru\u0161i\u0165. Tieto Ficove vyhl\u00e1senia s\u00fa toho d\u00f4kazom.&nbsp;<\/p>\n\n\n\n<p><strong>Nez\u00e1visl\u00e1 s\u00fadna moc je dnes ohrozen\u00e1, nesmieme sa v\u0161ak vzda\u0165, z\u00e1pas pokra\u010duje! Ver\u00edm, \u017ee demokrati v septembri vyhraj\u00fa a Slovensko zostane pr\u00e1vnym \u0161t\u00e1tom.<\/strong><\/p>\n","protected":false},"excerpt":{"rendered":"<p>Robert Fico dnes op\u00e4\u0165 zastra\u0161uje sudcov a sna\u017e\u00ed sa im diktova\u0165, \u010do maj\u00fa robi\u0165. Snaha diktova\u0165 sudcom kedy a \u010do maj\u00fa pojedn\u00e1va\u0165, je snahou zasahova\u0165 do s\u00fadnej moci. Sudcovi m\u00e1 by\u0165 jedno, kedy s\u00fa vo\u013eby a rovnako im m\u00e1 by\u0165 jedno, \u010di je to Ka\u017eim\u00edr, Brhel alebo Jo\u017eko Mrkvi\u010dka. Ficovi to jedno nie je, preto\u017ee [&hellip;]<\/p>\n","protected":false},"author":7,"featured_media":930,"comment_status":"closed","ping_status":"closed","sticky":false,"template":"","format":"standard","meta":{"_acf_changed":false,"ngg_post_thumbnail":0,"footnotes":""},"categories":[4],"tags":[],"class_list":["post-1244","post","type-post","status-publish","format-standard","has-post-thumbnail","hentry","category-tlacove-spravy"],"acf":[],"yoast_head":"<!-- This site is optimized with the Yoast SEO plugin v27.2 - https:\/\/yoast.com\/product\/yoast-seo-wordpress\/ -->\n<title>Snaha zastra\u0161i\u0165 sudcov pokra\u010duje - Smedemokrati.sk<\/title>\n<meta name=\"robots\" content=\"index, follow, max-snippet:-1, max-image-preview:large, max-video-preview:-1\" \/>\n<link rel=\"canonical\" href=\"https:\/\/www.smedemokrati.sk\/sv\/snaha-zastrasit-sudcov-pokracuje\/\" \/>\n<meta property=\"og:locale\" content=\"sv_SE\" \/>\n<meta property=\"og:locale:alternate\" content=\"en_US\" \/>\n<meta property=\"og:locale:alternate\" content=\"cs_CZ\" \/>\n<meta property=\"og:locale:alternate\" content=\"hu_HU\" \/>\n<meta property=\"og:locale:alternate\" content=\"sk_SK\" \/>\n<meta property=\"og:type\" content=\"article\" \/>\n<meta property=\"og:title\" content=\"Snaha zastra\u0161i\u0165 sudcov pokra\u010duje - Smedemokrati.sk\" \/>\n<meta property=\"og:description\" content=\"Robert Fico dnes op\u00e4\u0165 zastra\u0161uje sudcov a sna\u017e\u00ed sa im diktova\u0165, \u010do maj\u00fa robi\u0165. Snaha diktova\u0165 sudcom kedy a \u010do maj\u00fa pojedn\u00e1va\u0165, je snahou zasahova\u0165 do s\u00fadnej moci. Sudcovi m\u00e1 by\u0165 jedno, kedy s\u00fa vo\u013eby a rovnako im m\u00e1 by\u0165 jedno, \u010di je to Ka\u017eim\u00edr, Brhel alebo Jo\u017eko Mrkvi\u010dka. Ficovi to jedno nie je, preto\u017ee [&hellip;]\" \/>\n<meta property=\"og:url\" content=\"https:\/\/www.smedemokrati.sk\/sv\/snaha-zastrasit-sudcov-pokracuje\/\" \/>\n<meta property=\"og:site_name\" content=\"Smedemokrati.sk\" \/>\n<meta property=\"article:publisher\" content=\"https:\/\/www.facebook.com\/smedemokrati2023\" \/>\n<meta property=\"article:published_time\" content=\"2023-06-19T20:33:10+00:00\" \/>\n<meta property=\"article:modified_time\" content=\"2023-06-19T20:33:11+00:00\" \/>\n<meta property=\"og:image\" content=\"https:\/\/www.smedemokrati.sk\/wp-content\/uploads\/2023\/04\/Images_web_portety_JS.jpg\" \/>\n\t<meta property=\"og:image:width\" content=\"1520\" \/>\n\t<meta property=\"og:image:height\" content=\"1080\" \/>\n\t<meta property=\"og:image:type\" content=\"image\/jpeg\" \/>\n<meta name=\"author\" content=\"Tom\u00e1\u0161 Koppl\" \/>\n<meta name=\"twitter:card\" content=\"summary_large_image\" \/>\n<meta name=\"twitter:label1\" content=\"Skriven av\" \/>\n\t<meta name=\"twitter:data1\" content=\"Tom\u00e1\u0161 Koppl\" \/>\n\t<meta name=\"twitter:label2\" content=\"Ber\u00e4knad l\u00e4stid\" \/>\n\t<meta name=\"twitter:data2\" content=\"1 minut\" \/>\n<script type=\"application\/ld+json\" class=\"yoast-schema-graph\">{\"@context\":\"https:\/\/schema.org\",\"@graph\":[{\"@type\":\"Article\",\"@id\":\"https:\/\/www.smedemokrati.sk\/snaha-zastrasit-sudcov-pokracuje\/#article\",\"isPartOf\":{\"@id\":\"https:\/\/www.smedemokrati.sk\/snaha-zastrasit-sudcov-pokracuje\/\"},\"author\":{\"name\":\"Tom\u00e1\u0161 Koppl\",\"@id\":\"https:\/\/www.smedemokrati.sk\/#\/schema\/person\/c60720f4b9955b3c1ed222ebd1fbbc7c\"},\"headline\":\"Snaha zastra\u0161i\u0165 sudcov pokra\u010duje\",\"datePublished\":\"2023-06-19T20:33:10+00:00\",\"dateModified\":\"2023-06-19T20:33:11+00:00\",\"mainEntityOfPage\":{\"@id\":\"https:\/\/www.smedemokrati.sk\/snaha-zastrasit-sudcov-pokracuje\/\"},\"wordCount\":186,\"publisher\":{\"@id\":\"https:\/\/www.smedemokrati.sk\/#organization\"},\"image\":{\"@id\":\"https:\/\/www.smedemokrati.sk\/snaha-zastrasit-sudcov-pokracuje\/#primaryimage\"},\"thumbnailUrl\":\"https:\/\/www.smedemokrati.sk\/wp-content\/uploads\/2023\/04\/Images_web_portety_JS.jpg\",\"articleSection\":[\"Tla\u010dov\u00e9 spr\u00e1vy\"],\"inLanguage\":\"sv-SE\"},{\"@type\":\"WebPage\",\"@id\":\"https:\/\/www.smedemokrati.sk\/snaha-zastrasit-sudcov-pokracuje\/\",\"url\":\"https:\/\/www.smedemokrati.sk\/snaha-zastrasit-sudcov-pokracuje\/\",\"name\":\"Snaha zastra\u0161i\u0165 sudcov pokra\u010duje - Smedemokrati.sk\",\"isPartOf\":{\"@id\":\"https:\/\/www.smedemokrati.sk\/#website\"},\"primaryImageOfPage\":{\"@id\":\"https:\/\/www.smedemokrati.sk\/snaha-zastrasit-sudcov-pokracuje\/#primaryimage\"},\"image\":{\"@id\":\"https:\/\/www.smedemokrati.sk\/snaha-zastrasit-sudcov-pokracuje\/#primaryimage\"},\"thumbnailUrl\":\"https:\/\/www.smedemokrati.sk\/wp-content\/uploads\/2023\/04\/Images_web_portety_JS.jpg\",\"datePublished\":\"2023-06-19T20:33:10+00:00\",\"dateModified\":\"2023-06-19T20:33:11+00:00\",\"breadcrumb\":{\"@id\":\"https:\/\/www.smedemokrati.sk\/snaha-zastrasit-sudcov-pokracuje\/#breadcrumb\"},\"inLanguage\":\"sv-SE\",\"potentialAction\":[{\"@type\":\"ReadAction\",\"target\":[\"https:\/\/www.smedemokrati.sk\/snaha-zastrasit-sudcov-pokracuje\/\"]}]},{\"@type\":\"ImageObject\",\"inLanguage\":\"sv-SE\",\"@id\":\"https:\/\/www.smedemokrati.sk\/snaha-zastrasit-sudcov-pokracuje\/#primaryimage\",\"url\":\"https:\/\/www.smedemokrati.sk\/wp-content\/uploads\/2023\/04\/Images_web_portety_JS.jpg\",\"contentUrl\":\"https:\/\/www.smedemokrati.sk\/wp-content\/uploads\/2023\/04\/Images_web_portety_JS.jpg\",\"width\":1520,\"height\":1080},{\"@type\":\"BreadcrumbList\",\"@id\":\"https:\/\/www.smedemokrati.sk\/snaha-zastrasit-sudcov-pokracuje\/#breadcrumb\",\"itemListElement\":[{\"@type\":\"ListItem\",\"position\":1,\"name\":\"Domovsk\u00e1 str\u00e1nka\",\"item\":\"https:\/\/www.smedemokrati.sk\/\"},{\"@type\":\"ListItem\",\"position\":2,\"name\":\"Snaha zastra\u0161i\u0165 sudcov pokra\u010duje\"}]},{\"@type\":\"WebSite\",\"@id\":\"https:\/\/www.smedemokrati.sk\/#website\",\"url\":\"https:\/\/www.smedemokrati.sk\/\",\"name\":\"Smedemokrati.sk\",\"description\":\"Demokracia a slu\u0161nos\u0165 zv\u00ed\u0165az\u00ed\",\"publisher\":{\"@id\":\"https:\/\/www.smedemokrati.sk\/#organization\"},\"potentialAction\":[{\"@type\":\"SearchAction\",\"target\":{\"@type\":\"EntryPoint\",\"urlTemplate\":\"https:\/\/www.smedemokrati.sk\/?s={search_term_string}\"},\"query-input\":{\"@type\":\"PropertyValueSpecification\",\"valueRequired\":true,\"valueName\":\"search_term_string\"}}],\"inLanguage\":\"sv-SE\"},{\"@type\":\"Organization\",\"@id\":\"https:\/\/www.smedemokrati.sk\/#organization\",\"name\":\"Smedemokrati.sk\",\"url\":\"https:\/\/www.smedemokrati.sk\/\",\"logo\":{\"@type\":\"ImageObject\",\"inLanguage\":\"sv-SE\",\"@id\":\"https:\/\/www.smedemokrati.sk\/#\/schema\/logo\/image\/\",\"url\":\"https:\/\/www.smedemokrati.sk\/wp-content\/uploads\/2023\/04\/ff.002.jpeg\",\"contentUrl\":\"https:\/\/www.smedemokrati.sk\/wp-content\/uploads\/2023\/04\/ff.002.jpeg\",\"width\":640,\"height\":480,\"caption\":\"Smedemokrati.sk\"},\"image\":{\"@id\":\"https:\/\/www.smedemokrati.sk\/#\/schema\/logo\/image\/\"},\"sameAs\":[\"https:\/\/www.facebook.com\/smedemokrati2023\"]},{\"@type\":\"Person\",\"@id\":\"https:\/\/www.smedemokrati.sk\/#\/schema\/person\/c60720f4b9955b3c1ed222ebd1fbbc7c\",\"name\":\"Tom\u00e1\u0161 Koppl\",\"image\":{\"@type\":\"ImageObject\",\"inLanguage\":\"sv-SE\",\"@id\":\"https:\/\/secure.gravatar.com\/avatar\/8dfa38373c5e39821baf74c8e867a6f12e12c6dab6559aa999d10703b0b1c4ce?s=96&d=mm&r=g\",\"url\":\"https:\/\/secure.gravatar.com\/avatar\/8dfa38373c5e39821baf74c8e867a6f12e12c6dab6559aa999d10703b0b1c4ce?s=96&d=mm&r=g\",\"contentUrl\":\"https:\/\/secure.gravatar.com\/avatar\/8dfa38373c5e39821baf74c8e867a6f12e12c6dab6559aa999d10703b0b1c4ce?s=96&d=mm&r=g\",\"caption\":\"Tom\u00e1\u0161 Koppl\"},\"url\":\"https:\/\/www.smedemokrati.sk\/sv\/author\/tomaskoppl\/\"}]}<\/script>\n<!-- \/ Yoast SEO plugin. -->","yoast_head_json":{"title":"Snaha zastra\u0161i\u0165 sudcov pokra\u010duje - Smedemokrati.sk","robots":{"index":"index","follow":"follow","max-snippet":"max-snippet:-1","max-image-preview":"max-image-preview:large","max-video-preview":"max-video-preview:-1"},"canonical":"https:\/\/www.smedemokrati.sk\/sv\/snaha-zastrasit-sudcov-pokracuje\/","og_locale":"sv_SE","og_type":"article","og_title":"Snaha zastra\u0161i\u0165 sudcov pokra\u010duje - Smedemokrati.sk","og_description":"Robert Fico dnes op\u00e4\u0165 zastra\u0161uje sudcov a sna\u017e\u00ed sa im diktova\u0165, \u010do maj\u00fa robi\u0165. Snaha diktova\u0165 sudcom kedy a \u010do maj\u00fa pojedn\u00e1va\u0165, je snahou zasahova\u0165 do s\u00fadnej moci. Sudcovi m\u00e1 by\u0165 jedno, kedy s\u00fa vo\u013eby a rovnako im m\u00e1 by\u0165 jedno, \u010di je to Ka\u017eim\u00edr, Brhel alebo Jo\u017eko Mrkvi\u010dka. Ficovi to jedno nie je, preto\u017ee [&hellip;]","og_url":"https:\/\/www.smedemokrati.sk\/sv\/snaha-zastrasit-sudcov-pokracuje\/","og_site_name":"Smedemokrati.sk","article_publisher":"https:\/\/www.facebook.com\/smedemokrati2023","article_published_time":"2023-06-19T20:33:10+00:00","article_modified_time":"2023-06-19T20:33:11+00:00","og_image":[{"width":1520,"height":1080,"url":"https:\/\/www.smedemokrati.sk\/wp-content\/uploads\/2023\/04\/Images_web_portety_JS.jpg","type":"image\/jpeg"}],"author":"Tom\u00e1\u0161 Koppl","twitter_card":"summary_large_image","twitter_misc":{"Skriven av":"Tom\u00e1\u0161 Koppl","Ber\u00e4knad l\u00e4stid":"1 minut"},"schema":{"@context":"https:\/\/schema.org","@graph":[{"@type":"Article","@id":"https:\/\/www.smedemokrati.sk\/snaha-zastrasit-sudcov-pokracuje\/#article","isPartOf":{"@id":"https:\/\/www.smedemokrati.sk\/snaha-zastrasit-sudcov-pokracuje\/"},"author":{"name":"Tom\u00e1\u0161 Koppl","@id":"https:\/\/www.smedemokrati.sk\/#\/schema\/person\/c60720f4b9955b3c1ed222ebd1fbbc7c"},"headline":"Snaha zastra\u0161i\u0165 sudcov pokra\u010duje","datePublished":"2023-06-19T20:33:10+00:00","dateModified":"2023-06-19T20:33:11+00:00","mainEntityOfPage":{"@id":"https:\/\/www.smedemokrati.sk\/snaha-zastrasit-sudcov-pokracuje\/"},"wordCount":186,"publisher":{"@id":"https:\/\/www.smedemokrati.sk\/#organization"},"image":{"@id":"https:\/\/www.smedemokrati.sk\/snaha-zastrasit-sudcov-pokracuje\/#primaryimage"},"thumbnailUrl":"https:\/\/www.smedemokrati.sk\/wp-content\/uploads\/2023\/04\/Images_web_portety_JS.jpg","articleSection":["Tla\u010dov\u00e9 spr\u00e1vy"],"inLanguage":"sv-SE"},{"@type":"WebPage","@id":"https:\/\/www.smedemokrati.sk\/snaha-zastrasit-sudcov-pokracuje\/","url":"https:\/\/www.smedemokrati.sk\/snaha-zastrasit-sudcov-pokracuje\/","name":"Snaha zastra\u0161i\u0165 sudcov pokra\u010duje - Smedemokrati.sk","isPartOf":{"@id":"https:\/\/www.smedemokrati.sk\/#website"},"primaryImageOfPage":{"@id":"https:\/\/www.smedemokrati.sk\/snaha-zastrasit-sudcov-pokracuje\/#primaryimage"},"image":{"@id":"https:\/\/www.smedemokrati.sk\/snaha-zastrasit-sudcov-pokracuje\/#primaryimage"},"thumbnailUrl":"https:\/\/www.smedemokrati.sk\/wp-content\/uploads\/2023\/04\/Images_web_portety_JS.jpg","datePublished":"2023-06-19T20:33:10+00:00","dateModified":"2023-06-19T20:33:11+00:00","breadcrumb":{"@id":"https:\/\/www.smedemokrati.sk\/snaha-zastrasit-sudcov-pokracuje\/#breadcrumb"},"inLanguage":"sv-SE","potentialAction":[{"@type":"ReadAction","target":["https:\/\/www.smedemokrati.sk\/snaha-zastrasit-sudcov-pokracuje\/"]}]},{"@type":"ImageObject","inLanguage":"sv-SE","@id":"https:\/\/www.smedemokrati.sk\/snaha-zastrasit-sudcov-pokracuje\/#primaryimage","url":"https:\/\/www.smedemokrati.sk\/wp-content\/uploads\/2023\/04\/Images_web_portety_JS.jpg","contentUrl":"https:\/\/www.smedemokrati.sk\/wp-content\/uploads\/2023\/04\/Images_web_portety_JS.jpg","width":1520,"height":1080},{"@type":"BreadcrumbList","@id":"https:\/\/www.smedemokrati.sk\/snaha-zastrasit-sudcov-pokracuje\/#breadcrumb","itemListElement":[{"@type":"ListItem","position":1,"name":"Domovsk\u00e1 str\u00e1nka","item":"https:\/\/www.smedemokrati.sk\/"},{"@type":"ListItem","position":2,"name":"Snaha zastra\u0161i\u0165 sudcov pokra\u010duje"}]},{"@type":"WebSite","@id":"https:\/\/www.smedemokrati.sk\/#website","url":"https:\/\/www.smedemokrati.sk\/","name":"Smedemokrati.sk","description":"Demokracia a slu\u0161nos\u0165 zv\u00ed\u0165az\u00ed","publisher":{"@id":"https:\/\/www.smedemokrati.sk\/#organization"},"potentialAction":[{"@type":"SearchAction","target":{"@type":"EntryPoint","urlTemplate":"https:\/\/www.smedemokrati.sk\/?s={search_term_string}"},"query-input":{"@type":"PropertyValueSpecification","valueRequired":true,"valueName":"search_term_string"}}],"inLanguage":"sv-SE"},{"@type":"Organization","@id":"https:\/\/www.smedemokrati.sk\/#organization","name":"Smedemokrati.sk","url":"https:\/\/www.smedemokrati.sk\/","logo":{"@type":"ImageObject","inLanguage":"sv-SE","@id":"https:\/\/www.smedemokrati.sk\/#\/schema\/logo\/image\/","url":"https:\/\/www.smedemokrati.sk\/wp-content\/uploads\/2023\/04\/ff.002.jpeg","contentUrl":"https:\/\/www.smedemokrati.sk\/wp-content\/uploads\/2023\/04\/ff.002.jpeg","width":640,"height":480,"caption":"Smedemokrati.sk"},"image":{"@id":"https:\/\/www.smedemokrati.sk\/#\/schema\/logo\/image\/"},"sameAs":["https:\/\/www.facebook.com\/smedemokrati2023"]},{"@type":"Person","@id":"https:\/\/www.smedemokrati.sk\/#\/schema\/person\/c60720f4b9955b3c1ed222ebd1fbbc7c","name":"Tom\u00e1\u0161 Koppl","image":{"@type":"ImageObject","inLanguage":"sv-SE","@id":"https:\/\/secure.gravatar.com\/avatar\/8dfa38373c5e39821baf74c8e867a6f12e12c6dab6559aa999d10703b0b1c4ce?s=96&d=mm&r=g","url":"https:\/\/secure.gravatar.com\/avatar\/8dfa38373c5e39821baf74c8e867a6f12e12c6dab6559aa999d10703b0b1c4ce?s=96&d=mm&r=g","contentUrl":"https:\/\/secure.gravatar.com\/avatar\/8dfa38373c5e39821baf74c8e867a6f12e12c6dab6559aa999d10703b0b1c4ce?s=96&d=mm&r=g","caption":"Tom\u00e1\u0161 Koppl"},"url":"https:\/\/www.smedemokrati.sk\/sv\/author\/tomaskoppl\/"}]}},"_links":{"self":[{"href":"https:\/\/www.smedemokrati.sk\/sv\/wp-json\/wp\/v2\/posts\/1244","targetHints":{"allow":["GET"]}}],"collection":[{"href":"https:\/\/www.smedemokrati.sk\/sv\/wp-json\/wp\/v2\/posts"}],"about":[{"href":"https:\/\/www.smedemokrati.sk\/sv\/wp-json\/wp\/v2\/types\/post"}],"author":[{"embeddable":true,"href":"https:\/\/www.smedemokrati.sk\/sv\/wp-json\/wp\/v2\/users\/7"}],"replies":[{"embeddable":true,"href":"https:\/\/www.smedemokrati.sk\/sv\/wp-json\/wp\/v2\/comments?post=1244"}],"version-history":[{"count":1,"href":"https:\/\/www.smedemokrati.sk\/sv\/wp-json\/wp\/v2\/posts\/1244\/revisions"}],"predecessor-version":[{"id":1245,"href":"https:\/\/www.smedemokrati.sk\/sv\/wp-json\/wp\/v2\/posts\/1244\/revisions\/1245"}],"wp:featuredmedia":[{"embeddable":true,"href":"https:\/\/www.smedemokrati.sk\/sv\/wp-json\/wp\/v2\/media\/930"}],"wp:attachment":[{"href":"https:\/\/www.smedemokrati.sk\/sv\/wp-json\/wp\/v2\/media?parent=1244"}],"wp:term":[{"taxonomy":"category","embeddable":true,"href":"https:\/\/www.smedemokrati.sk\/sv\/wp-json\/wp\/v2\/categories?post=1244"},{"taxonomy":"post_tag","embeddable":true,"href":"https:\/\/www.smedemokrati.sk\/sv\/wp-json\/wp\/v2\/tags?post=1244"}],"curies":[{"name":"wp","href":"https:\/\/api.w.org\/{rel}","templated":true}]}}