{"id":990,"date":"2023-05-24T17:05:00","date_gmt":"2023-05-24T15:05:00","guid":{"rendered":"https:\/\/www.smedemokrati.sk\/?p=990"},"modified":"2023-05-24T17:05:01","modified_gmt":"2023-05-24T15:05:01","slug":"vyrovnany-rozpocet-by-bol-skodlivy-pre-obcanov","status":"publish","type":"post","link":"https:\/\/www.smedemokrati.sk\/hu\/vyrovnany-rozpocet-by-bol-skodlivy-pre-obcanov\/","title":{"rendered":"Vyrovnan\u00fd rozpo\u010det by bol \u0161kodliv\u00fd pre ob\u010danov"},"content":{"rendered":"<div id=\"fb-root\"><\/div>\n\n<p>Strana Demokrati odmieta uznesenie N\u00e1rodnej rady Slovenskej republiky o schv\u00e1len\u00ed posunutia term\u00ednu na predlo\u017eenie n\u00e1vrhu rozpo\u010dtu verejnej spr\u00e1vy na roky 2024 a\u017e 2026, ktor\u00fd predklad\u00e1 Milan Krajniak.&nbsp;<\/p>\n\n\n\n<p>Pod\u013ea predsedu Demokratov Eduarda Hegera je\u00a0<strong>\u201enezodpovedn\u00e9, populistick\u00e9 a \u0161kodliv\u00e9 pre ob\u010danov, aby \u00faradn\u00edcka vl\u00e1da musela prinies\u0165 vyrovnan\u00fd rozpo\u010det do konca augusta. Tak\u00fdto rozpo\u010det by znamenal 6 miliardov\u00fd \u0161krt, ktor\u00fd by mal dopad na v\u0161etky oblasti be\u017en\u00e9ho \u017eivota, vr\u00e1tane \u0161kolstva, zdravotn\u00edctva, ale aj soci\u00e1lnu pomoc rodin\u00e1m.\u201d\u00a0<\/strong>Heger dodal, \u017ee:\u00a0<strong>\u201eSlovensko na bud\u00faci rok nepotrebuje vyrovnan\u00fd rozpo\u010det, Slovensko potrebuje realistick\u00fd rozpo\u010det, ktor\u00fd bude odr\u00e1\u017ea\u0165 potreby \u013eud\u00ed a mo\u017enosti na\u0161ich verejn\u00fdch financi\u00ed.\u201d<\/strong><\/p>\n\n\n\n<p>Podpredseda strany Demokrati Jaroslav Na\u010f hovor\u00ed, \u017ee pod\u013ea neho politik m\u00e1 prin\u00e1\u0161a\u0165 v\u00fdsledky a pom\u00e1ha\u0165 \u013eu\u010fom.\u00a0<strong>\u201eT\u00fdmto som sa riadil po\u010das svojho p\u00f4sobenia na ministerstve obrany a teraz v parlamente za\u017e\u00edvam kult\u00farny \u0161ok. V parlamente vl\u00e1dne chaos, populizmus a kampa\u0148ov\u00e9 n\u00e1vrhy. Napr\u00edklad v\u010dera v\u0161etci okrem Demokratov zahlasovali za 600 mili\u00f3nov\u00fa sekeru, ktor\u00e1 nie je rozpo\u010dtovo kryt\u00e1 &#8211; dokonca aj t\u00ed, ktor\u00ed hl\u00e1sali, \u017ee s\u00fa rozpo\u010dtovo zodpovedn\u00ed,<\/strong>\u201c\u00a0povedal Na\u010f.<\/p>\n\n\n\n<p><strong>\u201eJedin\u00fd z\u00e1mer tohto n\u00e1vrhu je prin\u00fati\u0165 \u00faradn\u00edcku vl\u00e1du \u013dudov\u00edta \u00d3dora, aby musela predlo\u017ei\u0165 vyrovnan\u00fd rozpo\u010det so \u0161krtmi 6 mld. eur, a to iba preto, aby mohli potom hovori\u0165, \u017ee je to vl\u00e1da \u201asoci\u00e1lneho netvora\u2018 \u00d3dora, a \u017ee \u201asoci\u00e1lnym netvorom\u2018 je aj prezidentka, ktor\u00e1 t\u00fato vl\u00e1du ustanovila. Ich cie\u013eom nie je pom\u00e1ha\u0165 \u013eu\u010fom, ale chc\u00fa vytvori\u0165 slamen\u00e9ho pan\u00e1ka a potom \u00fato\u010di\u0165 na tla\u010dovk\u00e1ch. Na toto maj\u00fa sl\u00fa\u017ei\u0165 poslanci?\u201d<\/strong>\u00a0p\u00fdta sa Na\u010f.<\/p>\n\n\n\n<p><strong>\u201eCel\u00e1 t\u00e1to situ\u00e1cia m\u00e1 jednoduch\u00e9 rie\u0161enie \u2013 namiesto vyrovnan\u00e9ho rozpo\u010dtu, by strany mali s \u00faradn\u00edckou vl\u00e1dou rokova\u0165 o vysloven\u00ed d\u00f4very. Ak by d\u00f4veru dostali, nemusia predklada\u0165 vyrovnan\u00fd rozpo\u010det,\u201d<\/strong>\u00a0doplnil Juraj \u0160eliga\u00a0<\/p>\n","protected":false},"excerpt":{"rendered":"<p>Strana Demokrati odmieta uznesenie N\u00e1rodnej rady Slovenskej republiky o schv\u00e1len\u00ed posunutia term\u00ednu na predlo\u017eenie n\u00e1vrhu rozpo\u010dtu verejnej spr\u00e1vy na roky 2024 a\u017e 2026, ktor\u00fd predklad\u00e1 Milan Krajniak.&nbsp; Pod\u013ea predsedu Demokratov Eduarda Hegera je\u00a0\u201enezodpovedn\u00e9, populistick\u00e9 a \u0161kodliv\u00e9 pre ob\u010danov, aby \u00faradn\u00edcka vl\u00e1da musela prinies\u0165 vyrovnan\u00fd rozpo\u010det do konca augusta. Tak\u00fdto rozpo\u010det by znamenal 6 miliardov\u00fd \u0161krt, [&hellip;]<\/p>\n","protected":false},"author":7,"featured_media":991,"comment_status":"closed","ping_status":"closed","sticky":false,"template":"","format":"standard","meta":{"_acf_changed":false,"ngg_post_thumbnail":0,"footnotes":""},"categories":[4],"tags":[],"class_list":["post-990","post","type-post","status-publish","format-standard","has-post-thumbnail","hentry","category-tlacove-spravy"],"acf":[],"yoast_head":"<!-- This site is optimized with the Yoast SEO plugin v27.2 - https:\/\/yoast.com\/product\/yoast-seo-wordpress\/ -->\n<title>Vyrovnan\u00fd rozpo\u010det by bol \u0161kodliv\u00fd pre ob\u010danov - Smedemokrati.sk<\/title>\n<meta name=\"robots\" content=\"index, follow, max-snippet:-1, max-image-preview:large, max-video-preview:-1\" \/>\n<link rel=\"canonical\" href=\"https:\/\/www.smedemokrati.sk\/hu\/vyrovnany-rozpocet-by-bol-skodlivy-pre-obcanov\/\" \/>\n<meta property=\"og:locale\" content=\"hu_HU\" \/>\n<meta property=\"og:locale:alternate\" content=\"en_US\" \/>\n<meta property=\"og:locale:alternate\" content=\"cs_CZ\" \/>\n<meta property=\"og:locale:alternate\" content=\"sk_SK\" \/>\n<meta property=\"og:locale:alternate\" content=\"sv_SE\" \/>\n<meta property=\"og:type\" content=\"article\" \/>\n<meta property=\"og:title\" content=\"Vyrovnan\u00fd rozpo\u010det by bol \u0161kodliv\u00fd pre ob\u010danov - Smedemokrati.sk\" \/>\n<meta property=\"og:description\" content=\"Strana Demokrati odmieta uznesenie N\u00e1rodnej rady Slovenskej republiky o schv\u00e1len\u00ed posunutia term\u00ednu na predlo\u017eenie n\u00e1vrhu rozpo\u010dtu verejnej spr\u00e1vy na roky 2024 a\u017e 2026, ktor\u00fd predklad\u00e1 Milan Krajniak.&nbsp; Pod\u013ea predsedu Demokratov Eduarda Hegera je\u00a0\u201enezodpovedn\u00e9, populistick\u00e9 a \u0161kodliv\u00e9 pre ob\u010danov, aby \u00faradn\u00edcka vl\u00e1da musela prinies\u0165 vyrovnan\u00fd rozpo\u010det do konca augusta. Tak\u00fdto rozpo\u010det by znamenal 6 miliardov\u00fd \u0161krt, [&hellip;]\" \/>\n<meta property=\"og:url\" content=\"https:\/\/www.smedemokrati.sk\/hu\/vyrovnany-rozpocet-by-bol-skodlivy-pre-obcanov\/\" \/>\n<meta property=\"og:site_name\" content=\"Smedemokrati.sk\" \/>\n<meta property=\"article:publisher\" content=\"https:\/\/www.facebook.com\/smedemokrati2023\" \/>\n<meta property=\"article:published_time\" content=\"2023-05-24T15:05:00+00:00\" \/>\n<meta property=\"article:modified_time\" content=\"2023-05-24T15:05:01+00:00\" \/>\n<meta property=\"og:image\" content=\"https:\/\/www.smedemokrati.sk\/wp-content\/uploads\/2023\/05\/111.jpg\" \/>\n\t<meta property=\"og:image:width\" content=\"2167\" \/>\n\t<meta property=\"og:image:height\" content=\"1324\" \/>\n\t<meta property=\"og:image:type\" content=\"image\/jpeg\" \/>\n<meta name=\"author\" content=\"Tom\u00e1\u0161 Koppl\" \/>\n<meta name=\"twitter:card\" content=\"summary_large_image\" \/>\n<meta name=\"twitter:label1\" content=\"Szerz\u0151:\" \/>\n\t<meta name=\"twitter:data1\" content=\"Tom\u00e1\u0161 Koppl\" \/>\n\t<meta name=\"twitter:label2\" content=\"Becs\u00fclt olvas\u00e1si id\u0151\" \/>\n\t<meta name=\"twitter:data2\" content=\"2 perc\" \/>\n<script type=\"application\/ld+json\" class=\"yoast-schema-graph\">{\"@context\":\"https:\/\/schema.org\",\"@graph\":[{\"@type\":\"Article\",\"@id\":\"https:\/\/www.smedemokrati.sk\/vyrovnany-rozpocet-by-bol-skodlivy-pre-obcanov\/#article\",\"isPartOf\":{\"@id\":\"https:\/\/www.smedemokrati.sk\/vyrovnany-rozpocet-by-bol-skodlivy-pre-obcanov\/\"},\"author\":{\"name\":\"Tom\u00e1\u0161 Koppl\",\"@id\":\"https:\/\/www.smedemokrati.sk\/#\/schema\/person\/c60720f4b9955b3c1ed222ebd1fbbc7c\"},\"headline\":\"Vyrovnan\u00fd rozpo\u010det by bol \u0161kodliv\u00fd pre ob\u010danov\",\"datePublished\":\"2023-05-24T15:05:00+00:00\",\"dateModified\":\"2023-05-24T15:05:01+00:00\",\"mainEntityOfPage\":{\"@id\":\"https:\/\/www.smedemokrati.sk\/vyrovnany-rozpocet-by-bol-skodlivy-pre-obcanov\/\"},\"wordCount\":351,\"publisher\":{\"@id\":\"https:\/\/www.smedemokrati.sk\/#organization\"},\"image\":{\"@id\":\"https:\/\/www.smedemokrati.sk\/vyrovnany-rozpocet-by-bol-skodlivy-pre-obcanov\/#primaryimage\"},\"thumbnailUrl\":\"https:\/\/www.smedemokrati.sk\/wp-content\/uploads\/2023\/05\/111.jpg\",\"articleSection\":[\"Tla\u010dov\u00e9 spr\u00e1vy\"],\"inLanguage\":\"hu-HU\"},{\"@type\":\"WebPage\",\"@id\":\"https:\/\/www.smedemokrati.sk\/vyrovnany-rozpocet-by-bol-skodlivy-pre-obcanov\/\",\"url\":\"https:\/\/www.smedemokrati.sk\/vyrovnany-rozpocet-by-bol-skodlivy-pre-obcanov\/\",\"name\":\"Vyrovnan\u00fd rozpo\u010det by bol \u0161kodliv\u00fd pre ob\u010danov - Smedemokrati.sk\",\"isPartOf\":{\"@id\":\"https:\/\/www.smedemokrati.sk\/#website\"},\"primaryImageOfPage\":{\"@id\":\"https:\/\/www.smedemokrati.sk\/vyrovnany-rozpocet-by-bol-skodlivy-pre-obcanov\/#primaryimage\"},\"image\":{\"@id\":\"https:\/\/www.smedemokrati.sk\/vyrovnany-rozpocet-by-bol-skodlivy-pre-obcanov\/#primaryimage\"},\"thumbnailUrl\":\"https:\/\/www.smedemokrati.sk\/wp-content\/uploads\/2023\/05\/111.jpg\",\"datePublished\":\"2023-05-24T15:05:00+00:00\",\"dateModified\":\"2023-05-24T15:05:01+00:00\",\"breadcrumb\":{\"@id\":\"https:\/\/www.smedemokrati.sk\/vyrovnany-rozpocet-by-bol-skodlivy-pre-obcanov\/#breadcrumb\"},\"inLanguage\":\"hu-HU\",\"potentialAction\":[{\"@type\":\"ReadAction\",\"target\":[\"https:\/\/www.smedemokrati.sk\/vyrovnany-rozpocet-by-bol-skodlivy-pre-obcanov\/\"]}]},{\"@type\":\"ImageObject\",\"inLanguage\":\"hu-HU\",\"@id\":\"https:\/\/www.smedemokrati.sk\/vyrovnany-rozpocet-by-bol-skodlivy-pre-obcanov\/#primaryimage\",\"url\":\"https:\/\/www.smedemokrati.sk\/wp-content\/uploads\/2023\/05\/111.jpg\",\"contentUrl\":\"https:\/\/www.smedemokrati.sk\/wp-content\/uploads\/2023\/05\/111.jpg\",\"width\":2167,\"height\":1324},{\"@type\":\"BreadcrumbList\",\"@id\":\"https:\/\/www.smedemokrati.sk\/vyrovnany-rozpocet-by-bol-skodlivy-pre-obcanov\/#breadcrumb\",\"itemListElement\":[{\"@type\":\"ListItem\",\"position\":1,\"name\":\"Domovsk\u00e1 str\u00e1nka\",\"item\":\"https:\/\/www.smedemokrati.sk\/\"},{\"@type\":\"ListItem\",\"position\":2,\"name\":\"Vyrovnan\u00fd rozpo\u010det by bol \u0161kodliv\u00fd pre ob\u010danov\"}]},{\"@type\":\"WebSite\",\"@id\":\"https:\/\/www.smedemokrati.sk\/#website\",\"url\":\"https:\/\/www.smedemokrati.sk\/\",\"name\":\"Smedemokrati.sk\",\"description\":\"Demokracia a slu\u0161nos\u0165 zv\u00ed\u0165az\u00ed\",\"publisher\":{\"@id\":\"https:\/\/www.smedemokrati.sk\/#organization\"},\"potentialAction\":[{\"@type\":\"SearchAction\",\"target\":{\"@type\":\"EntryPoint\",\"urlTemplate\":\"https:\/\/www.smedemokrati.sk\/?s={search_term_string}\"},\"query-input\":{\"@type\":\"PropertyValueSpecification\",\"valueRequired\":true,\"valueName\":\"search_term_string\"}}],\"inLanguage\":\"hu-HU\"},{\"@type\":\"Organization\",\"@id\":\"https:\/\/www.smedemokrati.sk\/#organization\",\"name\":\"Smedemokrati.sk\",\"url\":\"https:\/\/www.smedemokrati.sk\/\",\"logo\":{\"@type\":\"ImageObject\",\"inLanguage\":\"hu-HU\",\"@id\":\"https:\/\/www.smedemokrati.sk\/#\/schema\/logo\/image\/\",\"url\":\"https:\/\/www.smedemokrati.sk\/wp-content\/uploads\/2023\/04\/ff.002.jpeg\",\"contentUrl\":\"https:\/\/www.smedemokrati.sk\/wp-content\/uploads\/2023\/04\/ff.002.jpeg\",\"width\":640,\"height\":480,\"caption\":\"Smedemokrati.sk\"},\"image\":{\"@id\":\"https:\/\/www.smedemokrati.sk\/#\/schema\/logo\/image\/\"},\"sameAs\":[\"https:\/\/www.facebook.com\/smedemokrati2023\"]},{\"@type\":\"Person\",\"@id\":\"https:\/\/www.smedemokrati.sk\/#\/schema\/person\/c60720f4b9955b3c1ed222ebd1fbbc7c\",\"name\":\"Tom\u00e1\u0161 Koppl\",\"image\":{\"@type\":\"ImageObject\",\"inLanguage\":\"hu-HU\",\"@id\":\"https:\/\/secure.gravatar.com\/avatar\/8dfa38373c5e39821baf74c8e867a6f12e12c6dab6559aa999d10703b0b1c4ce?s=96&d=mm&r=g\",\"url\":\"https:\/\/secure.gravatar.com\/avatar\/8dfa38373c5e39821baf74c8e867a6f12e12c6dab6559aa999d10703b0b1c4ce?s=96&d=mm&r=g\",\"contentUrl\":\"https:\/\/secure.gravatar.com\/avatar\/8dfa38373c5e39821baf74c8e867a6f12e12c6dab6559aa999d10703b0b1c4ce?s=96&d=mm&r=g\",\"caption\":\"Tom\u00e1\u0161 Koppl\"},\"url\":\"https:\/\/www.smedemokrati.sk\/hu\/author\/tomaskoppl\/\"}]}<\/script>\n<!-- \/ Yoast SEO plugin. -->","yoast_head_json":{"title":"Vyrovnan\u00fd rozpo\u010det by bol \u0161kodliv\u00fd pre ob\u010danov - Smedemokrati.sk","robots":{"index":"index","follow":"follow","max-snippet":"max-snippet:-1","max-image-preview":"max-image-preview:large","max-video-preview":"max-video-preview:-1"},"canonical":"https:\/\/www.smedemokrati.sk\/hu\/vyrovnany-rozpocet-by-bol-skodlivy-pre-obcanov\/","og_locale":"hu_HU","og_type":"article","og_title":"Vyrovnan\u00fd rozpo\u010det by bol \u0161kodliv\u00fd pre ob\u010danov - Smedemokrati.sk","og_description":"Strana Demokrati odmieta uznesenie N\u00e1rodnej rady Slovenskej republiky o schv\u00e1len\u00ed posunutia term\u00ednu na predlo\u017eenie n\u00e1vrhu rozpo\u010dtu verejnej spr\u00e1vy na roky 2024 a\u017e 2026, ktor\u00fd predklad\u00e1 Milan Krajniak.&nbsp; Pod\u013ea predsedu Demokratov Eduarda Hegera je\u00a0\u201enezodpovedn\u00e9, populistick\u00e9 a \u0161kodliv\u00e9 pre ob\u010danov, aby \u00faradn\u00edcka vl\u00e1da musela prinies\u0165 vyrovnan\u00fd rozpo\u010det do konca augusta. Tak\u00fdto rozpo\u010det by znamenal 6 miliardov\u00fd \u0161krt, [&hellip;]","og_url":"https:\/\/www.smedemokrati.sk\/hu\/vyrovnany-rozpocet-by-bol-skodlivy-pre-obcanov\/","og_site_name":"Smedemokrati.sk","article_publisher":"https:\/\/www.facebook.com\/smedemokrati2023","article_published_time":"2023-05-24T15:05:00+00:00","article_modified_time":"2023-05-24T15:05:01+00:00","og_image":[{"width":2167,"height":1324,"url":"https:\/\/www.smedemokrati.sk\/wp-content\/uploads\/2023\/05\/111.jpg","type":"image\/jpeg"}],"author":"Tom\u00e1\u0161 Koppl","twitter_card":"summary_large_image","twitter_misc":{"Szerz\u0151:":"Tom\u00e1\u0161 Koppl","Becs\u00fclt olvas\u00e1si id\u0151":"2 perc"},"schema":{"@context":"https:\/\/schema.org","@graph":[{"@type":"Article","@id":"https:\/\/www.smedemokrati.sk\/vyrovnany-rozpocet-by-bol-skodlivy-pre-obcanov\/#article","isPartOf":{"@id":"https:\/\/www.smedemokrati.sk\/vyrovnany-rozpocet-by-bol-skodlivy-pre-obcanov\/"},"author":{"name":"Tom\u00e1\u0161 Koppl","@id":"https:\/\/www.smedemokrati.sk\/#\/schema\/person\/c60720f4b9955b3c1ed222ebd1fbbc7c"},"headline":"Vyrovnan\u00fd rozpo\u010det by bol \u0161kodliv\u00fd pre ob\u010danov","datePublished":"2023-05-24T15:05:00+00:00","dateModified":"2023-05-24T15:05:01+00:00","mainEntityOfPage":{"@id":"https:\/\/www.smedemokrati.sk\/vyrovnany-rozpocet-by-bol-skodlivy-pre-obcanov\/"},"wordCount":351,"publisher":{"@id":"https:\/\/www.smedemokrati.sk\/#organization"},"image":{"@id":"https:\/\/www.smedemokrati.sk\/vyrovnany-rozpocet-by-bol-skodlivy-pre-obcanov\/#primaryimage"},"thumbnailUrl":"https:\/\/www.smedemokrati.sk\/wp-content\/uploads\/2023\/05\/111.jpg","articleSection":["Tla\u010dov\u00e9 spr\u00e1vy"],"inLanguage":"hu-HU"},{"@type":"WebPage","@id":"https:\/\/www.smedemokrati.sk\/vyrovnany-rozpocet-by-bol-skodlivy-pre-obcanov\/","url":"https:\/\/www.smedemokrati.sk\/vyrovnany-rozpocet-by-bol-skodlivy-pre-obcanov\/","name":"Vyrovnan\u00fd rozpo\u010det by bol \u0161kodliv\u00fd pre ob\u010danov - Smedemokrati.sk","isPartOf":{"@id":"https:\/\/www.smedemokrati.sk\/#website"},"primaryImageOfPage":{"@id":"https:\/\/www.smedemokrati.sk\/vyrovnany-rozpocet-by-bol-skodlivy-pre-obcanov\/#primaryimage"},"image":{"@id":"https:\/\/www.smedemokrati.sk\/vyrovnany-rozpocet-by-bol-skodlivy-pre-obcanov\/#primaryimage"},"thumbnailUrl":"https:\/\/www.smedemokrati.sk\/wp-content\/uploads\/2023\/05\/111.jpg","datePublished":"2023-05-24T15:05:00+00:00","dateModified":"2023-05-24T15:05:01+00:00","breadcrumb":{"@id":"https:\/\/www.smedemokrati.sk\/vyrovnany-rozpocet-by-bol-skodlivy-pre-obcanov\/#breadcrumb"},"inLanguage":"hu-HU","potentialAction":[{"@type":"ReadAction","target":["https:\/\/www.smedemokrati.sk\/vyrovnany-rozpocet-by-bol-skodlivy-pre-obcanov\/"]}]},{"@type":"ImageObject","inLanguage":"hu-HU","@id":"https:\/\/www.smedemokrati.sk\/vyrovnany-rozpocet-by-bol-skodlivy-pre-obcanov\/#primaryimage","url":"https:\/\/www.smedemokrati.sk\/wp-content\/uploads\/2023\/05\/111.jpg","contentUrl":"https:\/\/www.smedemokrati.sk\/wp-content\/uploads\/2023\/05\/111.jpg","width":2167,"height":1324},{"@type":"BreadcrumbList","@id":"https:\/\/www.smedemokrati.sk\/vyrovnany-rozpocet-by-bol-skodlivy-pre-obcanov\/#breadcrumb","itemListElement":[{"@type":"ListItem","position":1,"name":"Domovsk\u00e1 str\u00e1nka","item":"https:\/\/www.smedemokrati.sk\/"},{"@type":"ListItem","position":2,"name":"Vyrovnan\u00fd rozpo\u010det by bol \u0161kodliv\u00fd pre ob\u010danov"}]},{"@type":"WebSite","@id":"https:\/\/www.smedemokrati.sk\/#website","url":"https:\/\/www.smedemokrati.sk\/","name":"Smedemokrati.sk","description":"Demokracia a slu\u0161nos\u0165 zv\u00ed\u0165az\u00ed","publisher":{"@id":"https:\/\/www.smedemokrati.sk\/#organization"},"potentialAction":[{"@type":"SearchAction","target":{"@type":"EntryPoint","urlTemplate":"https:\/\/www.smedemokrati.sk\/?s={search_term_string}"},"query-input":{"@type":"PropertyValueSpecification","valueRequired":true,"valueName":"search_term_string"}}],"inLanguage":"hu-HU"},{"@type":"Organization","@id":"https:\/\/www.smedemokrati.sk\/#organization","name":"Smedemokrati.sk","url":"https:\/\/www.smedemokrati.sk\/","logo":{"@type":"ImageObject","inLanguage":"hu-HU","@id":"https:\/\/www.smedemokrati.sk\/#\/schema\/logo\/image\/","url":"https:\/\/www.smedemokrati.sk\/wp-content\/uploads\/2023\/04\/ff.002.jpeg","contentUrl":"https:\/\/www.smedemokrati.sk\/wp-content\/uploads\/2023\/04\/ff.002.jpeg","width":640,"height":480,"caption":"Smedemokrati.sk"},"image":{"@id":"https:\/\/www.smedemokrati.sk\/#\/schema\/logo\/image\/"},"sameAs":["https:\/\/www.facebook.com\/smedemokrati2023"]},{"@type":"Person","@id":"https:\/\/www.smedemokrati.sk\/#\/schema\/person\/c60720f4b9955b3c1ed222ebd1fbbc7c","name":"Tom\u00e1\u0161 Koppl","image":{"@type":"ImageObject","inLanguage":"hu-HU","@id":"https:\/\/secure.gravatar.com\/avatar\/8dfa38373c5e39821baf74c8e867a6f12e12c6dab6559aa999d10703b0b1c4ce?s=96&d=mm&r=g","url":"https:\/\/secure.gravatar.com\/avatar\/8dfa38373c5e39821baf74c8e867a6f12e12c6dab6559aa999d10703b0b1c4ce?s=96&d=mm&r=g","contentUrl":"https:\/\/secure.gravatar.com\/avatar\/8dfa38373c5e39821baf74c8e867a6f12e12c6dab6559aa999d10703b0b1c4ce?s=96&d=mm&r=g","caption":"Tom\u00e1\u0161 Koppl"},"url":"https:\/\/www.smedemokrati.sk\/hu\/author\/tomaskoppl\/"}]}},"_links":{"self":[{"href":"https:\/\/www.smedemokrati.sk\/hu\/wp-json\/wp\/v2\/posts\/990","targetHints":{"allow":["GET"]}}],"collection":[{"href":"https:\/\/www.smedemokrati.sk\/hu\/wp-json\/wp\/v2\/posts"}],"about":[{"href":"https:\/\/www.smedemokrati.sk\/hu\/wp-json\/wp\/v2\/types\/post"}],"author":[{"embeddable":true,"href":"https:\/\/www.smedemokrati.sk\/hu\/wp-json\/wp\/v2\/users\/7"}],"replies":[{"embeddable":true,"href":"https:\/\/www.smedemokrati.sk\/hu\/wp-json\/wp\/v2\/comments?post=990"}],"version-history":[{"count":1,"href":"https:\/\/www.smedemokrati.sk\/hu\/wp-json\/wp\/v2\/posts\/990\/revisions"}],"predecessor-version":[{"id":992,"href":"https:\/\/www.smedemokrati.sk\/hu\/wp-json\/wp\/v2\/posts\/990\/revisions\/992"}],"wp:featuredmedia":[{"embeddable":true,"href":"https:\/\/www.smedemokrati.sk\/hu\/wp-json\/wp\/v2\/media\/991"}],"wp:attachment":[{"href":"https:\/\/www.smedemokrati.sk\/hu\/wp-json\/wp\/v2\/media?parent=990"}],"wp:term":[{"taxonomy":"category","embeddable":true,"href":"https:\/\/www.smedemokrati.sk\/hu\/wp-json\/wp\/v2\/categories?post=990"},{"taxonomy":"post_tag","embeddable":true,"href":"https:\/\/www.smedemokrati.sk\/hu\/wp-json\/wp\/v2\/tags?post=990"}],"curies":[{"name":"wp","href":"https:\/\/api.w.org\/{rel}","templated":true}]}}