{"id":9137,"date":"2026-03-28T19:16:25","date_gmt":"2026-03-28T18:16:25","guid":{"rendered":"https:\/\/www.smedemokrati.sk\/?p=9137"},"modified":"2026-03-28T19:16:26","modified_gmt":"2026-03-28T18:16:26","slug":"reakcia-na-prezidenta-pellegriniho-v-sobotnych-dialogoch","status":"publish","type":"post","link":"https:\/\/www.smedemokrati.sk\/hu\/reakcia-na-prezidenta-pellegriniho-v-sobotnych-dialogoch\/","title":{"rendered":"Reakcia na prezidenta Pellegriniho v Sobotn\u00fdch dial\u00f3goch"},"content":{"rendered":"<div id=\"fb-root\"><\/div>\n\n<p><strong>Vyjadenie podpredsedu Demokratov Juraja \u0160eliga k vyst\u00fapeniu prezidenta Petra Pellegriniho v Sobotn\u00fdch dial\u00f3goch<\/strong><\/p>\n\n\n\n<p>Reakcia p\u00e1na prezidenta Pellegriniho, ktor\u00e1 dnes zaznela v Sobotn\u00fdch dial\u00f3goch, je nemil\u00fdm, ale \u017eia\u013e nie \u00faplne ne\u010dakan\u00fdm, prekvapen\u00edm. P\u00e1n prezident u\u017e azda zabudol \u010do hovoril pred tromi rokmi? Alebo to m\u00e1me ch\u00e1pa\u0165 ako pr\u00edpravu p\u00f4dy na facku \u013eu\u010fom?<\/p>\n\n\n\n<p>P\u00e1n prezident Pellegrini na jednej strane hovor\u00ed, \u017ee je z\u00e1stancom referenda a \u017ee by ho \u201echcel\u201c, no na druhej strane jedn\u00fdm dychom h\u013ead\u00e1 v\u00fdhovorky a vinn\u00edkov, na ktor\u00fdch by sa mohol vyhovori\u0165 a na koho prenies\u0165 zodpovednos\u0165 za to, aby referendum nevyhl\u00e1sil. Pri\u010dom je v\u0161etk\u00fdm zrejm\u00e9, \u017ee on ako prezident m\u00e1 v\u0161etky pr\u00e1vomoci na vyhl\u00e1senie referenda vo svojich ruk\u00e1ch.<\/p>\n\n\n\n<p>Alebo u\u017e p\u00e1n prezident zabudol na svoje slov\u00e1 z minulosti, ke\u010f tvrdil, \u017ee ak\u00e9ko\u013evek in\u00e9 rozhodnutie ne\u017e vyhl\u00e1senie referenda je <em>\u201etvrdou fackou \u013eu\u010fom, ktor\u00fdm bola popret\u00e1 mo\u017enos\u0165 naplni\u0165 jedno z ich z\u00e1kladn\u00fdch demokratick\u00fdch pr\u00e1v\u201c<\/em>?<\/p>\n\n\n\n<p>\u013dudia sa preto opr\u00e1vnene p\u00fdtaj\u00fa, \u010di chce p\u00e1n prezident Pellegrini tak\u00fato \u201efacku\u201c u\u0161tedri\u0165 ob\u010danom.<\/p>\n\n\n\n<p>Opakujeme, p\u00e1n prezident m\u00f4\u017ee s pokojn\u00fdm svedom\u00edm vyhl\u00e1si\u0165 referendum. Mus\u00ed v\u0161ak skuto\u010dne chcie\u0165. V roku 2023 bola po rozhodnutiach \u00dastavn\u00e9ho s\u00fadu prijat\u00e1 novela \u00fastavy, ktor\u00e1 umo\u017e\u0148uje skr\u00e1ti\u0165 volebn\u00e9 obdobie \u00fastavn\u00fdm sp\u00f4sobom.<\/p>\n\n\n\n<p>Ak je teda p\u00e1n prezident Pellegrini skuto\u010dne z\u00e1stancom referenda, ako sa opakovane prezentuje, m\u00e1 v\u0161etko vo svojich ruk\u00e1ch a ni\u010d mu nebr\u00e1ni referendum vyhl\u00e1si\u0165.<\/p>\n\n\n\n<p>Rozumieme, \u017ee Peter Pellegrini sa nach\u00e1dza v nekomfortnej situ\u00e1cii, ke\u010f\u017ee je \u010destn\u00fdm predsedom strany Hlas, ktor\u00e1 nem\u00e1 z\u00e1ujem na skracovan\u00ed volebn\u00e9ho obdobia. Prezident v\u0161ak m\u00e1 by\u0165 hlavou \u0161t\u00e1tu pre v\u0161etk\u00fdch ob\u010danov, nie len pre Hlas alebo Smer, ktor\u00e9 tvoria vl\u00e1dnu koal\u00edciu.<\/p>\n\n\n\n<p><strong>P\u00e1n prezident, aktu\u00e1lne znenie \u00fastavy v\u00e1m umo\u017e\u0148uje vyhl\u00e1si\u0165 referendum so v\u0161etk\u00fdmi troma ot\u00e1zkami. Radi zd\u00f4raz\u0148ujete, \u017ee ob\u010dania s\u00fa nosite\u013emi moci a politici to musia re\u0161pektova\u0165. Dajte im teda teda priestor vyjadri\u0165 sa. Opakovane ste hovorili, \u017ee ob\u010dania moc d\u00e1vaj\u00fa a maj\u00fa pr\u00e1vo ju aj vzia\u0165. Umo\u017enite im to.<\/strong><\/p>\n\n\n\n<p>Viac k tejto t\u00e9me, spolu s \u010fal\u0161\u00edmi podkladmi pre prezidenta Pellegriniho, predstav\u00edme v pondelok o 10:30 na tla\u010dovej konferencii pred Prezidentsk\u00fdm pal\u00e1com v Bratislave.<\/p>\n\n\n\n<p><\/p>\n","protected":false},"excerpt":{"rendered":"<p>Vyjadenie podpredsedu Demokratov Juraja \u0160eliga k vyst\u00fapeniu prezidenta Petra Pellegriniho v Sobotn\u00fdch dial\u00f3goch Reakcia p\u00e1na prezidenta Pellegriniho, ktor\u00e1 dnes zaznela v Sobotn\u00fdch dial\u00f3goch, je nemil\u00fdm, ale \u017eia\u013e nie \u00faplne ne\u010dakan\u00fdm, prekvapen\u00edm. P\u00e1n prezident u\u017e azda zabudol \u010do hovoril pred tromi rokmi? Alebo to m\u00e1me ch\u00e1pa\u0165 ako pr\u00edpravu p\u00f4dy na facku \u013eu\u010fom? P\u00e1n prezident Pellegrini na [&hellip;]<\/p>\n","protected":false},"author":13,"featured_media":9138,"comment_status":"closed","ping_status":"closed","sticky":false,"template":"","format":"standard","meta":{"_acf_changed":false,"ngg_post_thumbnail":0,"footnotes":""},"categories":[11],"tags":[],"class_list":["post-9137","post","type-post","status-publish","format-standard","has-post-thumbnail","hentry","category-vyhlasenia"],"acf":[],"yoast_head":"<!-- This site is optimized with the Yoast SEO plugin v27.2 - https:\/\/yoast.com\/product\/yoast-seo-wordpress\/ -->\n<title>Reakcia na prezidenta Pellegriniho v Sobotn\u00fdch dial\u00f3goch<\/title>\n<meta name=\"robots\" content=\"index, follow, max-snippet:-1, max-image-preview:large, max-video-preview:-1\" \/>\n<link rel=\"canonical\" href=\"https:\/\/www.smedemokrati.sk\/hu\/reakcia-na-prezidenta-pellegriniho-v-sobotnych-dialogoch\/\" \/>\n<meta property=\"og:locale\" content=\"hu_HU\" \/>\n<meta property=\"og:locale:alternate\" content=\"en_US\" \/>\n<meta property=\"og:locale:alternate\" content=\"cs_CZ\" \/>\n<meta property=\"og:locale:alternate\" content=\"sk_SK\" \/>\n<meta property=\"og:locale:alternate\" content=\"sv_SE\" \/>\n<meta property=\"og:type\" content=\"article\" \/>\n<meta property=\"og:title\" content=\"Reakcia na prezidenta Pellegriniho v Sobotn\u00fdch dial\u00f3goch\" \/>\n<meta property=\"og:description\" content=\"Vyjadenie podpredsedu Demokratov Juraja \u0160eliga k vyst\u00fapeniu prezidenta Petra Pellegriniho v Sobotn\u00fdch dial\u00f3goch Reakcia p\u00e1na prezidenta Pellegriniho, ktor\u00e1 dnes zaznela v Sobotn\u00fdch dial\u00f3goch, je nemil\u00fdm, ale \u017eia\u013e nie \u00faplne ne\u010dakan\u00fdm, prekvapen\u00edm. P\u00e1n prezident u\u017e azda zabudol \u010do hovoril pred tromi rokmi? Alebo to m\u00e1me ch\u00e1pa\u0165 ako pr\u00edpravu p\u00f4dy na facku \u013eu\u010fom? P\u00e1n prezident Pellegrini na [&hellip;]\" \/>\n<meta property=\"og:url\" content=\"https:\/\/www.smedemokrati.sk\/hu\/reakcia-na-prezidenta-pellegriniho-v-sobotnych-dialogoch\/\" \/>\n<meta property=\"og:site_name\" content=\"Smedemokrati.sk\" \/>\n<meta property=\"article:publisher\" content=\"https:\/\/www.facebook.com\/smedemokrati2023\" \/>\n<meta property=\"article:published_time\" content=\"2026-03-28T18:16:25+00:00\" \/>\n<meta property=\"article:modified_time\" content=\"2026-03-28T18:16:26+00:00\" \/>\n<meta property=\"og:image\" content=\"https:\/\/www.smedemokrati.sk\/wp-content\/uploads\/2026\/03\/657581098_1448224493766912_7311792421332175351_n-e1774721764899.jpg\" \/>\n\t<meta property=\"og:image:width\" content=\"1536\" \/>\n\t<meta property=\"og:image:height\" content=\"1328\" \/>\n\t<meta property=\"og:image:type\" content=\"image\/jpeg\" \/>\n<meta name=\"author\" content=\"miro.sopko\" \/>\n<meta name=\"twitter:card\" content=\"summary_large_image\" \/>\n<meta name=\"twitter:label1\" content=\"Szerz\u0151:\" \/>\n\t<meta name=\"twitter:data1\" content=\"miro.sopko\" \/>\n\t<meta name=\"twitter:label2\" content=\"Becs\u00fclt olvas\u00e1si id\u0151\" \/>\n\t<meta name=\"twitter:data2\" content=\"2 perc\" \/>\n<script type=\"application\/ld+json\" class=\"yoast-schema-graph\">{\"@context\":\"https:\/\/schema.org\",\"@graph\":[{\"@type\":\"Article\",\"@id\":\"https:\/\/www.smedemokrati.sk\/reakcia-na-prezidenta-pellegriniho-v-sobotnych-dialogoch\/#article\",\"isPartOf\":{\"@id\":\"https:\/\/www.smedemokrati.sk\/reakcia-na-prezidenta-pellegriniho-v-sobotnych-dialogoch\/\"},\"author\":{\"name\":\"miro.sopko\",\"@id\":\"https:\/\/www.smedemokrati.sk\/#\/schema\/person\/21f147c88d605aa7ded900e1e7c344ba\"},\"headline\":\"Reakcia na prezidenta Pellegriniho v Sobotn\u00fdch dial\u00f3goch\",\"datePublished\":\"2026-03-28T18:16:25+00:00\",\"dateModified\":\"2026-03-28T18:16:26+00:00\",\"mainEntityOfPage\":{\"@id\":\"https:\/\/www.smedemokrati.sk\/reakcia-na-prezidenta-pellegriniho-v-sobotnych-dialogoch\/\"},\"wordCount\":439,\"publisher\":{\"@id\":\"https:\/\/www.smedemokrati.sk\/#organization\"},\"image\":{\"@id\":\"https:\/\/www.smedemokrati.sk\/reakcia-na-prezidenta-pellegriniho-v-sobotnych-dialogoch\/#primaryimage\"},\"thumbnailUrl\":\"https:\/\/www.smedemokrati.sk\/wp-content\/uploads\/2026\/03\/657581098_1448224493766912_7311792421332175351_n-e1774721764899.jpg\",\"articleSection\":[\"Vyhl\u00e1senia\"],\"inLanguage\":\"hu-HU\"},{\"@type\":\"WebPage\",\"@id\":\"https:\/\/www.smedemokrati.sk\/reakcia-na-prezidenta-pellegriniho-v-sobotnych-dialogoch\/\",\"url\":\"https:\/\/www.smedemokrati.sk\/reakcia-na-prezidenta-pellegriniho-v-sobotnych-dialogoch\/\",\"name\":\"Reakcia na prezidenta Pellegriniho v Sobotn\u00fdch dial\u00f3goch\",\"isPartOf\":{\"@id\":\"https:\/\/www.smedemokrati.sk\/#website\"},\"primaryImageOfPage\":{\"@id\":\"https:\/\/www.smedemokrati.sk\/reakcia-na-prezidenta-pellegriniho-v-sobotnych-dialogoch\/#primaryimage\"},\"image\":{\"@id\":\"https:\/\/www.smedemokrati.sk\/reakcia-na-prezidenta-pellegriniho-v-sobotnych-dialogoch\/#primaryimage\"},\"thumbnailUrl\":\"https:\/\/www.smedemokrati.sk\/wp-content\/uploads\/2026\/03\/657581098_1448224493766912_7311792421332175351_n-e1774721764899.jpg\",\"datePublished\":\"2026-03-28T18:16:25+00:00\",\"dateModified\":\"2026-03-28T18:16:26+00:00\",\"breadcrumb\":{\"@id\":\"https:\/\/www.smedemokrati.sk\/reakcia-na-prezidenta-pellegriniho-v-sobotnych-dialogoch\/#breadcrumb\"},\"inLanguage\":\"hu-HU\",\"potentialAction\":[{\"@type\":\"ReadAction\",\"target\":[\"https:\/\/www.smedemokrati.sk\/reakcia-na-prezidenta-pellegriniho-v-sobotnych-dialogoch\/\"]}]},{\"@type\":\"ImageObject\",\"inLanguage\":\"hu-HU\",\"@id\":\"https:\/\/www.smedemokrati.sk\/reakcia-na-prezidenta-pellegriniho-v-sobotnych-dialogoch\/#primaryimage\",\"url\":\"https:\/\/www.smedemokrati.sk\/wp-content\/uploads\/2026\/03\/657581098_1448224493766912_7311792421332175351_n-e1774721764899.jpg\",\"contentUrl\":\"https:\/\/www.smedemokrati.sk\/wp-content\/uploads\/2026\/03\/657581098_1448224493766912_7311792421332175351_n-e1774721764899.jpg\",\"width\":1536,\"height\":1328},{\"@type\":\"BreadcrumbList\",\"@id\":\"https:\/\/www.smedemokrati.sk\/reakcia-na-prezidenta-pellegriniho-v-sobotnych-dialogoch\/#breadcrumb\",\"itemListElement\":[{\"@type\":\"ListItem\",\"position\":1,\"name\":\"Domovsk\u00e1 str\u00e1nka\",\"item\":\"https:\/\/www.smedemokrati.sk\/\"},{\"@type\":\"ListItem\",\"position\":2,\"name\":\"Reakcia na prezidenta Pellegriniho v Sobotn\u00fdch dial\u00f3goch\"}]},{\"@type\":\"WebSite\",\"@id\":\"https:\/\/www.smedemokrati.sk\/#website\",\"url\":\"https:\/\/www.smedemokrati.sk\/\",\"name\":\"Smedemokrati.sk\",\"description\":\"Demokracia a slu\u0161nos\u0165 zv\u00ed\u0165az\u00ed\",\"publisher\":{\"@id\":\"https:\/\/www.smedemokrati.sk\/#organization\"},\"potentialAction\":[{\"@type\":\"SearchAction\",\"target\":{\"@type\":\"EntryPoint\",\"urlTemplate\":\"https:\/\/www.smedemokrati.sk\/?s={search_term_string}\"},\"query-input\":{\"@type\":\"PropertyValueSpecification\",\"valueRequired\":true,\"valueName\":\"search_term_string\"}}],\"inLanguage\":\"hu-HU\"},{\"@type\":\"Organization\",\"@id\":\"https:\/\/www.smedemokrati.sk\/#organization\",\"name\":\"Smedemokrati.sk\",\"url\":\"https:\/\/www.smedemokrati.sk\/\",\"logo\":{\"@type\":\"ImageObject\",\"inLanguage\":\"hu-HU\",\"@id\":\"https:\/\/www.smedemokrati.sk\/#\/schema\/logo\/image\/\",\"url\":\"https:\/\/www.smedemokrati.sk\/wp-content\/uploads\/2023\/04\/ff.002.jpeg\",\"contentUrl\":\"https:\/\/www.smedemokrati.sk\/wp-content\/uploads\/2023\/04\/ff.002.jpeg\",\"width\":640,\"height\":480,\"caption\":\"Smedemokrati.sk\"},\"image\":{\"@id\":\"https:\/\/www.smedemokrati.sk\/#\/schema\/logo\/image\/\"},\"sameAs\":[\"https:\/\/www.facebook.com\/smedemokrati2023\"]},{\"@type\":\"Person\",\"@id\":\"https:\/\/www.smedemokrati.sk\/#\/schema\/person\/21f147c88d605aa7ded900e1e7c344ba\",\"name\":\"miro.sopko\",\"image\":{\"@type\":\"ImageObject\",\"inLanguage\":\"hu-HU\",\"@id\":\"https:\/\/secure.gravatar.com\/avatar\/267e4a36f704376c109afe3a78740c1f5dd8675a2180a908699e7863c9247606?s=96&d=mm&r=g\",\"url\":\"https:\/\/secure.gravatar.com\/avatar\/267e4a36f704376c109afe3a78740c1f5dd8675a2180a908699e7863c9247606?s=96&d=mm&r=g\",\"contentUrl\":\"https:\/\/secure.gravatar.com\/avatar\/267e4a36f704376c109afe3a78740c1f5dd8675a2180a908699e7863c9247606?s=96&d=mm&r=g\",\"caption\":\"miro.sopko\"},\"url\":\"https:\/\/www.smedemokrati.sk\/hu\/author\/miro-sopko\/\"}]}<\/script>\n<!-- \/ Yoast SEO plugin. -->","yoast_head_json":{"title":"Reakcia na prezidenta Pellegriniho v Sobotn\u00fdch dial\u00f3goch","robots":{"index":"index","follow":"follow","max-snippet":"max-snippet:-1","max-image-preview":"max-image-preview:large","max-video-preview":"max-video-preview:-1"},"canonical":"https:\/\/www.smedemokrati.sk\/hu\/reakcia-na-prezidenta-pellegriniho-v-sobotnych-dialogoch\/","og_locale":"hu_HU","og_type":"article","og_title":"[:sk]Reakcia na prezidenta Pellegriniho v Sobotn\u00fdch dial\u00f3goch[:] - Smedemokrati.sk","og_description":"Vyjadenie podpredsedu Demokratov Juraja \u0160eliga k vyst\u00fapeniu prezidenta Petra Pellegriniho v Sobotn\u00fdch dial\u00f3goch Reakcia p\u00e1na prezidenta Pellegriniho, ktor\u00e1 dnes zaznela v Sobotn\u00fdch dial\u00f3goch, je nemil\u00fdm, ale \u017eia\u013e nie \u00faplne ne\u010dakan\u00fdm, prekvapen\u00edm. P\u00e1n prezident u\u017e azda zabudol \u010do hovoril pred tromi rokmi? Alebo to m\u00e1me ch\u00e1pa\u0165 ako pr\u00edpravu p\u00f4dy na facku \u013eu\u010fom? P\u00e1n prezident Pellegrini na [&hellip;]","og_url":"https:\/\/www.smedemokrati.sk\/hu\/reakcia-na-prezidenta-pellegriniho-v-sobotnych-dialogoch\/","og_site_name":"Smedemokrati.sk","article_publisher":"https:\/\/www.facebook.com\/smedemokrati2023","article_published_time":"2026-03-28T18:16:25+00:00","article_modified_time":"2026-03-28T18:16:26+00:00","og_image":[{"width":1536,"height":1328,"url":"https:\/\/www.smedemokrati.sk\/wp-content\/uploads\/2026\/03\/657581098_1448224493766912_7311792421332175351_n-e1774721764899.jpg","type":"image\/jpeg"}],"author":"miro.sopko","twitter_card":"summary_large_image","twitter_misc":{"Szerz\u0151:":"miro.sopko","Becs\u00fclt olvas\u00e1si id\u0151":"2 perc"},"schema":{"@context":"https:\/\/schema.org","@graph":[{"@type":"Article","@id":"https:\/\/www.smedemokrati.sk\/reakcia-na-prezidenta-pellegriniho-v-sobotnych-dialogoch\/#article","isPartOf":{"@id":"https:\/\/www.smedemokrati.sk\/reakcia-na-prezidenta-pellegriniho-v-sobotnych-dialogoch\/"},"author":{"name":"miro.sopko","@id":"https:\/\/www.smedemokrati.sk\/#\/schema\/person\/21f147c88d605aa7ded900e1e7c344ba"},"headline":"Reakcia na prezidenta Pellegriniho v Sobotn\u00fdch dial\u00f3goch","datePublished":"2026-03-28T18:16:25+00:00","dateModified":"2026-03-28T18:16:26+00:00","mainEntityOfPage":{"@id":"https:\/\/www.smedemokrati.sk\/reakcia-na-prezidenta-pellegriniho-v-sobotnych-dialogoch\/"},"wordCount":439,"publisher":{"@id":"https:\/\/www.smedemokrati.sk\/#organization"},"image":{"@id":"https:\/\/www.smedemokrati.sk\/reakcia-na-prezidenta-pellegriniho-v-sobotnych-dialogoch\/#primaryimage"},"thumbnailUrl":"https:\/\/www.smedemokrati.sk\/wp-content\/uploads\/2026\/03\/657581098_1448224493766912_7311792421332175351_n-e1774721764899.jpg","articleSection":["Vyhl\u00e1senia"],"inLanguage":"hu-HU"},{"@type":"WebPage","@id":"https:\/\/www.smedemokrati.sk\/reakcia-na-prezidenta-pellegriniho-v-sobotnych-dialogoch\/","url":"https:\/\/www.smedemokrati.sk\/reakcia-na-prezidenta-pellegriniho-v-sobotnych-dialogoch\/","name":"Reakcia na prezidenta Pellegriniho v Sobotn\u00fdch dial\u00f3goch","isPartOf":{"@id":"https:\/\/www.smedemokrati.sk\/#website"},"primaryImageOfPage":{"@id":"https:\/\/www.smedemokrati.sk\/reakcia-na-prezidenta-pellegriniho-v-sobotnych-dialogoch\/#primaryimage"},"image":{"@id":"https:\/\/www.smedemokrati.sk\/reakcia-na-prezidenta-pellegriniho-v-sobotnych-dialogoch\/#primaryimage"},"thumbnailUrl":"https:\/\/www.smedemokrati.sk\/wp-content\/uploads\/2026\/03\/657581098_1448224493766912_7311792421332175351_n-e1774721764899.jpg","datePublished":"2026-03-28T18:16:25+00:00","dateModified":"2026-03-28T18:16:26+00:00","breadcrumb":{"@id":"https:\/\/www.smedemokrati.sk\/reakcia-na-prezidenta-pellegriniho-v-sobotnych-dialogoch\/#breadcrumb"},"inLanguage":"hu-HU","potentialAction":[{"@type":"ReadAction","target":["https:\/\/www.smedemokrati.sk\/reakcia-na-prezidenta-pellegriniho-v-sobotnych-dialogoch\/"]}]},{"@type":"ImageObject","inLanguage":"hu-HU","@id":"https:\/\/www.smedemokrati.sk\/reakcia-na-prezidenta-pellegriniho-v-sobotnych-dialogoch\/#primaryimage","url":"https:\/\/www.smedemokrati.sk\/wp-content\/uploads\/2026\/03\/657581098_1448224493766912_7311792421332175351_n-e1774721764899.jpg","contentUrl":"https:\/\/www.smedemokrati.sk\/wp-content\/uploads\/2026\/03\/657581098_1448224493766912_7311792421332175351_n-e1774721764899.jpg","width":1536,"height":1328},{"@type":"BreadcrumbList","@id":"https:\/\/www.smedemokrati.sk\/reakcia-na-prezidenta-pellegriniho-v-sobotnych-dialogoch\/#breadcrumb","itemListElement":[{"@type":"ListItem","position":1,"name":"Domovsk\u00e1 str\u00e1nka","item":"https:\/\/www.smedemokrati.sk\/"},{"@type":"ListItem","position":2,"name":"Reakcia na prezidenta Pellegriniho v Sobotn\u00fdch dial\u00f3goch"}]},{"@type":"WebSite","@id":"https:\/\/www.smedemokrati.sk\/#website","url":"https:\/\/www.smedemokrati.sk\/","name":"Smedemokrati.sk","description":"Demokracia a slu\u0161nos\u0165 zv\u00ed\u0165az\u00ed","publisher":{"@id":"https:\/\/www.smedemokrati.sk\/#organization"},"potentialAction":[{"@type":"SearchAction","target":{"@type":"EntryPoint","urlTemplate":"https:\/\/www.smedemokrati.sk\/?s={search_term_string}"},"query-input":{"@type":"PropertyValueSpecification","valueRequired":true,"valueName":"search_term_string"}}],"inLanguage":"hu-HU"},{"@type":"Organization","@id":"https:\/\/www.smedemokrati.sk\/#organization","name":"Smedemokrati.sk","url":"https:\/\/www.smedemokrati.sk\/","logo":{"@type":"ImageObject","inLanguage":"hu-HU","@id":"https:\/\/www.smedemokrati.sk\/#\/schema\/logo\/image\/","url":"https:\/\/www.smedemokrati.sk\/wp-content\/uploads\/2023\/04\/ff.002.jpeg","contentUrl":"https:\/\/www.smedemokrati.sk\/wp-content\/uploads\/2023\/04\/ff.002.jpeg","width":640,"height":480,"caption":"Smedemokrati.sk"},"image":{"@id":"https:\/\/www.smedemokrati.sk\/#\/schema\/logo\/image\/"},"sameAs":["https:\/\/www.facebook.com\/smedemokrati2023"]},{"@type":"Person","@id":"https:\/\/www.smedemokrati.sk\/#\/schema\/person\/21f147c88d605aa7ded900e1e7c344ba","name":"miro.sopko","image":{"@type":"ImageObject","inLanguage":"hu-HU","@id":"https:\/\/secure.gravatar.com\/avatar\/267e4a36f704376c109afe3a78740c1f5dd8675a2180a908699e7863c9247606?s=96&d=mm&r=g","url":"https:\/\/secure.gravatar.com\/avatar\/267e4a36f704376c109afe3a78740c1f5dd8675a2180a908699e7863c9247606?s=96&d=mm&r=g","contentUrl":"https:\/\/secure.gravatar.com\/avatar\/267e4a36f704376c109afe3a78740c1f5dd8675a2180a908699e7863c9247606?s=96&d=mm&r=g","caption":"miro.sopko"},"url":"https:\/\/www.smedemokrati.sk\/hu\/author\/miro-sopko\/"}]}},"_links":{"self":[{"href":"https:\/\/www.smedemokrati.sk\/hu\/wp-json\/wp\/v2\/posts\/9137","targetHints":{"allow":["GET"]}}],"collection":[{"href":"https:\/\/www.smedemokrati.sk\/hu\/wp-json\/wp\/v2\/posts"}],"about":[{"href":"https:\/\/www.smedemokrati.sk\/hu\/wp-json\/wp\/v2\/types\/post"}],"author":[{"embeddable":true,"href":"https:\/\/www.smedemokrati.sk\/hu\/wp-json\/wp\/v2\/users\/13"}],"replies":[{"embeddable":true,"href":"https:\/\/www.smedemokrati.sk\/hu\/wp-json\/wp\/v2\/comments?post=9137"}],"version-history":[{"count":1,"href":"https:\/\/www.smedemokrati.sk\/hu\/wp-json\/wp\/v2\/posts\/9137\/revisions"}],"predecessor-version":[{"id":9139,"href":"https:\/\/www.smedemokrati.sk\/hu\/wp-json\/wp\/v2\/posts\/9137\/revisions\/9139"}],"wp:featuredmedia":[{"embeddable":true,"href":"https:\/\/www.smedemokrati.sk\/hu\/wp-json\/wp\/v2\/media\/9138"}],"wp:attachment":[{"href":"https:\/\/www.smedemokrati.sk\/hu\/wp-json\/wp\/v2\/media?parent=9137"}],"wp:term":[{"taxonomy":"category","embeddable":true,"href":"https:\/\/www.smedemokrati.sk\/hu\/wp-json\/wp\/v2\/categories?post=9137"},{"taxonomy":"post_tag","embeddable":true,"href":"https:\/\/www.smedemokrati.sk\/hu\/wp-json\/wp\/v2\/tags?post=9137"}],"curies":[{"name":"wp","href":"https:\/\/api.w.org\/{rel}","templated":true}]}}