{"id":9127,"date":"2026-03-27T21:35:06","date_gmt":"2026-03-27T20:35:06","guid":{"rendered":"https:\/\/www.smedemokrati.sk\/?p=9127"},"modified":"2026-03-27T21:35:07","modified_gmt":"2026-03-27T20:35:07","slug":"demokrati-osobne-vyzyvaju-jana-ferencaka-spred-mestskeho-uradu-v-kezmarku-na-okamzite-odstupenie-zo-vsetkych-verejnych-funkcii","status":"publish","type":"post","link":"https:\/\/www.smedemokrati.sk\/hu\/demokrati-osobne-vyzyvaju-jana-ferencaka-spred-mestskeho-uradu-v-kezmarku-na-okamzite-odstupenie-zo-vsetkych-verejnych-funkcii\/","title":{"rendered":"Demokrati osobne vyz\u00fdvaj\u00fa J\u00e1na Feren\u010d\u00e1ka spred mestsk\u00e9ho \u00faradu v Ke\u017emarku na okam\u017eit\u00e9 odst\u00fapenie zo v\u0161etk\u00fdch verejn\u00fdch funkci\u00ed"},"content":{"rendered":"<div id=\"fb-root\"><\/div>\n\n<p><strong>Strana Demokrati reaguje na zverejnen\u00e9 videoz\u00e1znamy z 25. marca 2026, ktor\u00e9 zachyt\u00e1vaj\u00fa poslanca N\u00e1rodnej rady SR a prim\u00e1tora mesta Ke\u017emarok J\u00e1na Feren\u010d\u00e1ka pri manipul\u00e1cii s vysokou hotovos\u0165ou za okolnost\u00ed, ktor\u00e9 vyvol\u00e1vaj\u00fa v\u00e1\u017ene pochybnosti o z\u00e1konnosti a transparentnosti jeho konania. Ide len o \u010fal\u0161\u00ed diel do mozaiky fungovania J\u00e1na Feren\u010d\u00e1ka, ktor\u00fa odha\u013eujeme posledn\u00e9 dva t\u00fd\u017edne. Preto dnes Demokrati pri\u0161li priamo pred mestsk\u00fd \u00farad v Ke\u017emarku, aby ho vyzvali na odst\u00fapenie z oboch funkci\u00ed. Priniesli sme mu osobn\u00fd list a jedine\u010dn\u00e9 ozna\u010denie jeho gar\u00e1\u017ee, ktor\u00e9 m\u00f4\u017ee odteraz pou\u017e\u00edva\u0165.<\/strong><\/p>\n\n\n\n<p><em>\u201eZ\u00e1bery, na ktor\u00fdch je vidite\u013en\u00e9 prepo\u010d\u00edtavanie desiatok tis\u00edc eur v hotovosti v neform\u00e1lnom prostred\u00ed bez ak\u00e9hoko\u013evek zmluvn\u00e9ho alebo ofici\u00e1lneho r\u00e1mca, pova\u017eujeme za neprijate\u013en\u00e9 a nezlu\u010dite\u013en\u00e9 s v\u00fdkonom verejnej funkcie v demokratickej krajine. Tak\u00e9to konanie podkop\u00e1va d\u00f4veru verejnosti v pr\u00e1vny \u0161t\u00e1t a v samotn\u00e9 fungovanie verejn\u00fdch in\u0161tit\u00faci\u00ed,\u201c&nbsp;vrav\u00ed Karel Hirman, \u010dlen predsedn\u00edctva strany Demokrati.<\/em><\/p>\n\n\n\n<p><em>\u201eVysvetlenia o \u00fadajnej \u201es\u00fakromnej p\u00f4\u017ei\u010dke\u201c nepova\u017eujeme za d\u00f4veryhodn\u00e9. Verejn\u00fd \u010dinite\u013e mus\u00ed nielen kona\u0165 z\u00e1konne, ale aj dba\u0165 na to, aby jeho konanie bolo transparentn\u00e9 a nevyvol\u00e1valo pochybnosti o mo\u017enom zneu\u017eit\u00ed postavenia,\u201c<\/em>&nbsp;dod\u00e1va krajsk\u00fd predseda Demokratov Richard J\u00e1no\u0161.<\/p>\n","protected":false},"excerpt":{"rendered":"<p>Strana Demokrati reaguje na zverejnen\u00e9 videoz\u00e1znamy z 25. marca 2026, ktor\u00e9 zachyt\u00e1vaj\u00fa poslanca N\u00e1rodnej rady SR a prim\u00e1tora mesta Ke\u017emarok J\u00e1na Feren\u010d\u00e1ka pri manipul\u00e1cii s vysokou hotovos\u0165ou za okolnost\u00ed, ktor\u00e9 vyvol\u00e1vaj\u00fa v\u00e1\u017ene pochybnosti o z\u00e1konnosti a transparentnosti jeho konania. Ide len o \u010fal\u0161\u00ed diel do mozaiky fungovania J\u00e1na Feren\u010d\u00e1ka, ktor\u00fa odha\u013eujeme posledn\u00e9 dva t\u00fd\u017edne. Preto [&hellip;]<\/p>\n","protected":false},"author":13,"featured_media":9128,"comment_status":"closed","ping_status":"closed","sticky":false,"template":"","format":"standard","meta":{"_acf_changed":false,"ngg_post_thumbnail":0,"footnotes":""},"categories":[4],"tags":[],"class_list":["post-9127","post","type-post","status-publish","format-standard","has-post-thumbnail","hentry","category-tlacove-spravy"],"acf":[],"yoast_head":"<!-- This site is optimized with the Yoast SEO plugin v27.2 - https:\/\/yoast.com\/product\/yoast-seo-wordpress\/ -->\n<title>Demokrati osobne vyz\u00fdvaj\u00fa J\u00e1na Feren\u010d\u00e1ka spred mestsk\u00e9ho \u00faradu v Ke\u017emarku na okam\u017eit\u00e9 odst\u00fapenie zo v\u0161etk\u00fdch verejn\u00fdch funkci\u00ed<\/title>\n<meta name=\"robots\" content=\"index, follow, max-snippet:-1, max-image-preview:large, max-video-preview:-1\" \/>\n<link rel=\"canonical\" href=\"https:\/\/www.smedemokrati.sk\/hu\/demokrati-osobne-vyzyvaju-jana-ferencaka-spred-mestskeho-uradu-v-kezmarku-na-okamzite-odstupenie-zo-vsetkych-verejnych-funkcii\/\" \/>\n<meta property=\"og:locale\" content=\"hu_HU\" \/>\n<meta property=\"og:locale:alternate\" content=\"en_US\" \/>\n<meta property=\"og:locale:alternate\" content=\"cs_CZ\" \/>\n<meta property=\"og:locale:alternate\" content=\"sk_SK\" \/>\n<meta property=\"og:locale:alternate\" content=\"sv_SE\" \/>\n<meta property=\"og:type\" content=\"article\" \/>\n<meta property=\"og:title\" content=\"Demokrati osobne vyz\u00fdvaj\u00fa J\u00e1na Feren\u010d\u00e1ka spred mestsk\u00e9ho \u00faradu v Ke\u017emarku na okam\u017eit\u00e9 odst\u00fapenie zo v\u0161etk\u00fdch verejn\u00fdch funkci\u00ed\" \/>\n<meta property=\"og:description\" content=\"Strana Demokrati reaguje na zverejnen\u00e9 videoz\u00e1znamy z 25. marca 2026, ktor\u00e9 zachyt\u00e1vaj\u00fa poslanca N\u00e1rodnej rady SR a prim\u00e1tora mesta Ke\u017emarok J\u00e1na Feren\u010d\u00e1ka pri manipul\u00e1cii s vysokou hotovos\u0165ou za okolnost\u00ed, ktor\u00e9 vyvol\u00e1vaj\u00fa v\u00e1\u017ene pochybnosti o z\u00e1konnosti a transparentnosti jeho konania. Ide len o \u010fal\u0161\u00ed diel do mozaiky fungovania J\u00e1na Feren\u010d\u00e1ka, ktor\u00fa odha\u013eujeme posledn\u00e9 dva t\u00fd\u017edne. Preto [&hellip;]\" \/>\n<meta property=\"og:url\" content=\"https:\/\/www.smedemokrati.sk\/hu\/demokrati-osobne-vyzyvaju-jana-ferencaka-spred-mestskeho-uradu-v-kezmarku-na-okamzite-odstupenie-zo-vsetkych-verejnych-funkcii\/\" \/>\n<meta property=\"og:site_name\" content=\"Smedemokrati.sk\" \/>\n<meta property=\"article:publisher\" content=\"https:\/\/www.facebook.com\/smedemokrati2023\" \/>\n<meta property=\"article:published_time\" content=\"2026-03-27T20:35:06+00:00\" \/>\n<meta property=\"article:modified_time\" content=\"2026-03-27T20:35:07+00:00\" \/>\n<meta property=\"og:image\" content=\"https:\/\/www.smedemokrati.sk\/wp-content\/uploads\/2026\/03\/659764330_1515803213245835_3886952519962270605_n-e1774643695702.jpg\" \/>\n\t<meta property=\"og:image:width\" content=\"735\" \/>\n\t<meta property=\"og:image:height\" content=\"513\" \/>\n\t<meta property=\"og:image:type\" content=\"image\/jpeg\" \/>\n<meta name=\"author\" content=\"miro.sopko\" \/>\n<meta name=\"twitter:card\" content=\"summary_large_image\" \/>\n<meta name=\"twitter:label1\" content=\"Szerz\u0151:\" \/>\n\t<meta name=\"twitter:data1\" content=\"miro.sopko\" \/>\n\t<meta name=\"twitter:label2\" content=\"Becs\u00fclt olvas\u00e1si id\u0151\" \/>\n\t<meta name=\"twitter:data2\" content=\"2 perc\" \/>\n<script type=\"application\/ld+json\" class=\"yoast-schema-graph\">{\"@context\":\"https:\/\/schema.org\",\"@graph\":[{\"@type\":\"Article\",\"@id\":\"https:\/\/www.smedemokrati.sk\/demokrati-osobne-vyzyvaju-jana-ferencaka-spred-mestskeho-uradu-v-kezmarku-na-okamzite-odstupenie-zo-vsetkych-verejnych-funkcii\/#article\",\"isPartOf\":{\"@id\":\"https:\/\/www.smedemokrati.sk\/demokrati-osobne-vyzyvaju-jana-ferencaka-spred-mestskeho-uradu-v-kezmarku-na-okamzite-odstupenie-zo-vsetkych-verejnych-funkcii\/\"},\"author\":{\"name\":\"miro.sopko\",\"@id\":\"https:\/\/www.smedemokrati.sk\/#\/schema\/person\/21f147c88d605aa7ded900e1e7c344ba\"},\"headline\":\"Demokrati osobne vyz\u00fdvaj\u00fa J\u00e1na Feren\u010d\u00e1ka spred mestsk\u00e9ho \u00faradu v Ke\u017emarku na okam\u017eit\u00e9 odst\u00fapenie zo v\u0161etk\u00fdch verejn\u00fdch funkci\u00ed\",\"datePublished\":\"2026-03-27T20:35:06+00:00\",\"dateModified\":\"2026-03-27T20:35:07+00:00\",\"mainEntityOfPage\":{\"@id\":\"https:\/\/www.smedemokrati.sk\/demokrati-osobne-vyzyvaju-jana-ferencaka-spred-mestskeho-uradu-v-kezmarku-na-okamzite-odstupenie-zo-vsetkych-verejnych-funkcii\/\"},\"wordCount\":265,\"publisher\":{\"@id\":\"https:\/\/www.smedemokrati.sk\/#organization\"},\"image\":{\"@id\":\"https:\/\/www.smedemokrati.sk\/demokrati-osobne-vyzyvaju-jana-ferencaka-spred-mestskeho-uradu-v-kezmarku-na-okamzite-odstupenie-zo-vsetkych-verejnych-funkcii\/#primaryimage\"},\"thumbnailUrl\":\"https:\/\/www.smedemokrati.sk\/wp-content\/uploads\/2026\/03\/659764330_1515803213245835_3886952519962270605_n-e1774643695702.jpg\",\"articleSection\":[\"Tla\u010dov\u00e9 spr\u00e1vy\"],\"inLanguage\":\"hu-HU\"},{\"@type\":\"WebPage\",\"@id\":\"https:\/\/www.smedemokrati.sk\/demokrati-osobne-vyzyvaju-jana-ferencaka-spred-mestskeho-uradu-v-kezmarku-na-okamzite-odstupenie-zo-vsetkych-verejnych-funkcii\/\",\"url\":\"https:\/\/www.smedemokrati.sk\/demokrati-osobne-vyzyvaju-jana-ferencaka-spred-mestskeho-uradu-v-kezmarku-na-okamzite-odstupenie-zo-vsetkych-verejnych-funkcii\/\",\"name\":\"Demokrati osobne vyz\u00fdvaj\u00fa J\u00e1na Feren\u010d\u00e1ka spred mestsk\u00e9ho \u00faradu v Ke\u017emarku na okam\u017eit\u00e9 odst\u00fapenie zo v\u0161etk\u00fdch verejn\u00fdch funkci\u00ed\",\"isPartOf\":{\"@id\":\"https:\/\/www.smedemokrati.sk\/#website\"},\"primaryImageOfPage\":{\"@id\":\"https:\/\/www.smedemokrati.sk\/demokrati-osobne-vyzyvaju-jana-ferencaka-spred-mestskeho-uradu-v-kezmarku-na-okamzite-odstupenie-zo-vsetkych-verejnych-funkcii\/#primaryimage\"},\"image\":{\"@id\":\"https:\/\/www.smedemokrati.sk\/demokrati-osobne-vyzyvaju-jana-ferencaka-spred-mestskeho-uradu-v-kezmarku-na-okamzite-odstupenie-zo-vsetkych-verejnych-funkcii\/#primaryimage\"},\"thumbnailUrl\":\"https:\/\/www.smedemokrati.sk\/wp-content\/uploads\/2026\/03\/659764330_1515803213245835_3886952519962270605_n-e1774643695702.jpg\",\"datePublished\":\"2026-03-27T20:35:06+00:00\",\"dateModified\":\"2026-03-27T20:35:07+00:00\",\"breadcrumb\":{\"@id\":\"https:\/\/www.smedemokrati.sk\/demokrati-osobne-vyzyvaju-jana-ferencaka-spred-mestskeho-uradu-v-kezmarku-na-okamzite-odstupenie-zo-vsetkych-verejnych-funkcii\/#breadcrumb\"},\"inLanguage\":\"hu-HU\",\"potentialAction\":[{\"@type\":\"ReadAction\",\"target\":[\"https:\/\/www.smedemokrati.sk\/demokrati-osobne-vyzyvaju-jana-ferencaka-spred-mestskeho-uradu-v-kezmarku-na-okamzite-odstupenie-zo-vsetkych-verejnych-funkcii\/\"]}]},{\"@type\":\"ImageObject\",\"inLanguage\":\"hu-HU\",\"@id\":\"https:\/\/www.smedemokrati.sk\/demokrati-osobne-vyzyvaju-jana-ferencaka-spred-mestskeho-uradu-v-kezmarku-na-okamzite-odstupenie-zo-vsetkych-verejnych-funkcii\/#primaryimage\",\"url\":\"https:\/\/www.smedemokrati.sk\/wp-content\/uploads\/2026\/03\/659764330_1515803213245835_3886952519962270605_n-e1774643695702.jpg\",\"contentUrl\":\"https:\/\/www.smedemokrati.sk\/wp-content\/uploads\/2026\/03\/659764330_1515803213245835_3886952519962270605_n-e1774643695702.jpg\",\"width\":735,\"height\":513},{\"@type\":\"BreadcrumbList\",\"@id\":\"https:\/\/www.smedemokrati.sk\/demokrati-osobne-vyzyvaju-jana-ferencaka-spred-mestskeho-uradu-v-kezmarku-na-okamzite-odstupenie-zo-vsetkych-verejnych-funkcii\/#breadcrumb\",\"itemListElement\":[{\"@type\":\"ListItem\",\"position\":1,\"name\":\"Domovsk\u00e1 str\u00e1nka\",\"item\":\"https:\/\/www.smedemokrati.sk\/\"},{\"@type\":\"ListItem\",\"position\":2,\"name\":\"Demokrati osobne vyz\u00fdvaj\u00fa J\u00e1na Feren\u010d\u00e1ka spred mestsk\u00e9ho \u00faradu v Ke\u017emarku na okam\u017eit\u00e9 odst\u00fapenie zo v\u0161etk\u00fdch verejn\u00fdch funkci\u00ed\"}]},{\"@type\":\"WebSite\",\"@id\":\"https:\/\/www.smedemokrati.sk\/#website\",\"url\":\"https:\/\/www.smedemokrati.sk\/\",\"name\":\"Smedemokrati.sk\",\"description\":\"Demokracia a slu\u0161nos\u0165 zv\u00ed\u0165az\u00ed\",\"publisher\":{\"@id\":\"https:\/\/www.smedemokrati.sk\/#organization\"},\"potentialAction\":[{\"@type\":\"SearchAction\",\"target\":{\"@type\":\"EntryPoint\",\"urlTemplate\":\"https:\/\/www.smedemokrati.sk\/?s={search_term_string}\"},\"query-input\":{\"@type\":\"PropertyValueSpecification\",\"valueRequired\":true,\"valueName\":\"search_term_string\"}}],\"inLanguage\":\"hu-HU\"},{\"@type\":\"Organization\",\"@id\":\"https:\/\/www.smedemokrati.sk\/#organization\",\"name\":\"Smedemokrati.sk\",\"url\":\"https:\/\/www.smedemokrati.sk\/\",\"logo\":{\"@type\":\"ImageObject\",\"inLanguage\":\"hu-HU\",\"@id\":\"https:\/\/www.smedemokrati.sk\/#\/schema\/logo\/image\/\",\"url\":\"https:\/\/www.smedemokrati.sk\/wp-content\/uploads\/2023\/04\/ff.002.jpeg\",\"contentUrl\":\"https:\/\/www.smedemokrati.sk\/wp-content\/uploads\/2023\/04\/ff.002.jpeg\",\"width\":640,\"height\":480,\"caption\":\"Smedemokrati.sk\"},\"image\":{\"@id\":\"https:\/\/www.smedemokrati.sk\/#\/schema\/logo\/image\/\"},\"sameAs\":[\"https:\/\/www.facebook.com\/smedemokrati2023\"]},{\"@type\":\"Person\",\"@id\":\"https:\/\/www.smedemokrati.sk\/#\/schema\/person\/21f147c88d605aa7ded900e1e7c344ba\",\"name\":\"miro.sopko\",\"image\":{\"@type\":\"ImageObject\",\"inLanguage\":\"hu-HU\",\"@id\":\"https:\/\/secure.gravatar.com\/avatar\/267e4a36f704376c109afe3a78740c1f5dd8675a2180a908699e7863c9247606?s=96&d=mm&r=g\",\"url\":\"https:\/\/secure.gravatar.com\/avatar\/267e4a36f704376c109afe3a78740c1f5dd8675a2180a908699e7863c9247606?s=96&d=mm&r=g\",\"contentUrl\":\"https:\/\/secure.gravatar.com\/avatar\/267e4a36f704376c109afe3a78740c1f5dd8675a2180a908699e7863c9247606?s=96&d=mm&r=g\",\"caption\":\"miro.sopko\"},\"url\":\"https:\/\/www.smedemokrati.sk\/hu\/author\/miro-sopko\/\"}]}<\/script>\n<!-- \/ Yoast SEO plugin. -->","yoast_head_json":{"title":"Demokrati osobne vyz\u00fdvaj\u00fa J\u00e1na Feren\u010d\u00e1ka spred mestsk\u00e9ho \u00faradu v Ke\u017emarku na okam\u017eit\u00e9 odst\u00fapenie zo v\u0161etk\u00fdch verejn\u00fdch funkci\u00ed","robots":{"index":"index","follow":"follow","max-snippet":"max-snippet:-1","max-image-preview":"max-image-preview:large","max-video-preview":"max-video-preview:-1"},"canonical":"https:\/\/www.smedemokrati.sk\/hu\/demokrati-osobne-vyzyvaju-jana-ferencaka-spred-mestskeho-uradu-v-kezmarku-na-okamzite-odstupenie-zo-vsetkych-verejnych-funkcii\/","og_locale":"hu_HU","og_type":"article","og_title":"[:sk]Demokrati osobne vyz\u00fdvaj\u00fa J\u00e1na Feren\u010d\u00e1ka spred mestsk\u00e9ho \u00faradu v Ke\u017emarku na okam\u017eit\u00e9 odst\u00fapenie zo v\u0161etk\u00fdch verejn\u00fdch funkci\u00ed[:] - Smedemokrati.sk","og_description":"Strana Demokrati reaguje na zverejnen\u00e9 videoz\u00e1znamy z 25. marca 2026, ktor\u00e9 zachyt\u00e1vaj\u00fa poslanca N\u00e1rodnej rady SR a prim\u00e1tora mesta Ke\u017emarok J\u00e1na Feren\u010d\u00e1ka pri manipul\u00e1cii s vysokou hotovos\u0165ou za okolnost\u00ed, ktor\u00e9 vyvol\u00e1vaj\u00fa v\u00e1\u017ene pochybnosti o z\u00e1konnosti a transparentnosti jeho konania. Ide len o \u010fal\u0161\u00ed diel do mozaiky fungovania J\u00e1na Feren\u010d\u00e1ka, ktor\u00fa odha\u013eujeme posledn\u00e9 dva t\u00fd\u017edne. Preto [&hellip;]","og_url":"https:\/\/www.smedemokrati.sk\/hu\/demokrati-osobne-vyzyvaju-jana-ferencaka-spred-mestskeho-uradu-v-kezmarku-na-okamzite-odstupenie-zo-vsetkych-verejnych-funkcii\/","og_site_name":"Smedemokrati.sk","article_publisher":"https:\/\/www.facebook.com\/smedemokrati2023","article_published_time":"2026-03-27T20:35:06+00:00","article_modified_time":"2026-03-27T20:35:07+00:00","og_image":[{"width":735,"height":513,"url":"https:\/\/www.smedemokrati.sk\/wp-content\/uploads\/2026\/03\/659764330_1515803213245835_3886952519962270605_n-e1774643695702.jpg","type":"image\/jpeg"}],"author":"miro.sopko","twitter_card":"summary_large_image","twitter_misc":{"Szerz\u0151:":"miro.sopko","Becs\u00fclt olvas\u00e1si id\u0151":"2 perc"},"schema":{"@context":"https:\/\/schema.org","@graph":[{"@type":"Article","@id":"https:\/\/www.smedemokrati.sk\/demokrati-osobne-vyzyvaju-jana-ferencaka-spred-mestskeho-uradu-v-kezmarku-na-okamzite-odstupenie-zo-vsetkych-verejnych-funkcii\/#article","isPartOf":{"@id":"https:\/\/www.smedemokrati.sk\/demokrati-osobne-vyzyvaju-jana-ferencaka-spred-mestskeho-uradu-v-kezmarku-na-okamzite-odstupenie-zo-vsetkych-verejnych-funkcii\/"},"author":{"name":"miro.sopko","@id":"https:\/\/www.smedemokrati.sk\/#\/schema\/person\/21f147c88d605aa7ded900e1e7c344ba"},"headline":"Demokrati osobne vyz\u00fdvaj\u00fa J\u00e1na Feren\u010d\u00e1ka spred mestsk\u00e9ho \u00faradu v Ke\u017emarku na okam\u017eit\u00e9 odst\u00fapenie zo v\u0161etk\u00fdch verejn\u00fdch funkci\u00ed","datePublished":"2026-03-27T20:35:06+00:00","dateModified":"2026-03-27T20:35:07+00:00","mainEntityOfPage":{"@id":"https:\/\/www.smedemokrati.sk\/demokrati-osobne-vyzyvaju-jana-ferencaka-spred-mestskeho-uradu-v-kezmarku-na-okamzite-odstupenie-zo-vsetkych-verejnych-funkcii\/"},"wordCount":265,"publisher":{"@id":"https:\/\/www.smedemokrati.sk\/#organization"},"image":{"@id":"https:\/\/www.smedemokrati.sk\/demokrati-osobne-vyzyvaju-jana-ferencaka-spred-mestskeho-uradu-v-kezmarku-na-okamzite-odstupenie-zo-vsetkych-verejnych-funkcii\/#primaryimage"},"thumbnailUrl":"https:\/\/www.smedemokrati.sk\/wp-content\/uploads\/2026\/03\/659764330_1515803213245835_3886952519962270605_n-e1774643695702.jpg","articleSection":["Tla\u010dov\u00e9 spr\u00e1vy"],"inLanguage":"hu-HU"},{"@type":"WebPage","@id":"https:\/\/www.smedemokrati.sk\/demokrati-osobne-vyzyvaju-jana-ferencaka-spred-mestskeho-uradu-v-kezmarku-na-okamzite-odstupenie-zo-vsetkych-verejnych-funkcii\/","url":"https:\/\/www.smedemokrati.sk\/demokrati-osobne-vyzyvaju-jana-ferencaka-spred-mestskeho-uradu-v-kezmarku-na-okamzite-odstupenie-zo-vsetkych-verejnych-funkcii\/","name":"Demokrati osobne vyz\u00fdvaj\u00fa J\u00e1na Feren\u010d\u00e1ka spred mestsk\u00e9ho \u00faradu v Ke\u017emarku na okam\u017eit\u00e9 odst\u00fapenie zo v\u0161etk\u00fdch verejn\u00fdch funkci\u00ed","isPartOf":{"@id":"https:\/\/www.smedemokrati.sk\/#website"},"primaryImageOfPage":{"@id":"https:\/\/www.smedemokrati.sk\/demokrati-osobne-vyzyvaju-jana-ferencaka-spred-mestskeho-uradu-v-kezmarku-na-okamzite-odstupenie-zo-vsetkych-verejnych-funkcii\/#primaryimage"},"image":{"@id":"https:\/\/www.smedemokrati.sk\/demokrati-osobne-vyzyvaju-jana-ferencaka-spred-mestskeho-uradu-v-kezmarku-na-okamzite-odstupenie-zo-vsetkych-verejnych-funkcii\/#primaryimage"},"thumbnailUrl":"https:\/\/www.smedemokrati.sk\/wp-content\/uploads\/2026\/03\/659764330_1515803213245835_3886952519962270605_n-e1774643695702.jpg","datePublished":"2026-03-27T20:35:06+00:00","dateModified":"2026-03-27T20:35:07+00:00","breadcrumb":{"@id":"https:\/\/www.smedemokrati.sk\/demokrati-osobne-vyzyvaju-jana-ferencaka-spred-mestskeho-uradu-v-kezmarku-na-okamzite-odstupenie-zo-vsetkych-verejnych-funkcii\/#breadcrumb"},"inLanguage":"hu-HU","potentialAction":[{"@type":"ReadAction","target":["https:\/\/www.smedemokrati.sk\/demokrati-osobne-vyzyvaju-jana-ferencaka-spred-mestskeho-uradu-v-kezmarku-na-okamzite-odstupenie-zo-vsetkych-verejnych-funkcii\/"]}]},{"@type":"ImageObject","inLanguage":"hu-HU","@id":"https:\/\/www.smedemokrati.sk\/demokrati-osobne-vyzyvaju-jana-ferencaka-spred-mestskeho-uradu-v-kezmarku-na-okamzite-odstupenie-zo-vsetkych-verejnych-funkcii\/#primaryimage","url":"https:\/\/www.smedemokrati.sk\/wp-content\/uploads\/2026\/03\/659764330_1515803213245835_3886952519962270605_n-e1774643695702.jpg","contentUrl":"https:\/\/www.smedemokrati.sk\/wp-content\/uploads\/2026\/03\/659764330_1515803213245835_3886952519962270605_n-e1774643695702.jpg","width":735,"height":513},{"@type":"BreadcrumbList","@id":"https:\/\/www.smedemokrati.sk\/demokrati-osobne-vyzyvaju-jana-ferencaka-spred-mestskeho-uradu-v-kezmarku-na-okamzite-odstupenie-zo-vsetkych-verejnych-funkcii\/#breadcrumb","itemListElement":[{"@type":"ListItem","position":1,"name":"Domovsk\u00e1 str\u00e1nka","item":"https:\/\/www.smedemokrati.sk\/"},{"@type":"ListItem","position":2,"name":"Demokrati osobne vyz\u00fdvaj\u00fa J\u00e1na Feren\u010d\u00e1ka spred mestsk\u00e9ho \u00faradu v Ke\u017emarku na okam\u017eit\u00e9 odst\u00fapenie zo v\u0161etk\u00fdch verejn\u00fdch funkci\u00ed"}]},{"@type":"WebSite","@id":"https:\/\/www.smedemokrati.sk\/#website","url":"https:\/\/www.smedemokrati.sk\/","name":"Smedemokrati.sk","description":"Demokracia a slu\u0161nos\u0165 zv\u00ed\u0165az\u00ed","publisher":{"@id":"https:\/\/www.smedemokrati.sk\/#organization"},"potentialAction":[{"@type":"SearchAction","target":{"@type":"EntryPoint","urlTemplate":"https:\/\/www.smedemokrati.sk\/?s={search_term_string}"},"query-input":{"@type":"PropertyValueSpecification","valueRequired":true,"valueName":"search_term_string"}}],"inLanguage":"hu-HU"},{"@type":"Organization","@id":"https:\/\/www.smedemokrati.sk\/#organization","name":"Smedemokrati.sk","url":"https:\/\/www.smedemokrati.sk\/","logo":{"@type":"ImageObject","inLanguage":"hu-HU","@id":"https:\/\/www.smedemokrati.sk\/#\/schema\/logo\/image\/","url":"https:\/\/www.smedemokrati.sk\/wp-content\/uploads\/2023\/04\/ff.002.jpeg","contentUrl":"https:\/\/www.smedemokrati.sk\/wp-content\/uploads\/2023\/04\/ff.002.jpeg","width":640,"height":480,"caption":"Smedemokrati.sk"},"image":{"@id":"https:\/\/www.smedemokrati.sk\/#\/schema\/logo\/image\/"},"sameAs":["https:\/\/www.facebook.com\/smedemokrati2023"]},{"@type":"Person","@id":"https:\/\/www.smedemokrati.sk\/#\/schema\/person\/21f147c88d605aa7ded900e1e7c344ba","name":"miro.sopko","image":{"@type":"ImageObject","inLanguage":"hu-HU","@id":"https:\/\/secure.gravatar.com\/avatar\/267e4a36f704376c109afe3a78740c1f5dd8675a2180a908699e7863c9247606?s=96&d=mm&r=g","url":"https:\/\/secure.gravatar.com\/avatar\/267e4a36f704376c109afe3a78740c1f5dd8675a2180a908699e7863c9247606?s=96&d=mm&r=g","contentUrl":"https:\/\/secure.gravatar.com\/avatar\/267e4a36f704376c109afe3a78740c1f5dd8675a2180a908699e7863c9247606?s=96&d=mm&r=g","caption":"miro.sopko"},"url":"https:\/\/www.smedemokrati.sk\/hu\/author\/miro-sopko\/"}]}},"_links":{"self":[{"href":"https:\/\/www.smedemokrati.sk\/hu\/wp-json\/wp\/v2\/posts\/9127","targetHints":{"allow":["GET"]}}],"collection":[{"href":"https:\/\/www.smedemokrati.sk\/hu\/wp-json\/wp\/v2\/posts"}],"about":[{"href":"https:\/\/www.smedemokrati.sk\/hu\/wp-json\/wp\/v2\/types\/post"}],"author":[{"embeddable":true,"href":"https:\/\/www.smedemokrati.sk\/hu\/wp-json\/wp\/v2\/users\/13"}],"replies":[{"embeddable":true,"href":"https:\/\/www.smedemokrati.sk\/hu\/wp-json\/wp\/v2\/comments?post=9127"}],"version-history":[{"count":1,"href":"https:\/\/www.smedemokrati.sk\/hu\/wp-json\/wp\/v2\/posts\/9127\/revisions"}],"predecessor-version":[{"id":9129,"href":"https:\/\/www.smedemokrati.sk\/hu\/wp-json\/wp\/v2\/posts\/9127\/revisions\/9129"}],"wp:featuredmedia":[{"embeddable":true,"href":"https:\/\/www.smedemokrati.sk\/hu\/wp-json\/wp\/v2\/media\/9128"}],"wp:attachment":[{"href":"https:\/\/www.smedemokrati.sk\/hu\/wp-json\/wp\/v2\/media?parent=9127"}],"wp:term":[{"taxonomy":"category","embeddable":true,"href":"https:\/\/www.smedemokrati.sk\/hu\/wp-json\/wp\/v2\/categories?post=9127"},{"taxonomy":"post_tag","embeddable":true,"href":"https:\/\/www.smedemokrati.sk\/hu\/wp-json\/wp\/v2\/tags?post=9127"}],"curies":[{"name":"wp","href":"https:\/\/api.w.org\/{rel}","templated":true}]}}