{"id":9111,"date":"2026-03-25T19:28:31","date_gmt":"2026-03-25T18:28:31","guid":{"rendered":"https:\/\/www.smedemokrati.sk\/?p=9111"},"modified":"2026-03-25T19:28:32","modified_gmt":"2026-03-25T18:28:32","slug":"ferencakove-vysvetlenia-pozicky-nesedia","status":"publish","type":"post","link":"https:\/\/www.smedemokrati.sk\/hu\/ferencakove-vysvetlenia-pozicky-nesedia\/","title":{"rendered":"Feren\u010d\u00e1kove vysvetlenia p\u00f4\u017ei\u010dky nesedia"},"content":{"rendered":"<div id=\"fb-root\"><\/div>\n\n<p><strong>Demokrati upozor\u0148uj\u00fa, \u017ee poslanec J\u00e1n Feren\u010d\u00e1k neuviedol \u00fadajn\u00fa p\u00f4\u017ei\u010dku v sume 45 000, ktor\u00fa mal v septembri v hotovosti odovzd\u00e1va\u0165 vo svojej gar\u00e1\u017ei, v majetkovom priznan\u00ed za rok 2023. Zjavne sa tak zamot\u00e1va vo svojich vysvetleniach.\u00a0<\/strong><\/p>\n\n\n\n<p>Pod\u013ea \u00fastavn\u00e9ho z\u00e1kona o ochrane verejn\u00e9ho z\u00e1ujmu mal v majetkovom priznan\u00ed uvies\u0165 v\u0161etky majetkov\u00e9 pr\u00e1va, teda aj p\u00f4\u017ei\u010dku, ktor\u00e9 presahuj\u00fa 35 n\u00e1sobok minim\u00e1lnej mzdy. T\u00e1 bola v roku 2023 700 eur, p\u00f4\u017ei\u010dku preto jednozna\u010dne mal uvies\u0165.&nbsp;<\/p>\n\n\n\n<p>Demokrati op\u00e4tovne vyz\u00fdvaj\u00fa J\u00e1na Feren\u010d\u00e1ka, aby sa vzdal poslaneck\u00e9ho mand\u00e1tu a \u010delil spravodlivosti.&nbsp;<\/p>\n\n\n<div id=\"fb-root\"><\/div><script async defer crossorigin=\"anonymous\" src=\"https:\/\/connect.facebook.net\/sk_SK\/sdk.js#xfbml=1&version=v18.0\"><\/script><div class=\"fb-video\" data-href=\"https:\/\/fb.watch\/G3L45P1f0H\" data-width=\"560\" data-show-text=\"false\"><blockquote cite=\"https:\/\/fb.watch\/G3L45P1f0H\" class=\"fb-xfbml-parse-ignore\"><a href=\"https:\/\/fb.watch\/G3L45P1f0H\">Video<\/a><\/blockquote><\/div>\n","protected":false},"excerpt":{"rendered":"<p>Demokrati upozor\u0148uj\u00fa, \u017ee poslanec J\u00e1n Feren\u010d\u00e1k neuviedol \u00fadajn\u00fa p\u00f4\u017ei\u010dku v sume 45 000, ktor\u00fa mal v septembri v hotovosti odovzd\u00e1va\u0165 vo svojej gar\u00e1\u017ei, v majetkovom priznan\u00ed za rok 2023. Zjavne sa tak zamot\u00e1va vo svojich vysvetleniach.\u00a0 Pod\u013ea \u00fastavn\u00e9ho z\u00e1kona o ochrane verejn\u00e9ho z\u00e1ujmu mal v majetkovom priznan\u00ed uvies\u0165 v\u0161etky majetkov\u00e9 pr\u00e1va, teda aj p\u00f4\u017ei\u010dku, ktor\u00e9 [&hellip;]<\/p>\n","protected":false},"author":13,"featured_media":9112,"comment_status":"closed","ping_status":"closed","sticky":false,"template":"","format":"standard","meta":{"_acf_changed":false,"ngg_post_thumbnail":0,"footnotes":""},"categories":[4],"tags":[],"class_list":["post-9111","post","type-post","status-publish","format-standard","has-post-thumbnail","hentry","category-tlacove-spravy"],"acf":[],"yoast_head":"<!-- This site is optimized with the Yoast SEO plugin v27.2 - https:\/\/yoast.com\/product\/yoast-seo-wordpress\/ -->\n<title>Feren\u010d\u00e1kove vysvetlenia p\u00f4\u017ei\u010dky nesedia<\/title>\n<meta name=\"robots\" content=\"index, follow, max-snippet:-1, max-image-preview:large, max-video-preview:-1\" \/>\n<link rel=\"canonical\" href=\"https:\/\/www.smedemokrati.sk\/hu\/ferencakove-vysvetlenia-pozicky-nesedia\/\" \/>\n<meta property=\"og:locale\" content=\"hu_HU\" \/>\n<meta property=\"og:locale:alternate\" content=\"en_US\" \/>\n<meta property=\"og:locale:alternate\" content=\"cs_CZ\" \/>\n<meta property=\"og:locale:alternate\" content=\"sk_SK\" \/>\n<meta property=\"og:locale:alternate\" content=\"sv_SE\" \/>\n<meta property=\"og:type\" content=\"article\" \/>\n<meta property=\"og:title\" content=\"Feren\u010d\u00e1kove vysvetlenia p\u00f4\u017ei\u010dky nesedia\" \/>\n<meta property=\"og:description\" content=\"Demokrati upozor\u0148uj\u00fa, \u017ee poslanec J\u00e1n Feren\u010d\u00e1k neuviedol \u00fadajn\u00fa p\u00f4\u017ei\u010dku v sume 45 000, ktor\u00fa mal v septembri v hotovosti odovzd\u00e1va\u0165 vo svojej gar\u00e1\u017ei, v majetkovom priznan\u00ed za rok 2023. Zjavne sa tak zamot\u00e1va vo svojich vysvetleniach.\u00a0 Pod\u013ea \u00fastavn\u00e9ho z\u00e1kona o ochrane verejn\u00e9ho z\u00e1ujmu mal v majetkovom priznan\u00ed uvies\u0165 v\u0161etky majetkov\u00e9 pr\u00e1va, teda aj p\u00f4\u017ei\u010dku, ktor\u00e9 [&hellip;]\" \/>\n<meta property=\"og:url\" content=\"https:\/\/www.smedemokrati.sk\/hu\/ferencakove-vysvetlenia-pozicky-nesedia\/\" \/>\n<meta property=\"og:site_name\" content=\"Smedemokrati.sk\" \/>\n<meta property=\"article:publisher\" content=\"https:\/\/www.facebook.com\/smedemokrati2023\" \/>\n<meta property=\"article:published_time\" content=\"2026-03-25T18:28:31+00:00\" \/>\n<meta property=\"article:modified_time\" content=\"2026-03-25T18:28:32+00:00\" \/>\n<meta property=\"og:image\" content=\"https:\/\/www.smedemokrati.sk\/wp-content\/uploads\/2026\/03\/657620306_945651351162667_7009715736161194533_n-e1774463300246.jpg\" \/>\n\t<meta property=\"og:image:width\" content=\"640\" \/>\n\t<meta property=\"og:image:height\" content=\"477\" \/>\n\t<meta property=\"og:image:type\" content=\"image\/jpeg\" \/>\n<meta name=\"author\" content=\"miro.sopko\" \/>\n<meta name=\"twitter:card\" content=\"summary_large_image\" \/>\n<meta name=\"twitter:label1\" content=\"Szerz\u0151:\" \/>\n\t<meta name=\"twitter:data1\" content=\"miro.sopko\" \/>\n\t<meta name=\"twitter:label2\" content=\"Becs\u00fclt olvas\u00e1si id\u0151\" \/>\n\t<meta name=\"twitter:data2\" content=\"1 perc\" \/>\n<script type=\"application\/ld+json\" class=\"yoast-schema-graph\">{\"@context\":\"https:\/\/schema.org\",\"@graph\":[{\"@type\":\"Article\",\"@id\":\"https:\/\/www.smedemokrati.sk\/ferencakove-vysvetlenia-pozicky-nesedia\/#article\",\"isPartOf\":{\"@id\":\"https:\/\/www.smedemokrati.sk\/ferencakove-vysvetlenia-pozicky-nesedia\/\"},\"author\":{\"name\":\"miro.sopko\",\"@id\":\"https:\/\/www.smedemokrati.sk\/#\/schema\/person\/21f147c88d605aa7ded900e1e7c344ba\"},\"headline\":\"Feren\u010d\u00e1kove vysvetlenia p\u00f4\u017ei\u010dky nesedia\",\"datePublished\":\"2026-03-25T18:28:31+00:00\",\"dateModified\":\"2026-03-25T18:28:32+00:00\",\"mainEntityOfPage\":{\"@id\":\"https:\/\/www.smedemokrati.sk\/ferencakove-vysvetlenia-pozicky-nesedia\/\"},\"wordCount\":128,\"publisher\":{\"@id\":\"https:\/\/www.smedemokrati.sk\/#organization\"},\"image\":{\"@id\":\"https:\/\/www.smedemokrati.sk\/ferencakove-vysvetlenia-pozicky-nesedia\/#primaryimage\"},\"thumbnailUrl\":\"https:\/\/www.smedemokrati.sk\/wp-content\/uploads\/2026\/03\/657620306_945651351162667_7009715736161194533_n-e1774463300246.jpg\",\"articleSection\":[\"Tla\u010dov\u00e9 spr\u00e1vy\"],\"inLanguage\":\"hu-HU\"},{\"@type\":\"WebPage\",\"@id\":\"https:\/\/www.smedemokrati.sk\/ferencakove-vysvetlenia-pozicky-nesedia\/\",\"url\":\"https:\/\/www.smedemokrati.sk\/ferencakove-vysvetlenia-pozicky-nesedia\/\",\"name\":\"Feren\u010d\u00e1kove vysvetlenia p\u00f4\u017ei\u010dky nesedia\",\"isPartOf\":{\"@id\":\"https:\/\/www.smedemokrati.sk\/#website\"},\"primaryImageOfPage\":{\"@id\":\"https:\/\/www.smedemokrati.sk\/ferencakove-vysvetlenia-pozicky-nesedia\/#primaryimage\"},\"image\":{\"@id\":\"https:\/\/www.smedemokrati.sk\/ferencakove-vysvetlenia-pozicky-nesedia\/#primaryimage\"},\"thumbnailUrl\":\"https:\/\/www.smedemokrati.sk\/wp-content\/uploads\/2026\/03\/657620306_945651351162667_7009715736161194533_n-e1774463300246.jpg\",\"datePublished\":\"2026-03-25T18:28:31+00:00\",\"dateModified\":\"2026-03-25T18:28:32+00:00\",\"breadcrumb\":{\"@id\":\"https:\/\/www.smedemokrati.sk\/ferencakove-vysvetlenia-pozicky-nesedia\/#breadcrumb\"},\"inLanguage\":\"hu-HU\",\"potentialAction\":[{\"@type\":\"ReadAction\",\"target\":[\"https:\/\/www.smedemokrati.sk\/ferencakove-vysvetlenia-pozicky-nesedia\/\"]}]},{\"@type\":\"ImageObject\",\"inLanguage\":\"hu-HU\",\"@id\":\"https:\/\/www.smedemokrati.sk\/ferencakove-vysvetlenia-pozicky-nesedia\/#primaryimage\",\"url\":\"https:\/\/www.smedemokrati.sk\/wp-content\/uploads\/2026\/03\/657620306_945651351162667_7009715736161194533_n-e1774463300246.jpg\",\"contentUrl\":\"https:\/\/www.smedemokrati.sk\/wp-content\/uploads\/2026\/03\/657620306_945651351162667_7009715736161194533_n-e1774463300246.jpg\",\"width\":640,\"height\":477},{\"@type\":\"BreadcrumbList\",\"@id\":\"https:\/\/www.smedemokrati.sk\/ferencakove-vysvetlenia-pozicky-nesedia\/#breadcrumb\",\"itemListElement\":[{\"@type\":\"ListItem\",\"position\":1,\"name\":\"Domovsk\u00e1 str\u00e1nka\",\"item\":\"https:\/\/www.smedemokrati.sk\/\"},{\"@type\":\"ListItem\",\"position\":2,\"name\":\"Feren\u010d\u00e1kove vysvetlenia p\u00f4\u017ei\u010dky nesedia\"}]},{\"@type\":\"WebSite\",\"@id\":\"https:\/\/www.smedemokrati.sk\/#website\",\"url\":\"https:\/\/www.smedemokrati.sk\/\",\"name\":\"Smedemokrati.sk\",\"description\":\"Demokracia a slu\u0161nos\u0165 zv\u00ed\u0165az\u00ed\",\"publisher\":{\"@id\":\"https:\/\/www.smedemokrati.sk\/#organization\"},\"potentialAction\":[{\"@type\":\"SearchAction\",\"target\":{\"@type\":\"EntryPoint\",\"urlTemplate\":\"https:\/\/www.smedemokrati.sk\/?s={search_term_string}\"},\"query-input\":{\"@type\":\"PropertyValueSpecification\",\"valueRequired\":true,\"valueName\":\"search_term_string\"}}],\"inLanguage\":\"hu-HU\"},{\"@type\":\"Organization\",\"@id\":\"https:\/\/www.smedemokrati.sk\/#organization\",\"name\":\"Smedemokrati.sk\",\"url\":\"https:\/\/www.smedemokrati.sk\/\",\"logo\":{\"@type\":\"ImageObject\",\"inLanguage\":\"hu-HU\",\"@id\":\"https:\/\/www.smedemokrati.sk\/#\/schema\/logo\/image\/\",\"url\":\"https:\/\/www.smedemokrati.sk\/wp-content\/uploads\/2023\/04\/ff.002.jpeg\",\"contentUrl\":\"https:\/\/www.smedemokrati.sk\/wp-content\/uploads\/2023\/04\/ff.002.jpeg\",\"width\":640,\"height\":480,\"caption\":\"Smedemokrati.sk\"},\"image\":{\"@id\":\"https:\/\/www.smedemokrati.sk\/#\/schema\/logo\/image\/\"},\"sameAs\":[\"https:\/\/www.facebook.com\/smedemokrati2023\"]},{\"@type\":\"Person\",\"@id\":\"https:\/\/www.smedemokrati.sk\/#\/schema\/person\/21f147c88d605aa7ded900e1e7c344ba\",\"name\":\"miro.sopko\",\"image\":{\"@type\":\"ImageObject\",\"inLanguage\":\"hu-HU\",\"@id\":\"https:\/\/secure.gravatar.com\/avatar\/267e4a36f704376c109afe3a78740c1f5dd8675a2180a908699e7863c9247606?s=96&d=mm&r=g\",\"url\":\"https:\/\/secure.gravatar.com\/avatar\/267e4a36f704376c109afe3a78740c1f5dd8675a2180a908699e7863c9247606?s=96&d=mm&r=g\",\"contentUrl\":\"https:\/\/secure.gravatar.com\/avatar\/267e4a36f704376c109afe3a78740c1f5dd8675a2180a908699e7863c9247606?s=96&d=mm&r=g\",\"caption\":\"miro.sopko\"},\"url\":\"https:\/\/www.smedemokrati.sk\/hu\/author\/miro-sopko\/\"}]}<\/script>\n<!-- \/ Yoast SEO plugin. -->","yoast_head_json":{"title":"Feren\u010d\u00e1kove vysvetlenia p\u00f4\u017ei\u010dky nesedia","robots":{"index":"index","follow":"follow","max-snippet":"max-snippet:-1","max-image-preview":"max-image-preview:large","max-video-preview":"max-video-preview:-1"},"canonical":"https:\/\/www.smedemokrati.sk\/hu\/ferencakove-vysvetlenia-pozicky-nesedia\/","og_locale":"hu_HU","og_type":"article","og_title":"[:sk]Feren\u010d\u00e1kove vysvetlenia p\u00f4\u017ei\u010dky nesedia[:] - Smedemokrati.sk","og_description":"Demokrati upozor\u0148uj\u00fa, \u017ee poslanec J\u00e1n Feren\u010d\u00e1k neuviedol \u00fadajn\u00fa p\u00f4\u017ei\u010dku v sume 45 000, ktor\u00fa mal v septembri v hotovosti odovzd\u00e1va\u0165 vo svojej gar\u00e1\u017ei, v majetkovom priznan\u00ed za rok 2023. Zjavne sa tak zamot\u00e1va vo svojich vysvetleniach.\u00a0 Pod\u013ea \u00fastavn\u00e9ho z\u00e1kona o ochrane verejn\u00e9ho z\u00e1ujmu mal v majetkovom priznan\u00ed uvies\u0165 v\u0161etky majetkov\u00e9 pr\u00e1va, teda aj p\u00f4\u017ei\u010dku, ktor\u00e9 [&hellip;]","og_url":"https:\/\/www.smedemokrati.sk\/hu\/ferencakove-vysvetlenia-pozicky-nesedia\/","og_site_name":"Smedemokrati.sk","article_publisher":"https:\/\/www.facebook.com\/smedemokrati2023","article_published_time":"2026-03-25T18:28:31+00:00","article_modified_time":"2026-03-25T18:28:32+00:00","og_image":[{"width":640,"height":477,"url":"https:\/\/www.smedemokrati.sk\/wp-content\/uploads\/2026\/03\/657620306_945651351162667_7009715736161194533_n-e1774463300246.jpg","type":"image\/jpeg"}],"author":"miro.sopko","twitter_card":"summary_large_image","twitter_misc":{"Szerz\u0151:":"miro.sopko","Becs\u00fclt olvas\u00e1si id\u0151":"1 perc"},"schema":{"@context":"https:\/\/schema.org","@graph":[{"@type":"Article","@id":"https:\/\/www.smedemokrati.sk\/ferencakove-vysvetlenia-pozicky-nesedia\/#article","isPartOf":{"@id":"https:\/\/www.smedemokrati.sk\/ferencakove-vysvetlenia-pozicky-nesedia\/"},"author":{"name":"miro.sopko","@id":"https:\/\/www.smedemokrati.sk\/#\/schema\/person\/21f147c88d605aa7ded900e1e7c344ba"},"headline":"Feren\u010d\u00e1kove vysvetlenia p\u00f4\u017ei\u010dky nesedia","datePublished":"2026-03-25T18:28:31+00:00","dateModified":"2026-03-25T18:28:32+00:00","mainEntityOfPage":{"@id":"https:\/\/www.smedemokrati.sk\/ferencakove-vysvetlenia-pozicky-nesedia\/"},"wordCount":128,"publisher":{"@id":"https:\/\/www.smedemokrati.sk\/#organization"},"image":{"@id":"https:\/\/www.smedemokrati.sk\/ferencakove-vysvetlenia-pozicky-nesedia\/#primaryimage"},"thumbnailUrl":"https:\/\/www.smedemokrati.sk\/wp-content\/uploads\/2026\/03\/657620306_945651351162667_7009715736161194533_n-e1774463300246.jpg","articleSection":["Tla\u010dov\u00e9 spr\u00e1vy"],"inLanguage":"hu-HU"},{"@type":"WebPage","@id":"https:\/\/www.smedemokrati.sk\/ferencakove-vysvetlenia-pozicky-nesedia\/","url":"https:\/\/www.smedemokrati.sk\/ferencakove-vysvetlenia-pozicky-nesedia\/","name":"Feren\u010d\u00e1kove vysvetlenia p\u00f4\u017ei\u010dky nesedia","isPartOf":{"@id":"https:\/\/www.smedemokrati.sk\/#website"},"primaryImageOfPage":{"@id":"https:\/\/www.smedemokrati.sk\/ferencakove-vysvetlenia-pozicky-nesedia\/#primaryimage"},"image":{"@id":"https:\/\/www.smedemokrati.sk\/ferencakove-vysvetlenia-pozicky-nesedia\/#primaryimage"},"thumbnailUrl":"https:\/\/www.smedemokrati.sk\/wp-content\/uploads\/2026\/03\/657620306_945651351162667_7009715736161194533_n-e1774463300246.jpg","datePublished":"2026-03-25T18:28:31+00:00","dateModified":"2026-03-25T18:28:32+00:00","breadcrumb":{"@id":"https:\/\/www.smedemokrati.sk\/ferencakove-vysvetlenia-pozicky-nesedia\/#breadcrumb"},"inLanguage":"hu-HU","potentialAction":[{"@type":"ReadAction","target":["https:\/\/www.smedemokrati.sk\/ferencakove-vysvetlenia-pozicky-nesedia\/"]}]},{"@type":"ImageObject","inLanguage":"hu-HU","@id":"https:\/\/www.smedemokrati.sk\/ferencakove-vysvetlenia-pozicky-nesedia\/#primaryimage","url":"https:\/\/www.smedemokrati.sk\/wp-content\/uploads\/2026\/03\/657620306_945651351162667_7009715736161194533_n-e1774463300246.jpg","contentUrl":"https:\/\/www.smedemokrati.sk\/wp-content\/uploads\/2026\/03\/657620306_945651351162667_7009715736161194533_n-e1774463300246.jpg","width":640,"height":477},{"@type":"BreadcrumbList","@id":"https:\/\/www.smedemokrati.sk\/ferencakove-vysvetlenia-pozicky-nesedia\/#breadcrumb","itemListElement":[{"@type":"ListItem","position":1,"name":"Domovsk\u00e1 str\u00e1nka","item":"https:\/\/www.smedemokrati.sk\/"},{"@type":"ListItem","position":2,"name":"Feren\u010d\u00e1kove vysvetlenia p\u00f4\u017ei\u010dky nesedia"}]},{"@type":"WebSite","@id":"https:\/\/www.smedemokrati.sk\/#website","url":"https:\/\/www.smedemokrati.sk\/","name":"Smedemokrati.sk","description":"Demokracia a slu\u0161nos\u0165 zv\u00ed\u0165az\u00ed","publisher":{"@id":"https:\/\/www.smedemokrati.sk\/#organization"},"potentialAction":[{"@type":"SearchAction","target":{"@type":"EntryPoint","urlTemplate":"https:\/\/www.smedemokrati.sk\/?s={search_term_string}"},"query-input":{"@type":"PropertyValueSpecification","valueRequired":true,"valueName":"search_term_string"}}],"inLanguage":"hu-HU"},{"@type":"Organization","@id":"https:\/\/www.smedemokrati.sk\/#organization","name":"Smedemokrati.sk","url":"https:\/\/www.smedemokrati.sk\/","logo":{"@type":"ImageObject","inLanguage":"hu-HU","@id":"https:\/\/www.smedemokrati.sk\/#\/schema\/logo\/image\/","url":"https:\/\/www.smedemokrati.sk\/wp-content\/uploads\/2023\/04\/ff.002.jpeg","contentUrl":"https:\/\/www.smedemokrati.sk\/wp-content\/uploads\/2023\/04\/ff.002.jpeg","width":640,"height":480,"caption":"Smedemokrati.sk"},"image":{"@id":"https:\/\/www.smedemokrati.sk\/#\/schema\/logo\/image\/"},"sameAs":["https:\/\/www.facebook.com\/smedemokrati2023"]},{"@type":"Person","@id":"https:\/\/www.smedemokrati.sk\/#\/schema\/person\/21f147c88d605aa7ded900e1e7c344ba","name":"miro.sopko","image":{"@type":"ImageObject","inLanguage":"hu-HU","@id":"https:\/\/secure.gravatar.com\/avatar\/267e4a36f704376c109afe3a78740c1f5dd8675a2180a908699e7863c9247606?s=96&d=mm&r=g","url":"https:\/\/secure.gravatar.com\/avatar\/267e4a36f704376c109afe3a78740c1f5dd8675a2180a908699e7863c9247606?s=96&d=mm&r=g","contentUrl":"https:\/\/secure.gravatar.com\/avatar\/267e4a36f704376c109afe3a78740c1f5dd8675a2180a908699e7863c9247606?s=96&d=mm&r=g","caption":"miro.sopko"},"url":"https:\/\/www.smedemokrati.sk\/hu\/author\/miro-sopko\/"}]}},"_links":{"self":[{"href":"https:\/\/www.smedemokrati.sk\/hu\/wp-json\/wp\/v2\/posts\/9111","targetHints":{"allow":["GET"]}}],"collection":[{"href":"https:\/\/www.smedemokrati.sk\/hu\/wp-json\/wp\/v2\/posts"}],"about":[{"href":"https:\/\/www.smedemokrati.sk\/hu\/wp-json\/wp\/v2\/types\/post"}],"author":[{"embeddable":true,"href":"https:\/\/www.smedemokrati.sk\/hu\/wp-json\/wp\/v2\/users\/13"}],"replies":[{"embeddable":true,"href":"https:\/\/www.smedemokrati.sk\/hu\/wp-json\/wp\/v2\/comments?post=9111"}],"version-history":[{"count":1,"href":"https:\/\/www.smedemokrati.sk\/hu\/wp-json\/wp\/v2\/posts\/9111\/revisions"}],"predecessor-version":[{"id":9113,"href":"https:\/\/www.smedemokrati.sk\/hu\/wp-json\/wp\/v2\/posts\/9111\/revisions\/9113"}],"wp:featuredmedia":[{"embeddable":true,"href":"https:\/\/www.smedemokrati.sk\/hu\/wp-json\/wp\/v2\/media\/9112"}],"wp:attachment":[{"href":"https:\/\/www.smedemokrati.sk\/hu\/wp-json\/wp\/v2\/media?parent=9111"}],"wp:term":[{"taxonomy":"category","embeddable":true,"href":"https:\/\/www.smedemokrati.sk\/hu\/wp-json\/wp\/v2\/categories?post=9111"},{"taxonomy":"post_tag","embeddable":true,"href":"https:\/\/www.smedemokrati.sk\/hu\/wp-json\/wp\/v2\/tags?post=9111"}],"curies":[{"name":"wp","href":"https:\/\/api.w.org\/{rel}","templated":true}]}}