{"id":9055,"date":"2026-03-23T12:46:02","date_gmt":"2026-03-23T11:46:02","guid":{"rendered":"https:\/\/www.smedemokrati.sk\/?p=9055"},"modified":"2026-03-23T13:14:56","modified_gmt":"2026-03-23T12:14:56","slug":"stacilo-fica-demokrati-odovzdali-viac-ako-384-tisic-podpisov-za-referendum","status":"publish","type":"post","link":"https:\/\/www.smedemokrati.sk\/hu\/stacilo-fica-demokrati-odovzdali-viac-ako-384-tisic-podpisov-za-referendum\/","title":{"rendered":"Sta\u010dilo Fica: Demokrati odovzdali viac ako 384-tis\u00edc podpisov za referendum"},"content":{"rendered":"<div id=\"fb-root\"><\/div>\n\n<p><strong>Strana Demokrati dnes ofici\u00e1lne odovzdala do prezidentsk\u00e9ho pal\u00e1ca podpisov\u00e9 h\u00e1rky k pet\u00edcii \u201eSta\u010dilo Fica\u201c, ktor\u00fa podporilo 384 314 ob\u010danov Slovenskej republiky. Ide najv\u00e4\u010d\u0161iu ob\u010diansku mobiliz\u00e1ciu v hist\u00f3rii mimoparlamentnej politiky na Slovensku.<\/strong><\/p>\n\n\n\n<p><em>\u201eDnes odovzd\u00e1vame demokratick\u00e9 vysved\u010denie verejnosti nad vl\u00e1dou R\u00f3bert Fico. T\u00fdchto 384-tis\u00edc podpisov nie je len \u010d\u00edslo. Je to 384-tis\u00edc konkr\u00e9tnych d\u00f4vodov, pre\u010do \u013eudia tejto vl\u00e1de ned\u00f4veruj\u00fa a \u017eelaj\u00fa si jej koniec,\u201c<\/em>&nbsp;uviedol predseda strany Demokrati Jaroslav Na\u010f. Podpisy pod\u013ea jeho slov nevznikli \u201eod stola\u201c, ale s\u00fa v\u00fdsledkom mesiacov tvrdej pr\u00e1ce \u010dlenov strany a dobrovo\u013en\u00edkov po celom Slovensku.<\/p>\n\n\n\n<p><em>\u201eVl\u00e1da str\u00e1ca legitimitu, ka\u017ed\u00fd jeden de\u0148 kedy vl\u00e1dne Robert Fico je zl\u00fd d\u0148om pre Slovensko. A \u013eudia, ktor\u00ed podp\u00edsali na\u0161u pet\u00edciu to vidia rovnako. Toto nikto nevybavil. Toto odmakali stovky \u013eud\u00ed v mest\u00e1ch a obciach, \u010dasto vo svojom vo\u013enom \u010dase, neraz aj napriek nad\u00e1vkam \u010di dokonca fyzick\u00fdm \u00fatokom. Pr\u00e1ve preto m\u00e1 t\u00e1to pet\u00edcia obrovsk\u00fa hodnotu,\u201c<\/em>&nbsp;zd\u00f4raznil Na\u010f.<\/p>\n\n\n\n<p>Strana Demokrati ako mimoparlamentn\u00fd subjekt bez \u0161t\u00e1tneho financovania \u010di rozsiahleho marketingu dok\u00e1zala pod\u013ea jeho slov vyzbiera\u0165 podpisy nielen za\u00a0<strong>referendum o pred\u010dasn\u00fdch vo\u013eb\u00e1ch, ale aj za obnovu NAKA a \u00da\u0160P a zru\u0161enie Ficovej renty<\/strong>.<\/p>\n\n\n\n<p>Podpredseda Demokratov Juraj \u0160eliga&nbsp;pribl\u00ed\u017eil \u010fal\u0161\u00ed postup a obsah pet\u00edcie:&nbsp;<em>\u201eReferendum je legit\u00edmny \u00fastavn\u00fd n\u00e1stroj a po zmene \u00fastavy v roku 2023 je to i pr\u00edpustn\u00fd n\u00e1stroj ako dosiahnu\u0165 koniec vl\u00e1dy Roberta Fica. Sme presved\u010den\u00ed, \u017ee sme splnili v\u0161etky z\u00e1konn\u00e9 podmienky, a preto o\u010dak\u00e1vame, \u017ee prezident Peter Pellegrini&nbsp;bude re\u0161pektova\u0165 v\u00f4\u013eu viac ako 380-tis\u00edc ob\u010danov a referendum bezodkladne vyhl\u00e1si. Ide o test re\u0161pektu k demokracii a ob\u010danom tejto krajiny.\u201c<\/em>&nbsp;Upres\u0148uje, \u017ee Demokrati navrhuj\u00fa prezidentovi vyhl\u00e1si\u0165 de\u0148 referenda vzh\u013eadom na nasleduj\u00face form\u00e1lne procesy na 27. j\u00fana tohto roka.<\/p>\n\n\n\n<p>Demokrati z\u00e1rove\u0148 pripomenuli v\u00fdrok Roberta Fica z roku 2023 o potrebe re\u0161pektova\u0165 referendum a vyzvali najvy\u0161\u0161\u00edch \u00fastavn\u00fdch \u010dinite\u013eov, aby konali v s\u00falade s t\u00fdmto princ\u00edpom.<\/p>\n\n\n\n<p>Jaroslav Na\u010f vo svojom vyst\u00fapen\u00ed z\u00e1rove\u0148 po\u010fakoval v\u0161etk\u00fdm dobrovo\u013en\u00edkom a podporovate\u013eom a osobitne si uctil pamiatku zosnul\u00e9ho kolegu, ktor\u00fd st\u00e1l pri zrode celej iniciat\u00edvy.&nbsp;<em>\u201eTento \u00faspech patr\u00ed v\u0161etk\u00fdm, ktor\u00ed veria, \u017ee Slovensko si zasl\u00fa\u017ei lep\u0161iu bud\u00facnos\u0165. Ob\u010dania uk\u00e1zali svoju silu. Teraz je \u010das, aby ju re\u0161pektovali aj t\u00ed, ktor\u00ed nes\u00fa najvy\u0161\u0161iu zodpovednos\u0165,\u201c&nbsp;<\/em>uzavrel Na\u010f.<\/p>\n\n\n\n<figure class=\"wp-block-embed is-type-video is-provider-youtube wp-block-embed-youtube wp-embed-aspect-16-9 wp-has-aspect-ratio\"><div class=\"wp-block-embed__wrapper\">\n<iframe title=\"Sta\u010dilo Fica: odovzd\u00e1vanie podpisov za vyhl\u00e1senie referenda prezidentovi\" width=\"500\" height=\"281\" src=\"https:\/\/www.youtube.com\/embed\/tQVeAorzUHk?feature=oembed\" frameborder=\"0\" allow=\"accelerometer; autoplay; clipboard-write; encrypted-media; gyroscope; picture-in-picture; web-share\" referrerpolicy=\"strict-origin-when-cross-origin\" allowfullscreen><\/iframe>\n<\/div><\/figure>\n\n\n\nngg_shortcode_0_placeholder\n","protected":false},"excerpt":{"rendered":"<p>Strana Demokrati dnes ofici\u00e1lne odovzdala do prezidentsk\u00e9ho pal\u00e1ca podpisov\u00e9 h\u00e1rky k pet\u00edcii \u201eSta\u010dilo Fica\u201c, ktor\u00fa podporilo 384 314 ob\u010danov Slovenskej republiky. Ide najv\u00e4\u010d\u0161iu ob\u010diansku mobiliz\u00e1ciu v hist\u00f3rii mimoparlamentnej politiky na Slovensku. \u201eDnes odovzd\u00e1vame demokratick\u00e9 vysved\u010denie verejnosti nad vl\u00e1dou R\u00f3bert Fico. T\u00fdchto 384-tis\u00edc podpisov nie je len \u010d\u00edslo. Je to 384-tis\u00edc konkr\u00e9tnych d\u00f4vodov, pre\u010do \u013eudia tejto [&hellip;]<\/p>\n","protected":false},"author":13,"featured_media":9056,"comment_status":"closed","ping_status":"closed","sticky":false,"template":"","format":"standard","meta":{"_acf_changed":false,"ngg_post_thumbnail":0,"footnotes":""},"categories":[4],"tags":[],"class_list":["post-9055","post","type-post","status-publish","format-standard","has-post-thumbnail","hentry","category-tlacove-spravy"],"acf":[],"yoast_head":"<!-- This site is optimized with the Yoast SEO plugin v27.2 - https:\/\/yoast.com\/product\/yoast-seo-wordpress\/ -->\n<title>Sta\u010dilo Fica: Demokrati odovzdali viac ako 384-tis\u00edc podpisov za referendum<\/title>\n<meta name=\"robots\" content=\"index, follow, max-snippet:-1, max-image-preview:large, max-video-preview:-1\" \/>\n<link rel=\"canonical\" href=\"https:\/\/www.smedemokrati.sk\/hu\/stacilo-fica-demokrati-odovzdali-viac-ako-384-tisic-podpisov-za-referendum\/\" \/>\n<meta property=\"og:locale\" content=\"hu_HU\" \/>\n<meta property=\"og:locale:alternate\" content=\"en_US\" \/>\n<meta property=\"og:locale:alternate\" content=\"cs_CZ\" \/>\n<meta property=\"og:locale:alternate\" content=\"sk_SK\" \/>\n<meta property=\"og:locale:alternate\" content=\"sv_SE\" \/>\n<meta property=\"og:type\" content=\"article\" \/>\n<meta property=\"og:title\" content=\"Sta\u010dilo Fica: Demokrati odovzdali viac ako 384-tis\u00edc podpisov za referendum\" \/>\n<meta property=\"og:description\" content=\"Strana Demokrati dnes ofici\u00e1lne odovzdala do prezidentsk\u00e9ho pal\u00e1ca podpisov\u00e9 h\u00e1rky k pet\u00edcii \u201eSta\u010dilo Fica\u201c, ktor\u00fa podporilo 384 314 ob\u010danov Slovenskej republiky. Ide najv\u00e4\u010d\u0161iu ob\u010diansku mobiliz\u00e1ciu v hist\u00f3rii mimoparlamentnej politiky na Slovensku. \u201eDnes odovzd\u00e1vame demokratick\u00e9 vysved\u010denie verejnosti nad vl\u00e1dou R\u00f3bert Fico. T\u00fdchto 384-tis\u00edc podpisov nie je len \u010d\u00edslo. Je to 384-tis\u00edc konkr\u00e9tnych d\u00f4vodov, pre\u010do \u013eudia tejto [&hellip;]\" \/>\n<meta property=\"og:url\" content=\"https:\/\/www.smedemokrati.sk\/hu\/stacilo-fica-demokrati-odovzdali-viac-ako-384-tisic-podpisov-za-referendum\/\" \/>\n<meta property=\"og:site_name\" content=\"Smedemokrati.sk\" \/>\n<meta property=\"article:publisher\" content=\"https:\/\/www.facebook.com\/smedemokrati2023\" \/>\n<meta property=\"article:published_time\" content=\"2026-03-23T11:46:02+00:00\" \/>\n<meta property=\"article:modified_time\" content=\"2026-03-23T12:14:56+00:00\" \/>\n<meta property=\"og:image\" content=\"https:\/\/www.smedemokrati.sk\/wp-content\/uploads\/2026\/03\/stacilo-fica-podpisy.jpg\" \/>\n\t<meta property=\"og:image:width\" content=\"1280\" \/>\n\t<meta property=\"og:image:height\" content=\"720\" \/>\n\t<meta property=\"og:image:type\" content=\"image\/jpeg\" \/>\n<meta name=\"author\" content=\"miro.sopko\" \/>\n<meta name=\"twitter:card\" content=\"summary_large_image\" \/>\n<meta name=\"twitter:label1\" content=\"Szerz\u0151:\" \/>\n\t<meta name=\"twitter:data1\" content=\"miro.sopko\" \/>\n\t<meta name=\"twitter:label2\" content=\"Becs\u00fclt olvas\u00e1si id\u0151\" \/>\n\t<meta name=\"twitter:data2\" content=\"3 perc\" \/>\n<script type=\"application\/ld+json\" class=\"yoast-schema-graph\">{\"@context\":\"https:\/\/schema.org\",\"@graph\":[{\"@type\":\"Article\",\"@id\":\"https:\/\/www.smedemokrati.sk\/stacilo-fica-demokrati-odovzdali-viac-ako-384-tisic-podpisov-za-referendum\/#article\",\"isPartOf\":{\"@id\":\"https:\/\/www.smedemokrati.sk\/stacilo-fica-demokrati-odovzdali-viac-ako-384-tisic-podpisov-za-referendum\/\"},\"author\":{\"name\":\"miro.sopko\",\"@id\":\"https:\/\/www.smedemokrati.sk\/#\/schema\/person\/21f147c88d605aa7ded900e1e7c344ba\"},\"headline\":\"Sta\u010dilo Fica: Demokrati odovzdali viac ako 384-tis\u00edc podpisov za referendum\",\"datePublished\":\"2026-03-23T11:46:02+00:00\",\"dateModified\":\"2026-03-23T12:14:56+00:00\",\"mainEntityOfPage\":{\"@id\":\"https:\/\/www.smedemokrati.sk\/stacilo-fica-demokrati-odovzdali-viac-ako-384-tisic-podpisov-za-referendum\/\"},\"wordCount\":495,\"publisher\":{\"@id\":\"https:\/\/www.smedemokrati.sk\/#organization\"},\"image\":{\"@id\":\"https:\/\/www.smedemokrati.sk\/stacilo-fica-demokrati-odovzdali-viac-ako-384-tisic-podpisov-za-referendum\/#primaryimage\"},\"thumbnailUrl\":\"https:\/\/www.smedemokrati.sk\/wp-content\/uploads\/2026\/03\/stacilo-fica-podpisy.jpg\",\"articleSection\":[\"Tla\u010dov\u00e9 spr\u00e1vy\"],\"inLanguage\":\"hu-HU\"},{\"@type\":\"WebPage\",\"@id\":\"https:\/\/www.smedemokrati.sk\/stacilo-fica-demokrati-odovzdali-viac-ako-384-tisic-podpisov-za-referendum\/\",\"url\":\"https:\/\/www.smedemokrati.sk\/stacilo-fica-demokrati-odovzdali-viac-ako-384-tisic-podpisov-za-referendum\/\",\"name\":\"Sta\u010dilo Fica: Demokrati odovzdali viac ako 384-tis\u00edc podpisov za referendum\",\"isPartOf\":{\"@id\":\"https:\/\/www.smedemokrati.sk\/#website\"},\"primaryImageOfPage\":{\"@id\":\"https:\/\/www.smedemokrati.sk\/stacilo-fica-demokrati-odovzdali-viac-ako-384-tisic-podpisov-za-referendum\/#primaryimage\"},\"image\":{\"@id\":\"https:\/\/www.smedemokrati.sk\/stacilo-fica-demokrati-odovzdali-viac-ako-384-tisic-podpisov-za-referendum\/#primaryimage\"},\"thumbnailUrl\":\"https:\/\/www.smedemokrati.sk\/wp-content\/uploads\/2026\/03\/stacilo-fica-podpisy.jpg\",\"datePublished\":\"2026-03-23T11:46:02+00:00\",\"dateModified\":\"2026-03-23T12:14:56+00:00\",\"breadcrumb\":{\"@id\":\"https:\/\/www.smedemokrati.sk\/stacilo-fica-demokrati-odovzdali-viac-ako-384-tisic-podpisov-za-referendum\/#breadcrumb\"},\"inLanguage\":\"hu-HU\",\"potentialAction\":[{\"@type\":\"ReadAction\",\"target\":[\"https:\/\/www.smedemokrati.sk\/stacilo-fica-demokrati-odovzdali-viac-ako-384-tisic-podpisov-za-referendum\/\"]}]},{\"@type\":\"ImageObject\",\"inLanguage\":\"hu-HU\",\"@id\":\"https:\/\/www.smedemokrati.sk\/stacilo-fica-demokrati-odovzdali-viac-ako-384-tisic-podpisov-za-referendum\/#primaryimage\",\"url\":\"https:\/\/www.smedemokrati.sk\/wp-content\/uploads\/2026\/03\/stacilo-fica-podpisy.jpg\",\"contentUrl\":\"https:\/\/www.smedemokrati.sk\/wp-content\/uploads\/2026\/03\/stacilo-fica-podpisy.jpg\",\"width\":1280,\"height\":720},{\"@type\":\"BreadcrumbList\",\"@id\":\"https:\/\/www.smedemokrati.sk\/stacilo-fica-demokrati-odovzdali-viac-ako-384-tisic-podpisov-za-referendum\/#breadcrumb\",\"itemListElement\":[{\"@type\":\"ListItem\",\"position\":1,\"name\":\"Domovsk\u00e1 str\u00e1nka\",\"item\":\"https:\/\/www.smedemokrati.sk\/\"},{\"@type\":\"ListItem\",\"position\":2,\"name\":\"Sta\u010dilo Fica: Demokrati odovzdali viac ako 384-tis\u00edc podpisov za referendum\"}]},{\"@type\":\"WebSite\",\"@id\":\"https:\/\/www.smedemokrati.sk\/#website\",\"url\":\"https:\/\/www.smedemokrati.sk\/\",\"name\":\"Smedemokrati.sk\",\"description\":\"Demokracia a slu\u0161nos\u0165 zv\u00ed\u0165az\u00ed\",\"publisher\":{\"@id\":\"https:\/\/www.smedemokrati.sk\/#organization\"},\"potentialAction\":[{\"@type\":\"SearchAction\",\"target\":{\"@type\":\"EntryPoint\",\"urlTemplate\":\"https:\/\/www.smedemokrati.sk\/?s={search_term_string}\"},\"query-input\":{\"@type\":\"PropertyValueSpecification\",\"valueRequired\":true,\"valueName\":\"search_term_string\"}}],\"inLanguage\":\"hu-HU\"},{\"@type\":\"Organization\",\"@id\":\"https:\/\/www.smedemokrati.sk\/#organization\",\"name\":\"Smedemokrati.sk\",\"url\":\"https:\/\/www.smedemokrati.sk\/\",\"logo\":{\"@type\":\"ImageObject\",\"inLanguage\":\"hu-HU\",\"@id\":\"https:\/\/www.smedemokrati.sk\/#\/schema\/logo\/image\/\",\"url\":\"https:\/\/www.smedemokrati.sk\/wp-content\/uploads\/2023\/04\/ff.002.jpeg\",\"contentUrl\":\"https:\/\/www.smedemokrati.sk\/wp-content\/uploads\/2023\/04\/ff.002.jpeg\",\"width\":640,\"height\":480,\"caption\":\"Smedemokrati.sk\"},\"image\":{\"@id\":\"https:\/\/www.smedemokrati.sk\/#\/schema\/logo\/image\/\"},\"sameAs\":[\"https:\/\/www.facebook.com\/smedemokrati2023\"]},{\"@type\":\"Person\",\"@id\":\"https:\/\/www.smedemokrati.sk\/#\/schema\/person\/21f147c88d605aa7ded900e1e7c344ba\",\"name\":\"miro.sopko\",\"image\":{\"@type\":\"ImageObject\",\"inLanguage\":\"hu-HU\",\"@id\":\"https:\/\/secure.gravatar.com\/avatar\/267e4a36f704376c109afe3a78740c1f5dd8675a2180a908699e7863c9247606?s=96&d=mm&r=g\",\"url\":\"https:\/\/secure.gravatar.com\/avatar\/267e4a36f704376c109afe3a78740c1f5dd8675a2180a908699e7863c9247606?s=96&d=mm&r=g\",\"contentUrl\":\"https:\/\/secure.gravatar.com\/avatar\/267e4a36f704376c109afe3a78740c1f5dd8675a2180a908699e7863c9247606?s=96&d=mm&r=g\",\"caption\":\"miro.sopko\"},\"url\":\"https:\/\/www.smedemokrati.sk\/hu\/author\/miro-sopko\/\"}]}<\/script>\n<!-- \/ Yoast SEO plugin. -->","yoast_head_json":{"title":"Sta\u010dilo Fica: Demokrati odovzdali viac ako 384-tis\u00edc podpisov za referendum","robots":{"index":"index","follow":"follow","max-snippet":"max-snippet:-1","max-image-preview":"max-image-preview:large","max-video-preview":"max-video-preview:-1"},"canonical":"https:\/\/www.smedemokrati.sk\/hu\/stacilo-fica-demokrati-odovzdali-viac-ako-384-tisic-podpisov-za-referendum\/","og_locale":"hu_HU","og_type":"article","og_title":"[:sk]Sta\u010dilo Fica: Demokrati odovzdali viac ako 384-tis\u00edc podpisov za referendum[:] - Smedemokrati.sk","og_description":"Strana Demokrati dnes ofici\u00e1lne odovzdala do prezidentsk\u00e9ho pal\u00e1ca podpisov\u00e9 h\u00e1rky k pet\u00edcii \u201eSta\u010dilo Fica\u201c, ktor\u00fa podporilo 384 314 ob\u010danov Slovenskej republiky. Ide najv\u00e4\u010d\u0161iu ob\u010diansku mobiliz\u00e1ciu v hist\u00f3rii mimoparlamentnej politiky na Slovensku. \u201eDnes odovzd\u00e1vame demokratick\u00e9 vysved\u010denie verejnosti nad vl\u00e1dou R\u00f3bert Fico. T\u00fdchto 384-tis\u00edc podpisov nie je len \u010d\u00edslo. Je to 384-tis\u00edc konkr\u00e9tnych d\u00f4vodov, pre\u010do \u013eudia tejto [&hellip;]","og_url":"https:\/\/www.smedemokrati.sk\/hu\/stacilo-fica-demokrati-odovzdali-viac-ako-384-tisic-podpisov-za-referendum\/","og_site_name":"Smedemokrati.sk","article_publisher":"https:\/\/www.facebook.com\/smedemokrati2023","article_published_time":"2026-03-23T11:46:02+00:00","article_modified_time":"2026-03-23T12:14:56+00:00","og_image":[{"width":1280,"height":720,"url":"https:\/\/www.smedemokrati.sk\/wp-content\/uploads\/2026\/03\/stacilo-fica-podpisy.jpg","type":"image\/jpeg"}],"author":"miro.sopko","twitter_card":"summary_large_image","twitter_misc":{"Szerz\u0151:":"miro.sopko","Becs\u00fclt olvas\u00e1si id\u0151":"3 perc"},"schema":{"@context":"https:\/\/schema.org","@graph":[{"@type":"Article","@id":"https:\/\/www.smedemokrati.sk\/stacilo-fica-demokrati-odovzdali-viac-ako-384-tisic-podpisov-za-referendum\/#article","isPartOf":{"@id":"https:\/\/www.smedemokrati.sk\/stacilo-fica-demokrati-odovzdali-viac-ako-384-tisic-podpisov-za-referendum\/"},"author":{"name":"miro.sopko","@id":"https:\/\/www.smedemokrati.sk\/#\/schema\/person\/21f147c88d605aa7ded900e1e7c344ba"},"headline":"Sta\u010dilo Fica: Demokrati odovzdali viac ako 384-tis\u00edc podpisov za referendum","datePublished":"2026-03-23T11:46:02+00:00","dateModified":"2026-03-23T12:14:56+00:00","mainEntityOfPage":{"@id":"https:\/\/www.smedemokrati.sk\/stacilo-fica-demokrati-odovzdali-viac-ako-384-tisic-podpisov-za-referendum\/"},"wordCount":495,"publisher":{"@id":"https:\/\/www.smedemokrati.sk\/#organization"},"image":{"@id":"https:\/\/www.smedemokrati.sk\/stacilo-fica-demokrati-odovzdali-viac-ako-384-tisic-podpisov-za-referendum\/#primaryimage"},"thumbnailUrl":"https:\/\/www.smedemokrati.sk\/wp-content\/uploads\/2026\/03\/stacilo-fica-podpisy.jpg","articleSection":["Tla\u010dov\u00e9 spr\u00e1vy"],"inLanguage":"hu-HU"},{"@type":"WebPage","@id":"https:\/\/www.smedemokrati.sk\/stacilo-fica-demokrati-odovzdali-viac-ako-384-tisic-podpisov-za-referendum\/","url":"https:\/\/www.smedemokrati.sk\/stacilo-fica-demokrati-odovzdali-viac-ako-384-tisic-podpisov-za-referendum\/","name":"Sta\u010dilo Fica: Demokrati odovzdali viac ako 384-tis\u00edc podpisov za referendum","isPartOf":{"@id":"https:\/\/www.smedemokrati.sk\/#website"},"primaryImageOfPage":{"@id":"https:\/\/www.smedemokrati.sk\/stacilo-fica-demokrati-odovzdali-viac-ako-384-tisic-podpisov-za-referendum\/#primaryimage"},"image":{"@id":"https:\/\/www.smedemokrati.sk\/stacilo-fica-demokrati-odovzdali-viac-ako-384-tisic-podpisov-za-referendum\/#primaryimage"},"thumbnailUrl":"https:\/\/www.smedemokrati.sk\/wp-content\/uploads\/2026\/03\/stacilo-fica-podpisy.jpg","datePublished":"2026-03-23T11:46:02+00:00","dateModified":"2026-03-23T12:14:56+00:00","breadcrumb":{"@id":"https:\/\/www.smedemokrati.sk\/stacilo-fica-demokrati-odovzdali-viac-ako-384-tisic-podpisov-za-referendum\/#breadcrumb"},"inLanguage":"hu-HU","potentialAction":[{"@type":"ReadAction","target":["https:\/\/www.smedemokrati.sk\/stacilo-fica-demokrati-odovzdali-viac-ako-384-tisic-podpisov-za-referendum\/"]}]},{"@type":"ImageObject","inLanguage":"hu-HU","@id":"https:\/\/www.smedemokrati.sk\/stacilo-fica-demokrati-odovzdali-viac-ako-384-tisic-podpisov-za-referendum\/#primaryimage","url":"https:\/\/www.smedemokrati.sk\/wp-content\/uploads\/2026\/03\/stacilo-fica-podpisy.jpg","contentUrl":"https:\/\/www.smedemokrati.sk\/wp-content\/uploads\/2026\/03\/stacilo-fica-podpisy.jpg","width":1280,"height":720},{"@type":"BreadcrumbList","@id":"https:\/\/www.smedemokrati.sk\/stacilo-fica-demokrati-odovzdali-viac-ako-384-tisic-podpisov-za-referendum\/#breadcrumb","itemListElement":[{"@type":"ListItem","position":1,"name":"Domovsk\u00e1 str\u00e1nka","item":"https:\/\/www.smedemokrati.sk\/"},{"@type":"ListItem","position":2,"name":"Sta\u010dilo Fica: Demokrati odovzdali viac ako 384-tis\u00edc podpisov za referendum"}]},{"@type":"WebSite","@id":"https:\/\/www.smedemokrati.sk\/#website","url":"https:\/\/www.smedemokrati.sk\/","name":"Smedemokrati.sk","description":"Demokracia a slu\u0161nos\u0165 zv\u00ed\u0165az\u00ed","publisher":{"@id":"https:\/\/www.smedemokrati.sk\/#organization"},"potentialAction":[{"@type":"SearchAction","target":{"@type":"EntryPoint","urlTemplate":"https:\/\/www.smedemokrati.sk\/?s={search_term_string}"},"query-input":{"@type":"PropertyValueSpecification","valueRequired":true,"valueName":"search_term_string"}}],"inLanguage":"hu-HU"},{"@type":"Organization","@id":"https:\/\/www.smedemokrati.sk\/#organization","name":"Smedemokrati.sk","url":"https:\/\/www.smedemokrati.sk\/","logo":{"@type":"ImageObject","inLanguage":"hu-HU","@id":"https:\/\/www.smedemokrati.sk\/#\/schema\/logo\/image\/","url":"https:\/\/www.smedemokrati.sk\/wp-content\/uploads\/2023\/04\/ff.002.jpeg","contentUrl":"https:\/\/www.smedemokrati.sk\/wp-content\/uploads\/2023\/04\/ff.002.jpeg","width":640,"height":480,"caption":"Smedemokrati.sk"},"image":{"@id":"https:\/\/www.smedemokrati.sk\/#\/schema\/logo\/image\/"},"sameAs":["https:\/\/www.facebook.com\/smedemokrati2023"]},{"@type":"Person","@id":"https:\/\/www.smedemokrati.sk\/#\/schema\/person\/21f147c88d605aa7ded900e1e7c344ba","name":"miro.sopko","image":{"@type":"ImageObject","inLanguage":"hu-HU","@id":"https:\/\/secure.gravatar.com\/avatar\/267e4a36f704376c109afe3a78740c1f5dd8675a2180a908699e7863c9247606?s=96&d=mm&r=g","url":"https:\/\/secure.gravatar.com\/avatar\/267e4a36f704376c109afe3a78740c1f5dd8675a2180a908699e7863c9247606?s=96&d=mm&r=g","contentUrl":"https:\/\/secure.gravatar.com\/avatar\/267e4a36f704376c109afe3a78740c1f5dd8675a2180a908699e7863c9247606?s=96&d=mm&r=g","caption":"miro.sopko"},"url":"https:\/\/www.smedemokrati.sk\/hu\/author\/miro-sopko\/"}]}},"_links":{"self":[{"href":"https:\/\/www.smedemokrati.sk\/hu\/wp-json\/wp\/v2\/posts\/9055","targetHints":{"allow":["GET"]}}],"collection":[{"href":"https:\/\/www.smedemokrati.sk\/hu\/wp-json\/wp\/v2\/posts"}],"about":[{"href":"https:\/\/www.smedemokrati.sk\/hu\/wp-json\/wp\/v2\/types\/post"}],"author":[{"embeddable":true,"href":"https:\/\/www.smedemokrati.sk\/hu\/wp-json\/wp\/v2\/users\/13"}],"replies":[{"embeddable":true,"href":"https:\/\/www.smedemokrati.sk\/hu\/wp-json\/wp\/v2\/comments?post=9055"}],"version-history":[{"count":4,"href":"https:\/\/www.smedemokrati.sk\/hu\/wp-json\/wp\/v2\/posts\/9055\/revisions"}],"predecessor-version":[{"id":9094,"href":"https:\/\/www.smedemokrati.sk\/hu\/wp-json\/wp\/v2\/posts\/9055\/revisions\/9094"}],"wp:featuredmedia":[{"embeddable":true,"href":"https:\/\/www.smedemokrati.sk\/hu\/wp-json\/wp\/v2\/media\/9056"}],"wp:attachment":[{"href":"https:\/\/www.smedemokrati.sk\/hu\/wp-json\/wp\/v2\/media?parent=9055"}],"wp:term":[{"taxonomy":"category","embeddable":true,"href":"https:\/\/www.smedemokrati.sk\/hu\/wp-json\/wp\/v2\/categories?post=9055"},{"taxonomy":"post_tag","embeddable":true,"href":"https:\/\/www.smedemokrati.sk\/hu\/wp-json\/wp\/v2\/tags?post=9055"}],"curies":[{"name":"wp","href":"https:\/\/api.w.org\/{rel}","templated":true}]}}