{"id":903,"date":"2023-05-16T12:19:18","date_gmt":"2023-05-16T10:19:18","guid":{"rendered":"https:\/\/www.smedemokrati.sk\/?p=903"},"modified":"2023-05-16T12:20:20","modified_gmt":"2023-05-16T10:20:20","slug":"heger-ak-sa-budeme-rozdelovat-fico-zvitaziheger","status":"publish","type":"post","link":"https:\/\/www.smedemokrati.sk\/hu\/heger-ak-sa-budeme-rozdelovat-fico-zvitaziheger\/","title":{"rendered":"Heger: Ak sa budeme rozde\u013eova\u0165, Fico zv\u00ed\u0165az\u00ed"},"content":{"rendered":"<div id=\"fb-root\"><\/div>\n","protected":false},"excerpt":{"rendered":"","protected":false},"author":7,"featured_media":904,"comment_status":"closed","ping_status":"closed","sticky":false,"template":"","format":"standard","meta":{"_acf_changed":false,"ngg_post_thumbnail":0,"footnotes":""},"categories":[5],"tags":[],"class_list":["post-903","post","type-post","status-publish","format-standard","has-post-thumbnail","hentry","category-media"],"acf":[],"yoast_head":"<!-- This site is optimized with the Yoast SEO plugin v27.2 - https:\/\/yoast.com\/product\/yoast-seo-wordpress\/ -->\n<title>Heger: Ak sa budeme rozde\u013eova\u0165, Fico zv\u00ed\u0165az\u00ed - Smedemokrati.sk<\/title>\n<meta name=\"robots\" content=\"index, follow, max-snippet:-1, max-image-preview:large, max-video-preview:-1\" \/>\n<link rel=\"canonical\" href=\"https:\/\/www.smedemokrati.sk\/hu\/heger-ak-sa-budeme-rozdelovat-fico-zvitaziheger\/\" \/>\n<meta property=\"og:locale\" content=\"hu_HU\" \/>\n<meta property=\"og:locale:alternate\" content=\"en_US\" \/>\n<meta property=\"og:locale:alternate\" content=\"cs_CZ\" \/>\n<meta property=\"og:locale:alternate\" content=\"sk_SK\" \/>\n<meta property=\"og:locale:alternate\" content=\"sv_SE\" \/>\n<meta property=\"og:type\" content=\"article\" \/>\n<meta property=\"og:title\" content=\"Heger: Ak sa budeme rozde\u013eova\u0165, Fico zv\u00ed\u0165az\u00ed - Smedemokrati.sk\" \/>\n<meta property=\"og:url\" content=\"https:\/\/www.smedemokrati.sk\/hu\/heger-ak-sa-budeme-rozdelovat-fico-zvitaziheger\/\" \/>\n<meta property=\"og:site_name\" content=\"Smedemokrati.sk\" \/>\n<meta property=\"article:publisher\" content=\"https:\/\/www.facebook.com\/smedemokrati2023\" \/>\n<meta property=\"article:published_time\" content=\"2023-05-16T10:19:18+00:00\" \/>\n<meta property=\"article:modified_time\" content=\"2023-05-16T10:20:20+00:00\" \/>\n<meta property=\"og:image\" content=\"https:\/\/www.smedemokrati.sk\/wp-content\/uploads\/2023\/05\/demokrati_nepodporia_tarabov_navrh_o_posilneni_paragrafu_363_cakaju_ako_sa_zachova_hlas_1.jpg\" \/>\n\t<meta property=\"og:image:width\" content=\"736\" \/>\n\t<meta property=\"og:image:height\" content=\"414\" \/>\n\t<meta property=\"og:image:type\" content=\"image\/jpeg\" \/>\n<meta name=\"author\" content=\"Tom\u00e1\u0161 Koppl\" \/>\n<meta name=\"twitter:card\" content=\"summary_large_image\" \/>\n<meta name=\"twitter:label1\" content=\"Szerz\u0151:\" \/>\n\t<meta name=\"twitter:data1\" content=\"Tom\u00e1\u0161 Koppl\" \/>\n<script type=\"application\/ld+json\" class=\"yoast-schema-graph\">{\"@context\":\"https:\/\/schema.org\",\"@graph\":[{\"@type\":\"Article\",\"@id\":\"https:\/\/www.smedemokrati.sk\/heger-ak-sa-budeme-rozdelovat-fico-zvitaziheger\/#article\",\"isPartOf\":{\"@id\":\"https:\/\/www.smedemokrati.sk\/heger-ak-sa-budeme-rozdelovat-fico-zvitaziheger\/\"},\"author\":{\"name\":\"Tom\u00e1\u0161 Koppl\",\"@id\":\"https:\/\/www.smedemokrati.sk\/#\/schema\/person\/c60720f4b9955b3c1ed222ebd1fbbc7c\"},\"headline\":\"Heger: Ak sa budeme rozde\u013eova\u0165, Fico zv\u00ed\u0165az\u00ed\",\"datePublished\":\"2023-05-16T10:19:18+00:00\",\"dateModified\":\"2023-05-16T10:20:20+00:00\",\"mainEntityOfPage\":{\"@id\":\"https:\/\/www.smedemokrati.sk\/heger-ak-sa-budeme-rozdelovat-fico-zvitaziheger\/\"},\"wordCount\":9,\"publisher\":{\"@id\":\"https:\/\/www.smedemokrati.sk\/#organization\"},\"image\":{\"@id\":\"https:\/\/www.smedemokrati.sk\/heger-ak-sa-budeme-rozdelovat-fico-zvitaziheger\/#primaryimage\"},\"thumbnailUrl\":\"https:\/\/www.smedemokrati.sk\/wp-content\/uploads\/2023\/05\/demokrati_nepodporia_tarabov_navrh_o_posilneni_paragrafu_363_cakaju_ako_sa_zachova_hlas_1.jpg\",\"articleSection\":[\"M\u00e9di\u00e1\"],\"inLanguage\":\"hu-HU\"},{\"@type\":\"WebPage\",\"@id\":\"https:\/\/www.smedemokrati.sk\/heger-ak-sa-budeme-rozdelovat-fico-zvitaziheger\/\",\"url\":\"https:\/\/www.smedemokrati.sk\/heger-ak-sa-budeme-rozdelovat-fico-zvitaziheger\/\",\"name\":\"Heger: Ak sa budeme rozde\u013eova\u0165, Fico zv\u00ed\u0165az\u00ed - Smedemokrati.sk\",\"isPartOf\":{\"@id\":\"https:\/\/www.smedemokrati.sk\/#website\"},\"primaryImageOfPage\":{\"@id\":\"https:\/\/www.smedemokrati.sk\/heger-ak-sa-budeme-rozdelovat-fico-zvitaziheger\/#primaryimage\"},\"image\":{\"@id\":\"https:\/\/www.smedemokrati.sk\/heger-ak-sa-budeme-rozdelovat-fico-zvitaziheger\/#primaryimage\"},\"thumbnailUrl\":\"https:\/\/www.smedemokrati.sk\/wp-content\/uploads\/2023\/05\/demokrati_nepodporia_tarabov_navrh_o_posilneni_paragrafu_363_cakaju_ako_sa_zachova_hlas_1.jpg\",\"datePublished\":\"2023-05-16T10:19:18+00:00\",\"dateModified\":\"2023-05-16T10:20:20+00:00\",\"breadcrumb\":{\"@id\":\"https:\/\/www.smedemokrati.sk\/heger-ak-sa-budeme-rozdelovat-fico-zvitaziheger\/#breadcrumb\"},\"inLanguage\":\"hu-HU\",\"potentialAction\":[{\"@type\":\"ReadAction\",\"target\":[\"https:\/\/www.smedemokrati.sk\/heger-ak-sa-budeme-rozdelovat-fico-zvitaziheger\/\"]}]},{\"@type\":\"ImageObject\",\"inLanguage\":\"hu-HU\",\"@id\":\"https:\/\/www.smedemokrati.sk\/heger-ak-sa-budeme-rozdelovat-fico-zvitaziheger\/#primaryimage\",\"url\":\"https:\/\/www.smedemokrati.sk\/wp-content\/uploads\/2023\/05\/demokrati_nepodporia_tarabov_navrh_o_posilneni_paragrafu_363_cakaju_ako_sa_zachova_hlas_1.jpg\",\"contentUrl\":\"https:\/\/www.smedemokrati.sk\/wp-content\/uploads\/2023\/05\/demokrati_nepodporia_tarabov_navrh_o_posilneni_paragrafu_363_cakaju_ako_sa_zachova_hlas_1.jpg\",\"width\":736,\"height\":414},{\"@type\":\"BreadcrumbList\",\"@id\":\"https:\/\/www.smedemokrati.sk\/heger-ak-sa-budeme-rozdelovat-fico-zvitaziheger\/#breadcrumb\",\"itemListElement\":[{\"@type\":\"ListItem\",\"position\":1,\"name\":\"Domovsk\u00e1 str\u00e1nka\",\"item\":\"https:\/\/www.smedemokrati.sk\/\"},{\"@type\":\"ListItem\",\"position\":2,\"name\":\"Heger: Ak sa budeme rozde\u013eova\u0165, Fico zv\u00ed\u0165az\u00ed\"}]},{\"@type\":\"WebSite\",\"@id\":\"https:\/\/www.smedemokrati.sk\/#website\",\"url\":\"https:\/\/www.smedemokrati.sk\/\",\"name\":\"Smedemokrati.sk\",\"description\":\"Demokracia a slu\u0161nos\u0165 zv\u00ed\u0165az\u00ed\",\"publisher\":{\"@id\":\"https:\/\/www.smedemokrati.sk\/#organization\"},\"potentialAction\":[{\"@type\":\"SearchAction\",\"target\":{\"@type\":\"EntryPoint\",\"urlTemplate\":\"https:\/\/www.smedemokrati.sk\/?s={search_term_string}\"},\"query-input\":{\"@type\":\"PropertyValueSpecification\",\"valueRequired\":true,\"valueName\":\"search_term_string\"}}],\"inLanguage\":\"hu-HU\"},{\"@type\":\"Organization\",\"@id\":\"https:\/\/www.smedemokrati.sk\/#organization\",\"name\":\"Smedemokrati.sk\",\"url\":\"https:\/\/www.smedemokrati.sk\/\",\"logo\":{\"@type\":\"ImageObject\",\"inLanguage\":\"hu-HU\",\"@id\":\"https:\/\/www.smedemokrati.sk\/#\/schema\/logo\/image\/\",\"url\":\"https:\/\/www.smedemokrati.sk\/wp-content\/uploads\/2023\/04\/ff.002.jpeg\",\"contentUrl\":\"https:\/\/www.smedemokrati.sk\/wp-content\/uploads\/2023\/04\/ff.002.jpeg\",\"width\":640,\"height\":480,\"caption\":\"Smedemokrati.sk\"},\"image\":{\"@id\":\"https:\/\/www.smedemokrati.sk\/#\/schema\/logo\/image\/\"},\"sameAs\":[\"https:\/\/www.facebook.com\/smedemokrati2023\"]},{\"@type\":\"Person\",\"@id\":\"https:\/\/www.smedemokrati.sk\/#\/schema\/person\/c60720f4b9955b3c1ed222ebd1fbbc7c\",\"name\":\"Tom\u00e1\u0161 Koppl\",\"image\":{\"@type\":\"ImageObject\",\"inLanguage\":\"hu-HU\",\"@id\":\"https:\/\/secure.gravatar.com\/avatar\/8dfa38373c5e39821baf74c8e867a6f12e12c6dab6559aa999d10703b0b1c4ce?s=96&d=mm&r=g\",\"url\":\"https:\/\/secure.gravatar.com\/avatar\/8dfa38373c5e39821baf74c8e867a6f12e12c6dab6559aa999d10703b0b1c4ce?s=96&d=mm&r=g\",\"contentUrl\":\"https:\/\/secure.gravatar.com\/avatar\/8dfa38373c5e39821baf74c8e867a6f12e12c6dab6559aa999d10703b0b1c4ce?s=96&d=mm&r=g\",\"caption\":\"Tom\u00e1\u0161 Koppl\"},\"url\":\"https:\/\/www.smedemokrati.sk\/hu\/author\/tomaskoppl\/\"}]}<\/script>\n<!-- \/ Yoast SEO plugin. -->","yoast_head_json":{"title":"Heger: Ak sa budeme rozde\u013eova\u0165, Fico zv\u00ed\u0165az\u00ed - Smedemokrati.sk","robots":{"index":"index","follow":"follow","max-snippet":"max-snippet:-1","max-image-preview":"max-image-preview:large","max-video-preview":"max-video-preview:-1"},"canonical":"https:\/\/www.smedemokrati.sk\/hu\/heger-ak-sa-budeme-rozdelovat-fico-zvitaziheger\/","og_locale":"hu_HU","og_type":"article","og_title":"Heger: Ak sa budeme rozde\u013eova\u0165, Fico zv\u00ed\u0165az\u00ed - Smedemokrati.sk","og_url":"https:\/\/www.smedemokrati.sk\/hu\/heger-ak-sa-budeme-rozdelovat-fico-zvitaziheger\/","og_site_name":"Smedemokrati.sk","article_publisher":"https:\/\/www.facebook.com\/smedemokrati2023","article_published_time":"2023-05-16T10:19:18+00:00","article_modified_time":"2023-05-16T10:20:20+00:00","og_image":[{"width":736,"height":414,"url":"https:\/\/www.smedemokrati.sk\/wp-content\/uploads\/2023\/05\/demokrati_nepodporia_tarabov_navrh_o_posilneni_paragrafu_363_cakaju_ako_sa_zachova_hlas_1.jpg","type":"image\/jpeg"}],"author":"Tom\u00e1\u0161 Koppl","twitter_card":"summary_large_image","twitter_misc":{"Szerz\u0151:":"Tom\u00e1\u0161 Koppl"},"schema":{"@context":"https:\/\/schema.org","@graph":[{"@type":"Article","@id":"https:\/\/www.smedemokrati.sk\/heger-ak-sa-budeme-rozdelovat-fico-zvitaziheger\/#article","isPartOf":{"@id":"https:\/\/www.smedemokrati.sk\/heger-ak-sa-budeme-rozdelovat-fico-zvitaziheger\/"},"author":{"name":"Tom\u00e1\u0161 Koppl","@id":"https:\/\/www.smedemokrati.sk\/#\/schema\/person\/c60720f4b9955b3c1ed222ebd1fbbc7c"},"headline":"Heger: Ak sa budeme rozde\u013eova\u0165, Fico zv\u00ed\u0165az\u00ed","datePublished":"2023-05-16T10:19:18+00:00","dateModified":"2023-05-16T10:20:20+00:00","mainEntityOfPage":{"@id":"https:\/\/www.smedemokrati.sk\/heger-ak-sa-budeme-rozdelovat-fico-zvitaziheger\/"},"wordCount":9,"publisher":{"@id":"https:\/\/www.smedemokrati.sk\/#organization"},"image":{"@id":"https:\/\/www.smedemokrati.sk\/heger-ak-sa-budeme-rozdelovat-fico-zvitaziheger\/#primaryimage"},"thumbnailUrl":"https:\/\/www.smedemokrati.sk\/wp-content\/uploads\/2023\/05\/demokrati_nepodporia_tarabov_navrh_o_posilneni_paragrafu_363_cakaju_ako_sa_zachova_hlas_1.jpg","articleSection":["M\u00e9di\u00e1"],"inLanguage":"hu-HU"},{"@type":"WebPage","@id":"https:\/\/www.smedemokrati.sk\/heger-ak-sa-budeme-rozdelovat-fico-zvitaziheger\/","url":"https:\/\/www.smedemokrati.sk\/heger-ak-sa-budeme-rozdelovat-fico-zvitaziheger\/","name":"Heger: Ak sa budeme rozde\u013eova\u0165, Fico zv\u00ed\u0165az\u00ed - Smedemokrati.sk","isPartOf":{"@id":"https:\/\/www.smedemokrati.sk\/#website"},"primaryImageOfPage":{"@id":"https:\/\/www.smedemokrati.sk\/heger-ak-sa-budeme-rozdelovat-fico-zvitaziheger\/#primaryimage"},"image":{"@id":"https:\/\/www.smedemokrati.sk\/heger-ak-sa-budeme-rozdelovat-fico-zvitaziheger\/#primaryimage"},"thumbnailUrl":"https:\/\/www.smedemokrati.sk\/wp-content\/uploads\/2023\/05\/demokrati_nepodporia_tarabov_navrh_o_posilneni_paragrafu_363_cakaju_ako_sa_zachova_hlas_1.jpg","datePublished":"2023-05-16T10:19:18+00:00","dateModified":"2023-05-16T10:20:20+00:00","breadcrumb":{"@id":"https:\/\/www.smedemokrati.sk\/heger-ak-sa-budeme-rozdelovat-fico-zvitaziheger\/#breadcrumb"},"inLanguage":"hu-HU","potentialAction":[{"@type":"ReadAction","target":["https:\/\/www.smedemokrati.sk\/heger-ak-sa-budeme-rozdelovat-fico-zvitaziheger\/"]}]},{"@type":"ImageObject","inLanguage":"hu-HU","@id":"https:\/\/www.smedemokrati.sk\/heger-ak-sa-budeme-rozdelovat-fico-zvitaziheger\/#primaryimage","url":"https:\/\/www.smedemokrati.sk\/wp-content\/uploads\/2023\/05\/demokrati_nepodporia_tarabov_navrh_o_posilneni_paragrafu_363_cakaju_ako_sa_zachova_hlas_1.jpg","contentUrl":"https:\/\/www.smedemokrati.sk\/wp-content\/uploads\/2023\/05\/demokrati_nepodporia_tarabov_navrh_o_posilneni_paragrafu_363_cakaju_ako_sa_zachova_hlas_1.jpg","width":736,"height":414},{"@type":"BreadcrumbList","@id":"https:\/\/www.smedemokrati.sk\/heger-ak-sa-budeme-rozdelovat-fico-zvitaziheger\/#breadcrumb","itemListElement":[{"@type":"ListItem","position":1,"name":"Domovsk\u00e1 str\u00e1nka","item":"https:\/\/www.smedemokrati.sk\/"},{"@type":"ListItem","position":2,"name":"Heger: Ak sa budeme rozde\u013eova\u0165, Fico zv\u00ed\u0165az\u00ed"}]},{"@type":"WebSite","@id":"https:\/\/www.smedemokrati.sk\/#website","url":"https:\/\/www.smedemokrati.sk\/","name":"Smedemokrati.sk","description":"Demokracia a slu\u0161nos\u0165 zv\u00ed\u0165az\u00ed","publisher":{"@id":"https:\/\/www.smedemokrati.sk\/#organization"},"potentialAction":[{"@type":"SearchAction","target":{"@type":"EntryPoint","urlTemplate":"https:\/\/www.smedemokrati.sk\/?s={search_term_string}"},"query-input":{"@type":"PropertyValueSpecification","valueRequired":true,"valueName":"search_term_string"}}],"inLanguage":"hu-HU"},{"@type":"Organization","@id":"https:\/\/www.smedemokrati.sk\/#organization","name":"Smedemokrati.sk","url":"https:\/\/www.smedemokrati.sk\/","logo":{"@type":"ImageObject","inLanguage":"hu-HU","@id":"https:\/\/www.smedemokrati.sk\/#\/schema\/logo\/image\/","url":"https:\/\/www.smedemokrati.sk\/wp-content\/uploads\/2023\/04\/ff.002.jpeg","contentUrl":"https:\/\/www.smedemokrati.sk\/wp-content\/uploads\/2023\/04\/ff.002.jpeg","width":640,"height":480,"caption":"Smedemokrati.sk"},"image":{"@id":"https:\/\/www.smedemokrati.sk\/#\/schema\/logo\/image\/"},"sameAs":["https:\/\/www.facebook.com\/smedemokrati2023"]},{"@type":"Person","@id":"https:\/\/www.smedemokrati.sk\/#\/schema\/person\/c60720f4b9955b3c1ed222ebd1fbbc7c","name":"Tom\u00e1\u0161 Koppl","image":{"@type":"ImageObject","inLanguage":"hu-HU","@id":"https:\/\/secure.gravatar.com\/avatar\/8dfa38373c5e39821baf74c8e867a6f12e12c6dab6559aa999d10703b0b1c4ce?s=96&d=mm&r=g","url":"https:\/\/secure.gravatar.com\/avatar\/8dfa38373c5e39821baf74c8e867a6f12e12c6dab6559aa999d10703b0b1c4ce?s=96&d=mm&r=g","contentUrl":"https:\/\/secure.gravatar.com\/avatar\/8dfa38373c5e39821baf74c8e867a6f12e12c6dab6559aa999d10703b0b1c4ce?s=96&d=mm&r=g","caption":"Tom\u00e1\u0161 Koppl"},"url":"https:\/\/www.smedemokrati.sk\/hu\/author\/tomaskoppl\/"}]}},"_links":{"self":[{"href":"https:\/\/www.smedemokrati.sk\/hu\/wp-json\/wp\/v2\/posts\/903","targetHints":{"allow":["GET"]}}],"collection":[{"href":"https:\/\/www.smedemokrati.sk\/hu\/wp-json\/wp\/v2\/posts"}],"about":[{"href":"https:\/\/www.smedemokrati.sk\/hu\/wp-json\/wp\/v2\/types\/post"}],"author":[{"embeddable":true,"href":"https:\/\/www.smedemokrati.sk\/hu\/wp-json\/wp\/v2\/users\/7"}],"replies":[{"embeddable":true,"href":"https:\/\/www.smedemokrati.sk\/hu\/wp-json\/wp\/v2\/comments?post=903"}],"version-history":[{"count":6,"href":"https:\/\/www.smedemokrati.sk\/hu\/wp-json\/wp\/v2\/posts\/903\/revisions"}],"predecessor-version":[{"id":911,"href":"https:\/\/www.smedemokrati.sk\/hu\/wp-json\/wp\/v2\/posts\/903\/revisions\/911"}],"wp:featuredmedia":[{"embeddable":true,"href":"https:\/\/www.smedemokrati.sk\/hu\/wp-json\/wp\/v2\/media\/904"}],"wp:attachment":[{"href":"https:\/\/www.smedemokrati.sk\/hu\/wp-json\/wp\/v2\/media?parent=903"}],"wp:term":[{"taxonomy":"category","embeddable":true,"href":"https:\/\/www.smedemokrati.sk\/hu\/wp-json\/wp\/v2\/categories?post=903"},{"taxonomy":"post_tag","embeddable":true,"href":"https:\/\/www.smedemokrati.sk\/hu\/wp-json\/wp\/v2\/tags?post=903"}],"curies":[{"name":"wp","href":"https:\/\/api.w.org\/{rel}","templated":true}]}}