{"id":9029,"date":"2026-03-16T15:57:14","date_gmt":"2026-03-16T14:57:14","guid":{"rendered":"https:\/\/www.smedemokrati.sk\/?p=9029"},"modified":"2026-03-16T19:38:24","modified_gmt":"2026-03-16T18:38:24","slug":"majetok-za-28-miliona-eur-z-platu-verejneho-funkcionara-ferencak-musi-vysvetlit-svoje-realitne-imperium","status":"publish","type":"post","link":"https:\/\/www.smedemokrati.sk\/hu\/majetok-za-28-miliona-eur-z-platu-verejneho-funkcionara-ferencak-musi-vysvetlit-svoje-realitne-imperium\/","title":{"rendered":"Majetok za 2,8 mili\u00f3na eur z platu verejn\u00e9ho funkcion\u00e1ra? Feren\u010d\u00e1k mus\u00ed vysvetli\u0165 svoje realitn\u00e9 imp\u00e9rium"},"content":{"rendered":"<div id=\"fb-root\"><\/div>\n\n<p><strong>Demokrati upozornil na v\u00e1\u017ene ot\u00e1zky okolo majetku poslanca strany Hlas&nbsp;J\u00e1n Feren\u010d\u00e1k, ktor\u00e9ho realitn\u00e9 portf\u00f3lio dosahuje len pod\u013ea dostupn\u00fdch zdrojov hodnotu 2,8 mil. eur, pri\u010dom jeho priemern\u00fd mesa\u010dn\u00fd plat je pribli\u017ene 3 300 eur. Pod\u013ea inform\u00e1ci\u00ed Demokratov mal by\u0165 Feren\u010d\u00e1k u\u017e vyl\u00fa\u010den\u00fd miestnou bunkou z Hlasu a tie\u017e sa strana p\u00fdta, \u010di je pravda, \u017ee dnes op\u00e4\u0165 zasahuje \u00daBOK na stavebnom \u00farade v Ke\u017emarku.&nbsp;<\/strong><\/p>\n\n\n\n<p><em>\u201ePred dvomi t\u00fd\u017ed\u0148ami sme zverejnili video, v ktorom sme nikoho nemenovali, no nazna\u010dili sme, \u017ee jeden z poslancov m\u00f4\u017ee ma\u0165 probl\u00e9my okolo svojej osoby. K tomu, o \u010dom sme hovorili, sa s\u00e1m prihl\u00e1sil p\u00e1n Feren\u010d\u00e1k, ke\u010f n\u00e1s vyzval, aby sme povedali, \u010do vieme. Tak to dnes rob\u00edme,\u201c&nbsp;<\/em>uviedol Na\u010f.<\/p>\n\n\n\n<p>Demokrati vych\u00e1dzaj\u00fa z verejn\u00fdch zdrojov a verejn\u00fdch inform\u00e1ci\u00ed, pod\u013ea nich je Feren\u010d\u00e1k verejn\u00fdm funkcion\u00e1rom od roku 2015 a z jeho majetkov\u00fdch priznan\u00ed vypl\u00fdva \u010dist\u00fd pr\u00edjem do roku 2025 pribli\u017ene 360-tis\u00edc eur.&nbsp;<em>\u201eZ tak\u00e9hoto pr\u00edjmu, \u010do znamen\u00e1 okolo 3 300 eur mesa\u010dne si \u010dlovek financuje rodinu, be\u017en\u00e9 \u017eivotn\u00e9 n\u00e1klady \u010di dovolenky. Napriek tomu dnes vid\u00edme rozsiahle realitn\u00e9 portf\u00f3lio. P\u00fdtame sa preto \u00faplne legit\u00edmne ot\u00e1zky,\u201c<\/em>&nbsp;povedal Na\u010f.<\/p>\n\n\n\n<p><strong>Pod\u013ea zisten\u00ed Demokratov Feren\u010d\u00e1k vlastn\u00ed dom v Ke\u017emarku pribli\u017ene za 450-tis\u00edc eur, vilu so stavebn\u00fdm pozemkom v Novej Lesnej pribli\u017ene za 1 mili\u00f3n eur, byt v novostavbe v Bratislave pribli\u017ene za 300 a\u017e 350-tis\u00edc eur, pozemok vo Ve\u013ekej Lomnici pribli\u017ene za 100-tis\u00edc eur a byt v Ke\u017emarku s dvomi nebytov\u00fdmi priestormi pribli\u017ene za 250-tis\u00edc eur. Okrem toho figuruje pribli\u017ene pri 70 nehnute\u013enostiach, ktor\u00e9 k\u00fapil, z\u00edskal alebo zdedil.<\/strong><\/p>\n\n\n\n<p><em>\u201eP\u00e1n Feren\u010d\u00e1k je z\u00e1rove\u0148 majite\u013eom troch spolo\u010dnost\u00ed. Firma TatraBerg m\u00e1 obrat 191 eur, no vlastn\u00ed pozemky za 281-tis\u00edc eur. Jazuna m\u00e1 nulov\u00e9 obraty, \u00fa\u010dtovn\u00fa z\u00e1vierku v m\u00ednuse, ale vlastn\u00ed pozemky za 389-tis\u00edc eur. Len tieto dve firmy tak dr\u017eia pozemky pribli\u017ene za 670-tis\u00edc eur,\u201c<\/em>&nbsp;uviedol Na\u010f.<\/p>\n\n\n\n<p><em>\u201eKe\u010f zr\u00e1tame osobn\u00fd majetok a majetok firiem, dost\u00e1vame sa k sume pribli\u017ene 2,8 mili\u00f3na eur.&nbsp;<\/em><strong><em>Preto sa p\u00fdtame: ako je mo\u017en\u00e9 z pr\u00edjmu verejn\u00e9ho funkcion\u00e1ra vybudova\u0165 tak\u00e9to realitn\u00e9 portf\u00f3lio? Z ak\u00fdch zdrojov boli tieto invest\u00edcie financovan\u00e9 a pre\u010do firmy bez re\u00e1lnej \u010dinnosti vlastnia nehnute\u013enosti za stovky tis\u00edc eur?<\/em><\/strong><em>\u201c&nbsp;<\/em>dodal.<\/p>\n\n\n\n<p>Na\u010f z\u00e1rove\u0148 uviedol, \u017ee existuj\u00fa inform\u00e1cie o trestnom konan\u00ed pre podozrenia z legaliz\u00e1cie v\u00fdnosov z trestnej \u010dinnosti \u010di zneu\u017eitia pr\u00e1vomoci verejn\u00e9ho \u010dinite\u013ea.&nbsp;<em>\u201eJe vo verejnom z\u00e1ujme, aby sme sa tieto ot\u00e1zky p\u00fdtali a aby ich verejn\u00fd funkcion\u00e1r transparentne zodpovedal,\u201c<\/em>&nbsp;povedal Na\u010f.<\/p>\n\n\n\n<p>Podpredseda Demokratov&nbsp;Juraj \u0160eliga&nbsp;dodal:&nbsp;<em>\u201eKe\u017emarok sa stal slovensk\u00fdm Silicon Valley. Za nieko\u013eko rokov majetok 2,8 mili\u00f3na eur \u2013 to je unik\u00e1t. P\u00e1n Feren\u010d\u00e1k, pr\u00ed\u010fte urobi\u0165 semin\u00e1r pre Slov\u00e1kov, ako sa d\u00e1 za nieko\u013eko rokov prim\u00e1torovania vybudova\u0165 majetok 2,8 mili\u00f3na eur.\u201c<\/em><\/p>\n\n\n\n<p><em>\u201eOdpustite ir\u00f3niu, no neprekvapilo by ma, keby p\u00e1novi Feren\u010d\u00e1kovi robila \u00fa\u010dtovn\u00edctvo sestra p\u00e1na Pellegriniho, m\u00e1me s\u00eddlo na jednej chodbe, nieko\u013ekokr\u00e1t sme ho tu videli a jednoducho v Hlase to viacer\u00ed evidentne robi\u0165 vedia. Koniec koncov, \u0160utaj E\u0161tok nevie d\u00f4veryhodne vysvetli\u0165 svoj majetok, tak\u017ee ako sa hovor\u00ed vrana k vrane sad\u00e1. P\u00e1n Feren\u010d\u00e1k, ot\u00e1zka vo verejnom z\u00e1ujme &#8211; ako vie prim\u00e1tor mal\u00e9ho mesta za 10 rokov verejnej funkcie pr\u00eds\u0165 k majetku 2,8 mil. eur?\u201c<\/em>&nbsp;uzavrel \u0160eliga.<\/p>\n\n\n\n<figure class=\"wp-block-embed is-type-video is-provider-youtube wp-block-embed-youtube wp-embed-aspect-16-9 wp-has-aspect-ratio\"><div class=\"wp-block-embed__wrapper\">\n<iframe title=\"Live: Poslanec Feren\u010d\u00e1k n\u00e1s vyzval, aby sme prehovorili, ak nie\u010do vieme. Tak za\u010d\u00edname. (\u010das\u0165 1.)\" width=\"500\" height=\"281\" src=\"https:\/\/www.youtube.com\/embed\/WZ99snrxxfA?feature=oembed\" frameborder=\"0\" allow=\"accelerometer; autoplay; clipboard-write; encrypted-media; gyroscope; picture-in-picture; web-share\" referrerpolicy=\"strict-origin-when-cross-origin\" allowfullscreen><\/iframe>\n<\/div><\/figure>\n","protected":false},"excerpt":{"rendered":"<p>Demokrati upozornil na v\u00e1\u017ene ot\u00e1zky okolo majetku poslanca strany Hlas&nbsp;J\u00e1n Feren\u010d\u00e1k, ktor\u00e9ho realitn\u00e9 portf\u00f3lio dosahuje len pod\u013ea dostupn\u00fdch zdrojov hodnotu 2,8 mil. eur, pri\u010dom jeho priemern\u00fd mesa\u010dn\u00fd plat je pribli\u017ene 3 300 eur. Pod\u013ea inform\u00e1ci\u00ed Demokratov mal by\u0165 Feren\u010d\u00e1k u\u017e vyl\u00fa\u010den\u00fd miestnou bunkou z Hlasu a tie\u017e sa strana p\u00fdta, \u010di je pravda, \u017ee dnes [&hellip;]<\/p>\n","protected":false},"author":13,"featured_media":9030,"comment_status":"closed","ping_status":"closed","sticky":false,"template":"","format":"standard","meta":{"_acf_changed":false,"ngg_post_thumbnail":0,"footnotes":""},"categories":[4],"tags":[],"class_list":["post-9029","post","type-post","status-publish","format-standard","has-post-thumbnail","hentry","category-tlacove-spravy"],"acf":[],"yoast_head":"<!-- This site is optimized with the Yoast SEO plugin v27.2 - https:\/\/yoast.com\/product\/yoast-seo-wordpress\/ -->\n<title>Majetok za 2,8 mili\u00f3na eur z platu verejn\u00e9ho funkcion\u00e1ra? Feren\u010d\u00e1k mus\u00ed vysvetli\u0165 svoje realitn\u00e9 imp\u00e9rium<\/title>\n<meta name=\"robots\" content=\"index, follow, max-snippet:-1, max-image-preview:large, max-video-preview:-1\" \/>\n<link rel=\"canonical\" href=\"https:\/\/www.smedemokrati.sk\/hu\/majetok-za-28-miliona-eur-z-platu-verejneho-funkcionara-ferencak-musi-vysvetlit-svoje-realitne-imperium\/\" \/>\n<meta property=\"og:locale\" content=\"hu_HU\" \/>\n<meta property=\"og:locale:alternate\" content=\"en_US\" \/>\n<meta property=\"og:locale:alternate\" content=\"cs_CZ\" \/>\n<meta property=\"og:locale:alternate\" content=\"sk_SK\" \/>\n<meta property=\"og:locale:alternate\" content=\"sv_SE\" \/>\n<meta property=\"og:type\" content=\"article\" \/>\n<meta property=\"og:title\" content=\"Majetok za 2,8 mili\u00f3na eur z platu verejn\u00e9ho funkcion\u00e1ra? Feren\u010d\u00e1k mus\u00ed vysvetli\u0165 svoje realitn\u00e9 imp\u00e9rium\" \/>\n<meta property=\"og:description\" content=\"Demokrati upozornil na v\u00e1\u017ene ot\u00e1zky okolo majetku poslanca strany Hlas&nbsp;J\u00e1n Feren\u010d\u00e1k, ktor\u00e9ho realitn\u00e9 portf\u00f3lio dosahuje len pod\u013ea dostupn\u00fdch zdrojov hodnotu 2,8 mil. eur, pri\u010dom jeho priemern\u00fd mesa\u010dn\u00fd plat je pribli\u017ene 3 300 eur. Pod\u013ea inform\u00e1ci\u00ed Demokratov mal by\u0165 Feren\u010d\u00e1k u\u017e vyl\u00fa\u010den\u00fd miestnou bunkou z Hlasu a tie\u017e sa strana p\u00fdta, \u010di je pravda, \u017ee dnes [&hellip;]\" \/>\n<meta property=\"og:url\" content=\"https:\/\/www.smedemokrati.sk\/hu\/majetok-za-28-miliona-eur-z-platu-verejneho-funkcionara-ferencak-musi-vysvetlit-svoje-realitne-imperium\/\" \/>\n<meta property=\"og:site_name\" content=\"Smedemokrati.sk\" \/>\n<meta property=\"article:publisher\" content=\"https:\/\/www.facebook.com\/smedemokrati2023\" \/>\n<meta property=\"article:published_time\" content=\"2026-03-16T14:57:14+00:00\" \/>\n<meta property=\"article:modified_time\" content=\"2026-03-16T18:38:24+00:00\" \/>\n<meta property=\"og:image\" content=\"https:\/\/www.smedemokrati.sk\/wp-content\/uploads\/2026\/03\/ferencak_dvaceleosemmega-e1773673079214.jpg\" \/>\n\t<meta property=\"og:image:width\" content=\"1638\" \/>\n\t<meta property=\"og:image:height\" content=\"1084\" \/>\n\t<meta property=\"og:image:type\" content=\"image\/jpeg\" \/>\n<meta name=\"author\" content=\"miro.sopko\" \/>\n<meta name=\"twitter:card\" content=\"summary_large_image\" \/>\n<meta name=\"twitter:label1\" content=\"Szerz\u0151:\" \/>\n\t<meta name=\"twitter:data1\" content=\"miro.sopko\" \/>\n\t<meta name=\"twitter:label2\" content=\"Becs\u00fclt olvas\u00e1si id\u0151\" \/>\n\t<meta name=\"twitter:data2\" content=\"3 perc\" \/>\n<script type=\"application\/ld+json\" class=\"yoast-schema-graph\">{\"@context\":\"https:\/\/schema.org\",\"@graph\":[{\"@type\":\"Article\",\"@id\":\"https:\/\/www.smedemokrati.sk\/majetok-za-28-miliona-eur-z-platu-verejneho-funkcionara-ferencak-musi-vysvetlit-svoje-realitne-imperium\/#article\",\"isPartOf\":{\"@id\":\"https:\/\/www.smedemokrati.sk\/majetok-za-28-miliona-eur-z-platu-verejneho-funkcionara-ferencak-musi-vysvetlit-svoje-realitne-imperium\/\"},\"author\":{\"name\":\"miro.sopko\",\"@id\":\"https:\/\/www.smedemokrati.sk\/#\/schema\/person\/21f147c88d605aa7ded900e1e7c344ba\"},\"headline\":\"Majetok za 2,8 mili\u00f3na eur z platu verejn\u00e9ho funkcion\u00e1ra? Feren\u010d\u00e1k mus\u00ed vysvetli\u0165 svoje realitn\u00e9 imp\u00e9rium\",\"datePublished\":\"2026-03-16T14:57:14+00:00\",\"dateModified\":\"2026-03-16T18:38:24+00:00\",\"mainEntityOfPage\":{\"@id\":\"https:\/\/www.smedemokrati.sk\/majetok-za-28-miliona-eur-z-platu-verejneho-funkcionara-ferencak-musi-vysvetlit-svoje-realitne-imperium\/\"},\"wordCount\":668,\"publisher\":{\"@id\":\"https:\/\/www.smedemokrati.sk\/#organization\"},\"image\":{\"@id\":\"https:\/\/www.smedemokrati.sk\/majetok-za-28-miliona-eur-z-platu-verejneho-funkcionara-ferencak-musi-vysvetlit-svoje-realitne-imperium\/#primaryimage\"},\"thumbnailUrl\":\"https:\/\/www.smedemokrati.sk\/wp-content\/uploads\/2026\/03\/ferencak_dvaceleosemmega-e1773673079214.jpg\",\"articleSection\":[\"Tla\u010dov\u00e9 spr\u00e1vy\"],\"inLanguage\":\"hu-HU\"},{\"@type\":\"WebPage\",\"@id\":\"https:\/\/www.smedemokrati.sk\/majetok-za-28-miliona-eur-z-platu-verejneho-funkcionara-ferencak-musi-vysvetlit-svoje-realitne-imperium\/\",\"url\":\"https:\/\/www.smedemokrati.sk\/majetok-za-28-miliona-eur-z-platu-verejneho-funkcionara-ferencak-musi-vysvetlit-svoje-realitne-imperium\/\",\"name\":\"Majetok za 2,8 mili\u00f3na eur z platu verejn\u00e9ho funkcion\u00e1ra? Feren\u010d\u00e1k mus\u00ed vysvetli\u0165 svoje realitn\u00e9 imp\u00e9rium\",\"isPartOf\":{\"@id\":\"https:\/\/www.smedemokrati.sk\/#website\"},\"primaryImageOfPage\":{\"@id\":\"https:\/\/www.smedemokrati.sk\/majetok-za-28-miliona-eur-z-platu-verejneho-funkcionara-ferencak-musi-vysvetlit-svoje-realitne-imperium\/#primaryimage\"},\"image\":{\"@id\":\"https:\/\/www.smedemokrati.sk\/majetok-za-28-miliona-eur-z-platu-verejneho-funkcionara-ferencak-musi-vysvetlit-svoje-realitne-imperium\/#primaryimage\"},\"thumbnailUrl\":\"https:\/\/www.smedemokrati.sk\/wp-content\/uploads\/2026\/03\/ferencak_dvaceleosemmega-e1773673079214.jpg\",\"datePublished\":\"2026-03-16T14:57:14+00:00\",\"dateModified\":\"2026-03-16T18:38:24+00:00\",\"breadcrumb\":{\"@id\":\"https:\/\/www.smedemokrati.sk\/majetok-za-28-miliona-eur-z-platu-verejneho-funkcionara-ferencak-musi-vysvetlit-svoje-realitne-imperium\/#breadcrumb\"},\"inLanguage\":\"hu-HU\",\"potentialAction\":[{\"@type\":\"ReadAction\",\"target\":[\"https:\/\/www.smedemokrati.sk\/majetok-za-28-miliona-eur-z-platu-verejneho-funkcionara-ferencak-musi-vysvetlit-svoje-realitne-imperium\/\"]}]},{\"@type\":\"ImageObject\",\"inLanguage\":\"hu-HU\",\"@id\":\"https:\/\/www.smedemokrati.sk\/majetok-za-28-miliona-eur-z-platu-verejneho-funkcionara-ferencak-musi-vysvetlit-svoje-realitne-imperium\/#primaryimage\",\"url\":\"https:\/\/www.smedemokrati.sk\/wp-content\/uploads\/2026\/03\/ferencak_dvaceleosemmega-e1773673079214.jpg\",\"contentUrl\":\"https:\/\/www.smedemokrati.sk\/wp-content\/uploads\/2026\/03\/ferencak_dvaceleosemmega-e1773673079214.jpg\",\"width\":1638,\"height\":1084},{\"@type\":\"BreadcrumbList\",\"@id\":\"https:\/\/www.smedemokrati.sk\/majetok-za-28-miliona-eur-z-platu-verejneho-funkcionara-ferencak-musi-vysvetlit-svoje-realitne-imperium\/#breadcrumb\",\"itemListElement\":[{\"@type\":\"ListItem\",\"position\":1,\"name\":\"Domovsk\u00e1 str\u00e1nka\",\"item\":\"https:\/\/www.smedemokrati.sk\/\"},{\"@type\":\"ListItem\",\"position\":2,\"name\":\"Majetok za 2,8 mili\u00f3na eur z platu verejn\u00e9ho funkcion\u00e1ra? Feren\u010d\u00e1k mus\u00ed vysvetli\u0165 svoje realitn\u00e9 imp\u00e9rium\"}]},{\"@type\":\"WebSite\",\"@id\":\"https:\/\/www.smedemokrati.sk\/#website\",\"url\":\"https:\/\/www.smedemokrati.sk\/\",\"name\":\"Smedemokrati.sk\",\"description\":\"Demokracia a slu\u0161nos\u0165 zv\u00ed\u0165az\u00ed\",\"publisher\":{\"@id\":\"https:\/\/www.smedemokrati.sk\/#organization\"},\"potentialAction\":[{\"@type\":\"SearchAction\",\"target\":{\"@type\":\"EntryPoint\",\"urlTemplate\":\"https:\/\/www.smedemokrati.sk\/?s={search_term_string}\"},\"query-input\":{\"@type\":\"PropertyValueSpecification\",\"valueRequired\":true,\"valueName\":\"search_term_string\"}}],\"inLanguage\":\"hu-HU\"},{\"@type\":\"Organization\",\"@id\":\"https:\/\/www.smedemokrati.sk\/#organization\",\"name\":\"Smedemokrati.sk\",\"url\":\"https:\/\/www.smedemokrati.sk\/\",\"logo\":{\"@type\":\"ImageObject\",\"inLanguage\":\"hu-HU\",\"@id\":\"https:\/\/www.smedemokrati.sk\/#\/schema\/logo\/image\/\",\"url\":\"https:\/\/www.smedemokrati.sk\/wp-content\/uploads\/2023\/04\/ff.002.jpeg\",\"contentUrl\":\"https:\/\/www.smedemokrati.sk\/wp-content\/uploads\/2023\/04\/ff.002.jpeg\",\"width\":640,\"height\":480,\"caption\":\"Smedemokrati.sk\"},\"image\":{\"@id\":\"https:\/\/www.smedemokrati.sk\/#\/schema\/logo\/image\/\"},\"sameAs\":[\"https:\/\/www.facebook.com\/smedemokrati2023\"]},{\"@type\":\"Person\",\"@id\":\"https:\/\/www.smedemokrati.sk\/#\/schema\/person\/21f147c88d605aa7ded900e1e7c344ba\",\"name\":\"miro.sopko\",\"image\":{\"@type\":\"ImageObject\",\"inLanguage\":\"hu-HU\",\"@id\":\"https:\/\/secure.gravatar.com\/avatar\/267e4a36f704376c109afe3a78740c1f5dd8675a2180a908699e7863c9247606?s=96&d=mm&r=g\",\"url\":\"https:\/\/secure.gravatar.com\/avatar\/267e4a36f704376c109afe3a78740c1f5dd8675a2180a908699e7863c9247606?s=96&d=mm&r=g\",\"contentUrl\":\"https:\/\/secure.gravatar.com\/avatar\/267e4a36f704376c109afe3a78740c1f5dd8675a2180a908699e7863c9247606?s=96&d=mm&r=g\",\"caption\":\"miro.sopko\"},\"url\":\"https:\/\/www.smedemokrati.sk\/hu\/author\/miro-sopko\/\"}]}<\/script>\n<!-- \/ Yoast SEO plugin. -->","yoast_head_json":{"title":"Majetok za 2,8 mili\u00f3na eur z platu verejn\u00e9ho funkcion\u00e1ra? Feren\u010d\u00e1k mus\u00ed vysvetli\u0165 svoje realitn\u00e9 imp\u00e9rium","robots":{"index":"index","follow":"follow","max-snippet":"max-snippet:-1","max-image-preview":"max-image-preview:large","max-video-preview":"max-video-preview:-1"},"canonical":"https:\/\/www.smedemokrati.sk\/hu\/majetok-za-28-miliona-eur-z-platu-verejneho-funkcionara-ferencak-musi-vysvetlit-svoje-realitne-imperium\/","og_locale":"hu_HU","og_type":"article","og_title":"[:sk]Majetok za 2,8 mili\u00f3na eur z platu verejn\u00e9ho funkcion\u00e1ra? Feren\u010d\u00e1k mus\u00ed vysvetli\u0165 svoje realitn\u00e9 imp\u00e9rium[:] - Smedemokrati.sk","og_description":"Demokrati upozornil na v\u00e1\u017ene ot\u00e1zky okolo majetku poslanca strany Hlas&nbsp;J\u00e1n Feren\u010d\u00e1k, ktor\u00e9ho realitn\u00e9 portf\u00f3lio dosahuje len pod\u013ea dostupn\u00fdch zdrojov hodnotu 2,8 mil. eur, pri\u010dom jeho priemern\u00fd mesa\u010dn\u00fd plat je pribli\u017ene 3 300 eur. Pod\u013ea inform\u00e1ci\u00ed Demokratov mal by\u0165 Feren\u010d\u00e1k u\u017e vyl\u00fa\u010den\u00fd miestnou bunkou z Hlasu a tie\u017e sa strana p\u00fdta, \u010di je pravda, \u017ee dnes [&hellip;]","og_url":"https:\/\/www.smedemokrati.sk\/hu\/majetok-za-28-miliona-eur-z-platu-verejneho-funkcionara-ferencak-musi-vysvetlit-svoje-realitne-imperium\/","og_site_name":"Smedemokrati.sk","article_publisher":"https:\/\/www.facebook.com\/smedemokrati2023","article_published_time":"2026-03-16T14:57:14+00:00","article_modified_time":"2026-03-16T18:38:24+00:00","og_image":[{"width":1638,"height":1084,"url":"https:\/\/www.smedemokrati.sk\/wp-content\/uploads\/2026\/03\/ferencak_dvaceleosemmega-e1773673079214.jpg","type":"image\/jpeg"}],"author":"miro.sopko","twitter_card":"summary_large_image","twitter_misc":{"Szerz\u0151:":"miro.sopko","Becs\u00fclt olvas\u00e1si id\u0151":"3 perc"},"schema":{"@context":"https:\/\/schema.org","@graph":[{"@type":"Article","@id":"https:\/\/www.smedemokrati.sk\/majetok-za-28-miliona-eur-z-platu-verejneho-funkcionara-ferencak-musi-vysvetlit-svoje-realitne-imperium\/#article","isPartOf":{"@id":"https:\/\/www.smedemokrati.sk\/majetok-za-28-miliona-eur-z-platu-verejneho-funkcionara-ferencak-musi-vysvetlit-svoje-realitne-imperium\/"},"author":{"name":"miro.sopko","@id":"https:\/\/www.smedemokrati.sk\/#\/schema\/person\/21f147c88d605aa7ded900e1e7c344ba"},"headline":"Majetok za 2,8 mili\u00f3na eur z platu verejn\u00e9ho funkcion\u00e1ra? Feren\u010d\u00e1k mus\u00ed vysvetli\u0165 svoje realitn\u00e9 imp\u00e9rium","datePublished":"2026-03-16T14:57:14+00:00","dateModified":"2026-03-16T18:38:24+00:00","mainEntityOfPage":{"@id":"https:\/\/www.smedemokrati.sk\/majetok-za-28-miliona-eur-z-platu-verejneho-funkcionara-ferencak-musi-vysvetlit-svoje-realitne-imperium\/"},"wordCount":668,"publisher":{"@id":"https:\/\/www.smedemokrati.sk\/#organization"},"image":{"@id":"https:\/\/www.smedemokrati.sk\/majetok-za-28-miliona-eur-z-platu-verejneho-funkcionara-ferencak-musi-vysvetlit-svoje-realitne-imperium\/#primaryimage"},"thumbnailUrl":"https:\/\/www.smedemokrati.sk\/wp-content\/uploads\/2026\/03\/ferencak_dvaceleosemmega-e1773673079214.jpg","articleSection":["Tla\u010dov\u00e9 spr\u00e1vy"],"inLanguage":"hu-HU"},{"@type":"WebPage","@id":"https:\/\/www.smedemokrati.sk\/majetok-za-28-miliona-eur-z-platu-verejneho-funkcionara-ferencak-musi-vysvetlit-svoje-realitne-imperium\/","url":"https:\/\/www.smedemokrati.sk\/majetok-za-28-miliona-eur-z-platu-verejneho-funkcionara-ferencak-musi-vysvetlit-svoje-realitne-imperium\/","name":"Majetok za 2,8 mili\u00f3na eur z platu verejn\u00e9ho funkcion\u00e1ra? Feren\u010d\u00e1k mus\u00ed vysvetli\u0165 svoje realitn\u00e9 imp\u00e9rium","isPartOf":{"@id":"https:\/\/www.smedemokrati.sk\/#website"},"primaryImageOfPage":{"@id":"https:\/\/www.smedemokrati.sk\/majetok-za-28-miliona-eur-z-platu-verejneho-funkcionara-ferencak-musi-vysvetlit-svoje-realitne-imperium\/#primaryimage"},"image":{"@id":"https:\/\/www.smedemokrati.sk\/majetok-za-28-miliona-eur-z-platu-verejneho-funkcionara-ferencak-musi-vysvetlit-svoje-realitne-imperium\/#primaryimage"},"thumbnailUrl":"https:\/\/www.smedemokrati.sk\/wp-content\/uploads\/2026\/03\/ferencak_dvaceleosemmega-e1773673079214.jpg","datePublished":"2026-03-16T14:57:14+00:00","dateModified":"2026-03-16T18:38:24+00:00","breadcrumb":{"@id":"https:\/\/www.smedemokrati.sk\/majetok-za-28-miliona-eur-z-platu-verejneho-funkcionara-ferencak-musi-vysvetlit-svoje-realitne-imperium\/#breadcrumb"},"inLanguage":"hu-HU","potentialAction":[{"@type":"ReadAction","target":["https:\/\/www.smedemokrati.sk\/majetok-za-28-miliona-eur-z-platu-verejneho-funkcionara-ferencak-musi-vysvetlit-svoje-realitne-imperium\/"]}]},{"@type":"ImageObject","inLanguage":"hu-HU","@id":"https:\/\/www.smedemokrati.sk\/majetok-za-28-miliona-eur-z-platu-verejneho-funkcionara-ferencak-musi-vysvetlit-svoje-realitne-imperium\/#primaryimage","url":"https:\/\/www.smedemokrati.sk\/wp-content\/uploads\/2026\/03\/ferencak_dvaceleosemmega-e1773673079214.jpg","contentUrl":"https:\/\/www.smedemokrati.sk\/wp-content\/uploads\/2026\/03\/ferencak_dvaceleosemmega-e1773673079214.jpg","width":1638,"height":1084},{"@type":"BreadcrumbList","@id":"https:\/\/www.smedemokrati.sk\/majetok-za-28-miliona-eur-z-platu-verejneho-funkcionara-ferencak-musi-vysvetlit-svoje-realitne-imperium\/#breadcrumb","itemListElement":[{"@type":"ListItem","position":1,"name":"Domovsk\u00e1 str\u00e1nka","item":"https:\/\/www.smedemokrati.sk\/"},{"@type":"ListItem","position":2,"name":"Majetok za 2,8 mili\u00f3na eur z platu verejn\u00e9ho funkcion\u00e1ra? Feren\u010d\u00e1k mus\u00ed vysvetli\u0165 svoje realitn\u00e9 imp\u00e9rium"}]},{"@type":"WebSite","@id":"https:\/\/www.smedemokrati.sk\/#website","url":"https:\/\/www.smedemokrati.sk\/","name":"Smedemokrati.sk","description":"Demokracia a slu\u0161nos\u0165 zv\u00ed\u0165az\u00ed","publisher":{"@id":"https:\/\/www.smedemokrati.sk\/#organization"},"potentialAction":[{"@type":"SearchAction","target":{"@type":"EntryPoint","urlTemplate":"https:\/\/www.smedemokrati.sk\/?s={search_term_string}"},"query-input":{"@type":"PropertyValueSpecification","valueRequired":true,"valueName":"search_term_string"}}],"inLanguage":"hu-HU"},{"@type":"Organization","@id":"https:\/\/www.smedemokrati.sk\/#organization","name":"Smedemokrati.sk","url":"https:\/\/www.smedemokrati.sk\/","logo":{"@type":"ImageObject","inLanguage":"hu-HU","@id":"https:\/\/www.smedemokrati.sk\/#\/schema\/logo\/image\/","url":"https:\/\/www.smedemokrati.sk\/wp-content\/uploads\/2023\/04\/ff.002.jpeg","contentUrl":"https:\/\/www.smedemokrati.sk\/wp-content\/uploads\/2023\/04\/ff.002.jpeg","width":640,"height":480,"caption":"Smedemokrati.sk"},"image":{"@id":"https:\/\/www.smedemokrati.sk\/#\/schema\/logo\/image\/"},"sameAs":["https:\/\/www.facebook.com\/smedemokrati2023"]},{"@type":"Person","@id":"https:\/\/www.smedemokrati.sk\/#\/schema\/person\/21f147c88d605aa7ded900e1e7c344ba","name":"miro.sopko","image":{"@type":"ImageObject","inLanguage":"hu-HU","@id":"https:\/\/secure.gravatar.com\/avatar\/267e4a36f704376c109afe3a78740c1f5dd8675a2180a908699e7863c9247606?s=96&d=mm&r=g","url":"https:\/\/secure.gravatar.com\/avatar\/267e4a36f704376c109afe3a78740c1f5dd8675a2180a908699e7863c9247606?s=96&d=mm&r=g","contentUrl":"https:\/\/secure.gravatar.com\/avatar\/267e4a36f704376c109afe3a78740c1f5dd8675a2180a908699e7863c9247606?s=96&d=mm&r=g","caption":"miro.sopko"},"url":"https:\/\/www.smedemokrati.sk\/hu\/author\/miro-sopko\/"}]}},"_links":{"self":[{"href":"https:\/\/www.smedemokrati.sk\/hu\/wp-json\/wp\/v2\/posts\/9029","targetHints":{"allow":["GET"]}}],"collection":[{"href":"https:\/\/www.smedemokrati.sk\/hu\/wp-json\/wp\/v2\/posts"}],"about":[{"href":"https:\/\/www.smedemokrati.sk\/hu\/wp-json\/wp\/v2\/types\/post"}],"author":[{"embeddable":true,"href":"https:\/\/www.smedemokrati.sk\/hu\/wp-json\/wp\/v2\/users\/13"}],"replies":[{"embeddable":true,"href":"https:\/\/www.smedemokrati.sk\/hu\/wp-json\/wp\/v2\/comments?post=9029"}],"version-history":[{"count":1,"href":"https:\/\/www.smedemokrati.sk\/hu\/wp-json\/wp\/v2\/posts\/9029\/revisions"}],"predecessor-version":[{"id":9031,"href":"https:\/\/www.smedemokrati.sk\/hu\/wp-json\/wp\/v2\/posts\/9029\/revisions\/9031"}],"wp:featuredmedia":[{"embeddable":true,"href":"https:\/\/www.smedemokrati.sk\/hu\/wp-json\/wp\/v2\/media\/9030"}],"wp:attachment":[{"href":"https:\/\/www.smedemokrati.sk\/hu\/wp-json\/wp\/v2\/media?parent=9029"}],"wp:term":[{"taxonomy":"category","embeddable":true,"href":"https:\/\/www.smedemokrati.sk\/hu\/wp-json\/wp\/v2\/categories?post=9029"},{"taxonomy":"post_tag","embeddable":true,"href":"https:\/\/www.smedemokrati.sk\/hu\/wp-json\/wp\/v2\/tags?post=9029"}],"curies":[{"name":"wp","href":"https:\/\/api.w.org\/{rel}","templated":true}]}}