{"id":9021,"date":"2026-03-13T17:21:00","date_gmt":"2026-03-13T16:21:00","guid":{"rendered":"https:\/\/www.smedemokrati.sk\/?p=9021"},"modified":"2026-03-14T09:30:07","modified_gmt":"2026-03-14T08:30:07","slug":"spalovna-pri-dudinciach-nebude","status":"publish","type":"post","link":"https:\/\/www.smedemokrati.sk\/hu\/spalovna-pri-dudinciach-nebude\/","title":{"rendered":"Spa\u013eov\u0148a pri Dudinciach nebude!"},"content":{"rendered":"<div id=\"fb-root\"><\/div>\n\n<p><strong>Ministerstvo \u017eivotn\u00e9ho prostredia SR dnes vydalo z\u00e1vere\u010dn\u00e9 negat\u00edvne stanovisko z procesu EIA k navrhovanej spa\u013eovni v Hontianskych Tes\u00e1roch pri k\u00fape\u013enom meste Dudince. Neby\u0165 verejn\u00e9ho tlaku na zachovanie ochrann\u00fdch p\u00e1siem II. stup\u0148a, v\u0161etko mohlo by\u0165 inak. Demokrati v\u00edtaj\u00fa toto rozhodnutie a vysvet\u013euj\u00fa pozadie jeho vzniku.\u00a0<\/strong><\/p>\n\n\n\n<p>Podpredsedovi Demokratov a enviroexpertovi Michalovi Ki\u010dovi, ktor\u00fd akt\u00edvne vstupoval do procesu, dnes bolo ako \u00fa\u010dastn\u00edkovi konania doru\u010den\u00e9 rozhodnutie envirorezortu.&nbsp;<\/p>\n\n\n\n<p>Michal Ki\u010da vysvet\u013euje, \u017ee nosn\u00fdm argumentom, o ktor\u00fd sa oprelo Ministerstvo \u017eivotn\u00e9ho prostredia SR, je existencia ochrann\u00e9ho p\u00e1sma II. stup\u0148a pre k\u00fapele a zdroje prame\u0148ov. Minister \u0160a\u0161ko minul\u00fd vydal lobistick\u00fa vyhl\u00e1\u0161ku, ktor\u00e1 by z\u00e1kaz umiest\u0148ova\u0165 tu spa\u013eov\u0148u, zru\u0161il. <em>\u201eA\u017e po na\u0161om tlaku a pred na\u0161ou tla\u010dovou konferenciou toto svoje \u0161kandal\u00f3zne rozhodnutie zru\u0161il. Neby\u0165 toho, negat\u00edvne rozhodnutie k spa\u013eovni by sa len \u0165a\u017eko od\u00f4vod\u0148ovalo. V mojom z\u00e1vere\u010dnom vyjadren\u00ed som po\u017eadoval nes\u00fahlas so spa\u013eov\u0148ou aj kv\u00f4li nes\u00faladu s cie\u013emi nov\u00e9ho programu odpadov\u00e9ho hospod\u00e1rstva, s \u010d\u00edm sa ministerstvo tie\u017e stoto\u017enilo. Bodka nie je definit\u00edvna, investor sa e\u0161te m\u00f4\u017ee odvola\u0165,<\/em>\u201d uv\u00e1dza Michal Ki\u010da.<\/p>\n\n\n\n<p>Demokrati to pova\u017euj\u00fa za v\u00fdborn\u00fa spr\u00e1vu pre regi\u00f3n Hontu zn\u00e1my k\u00fape\u013en\u00edctvom a vinohradn\u00edctvom. A aj za d\u00f4kaz, \u017ee verejn\u00fd tlak na vl\u00e1du a kvalifikovan\u00e9 podania s\u00fa k\u013e\u00fa\u010dov\u00e9 a maj\u00fa zmysel. <em>\u201eMinister Taraba mi pokojne m\u00f4\u017ee nad\u00e1va\u0165 do hoaxerov. Neby\u0165 verejn\u00e9ho tlaku opoz\u00edcie, samospr\u00e1v a odborn\u00edkov, spolu so \u0160a\u0161kom by sa vykr\u00facali a verejn\u00e9 vyhl\u00e1senie, \u017ee spa\u013eov\u0148a nebude, by nikdy nedali, \u0160a\u0161ko by svoju \u0161kandal\u00f3znu vyhl\u00e1\u0161ku oslabuj\u00facu ochrann\u00e9 p\u00e1smo k\u00fape\u013eov nezru\u0161il a dnes to mohlo dopadn\u00fa\u0165 inak,\u201d <\/em>dop\u013a\u0148a Michal Ki\u010da.\u00a0<\/p>\n\n\n\n<p>\u010eakujeme aj v\u0161etk\u00fdm akt\u00edvnym ob\u010danom, samospr\u00e1vam a odborn\u00edkom, ktor\u00fdm nie je \u013eahostajn\u00e9 ich okolie a \u017eivotn\u00e9 prostredie.<\/p>\n\n\n\n<figure class=\"wp-block-video\"><video height=\"1080\" style=\"aspect-ratio: 1920 \/ 1080;\" width=\"1920\" controls src=\"https:\/\/www.smedemokrati.sk\/wp-content\/uploads\/2026\/03\/Img-1696.mp4\"><\/video><\/figure>\n","protected":false},"excerpt":{"rendered":"<p>Ministerstvo \u017eivotn\u00e9ho prostredia SR dnes vydalo z\u00e1vere\u010dn\u00e9 negat\u00edvne stanovisko z procesu EIA k navrhovanej spa\u013eovni v Hontianskych Tes\u00e1roch pri k\u00fape\u013enom meste Dudince. Neby\u0165 verejn\u00e9ho tlaku na zachovanie ochrann\u00fdch p\u00e1siem II. stup\u0148a, v\u0161etko mohlo by\u0165 inak. Demokrati v\u00edtaj\u00fa toto rozhodnutie a vysvet\u013euj\u00fa pozadie jeho vzniku.\u00a0 Podpredsedovi Demokratov a enviroexpertovi Michalovi Ki\u010dovi, ktor\u00fd akt\u00edvne vstupoval do procesu, [&hellip;]<\/p>\n","protected":false},"author":13,"featured_media":9022,"comment_status":"closed","ping_status":"closed","sticky":false,"template":"","format":"standard","meta":{"_acf_changed":false,"ngg_post_thumbnail":0,"footnotes":""},"categories":[4],"tags":[],"class_list":["post-9021","post","type-post","status-publish","format-standard","has-post-thumbnail","hentry","category-tlacove-spravy"],"acf":[],"yoast_head":"<!-- This site is optimized with the Yoast SEO plugin v27.2 - https:\/\/yoast.com\/product\/yoast-seo-wordpress\/ -->\n<title>Spa\u013eov\u0148a pri Dudinciach nebude!<\/title>\n<meta name=\"robots\" content=\"index, follow, max-snippet:-1, max-image-preview:large, max-video-preview:-1\" \/>\n<link rel=\"canonical\" href=\"https:\/\/www.smedemokrati.sk\/hu\/spalovna-pri-dudinciach-nebude\/\" \/>\n<meta property=\"og:locale\" content=\"hu_HU\" \/>\n<meta property=\"og:locale:alternate\" content=\"en_US\" \/>\n<meta property=\"og:locale:alternate\" content=\"cs_CZ\" \/>\n<meta property=\"og:locale:alternate\" content=\"sk_SK\" \/>\n<meta property=\"og:locale:alternate\" content=\"sv_SE\" \/>\n<meta property=\"og:type\" content=\"article\" \/>\n<meta property=\"og:title\" content=\"Spa\u013eov\u0148a pri Dudinciach nebude!\" \/>\n<meta property=\"og:description\" content=\"Ministerstvo \u017eivotn\u00e9ho prostredia SR dnes vydalo z\u00e1vere\u010dn\u00e9 negat\u00edvne stanovisko z procesu EIA k navrhovanej spa\u013eovni v Hontianskych Tes\u00e1roch pri k\u00fape\u013enom meste Dudince. Neby\u0165 verejn\u00e9ho tlaku na zachovanie ochrann\u00fdch p\u00e1siem II. stup\u0148a, v\u0161etko mohlo by\u0165 inak. Demokrati v\u00edtaj\u00fa toto rozhodnutie a vysvet\u013euj\u00fa pozadie jeho vzniku.\u00a0 Podpredsedovi Demokratov a enviroexpertovi Michalovi Ki\u010dovi, ktor\u00fd akt\u00edvne vstupoval do procesu, [&hellip;]\" \/>\n<meta property=\"og:url\" content=\"https:\/\/www.smedemokrati.sk\/hu\/spalovna-pri-dudinciach-nebude\/\" \/>\n<meta property=\"og:site_name\" content=\"Smedemokrati.sk\" \/>\n<meta property=\"article:publisher\" content=\"https:\/\/www.facebook.com\/smedemokrati2023\" \/>\n<meta property=\"article:published_time\" content=\"2026-03-13T16:21:00+00:00\" \/>\n<meta property=\"article:modified_time\" content=\"2026-03-14T08:30:07+00:00\" \/>\n<meta property=\"og:image\" content=\"https:\/\/www.smedemokrati.sk\/wp-content\/uploads\/2026\/03\/651243073_919513851057479_5708476262987741048_n.jpg\" \/>\n\t<meta property=\"og:image:width\" content=\"1280\" \/>\n\t<meta property=\"og:image:height\" content=\"1600\" \/>\n\t<meta property=\"og:image:type\" content=\"image\/jpeg\" \/>\n<meta name=\"author\" content=\"miro.sopko\" \/>\n<meta name=\"twitter:card\" content=\"summary_large_image\" \/>\n<meta name=\"twitter:label1\" content=\"Szerz\u0151:\" \/>\n\t<meta name=\"twitter:data1\" content=\"miro.sopko\" \/>\n\t<meta name=\"twitter:label2\" content=\"Becs\u00fclt olvas\u00e1si id\u0151\" \/>\n\t<meta name=\"twitter:data2\" content=\"2 perc\" \/>\n<script type=\"application\/ld+json\" class=\"yoast-schema-graph\">{\"@context\":\"https:\/\/schema.org\",\"@graph\":[{\"@type\":\"Article\",\"@id\":\"https:\/\/www.smedemokrati.sk\/spalovna-pri-dudinciach-nebude\/#article\",\"isPartOf\":{\"@id\":\"https:\/\/www.smedemokrati.sk\/spalovna-pri-dudinciach-nebude\/\"},\"author\":{\"name\":\"miro.sopko\",\"@id\":\"https:\/\/www.smedemokrati.sk\/#\/schema\/person\/21f147c88d605aa7ded900e1e7c344ba\"},\"headline\":\"Spa\u013eov\u0148a pri Dudinciach nebude!\",\"datePublished\":\"2026-03-13T16:21:00+00:00\",\"dateModified\":\"2026-03-14T08:30:07+00:00\",\"mainEntityOfPage\":{\"@id\":\"https:\/\/www.smedemokrati.sk\/spalovna-pri-dudinciach-nebude\/\"},\"wordCount\":370,\"publisher\":{\"@id\":\"https:\/\/www.smedemokrati.sk\/#organization\"},\"image\":{\"@id\":\"https:\/\/www.smedemokrati.sk\/spalovna-pri-dudinciach-nebude\/#primaryimage\"},\"thumbnailUrl\":\"https:\/\/www.smedemokrati.sk\/wp-content\/uploads\/2026\/03\/651243073_919513851057479_5708476262987741048_n.jpg\",\"articleSection\":[\"Tla\u010dov\u00e9 spr\u00e1vy\"],\"inLanguage\":\"hu-HU\"},{\"@type\":\"WebPage\",\"@id\":\"https:\/\/www.smedemokrati.sk\/spalovna-pri-dudinciach-nebude\/\",\"url\":\"https:\/\/www.smedemokrati.sk\/spalovna-pri-dudinciach-nebude\/\",\"name\":\"Spa\u013eov\u0148a pri Dudinciach nebude!\",\"isPartOf\":{\"@id\":\"https:\/\/www.smedemokrati.sk\/#website\"},\"primaryImageOfPage\":{\"@id\":\"https:\/\/www.smedemokrati.sk\/spalovna-pri-dudinciach-nebude\/#primaryimage\"},\"image\":{\"@id\":\"https:\/\/www.smedemokrati.sk\/spalovna-pri-dudinciach-nebude\/#primaryimage\"},\"thumbnailUrl\":\"https:\/\/www.smedemokrati.sk\/wp-content\/uploads\/2026\/03\/651243073_919513851057479_5708476262987741048_n.jpg\",\"datePublished\":\"2026-03-13T16:21:00+00:00\",\"dateModified\":\"2026-03-14T08:30:07+00:00\",\"breadcrumb\":{\"@id\":\"https:\/\/www.smedemokrati.sk\/spalovna-pri-dudinciach-nebude\/#breadcrumb\"},\"inLanguage\":\"hu-HU\",\"potentialAction\":[{\"@type\":\"ReadAction\",\"target\":[\"https:\/\/www.smedemokrati.sk\/spalovna-pri-dudinciach-nebude\/\"]}]},{\"@type\":\"ImageObject\",\"inLanguage\":\"hu-HU\",\"@id\":\"https:\/\/www.smedemokrati.sk\/spalovna-pri-dudinciach-nebude\/#primaryimage\",\"url\":\"https:\/\/www.smedemokrati.sk\/wp-content\/uploads\/2026\/03\/651243073_919513851057479_5708476262987741048_n.jpg\",\"contentUrl\":\"https:\/\/www.smedemokrati.sk\/wp-content\/uploads\/2026\/03\/651243073_919513851057479_5708476262987741048_n.jpg\",\"width\":1280,\"height\":1600},{\"@type\":\"BreadcrumbList\",\"@id\":\"https:\/\/www.smedemokrati.sk\/spalovna-pri-dudinciach-nebude\/#breadcrumb\",\"itemListElement\":[{\"@type\":\"ListItem\",\"position\":1,\"name\":\"Domovsk\u00e1 str\u00e1nka\",\"item\":\"https:\/\/www.smedemokrati.sk\/\"},{\"@type\":\"ListItem\",\"position\":2,\"name\":\"Spa\u013eov\u0148a pri Dudinciach nebude!\"}]},{\"@type\":\"WebSite\",\"@id\":\"https:\/\/www.smedemokrati.sk\/#website\",\"url\":\"https:\/\/www.smedemokrati.sk\/\",\"name\":\"Smedemokrati.sk\",\"description\":\"Demokracia a slu\u0161nos\u0165 zv\u00ed\u0165az\u00ed\",\"publisher\":{\"@id\":\"https:\/\/www.smedemokrati.sk\/#organization\"},\"potentialAction\":[{\"@type\":\"SearchAction\",\"target\":{\"@type\":\"EntryPoint\",\"urlTemplate\":\"https:\/\/www.smedemokrati.sk\/?s={search_term_string}\"},\"query-input\":{\"@type\":\"PropertyValueSpecification\",\"valueRequired\":true,\"valueName\":\"search_term_string\"}}],\"inLanguage\":\"hu-HU\"},{\"@type\":\"Organization\",\"@id\":\"https:\/\/www.smedemokrati.sk\/#organization\",\"name\":\"Smedemokrati.sk\",\"url\":\"https:\/\/www.smedemokrati.sk\/\",\"logo\":{\"@type\":\"ImageObject\",\"inLanguage\":\"hu-HU\",\"@id\":\"https:\/\/www.smedemokrati.sk\/#\/schema\/logo\/image\/\",\"url\":\"https:\/\/www.smedemokrati.sk\/wp-content\/uploads\/2023\/04\/ff.002.jpeg\",\"contentUrl\":\"https:\/\/www.smedemokrati.sk\/wp-content\/uploads\/2023\/04\/ff.002.jpeg\",\"width\":640,\"height\":480,\"caption\":\"Smedemokrati.sk\"},\"image\":{\"@id\":\"https:\/\/www.smedemokrati.sk\/#\/schema\/logo\/image\/\"},\"sameAs\":[\"https:\/\/www.facebook.com\/smedemokrati2023\"]},{\"@type\":\"Person\",\"@id\":\"https:\/\/www.smedemokrati.sk\/#\/schema\/person\/21f147c88d605aa7ded900e1e7c344ba\",\"name\":\"miro.sopko\",\"image\":{\"@type\":\"ImageObject\",\"inLanguage\":\"hu-HU\",\"@id\":\"https:\/\/secure.gravatar.com\/avatar\/267e4a36f704376c109afe3a78740c1f5dd8675a2180a908699e7863c9247606?s=96&d=mm&r=g\",\"url\":\"https:\/\/secure.gravatar.com\/avatar\/267e4a36f704376c109afe3a78740c1f5dd8675a2180a908699e7863c9247606?s=96&d=mm&r=g\",\"contentUrl\":\"https:\/\/secure.gravatar.com\/avatar\/267e4a36f704376c109afe3a78740c1f5dd8675a2180a908699e7863c9247606?s=96&d=mm&r=g\",\"caption\":\"miro.sopko\"},\"url\":\"https:\/\/www.smedemokrati.sk\/hu\/author\/miro-sopko\/\"}]}<\/script>\n<!-- \/ Yoast SEO plugin. -->","yoast_head_json":{"title":"Spa\u013eov\u0148a pri Dudinciach nebude!","robots":{"index":"index","follow":"follow","max-snippet":"max-snippet:-1","max-image-preview":"max-image-preview:large","max-video-preview":"max-video-preview:-1"},"canonical":"https:\/\/www.smedemokrati.sk\/hu\/spalovna-pri-dudinciach-nebude\/","og_locale":"hu_HU","og_type":"article","og_title":"[:sk]Spa\u013eov\u0148a pri Dudinciach nebude![:] - Smedemokrati.sk","og_description":"Ministerstvo \u017eivotn\u00e9ho prostredia SR dnes vydalo z\u00e1vere\u010dn\u00e9 negat\u00edvne stanovisko z procesu EIA k navrhovanej spa\u013eovni v Hontianskych Tes\u00e1roch pri k\u00fape\u013enom meste Dudince. Neby\u0165 verejn\u00e9ho tlaku na zachovanie ochrann\u00fdch p\u00e1siem II. stup\u0148a, v\u0161etko mohlo by\u0165 inak. Demokrati v\u00edtaj\u00fa toto rozhodnutie a vysvet\u013euj\u00fa pozadie jeho vzniku.\u00a0 Podpredsedovi Demokratov a enviroexpertovi Michalovi Ki\u010dovi, ktor\u00fd akt\u00edvne vstupoval do procesu, [&hellip;]","og_url":"https:\/\/www.smedemokrati.sk\/hu\/spalovna-pri-dudinciach-nebude\/","og_site_name":"Smedemokrati.sk","article_publisher":"https:\/\/www.facebook.com\/smedemokrati2023","article_published_time":"2026-03-13T16:21:00+00:00","article_modified_time":"2026-03-14T08:30:07+00:00","og_image":[{"width":1280,"height":1600,"url":"https:\/\/www.smedemokrati.sk\/wp-content\/uploads\/2026\/03\/651243073_919513851057479_5708476262987741048_n.jpg","type":"image\/jpeg"}],"author":"miro.sopko","twitter_card":"summary_large_image","twitter_misc":{"Szerz\u0151:":"miro.sopko","Becs\u00fclt olvas\u00e1si id\u0151":"2 perc"},"schema":{"@context":"https:\/\/schema.org","@graph":[{"@type":"Article","@id":"https:\/\/www.smedemokrati.sk\/spalovna-pri-dudinciach-nebude\/#article","isPartOf":{"@id":"https:\/\/www.smedemokrati.sk\/spalovna-pri-dudinciach-nebude\/"},"author":{"name":"miro.sopko","@id":"https:\/\/www.smedemokrati.sk\/#\/schema\/person\/21f147c88d605aa7ded900e1e7c344ba"},"headline":"Spa\u013eov\u0148a pri Dudinciach nebude!","datePublished":"2026-03-13T16:21:00+00:00","dateModified":"2026-03-14T08:30:07+00:00","mainEntityOfPage":{"@id":"https:\/\/www.smedemokrati.sk\/spalovna-pri-dudinciach-nebude\/"},"wordCount":370,"publisher":{"@id":"https:\/\/www.smedemokrati.sk\/#organization"},"image":{"@id":"https:\/\/www.smedemokrati.sk\/spalovna-pri-dudinciach-nebude\/#primaryimage"},"thumbnailUrl":"https:\/\/www.smedemokrati.sk\/wp-content\/uploads\/2026\/03\/651243073_919513851057479_5708476262987741048_n.jpg","articleSection":["Tla\u010dov\u00e9 spr\u00e1vy"],"inLanguage":"hu-HU"},{"@type":"WebPage","@id":"https:\/\/www.smedemokrati.sk\/spalovna-pri-dudinciach-nebude\/","url":"https:\/\/www.smedemokrati.sk\/spalovna-pri-dudinciach-nebude\/","name":"Spa\u013eov\u0148a pri Dudinciach nebude!","isPartOf":{"@id":"https:\/\/www.smedemokrati.sk\/#website"},"primaryImageOfPage":{"@id":"https:\/\/www.smedemokrati.sk\/spalovna-pri-dudinciach-nebude\/#primaryimage"},"image":{"@id":"https:\/\/www.smedemokrati.sk\/spalovna-pri-dudinciach-nebude\/#primaryimage"},"thumbnailUrl":"https:\/\/www.smedemokrati.sk\/wp-content\/uploads\/2026\/03\/651243073_919513851057479_5708476262987741048_n.jpg","datePublished":"2026-03-13T16:21:00+00:00","dateModified":"2026-03-14T08:30:07+00:00","breadcrumb":{"@id":"https:\/\/www.smedemokrati.sk\/spalovna-pri-dudinciach-nebude\/#breadcrumb"},"inLanguage":"hu-HU","potentialAction":[{"@type":"ReadAction","target":["https:\/\/www.smedemokrati.sk\/spalovna-pri-dudinciach-nebude\/"]}]},{"@type":"ImageObject","inLanguage":"hu-HU","@id":"https:\/\/www.smedemokrati.sk\/spalovna-pri-dudinciach-nebude\/#primaryimage","url":"https:\/\/www.smedemokrati.sk\/wp-content\/uploads\/2026\/03\/651243073_919513851057479_5708476262987741048_n.jpg","contentUrl":"https:\/\/www.smedemokrati.sk\/wp-content\/uploads\/2026\/03\/651243073_919513851057479_5708476262987741048_n.jpg","width":1280,"height":1600},{"@type":"BreadcrumbList","@id":"https:\/\/www.smedemokrati.sk\/spalovna-pri-dudinciach-nebude\/#breadcrumb","itemListElement":[{"@type":"ListItem","position":1,"name":"Domovsk\u00e1 str\u00e1nka","item":"https:\/\/www.smedemokrati.sk\/"},{"@type":"ListItem","position":2,"name":"Spa\u013eov\u0148a pri Dudinciach nebude!"}]},{"@type":"WebSite","@id":"https:\/\/www.smedemokrati.sk\/#website","url":"https:\/\/www.smedemokrati.sk\/","name":"Smedemokrati.sk","description":"Demokracia a slu\u0161nos\u0165 zv\u00ed\u0165az\u00ed","publisher":{"@id":"https:\/\/www.smedemokrati.sk\/#organization"},"potentialAction":[{"@type":"SearchAction","target":{"@type":"EntryPoint","urlTemplate":"https:\/\/www.smedemokrati.sk\/?s={search_term_string}"},"query-input":{"@type":"PropertyValueSpecification","valueRequired":true,"valueName":"search_term_string"}}],"inLanguage":"hu-HU"},{"@type":"Organization","@id":"https:\/\/www.smedemokrati.sk\/#organization","name":"Smedemokrati.sk","url":"https:\/\/www.smedemokrati.sk\/","logo":{"@type":"ImageObject","inLanguage":"hu-HU","@id":"https:\/\/www.smedemokrati.sk\/#\/schema\/logo\/image\/","url":"https:\/\/www.smedemokrati.sk\/wp-content\/uploads\/2023\/04\/ff.002.jpeg","contentUrl":"https:\/\/www.smedemokrati.sk\/wp-content\/uploads\/2023\/04\/ff.002.jpeg","width":640,"height":480,"caption":"Smedemokrati.sk"},"image":{"@id":"https:\/\/www.smedemokrati.sk\/#\/schema\/logo\/image\/"},"sameAs":["https:\/\/www.facebook.com\/smedemokrati2023"]},{"@type":"Person","@id":"https:\/\/www.smedemokrati.sk\/#\/schema\/person\/21f147c88d605aa7ded900e1e7c344ba","name":"miro.sopko","image":{"@type":"ImageObject","inLanguage":"hu-HU","@id":"https:\/\/secure.gravatar.com\/avatar\/267e4a36f704376c109afe3a78740c1f5dd8675a2180a908699e7863c9247606?s=96&d=mm&r=g","url":"https:\/\/secure.gravatar.com\/avatar\/267e4a36f704376c109afe3a78740c1f5dd8675a2180a908699e7863c9247606?s=96&d=mm&r=g","contentUrl":"https:\/\/secure.gravatar.com\/avatar\/267e4a36f704376c109afe3a78740c1f5dd8675a2180a908699e7863c9247606?s=96&d=mm&r=g","caption":"miro.sopko"},"url":"https:\/\/www.smedemokrati.sk\/hu\/author\/miro-sopko\/"}]}},"_links":{"self":[{"href":"https:\/\/www.smedemokrati.sk\/hu\/wp-json\/wp\/v2\/posts\/9021","targetHints":{"allow":["GET"]}}],"collection":[{"href":"https:\/\/www.smedemokrati.sk\/hu\/wp-json\/wp\/v2\/posts"}],"about":[{"href":"https:\/\/www.smedemokrati.sk\/hu\/wp-json\/wp\/v2\/types\/post"}],"author":[{"embeddable":true,"href":"https:\/\/www.smedemokrati.sk\/hu\/wp-json\/wp\/v2\/users\/13"}],"replies":[{"embeddable":true,"href":"https:\/\/www.smedemokrati.sk\/hu\/wp-json\/wp\/v2\/comments?post=9021"}],"version-history":[{"count":1,"href":"https:\/\/www.smedemokrati.sk\/hu\/wp-json\/wp\/v2\/posts\/9021\/revisions"}],"predecessor-version":[{"id":9024,"href":"https:\/\/www.smedemokrati.sk\/hu\/wp-json\/wp\/v2\/posts\/9021\/revisions\/9024"}],"wp:featuredmedia":[{"embeddable":true,"href":"https:\/\/www.smedemokrati.sk\/hu\/wp-json\/wp\/v2\/media\/9022"}],"wp:attachment":[{"href":"https:\/\/www.smedemokrati.sk\/hu\/wp-json\/wp\/v2\/media?parent=9021"}],"wp:term":[{"taxonomy":"category","embeddable":true,"href":"https:\/\/www.smedemokrati.sk\/hu\/wp-json\/wp\/v2\/categories?post=9021"},{"taxonomy":"post_tag","embeddable":true,"href":"https:\/\/www.smedemokrati.sk\/hu\/wp-json\/wp\/v2\/tags?post=9021"}],"curies":[{"name":"wp","href":"https:\/\/api.w.org\/{rel}","templated":true}]}}