{"id":9000,"date":"2026-03-11T20:24:22","date_gmt":"2026-03-11T19:24:22","guid":{"rendered":"https:\/\/www.smedemokrati.sk\/?p=9000"},"modified":"2026-03-12T06:15:26","modified_gmt":"2026-03-12T05:15:26","slug":"pan-fico-a-putinovi-kedy-napisete-reakcia-k-hirmana-na-tk-r-fica","status":"publish","type":"post","link":"https:\/\/www.smedemokrati.sk\/hu\/pan-fico-a-putinovi-kedy-napisete-reakcia-k-hirmana-na-tk-r-fica\/","title":{"rendered":"P\u00e1n Fico a Putinovi kedy nap\u00ed\u0161ete?! Reakcia K. Hirmana na TK R. Fica"},"content":{"rendered":"<div id=\"fb-root\"><\/div>\n\n<p><strong>Strana Demokrati ostro odmieta demag\u00f3giu predsedu vl\u00e1dy Roberta Fica, ktor\u00fa dnes predviedol po rokovan\u00ed vl\u00e1dy Slovenskej republiky. Reaguje na \u0148u Karel Hirman, expert strany Demokrati na energetiku a b\u00fdval\u00fd minister hospod\u00e1rstva.<\/strong><\/p>\n\n\n\n<p>Predseda vl\u00e1dy sa sna\u017e\u00ed cynickou hrou na po\u0161t\u00e1ra zakry\u0165 svoju neschopnos\u0165 reagova\u0165 na aktu\u00e1lnu situ\u00e1ciu na energetickom trhu. Kv\u00f4li tejto neschopnosti je Slovensko &#8211; spolu s Ma\u010farskom &#8211; jedin\u00fdmi dvoma krajinami E\u00da, ktor\u00e9 maj\u00fa n\u00fadzov\u00fd stav.&nbsp;<strong>Preto sa ho p\u00fdtame, kedy nap\u00ed\u0161e list prezidentovi Ruskej feder\u00e1cie Vladim\u00edrovi Putinovi?<\/strong>&nbsp;Pripom\u00edname toti\u017e skuto\u010dnos\u0165, ktor\u00e1 je ka\u017ed\u00e9mu rozumn\u00e9mu \u010dloveku zrejm\u00e1 \u2013 je to pr\u00e1ve Putin a Rusk\u00e1 feder\u00e1cia, ktor\u00ed de\u0148 \u010do de\u0148 bombarduj\u00fa \u00fazemie Ukrajiny, a teda aj ropovod Dru\u017eba. Pr\u00e1ve v t\u00fdchto marcov\u00fdch d\u0148och je ropovodn\u00e1 infra\u0161trukt\u00fara na Ukrajine op\u00e4\u0165 bombardovan\u00e1 rusk\u00fdmi dronmi a raketami.&nbsp;<\/p>\n\n\n\n<p><em>&#8222;Ak chce premi\u00e9r naozaj nakupova\u0165 rusk\u00fa ropu cez vojnov\u00e9 \u00fazemie Ukrajiny, mal by svoj list adresova\u0165 priamo Vladim\u00edrovi Putinovi. Inak ide len o falo\u0161n\u00fa a farizejsk\u00fa politick\u00fa hru, ktor\u00fa Robert Fico predv\u00e1dza u\u017e nieko\u013eko mesiacov. To spo\u010d\u00edva aj v tom, \u017ee rusk\u00e1 ropa v d\u00f4sledku kr\u00edzy v Perzskom z\u00e1live tie\u017e u\u017e zdra\u017eela na takmer dvojn\u00e1sobok,<\/em>\u201c uviedol Karel Hirman.<\/p>\n\n\n\n<p>Pod\u013ea Hirmana m\u00e1 pritom ma\u010farsk\u00e1 spolo\u010dnos\u0165 MOL, ktor\u00e1 plne kontroluje aj Slovnaft, k dispoz\u00edcii bezpe\u010dn\u00fd ropovod Adria. Chorv\u00e1tska \u0161t\u00e1tna spolo\u010dnos\u0165 Janaf, ktor\u00e1 ho prev\u00e1dzkuje, spolu s chorv\u00e1tskou vl\u00e1dou op\u00e4\u0165 potvrdila, \u017ee je ropovod plne k dispoz\u00edcii. Skuto\u010dn\u00e1 cesta k energetickej stabilite Slovenska vedie cez diverzifik\u00e1ciu zdrojov, siln\u00e9 medzin\u00e1rodn\u00e9 partnerstv\u00e1 a rozumn\u00fa da\u0148ov\u00fa politiku, nie cez prihr\u00e1vanie pe\u0148az\u00ed oligarchom.<\/p>\n\n\n<div id=\"fb-root\"><\/div><script async defer crossorigin=\"anonymous\" src=\"https:\/\/connect.facebook.net\/sk_SK\/sdk.js#xfbml=1&version=v18.0\"><\/script><div class=\"fb-video\" data-href=\"https:\/\/www.facebook.com\/reel\/906243018702887\" data-width=\"560\" data-show-text=\"false\"><blockquote cite=\"https:\/\/www.facebook.com\/reel\/906243018702887\" class=\"fb-xfbml-parse-ignore\"><a href=\"https:\/\/www.facebook.com\/reel\/906243018702887\">Video<\/a><\/blockquote><\/div>\n","protected":false},"excerpt":{"rendered":"<p>Strana Demokrati ostro odmieta demag\u00f3giu predsedu vl\u00e1dy Roberta Fica, ktor\u00fa dnes predviedol po rokovan\u00ed vl\u00e1dy Slovenskej republiky. Reaguje na \u0148u Karel Hirman, expert strany Demokrati na energetiku a b\u00fdval\u00fd minister hospod\u00e1rstva. Predseda vl\u00e1dy sa sna\u017e\u00ed cynickou hrou na po\u0161t\u00e1ra zakry\u0165 svoju neschopnos\u0165 reagova\u0165 na aktu\u00e1lnu situ\u00e1ciu na energetickom trhu. Kv\u00f4li tejto neschopnosti je Slovensko &#8211; [&hellip;]<\/p>\n","protected":false},"author":13,"featured_media":394,"comment_status":"closed","ping_status":"closed","sticky":false,"template":"","format":"standard","meta":{"_acf_changed":false,"ngg_post_thumbnail":0,"footnotes":""},"categories":[4],"tags":[],"class_list":["post-9000","post","type-post","status-publish","format-standard","has-post-thumbnail","hentry","category-tlacove-spravy"],"acf":[],"yoast_head":"<!-- This site is optimized with the Yoast SEO plugin v27.2 - https:\/\/yoast.com\/product\/yoast-seo-wordpress\/ -->\n<title>P\u00e1n Fico a Putinovi kedy nap\u00ed\u0161ete?! Reakcia K. Hirmana na TK R. Fica<\/title>\n<meta name=\"robots\" content=\"index, follow, max-snippet:-1, max-image-preview:large, max-video-preview:-1\" \/>\n<link rel=\"canonical\" href=\"https:\/\/www.smedemokrati.sk\/hu\/pan-fico-a-putinovi-kedy-napisete-reakcia-k-hirmana-na-tk-r-fica\/\" \/>\n<meta property=\"og:locale\" content=\"hu_HU\" \/>\n<meta property=\"og:locale:alternate\" content=\"en_US\" \/>\n<meta property=\"og:locale:alternate\" content=\"cs_CZ\" \/>\n<meta property=\"og:locale:alternate\" content=\"sk_SK\" \/>\n<meta property=\"og:locale:alternate\" content=\"sv_SE\" \/>\n<meta property=\"og:type\" content=\"article\" \/>\n<meta property=\"og:title\" content=\"P\u00e1n Fico a Putinovi kedy nap\u00ed\u0161ete?! Reakcia K. Hirmana na TK R. Fica\" \/>\n<meta property=\"og:description\" content=\"Strana Demokrati ostro odmieta demag\u00f3giu predsedu vl\u00e1dy Roberta Fica, ktor\u00fa dnes predviedol po rokovan\u00ed vl\u00e1dy Slovenskej republiky. Reaguje na \u0148u Karel Hirman, expert strany Demokrati na energetiku a b\u00fdval\u00fd minister hospod\u00e1rstva. Predseda vl\u00e1dy sa sna\u017e\u00ed cynickou hrou na po\u0161t\u00e1ra zakry\u0165 svoju neschopnos\u0165 reagova\u0165 na aktu\u00e1lnu situ\u00e1ciu na energetickom trhu. Kv\u00f4li tejto neschopnosti je Slovensko &#8211; [&hellip;]\" \/>\n<meta property=\"og:url\" content=\"https:\/\/www.smedemokrati.sk\/hu\/pan-fico-a-putinovi-kedy-napisete-reakcia-k-hirmana-na-tk-r-fica\/\" \/>\n<meta property=\"og:site_name\" content=\"Smedemokrati.sk\" \/>\n<meta property=\"article:publisher\" content=\"https:\/\/www.facebook.com\/smedemokrati2023\" \/>\n<meta property=\"article:published_time\" content=\"2026-03-11T19:24:22+00:00\" \/>\n<meta property=\"article:modified_time\" content=\"2026-03-12T05:15:26+00:00\" \/>\n<meta property=\"og:image\" content=\"https:\/\/www.smedemokrati.sk\/wp-content\/uploads\/2023\/03\/KH_web.jpeg\" \/>\n\t<meta property=\"og:image:width\" content=\"1520\" \/>\n\t<meta property=\"og:image:height\" content=\"1080\" \/>\n\t<meta property=\"og:image:type\" content=\"image\/jpeg\" \/>\n<meta name=\"author\" content=\"miro.sopko\" \/>\n<meta name=\"twitter:card\" content=\"summary_large_image\" \/>\n<meta name=\"twitter:label1\" content=\"Szerz\u0151:\" \/>\n\t<meta name=\"twitter:data1\" content=\"miro.sopko\" \/>\n\t<meta name=\"twitter:label2\" content=\"Becs\u00fclt olvas\u00e1si id\u0151\" \/>\n\t<meta name=\"twitter:data2\" content=\"2 perc\" \/>\n<script type=\"application\/ld+json\" class=\"yoast-schema-graph\">{\"@context\":\"https:\/\/schema.org\",\"@graph\":[{\"@type\":\"Article\",\"@id\":\"https:\/\/www.smedemokrati.sk\/pan-fico-a-putinovi-kedy-napisete-reakcia-k-hirmana-na-tk-r-fica\/#article\",\"isPartOf\":{\"@id\":\"https:\/\/www.smedemokrati.sk\/pan-fico-a-putinovi-kedy-napisete-reakcia-k-hirmana-na-tk-r-fica\/\"},\"author\":{\"name\":\"miro.sopko\",\"@id\":\"https:\/\/www.smedemokrati.sk\/#\/schema\/person\/21f147c88d605aa7ded900e1e7c344ba\"},\"headline\":\"P\u00e1n Fico a Putinovi kedy nap\u00ed\u0161ete?! Reakcia K. Hirmana na TK R. Fica\",\"datePublished\":\"2026-03-11T19:24:22+00:00\",\"dateModified\":\"2026-03-12T05:15:26+00:00\",\"mainEntityOfPage\":{\"@id\":\"https:\/\/www.smedemokrati.sk\/pan-fico-a-putinovi-kedy-napisete-reakcia-k-hirmana-na-tk-r-fica\/\"},\"wordCount\":328,\"publisher\":{\"@id\":\"https:\/\/www.smedemokrati.sk\/#organization\"},\"image\":{\"@id\":\"https:\/\/www.smedemokrati.sk\/pan-fico-a-putinovi-kedy-napisete-reakcia-k-hirmana-na-tk-r-fica\/#primaryimage\"},\"thumbnailUrl\":\"https:\/\/www.smedemokrati.sk\/wp-content\/uploads\/2023\/03\/KH_web.jpeg\",\"articleSection\":[\"Tla\u010dov\u00e9 spr\u00e1vy\"],\"inLanguage\":\"hu-HU\"},{\"@type\":\"WebPage\",\"@id\":\"https:\/\/www.smedemokrati.sk\/pan-fico-a-putinovi-kedy-napisete-reakcia-k-hirmana-na-tk-r-fica\/\",\"url\":\"https:\/\/www.smedemokrati.sk\/pan-fico-a-putinovi-kedy-napisete-reakcia-k-hirmana-na-tk-r-fica\/\",\"name\":\"P\u00e1n Fico a Putinovi kedy nap\u00ed\u0161ete?! Reakcia K. Hirmana na TK R. Fica\",\"isPartOf\":{\"@id\":\"https:\/\/www.smedemokrati.sk\/#website\"},\"primaryImageOfPage\":{\"@id\":\"https:\/\/www.smedemokrati.sk\/pan-fico-a-putinovi-kedy-napisete-reakcia-k-hirmana-na-tk-r-fica\/#primaryimage\"},\"image\":{\"@id\":\"https:\/\/www.smedemokrati.sk\/pan-fico-a-putinovi-kedy-napisete-reakcia-k-hirmana-na-tk-r-fica\/#primaryimage\"},\"thumbnailUrl\":\"https:\/\/www.smedemokrati.sk\/wp-content\/uploads\/2023\/03\/KH_web.jpeg\",\"datePublished\":\"2026-03-11T19:24:22+00:00\",\"dateModified\":\"2026-03-12T05:15:26+00:00\",\"breadcrumb\":{\"@id\":\"https:\/\/www.smedemokrati.sk\/pan-fico-a-putinovi-kedy-napisete-reakcia-k-hirmana-na-tk-r-fica\/#breadcrumb\"},\"inLanguage\":\"hu-HU\",\"potentialAction\":[{\"@type\":\"ReadAction\",\"target\":[\"https:\/\/www.smedemokrati.sk\/pan-fico-a-putinovi-kedy-napisete-reakcia-k-hirmana-na-tk-r-fica\/\"]}]},{\"@type\":\"ImageObject\",\"inLanguage\":\"hu-HU\",\"@id\":\"https:\/\/www.smedemokrati.sk\/pan-fico-a-putinovi-kedy-napisete-reakcia-k-hirmana-na-tk-r-fica\/#primaryimage\",\"url\":\"https:\/\/www.smedemokrati.sk\/wp-content\/uploads\/2023\/03\/KH_web.jpeg\",\"contentUrl\":\"https:\/\/www.smedemokrati.sk\/wp-content\/uploads\/2023\/03\/KH_web.jpeg\",\"width\":1520,\"height\":1080},{\"@type\":\"BreadcrumbList\",\"@id\":\"https:\/\/www.smedemokrati.sk\/pan-fico-a-putinovi-kedy-napisete-reakcia-k-hirmana-na-tk-r-fica\/#breadcrumb\",\"itemListElement\":[{\"@type\":\"ListItem\",\"position\":1,\"name\":\"Domovsk\u00e1 str\u00e1nka\",\"item\":\"https:\/\/www.smedemokrati.sk\/\"},{\"@type\":\"ListItem\",\"position\":2,\"name\":\"P\u00e1n Fico a Putinovi kedy nap\u00ed\u0161ete?! Reakcia K. Hirmana na TK R. Fica\"}]},{\"@type\":\"WebSite\",\"@id\":\"https:\/\/www.smedemokrati.sk\/#website\",\"url\":\"https:\/\/www.smedemokrati.sk\/\",\"name\":\"Smedemokrati.sk\",\"description\":\"Demokracia a slu\u0161nos\u0165 zv\u00ed\u0165az\u00ed\",\"publisher\":{\"@id\":\"https:\/\/www.smedemokrati.sk\/#organization\"},\"potentialAction\":[{\"@type\":\"SearchAction\",\"target\":{\"@type\":\"EntryPoint\",\"urlTemplate\":\"https:\/\/www.smedemokrati.sk\/?s={search_term_string}\"},\"query-input\":{\"@type\":\"PropertyValueSpecification\",\"valueRequired\":true,\"valueName\":\"search_term_string\"}}],\"inLanguage\":\"hu-HU\"},{\"@type\":\"Organization\",\"@id\":\"https:\/\/www.smedemokrati.sk\/#organization\",\"name\":\"Smedemokrati.sk\",\"url\":\"https:\/\/www.smedemokrati.sk\/\",\"logo\":{\"@type\":\"ImageObject\",\"inLanguage\":\"hu-HU\",\"@id\":\"https:\/\/www.smedemokrati.sk\/#\/schema\/logo\/image\/\",\"url\":\"https:\/\/www.smedemokrati.sk\/wp-content\/uploads\/2023\/04\/ff.002.jpeg\",\"contentUrl\":\"https:\/\/www.smedemokrati.sk\/wp-content\/uploads\/2023\/04\/ff.002.jpeg\",\"width\":640,\"height\":480,\"caption\":\"Smedemokrati.sk\"},\"image\":{\"@id\":\"https:\/\/www.smedemokrati.sk\/#\/schema\/logo\/image\/\"},\"sameAs\":[\"https:\/\/www.facebook.com\/smedemokrati2023\"]},{\"@type\":\"Person\",\"@id\":\"https:\/\/www.smedemokrati.sk\/#\/schema\/person\/21f147c88d605aa7ded900e1e7c344ba\",\"name\":\"miro.sopko\",\"image\":{\"@type\":\"ImageObject\",\"inLanguage\":\"hu-HU\",\"@id\":\"https:\/\/secure.gravatar.com\/avatar\/267e4a36f704376c109afe3a78740c1f5dd8675a2180a908699e7863c9247606?s=96&d=mm&r=g\",\"url\":\"https:\/\/secure.gravatar.com\/avatar\/267e4a36f704376c109afe3a78740c1f5dd8675a2180a908699e7863c9247606?s=96&d=mm&r=g\",\"contentUrl\":\"https:\/\/secure.gravatar.com\/avatar\/267e4a36f704376c109afe3a78740c1f5dd8675a2180a908699e7863c9247606?s=96&d=mm&r=g\",\"caption\":\"miro.sopko\"},\"url\":\"https:\/\/www.smedemokrati.sk\/hu\/author\/miro-sopko\/\"}]}<\/script>\n<!-- \/ Yoast SEO plugin. -->","yoast_head_json":{"title":"P\u00e1n Fico a Putinovi kedy nap\u00ed\u0161ete?! Reakcia K. Hirmana na TK R. Fica","robots":{"index":"index","follow":"follow","max-snippet":"max-snippet:-1","max-image-preview":"max-image-preview:large","max-video-preview":"max-video-preview:-1"},"canonical":"https:\/\/www.smedemokrati.sk\/hu\/pan-fico-a-putinovi-kedy-napisete-reakcia-k-hirmana-na-tk-r-fica\/","og_locale":"hu_HU","og_type":"article","og_title":"[:sk]P\u00e1n Fico a Putinovi kedy nap\u00ed\u0161ete?! Reakcia K. Hirmana na TK R. Fica[:] - Smedemokrati.sk","og_description":"Strana Demokrati ostro odmieta demag\u00f3giu predsedu vl\u00e1dy Roberta Fica, ktor\u00fa dnes predviedol po rokovan\u00ed vl\u00e1dy Slovenskej republiky. Reaguje na \u0148u Karel Hirman, expert strany Demokrati na energetiku a b\u00fdval\u00fd minister hospod\u00e1rstva. Predseda vl\u00e1dy sa sna\u017e\u00ed cynickou hrou na po\u0161t\u00e1ra zakry\u0165 svoju neschopnos\u0165 reagova\u0165 na aktu\u00e1lnu situ\u00e1ciu na energetickom trhu. Kv\u00f4li tejto neschopnosti je Slovensko &#8211; [&hellip;]","og_url":"https:\/\/www.smedemokrati.sk\/hu\/pan-fico-a-putinovi-kedy-napisete-reakcia-k-hirmana-na-tk-r-fica\/","og_site_name":"Smedemokrati.sk","article_publisher":"https:\/\/www.facebook.com\/smedemokrati2023","article_published_time":"2026-03-11T19:24:22+00:00","article_modified_time":"2026-03-12T05:15:26+00:00","og_image":[{"width":1520,"height":1080,"url":"https:\/\/www.smedemokrati.sk\/wp-content\/uploads\/2023\/03\/KH_web.jpeg","type":"image\/jpeg"}],"author":"miro.sopko","twitter_card":"summary_large_image","twitter_misc":{"Szerz\u0151:":"miro.sopko","Becs\u00fclt olvas\u00e1si id\u0151":"2 perc"},"schema":{"@context":"https:\/\/schema.org","@graph":[{"@type":"Article","@id":"https:\/\/www.smedemokrati.sk\/pan-fico-a-putinovi-kedy-napisete-reakcia-k-hirmana-na-tk-r-fica\/#article","isPartOf":{"@id":"https:\/\/www.smedemokrati.sk\/pan-fico-a-putinovi-kedy-napisete-reakcia-k-hirmana-na-tk-r-fica\/"},"author":{"name":"miro.sopko","@id":"https:\/\/www.smedemokrati.sk\/#\/schema\/person\/21f147c88d605aa7ded900e1e7c344ba"},"headline":"P\u00e1n Fico a Putinovi kedy nap\u00ed\u0161ete?! Reakcia K. Hirmana na TK R. Fica","datePublished":"2026-03-11T19:24:22+00:00","dateModified":"2026-03-12T05:15:26+00:00","mainEntityOfPage":{"@id":"https:\/\/www.smedemokrati.sk\/pan-fico-a-putinovi-kedy-napisete-reakcia-k-hirmana-na-tk-r-fica\/"},"wordCount":328,"publisher":{"@id":"https:\/\/www.smedemokrati.sk\/#organization"},"image":{"@id":"https:\/\/www.smedemokrati.sk\/pan-fico-a-putinovi-kedy-napisete-reakcia-k-hirmana-na-tk-r-fica\/#primaryimage"},"thumbnailUrl":"https:\/\/www.smedemokrati.sk\/wp-content\/uploads\/2023\/03\/KH_web.jpeg","articleSection":["Tla\u010dov\u00e9 spr\u00e1vy"],"inLanguage":"hu-HU"},{"@type":"WebPage","@id":"https:\/\/www.smedemokrati.sk\/pan-fico-a-putinovi-kedy-napisete-reakcia-k-hirmana-na-tk-r-fica\/","url":"https:\/\/www.smedemokrati.sk\/pan-fico-a-putinovi-kedy-napisete-reakcia-k-hirmana-na-tk-r-fica\/","name":"P\u00e1n Fico a Putinovi kedy nap\u00ed\u0161ete?! Reakcia K. Hirmana na TK R. Fica","isPartOf":{"@id":"https:\/\/www.smedemokrati.sk\/#website"},"primaryImageOfPage":{"@id":"https:\/\/www.smedemokrati.sk\/pan-fico-a-putinovi-kedy-napisete-reakcia-k-hirmana-na-tk-r-fica\/#primaryimage"},"image":{"@id":"https:\/\/www.smedemokrati.sk\/pan-fico-a-putinovi-kedy-napisete-reakcia-k-hirmana-na-tk-r-fica\/#primaryimage"},"thumbnailUrl":"https:\/\/www.smedemokrati.sk\/wp-content\/uploads\/2023\/03\/KH_web.jpeg","datePublished":"2026-03-11T19:24:22+00:00","dateModified":"2026-03-12T05:15:26+00:00","breadcrumb":{"@id":"https:\/\/www.smedemokrati.sk\/pan-fico-a-putinovi-kedy-napisete-reakcia-k-hirmana-na-tk-r-fica\/#breadcrumb"},"inLanguage":"hu-HU","potentialAction":[{"@type":"ReadAction","target":["https:\/\/www.smedemokrati.sk\/pan-fico-a-putinovi-kedy-napisete-reakcia-k-hirmana-na-tk-r-fica\/"]}]},{"@type":"ImageObject","inLanguage":"hu-HU","@id":"https:\/\/www.smedemokrati.sk\/pan-fico-a-putinovi-kedy-napisete-reakcia-k-hirmana-na-tk-r-fica\/#primaryimage","url":"https:\/\/www.smedemokrati.sk\/wp-content\/uploads\/2023\/03\/KH_web.jpeg","contentUrl":"https:\/\/www.smedemokrati.sk\/wp-content\/uploads\/2023\/03\/KH_web.jpeg","width":1520,"height":1080},{"@type":"BreadcrumbList","@id":"https:\/\/www.smedemokrati.sk\/pan-fico-a-putinovi-kedy-napisete-reakcia-k-hirmana-na-tk-r-fica\/#breadcrumb","itemListElement":[{"@type":"ListItem","position":1,"name":"Domovsk\u00e1 str\u00e1nka","item":"https:\/\/www.smedemokrati.sk\/"},{"@type":"ListItem","position":2,"name":"P\u00e1n Fico a Putinovi kedy nap\u00ed\u0161ete?! Reakcia K. Hirmana na TK R. Fica"}]},{"@type":"WebSite","@id":"https:\/\/www.smedemokrati.sk\/#website","url":"https:\/\/www.smedemokrati.sk\/","name":"Smedemokrati.sk","description":"Demokracia a slu\u0161nos\u0165 zv\u00ed\u0165az\u00ed","publisher":{"@id":"https:\/\/www.smedemokrati.sk\/#organization"},"potentialAction":[{"@type":"SearchAction","target":{"@type":"EntryPoint","urlTemplate":"https:\/\/www.smedemokrati.sk\/?s={search_term_string}"},"query-input":{"@type":"PropertyValueSpecification","valueRequired":true,"valueName":"search_term_string"}}],"inLanguage":"hu-HU"},{"@type":"Organization","@id":"https:\/\/www.smedemokrati.sk\/#organization","name":"Smedemokrati.sk","url":"https:\/\/www.smedemokrati.sk\/","logo":{"@type":"ImageObject","inLanguage":"hu-HU","@id":"https:\/\/www.smedemokrati.sk\/#\/schema\/logo\/image\/","url":"https:\/\/www.smedemokrati.sk\/wp-content\/uploads\/2023\/04\/ff.002.jpeg","contentUrl":"https:\/\/www.smedemokrati.sk\/wp-content\/uploads\/2023\/04\/ff.002.jpeg","width":640,"height":480,"caption":"Smedemokrati.sk"},"image":{"@id":"https:\/\/www.smedemokrati.sk\/#\/schema\/logo\/image\/"},"sameAs":["https:\/\/www.facebook.com\/smedemokrati2023"]},{"@type":"Person","@id":"https:\/\/www.smedemokrati.sk\/#\/schema\/person\/21f147c88d605aa7ded900e1e7c344ba","name":"miro.sopko","image":{"@type":"ImageObject","inLanguage":"hu-HU","@id":"https:\/\/secure.gravatar.com\/avatar\/267e4a36f704376c109afe3a78740c1f5dd8675a2180a908699e7863c9247606?s=96&d=mm&r=g","url":"https:\/\/secure.gravatar.com\/avatar\/267e4a36f704376c109afe3a78740c1f5dd8675a2180a908699e7863c9247606?s=96&d=mm&r=g","contentUrl":"https:\/\/secure.gravatar.com\/avatar\/267e4a36f704376c109afe3a78740c1f5dd8675a2180a908699e7863c9247606?s=96&d=mm&r=g","caption":"miro.sopko"},"url":"https:\/\/www.smedemokrati.sk\/hu\/author\/miro-sopko\/"}]}},"_links":{"self":[{"href":"https:\/\/www.smedemokrati.sk\/hu\/wp-json\/wp\/v2\/posts\/9000","targetHints":{"allow":["GET"]}}],"collection":[{"href":"https:\/\/www.smedemokrati.sk\/hu\/wp-json\/wp\/v2\/posts"}],"about":[{"href":"https:\/\/www.smedemokrati.sk\/hu\/wp-json\/wp\/v2\/types\/post"}],"author":[{"embeddable":true,"href":"https:\/\/www.smedemokrati.sk\/hu\/wp-json\/wp\/v2\/users\/13"}],"replies":[{"embeddable":true,"href":"https:\/\/www.smedemokrati.sk\/hu\/wp-json\/wp\/v2\/comments?post=9000"}],"version-history":[{"count":2,"href":"https:\/\/www.smedemokrati.sk\/hu\/wp-json\/wp\/v2\/posts\/9000\/revisions"}],"predecessor-version":[{"id":9002,"href":"https:\/\/www.smedemokrati.sk\/hu\/wp-json\/wp\/v2\/posts\/9000\/revisions\/9002"}],"wp:featuredmedia":[{"embeddable":true,"href":"https:\/\/www.smedemokrati.sk\/hu\/wp-json\/wp\/v2\/media\/394"}],"wp:attachment":[{"href":"https:\/\/www.smedemokrati.sk\/hu\/wp-json\/wp\/v2\/media?parent=9000"}],"wp:term":[{"taxonomy":"category","embeddable":true,"href":"https:\/\/www.smedemokrati.sk\/hu\/wp-json\/wp\/v2\/categories?post=9000"},{"taxonomy":"post_tag","embeddable":true,"href":"https:\/\/www.smedemokrati.sk\/hu\/wp-json\/wp\/v2\/tags?post=9000"}],"curies":[{"name":"wp","href":"https:\/\/api.w.org\/{rel}","templated":true}]}}