{"id":8997,"date":"2026-03-11T20:21:09","date_gmt":"2026-03-11T19:21:09","guid":{"rendered":"https:\/\/www.smedemokrati.sk\/?p=8997"},"modified":"2026-03-11T20:21:10","modified_gmt":"2026-03-11T19:21:10","slug":"vyzyvame-tarabu-aby-predstavil-sposob-pokracovania-projektu-obnov-dom","status":"publish","type":"post","link":"https:\/\/www.smedemokrati.sk\/hu\/vyzyvame-tarabu-aby-predstavil-sposob-pokracovania-projektu-obnov-dom\/","title":{"rendered":"Vyz\u00fdvame Tarabu, aby predstavil sp\u00f4sob pokra\u010dovania projektu Obnov dom"},"content":{"rendered":"<div id=\"fb-root\"><\/div>\n\n<p><strong>Z Tarabom predlo\u017eenej novely z\u00e1kona o obchodovan\u00ed s emisn\u00fdmi kv\u00f3tami, ktor\u00fa dnes schv\u00e1lila vl\u00e1da, vypadla k\u013e\u00fa\u010dov\u00e1 \u010das\u0165, ktor\u00e1 by zabezpe\u010dila legislat\u00edvnu \u00fapravu pokra\u010dovania renov\u00e1ci\u00ed rodinn\u00fdch domov Obnov dom z prostriedkov Moderniza\u010dn\u00e9ho fondu. O projekt Obnov dom, ktor\u00fd sme presadili do pl\u00e1nu obnovy, bol obrovsk\u00fd dopyt, av\u0161ak s koncom pl\u00e1nu obnovy v auguste 2026 nie je nijako zabezpe\u010den\u00e9 jeho \u010fal\u0161ie financovanie.\u00a0<\/strong><\/p>\n\n\n\n<p>Podpredseda Demokratov Michal Ki\u010da vysvet\u013euje, \u017ee z celkov\u00e9ho po\u010dtu odhadom 1,1 mili\u00f3na rodinn\u00fdch domov na Slovensku je pribli\u017ene 30 percent st\u00e1le vysoko energeticky nehospod\u00e1rnych a potrebuje h\u013abkov\u00fa obnovu. \u013dudia by si v\u010faka nej dok\u00e1zali v\u00fdrazne zn\u00ed\u017ei\u0165 \u00fa\u010dty za energie. V\u010faka pl\u00e1nu obnovy, v ktorom sme v roku 2022 vy\u010dlenili viac ako 500 mil. eur, do\u0161lo k zatepleniu pribli\u017ene 30 000 rodinn\u00fdch domov. Av\u0161ak viac ako desa\u0165n\u00e1sobok na podporu len \u010dak\u00e1. Preto sme opakovane vyz\u00fdvali vl\u00e1du a ministra Tarabu, aby zabezpe\u010dil financovanie tohto programu z \u010fal\u0161\u00edch dostupn\u00fdch zdrojov, medzi ktor\u00e9 patr\u00ed, podobne ako v \u010cesku, aj Moderniza\u010dn\u00fd fond.&nbsp;<\/p>\n\n\n\n<p>Hoci envirorezort p\u00f4vodne do pripomienkov\u00e9ho konania k novele z\u00e1kona o obchodovan\u00ed s emisn\u00fdmi kv\u00f3tami predlo\u017eil tak\u00fato \u00fapravu, Taraba ju nedok\u00e1zal na vl\u00e1de presadi\u0165 a z fin\u00e1lnej verzie z\u00e1kona vypadla.\u00a0\u201e<em>Je zrejm\u00e9, \u017ee zni\u017eovanie energetickej n\u00e1ro\u010dnosti rodinn\u00fdch domov nie je politickou prioritou tejto vl\u00e1dy a ani ministra Tarabu, ktor\u00e9ho zauj\u00edma len energeticky n\u00e1ro\u010dn\u00fd priemysel. Vyz\u00fdvame ministra Tarabu, aby predstavil sp\u00f4sob, \u010di u\u017e legislat\u00edvny alebo in\u00fd, ako zabezpe\u010d\u00ed pokra\u010dovanie pomoci s renov\u00e1ciami rodinn\u00fdch domov, ke\u010f\u017ee jeho p\u00f4vodn\u00fd legislat\u00edvny z\u00e1mer stroskotal, a to aj pre odpor ministerstva financi\u00ed. Demokrati pripravia k vl\u00e1dnej novele pozme\u0148uj\u00faci n\u00e1vrh, ktor\u00fd by zabezpe\u010dil pokra\u010dovanie financovania projektu Obnov dom aj po auguste 2026 a vopred vyz\u00fdvaj\u00fa koal\u00edciu, aby tento n\u00e1vrh v prospech dom\u00e1cnost\u00ed a zni\u017eovania \u00fa\u010dtov za energie \u013eud\u00ed na Slovensku podporila,<\/em>\u201d\u00a0uzavrel Michal Ki\u010da.<\/p>\n","protected":false},"excerpt":{"rendered":"<p>Z Tarabom predlo\u017eenej novely z\u00e1kona o obchodovan\u00ed s emisn\u00fdmi kv\u00f3tami, ktor\u00fa dnes schv\u00e1lila vl\u00e1da, vypadla k\u013e\u00fa\u010dov\u00e1 \u010das\u0165, ktor\u00e1 by zabezpe\u010dila legislat\u00edvnu \u00fapravu pokra\u010dovania renov\u00e1ci\u00ed rodinn\u00fdch domov Obnov dom z prostriedkov Moderniza\u010dn\u00e9ho fondu. O projekt Obnov dom, ktor\u00fd sme presadili do pl\u00e1nu obnovy, bol obrovsk\u00fd dopyt, av\u0161ak s koncom pl\u00e1nu obnovy v auguste 2026 nie je [&hellip;]<\/p>\n","protected":false},"author":13,"featured_media":8998,"comment_status":"closed","ping_status":"closed","sticky":false,"template":"","format":"standard","meta":{"_acf_changed":false,"ngg_post_thumbnail":0,"footnotes":""},"categories":[4],"tags":[],"class_list":["post-8997","post","type-post","status-publish","format-standard","has-post-thumbnail","hentry","category-tlacove-spravy"],"acf":[],"yoast_head":"<!-- This site is optimized with the Yoast SEO plugin v27.2 - https:\/\/yoast.com\/product\/yoast-seo-wordpress\/ -->\n<title>Vyz\u00fdvame Tarabu, aby predstavil sp\u00f4sob pokra\u010dovania projektu Obnov dom<\/title>\n<meta name=\"robots\" content=\"index, follow, max-snippet:-1, max-image-preview:large, max-video-preview:-1\" \/>\n<link rel=\"canonical\" href=\"https:\/\/www.smedemokrati.sk\/hu\/vyzyvame-tarabu-aby-predstavil-sposob-pokracovania-projektu-obnov-dom\/\" \/>\n<meta property=\"og:locale\" content=\"hu_HU\" \/>\n<meta property=\"og:locale:alternate\" content=\"en_US\" \/>\n<meta property=\"og:locale:alternate\" content=\"cs_CZ\" \/>\n<meta property=\"og:locale:alternate\" content=\"sk_SK\" \/>\n<meta property=\"og:locale:alternate\" content=\"sv_SE\" \/>\n<meta property=\"og:type\" content=\"article\" \/>\n<meta property=\"og:title\" content=\"Vyz\u00fdvame Tarabu, aby predstavil sp\u00f4sob pokra\u010dovania projektu Obnov dom\" \/>\n<meta property=\"og:description\" content=\"Z Tarabom predlo\u017eenej novely z\u00e1kona o obchodovan\u00ed s emisn\u00fdmi kv\u00f3tami, ktor\u00fa dnes schv\u00e1lila vl\u00e1da, vypadla k\u013e\u00fa\u010dov\u00e1 \u010das\u0165, ktor\u00e1 by zabezpe\u010dila legislat\u00edvnu \u00fapravu pokra\u010dovania renov\u00e1ci\u00ed rodinn\u00fdch domov Obnov dom z prostriedkov Moderniza\u010dn\u00e9ho fondu. O projekt Obnov dom, ktor\u00fd sme presadili do pl\u00e1nu obnovy, bol obrovsk\u00fd dopyt, av\u0161ak s koncom pl\u00e1nu obnovy v auguste 2026 nie je [&hellip;]\" \/>\n<meta property=\"og:url\" content=\"https:\/\/www.smedemokrati.sk\/hu\/vyzyvame-tarabu-aby-predstavil-sposob-pokracovania-projektu-obnov-dom\/\" \/>\n<meta property=\"og:site_name\" content=\"Smedemokrati.sk\" \/>\n<meta property=\"article:publisher\" content=\"https:\/\/www.facebook.com\/smedemokrati2023\" \/>\n<meta property=\"article:published_time\" content=\"2026-03-11T19:21:09+00:00\" \/>\n<meta property=\"article:modified_time\" content=\"2026-03-11T19:21:10+00:00\" \/>\n<meta property=\"og:image\" content=\"https:\/\/www.smedemokrati.sk\/wp-content\/uploads\/2026\/03\/647144563_918055567869974_5291893024675556287_n-1.jpg\" \/>\n\t<meta property=\"og:image:width\" content=\"600\" \/>\n\t<meta property=\"og:image:height\" content=\"480\" \/>\n\t<meta property=\"og:image:type\" content=\"image\/jpeg\" \/>\n<meta name=\"author\" content=\"miro.sopko\" \/>\n<meta name=\"twitter:card\" content=\"summary_large_image\" \/>\n<meta name=\"twitter:label1\" content=\"Szerz\u0151:\" \/>\n\t<meta name=\"twitter:data1\" content=\"miro.sopko\" \/>\n\t<meta name=\"twitter:label2\" content=\"Becs\u00fclt olvas\u00e1si id\u0151\" \/>\n\t<meta name=\"twitter:data2\" content=\"2 perc\" \/>\n<script type=\"application\/ld+json\" class=\"yoast-schema-graph\">{\"@context\":\"https:\/\/schema.org\",\"@graph\":[{\"@type\":\"Article\",\"@id\":\"https:\/\/www.smedemokrati.sk\/vyzyvame-tarabu-aby-predstavil-sposob-pokracovania-projektu-obnov-dom\/#article\",\"isPartOf\":{\"@id\":\"https:\/\/www.smedemokrati.sk\/vyzyvame-tarabu-aby-predstavil-sposob-pokracovania-projektu-obnov-dom\/\"},\"author\":{\"name\":\"miro.sopko\",\"@id\":\"https:\/\/www.smedemokrati.sk\/#\/schema\/person\/21f147c88d605aa7ded900e1e7c344ba\"},\"headline\":\"Vyz\u00fdvame Tarabu, aby predstavil sp\u00f4sob pokra\u010dovania projektu Obnov dom\",\"datePublished\":\"2026-03-11T19:21:09+00:00\",\"dateModified\":\"2026-03-11T19:21:10+00:00\",\"mainEntityOfPage\":{\"@id\":\"https:\/\/www.smedemokrati.sk\/vyzyvame-tarabu-aby-predstavil-sposob-pokracovania-projektu-obnov-dom\/\"},\"wordCount\":380,\"publisher\":{\"@id\":\"https:\/\/www.smedemokrati.sk\/#organization\"},\"image\":{\"@id\":\"https:\/\/www.smedemokrati.sk\/vyzyvame-tarabu-aby-predstavil-sposob-pokracovania-projektu-obnov-dom\/#primaryimage\"},\"thumbnailUrl\":\"https:\/\/www.smedemokrati.sk\/wp-content\/uploads\/2026\/03\/647144563_918055567869974_5291893024675556287_n-1.jpg\",\"articleSection\":[\"Tla\u010dov\u00e9 spr\u00e1vy\"],\"inLanguage\":\"hu-HU\"},{\"@type\":\"WebPage\",\"@id\":\"https:\/\/www.smedemokrati.sk\/vyzyvame-tarabu-aby-predstavil-sposob-pokracovania-projektu-obnov-dom\/\",\"url\":\"https:\/\/www.smedemokrati.sk\/vyzyvame-tarabu-aby-predstavil-sposob-pokracovania-projektu-obnov-dom\/\",\"name\":\"Vyz\u00fdvame Tarabu, aby predstavil sp\u00f4sob pokra\u010dovania projektu Obnov dom\",\"isPartOf\":{\"@id\":\"https:\/\/www.smedemokrati.sk\/#website\"},\"primaryImageOfPage\":{\"@id\":\"https:\/\/www.smedemokrati.sk\/vyzyvame-tarabu-aby-predstavil-sposob-pokracovania-projektu-obnov-dom\/#primaryimage\"},\"image\":{\"@id\":\"https:\/\/www.smedemokrati.sk\/vyzyvame-tarabu-aby-predstavil-sposob-pokracovania-projektu-obnov-dom\/#primaryimage\"},\"thumbnailUrl\":\"https:\/\/www.smedemokrati.sk\/wp-content\/uploads\/2026\/03\/647144563_918055567869974_5291893024675556287_n-1.jpg\",\"datePublished\":\"2026-03-11T19:21:09+00:00\",\"dateModified\":\"2026-03-11T19:21:10+00:00\",\"breadcrumb\":{\"@id\":\"https:\/\/www.smedemokrati.sk\/vyzyvame-tarabu-aby-predstavil-sposob-pokracovania-projektu-obnov-dom\/#breadcrumb\"},\"inLanguage\":\"hu-HU\",\"potentialAction\":[{\"@type\":\"ReadAction\",\"target\":[\"https:\/\/www.smedemokrati.sk\/vyzyvame-tarabu-aby-predstavil-sposob-pokracovania-projektu-obnov-dom\/\"]}]},{\"@type\":\"ImageObject\",\"inLanguage\":\"hu-HU\",\"@id\":\"https:\/\/www.smedemokrati.sk\/vyzyvame-tarabu-aby-predstavil-sposob-pokracovania-projektu-obnov-dom\/#primaryimage\",\"url\":\"https:\/\/www.smedemokrati.sk\/wp-content\/uploads\/2026\/03\/647144563_918055567869974_5291893024675556287_n-1.jpg\",\"contentUrl\":\"https:\/\/www.smedemokrati.sk\/wp-content\/uploads\/2026\/03\/647144563_918055567869974_5291893024675556287_n-1.jpg\",\"width\":600,\"height\":480},{\"@type\":\"BreadcrumbList\",\"@id\":\"https:\/\/www.smedemokrati.sk\/vyzyvame-tarabu-aby-predstavil-sposob-pokracovania-projektu-obnov-dom\/#breadcrumb\",\"itemListElement\":[{\"@type\":\"ListItem\",\"position\":1,\"name\":\"Domovsk\u00e1 str\u00e1nka\",\"item\":\"https:\/\/www.smedemokrati.sk\/\"},{\"@type\":\"ListItem\",\"position\":2,\"name\":\"Vyz\u00fdvame Tarabu, aby predstavil sp\u00f4sob pokra\u010dovania projektu Obnov dom\"}]},{\"@type\":\"WebSite\",\"@id\":\"https:\/\/www.smedemokrati.sk\/#website\",\"url\":\"https:\/\/www.smedemokrati.sk\/\",\"name\":\"Smedemokrati.sk\",\"description\":\"Demokracia a slu\u0161nos\u0165 zv\u00ed\u0165az\u00ed\",\"publisher\":{\"@id\":\"https:\/\/www.smedemokrati.sk\/#organization\"},\"potentialAction\":[{\"@type\":\"SearchAction\",\"target\":{\"@type\":\"EntryPoint\",\"urlTemplate\":\"https:\/\/www.smedemokrati.sk\/?s={search_term_string}\"},\"query-input\":{\"@type\":\"PropertyValueSpecification\",\"valueRequired\":true,\"valueName\":\"search_term_string\"}}],\"inLanguage\":\"hu-HU\"},{\"@type\":\"Organization\",\"@id\":\"https:\/\/www.smedemokrati.sk\/#organization\",\"name\":\"Smedemokrati.sk\",\"url\":\"https:\/\/www.smedemokrati.sk\/\",\"logo\":{\"@type\":\"ImageObject\",\"inLanguage\":\"hu-HU\",\"@id\":\"https:\/\/www.smedemokrati.sk\/#\/schema\/logo\/image\/\",\"url\":\"https:\/\/www.smedemokrati.sk\/wp-content\/uploads\/2023\/04\/ff.002.jpeg\",\"contentUrl\":\"https:\/\/www.smedemokrati.sk\/wp-content\/uploads\/2023\/04\/ff.002.jpeg\",\"width\":640,\"height\":480,\"caption\":\"Smedemokrati.sk\"},\"image\":{\"@id\":\"https:\/\/www.smedemokrati.sk\/#\/schema\/logo\/image\/\"},\"sameAs\":[\"https:\/\/www.facebook.com\/smedemokrati2023\"]},{\"@type\":\"Person\",\"@id\":\"https:\/\/www.smedemokrati.sk\/#\/schema\/person\/21f147c88d605aa7ded900e1e7c344ba\",\"name\":\"miro.sopko\",\"image\":{\"@type\":\"ImageObject\",\"inLanguage\":\"hu-HU\",\"@id\":\"https:\/\/secure.gravatar.com\/avatar\/267e4a36f704376c109afe3a78740c1f5dd8675a2180a908699e7863c9247606?s=96&d=mm&r=g\",\"url\":\"https:\/\/secure.gravatar.com\/avatar\/267e4a36f704376c109afe3a78740c1f5dd8675a2180a908699e7863c9247606?s=96&d=mm&r=g\",\"contentUrl\":\"https:\/\/secure.gravatar.com\/avatar\/267e4a36f704376c109afe3a78740c1f5dd8675a2180a908699e7863c9247606?s=96&d=mm&r=g\",\"caption\":\"miro.sopko\"},\"url\":\"https:\/\/www.smedemokrati.sk\/hu\/author\/miro-sopko\/\"}]}<\/script>\n<!-- \/ Yoast SEO plugin. -->","yoast_head_json":{"title":"Vyz\u00fdvame Tarabu, aby predstavil sp\u00f4sob pokra\u010dovania projektu Obnov dom","robots":{"index":"index","follow":"follow","max-snippet":"max-snippet:-1","max-image-preview":"max-image-preview:large","max-video-preview":"max-video-preview:-1"},"canonical":"https:\/\/www.smedemokrati.sk\/hu\/vyzyvame-tarabu-aby-predstavil-sposob-pokracovania-projektu-obnov-dom\/","og_locale":"hu_HU","og_type":"article","og_title":"[:sk]Vyz\u00fdvame Tarabu, aby predstavil sp\u00f4sob pokra\u010dovania projektu Obnov dom[:] - Smedemokrati.sk","og_description":"Z Tarabom predlo\u017eenej novely z\u00e1kona o obchodovan\u00ed s emisn\u00fdmi kv\u00f3tami, ktor\u00fa dnes schv\u00e1lila vl\u00e1da, vypadla k\u013e\u00fa\u010dov\u00e1 \u010das\u0165, ktor\u00e1 by zabezpe\u010dila legislat\u00edvnu \u00fapravu pokra\u010dovania renov\u00e1ci\u00ed rodinn\u00fdch domov Obnov dom z prostriedkov Moderniza\u010dn\u00e9ho fondu. O projekt Obnov dom, ktor\u00fd sme presadili do pl\u00e1nu obnovy, bol obrovsk\u00fd dopyt, av\u0161ak s koncom pl\u00e1nu obnovy v auguste 2026 nie je [&hellip;]","og_url":"https:\/\/www.smedemokrati.sk\/hu\/vyzyvame-tarabu-aby-predstavil-sposob-pokracovania-projektu-obnov-dom\/","og_site_name":"Smedemokrati.sk","article_publisher":"https:\/\/www.facebook.com\/smedemokrati2023","article_published_time":"2026-03-11T19:21:09+00:00","article_modified_time":"2026-03-11T19:21:10+00:00","og_image":[{"width":600,"height":480,"url":"https:\/\/www.smedemokrati.sk\/wp-content\/uploads\/2026\/03\/647144563_918055567869974_5291893024675556287_n-1.jpg","type":"image\/jpeg"}],"author":"miro.sopko","twitter_card":"summary_large_image","twitter_misc":{"Szerz\u0151:":"miro.sopko","Becs\u00fclt olvas\u00e1si id\u0151":"2 perc"},"schema":{"@context":"https:\/\/schema.org","@graph":[{"@type":"Article","@id":"https:\/\/www.smedemokrati.sk\/vyzyvame-tarabu-aby-predstavil-sposob-pokracovania-projektu-obnov-dom\/#article","isPartOf":{"@id":"https:\/\/www.smedemokrati.sk\/vyzyvame-tarabu-aby-predstavil-sposob-pokracovania-projektu-obnov-dom\/"},"author":{"name":"miro.sopko","@id":"https:\/\/www.smedemokrati.sk\/#\/schema\/person\/21f147c88d605aa7ded900e1e7c344ba"},"headline":"Vyz\u00fdvame Tarabu, aby predstavil sp\u00f4sob pokra\u010dovania projektu Obnov dom","datePublished":"2026-03-11T19:21:09+00:00","dateModified":"2026-03-11T19:21:10+00:00","mainEntityOfPage":{"@id":"https:\/\/www.smedemokrati.sk\/vyzyvame-tarabu-aby-predstavil-sposob-pokracovania-projektu-obnov-dom\/"},"wordCount":380,"publisher":{"@id":"https:\/\/www.smedemokrati.sk\/#organization"},"image":{"@id":"https:\/\/www.smedemokrati.sk\/vyzyvame-tarabu-aby-predstavil-sposob-pokracovania-projektu-obnov-dom\/#primaryimage"},"thumbnailUrl":"https:\/\/www.smedemokrati.sk\/wp-content\/uploads\/2026\/03\/647144563_918055567869974_5291893024675556287_n-1.jpg","articleSection":["Tla\u010dov\u00e9 spr\u00e1vy"],"inLanguage":"hu-HU"},{"@type":"WebPage","@id":"https:\/\/www.smedemokrati.sk\/vyzyvame-tarabu-aby-predstavil-sposob-pokracovania-projektu-obnov-dom\/","url":"https:\/\/www.smedemokrati.sk\/vyzyvame-tarabu-aby-predstavil-sposob-pokracovania-projektu-obnov-dom\/","name":"Vyz\u00fdvame Tarabu, aby predstavil sp\u00f4sob pokra\u010dovania projektu Obnov dom","isPartOf":{"@id":"https:\/\/www.smedemokrati.sk\/#website"},"primaryImageOfPage":{"@id":"https:\/\/www.smedemokrati.sk\/vyzyvame-tarabu-aby-predstavil-sposob-pokracovania-projektu-obnov-dom\/#primaryimage"},"image":{"@id":"https:\/\/www.smedemokrati.sk\/vyzyvame-tarabu-aby-predstavil-sposob-pokracovania-projektu-obnov-dom\/#primaryimage"},"thumbnailUrl":"https:\/\/www.smedemokrati.sk\/wp-content\/uploads\/2026\/03\/647144563_918055567869974_5291893024675556287_n-1.jpg","datePublished":"2026-03-11T19:21:09+00:00","dateModified":"2026-03-11T19:21:10+00:00","breadcrumb":{"@id":"https:\/\/www.smedemokrati.sk\/vyzyvame-tarabu-aby-predstavil-sposob-pokracovania-projektu-obnov-dom\/#breadcrumb"},"inLanguage":"hu-HU","potentialAction":[{"@type":"ReadAction","target":["https:\/\/www.smedemokrati.sk\/vyzyvame-tarabu-aby-predstavil-sposob-pokracovania-projektu-obnov-dom\/"]}]},{"@type":"ImageObject","inLanguage":"hu-HU","@id":"https:\/\/www.smedemokrati.sk\/vyzyvame-tarabu-aby-predstavil-sposob-pokracovania-projektu-obnov-dom\/#primaryimage","url":"https:\/\/www.smedemokrati.sk\/wp-content\/uploads\/2026\/03\/647144563_918055567869974_5291893024675556287_n-1.jpg","contentUrl":"https:\/\/www.smedemokrati.sk\/wp-content\/uploads\/2026\/03\/647144563_918055567869974_5291893024675556287_n-1.jpg","width":600,"height":480},{"@type":"BreadcrumbList","@id":"https:\/\/www.smedemokrati.sk\/vyzyvame-tarabu-aby-predstavil-sposob-pokracovania-projektu-obnov-dom\/#breadcrumb","itemListElement":[{"@type":"ListItem","position":1,"name":"Domovsk\u00e1 str\u00e1nka","item":"https:\/\/www.smedemokrati.sk\/"},{"@type":"ListItem","position":2,"name":"Vyz\u00fdvame Tarabu, aby predstavil sp\u00f4sob pokra\u010dovania projektu Obnov dom"}]},{"@type":"WebSite","@id":"https:\/\/www.smedemokrati.sk\/#website","url":"https:\/\/www.smedemokrati.sk\/","name":"Smedemokrati.sk","description":"Demokracia a slu\u0161nos\u0165 zv\u00ed\u0165az\u00ed","publisher":{"@id":"https:\/\/www.smedemokrati.sk\/#organization"},"potentialAction":[{"@type":"SearchAction","target":{"@type":"EntryPoint","urlTemplate":"https:\/\/www.smedemokrati.sk\/?s={search_term_string}"},"query-input":{"@type":"PropertyValueSpecification","valueRequired":true,"valueName":"search_term_string"}}],"inLanguage":"hu-HU"},{"@type":"Organization","@id":"https:\/\/www.smedemokrati.sk\/#organization","name":"Smedemokrati.sk","url":"https:\/\/www.smedemokrati.sk\/","logo":{"@type":"ImageObject","inLanguage":"hu-HU","@id":"https:\/\/www.smedemokrati.sk\/#\/schema\/logo\/image\/","url":"https:\/\/www.smedemokrati.sk\/wp-content\/uploads\/2023\/04\/ff.002.jpeg","contentUrl":"https:\/\/www.smedemokrati.sk\/wp-content\/uploads\/2023\/04\/ff.002.jpeg","width":640,"height":480,"caption":"Smedemokrati.sk"},"image":{"@id":"https:\/\/www.smedemokrati.sk\/#\/schema\/logo\/image\/"},"sameAs":["https:\/\/www.facebook.com\/smedemokrati2023"]},{"@type":"Person","@id":"https:\/\/www.smedemokrati.sk\/#\/schema\/person\/21f147c88d605aa7ded900e1e7c344ba","name":"miro.sopko","image":{"@type":"ImageObject","inLanguage":"hu-HU","@id":"https:\/\/secure.gravatar.com\/avatar\/267e4a36f704376c109afe3a78740c1f5dd8675a2180a908699e7863c9247606?s=96&d=mm&r=g","url":"https:\/\/secure.gravatar.com\/avatar\/267e4a36f704376c109afe3a78740c1f5dd8675a2180a908699e7863c9247606?s=96&d=mm&r=g","contentUrl":"https:\/\/secure.gravatar.com\/avatar\/267e4a36f704376c109afe3a78740c1f5dd8675a2180a908699e7863c9247606?s=96&d=mm&r=g","caption":"miro.sopko"},"url":"https:\/\/www.smedemokrati.sk\/hu\/author\/miro-sopko\/"}]}},"_links":{"self":[{"href":"https:\/\/www.smedemokrati.sk\/hu\/wp-json\/wp\/v2\/posts\/8997","targetHints":{"allow":["GET"]}}],"collection":[{"href":"https:\/\/www.smedemokrati.sk\/hu\/wp-json\/wp\/v2\/posts"}],"about":[{"href":"https:\/\/www.smedemokrati.sk\/hu\/wp-json\/wp\/v2\/types\/post"}],"author":[{"embeddable":true,"href":"https:\/\/www.smedemokrati.sk\/hu\/wp-json\/wp\/v2\/users\/13"}],"replies":[{"embeddable":true,"href":"https:\/\/www.smedemokrati.sk\/hu\/wp-json\/wp\/v2\/comments?post=8997"}],"version-history":[{"count":1,"href":"https:\/\/www.smedemokrati.sk\/hu\/wp-json\/wp\/v2\/posts\/8997\/revisions"}],"predecessor-version":[{"id":8999,"href":"https:\/\/www.smedemokrati.sk\/hu\/wp-json\/wp\/v2\/posts\/8997\/revisions\/8999"}],"wp:featuredmedia":[{"embeddable":true,"href":"https:\/\/www.smedemokrati.sk\/hu\/wp-json\/wp\/v2\/media\/8998"}],"wp:attachment":[{"href":"https:\/\/www.smedemokrati.sk\/hu\/wp-json\/wp\/v2\/media?parent=8997"}],"wp:term":[{"taxonomy":"category","embeddable":true,"href":"https:\/\/www.smedemokrati.sk\/hu\/wp-json\/wp\/v2\/categories?post=8997"},{"taxonomy":"post_tag","embeddable":true,"href":"https:\/\/www.smedemokrati.sk\/hu\/wp-json\/wp\/v2\/tags?post=8997"}],"curies":[{"name":"wp","href":"https:\/\/api.w.org\/{rel}","templated":true}]}}