{"id":8961,"date":"2026-03-05T14:13:33","date_gmt":"2026-03-05T13:13:33","guid":{"rendered":"https:\/\/www.smedemokrati.sk\/?p=8961"},"modified":"2026-03-05T14:13:53","modified_gmt":"2026-03-05T13:13:53","slug":"tarabov-zakon-blokuje-vystavbu-vodovodov-a-kanalizacii-na-slovensku","status":"publish","type":"post","link":"https:\/\/www.smedemokrati.sk\/hu\/tarabov-zakon-blokuje-vystavbu-vodovodov-a-kanalizacii-na-slovensku\/","title":{"rendered":"Tarabov z\u00e1kon blokuje v\u00fdstavbu vodovodov a kanaliz\u00e1cii na Slovensku"},"content":{"rendered":"<div id=\"fb-root\"><\/div>\n\n<p><strong>Novela z\u00e1kona o vodovodoch a kanaliz\u00e1ci\u00e1ch, schv\u00e1len\u00e1 parlamentom v septembri minul\u00e9ho roku na n\u00e1vrh ministra Tarabu, znemo\u017enila stovk\u00e1m obc\u00ed, ktor\u00e9 si za \u00fa\u010delom budovania vod\u00e1renskej infra\u0161trukt\u00fary, zalo\u017eili zdru\u017eenia obc\u00ed s cie\u013eom uch\u00e1dza\u0165 sa o jej financovanie z eurofondov a Environment\u00e1lneho fondu. Ide o tvrd\u00fd \u00fader vl\u00e1dy pre samospr\u00e1vy, ktor\u00e9 tak vynakladali prostriedky na pr\u00edpravu stavieb zbyto\u010dne a st\u00e1tis\u00edce obyvate\u013eov na Slovensku obrala o mo\u017enos\u0165 \u017ei\u0165 v podmienkach 21. storo\u010dia. Demokrati pripravuj\u00fa legislat\u00edvny n\u00e1vrh, ktor\u00fd by t\u00fato absurdn\u00fa lobistick\u00fa legislat\u00edvu opravil.\u00a0<\/strong><\/p>\n\n\n\n<p>Na ak\u00fatnos\u0165 probl\u00e9mu dnes pouk\u00e1zalo zdru\u017eenie siedmych obc\u00ed Horn\u00e9ho \u017ditn\u00e9ho ostrova, ktor\u00fdm Tarabov z\u00e1kon znemo\u017enil uch\u00e1dza\u0165 sa o financovanie \u010distiarne odpadov\u00fdch v\u00f4d z eur\u00f3pskych prostriedkov rozde\u013eovan\u00fdch na \u00farovni krajov. Tento probl\u00e9m je ale omnoho rozsiahlej\u0161\u00ed. \u201e<em>Demokrati disponuj\u00fa listom zdru\u017eenia \u0161tyroch obc\u00ed zo Z\u00e1padn\u00e9ho Slovenska, ktor\u00e9 poukazuj\u00fa na zmarenie mo\u017enosti financovania dobudovania kanaliz\u00e1cie a vodovodu aj z prostriedkov Environment\u00e1lneho fondu. Ten vyhl\u00e1sil vo febru\u00e1ri v\u00fdzvu B1 ochrana a vyu\u017e\u00edvanie v\u00f4d, v ktorej u\u017e zdru\u017eenia obc\u00ed opr\u00e1vnen\u00fdmi subjektmi nie s\u00fa. Pod\u013ea na\u0161ich inform\u00e1ci\u00ed bez reakcie ministra Tarabu. Na Slovensku je pribli\u017ene 200 zdru\u017een\u00ed obc\u00ed so stovkami \u010dlensk\u00fdch samospr\u00e1v, ktor\u00fdch obyvatelia s\u00fa tak touto zmenou diskriminovan\u00ed,\u201d<\/em>\u00a0vysvet\u013euje Michal Ki\u010da, podpredseda Demokratov.\u00a0<\/p>\n\n\n\n<p>Absurdn\u00e1 legislat\u00edvna zmena z\u00e1sadne po\u0161kodzuje dotknut\u00e9 samospr\u00e1vy. Nielen\u017ee mar\u00ed ich pl\u00e1ny na budovanie vod\u00e1renskej infra\u0161trukt\u00fary, ale v \u010dase extr\u00e9mne nap\u00e4t\u00fdch rozpo\u010dtov ut\u00e1pa st\u00e1tis\u00edce eur na projektov\u00fa pr\u00edpravu stavieb, ktor\u00e9 vyletia hore kom\u00ednom. Vl\u00e1da tak nielen\u017ee nepom\u00e1ha samospr\u00e1vam, ale vyslovene im \u0161kod\u00ed. Z\u00e1kon nepriamo vyhovuje najm\u00e4 ve\u013ek\u00fdm vod\u00e1rensk\u00fdm spolo\u010dnostiam, pre ktor\u00e9 sa ujde z prostriedkov na financovanie vodovodov a kanaliz\u00e1ci\u00ed v\u00e4\u010d\u0161\u00ed podiel na \u00fakor zdru\u017een\u00ed obc\u00ed. Pre tak\u00fato lobistick\u00fa legislat\u00edvnu zmenu nie je \u017eiadne racion\u00e1lne od\u00f4vodnenie. Minister Taraba o sebe vyhlasuje, ako buduje vodovody a kanaliz\u00e1cie, ale n\u00edm pripraven\u00e9 z\u00e1kony paralyzuj\u00fa mo\u017enosti financovania ich v\u00fdstavby pre st\u00e1tis\u00edce obyvate\u013eov na Slovensku. V realite mu ide o iba o marketingov\u00e9 v\u00fdstupy a tla\u010dov\u00e9 konferencie o \u201cprelomov\u00fdch invest\u00edci\u00e1ch\u201d, no v skuto\u010dnosti je brzdou ich v\u00fdstavby.&nbsp;<\/p>\n\n\n\n<p>\u201e<em>Demokrati pripravuj\u00fa v spolupr\u00e1ci s poslancom NR SR Lubom\u00edrom Galkom legislat\u00edvnu zmenu, ktor\u00e1 tento absurdn\u00fd a \u0161kodliv\u00fd stav odstr\u00e1ni a umo\u017en\u00ed by\u0165 zdru\u017eeniam obc\u00ed op\u00e4tovne opr\u00e1vnen\u00fdm prij\u00edmate\u013eom eur\u00f3pskych a n\u00e1rodn\u00fdch prostriedkov na v\u00fdstavbu vodovodov a kanaliz\u00e1ci\u00ed,<\/em>\u201d uzavrel Michal Ki\u010da.\u00a0<\/p>\n\n\n<div id=\"fb-root\"><\/div><script async defer crossorigin=\"anonymous\" src=\"https:\/\/connect.facebook.net\/sk_SK\/sdk.js#xfbml=1&version=v18.0\"><\/script><div class=\"fb-video\" data-href=\"https:\/\/www.facebook.com\/reel\/787733887229855\" data-width=\"560\" data-show-text=\"false\"><blockquote cite=\"https:\/\/www.facebook.com\/reel\/787733887229855\" class=\"fb-xfbml-parse-ignore\"><a href=\"https:\/\/www.facebook.com\/reel\/787733887229855\">Video<\/a><\/blockquote><\/div>\n","protected":false},"excerpt":{"rendered":"<p>Novela z\u00e1kona o vodovodoch a kanaliz\u00e1ci\u00e1ch, schv\u00e1len\u00e1 parlamentom v septembri minul\u00e9ho roku na n\u00e1vrh ministra Tarabu, znemo\u017enila stovk\u00e1m obc\u00ed, ktor\u00e9 si za \u00fa\u010delom budovania vod\u00e1renskej infra\u0161trukt\u00fary, zalo\u017eili zdru\u017eenia obc\u00ed s cie\u013eom uch\u00e1dza\u0165 sa o jej financovanie z eurofondov a Environment\u00e1lneho fondu. Ide o tvrd\u00fd \u00fader vl\u00e1dy pre samospr\u00e1vy, ktor\u00e9 tak vynakladali prostriedky na pr\u00edpravu stavieb [&hellip;]<\/p>\n","protected":false},"author":13,"featured_media":140,"comment_status":"closed","ping_status":"closed","sticky":false,"template":"","format":"standard","meta":{"_acf_changed":false,"ngg_post_thumbnail":0,"footnotes":""},"categories":[4],"tags":[],"class_list":["post-8961","post","type-post","status-publish","format-standard","has-post-thumbnail","hentry","category-tlacove-spravy"],"acf":[],"yoast_head":"<!-- This site is optimized with the Yoast SEO plugin v27.2 - https:\/\/yoast.com\/product\/yoast-seo-wordpress\/ -->\n<title>Tarabov z\u00e1kon blokuje v\u00fdstavbu vodovodov a kanaliz\u00e1cii na Slovensku<\/title>\n<meta name=\"robots\" content=\"index, follow, max-snippet:-1, max-image-preview:large, max-video-preview:-1\" \/>\n<link rel=\"canonical\" href=\"https:\/\/www.smedemokrati.sk\/hu\/tarabov-zakon-blokuje-vystavbu-vodovodov-a-kanalizacii-na-slovensku\/\" \/>\n<meta property=\"og:locale\" content=\"hu_HU\" \/>\n<meta property=\"og:locale:alternate\" content=\"en_US\" \/>\n<meta property=\"og:locale:alternate\" content=\"cs_CZ\" \/>\n<meta property=\"og:locale:alternate\" content=\"sk_SK\" \/>\n<meta property=\"og:locale:alternate\" content=\"sv_SE\" \/>\n<meta property=\"og:type\" content=\"article\" \/>\n<meta property=\"og:title\" content=\"Tarabov z\u00e1kon blokuje v\u00fdstavbu vodovodov a kanaliz\u00e1cii na Slovensku\" \/>\n<meta property=\"og:description\" content=\"Novela z\u00e1kona o vodovodoch a kanaliz\u00e1ci\u00e1ch, schv\u00e1len\u00e1 parlamentom v septembri minul\u00e9ho roku na n\u00e1vrh ministra Tarabu, znemo\u017enila stovk\u00e1m obc\u00ed, ktor\u00e9 si za \u00fa\u010delom budovania vod\u00e1renskej infra\u0161trukt\u00fary, zalo\u017eili zdru\u017eenia obc\u00ed s cie\u013eom uch\u00e1dza\u0165 sa o jej financovanie z eurofondov a Environment\u00e1lneho fondu. Ide o tvrd\u00fd \u00fader vl\u00e1dy pre samospr\u00e1vy, ktor\u00e9 tak vynakladali prostriedky na pr\u00edpravu stavieb [&hellip;]\" \/>\n<meta property=\"og:url\" content=\"https:\/\/www.smedemokrati.sk\/hu\/tarabov-zakon-blokuje-vystavbu-vodovodov-a-kanalizacii-na-slovensku\/\" \/>\n<meta property=\"og:site_name\" content=\"Smedemokrati.sk\" \/>\n<meta property=\"article:publisher\" content=\"https:\/\/www.facebook.com\/smedemokrati2023\" \/>\n<meta property=\"article:published_time\" content=\"2026-03-05T13:13:33+00:00\" \/>\n<meta property=\"article:modified_time\" content=\"2026-03-05T13:13:53+00:00\" \/>\n<meta property=\"og:image\" content=\"https:\/\/www.smedemokrati.sk\/wp-content\/uploads\/2023\/03\/foto_MKI.png\" \/>\n\t<meta property=\"og:image:width\" content=\"476\" \/>\n\t<meta property=\"og:image:height\" content=\"380\" \/>\n\t<meta property=\"og:image:type\" content=\"image\/png\" \/>\n<meta name=\"author\" content=\"miro.sopko\" \/>\n<meta name=\"twitter:card\" content=\"summary_large_image\" \/>\n<meta name=\"twitter:label1\" content=\"Szerz\u0151:\" \/>\n\t<meta name=\"twitter:data1\" content=\"miro.sopko\" \/>\n\t<meta name=\"twitter:label2\" content=\"Becs\u00fclt olvas\u00e1si id\u0151\" \/>\n\t<meta name=\"twitter:data2\" content=\"3 perc\" \/>\n<script type=\"application\/ld+json\" class=\"yoast-schema-graph\">{\"@context\":\"https:\/\/schema.org\",\"@graph\":[{\"@type\":\"Article\",\"@id\":\"https:\/\/www.smedemokrati.sk\/tarabov-zakon-blokuje-vystavbu-vodovodov-a-kanalizacii-na-slovensku\/#article\",\"isPartOf\":{\"@id\":\"https:\/\/www.smedemokrati.sk\/tarabov-zakon-blokuje-vystavbu-vodovodov-a-kanalizacii-na-slovensku\/\"},\"author\":{\"name\":\"miro.sopko\",\"@id\":\"https:\/\/www.smedemokrati.sk\/#\/schema\/person\/21f147c88d605aa7ded900e1e7c344ba\"},\"headline\":\"Tarabov z\u00e1kon blokuje v\u00fdstavbu vodovodov a kanaliz\u00e1cii na Slovensku\",\"datePublished\":\"2026-03-05T13:13:33+00:00\",\"dateModified\":\"2026-03-05T13:13:53+00:00\",\"mainEntityOfPage\":{\"@id\":\"https:\/\/www.smedemokrati.sk\/tarabov-zakon-blokuje-vystavbu-vodovodov-a-kanalizacii-na-slovensku\/\"},\"wordCount\":503,\"publisher\":{\"@id\":\"https:\/\/www.smedemokrati.sk\/#organization\"},\"image\":{\"@id\":\"https:\/\/www.smedemokrati.sk\/tarabov-zakon-blokuje-vystavbu-vodovodov-a-kanalizacii-na-slovensku\/#primaryimage\"},\"thumbnailUrl\":\"https:\/\/www.smedemokrati.sk\/wp-content\/uploads\/2023\/03\/foto_MKI.png\",\"articleSection\":[\"Tla\u010dov\u00e9 spr\u00e1vy\"],\"inLanguage\":\"hu-HU\"},{\"@type\":\"WebPage\",\"@id\":\"https:\/\/www.smedemokrati.sk\/tarabov-zakon-blokuje-vystavbu-vodovodov-a-kanalizacii-na-slovensku\/\",\"url\":\"https:\/\/www.smedemokrati.sk\/tarabov-zakon-blokuje-vystavbu-vodovodov-a-kanalizacii-na-slovensku\/\",\"name\":\"Tarabov z\u00e1kon blokuje v\u00fdstavbu vodovodov a kanaliz\u00e1cii na Slovensku\",\"isPartOf\":{\"@id\":\"https:\/\/www.smedemokrati.sk\/#website\"},\"primaryImageOfPage\":{\"@id\":\"https:\/\/www.smedemokrati.sk\/tarabov-zakon-blokuje-vystavbu-vodovodov-a-kanalizacii-na-slovensku\/#primaryimage\"},\"image\":{\"@id\":\"https:\/\/www.smedemokrati.sk\/tarabov-zakon-blokuje-vystavbu-vodovodov-a-kanalizacii-na-slovensku\/#primaryimage\"},\"thumbnailUrl\":\"https:\/\/www.smedemokrati.sk\/wp-content\/uploads\/2023\/03\/foto_MKI.png\",\"datePublished\":\"2026-03-05T13:13:33+00:00\",\"dateModified\":\"2026-03-05T13:13:53+00:00\",\"breadcrumb\":{\"@id\":\"https:\/\/www.smedemokrati.sk\/tarabov-zakon-blokuje-vystavbu-vodovodov-a-kanalizacii-na-slovensku\/#breadcrumb\"},\"inLanguage\":\"hu-HU\",\"potentialAction\":[{\"@type\":\"ReadAction\",\"target\":[\"https:\/\/www.smedemokrati.sk\/tarabov-zakon-blokuje-vystavbu-vodovodov-a-kanalizacii-na-slovensku\/\"]}]},{\"@type\":\"ImageObject\",\"inLanguage\":\"hu-HU\",\"@id\":\"https:\/\/www.smedemokrati.sk\/tarabov-zakon-blokuje-vystavbu-vodovodov-a-kanalizacii-na-slovensku\/#primaryimage\",\"url\":\"https:\/\/www.smedemokrati.sk\/wp-content\/uploads\/2023\/03\/foto_MKI.png\",\"contentUrl\":\"https:\/\/www.smedemokrati.sk\/wp-content\/uploads\/2023\/03\/foto_MKI.png\",\"width\":476,\"height\":380},{\"@type\":\"BreadcrumbList\",\"@id\":\"https:\/\/www.smedemokrati.sk\/tarabov-zakon-blokuje-vystavbu-vodovodov-a-kanalizacii-na-slovensku\/#breadcrumb\",\"itemListElement\":[{\"@type\":\"ListItem\",\"position\":1,\"name\":\"Domovsk\u00e1 str\u00e1nka\",\"item\":\"https:\/\/www.smedemokrati.sk\/\"},{\"@type\":\"ListItem\",\"position\":2,\"name\":\"Tarabov z\u00e1kon blokuje v\u00fdstavbu vodovodov a kanaliz\u00e1cii na Slovensku\"}]},{\"@type\":\"WebSite\",\"@id\":\"https:\/\/www.smedemokrati.sk\/#website\",\"url\":\"https:\/\/www.smedemokrati.sk\/\",\"name\":\"Smedemokrati.sk\",\"description\":\"Demokracia a slu\u0161nos\u0165 zv\u00ed\u0165az\u00ed\",\"publisher\":{\"@id\":\"https:\/\/www.smedemokrati.sk\/#organization\"},\"potentialAction\":[{\"@type\":\"SearchAction\",\"target\":{\"@type\":\"EntryPoint\",\"urlTemplate\":\"https:\/\/www.smedemokrati.sk\/?s={search_term_string}\"},\"query-input\":{\"@type\":\"PropertyValueSpecification\",\"valueRequired\":true,\"valueName\":\"search_term_string\"}}],\"inLanguage\":\"hu-HU\"},{\"@type\":\"Organization\",\"@id\":\"https:\/\/www.smedemokrati.sk\/#organization\",\"name\":\"Smedemokrati.sk\",\"url\":\"https:\/\/www.smedemokrati.sk\/\",\"logo\":{\"@type\":\"ImageObject\",\"inLanguage\":\"hu-HU\",\"@id\":\"https:\/\/www.smedemokrati.sk\/#\/schema\/logo\/image\/\",\"url\":\"https:\/\/www.smedemokrati.sk\/wp-content\/uploads\/2023\/04\/ff.002.jpeg\",\"contentUrl\":\"https:\/\/www.smedemokrati.sk\/wp-content\/uploads\/2023\/04\/ff.002.jpeg\",\"width\":640,\"height\":480,\"caption\":\"Smedemokrati.sk\"},\"image\":{\"@id\":\"https:\/\/www.smedemokrati.sk\/#\/schema\/logo\/image\/\"},\"sameAs\":[\"https:\/\/www.facebook.com\/smedemokrati2023\"]},{\"@type\":\"Person\",\"@id\":\"https:\/\/www.smedemokrati.sk\/#\/schema\/person\/21f147c88d605aa7ded900e1e7c344ba\",\"name\":\"miro.sopko\",\"image\":{\"@type\":\"ImageObject\",\"inLanguage\":\"hu-HU\",\"@id\":\"https:\/\/secure.gravatar.com\/avatar\/267e4a36f704376c109afe3a78740c1f5dd8675a2180a908699e7863c9247606?s=96&d=mm&r=g\",\"url\":\"https:\/\/secure.gravatar.com\/avatar\/267e4a36f704376c109afe3a78740c1f5dd8675a2180a908699e7863c9247606?s=96&d=mm&r=g\",\"contentUrl\":\"https:\/\/secure.gravatar.com\/avatar\/267e4a36f704376c109afe3a78740c1f5dd8675a2180a908699e7863c9247606?s=96&d=mm&r=g\",\"caption\":\"miro.sopko\"},\"url\":\"https:\/\/www.smedemokrati.sk\/hu\/author\/miro-sopko\/\"}]}<\/script>\n<!-- \/ Yoast SEO plugin. -->","yoast_head_json":{"title":"Tarabov z\u00e1kon blokuje v\u00fdstavbu vodovodov a kanaliz\u00e1cii na Slovensku","robots":{"index":"index","follow":"follow","max-snippet":"max-snippet:-1","max-image-preview":"max-image-preview:large","max-video-preview":"max-video-preview:-1"},"canonical":"https:\/\/www.smedemokrati.sk\/hu\/tarabov-zakon-blokuje-vystavbu-vodovodov-a-kanalizacii-na-slovensku\/","og_locale":"hu_HU","og_type":"article","og_title":"[:sk]Tarabov z\u00e1kon blokuje v\u00fdstavbu vodovodov a kanaliz\u00e1cii na Slovensku[:] - Smedemokrati.sk","og_description":"Novela z\u00e1kona o vodovodoch a kanaliz\u00e1ci\u00e1ch, schv\u00e1len\u00e1 parlamentom v septembri minul\u00e9ho roku na n\u00e1vrh ministra Tarabu, znemo\u017enila stovk\u00e1m obc\u00ed, ktor\u00e9 si za \u00fa\u010delom budovania vod\u00e1renskej infra\u0161trukt\u00fary, zalo\u017eili zdru\u017eenia obc\u00ed s cie\u013eom uch\u00e1dza\u0165 sa o jej financovanie z eurofondov a Environment\u00e1lneho fondu. Ide o tvrd\u00fd \u00fader vl\u00e1dy pre samospr\u00e1vy, ktor\u00e9 tak vynakladali prostriedky na pr\u00edpravu stavieb [&hellip;]","og_url":"https:\/\/www.smedemokrati.sk\/hu\/tarabov-zakon-blokuje-vystavbu-vodovodov-a-kanalizacii-na-slovensku\/","og_site_name":"Smedemokrati.sk","article_publisher":"https:\/\/www.facebook.com\/smedemokrati2023","article_published_time":"2026-03-05T13:13:33+00:00","article_modified_time":"2026-03-05T13:13:53+00:00","og_image":[{"width":476,"height":380,"url":"https:\/\/www.smedemokrati.sk\/wp-content\/uploads\/2023\/03\/foto_MKI.png","type":"image\/png"}],"author":"miro.sopko","twitter_card":"summary_large_image","twitter_misc":{"Szerz\u0151:":"miro.sopko","Becs\u00fclt olvas\u00e1si id\u0151":"3 perc"},"schema":{"@context":"https:\/\/schema.org","@graph":[{"@type":"Article","@id":"https:\/\/www.smedemokrati.sk\/tarabov-zakon-blokuje-vystavbu-vodovodov-a-kanalizacii-na-slovensku\/#article","isPartOf":{"@id":"https:\/\/www.smedemokrati.sk\/tarabov-zakon-blokuje-vystavbu-vodovodov-a-kanalizacii-na-slovensku\/"},"author":{"name":"miro.sopko","@id":"https:\/\/www.smedemokrati.sk\/#\/schema\/person\/21f147c88d605aa7ded900e1e7c344ba"},"headline":"Tarabov z\u00e1kon blokuje v\u00fdstavbu vodovodov a kanaliz\u00e1cii na Slovensku","datePublished":"2026-03-05T13:13:33+00:00","dateModified":"2026-03-05T13:13:53+00:00","mainEntityOfPage":{"@id":"https:\/\/www.smedemokrati.sk\/tarabov-zakon-blokuje-vystavbu-vodovodov-a-kanalizacii-na-slovensku\/"},"wordCount":503,"publisher":{"@id":"https:\/\/www.smedemokrati.sk\/#organization"},"image":{"@id":"https:\/\/www.smedemokrati.sk\/tarabov-zakon-blokuje-vystavbu-vodovodov-a-kanalizacii-na-slovensku\/#primaryimage"},"thumbnailUrl":"https:\/\/www.smedemokrati.sk\/wp-content\/uploads\/2023\/03\/foto_MKI.png","articleSection":["Tla\u010dov\u00e9 spr\u00e1vy"],"inLanguage":"hu-HU"},{"@type":"WebPage","@id":"https:\/\/www.smedemokrati.sk\/tarabov-zakon-blokuje-vystavbu-vodovodov-a-kanalizacii-na-slovensku\/","url":"https:\/\/www.smedemokrati.sk\/tarabov-zakon-blokuje-vystavbu-vodovodov-a-kanalizacii-na-slovensku\/","name":"Tarabov z\u00e1kon blokuje v\u00fdstavbu vodovodov a kanaliz\u00e1cii na Slovensku","isPartOf":{"@id":"https:\/\/www.smedemokrati.sk\/#website"},"primaryImageOfPage":{"@id":"https:\/\/www.smedemokrati.sk\/tarabov-zakon-blokuje-vystavbu-vodovodov-a-kanalizacii-na-slovensku\/#primaryimage"},"image":{"@id":"https:\/\/www.smedemokrati.sk\/tarabov-zakon-blokuje-vystavbu-vodovodov-a-kanalizacii-na-slovensku\/#primaryimage"},"thumbnailUrl":"https:\/\/www.smedemokrati.sk\/wp-content\/uploads\/2023\/03\/foto_MKI.png","datePublished":"2026-03-05T13:13:33+00:00","dateModified":"2026-03-05T13:13:53+00:00","breadcrumb":{"@id":"https:\/\/www.smedemokrati.sk\/tarabov-zakon-blokuje-vystavbu-vodovodov-a-kanalizacii-na-slovensku\/#breadcrumb"},"inLanguage":"hu-HU","potentialAction":[{"@type":"ReadAction","target":["https:\/\/www.smedemokrati.sk\/tarabov-zakon-blokuje-vystavbu-vodovodov-a-kanalizacii-na-slovensku\/"]}]},{"@type":"ImageObject","inLanguage":"hu-HU","@id":"https:\/\/www.smedemokrati.sk\/tarabov-zakon-blokuje-vystavbu-vodovodov-a-kanalizacii-na-slovensku\/#primaryimage","url":"https:\/\/www.smedemokrati.sk\/wp-content\/uploads\/2023\/03\/foto_MKI.png","contentUrl":"https:\/\/www.smedemokrati.sk\/wp-content\/uploads\/2023\/03\/foto_MKI.png","width":476,"height":380},{"@type":"BreadcrumbList","@id":"https:\/\/www.smedemokrati.sk\/tarabov-zakon-blokuje-vystavbu-vodovodov-a-kanalizacii-na-slovensku\/#breadcrumb","itemListElement":[{"@type":"ListItem","position":1,"name":"Domovsk\u00e1 str\u00e1nka","item":"https:\/\/www.smedemokrati.sk\/"},{"@type":"ListItem","position":2,"name":"Tarabov z\u00e1kon blokuje v\u00fdstavbu vodovodov a kanaliz\u00e1cii na Slovensku"}]},{"@type":"WebSite","@id":"https:\/\/www.smedemokrati.sk\/#website","url":"https:\/\/www.smedemokrati.sk\/","name":"Smedemokrati.sk","description":"Demokracia a slu\u0161nos\u0165 zv\u00ed\u0165az\u00ed","publisher":{"@id":"https:\/\/www.smedemokrati.sk\/#organization"},"potentialAction":[{"@type":"SearchAction","target":{"@type":"EntryPoint","urlTemplate":"https:\/\/www.smedemokrati.sk\/?s={search_term_string}"},"query-input":{"@type":"PropertyValueSpecification","valueRequired":true,"valueName":"search_term_string"}}],"inLanguage":"hu-HU"},{"@type":"Organization","@id":"https:\/\/www.smedemokrati.sk\/#organization","name":"Smedemokrati.sk","url":"https:\/\/www.smedemokrati.sk\/","logo":{"@type":"ImageObject","inLanguage":"hu-HU","@id":"https:\/\/www.smedemokrati.sk\/#\/schema\/logo\/image\/","url":"https:\/\/www.smedemokrati.sk\/wp-content\/uploads\/2023\/04\/ff.002.jpeg","contentUrl":"https:\/\/www.smedemokrati.sk\/wp-content\/uploads\/2023\/04\/ff.002.jpeg","width":640,"height":480,"caption":"Smedemokrati.sk"},"image":{"@id":"https:\/\/www.smedemokrati.sk\/#\/schema\/logo\/image\/"},"sameAs":["https:\/\/www.facebook.com\/smedemokrati2023"]},{"@type":"Person","@id":"https:\/\/www.smedemokrati.sk\/#\/schema\/person\/21f147c88d605aa7ded900e1e7c344ba","name":"miro.sopko","image":{"@type":"ImageObject","inLanguage":"hu-HU","@id":"https:\/\/secure.gravatar.com\/avatar\/267e4a36f704376c109afe3a78740c1f5dd8675a2180a908699e7863c9247606?s=96&d=mm&r=g","url":"https:\/\/secure.gravatar.com\/avatar\/267e4a36f704376c109afe3a78740c1f5dd8675a2180a908699e7863c9247606?s=96&d=mm&r=g","contentUrl":"https:\/\/secure.gravatar.com\/avatar\/267e4a36f704376c109afe3a78740c1f5dd8675a2180a908699e7863c9247606?s=96&d=mm&r=g","caption":"miro.sopko"},"url":"https:\/\/www.smedemokrati.sk\/hu\/author\/miro-sopko\/"}]}},"_links":{"self":[{"href":"https:\/\/www.smedemokrati.sk\/hu\/wp-json\/wp\/v2\/posts\/8961","targetHints":{"allow":["GET"]}}],"collection":[{"href":"https:\/\/www.smedemokrati.sk\/hu\/wp-json\/wp\/v2\/posts"}],"about":[{"href":"https:\/\/www.smedemokrati.sk\/hu\/wp-json\/wp\/v2\/types\/post"}],"author":[{"embeddable":true,"href":"https:\/\/www.smedemokrati.sk\/hu\/wp-json\/wp\/v2\/users\/13"}],"replies":[{"embeddable":true,"href":"https:\/\/www.smedemokrati.sk\/hu\/wp-json\/wp\/v2\/comments?post=8961"}],"version-history":[{"count":2,"href":"https:\/\/www.smedemokrati.sk\/hu\/wp-json\/wp\/v2\/posts\/8961\/revisions"}],"predecessor-version":[{"id":8963,"href":"https:\/\/www.smedemokrati.sk\/hu\/wp-json\/wp\/v2\/posts\/8961\/revisions\/8963"}],"wp:featuredmedia":[{"embeddable":true,"href":"https:\/\/www.smedemokrati.sk\/hu\/wp-json\/wp\/v2\/media\/140"}],"wp:attachment":[{"href":"https:\/\/www.smedemokrati.sk\/hu\/wp-json\/wp\/v2\/media?parent=8961"}],"wp:term":[{"taxonomy":"category","embeddable":true,"href":"https:\/\/www.smedemokrati.sk\/hu\/wp-json\/wp\/v2\/categories?post=8961"},{"taxonomy":"post_tag","embeddable":true,"href":"https:\/\/www.smedemokrati.sk\/hu\/wp-json\/wp\/v2\/tags?post=8961"}],"curies":[{"name":"wp","href":"https:\/\/api.w.org\/{rel}","templated":true}]}}