{"id":8953,"date":"2026-03-04T13:16:48","date_gmt":"2026-03-04T12:16:48","guid":{"rendered":"https:\/\/www.smedemokrati.sk\/?p=8953"},"modified":"2026-03-04T13:16:49","modified_gmt":"2026-03-04T12:16:49","slug":"fico-a-orban-klamu-a-prenasaju-vojnove-rizika-do-nasej-energetickej-bezpecnosti-od-ruskej-ropy-sa-vieme-odstrihnut-cez-chorvatsko","status":"publish","type":"post","link":"https:\/\/www.smedemokrati.sk\/hu\/fico-a-orban-klamu-a-prenasaju-vojnove-rizika-do-nasej-energetickej-bezpecnosti-od-ruskej-ropy-sa-vieme-odstrihnut-cez-chorvatsko\/","title":{"rendered":"Fico a Orb\u00e1n klam\u00fa a pren\u00e1\u0161aj\u00fa vojnov\u00e9 rizik\u00e1 do na\u0161ej energetickej bezpe\u010dnosti. Od ruskej ropy sa vieme odstrihn\u00fa\u0165 cez Chorv\u00e1tsko"},"content":{"rendered":"<div id=\"fb-root\"><\/div>\n\n<p><strong>\u010clen predsedn\u00edctva strany Demokrati, b\u00fdval\u00fd minister hospod\u00e1rstva a b\u00fdval\u00fd predseda dozornej rady Transpetrolu Karel Hirman, ostro reagoval na vyjadrenia premi\u00e9ra Robert Fico a ma\u010farsk\u00e9ho premi\u00e9ra Viktor Orb\u00e1n k dod\u00e1vkam ropy cez Ukrajinu. Pod\u013ea neho verejnos\u0165 zav\u00e1dzaj\u00fa a zaml\u010diavaj\u00fa podstatn\u00e9 fakty a vystavuj\u00fa svoje krajiny a ob\u010danov riziku dod\u00e1vok rusk\u00fdch surov\u00edn cez vojnov\u00e9 \u00fazemie.<\/strong><\/p>\n\n\n\n<p>Hirman upozornil, \u017ee Orb\u00e1n s\u00e1m potvrdil, \u017ee ropn\u00fd uzol v Brodoch na z\u00e1padnej Ukrajine bol zbombardovan\u00fd. \u201e<em>T\u00fdm vyvr\u00e1til ak\u00e9ko\u013evek pochybnosti a z\u00e1rove\u0148 uk\u00e1zal, \u017ee Ukrajinci si ni\u010d nevym\u00fd\u0161\u013eaj\u00fa,\u201c&nbsp;<\/em>vyhl\u00e1sil Hirman.<\/p>\n\n\n\n<p>Z\u00e1rove\u0148 upozornil, \u017ee z Brodov sa cez ropovod Dru\u017eba netla\u010dila iba rusk\u00e1, ale aj ukrajinsk\u00e1 ropa.&nbsp;<em>\u201ePr\u00e1ve to mohol by\u0165 d\u00f4vod rusk\u00e9ho \u00fatoku \u2013 zastavi\u0165 export ukrajinskej ropy. O tomto Fico ani Orb\u00e1n nehovoria, st\u00e1le spom\u00ednaj\u00fa iba rusk\u00fa ropu. To je z\u00e1sadn\u00e9 zaml\u010danie,\u201c<\/em>&nbsp;zd\u00f4raznil.<\/p>\n\n\n\n<p>Pod\u013ea Hirmana je v\u0161ak neust\u00e1le spoliehanie sa na dod\u00e1vky a tranzit akejko\u013evek suroviny cez vojnov\u00e9 \u00fazemie&nbsp; hazardom.&nbsp;<em>\u201eUkrajina je \u0161tyri roky bombardovan\u00e1 vr\u00e1tane kritickej infra\u0161trukt\u00fary. Ukrajinci bombarduj\u00fa zase rusk\u00fd ropovodn\u00fd syst\u00e9m. Spolieha\u0165 sa na dod\u00e1vky z krajiny, ktor\u00e1 napadla tranzit\u00e9ra svojich surov\u00edn, je doslova rusk\u00e1 ruleta,\u201c<\/em>&nbsp;povedal.<\/p>\n\n\n\n<p>Slovensko m\u00e1 pod\u013ea neho jasn\u00fa alternat\u00edvu, a to ropovod Adria. Ten za\u010d\u00edna na chorv\u00e1tskom ostrove Krk a cez ropovod Adria umo\u017e\u0148uje dopravi\u0165 ropu a\u017e do Slovnaftu. Syst\u00e9m bol na \u017eiados\u0165 samotn\u00e9ho MOLu modernizovan\u00fd a jeho kapacita zv\u00fd\u0161en\u00e1, u\u017e v rokoch 2012-2015. MOL u\u017e vtedy deklaroval, \u017ee ho bude viac vyu\u017e\u00edva\u0165. Preto oper\u00e1tori ropovodu &#8211; slovensk\u00fd Transpetrol a chorv\u00e1tsky Janaf do jeho roz\u0161\u00edrenia investovali mili\u00f3ny eur.<\/p>\n\n\n\n<p><em>\u201eAk bude MOL Group prepravova\u0165 viac a pravidelne, tarify bud\u00fa ni\u017e\u0161ie. Tak funguje biznis. MOL je s\u00fakromn\u00e1 firma so s\u00eddlom v Budape\u0161ti a je zodpovedn\u00e1 za n\u00e1kup ropy aj pre Slovnaft, ktor\u00fd plne kontroluje. Trasa cez Chorv\u00e1tsko je bezpe\u010dn\u00e1. Pre\u010do sa teda spoliehaj\u00fa na rizikov\u00fd tranzit cez Ukrajinu a Rusko? Pre\u010do maj\u00fa n\u00fadzov\u00fd stav a stres v z\u00e1sobovan\u00ed ropou iba Slovensko a Ma\u010farsko?\u201c<\/em>&nbsp;p\u00fdta sa Hirman a ironicky dod\u00e1va, \u017ee ak by Fico a Orb\u00e1n nemali v\u00e4zby resp. profit z MOLu, nekonali by inak.<\/p>\n\n\n\n<p>Odmietol aj stra\u0161enie v\u00fdvojom v Perzskom z\u00e1live.&nbsp;<em>\u201eEur\u00f3psky trh nie je prim\u00e1rne z\u00e1visl\u00fd od tohto regi\u00f3nu. V\u00e4\u010d\u0161ina ropy prich\u00e1dza z in\u00fdch zdrojov a pri LNG s\u00fa hlavn\u00fdm dod\u00e1vate\u013eom USA. Z\u00e1vislos\u0165 Eur\u00f3py od Perzsk\u00e9ho z\u00e1livu je minim\u00e1lna.\u201c<\/em><br><em><br>\u201eNeust\u00e1le sa spolieha\u0165, ba dokonca presadzova\u0165 dod\u00e1vky a tranzit strategick\u00fdch energetick\u00fdch surov\u00edn z vojnou zmietan\u00fdch \u00fazem\u00ed, ako to predv\u00e1dza Ficova vl\u00e1da, je proti element\u00e1rnym hospod\u00e1rskym a bezpe\u010dnostn\u00fdm z\u00e1ujmom vlastnej krajiny. Zvl\u00e1\u0161\u0165, ak existuj\u00fa plnohodnotn\u00e9 bezpe\u010dn\u00e9 zdroje a trasy. Od rizikovej ruskej ropy a rizikov\u00e9ho ukrajinsk\u00e9ho tranzitu, sa vieme odstrihn\u00fa\u0165, a to technicky aj obchodne. Ch\u00fdba iba politick\u00e1 v\u00f4\u013ea presta\u0165 hazardova\u0165 s energetickou bezpe\u010dnos\u0165ou Slovenska,\u201c&nbsp;<\/em>uzavrel Hirman.<\/p>\n\n\n\n<figure class=\"wp-block-embed is-type-video is-provider-youtube wp-block-embed-youtube wp-embed-aspect-16-9 wp-has-aspect-ratio\"><div class=\"wp-block-embed__wrapper\">\n<iframe title=\"Live: Vojna na Ukrajine a v Perskom z\u00e1live: ako zabezpe\u010di\u0165 energetick\u00fa bezpe\u010dnos\u0165 Slovenska?\" width=\"500\" height=\"281\" src=\"https:\/\/www.youtube.com\/embed\/S-syFahGzlw?feature=oembed\" frameborder=\"0\" allow=\"accelerometer; autoplay; clipboard-write; encrypted-media; gyroscope; picture-in-picture; web-share\" referrerpolicy=\"strict-origin-when-cross-origin\" allowfullscreen><\/iframe>\n<\/div><\/figure>\n","protected":false},"excerpt":{"rendered":"<p>\u010clen predsedn\u00edctva strany Demokrati, b\u00fdval\u00fd minister hospod\u00e1rstva a b\u00fdval\u00fd predseda dozornej rady Transpetrolu Karel Hirman, ostro reagoval na vyjadrenia premi\u00e9ra Robert Fico a ma\u010farsk\u00e9ho premi\u00e9ra Viktor Orb\u00e1n k dod\u00e1vkam ropy cez Ukrajinu. Pod\u013ea neho verejnos\u0165 zav\u00e1dzaj\u00fa a zaml\u010diavaj\u00fa podstatn\u00e9 fakty a vystavuj\u00fa svoje krajiny a ob\u010danov riziku dod\u00e1vok rusk\u00fdch surov\u00edn cez vojnov\u00e9 \u00fazemie. Hirman upozornil, [&hellip;]<\/p>\n","protected":false},"author":13,"featured_media":8954,"comment_status":"closed","ping_status":"closed","sticky":false,"template":"","format":"standard","meta":{"_acf_changed":false,"ngg_post_thumbnail":0,"footnotes":""},"categories":[4],"tags":[],"class_list":["post-8953","post","type-post","status-publish","format-standard","has-post-thumbnail","hentry","category-tlacove-spravy"],"acf":[],"yoast_head":"<!-- This site is optimized with the Yoast SEO plugin v27.2 - https:\/\/yoast.com\/product\/yoast-seo-wordpress\/ -->\n<title>Fico a Orb\u00e1n klam\u00fa a pren\u00e1\u0161aj\u00fa vojnov\u00e9 rizik\u00e1 do na\u0161ej energetickej bezpe\u010dnosti. Od ruskej ropy sa vieme odstrihn\u00fa\u0165 cez Chorv\u00e1tsko<\/title>\n<meta name=\"robots\" content=\"index, follow, max-snippet:-1, max-image-preview:large, max-video-preview:-1\" \/>\n<link rel=\"canonical\" href=\"https:\/\/www.smedemokrati.sk\/hu\/fico-a-orban-klamu-a-prenasaju-vojnove-rizika-do-nasej-energetickej-bezpecnosti-od-ruskej-ropy-sa-vieme-odstrihnut-cez-chorvatsko\/\" \/>\n<meta property=\"og:locale\" content=\"hu_HU\" \/>\n<meta property=\"og:locale:alternate\" content=\"en_US\" \/>\n<meta property=\"og:locale:alternate\" content=\"cs_CZ\" \/>\n<meta property=\"og:locale:alternate\" content=\"sk_SK\" \/>\n<meta property=\"og:locale:alternate\" content=\"sv_SE\" \/>\n<meta property=\"og:type\" content=\"article\" \/>\n<meta property=\"og:title\" content=\"Fico a Orb\u00e1n klam\u00fa a pren\u00e1\u0161aj\u00fa vojnov\u00e9 rizik\u00e1 do na\u0161ej energetickej bezpe\u010dnosti. Od ruskej ropy sa vieme odstrihn\u00fa\u0165 cez Chorv\u00e1tsko\" \/>\n<meta property=\"og:description\" content=\"\u010clen predsedn\u00edctva strany Demokrati, b\u00fdval\u00fd minister hospod\u00e1rstva a b\u00fdval\u00fd predseda dozornej rady Transpetrolu Karel Hirman, ostro reagoval na vyjadrenia premi\u00e9ra Robert Fico a ma\u010farsk\u00e9ho premi\u00e9ra Viktor Orb\u00e1n k dod\u00e1vkam ropy cez Ukrajinu. Pod\u013ea neho verejnos\u0165 zav\u00e1dzaj\u00fa a zaml\u010diavaj\u00fa podstatn\u00e9 fakty a vystavuj\u00fa svoje krajiny a ob\u010danov riziku dod\u00e1vok rusk\u00fdch surov\u00edn cez vojnov\u00e9 \u00fazemie. Hirman upozornil, [&hellip;]\" \/>\n<meta property=\"og:url\" content=\"https:\/\/www.smedemokrati.sk\/hu\/fico-a-orban-klamu-a-prenasaju-vojnove-rizika-do-nasej-energetickej-bezpecnosti-od-ruskej-ropy-sa-vieme-odstrihnut-cez-chorvatsko\/\" \/>\n<meta property=\"og:site_name\" content=\"Smedemokrati.sk\" \/>\n<meta property=\"article:publisher\" content=\"https:\/\/www.facebook.com\/smedemokrati2023\" \/>\n<meta property=\"article:published_time\" content=\"2026-03-04T12:16:48+00:00\" \/>\n<meta property=\"article:modified_time\" content=\"2026-03-04T12:16:49+00:00\" \/>\n<meta property=\"og:image\" content=\"https:\/\/www.smedemokrati.sk\/wp-content\/uploads\/2026\/03\/fico_i_orban_klamu.jpg\" \/>\n\t<meta property=\"og:image:width\" content=\"1920\" \/>\n\t<meta property=\"og:image:height\" content=\"1080\" \/>\n\t<meta property=\"og:image:type\" content=\"image\/jpeg\" \/>\n<meta name=\"author\" content=\"miro.sopko\" \/>\n<meta name=\"twitter:card\" content=\"summary_large_image\" \/>\n<meta name=\"twitter:label1\" content=\"Szerz\u0151:\" \/>\n\t<meta name=\"twitter:data1\" content=\"miro.sopko\" \/>\n\t<meta name=\"twitter:label2\" content=\"Becs\u00fclt olvas\u00e1si id\u0151\" \/>\n\t<meta name=\"twitter:data2\" content=\"3 perc\" \/>\n<script type=\"application\/ld+json\" class=\"yoast-schema-graph\">{\"@context\":\"https:\/\/schema.org\",\"@graph\":[{\"@type\":\"Article\",\"@id\":\"https:\/\/www.smedemokrati.sk\/fico-a-orban-klamu-a-prenasaju-vojnove-rizika-do-nasej-energetickej-bezpecnosti-od-ruskej-ropy-sa-vieme-odstrihnut-cez-chorvatsko\/#article\",\"isPartOf\":{\"@id\":\"https:\/\/www.smedemokrati.sk\/fico-a-orban-klamu-a-prenasaju-vojnove-rizika-do-nasej-energetickej-bezpecnosti-od-ruskej-ropy-sa-vieme-odstrihnut-cez-chorvatsko\/\"},\"author\":{\"name\":\"miro.sopko\",\"@id\":\"https:\/\/www.smedemokrati.sk\/#\/schema\/person\/21f147c88d605aa7ded900e1e7c344ba\"},\"headline\":\"Fico a Orb\u00e1n klam\u00fa a pren\u00e1\u0161aj\u00fa vojnov\u00e9 rizik\u00e1 do na\u0161ej energetickej bezpe\u010dnosti. Od ruskej ropy sa vieme odstrihn\u00fa\u0165 cez Chorv\u00e1tsko\",\"datePublished\":\"2026-03-04T12:16:48+00:00\",\"dateModified\":\"2026-03-04T12:16:49+00:00\",\"mainEntityOfPage\":{\"@id\":\"https:\/\/www.smedemokrati.sk\/fico-a-orban-klamu-a-prenasaju-vojnove-rizika-do-nasej-energetickej-bezpecnosti-od-ruskej-ropy-sa-vieme-odstrihnut-cez-chorvatsko\/\"},\"wordCount\":586,\"publisher\":{\"@id\":\"https:\/\/www.smedemokrati.sk\/#organization\"},\"image\":{\"@id\":\"https:\/\/www.smedemokrati.sk\/fico-a-orban-klamu-a-prenasaju-vojnove-rizika-do-nasej-energetickej-bezpecnosti-od-ruskej-ropy-sa-vieme-odstrihnut-cez-chorvatsko\/#primaryimage\"},\"thumbnailUrl\":\"https:\/\/www.smedemokrati.sk\/wp-content\/uploads\/2026\/03\/fico_i_orban_klamu.jpg\",\"articleSection\":[\"Tla\u010dov\u00e9 spr\u00e1vy\"],\"inLanguage\":\"hu-HU\"},{\"@type\":\"WebPage\",\"@id\":\"https:\/\/www.smedemokrati.sk\/fico-a-orban-klamu-a-prenasaju-vojnove-rizika-do-nasej-energetickej-bezpecnosti-od-ruskej-ropy-sa-vieme-odstrihnut-cez-chorvatsko\/\",\"url\":\"https:\/\/www.smedemokrati.sk\/fico-a-orban-klamu-a-prenasaju-vojnove-rizika-do-nasej-energetickej-bezpecnosti-od-ruskej-ropy-sa-vieme-odstrihnut-cez-chorvatsko\/\",\"name\":\"Fico a Orb\u00e1n klam\u00fa a pren\u00e1\u0161aj\u00fa vojnov\u00e9 rizik\u00e1 do na\u0161ej energetickej bezpe\u010dnosti. Od ruskej ropy sa vieme odstrihn\u00fa\u0165 cez Chorv\u00e1tsko\",\"isPartOf\":{\"@id\":\"https:\/\/www.smedemokrati.sk\/#website\"},\"primaryImageOfPage\":{\"@id\":\"https:\/\/www.smedemokrati.sk\/fico-a-orban-klamu-a-prenasaju-vojnove-rizika-do-nasej-energetickej-bezpecnosti-od-ruskej-ropy-sa-vieme-odstrihnut-cez-chorvatsko\/#primaryimage\"},\"image\":{\"@id\":\"https:\/\/www.smedemokrati.sk\/fico-a-orban-klamu-a-prenasaju-vojnove-rizika-do-nasej-energetickej-bezpecnosti-od-ruskej-ropy-sa-vieme-odstrihnut-cez-chorvatsko\/#primaryimage\"},\"thumbnailUrl\":\"https:\/\/www.smedemokrati.sk\/wp-content\/uploads\/2026\/03\/fico_i_orban_klamu.jpg\",\"datePublished\":\"2026-03-04T12:16:48+00:00\",\"dateModified\":\"2026-03-04T12:16:49+00:00\",\"breadcrumb\":{\"@id\":\"https:\/\/www.smedemokrati.sk\/fico-a-orban-klamu-a-prenasaju-vojnove-rizika-do-nasej-energetickej-bezpecnosti-od-ruskej-ropy-sa-vieme-odstrihnut-cez-chorvatsko\/#breadcrumb\"},\"inLanguage\":\"hu-HU\",\"potentialAction\":[{\"@type\":\"ReadAction\",\"target\":[\"https:\/\/www.smedemokrati.sk\/fico-a-orban-klamu-a-prenasaju-vojnove-rizika-do-nasej-energetickej-bezpecnosti-od-ruskej-ropy-sa-vieme-odstrihnut-cez-chorvatsko\/\"]}]},{\"@type\":\"ImageObject\",\"inLanguage\":\"hu-HU\",\"@id\":\"https:\/\/www.smedemokrati.sk\/fico-a-orban-klamu-a-prenasaju-vojnove-rizika-do-nasej-energetickej-bezpecnosti-od-ruskej-ropy-sa-vieme-odstrihnut-cez-chorvatsko\/#primaryimage\",\"url\":\"https:\/\/www.smedemokrati.sk\/wp-content\/uploads\/2026\/03\/fico_i_orban_klamu.jpg\",\"contentUrl\":\"https:\/\/www.smedemokrati.sk\/wp-content\/uploads\/2026\/03\/fico_i_orban_klamu.jpg\",\"width\":1920,\"height\":1080},{\"@type\":\"BreadcrumbList\",\"@id\":\"https:\/\/www.smedemokrati.sk\/fico-a-orban-klamu-a-prenasaju-vojnove-rizika-do-nasej-energetickej-bezpecnosti-od-ruskej-ropy-sa-vieme-odstrihnut-cez-chorvatsko\/#breadcrumb\",\"itemListElement\":[{\"@type\":\"ListItem\",\"position\":1,\"name\":\"Domovsk\u00e1 str\u00e1nka\",\"item\":\"https:\/\/www.smedemokrati.sk\/\"},{\"@type\":\"ListItem\",\"position\":2,\"name\":\"Fico a Orb\u00e1n klam\u00fa a pren\u00e1\u0161aj\u00fa vojnov\u00e9 rizik\u00e1 do na\u0161ej energetickej bezpe\u010dnosti. Od ruskej ropy sa vieme odstrihn\u00fa\u0165 cez Chorv\u00e1tsko\"}]},{\"@type\":\"WebSite\",\"@id\":\"https:\/\/www.smedemokrati.sk\/#website\",\"url\":\"https:\/\/www.smedemokrati.sk\/\",\"name\":\"Smedemokrati.sk\",\"description\":\"Demokracia a slu\u0161nos\u0165 zv\u00ed\u0165az\u00ed\",\"publisher\":{\"@id\":\"https:\/\/www.smedemokrati.sk\/#organization\"},\"potentialAction\":[{\"@type\":\"SearchAction\",\"target\":{\"@type\":\"EntryPoint\",\"urlTemplate\":\"https:\/\/www.smedemokrati.sk\/?s={search_term_string}\"},\"query-input\":{\"@type\":\"PropertyValueSpecification\",\"valueRequired\":true,\"valueName\":\"search_term_string\"}}],\"inLanguage\":\"hu-HU\"},{\"@type\":\"Organization\",\"@id\":\"https:\/\/www.smedemokrati.sk\/#organization\",\"name\":\"Smedemokrati.sk\",\"url\":\"https:\/\/www.smedemokrati.sk\/\",\"logo\":{\"@type\":\"ImageObject\",\"inLanguage\":\"hu-HU\",\"@id\":\"https:\/\/www.smedemokrati.sk\/#\/schema\/logo\/image\/\",\"url\":\"https:\/\/www.smedemokrati.sk\/wp-content\/uploads\/2023\/04\/ff.002.jpeg\",\"contentUrl\":\"https:\/\/www.smedemokrati.sk\/wp-content\/uploads\/2023\/04\/ff.002.jpeg\",\"width\":640,\"height\":480,\"caption\":\"Smedemokrati.sk\"},\"image\":{\"@id\":\"https:\/\/www.smedemokrati.sk\/#\/schema\/logo\/image\/\"},\"sameAs\":[\"https:\/\/www.facebook.com\/smedemokrati2023\"]},{\"@type\":\"Person\",\"@id\":\"https:\/\/www.smedemokrati.sk\/#\/schema\/person\/21f147c88d605aa7ded900e1e7c344ba\",\"name\":\"miro.sopko\",\"image\":{\"@type\":\"ImageObject\",\"inLanguage\":\"hu-HU\",\"@id\":\"https:\/\/secure.gravatar.com\/avatar\/267e4a36f704376c109afe3a78740c1f5dd8675a2180a908699e7863c9247606?s=96&d=mm&r=g\",\"url\":\"https:\/\/secure.gravatar.com\/avatar\/267e4a36f704376c109afe3a78740c1f5dd8675a2180a908699e7863c9247606?s=96&d=mm&r=g\",\"contentUrl\":\"https:\/\/secure.gravatar.com\/avatar\/267e4a36f704376c109afe3a78740c1f5dd8675a2180a908699e7863c9247606?s=96&d=mm&r=g\",\"caption\":\"miro.sopko\"},\"url\":\"https:\/\/www.smedemokrati.sk\/hu\/author\/miro-sopko\/\"}]}<\/script>\n<!-- \/ Yoast SEO plugin. -->","yoast_head_json":{"title":"Fico a Orb\u00e1n klam\u00fa a pren\u00e1\u0161aj\u00fa vojnov\u00e9 rizik\u00e1 do na\u0161ej energetickej bezpe\u010dnosti. Od ruskej ropy sa vieme odstrihn\u00fa\u0165 cez Chorv\u00e1tsko","robots":{"index":"index","follow":"follow","max-snippet":"max-snippet:-1","max-image-preview":"max-image-preview:large","max-video-preview":"max-video-preview:-1"},"canonical":"https:\/\/www.smedemokrati.sk\/hu\/fico-a-orban-klamu-a-prenasaju-vojnove-rizika-do-nasej-energetickej-bezpecnosti-od-ruskej-ropy-sa-vieme-odstrihnut-cez-chorvatsko\/","og_locale":"hu_HU","og_type":"article","og_title":"[:sk]Fico a Orb\u00e1n klam\u00fa a pren\u00e1\u0161aj\u00fa vojnov\u00e9 rizik\u00e1 do na\u0161ej energetickej bezpe\u010dnosti. Od ruskej ropy sa vieme odstrihn\u00fa\u0165 cez Chorv\u00e1tsko[:] - Smedemokrati.sk","og_description":"\u010clen predsedn\u00edctva strany Demokrati, b\u00fdval\u00fd minister hospod\u00e1rstva a b\u00fdval\u00fd predseda dozornej rady Transpetrolu Karel Hirman, ostro reagoval na vyjadrenia premi\u00e9ra Robert Fico a ma\u010farsk\u00e9ho premi\u00e9ra Viktor Orb\u00e1n k dod\u00e1vkam ropy cez Ukrajinu. Pod\u013ea neho verejnos\u0165 zav\u00e1dzaj\u00fa a zaml\u010diavaj\u00fa podstatn\u00e9 fakty a vystavuj\u00fa svoje krajiny a ob\u010danov riziku dod\u00e1vok rusk\u00fdch surov\u00edn cez vojnov\u00e9 \u00fazemie. Hirman upozornil, [&hellip;]","og_url":"https:\/\/www.smedemokrati.sk\/hu\/fico-a-orban-klamu-a-prenasaju-vojnove-rizika-do-nasej-energetickej-bezpecnosti-od-ruskej-ropy-sa-vieme-odstrihnut-cez-chorvatsko\/","og_site_name":"Smedemokrati.sk","article_publisher":"https:\/\/www.facebook.com\/smedemokrati2023","article_published_time":"2026-03-04T12:16:48+00:00","article_modified_time":"2026-03-04T12:16:49+00:00","og_image":[{"width":1920,"height":1080,"url":"https:\/\/www.smedemokrati.sk\/wp-content\/uploads\/2026\/03\/fico_i_orban_klamu.jpg","type":"image\/jpeg"}],"author":"miro.sopko","twitter_card":"summary_large_image","twitter_misc":{"Szerz\u0151:":"miro.sopko","Becs\u00fclt olvas\u00e1si id\u0151":"3 perc"},"schema":{"@context":"https:\/\/schema.org","@graph":[{"@type":"Article","@id":"https:\/\/www.smedemokrati.sk\/fico-a-orban-klamu-a-prenasaju-vojnove-rizika-do-nasej-energetickej-bezpecnosti-od-ruskej-ropy-sa-vieme-odstrihnut-cez-chorvatsko\/#article","isPartOf":{"@id":"https:\/\/www.smedemokrati.sk\/fico-a-orban-klamu-a-prenasaju-vojnove-rizika-do-nasej-energetickej-bezpecnosti-od-ruskej-ropy-sa-vieme-odstrihnut-cez-chorvatsko\/"},"author":{"name":"miro.sopko","@id":"https:\/\/www.smedemokrati.sk\/#\/schema\/person\/21f147c88d605aa7ded900e1e7c344ba"},"headline":"Fico a Orb\u00e1n klam\u00fa a pren\u00e1\u0161aj\u00fa vojnov\u00e9 rizik\u00e1 do na\u0161ej energetickej bezpe\u010dnosti. Od ruskej ropy sa vieme odstrihn\u00fa\u0165 cez Chorv\u00e1tsko","datePublished":"2026-03-04T12:16:48+00:00","dateModified":"2026-03-04T12:16:49+00:00","mainEntityOfPage":{"@id":"https:\/\/www.smedemokrati.sk\/fico-a-orban-klamu-a-prenasaju-vojnove-rizika-do-nasej-energetickej-bezpecnosti-od-ruskej-ropy-sa-vieme-odstrihnut-cez-chorvatsko\/"},"wordCount":586,"publisher":{"@id":"https:\/\/www.smedemokrati.sk\/#organization"},"image":{"@id":"https:\/\/www.smedemokrati.sk\/fico-a-orban-klamu-a-prenasaju-vojnove-rizika-do-nasej-energetickej-bezpecnosti-od-ruskej-ropy-sa-vieme-odstrihnut-cez-chorvatsko\/#primaryimage"},"thumbnailUrl":"https:\/\/www.smedemokrati.sk\/wp-content\/uploads\/2026\/03\/fico_i_orban_klamu.jpg","articleSection":["Tla\u010dov\u00e9 spr\u00e1vy"],"inLanguage":"hu-HU"},{"@type":"WebPage","@id":"https:\/\/www.smedemokrati.sk\/fico-a-orban-klamu-a-prenasaju-vojnove-rizika-do-nasej-energetickej-bezpecnosti-od-ruskej-ropy-sa-vieme-odstrihnut-cez-chorvatsko\/","url":"https:\/\/www.smedemokrati.sk\/fico-a-orban-klamu-a-prenasaju-vojnove-rizika-do-nasej-energetickej-bezpecnosti-od-ruskej-ropy-sa-vieme-odstrihnut-cez-chorvatsko\/","name":"Fico a Orb\u00e1n klam\u00fa a pren\u00e1\u0161aj\u00fa vojnov\u00e9 rizik\u00e1 do na\u0161ej energetickej bezpe\u010dnosti. Od ruskej ropy sa vieme odstrihn\u00fa\u0165 cez Chorv\u00e1tsko","isPartOf":{"@id":"https:\/\/www.smedemokrati.sk\/#website"},"primaryImageOfPage":{"@id":"https:\/\/www.smedemokrati.sk\/fico-a-orban-klamu-a-prenasaju-vojnove-rizika-do-nasej-energetickej-bezpecnosti-od-ruskej-ropy-sa-vieme-odstrihnut-cez-chorvatsko\/#primaryimage"},"image":{"@id":"https:\/\/www.smedemokrati.sk\/fico-a-orban-klamu-a-prenasaju-vojnove-rizika-do-nasej-energetickej-bezpecnosti-od-ruskej-ropy-sa-vieme-odstrihnut-cez-chorvatsko\/#primaryimage"},"thumbnailUrl":"https:\/\/www.smedemokrati.sk\/wp-content\/uploads\/2026\/03\/fico_i_orban_klamu.jpg","datePublished":"2026-03-04T12:16:48+00:00","dateModified":"2026-03-04T12:16:49+00:00","breadcrumb":{"@id":"https:\/\/www.smedemokrati.sk\/fico-a-orban-klamu-a-prenasaju-vojnove-rizika-do-nasej-energetickej-bezpecnosti-od-ruskej-ropy-sa-vieme-odstrihnut-cez-chorvatsko\/#breadcrumb"},"inLanguage":"hu-HU","potentialAction":[{"@type":"ReadAction","target":["https:\/\/www.smedemokrati.sk\/fico-a-orban-klamu-a-prenasaju-vojnove-rizika-do-nasej-energetickej-bezpecnosti-od-ruskej-ropy-sa-vieme-odstrihnut-cez-chorvatsko\/"]}]},{"@type":"ImageObject","inLanguage":"hu-HU","@id":"https:\/\/www.smedemokrati.sk\/fico-a-orban-klamu-a-prenasaju-vojnove-rizika-do-nasej-energetickej-bezpecnosti-od-ruskej-ropy-sa-vieme-odstrihnut-cez-chorvatsko\/#primaryimage","url":"https:\/\/www.smedemokrati.sk\/wp-content\/uploads\/2026\/03\/fico_i_orban_klamu.jpg","contentUrl":"https:\/\/www.smedemokrati.sk\/wp-content\/uploads\/2026\/03\/fico_i_orban_klamu.jpg","width":1920,"height":1080},{"@type":"BreadcrumbList","@id":"https:\/\/www.smedemokrati.sk\/fico-a-orban-klamu-a-prenasaju-vojnove-rizika-do-nasej-energetickej-bezpecnosti-od-ruskej-ropy-sa-vieme-odstrihnut-cez-chorvatsko\/#breadcrumb","itemListElement":[{"@type":"ListItem","position":1,"name":"Domovsk\u00e1 str\u00e1nka","item":"https:\/\/www.smedemokrati.sk\/"},{"@type":"ListItem","position":2,"name":"Fico a Orb\u00e1n klam\u00fa a pren\u00e1\u0161aj\u00fa vojnov\u00e9 rizik\u00e1 do na\u0161ej energetickej bezpe\u010dnosti. Od ruskej ropy sa vieme odstrihn\u00fa\u0165 cez Chorv\u00e1tsko"}]},{"@type":"WebSite","@id":"https:\/\/www.smedemokrati.sk\/#website","url":"https:\/\/www.smedemokrati.sk\/","name":"Smedemokrati.sk","description":"Demokracia a slu\u0161nos\u0165 zv\u00ed\u0165az\u00ed","publisher":{"@id":"https:\/\/www.smedemokrati.sk\/#organization"},"potentialAction":[{"@type":"SearchAction","target":{"@type":"EntryPoint","urlTemplate":"https:\/\/www.smedemokrati.sk\/?s={search_term_string}"},"query-input":{"@type":"PropertyValueSpecification","valueRequired":true,"valueName":"search_term_string"}}],"inLanguage":"hu-HU"},{"@type":"Organization","@id":"https:\/\/www.smedemokrati.sk\/#organization","name":"Smedemokrati.sk","url":"https:\/\/www.smedemokrati.sk\/","logo":{"@type":"ImageObject","inLanguage":"hu-HU","@id":"https:\/\/www.smedemokrati.sk\/#\/schema\/logo\/image\/","url":"https:\/\/www.smedemokrati.sk\/wp-content\/uploads\/2023\/04\/ff.002.jpeg","contentUrl":"https:\/\/www.smedemokrati.sk\/wp-content\/uploads\/2023\/04\/ff.002.jpeg","width":640,"height":480,"caption":"Smedemokrati.sk"},"image":{"@id":"https:\/\/www.smedemokrati.sk\/#\/schema\/logo\/image\/"},"sameAs":["https:\/\/www.facebook.com\/smedemokrati2023"]},{"@type":"Person","@id":"https:\/\/www.smedemokrati.sk\/#\/schema\/person\/21f147c88d605aa7ded900e1e7c344ba","name":"miro.sopko","image":{"@type":"ImageObject","inLanguage":"hu-HU","@id":"https:\/\/secure.gravatar.com\/avatar\/267e4a36f704376c109afe3a78740c1f5dd8675a2180a908699e7863c9247606?s=96&d=mm&r=g","url":"https:\/\/secure.gravatar.com\/avatar\/267e4a36f704376c109afe3a78740c1f5dd8675a2180a908699e7863c9247606?s=96&d=mm&r=g","contentUrl":"https:\/\/secure.gravatar.com\/avatar\/267e4a36f704376c109afe3a78740c1f5dd8675a2180a908699e7863c9247606?s=96&d=mm&r=g","caption":"miro.sopko"},"url":"https:\/\/www.smedemokrati.sk\/hu\/author\/miro-sopko\/"}]}},"_links":{"self":[{"href":"https:\/\/www.smedemokrati.sk\/hu\/wp-json\/wp\/v2\/posts\/8953","targetHints":{"allow":["GET"]}}],"collection":[{"href":"https:\/\/www.smedemokrati.sk\/hu\/wp-json\/wp\/v2\/posts"}],"about":[{"href":"https:\/\/www.smedemokrati.sk\/hu\/wp-json\/wp\/v2\/types\/post"}],"author":[{"embeddable":true,"href":"https:\/\/www.smedemokrati.sk\/hu\/wp-json\/wp\/v2\/users\/13"}],"replies":[{"embeddable":true,"href":"https:\/\/www.smedemokrati.sk\/hu\/wp-json\/wp\/v2\/comments?post=8953"}],"version-history":[{"count":1,"href":"https:\/\/www.smedemokrati.sk\/hu\/wp-json\/wp\/v2\/posts\/8953\/revisions"}],"predecessor-version":[{"id":8955,"href":"https:\/\/www.smedemokrati.sk\/hu\/wp-json\/wp\/v2\/posts\/8953\/revisions\/8955"}],"wp:featuredmedia":[{"embeddable":true,"href":"https:\/\/www.smedemokrati.sk\/hu\/wp-json\/wp\/v2\/media\/8954"}],"wp:attachment":[{"href":"https:\/\/www.smedemokrati.sk\/hu\/wp-json\/wp\/v2\/media?parent=8953"}],"wp:term":[{"taxonomy":"category","embeddable":true,"href":"https:\/\/www.smedemokrati.sk\/hu\/wp-json\/wp\/v2\/categories?post=8953"},{"taxonomy":"post_tag","embeddable":true,"href":"https:\/\/www.smedemokrati.sk\/hu\/wp-json\/wp\/v2\/tags?post=8953"}],"curies":[{"name":"wp","href":"https:\/\/api.w.org\/{rel}","templated":true}]}}