{"id":8946,"date":"2026-03-03T21:08:43","date_gmt":"2026-03-03T20:08:43","guid":{"rendered":"https:\/\/www.smedemokrati.sk\/?p=8946"},"modified":"2026-03-03T21:08:44","modified_gmt":"2026-03-03T20:08:44","slug":"slovensko-moze-pre-zle-zonacie-prist-o-906-mil-eur-z-planu-obnovy","status":"publish","type":"post","link":"https:\/\/www.smedemokrati.sk\/hu\/slovensko-moze-pre-zle-zonacie-prist-o-906-mil-eur-z-planu-obnovy\/","title":{"rendered":"Slovensko m\u00f4\u017ee pre zl\u00e9 zon\u00e1cie pr\u00eds\u0165 o 906 mil. eur z pl\u00e1nu obnovy"},"content":{"rendered":"<div id=\"fb-root\"><\/div>\n\n<p><strong>Pod\u013ea inform\u00e1ci\u00ed Demokratov je v pr\u00edpade zon\u00e1ci\u00ed n\u00e1rodn\u00fdch parkov v hre ohrozenie a\u017e 906 mil. eur. Vyplatenie 453 mil. eur je naviazan\u00fdch na splnenie m\u00ed\u013enika schv\u00e1lenia zon\u00e1ci\u00ed, ku ktor\u00fdm sa zaviazala s\u00fa\u010dasn\u00e1 vl\u00e1da. Pokuta \u010fal\u0161\u00edch 453 mil. hroz\u00ed v pr\u00edpade, ak schv\u00e1len\u00e9 zon\u00e1cie oslabia reformu n\u00e1rodn\u00fdch parkov nato\u013eko, \u017ee p\u00f4jde o jej zvrat. Vyz\u00fdvame vl\u00e1du, osobitne premi\u00e9ra Fica a ministra Druckera, aby tla\u010dili na ministra Tarabu a schv\u00e1lili vedeck\u00e9 zon\u00e1cie v s\u00falade s po\u017eiadavkami pl\u00e1nu obnovy, ku ktor\u00fdm sa zaviazala samotn\u00e1 Ficova vl\u00e1da.&nbsp;<\/strong><\/p>\n\n\n\n<p>Schv\u00e1lenie zon\u00e1ci\u00ed Tatransk\u00e9ho n\u00e1rodn\u00e9ho parku, N\u00edzkych Tatier, Polon\u00edn a Malej Fatry v prvom kvart\u00e1li 2026 je m\u00ed\u013enikom \u00f4smej \u017eiadosti o platbu z pl\u00e1nu obnovy. \u201c<em>K tejto povinnosti sa zaviazala s\u00fa\u010dasn\u00e1 vl\u00e1da pri rev\u00edzii v lete minul\u00e9ho roku. Zon\u00e1cie maj\u00fa pr\u00edsne chr\u00e1ni\u0165 pralesy, star\u00e9 lesy a biotopy ohrozen\u00e9ho hluch\u00e1\u0148a. Nielen Demokrati, ale aj Slovensk\u00e1 akad\u00e9mia vied, Pr\u00edrodovedeck\u00e1 fakulta UK \u010di mimovl\u00e1dni ochran\u00e1ri dlhodobo upozor\u0148uj\u00fa, \u017ee Tarabove zon\u00e1cie tieto po\u017eiadavky nesp\u013a\u0148aj\u00fa. Pod\u013ea na\u0161ich inform\u00e1ci\u00ed hroz\u00ed za nesplnenie tohto reformn\u00e9ho m\u00ed\u013enika kr\u00e1tenie platieb z pl\u00e1nu obnovy a\u017e v rozsahu 453 mil. eur, a to v z\u00e1vislosti od po\u010dtu n\u00e1rodn\u00fdch parkov alebo z\u00e1va\u017enosti nedostato\u010dnej ochrany pr\u00edrody v nich,<\/em>\u201d vysvet\u013euje podpredseda Demokratov Michal Ki\u010da.&nbsp;<\/p>\n\n\n\n<p>Aby toho nebolo m\u00e1lo, v pr\u00edpade, ak zon\u00e1cie n\u00e1rodn\u00fdch parkov oslabia ich ochranu nato\u013eko, \u017ee by \u0161lo o zvrat v reforme n\u00e1rodn\u00fdch parkov, Slovensko nielen\u017ee nez\u00edska prostriedky, ale bude musie\u0165 v podobe pokuty vraca\u0165 \u010fal\u0161\u00edch 453 mil. eur. A nejedn\u00e1 sa o fikt\u00edvny scen\u00e1r, preto\u017ee s\u00fa\u010dasn\u00e9 n\u00e1vrhy zon\u00e1ci\u00ed namiesto ochrany n\u00e1\u0161ho najcennej\u0161ieho pr\u00edrodn\u00e9ho dedi\u010dstva predstavuj\u00fa neakceptovate\u013en\u00e9 \u00fastupky \u0165a\u017eiarskej lobby a developersk\u00fdm z\u00e1ujmom. Pova\u017eujeme za absurdn\u00e9, \u017ee namiesto zachovania aspo\u0148 s\u00fa\u010dasn\u00e9ho \u0161tandardu ochrany pr\u00edrody Tarabove a Kuffove n\u00e1vrhy zon\u00e1ci\u00ed predstavuj\u00fa pre n\u00e1rodn\u00e9 parky doteraz najv\u00e4\u010d\u0161ie riziko.&nbsp;<\/p>\n\n\n\n<p>Suma 906 mil. eur z pl\u00e1nu obnovy je tak pomyselnou cenovkou za rezign\u00e1ciu na ochranu \u017eivotn\u00e9ho prostredia a vych\u00e1dzaniu v \u00fastrety kadekomu. O t\u00fato sumu m\u00f4\u017eu pr\u00eds\u0165 pr\u00e1ve obyvatelia v regi\u00f3noch, ke\u010f\u017ee z pl\u00e1nu obnovy sa financuje ich rozvoj &#8211; v\u00fdstavba a renov\u00e1cia nemocn\u00edc, \u0161k\u00f4l a zlep\u0161ovanie slu\u017eieb \u0161t\u00e1tu. Naviac, na t\u00fato sumu by sa museli sklada\u0165 ob\u010dania, u\u017e teraz extr\u00e9mne za\u0165a\u017een\u00ed konsolid\u00e1ciou. Tarabovi s Kuffom je to o\u010dividne jedno, nateraz s\u00fa vo\u010di pripomienkam hluch\u00ed. \u201c<em>Vyz\u00fdvame premi\u00e9ra Fica a ministra Druckera, aby prestali kona\u0165 alibisticky a tv\u00e1ri\u0165 sa, \u017ee so zon\u00e1ciami ni\u010d nemaj\u00fa. Ich povinnos\u0165ou je zabezpe\u010di\u0165, aby ich vl\u00e1da splnila svoje vlastn\u00e9 z\u00e1v\u00e4zky z pl\u00e1nu obnovy a ochr\u00e1ni\u0165 tak st\u00e1mili\u00f3ny pre Slovensko. \u010coskoro sa uk\u00e1\u017ee, \u010di s\u00fa im prednej\u0161ie z\u00e1ujmy ich \u013eud\u00ed alebo Slovenska. Pokia\u013e vl\u00e1da zlyh\u00e1, budeme d\u00f4sledne sk\u00fama\u0165 zodpovednos\u0165 za ohrozenie finan\u010dn\u00fdch z\u00e1ujmov Slovenskej republiky,<\/em>\u201d upozornil Michal Ki\u010da.&nbsp;<\/p>\n\n\n\n<figure class=\"wp-block-embed is-type-video is-provider-youtube wp-block-embed-youtube wp-embed-aspect-16-9 wp-has-aspect-ratio\"><div class=\"wp-block-embed__wrapper\">\n<iframe title=\"Live: 1. Vyjadrenie k zadr\u017eaniu \u010curillovcov + 2, Pozn\u00e1me cenovku za ni\u010denie n\u00e1rodn\u00fdch parkov\" width=\"500\" height=\"281\" src=\"https:\/\/www.youtube.com\/embed\/vRgeuiJKSjA?start=1039&#038;feature=oembed\" frameborder=\"0\" allow=\"accelerometer; autoplay; clipboard-write; encrypted-media; gyroscope; picture-in-picture; web-share\" referrerpolicy=\"strict-origin-when-cross-origin\" allowfullscreen><\/iframe>\n<\/div><\/figure>\n","protected":false},"excerpt":{"rendered":"<p>Pod\u013ea inform\u00e1ci\u00ed Demokratov je v pr\u00edpade zon\u00e1ci\u00ed n\u00e1rodn\u00fdch parkov v hre ohrozenie a\u017e 906 mil. eur. Vyplatenie 453 mil. eur je naviazan\u00fdch na splnenie m\u00ed\u013enika schv\u00e1lenia zon\u00e1ci\u00ed, ku ktor\u00fdm sa zaviazala s\u00fa\u010dasn\u00e1 vl\u00e1da. Pokuta \u010fal\u0161\u00edch 453 mil. hroz\u00ed v pr\u00edpade, ak schv\u00e1len\u00e9 zon\u00e1cie oslabia reformu n\u00e1rodn\u00fdch parkov nato\u013eko, \u017ee p\u00f4jde o jej zvrat. Vyz\u00fdvame vl\u00e1du, [&hellip;]<\/p>\n","protected":false},"author":13,"featured_media":8948,"comment_status":"closed","ping_status":"closed","sticky":false,"template":"","format":"standard","meta":{"_acf_changed":false,"ngg_post_thumbnail":0,"footnotes":""},"categories":[4],"tags":[],"class_list":["post-8946","post","type-post","status-publish","format-standard","has-post-thumbnail","hentry","category-tlacove-spravy"],"acf":[],"yoast_head":"<!-- This site is optimized with the Yoast SEO plugin v27.2 - https:\/\/yoast.com\/product\/yoast-seo-wordpress\/ -->\n<title>Slovensko m\u00f4\u017ee pre zl\u00e9 zon\u00e1cie pr\u00eds\u0165 o 906 mil. eur z pl\u00e1nu obnovy<\/title>\n<meta name=\"robots\" content=\"index, follow, max-snippet:-1, max-image-preview:large, max-video-preview:-1\" \/>\n<link rel=\"canonical\" href=\"https:\/\/www.smedemokrati.sk\/hu\/slovensko-moze-pre-zle-zonacie-prist-o-906-mil-eur-z-planu-obnovy\/\" \/>\n<meta property=\"og:locale\" content=\"hu_HU\" \/>\n<meta property=\"og:locale:alternate\" content=\"en_US\" \/>\n<meta property=\"og:locale:alternate\" content=\"cs_CZ\" \/>\n<meta property=\"og:locale:alternate\" content=\"sk_SK\" \/>\n<meta property=\"og:locale:alternate\" content=\"sv_SE\" \/>\n<meta property=\"og:type\" content=\"article\" \/>\n<meta property=\"og:title\" content=\"Slovensko m\u00f4\u017ee pre zl\u00e9 zon\u00e1cie pr\u00eds\u0165 o 906 mil. eur z pl\u00e1nu obnovy\" \/>\n<meta property=\"og:description\" content=\"Pod\u013ea inform\u00e1ci\u00ed Demokratov je v pr\u00edpade zon\u00e1ci\u00ed n\u00e1rodn\u00fdch parkov v hre ohrozenie a\u017e 906 mil. eur. Vyplatenie 453 mil. eur je naviazan\u00fdch na splnenie m\u00ed\u013enika schv\u00e1lenia zon\u00e1ci\u00ed, ku ktor\u00fdm sa zaviazala s\u00fa\u010dasn\u00e1 vl\u00e1da. Pokuta \u010fal\u0161\u00edch 453 mil. hroz\u00ed v pr\u00edpade, ak schv\u00e1len\u00e9 zon\u00e1cie oslabia reformu n\u00e1rodn\u00fdch parkov nato\u013eko, \u017ee p\u00f4jde o jej zvrat. Vyz\u00fdvame vl\u00e1du, [&hellip;]\" \/>\n<meta property=\"og:url\" content=\"https:\/\/www.smedemokrati.sk\/hu\/slovensko-moze-pre-zle-zonacie-prist-o-906-mil-eur-z-planu-obnovy\/\" \/>\n<meta property=\"og:site_name\" content=\"Smedemokrati.sk\" \/>\n<meta property=\"article:publisher\" content=\"https:\/\/www.facebook.com\/smedemokrati2023\" \/>\n<meta property=\"article:published_time\" content=\"2026-03-03T20:08:43+00:00\" \/>\n<meta property=\"article:modified_time\" content=\"2026-03-03T20:08:44+00:00\" \/>\n<meta property=\"og:image\" content=\"https:\/\/www.smedemokrati.sk\/wp-content\/uploads\/2026\/03\/645931613_1497035045122652_5091254214101262268_n.jpg\" \/>\n\t<meta property=\"og:image:width\" content=\"1280\" \/>\n\t<meta property=\"og:image:height\" content=\"1600\" \/>\n\t<meta property=\"og:image:type\" content=\"image\/jpeg\" \/>\n<meta name=\"author\" content=\"miro.sopko\" \/>\n<meta name=\"twitter:card\" content=\"summary_large_image\" \/>\n<meta name=\"twitter:label1\" content=\"Szerz\u0151:\" \/>\n\t<meta name=\"twitter:data1\" content=\"miro.sopko\" \/>\n\t<meta name=\"twitter:label2\" content=\"Becs\u00fclt olvas\u00e1si id\u0151\" \/>\n\t<meta name=\"twitter:data2\" content=\"3 perc\" \/>\n<script type=\"application\/ld+json\" class=\"yoast-schema-graph\">{\"@context\":\"https:\/\/schema.org\",\"@graph\":[{\"@type\":\"Article\",\"@id\":\"https:\/\/www.smedemokrati.sk\/slovensko-moze-pre-zle-zonacie-prist-o-906-mil-eur-z-planu-obnovy\/#article\",\"isPartOf\":{\"@id\":\"https:\/\/www.smedemokrati.sk\/slovensko-moze-pre-zle-zonacie-prist-o-906-mil-eur-z-planu-obnovy\/\"},\"author\":{\"name\":\"miro.sopko\",\"@id\":\"https:\/\/www.smedemokrati.sk\/#\/schema\/person\/21f147c88d605aa7ded900e1e7c344ba\"},\"headline\":\"Slovensko m\u00f4\u017ee pre zl\u00e9 zon\u00e1cie pr\u00eds\u0165 o 906 mil. eur z pl\u00e1nu obnovy\",\"datePublished\":\"2026-03-03T20:08:43+00:00\",\"dateModified\":\"2026-03-03T20:08:44+00:00\",\"mainEntityOfPage\":{\"@id\":\"https:\/\/www.smedemokrati.sk\/slovensko-moze-pre-zle-zonacie-prist-o-906-mil-eur-z-planu-obnovy\/\"},\"wordCount\":601,\"publisher\":{\"@id\":\"https:\/\/www.smedemokrati.sk\/#organization\"},\"image\":{\"@id\":\"https:\/\/www.smedemokrati.sk\/slovensko-moze-pre-zle-zonacie-prist-o-906-mil-eur-z-planu-obnovy\/#primaryimage\"},\"thumbnailUrl\":\"https:\/\/www.smedemokrati.sk\/wp-content\/uploads\/2026\/03\/645931613_1497035045122652_5091254214101262268_n.jpg\",\"articleSection\":[\"Tla\u010dov\u00e9 spr\u00e1vy\"],\"inLanguage\":\"hu-HU\"},{\"@type\":\"WebPage\",\"@id\":\"https:\/\/www.smedemokrati.sk\/slovensko-moze-pre-zle-zonacie-prist-o-906-mil-eur-z-planu-obnovy\/\",\"url\":\"https:\/\/www.smedemokrati.sk\/slovensko-moze-pre-zle-zonacie-prist-o-906-mil-eur-z-planu-obnovy\/\",\"name\":\"Slovensko m\u00f4\u017ee pre zl\u00e9 zon\u00e1cie pr\u00eds\u0165 o 906 mil. eur z pl\u00e1nu obnovy\",\"isPartOf\":{\"@id\":\"https:\/\/www.smedemokrati.sk\/#website\"},\"primaryImageOfPage\":{\"@id\":\"https:\/\/www.smedemokrati.sk\/slovensko-moze-pre-zle-zonacie-prist-o-906-mil-eur-z-planu-obnovy\/#primaryimage\"},\"image\":{\"@id\":\"https:\/\/www.smedemokrati.sk\/slovensko-moze-pre-zle-zonacie-prist-o-906-mil-eur-z-planu-obnovy\/#primaryimage\"},\"thumbnailUrl\":\"https:\/\/www.smedemokrati.sk\/wp-content\/uploads\/2026\/03\/645931613_1497035045122652_5091254214101262268_n.jpg\",\"datePublished\":\"2026-03-03T20:08:43+00:00\",\"dateModified\":\"2026-03-03T20:08:44+00:00\",\"breadcrumb\":{\"@id\":\"https:\/\/www.smedemokrati.sk\/slovensko-moze-pre-zle-zonacie-prist-o-906-mil-eur-z-planu-obnovy\/#breadcrumb\"},\"inLanguage\":\"hu-HU\",\"potentialAction\":[{\"@type\":\"ReadAction\",\"target\":[\"https:\/\/www.smedemokrati.sk\/slovensko-moze-pre-zle-zonacie-prist-o-906-mil-eur-z-planu-obnovy\/\"]}]},{\"@type\":\"ImageObject\",\"inLanguage\":\"hu-HU\",\"@id\":\"https:\/\/www.smedemokrati.sk\/slovensko-moze-pre-zle-zonacie-prist-o-906-mil-eur-z-planu-obnovy\/#primaryimage\",\"url\":\"https:\/\/www.smedemokrati.sk\/wp-content\/uploads\/2026\/03\/645931613_1497035045122652_5091254214101262268_n.jpg\",\"contentUrl\":\"https:\/\/www.smedemokrati.sk\/wp-content\/uploads\/2026\/03\/645931613_1497035045122652_5091254214101262268_n.jpg\",\"width\":1280,\"height\":1600},{\"@type\":\"BreadcrumbList\",\"@id\":\"https:\/\/www.smedemokrati.sk\/slovensko-moze-pre-zle-zonacie-prist-o-906-mil-eur-z-planu-obnovy\/#breadcrumb\",\"itemListElement\":[{\"@type\":\"ListItem\",\"position\":1,\"name\":\"Domovsk\u00e1 str\u00e1nka\",\"item\":\"https:\/\/www.smedemokrati.sk\/\"},{\"@type\":\"ListItem\",\"position\":2,\"name\":\"Slovensko m\u00f4\u017ee pre zl\u00e9 zon\u00e1cie pr\u00eds\u0165 o 906 mil. eur z pl\u00e1nu obnovy\"}]},{\"@type\":\"WebSite\",\"@id\":\"https:\/\/www.smedemokrati.sk\/#website\",\"url\":\"https:\/\/www.smedemokrati.sk\/\",\"name\":\"Smedemokrati.sk\",\"description\":\"Demokracia a slu\u0161nos\u0165 zv\u00ed\u0165az\u00ed\",\"publisher\":{\"@id\":\"https:\/\/www.smedemokrati.sk\/#organization\"},\"potentialAction\":[{\"@type\":\"SearchAction\",\"target\":{\"@type\":\"EntryPoint\",\"urlTemplate\":\"https:\/\/www.smedemokrati.sk\/?s={search_term_string}\"},\"query-input\":{\"@type\":\"PropertyValueSpecification\",\"valueRequired\":true,\"valueName\":\"search_term_string\"}}],\"inLanguage\":\"hu-HU\"},{\"@type\":\"Organization\",\"@id\":\"https:\/\/www.smedemokrati.sk\/#organization\",\"name\":\"Smedemokrati.sk\",\"url\":\"https:\/\/www.smedemokrati.sk\/\",\"logo\":{\"@type\":\"ImageObject\",\"inLanguage\":\"hu-HU\",\"@id\":\"https:\/\/www.smedemokrati.sk\/#\/schema\/logo\/image\/\",\"url\":\"https:\/\/www.smedemokrati.sk\/wp-content\/uploads\/2023\/04\/ff.002.jpeg\",\"contentUrl\":\"https:\/\/www.smedemokrati.sk\/wp-content\/uploads\/2023\/04\/ff.002.jpeg\",\"width\":640,\"height\":480,\"caption\":\"Smedemokrati.sk\"},\"image\":{\"@id\":\"https:\/\/www.smedemokrati.sk\/#\/schema\/logo\/image\/\"},\"sameAs\":[\"https:\/\/www.facebook.com\/smedemokrati2023\"]},{\"@type\":\"Person\",\"@id\":\"https:\/\/www.smedemokrati.sk\/#\/schema\/person\/21f147c88d605aa7ded900e1e7c344ba\",\"name\":\"miro.sopko\",\"image\":{\"@type\":\"ImageObject\",\"inLanguage\":\"hu-HU\",\"@id\":\"https:\/\/secure.gravatar.com\/avatar\/267e4a36f704376c109afe3a78740c1f5dd8675a2180a908699e7863c9247606?s=96&d=mm&r=g\",\"url\":\"https:\/\/secure.gravatar.com\/avatar\/267e4a36f704376c109afe3a78740c1f5dd8675a2180a908699e7863c9247606?s=96&d=mm&r=g\",\"contentUrl\":\"https:\/\/secure.gravatar.com\/avatar\/267e4a36f704376c109afe3a78740c1f5dd8675a2180a908699e7863c9247606?s=96&d=mm&r=g\",\"caption\":\"miro.sopko\"},\"url\":\"https:\/\/www.smedemokrati.sk\/hu\/author\/miro-sopko\/\"}]}<\/script>\n<!-- \/ Yoast SEO plugin. -->","yoast_head_json":{"title":"Slovensko m\u00f4\u017ee pre zl\u00e9 zon\u00e1cie pr\u00eds\u0165 o 906 mil. eur z pl\u00e1nu obnovy","robots":{"index":"index","follow":"follow","max-snippet":"max-snippet:-1","max-image-preview":"max-image-preview:large","max-video-preview":"max-video-preview:-1"},"canonical":"https:\/\/www.smedemokrati.sk\/hu\/slovensko-moze-pre-zle-zonacie-prist-o-906-mil-eur-z-planu-obnovy\/","og_locale":"hu_HU","og_type":"article","og_title":"[:sk]Slovensko m\u00f4\u017ee pre zl\u00e9 zon\u00e1cie pr\u00eds\u0165 o 906 mil. eur z pl\u00e1nu obnovy[:] - Smedemokrati.sk","og_description":"Pod\u013ea inform\u00e1ci\u00ed Demokratov je v pr\u00edpade zon\u00e1ci\u00ed n\u00e1rodn\u00fdch parkov v hre ohrozenie a\u017e 906 mil. eur. Vyplatenie 453 mil. eur je naviazan\u00fdch na splnenie m\u00ed\u013enika schv\u00e1lenia zon\u00e1ci\u00ed, ku ktor\u00fdm sa zaviazala s\u00fa\u010dasn\u00e1 vl\u00e1da. Pokuta \u010fal\u0161\u00edch 453 mil. hroz\u00ed v pr\u00edpade, ak schv\u00e1len\u00e9 zon\u00e1cie oslabia reformu n\u00e1rodn\u00fdch parkov nato\u013eko, \u017ee p\u00f4jde o jej zvrat. Vyz\u00fdvame vl\u00e1du, [&hellip;]","og_url":"https:\/\/www.smedemokrati.sk\/hu\/slovensko-moze-pre-zle-zonacie-prist-o-906-mil-eur-z-planu-obnovy\/","og_site_name":"Smedemokrati.sk","article_publisher":"https:\/\/www.facebook.com\/smedemokrati2023","article_published_time":"2026-03-03T20:08:43+00:00","article_modified_time":"2026-03-03T20:08:44+00:00","og_image":[{"width":1280,"height":1600,"url":"https:\/\/www.smedemokrati.sk\/wp-content\/uploads\/2026\/03\/645931613_1497035045122652_5091254214101262268_n.jpg","type":"image\/jpeg"}],"author":"miro.sopko","twitter_card":"summary_large_image","twitter_misc":{"Szerz\u0151:":"miro.sopko","Becs\u00fclt olvas\u00e1si id\u0151":"3 perc"},"schema":{"@context":"https:\/\/schema.org","@graph":[{"@type":"Article","@id":"https:\/\/www.smedemokrati.sk\/slovensko-moze-pre-zle-zonacie-prist-o-906-mil-eur-z-planu-obnovy\/#article","isPartOf":{"@id":"https:\/\/www.smedemokrati.sk\/slovensko-moze-pre-zle-zonacie-prist-o-906-mil-eur-z-planu-obnovy\/"},"author":{"name":"miro.sopko","@id":"https:\/\/www.smedemokrati.sk\/#\/schema\/person\/21f147c88d605aa7ded900e1e7c344ba"},"headline":"Slovensko m\u00f4\u017ee pre zl\u00e9 zon\u00e1cie pr\u00eds\u0165 o 906 mil. eur z pl\u00e1nu obnovy","datePublished":"2026-03-03T20:08:43+00:00","dateModified":"2026-03-03T20:08:44+00:00","mainEntityOfPage":{"@id":"https:\/\/www.smedemokrati.sk\/slovensko-moze-pre-zle-zonacie-prist-o-906-mil-eur-z-planu-obnovy\/"},"wordCount":601,"publisher":{"@id":"https:\/\/www.smedemokrati.sk\/#organization"},"image":{"@id":"https:\/\/www.smedemokrati.sk\/slovensko-moze-pre-zle-zonacie-prist-o-906-mil-eur-z-planu-obnovy\/#primaryimage"},"thumbnailUrl":"https:\/\/www.smedemokrati.sk\/wp-content\/uploads\/2026\/03\/645931613_1497035045122652_5091254214101262268_n.jpg","articleSection":["Tla\u010dov\u00e9 spr\u00e1vy"],"inLanguage":"hu-HU"},{"@type":"WebPage","@id":"https:\/\/www.smedemokrati.sk\/slovensko-moze-pre-zle-zonacie-prist-o-906-mil-eur-z-planu-obnovy\/","url":"https:\/\/www.smedemokrati.sk\/slovensko-moze-pre-zle-zonacie-prist-o-906-mil-eur-z-planu-obnovy\/","name":"Slovensko m\u00f4\u017ee pre zl\u00e9 zon\u00e1cie pr\u00eds\u0165 o 906 mil. eur z pl\u00e1nu obnovy","isPartOf":{"@id":"https:\/\/www.smedemokrati.sk\/#website"},"primaryImageOfPage":{"@id":"https:\/\/www.smedemokrati.sk\/slovensko-moze-pre-zle-zonacie-prist-o-906-mil-eur-z-planu-obnovy\/#primaryimage"},"image":{"@id":"https:\/\/www.smedemokrati.sk\/slovensko-moze-pre-zle-zonacie-prist-o-906-mil-eur-z-planu-obnovy\/#primaryimage"},"thumbnailUrl":"https:\/\/www.smedemokrati.sk\/wp-content\/uploads\/2026\/03\/645931613_1497035045122652_5091254214101262268_n.jpg","datePublished":"2026-03-03T20:08:43+00:00","dateModified":"2026-03-03T20:08:44+00:00","breadcrumb":{"@id":"https:\/\/www.smedemokrati.sk\/slovensko-moze-pre-zle-zonacie-prist-o-906-mil-eur-z-planu-obnovy\/#breadcrumb"},"inLanguage":"hu-HU","potentialAction":[{"@type":"ReadAction","target":["https:\/\/www.smedemokrati.sk\/slovensko-moze-pre-zle-zonacie-prist-o-906-mil-eur-z-planu-obnovy\/"]}]},{"@type":"ImageObject","inLanguage":"hu-HU","@id":"https:\/\/www.smedemokrati.sk\/slovensko-moze-pre-zle-zonacie-prist-o-906-mil-eur-z-planu-obnovy\/#primaryimage","url":"https:\/\/www.smedemokrati.sk\/wp-content\/uploads\/2026\/03\/645931613_1497035045122652_5091254214101262268_n.jpg","contentUrl":"https:\/\/www.smedemokrati.sk\/wp-content\/uploads\/2026\/03\/645931613_1497035045122652_5091254214101262268_n.jpg","width":1280,"height":1600},{"@type":"BreadcrumbList","@id":"https:\/\/www.smedemokrati.sk\/slovensko-moze-pre-zle-zonacie-prist-o-906-mil-eur-z-planu-obnovy\/#breadcrumb","itemListElement":[{"@type":"ListItem","position":1,"name":"Domovsk\u00e1 str\u00e1nka","item":"https:\/\/www.smedemokrati.sk\/"},{"@type":"ListItem","position":2,"name":"Slovensko m\u00f4\u017ee pre zl\u00e9 zon\u00e1cie pr\u00eds\u0165 o 906 mil. eur z pl\u00e1nu obnovy"}]},{"@type":"WebSite","@id":"https:\/\/www.smedemokrati.sk\/#website","url":"https:\/\/www.smedemokrati.sk\/","name":"Smedemokrati.sk","description":"Demokracia a slu\u0161nos\u0165 zv\u00ed\u0165az\u00ed","publisher":{"@id":"https:\/\/www.smedemokrati.sk\/#organization"},"potentialAction":[{"@type":"SearchAction","target":{"@type":"EntryPoint","urlTemplate":"https:\/\/www.smedemokrati.sk\/?s={search_term_string}"},"query-input":{"@type":"PropertyValueSpecification","valueRequired":true,"valueName":"search_term_string"}}],"inLanguage":"hu-HU"},{"@type":"Organization","@id":"https:\/\/www.smedemokrati.sk\/#organization","name":"Smedemokrati.sk","url":"https:\/\/www.smedemokrati.sk\/","logo":{"@type":"ImageObject","inLanguage":"hu-HU","@id":"https:\/\/www.smedemokrati.sk\/#\/schema\/logo\/image\/","url":"https:\/\/www.smedemokrati.sk\/wp-content\/uploads\/2023\/04\/ff.002.jpeg","contentUrl":"https:\/\/www.smedemokrati.sk\/wp-content\/uploads\/2023\/04\/ff.002.jpeg","width":640,"height":480,"caption":"Smedemokrati.sk"},"image":{"@id":"https:\/\/www.smedemokrati.sk\/#\/schema\/logo\/image\/"},"sameAs":["https:\/\/www.facebook.com\/smedemokrati2023"]},{"@type":"Person","@id":"https:\/\/www.smedemokrati.sk\/#\/schema\/person\/21f147c88d605aa7ded900e1e7c344ba","name":"miro.sopko","image":{"@type":"ImageObject","inLanguage":"hu-HU","@id":"https:\/\/secure.gravatar.com\/avatar\/267e4a36f704376c109afe3a78740c1f5dd8675a2180a908699e7863c9247606?s=96&d=mm&r=g","url":"https:\/\/secure.gravatar.com\/avatar\/267e4a36f704376c109afe3a78740c1f5dd8675a2180a908699e7863c9247606?s=96&d=mm&r=g","contentUrl":"https:\/\/secure.gravatar.com\/avatar\/267e4a36f704376c109afe3a78740c1f5dd8675a2180a908699e7863c9247606?s=96&d=mm&r=g","caption":"miro.sopko"},"url":"https:\/\/www.smedemokrati.sk\/hu\/author\/miro-sopko\/"}]}},"_links":{"self":[{"href":"https:\/\/www.smedemokrati.sk\/hu\/wp-json\/wp\/v2\/posts\/8946","targetHints":{"allow":["GET"]}}],"collection":[{"href":"https:\/\/www.smedemokrati.sk\/hu\/wp-json\/wp\/v2\/posts"}],"about":[{"href":"https:\/\/www.smedemokrati.sk\/hu\/wp-json\/wp\/v2\/types\/post"}],"author":[{"embeddable":true,"href":"https:\/\/www.smedemokrati.sk\/hu\/wp-json\/wp\/v2\/users\/13"}],"replies":[{"embeddable":true,"href":"https:\/\/www.smedemokrati.sk\/hu\/wp-json\/wp\/v2\/comments?post=8946"}],"version-history":[{"count":2,"href":"https:\/\/www.smedemokrati.sk\/hu\/wp-json\/wp\/v2\/posts\/8946\/revisions"}],"predecessor-version":[{"id":8949,"href":"https:\/\/www.smedemokrati.sk\/hu\/wp-json\/wp\/v2\/posts\/8946\/revisions\/8949"}],"wp:featuredmedia":[{"embeddable":true,"href":"https:\/\/www.smedemokrati.sk\/hu\/wp-json\/wp\/v2\/media\/8948"}],"wp:attachment":[{"href":"https:\/\/www.smedemokrati.sk\/hu\/wp-json\/wp\/v2\/media?parent=8946"}],"wp:term":[{"taxonomy":"category","embeddable":true,"href":"https:\/\/www.smedemokrati.sk\/hu\/wp-json\/wp\/v2\/categories?post=8946"},{"taxonomy":"post_tag","embeddable":true,"href":"https:\/\/www.smedemokrati.sk\/hu\/wp-json\/wp\/v2\/tags?post=8946"}],"curies":[{"name":"wp","href":"https:\/\/api.w.org\/{rel}","templated":true}]}}