{"id":8938,"date":"2026-03-02T12:50:38","date_gmt":"2026-03-02T11:50:38","guid":{"rendered":"https:\/\/www.smedemokrati.sk\/?p=8938"},"modified":"2026-03-02T12:50:40","modified_gmt":"2026-03-02T11:50:40","slug":"fico-nech-okamzite-zvola-bezpecnostnu-a-ekonomicku-radu-slovensko-sa-rozpada-premier-mlci","status":"publish","type":"post","link":"https:\/\/www.smedemokrati.sk\/hu\/fico-nech-okamzite-zvola-bezpecnostnu-a-ekonomicku-radu-slovensko-sa-rozpada-premier-mlci\/","title":{"rendered":"Fico nech okam\u017eite zvol\u00e1 bezpe\u010dnostn\u00fa a ekonomick\u00fa radu. Slovensko sa rozpad\u00e1, premi\u00e9r ml\u010d\u00ed"},"content":{"rendered":"<div id=\"fb-root\"><\/div>\n\n<p><strong>Slovensko \u010del\u00ed odchodu investorov, kolapsu verejn\u00fdch financi\u00ed aj v\u00e1\u017enym bezpe\u010dnostn\u00fdm rizik\u00e1m. Namiesto rie\u0161en\u00ed v\u0161ak predseda vl\u00e1dy Robert Fico odv\u00e1dza pozornos\u0165 t\u00e9mou kaj\u00facnikov. Demokrati vyz\u00fdvaj\u00fa premi\u00e9ra, aby bezodkladne zvolal Bezpe\u010dnostn\u00fa radu \u0161t\u00e1tu a ekonomick\u00fa kr\u00edzov\u00fa radu.<\/strong><\/p>\n\n\n\n<p>Podpredseda Demokratov Eduard Heger ostro reagoval na nede\u013en\u00e9 vyst\u00fapenie premi\u00e9ra: \u201ePremi\u00e9r si v nede\u013eu privstane, aby n\u00e1m rozpr\u00e1val o kaj\u00facnikoch. \u010co maj\u00fa ob\u010dania spolo\u010dn\u00e9 s kaj\u00facnikmi? \u013dudia c\u00edtia realitu, fabriky odch\u00e1dzaj\u00fa, preto\u017ee nezvl\u00e1daj\u00fa da\u0148ov\u00fd a odvodov\u00fd n\u00e1por tejto vl\u00e1dy. Ekonomika sa rozklad\u00e1 a premi\u00e9r n\u00e1s k\u0155mi kaj\u00facnikmi.\u201c<\/p>\n\n\n\n<p>Heger upozornil, \u017ee eurofondy sa \u010derpaj\u00fa len na \u00farovni siedmich percent, pri\u010dom bud\u00faci rok sa maj\u00fa do\u010derpa\u0165.&nbsp;<em>\u201eZobu\u010fte sa. Slov\u00e1ci potrebuj\u00fa vidie\u0165 premi\u00e9ra, ktor\u00fd kon\u00e1 v slovenskom z\u00e1ujme. Namiesto rie\u0161enia ekonomiky po\u010d\u00favame o ruskej rope. Situ\u00e1cia je kritick\u00e1. Zvolajte ekonomick\u00fa kr\u00edzov\u00fa radu,\u201c&nbsp;<\/em>odk\u00e1zal.<\/p>\n\n\n\n<p>Predseda Demokratov Jaroslav Na\u010f pouk\u00e1zal aj na bezpe\u010dnostn\u00fd rozmer:&nbsp;<em>\u201ePrem\u00fd\u0161\u013eal som, \u010do je d\u00f4le\u017eitej\u0161ie ne\u017e rozklad ekonomiky, \u010di ide rie\u0161i\u0165 medzin\u00e1rodn\u00fa situ\u00e1ciu. No videl som iba strach. \u0160tvorn\u00e1sobn\u00fd premi\u00e9r sa boj\u00ed. Ka\u017ed\u00fd zodpovedn\u00fd predseda vl\u00e1dy by u\u017e po\u010das v\u00edkendu zvolal Bezpe\u010dnostn\u00fa radu \u0161t\u00e1tu. Slovensk\u00ed ob\u010dania sa nemaj\u00fa ako dosta\u0165 domov, ale to premi\u00e9rovi nestoj\u00ed ani za mimoriadne zasadnutie. Zlyhal. Zvolajte Bezpe\u010dnostn\u00fa radu.\u201c<\/em><\/p>\n\n\n\n<p>Podpredseda Demokratov Juraj \u0160eliga vyzval premi\u00e9ra, aby prestal \u00fato\u010di\u0165 na vy\u0161etrovate\u013eov a odpovedal na konkr\u00e9tne ot\u00e1zky:&nbsp;<em>\u201eP\u00e1n premi\u00e9r, Mak\u00f3 bol v\u00e1\u0161 vrcholn\u00fd nominant. M\u00e1m na v\u00e1s p\u00e1r ot\u00e1zok: Mak\u00f3 sa h\u00fdbe v podnikate\u013eskom prostred\u00ed, spolupracuje s Norebertom B\u00f6dorom? Kto prevzal Mak\u00f3ve podnikate\u013esk\u00e9 aktivity? Tie\u017e sa v\u00e1s p\u00fdtam, nepo\u010duli ste n\u00e1hodou nie\u010do o neleg\u00e1lnej v\u00fdrobni cigariet? A moja posledn\u00e1 ot\u00e1zka: neviete n\u00e1hodou, ako je to s Huliakom a Mak\u00f3om a kas\u00ednami na Slovensku?\u201c<\/em><\/p>\n\n\n\n<p>\u0160eliga dodal:&nbsp;<em>\u201eZd\u00e1 sa, \u017ee v\u00e1m Mak\u00f3 le\u017e\u00ed viac v \u017eal\u00fadku ako re\u00e1lne probl\u00e9my Slovenska. Namiesto politick\u00fdch hier zvolajte bezpe\u010dnostn\u00fa aj ekonomick\u00fa radu. To je minimum, ktor\u00e9 dnes krajina potrebuje.\u201c<\/em><\/p>\n\n\n\n<p>Demokrati zd\u00f4raz\u0148uj\u00fa, \u017ee Slovensko potrebuje riadenie \u0161t\u00e1tu, nie nede\u013en\u00e9 politick\u00e9 predstavenia.<\/p>\n\n\n\n<figure class=\"wp-block-embed is-type-video is-provider-youtube wp-block-embed-youtube wp-embed-aspect-16-9 wp-has-aspect-ratio\"><div class=\"wp-block-embed__wrapper\">\n<iframe title=\"Live: Vl\u00e1da chaosu, konfliktu a ekonomick\u00e9ho \u00fapadku.\" width=\"500\" height=\"281\" src=\"https:\/\/www.youtube.com\/embed\/BIZAu0sFB2U?feature=oembed\" frameborder=\"0\" allow=\"accelerometer; autoplay; clipboard-write; encrypted-media; gyroscope; picture-in-picture; web-share\" referrerpolicy=\"strict-origin-when-cross-origin\" allowfullscreen><\/iframe>\n<\/div><\/figure>\n","protected":false},"excerpt":{"rendered":"<p>Slovensko \u010del\u00ed odchodu investorov, kolapsu verejn\u00fdch financi\u00ed aj v\u00e1\u017enym bezpe\u010dnostn\u00fdm rizik\u00e1m. Namiesto rie\u0161en\u00ed v\u0161ak predseda vl\u00e1dy Robert Fico odv\u00e1dza pozornos\u0165 t\u00e9mou kaj\u00facnikov. Demokrati vyz\u00fdvaj\u00fa premi\u00e9ra, aby bezodkladne zvolal Bezpe\u010dnostn\u00fa radu \u0161t\u00e1tu a ekonomick\u00fa kr\u00edzov\u00fa radu. Podpredseda Demokratov Eduard Heger ostro reagoval na nede\u013en\u00e9 vyst\u00fapenie premi\u00e9ra: \u201ePremi\u00e9r si v nede\u013eu privstane, aby n\u00e1m rozpr\u00e1val o kaj\u00facnikoch. [&hellip;]<\/p>\n","protected":false},"author":13,"featured_media":8940,"comment_status":"closed","ping_status":"closed","sticky":false,"template":"","format":"standard","meta":{"_acf_changed":false,"ngg_post_thumbnail":0,"footnotes":""},"categories":[4],"tags":[],"class_list":["post-8938","post","type-post","status-publish","format-standard","has-post-thumbnail","hentry","category-tlacove-spravy"],"acf":[],"yoast_head":"<!-- This site is optimized with the Yoast SEO plugin v27.2 - https:\/\/yoast.com\/product\/yoast-seo-wordpress\/ -->\n<title>Fico nech okam\u017eite zvol\u00e1 bezpe\u010dnostn\u00fa a ekonomick\u00fa radu. Slovensko sa rozpad\u00e1, premi\u00e9r ml\u010d\u00ed<\/title>\n<meta name=\"robots\" content=\"index, follow, max-snippet:-1, max-image-preview:large, max-video-preview:-1\" \/>\n<link rel=\"canonical\" href=\"https:\/\/www.smedemokrati.sk\/hu\/fico-nech-okamzite-zvola-bezpecnostnu-a-ekonomicku-radu-slovensko-sa-rozpada-premier-mlci\/\" \/>\n<meta property=\"og:locale\" content=\"hu_HU\" \/>\n<meta property=\"og:locale:alternate\" content=\"en_US\" \/>\n<meta property=\"og:locale:alternate\" content=\"cs_CZ\" \/>\n<meta property=\"og:locale:alternate\" content=\"sk_SK\" \/>\n<meta property=\"og:locale:alternate\" content=\"sv_SE\" \/>\n<meta property=\"og:type\" content=\"article\" \/>\n<meta property=\"og:title\" content=\"Fico nech okam\u017eite zvol\u00e1 bezpe\u010dnostn\u00fa a ekonomick\u00fa radu. Slovensko sa rozpad\u00e1, premi\u00e9r ml\u010d\u00ed\" \/>\n<meta property=\"og:description\" content=\"Slovensko \u010del\u00ed odchodu investorov, kolapsu verejn\u00fdch financi\u00ed aj v\u00e1\u017enym bezpe\u010dnostn\u00fdm rizik\u00e1m. Namiesto rie\u0161en\u00ed v\u0161ak predseda vl\u00e1dy Robert Fico odv\u00e1dza pozornos\u0165 t\u00e9mou kaj\u00facnikov. Demokrati vyz\u00fdvaj\u00fa premi\u00e9ra, aby bezodkladne zvolal Bezpe\u010dnostn\u00fa radu \u0161t\u00e1tu a ekonomick\u00fa kr\u00edzov\u00fa radu. Podpredseda Demokratov Eduard Heger ostro reagoval na nede\u013en\u00e9 vyst\u00fapenie premi\u00e9ra: \u201ePremi\u00e9r si v nede\u013eu privstane, aby n\u00e1m rozpr\u00e1val o kaj\u00facnikoch. [&hellip;]\" \/>\n<meta property=\"og:url\" content=\"https:\/\/www.smedemokrati.sk\/hu\/fico-nech-okamzite-zvola-bezpecnostnu-a-ekonomicku-radu-slovensko-sa-rozpada-premier-mlci\/\" \/>\n<meta property=\"og:site_name\" content=\"Smedemokrati.sk\" \/>\n<meta property=\"article:publisher\" content=\"https:\/\/www.facebook.com\/smedemokrati2023\" \/>\n<meta property=\"article:published_time\" content=\"2026-03-02T11:50:38+00:00\" \/>\n<meta property=\"article:modified_time\" content=\"2026-03-02T11:50:40+00:00\" \/>\n<meta property=\"og:image\" content=\"https:\/\/www.smedemokrati.sk\/wp-content\/uploads\/2026\/03\/bezpecnostna-rada.jpg\" \/>\n\t<meta property=\"og:image:width\" content=\"1037\" \/>\n\t<meta property=\"og:image:height\" content=\"567\" \/>\n\t<meta property=\"og:image:type\" content=\"image\/jpeg\" \/>\n<meta name=\"author\" content=\"miro.sopko\" \/>\n<meta name=\"twitter:card\" content=\"summary_large_image\" \/>\n<meta name=\"twitter:label1\" content=\"Szerz\u0151:\" \/>\n\t<meta name=\"twitter:data1\" content=\"miro.sopko\" \/>\n\t<meta name=\"twitter:label2\" content=\"Becs\u00fclt olvas\u00e1si id\u0151\" \/>\n\t<meta name=\"twitter:data2\" content=\"2 perc\" \/>\n<script type=\"application\/ld+json\" class=\"yoast-schema-graph\">{\"@context\":\"https:\/\/schema.org\",\"@graph\":[{\"@type\":\"Article\",\"@id\":\"https:\/\/www.smedemokrati.sk\/fico-nech-okamzite-zvola-bezpecnostnu-a-ekonomicku-radu-slovensko-sa-rozpada-premier-mlci\/#article\",\"isPartOf\":{\"@id\":\"https:\/\/www.smedemokrati.sk\/fico-nech-okamzite-zvola-bezpecnostnu-a-ekonomicku-radu-slovensko-sa-rozpada-premier-mlci\/\"},\"author\":{\"name\":\"miro.sopko\",\"@id\":\"https:\/\/www.smedemokrati.sk\/#\/schema\/person\/21f147c88d605aa7ded900e1e7c344ba\"},\"headline\":\"Fico nech okam\u017eite zvol\u00e1 bezpe\u010dnostn\u00fa a ekonomick\u00fa radu. Slovensko sa rozpad\u00e1, premi\u00e9r ml\u010d\u00ed\",\"datePublished\":\"2026-03-02T11:50:38+00:00\",\"dateModified\":\"2026-03-02T11:50:40+00:00\",\"mainEntityOfPage\":{\"@id\":\"https:\/\/www.smedemokrati.sk\/fico-nech-okamzite-zvola-bezpecnostnu-a-ekonomicku-radu-slovensko-sa-rozpada-premier-mlci\/\"},\"wordCount\":440,\"publisher\":{\"@id\":\"https:\/\/www.smedemokrati.sk\/#organization\"},\"image\":{\"@id\":\"https:\/\/www.smedemokrati.sk\/fico-nech-okamzite-zvola-bezpecnostnu-a-ekonomicku-radu-slovensko-sa-rozpada-premier-mlci\/#primaryimage\"},\"thumbnailUrl\":\"https:\/\/www.smedemokrati.sk\/wp-content\/uploads\/2026\/03\/bezpecnostna-rada.jpg\",\"articleSection\":[\"Tla\u010dov\u00e9 spr\u00e1vy\"],\"inLanguage\":\"hu-HU\"},{\"@type\":\"WebPage\",\"@id\":\"https:\/\/www.smedemokrati.sk\/fico-nech-okamzite-zvola-bezpecnostnu-a-ekonomicku-radu-slovensko-sa-rozpada-premier-mlci\/\",\"url\":\"https:\/\/www.smedemokrati.sk\/fico-nech-okamzite-zvola-bezpecnostnu-a-ekonomicku-radu-slovensko-sa-rozpada-premier-mlci\/\",\"name\":\"Fico nech okam\u017eite zvol\u00e1 bezpe\u010dnostn\u00fa a ekonomick\u00fa radu. Slovensko sa rozpad\u00e1, premi\u00e9r ml\u010d\u00ed\",\"isPartOf\":{\"@id\":\"https:\/\/www.smedemokrati.sk\/#website\"},\"primaryImageOfPage\":{\"@id\":\"https:\/\/www.smedemokrati.sk\/fico-nech-okamzite-zvola-bezpecnostnu-a-ekonomicku-radu-slovensko-sa-rozpada-premier-mlci\/#primaryimage\"},\"image\":{\"@id\":\"https:\/\/www.smedemokrati.sk\/fico-nech-okamzite-zvola-bezpecnostnu-a-ekonomicku-radu-slovensko-sa-rozpada-premier-mlci\/#primaryimage\"},\"thumbnailUrl\":\"https:\/\/www.smedemokrati.sk\/wp-content\/uploads\/2026\/03\/bezpecnostna-rada.jpg\",\"datePublished\":\"2026-03-02T11:50:38+00:00\",\"dateModified\":\"2026-03-02T11:50:40+00:00\",\"breadcrumb\":{\"@id\":\"https:\/\/www.smedemokrati.sk\/fico-nech-okamzite-zvola-bezpecnostnu-a-ekonomicku-radu-slovensko-sa-rozpada-premier-mlci\/#breadcrumb\"},\"inLanguage\":\"hu-HU\",\"potentialAction\":[{\"@type\":\"ReadAction\",\"target\":[\"https:\/\/www.smedemokrati.sk\/fico-nech-okamzite-zvola-bezpecnostnu-a-ekonomicku-radu-slovensko-sa-rozpada-premier-mlci\/\"]}]},{\"@type\":\"ImageObject\",\"inLanguage\":\"hu-HU\",\"@id\":\"https:\/\/www.smedemokrati.sk\/fico-nech-okamzite-zvola-bezpecnostnu-a-ekonomicku-radu-slovensko-sa-rozpada-premier-mlci\/#primaryimage\",\"url\":\"https:\/\/www.smedemokrati.sk\/wp-content\/uploads\/2026\/03\/bezpecnostna-rada.jpg\",\"contentUrl\":\"https:\/\/www.smedemokrati.sk\/wp-content\/uploads\/2026\/03\/bezpecnostna-rada.jpg\",\"width\":1037,\"height\":567},{\"@type\":\"BreadcrumbList\",\"@id\":\"https:\/\/www.smedemokrati.sk\/fico-nech-okamzite-zvola-bezpecnostnu-a-ekonomicku-radu-slovensko-sa-rozpada-premier-mlci\/#breadcrumb\",\"itemListElement\":[{\"@type\":\"ListItem\",\"position\":1,\"name\":\"Domovsk\u00e1 str\u00e1nka\",\"item\":\"https:\/\/www.smedemokrati.sk\/\"},{\"@type\":\"ListItem\",\"position\":2,\"name\":\"Fico nech okam\u017eite zvol\u00e1 bezpe\u010dnostn\u00fa a ekonomick\u00fa radu. Slovensko sa rozpad\u00e1, premi\u00e9r ml\u010d\u00ed\"}]},{\"@type\":\"WebSite\",\"@id\":\"https:\/\/www.smedemokrati.sk\/#website\",\"url\":\"https:\/\/www.smedemokrati.sk\/\",\"name\":\"Smedemokrati.sk\",\"description\":\"Demokracia a slu\u0161nos\u0165 zv\u00ed\u0165az\u00ed\",\"publisher\":{\"@id\":\"https:\/\/www.smedemokrati.sk\/#organization\"},\"potentialAction\":[{\"@type\":\"SearchAction\",\"target\":{\"@type\":\"EntryPoint\",\"urlTemplate\":\"https:\/\/www.smedemokrati.sk\/?s={search_term_string}\"},\"query-input\":{\"@type\":\"PropertyValueSpecification\",\"valueRequired\":true,\"valueName\":\"search_term_string\"}}],\"inLanguage\":\"hu-HU\"},{\"@type\":\"Organization\",\"@id\":\"https:\/\/www.smedemokrati.sk\/#organization\",\"name\":\"Smedemokrati.sk\",\"url\":\"https:\/\/www.smedemokrati.sk\/\",\"logo\":{\"@type\":\"ImageObject\",\"inLanguage\":\"hu-HU\",\"@id\":\"https:\/\/www.smedemokrati.sk\/#\/schema\/logo\/image\/\",\"url\":\"https:\/\/www.smedemokrati.sk\/wp-content\/uploads\/2023\/04\/ff.002.jpeg\",\"contentUrl\":\"https:\/\/www.smedemokrati.sk\/wp-content\/uploads\/2023\/04\/ff.002.jpeg\",\"width\":640,\"height\":480,\"caption\":\"Smedemokrati.sk\"},\"image\":{\"@id\":\"https:\/\/www.smedemokrati.sk\/#\/schema\/logo\/image\/\"},\"sameAs\":[\"https:\/\/www.facebook.com\/smedemokrati2023\"]},{\"@type\":\"Person\",\"@id\":\"https:\/\/www.smedemokrati.sk\/#\/schema\/person\/21f147c88d605aa7ded900e1e7c344ba\",\"name\":\"miro.sopko\",\"image\":{\"@type\":\"ImageObject\",\"inLanguage\":\"hu-HU\",\"@id\":\"https:\/\/secure.gravatar.com\/avatar\/267e4a36f704376c109afe3a78740c1f5dd8675a2180a908699e7863c9247606?s=96&d=mm&r=g\",\"url\":\"https:\/\/secure.gravatar.com\/avatar\/267e4a36f704376c109afe3a78740c1f5dd8675a2180a908699e7863c9247606?s=96&d=mm&r=g\",\"contentUrl\":\"https:\/\/secure.gravatar.com\/avatar\/267e4a36f704376c109afe3a78740c1f5dd8675a2180a908699e7863c9247606?s=96&d=mm&r=g\",\"caption\":\"miro.sopko\"},\"url\":\"https:\/\/www.smedemokrati.sk\/hu\/author\/miro-sopko\/\"}]}<\/script>\n<!-- \/ Yoast SEO plugin. -->","yoast_head_json":{"title":"Fico nech okam\u017eite zvol\u00e1 bezpe\u010dnostn\u00fa a ekonomick\u00fa radu. Slovensko sa rozpad\u00e1, premi\u00e9r ml\u010d\u00ed","robots":{"index":"index","follow":"follow","max-snippet":"max-snippet:-1","max-image-preview":"max-image-preview:large","max-video-preview":"max-video-preview:-1"},"canonical":"https:\/\/www.smedemokrati.sk\/hu\/fico-nech-okamzite-zvola-bezpecnostnu-a-ekonomicku-radu-slovensko-sa-rozpada-premier-mlci\/","og_locale":"hu_HU","og_type":"article","og_title":"[:sk]Fico nech okam\u017eite zvol\u00e1 bezpe\u010dnostn\u00fa a ekonomick\u00fa radu. Slovensko sa rozpad\u00e1, premi\u00e9r ml\u010d\u00ed[:] - Smedemokrati.sk","og_description":"Slovensko \u010del\u00ed odchodu investorov, kolapsu verejn\u00fdch financi\u00ed aj v\u00e1\u017enym bezpe\u010dnostn\u00fdm rizik\u00e1m. Namiesto rie\u0161en\u00ed v\u0161ak predseda vl\u00e1dy Robert Fico odv\u00e1dza pozornos\u0165 t\u00e9mou kaj\u00facnikov. Demokrati vyz\u00fdvaj\u00fa premi\u00e9ra, aby bezodkladne zvolal Bezpe\u010dnostn\u00fa radu \u0161t\u00e1tu a ekonomick\u00fa kr\u00edzov\u00fa radu. Podpredseda Demokratov Eduard Heger ostro reagoval na nede\u013en\u00e9 vyst\u00fapenie premi\u00e9ra: \u201ePremi\u00e9r si v nede\u013eu privstane, aby n\u00e1m rozpr\u00e1val o kaj\u00facnikoch. [&hellip;]","og_url":"https:\/\/www.smedemokrati.sk\/hu\/fico-nech-okamzite-zvola-bezpecnostnu-a-ekonomicku-radu-slovensko-sa-rozpada-premier-mlci\/","og_site_name":"Smedemokrati.sk","article_publisher":"https:\/\/www.facebook.com\/smedemokrati2023","article_published_time":"2026-03-02T11:50:38+00:00","article_modified_time":"2026-03-02T11:50:40+00:00","og_image":[{"width":1037,"height":567,"url":"https:\/\/www.smedemokrati.sk\/wp-content\/uploads\/2026\/03\/bezpecnostna-rada.jpg","type":"image\/jpeg"}],"author":"miro.sopko","twitter_card":"summary_large_image","twitter_misc":{"Szerz\u0151:":"miro.sopko","Becs\u00fclt olvas\u00e1si id\u0151":"2 perc"},"schema":{"@context":"https:\/\/schema.org","@graph":[{"@type":"Article","@id":"https:\/\/www.smedemokrati.sk\/fico-nech-okamzite-zvola-bezpecnostnu-a-ekonomicku-radu-slovensko-sa-rozpada-premier-mlci\/#article","isPartOf":{"@id":"https:\/\/www.smedemokrati.sk\/fico-nech-okamzite-zvola-bezpecnostnu-a-ekonomicku-radu-slovensko-sa-rozpada-premier-mlci\/"},"author":{"name":"miro.sopko","@id":"https:\/\/www.smedemokrati.sk\/#\/schema\/person\/21f147c88d605aa7ded900e1e7c344ba"},"headline":"Fico nech okam\u017eite zvol\u00e1 bezpe\u010dnostn\u00fa a ekonomick\u00fa radu. Slovensko sa rozpad\u00e1, premi\u00e9r ml\u010d\u00ed","datePublished":"2026-03-02T11:50:38+00:00","dateModified":"2026-03-02T11:50:40+00:00","mainEntityOfPage":{"@id":"https:\/\/www.smedemokrati.sk\/fico-nech-okamzite-zvola-bezpecnostnu-a-ekonomicku-radu-slovensko-sa-rozpada-premier-mlci\/"},"wordCount":440,"publisher":{"@id":"https:\/\/www.smedemokrati.sk\/#organization"},"image":{"@id":"https:\/\/www.smedemokrati.sk\/fico-nech-okamzite-zvola-bezpecnostnu-a-ekonomicku-radu-slovensko-sa-rozpada-premier-mlci\/#primaryimage"},"thumbnailUrl":"https:\/\/www.smedemokrati.sk\/wp-content\/uploads\/2026\/03\/bezpecnostna-rada.jpg","articleSection":["Tla\u010dov\u00e9 spr\u00e1vy"],"inLanguage":"hu-HU"},{"@type":"WebPage","@id":"https:\/\/www.smedemokrati.sk\/fico-nech-okamzite-zvola-bezpecnostnu-a-ekonomicku-radu-slovensko-sa-rozpada-premier-mlci\/","url":"https:\/\/www.smedemokrati.sk\/fico-nech-okamzite-zvola-bezpecnostnu-a-ekonomicku-radu-slovensko-sa-rozpada-premier-mlci\/","name":"Fico nech okam\u017eite zvol\u00e1 bezpe\u010dnostn\u00fa a ekonomick\u00fa radu. Slovensko sa rozpad\u00e1, premi\u00e9r ml\u010d\u00ed","isPartOf":{"@id":"https:\/\/www.smedemokrati.sk\/#website"},"primaryImageOfPage":{"@id":"https:\/\/www.smedemokrati.sk\/fico-nech-okamzite-zvola-bezpecnostnu-a-ekonomicku-radu-slovensko-sa-rozpada-premier-mlci\/#primaryimage"},"image":{"@id":"https:\/\/www.smedemokrati.sk\/fico-nech-okamzite-zvola-bezpecnostnu-a-ekonomicku-radu-slovensko-sa-rozpada-premier-mlci\/#primaryimage"},"thumbnailUrl":"https:\/\/www.smedemokrati.sk\/wp-content\/uploads\/2026\/03\/bezpecnostna-rada.jpg","datePublished":"2026-03-02T11:50:38+00:00","dateModified":"2026-03-02T11:50:40+00:00","breadcrumb":{"@id":"https:\/\/www.smedemokrati.sk\/fico-nech-okamzite-zvola-bezpecnostnu-a-ekonomicku-radu-slovensko-sa-rozpada-premier-mlci\/#breadcrumb"},"inLanguage":"hu-HU","potentialAction":[{"@type":"ReadAction","target":["https:\/\/www.smedemokrati.sk\/fico-nech-okamzite-zvola-bezpecnostnu-a-ekonomicku-radu-slovensko-sa-rozpada-premier-mlci\/"]}]},{"@type":"ImageObject","inLanguage":"hu-HU","@id":"https:\/\/www.smedemokrati.sk\/fico-nech-okamzite-zvola-bezpecnostnu-a-ekonomicku-radu-slovensko-sa-rozpada-premier-mlci\/#primaryimage","url":"https:\/\/www.smedemokrati.sk\/wp-content\/uploads\/2026\/03\/bezpecnostna-rada.jpg","contentUrl":"https:\/\/www.smedemokrati.sk\/wp-content\/uploads\/2026\/03\/bezpecnostna-rada.jpg","width":1037,"height":567},{"@type":"BreadcrumbList","@id":"https:\/\/www.smedemokrati.sk\/fico-nech-okamzite-zvola-bezpecnostnu-a-ekonomicku-radu-slovensko-sa-rozpada-premier-mlci\/#breadcrumb","itemListElement":[{"@type":"ListItem","position":1,"name":"Domovsk\u00e1 str\u00e1nka","item":"https:\/\/www.smedemokrati.sk\/"},{"@type":"ListItem","position":2,"name":"Fico nech okam\u017eite zvol\u00e1 bezpe\u010dnostn\u00fa a ekonomick\u00fa radu. Slovensko sa rozpad\u00e1, premi\u00e9r ml\u010d\u00ed"}]},{"@type":"WebSite","@id":"https:\/\/www.smedemokrati.sk\/#website","url":"https:\/\/www.smedemokrati.sk\/","name":"Smedemokrati.sk","description":"Demokracia a slu\u0161nos\u0165 zv\u00ed\u0165az\u00ed","publisher":{"@id":"https:\/\/www.smedemokrati.sk\/#organization"},"potentialAction":[{"@type":"SearchAction","target":{"@type":"EntryPoint","urlTemplate":"https:\/\/www.smedemokrati.sk\/?s={search_term_string}"},"query-input":{"@type":"PropertyValueSpecification","valueRequired":true,"valueName":"search_term_string"}}],"inLanguage":"hu-HU"},{"@type":"Organization","@id":"https:\/\/www.smedemokrati.sk\/#organization","name":"Smedemokrati.sk","url":"https:\/\/www.smedemokrati.sk\/","logo":{"@type":"ImageObject","inLanguage":"hu-HU","@id":"https:\/\/www.smedemokrati.sk\/#\/schema\/logo\/image\/","url":"https:\/\/www.smedemokrati.sk\/wp-content\/uploads\/2023\/04\/ff.002.jpeg","contentUrl":"https:\/\/www.smedemokrati.sk\/wp-content\/uploads\/2023\/04\/ff.002.jpeg","width":640,"height":480,"caption":"Smedemokrati.sk"},"image":{"@id":"https:\/\/www.smedemokrati.sk\/#\/schema\/logo\/image\/"},"sameAs":["https:\/\/www.facebook.com\/smedemokrati2023"]},{"@type":"Person","@id":"https:\/\/www.smedemokrati.sk\/#\/schema\/person\/21f147c88d605aa7ded900e1e7c344ba","name":"miro.sopko","image":{"@type":"ImageObject","inLanguage":"hu-HU","@id":"https:\/\/secure.gravatar.com\/avatar\/267e4a36f704376c109afe3a78740c1f5dd8675a2180a908699e7863c9247606?s=96&d=mm&r=g","url":"https:\/\/secure.gravatar.com\/avatar\/267e4a36f704376c109afe3a78740c1f5dd8675a2180a908699e7863c9247606?s=96&d=mm&r=g","contentUrl":"https:\/\/secure.gravatar.com\/avatar\/267e4a36f704376c109afe3a78740c1f5dd8675a2180a908699e7863c9247606?s=96&d=mm&r=g","caption":"miro.sopko"},"url":"https:\/\/www.smedemokrati.sk\/hu\/author\/miro-sopko\/"}]}},"_links":{"self":[{"href":"https:\/\/www.smedemokrati.sk\/hu\/wp-json\/wp\/v2\/posts\/8938","targetHints":{"allow":["GET"]}}],"collection":[{"href":"https:\/\/www.smedemokrati.sk\/hu\/wp-json\/wp\/v2\/posts"}],"about":[{"href":"https:\/\/www.smedemokrati.sk\/hu\/wp-json\/wp\/v2\/types\/post"}],"author":[{"embeddable":true,"href":"https:\/\/www.smedemokrati.sk\/hu\/wp-json\/wp\/v2\/users\/13"}],"replies":[{"embeddable":true,"href":"https:\/\/www.smedemokrati.sk\/hu\/wp-json\/wp\/v2\/comments?post=8938"}],"version-history":[{"count":1,"href":"https:\/\/www.smedemokrati.sk\/hu\/wp-json\/wp\/v2\/posts\/8938\/revisions"}],"predecessor-version":[{"id":8939,"href":"https:\/\/www.smedemokrati.sk\/hu\/wp-json\/wp\/v2\/posts\/8938\/revisions\/8939"}],"wp:featuredmedia":[{"embeddable":true,"href":"https:\/\/www.smedemokrati.sk\/hu\/wp-json\/wp\/v2\/media\/8940"}],"wp:attachment":[{"href":"https:\/\/www.smedemokrati.sk\/hu\/wp-json\/wp\/v2\/media?parent=8938"}],"wp:term":[{"taxonomy":"category","embeddable":true,"href":"https:\/\/www.smedemokrati.sk\/hu\/wp-json\/wp\/v2\/categories?post=8938"},{"taxonomy":"post_tag","embeddable":true,"href":"https:\/\/www.smedemokrati.sk\/hu\/wp-json\/wp\/v2\/tags?post=8938"}],"curies":[{"name":"wp","href":"https:\/\/api.w.org\/{rel}","templated":true}]}}