{"id":8910,"date":"2026-02-24T16:54:36","date_gmt":"2026-02-24T15:54:36","guid":{"rendered":"https:\/\/www.smedemokrati.sk\/?p=8910"},"modified":"2026-02-24T16:55:21","modified_gmt":"2026-02-24T15:55:21","slug":"styri-roky-ruskej-agresie-putin-musi-niest-zodpovednost-slovensko-sa-musi-vratit-na-stranu-ukrajiny","status":"publish","type":"post","link":"https:\/\/www.smedemokrati.sk\/hu\/styri-roky-ruskej-agresie-putin-musi-niest-zodpovednost-slovensko-sa-musi-vratit-na-stranu-ukrajiny\/","title":{"rendered":"\u0160tyri roky ruskej agresie: Putin mus\u00ed nies\u0165 zodpovednos\u0165, Slovensko sa mus\u00ed vr\u00e1ti\u0165 na stranu Ukrajiny"},"content":{"rendered":"<div id=\"fb-root\"><\/div>\n\n<p><strong>Pri pr\u00edle\u017eitosti \u0161tvrt\u00e9ho v\u00fdro\u010dia ruskej inv\u00e1zie na Ukrajinu si pripom\u00edname krut\u00fa realitu vojny, ktor\u00fa rozp\u00fatal re\u017eim Vladim\u00edra Putina. Pod\u013ea dostupn\u00fdch \u00fadajov zahynulo za \u0161tyri roky viac ako 100-tis\u00edc ukrajinsk\u00fdch vojakov, ofici\u00e1lne 15 172 civilistov a 766 det\u00ed. Ide o obete agresie, ktor\u00e1 nem\u00e1 v modernej Eur\u00f3pe obdobu.<\/strong><\/p>\n\n\n\n<p>Rusk\u00fd prezident Vladimir Putin nesie pln\u00fa zodpovednos\u0165 za vojnov\u00e9 zlo\u010diny, masov\u00e9 zab\u00edjanie a ni\u010denie suver\u00e9nneho \u0161t\u00e1tu. Z\u00e1rove\u0148 bude potrebn\u00e9 d\u00f4sledne pre\u0161etri\u0165 aj mot\u00edvy slovensk\u00fdch prisluhova\u010dov tejto agresie na najvy\u0161\u0161\u00edch politick\u00fdch miestach. B\u00fdval\u00fd minister obrany a predseda strany Demokrati Jaroslav Na\u010f zd\u00f4raznil, \u017ee Rusko vojensky, reputa\u010dne aj ekonomicky prehr\u00e1va.<\/p>\n\n\n\n<p>\u201eZa \u0161tyri roky sa Rusku podarilo obsadi\u0165 pribli\u017ene 12 % ukrajinsk\u00e9ho \u00fazemia, pri\u010dom za posledn\u00fd rok i\u0161lo len o 1,3 percenta. Cena za Putinovo rozhodnutie je stra\u0161n\u00e1 \u2013 st\u00e1tis\u00edce m\u0155tvych a zranen\u00fdch. Na oboch stran\u00e1ch umieraj\u00fa vojaci, no zomieraj\u00fa aj civilisti a deti, ktor\u00e9 chceli jedin\u00e9, \u017ei\u0165 svoje pokojn\u00e9 \u017eivoty. Putin sa mus\u00ed za svoje zlo\u010diny zodpoveda\u0165 pred medzin\u00e1rodn\u00fdm s\u00fadom,\u201c uviedol Na\u010f.<\/p>\n\n\n\n<p>B\u00fdval\u00fd predseda vl\u00e1dy Eduard Heger vyjadril hrdos\u0165 na postoj Slovenska po\u010das svojho vl\u00e1dneho mand\u00e1tu. \u201eSom hrd\u00fd na v\u0161etk\u00fdch Slov\u00e1kov, ktor\u00ed otvorili svoje domovy \u013eu\u010fom utekaj\u00facim pred krvavou Putinovou vojnou. Som hrd\u00fd na na\u0161u vl\u00e1du, ktor\u00e1 nev\u00e1hala postavi\u0165 sa na stranu napadnut\u00e9ho suseda. Slovensko vtedy st\u00e1lo na spr\u00e1vnej strane dej\u00edn,\u201c uviedol Heger.<\/p>\n\n\n\n<p>Z\u00e1rove\u0148 ostro kritizoval s\u00fa\u010dasn\u00e9ho premi\u00e9ra Robert Fico za po\u0161kodzovanie vz\u0165ahov s Ukrajinou a medzin\u00e1rodn\u00fa izol\u00e1ciu Slovenska. \u201eHanba Ficovej politiky na v\u0161etky \u0161tyri svetov\u00e9 strany. Z\u00e1kern\u00e9 vydieranie Ukrajiny a zahrani\u010dn\u00e1 izol\u00e1cia Slovenska musia skon\u010di\u0165. Ak dostaneme d\u00f4veru v bud\u00facej vl\u00e1de, obnov\u00edme d\u00f4stojn\u00e9 a pevn\u00e9 vz\u0165ahy s Ukrajinou aj na\u0161imi partnermi v Eur\u00f3pskej \u00fanii a NATO,\u201c dodal Heger.<\/p>\n\n\n\n<p>Predstavitelia strany Demokrati z\u00e1rove\u0148 zd\u00f4raznili, \u017ee Slovensko nesmie by\u0165 tich\u00fdm svedkom agresie ani politick\u00fdm spojencom re\u017eimu, ktor\u00fd nesie zodpovednos\u0165 za tis\u00edce nevinn\u00fdch obet\u00ed. Slovensk\u00e1 zahrani\u010dn\u00e1 politika sa mus\u00ed vr\u00e1ti\u0165 k jasn\u00e9mu ukotveniu v demokratickom svete, k obrane medzin\u00e1rodn\u00e9ho pr\u00e1va a k jednozna\u010dnej podpore napadnutej Ukrajiny.<\/p>\n\n\n\n<figure class=\"wp-block-embed is-type-video is-provider-youtube wp-block-embed-youtube wp-embed-aspect-4-3 wp-has-aspect-ratio\"><div class=\"wp-block-embed__wrapper\">\n<iframe title=\"Live: 1. \u0160tvrt\u00e9 v\u00fdro\u010die vojny na Ukrajine 2. \u0160af\u00e1renie s eurofondami v zdravotn\u00edctve. Minister ml\u010d\u00ed\" width=\"500\" height=\"375\" src=\"https:\/\/www.youtube.com\/embed\/KvFeraWLDyM?feature=oembed\" frameborder=\"0\" allow=\"accelerometer; autoplay; clipboard-write; encrypted-media; gyroscope; picture-in-picture; web-share\" referrerpolicy=\"strict-origin-when-cross-origin\" allowfullscreen><\/iframe>\n<\/div><\/figure>\n","protected":false},"excerpt":{"rendered":"<p>Pri pr\u00edle\u017eitosti \u0161tvrt\u00e9ho v\u00fdro\u010dia ruskej inv\u00e1zie na Ukrajinu si pripom\u00edname krut\u00fa realitu vojny, ktor\u00fa rozp\u00fatal re\u017eim Vladim\u00edra Putina. Pod\u013ea dostupn\u00fdch \u00fadajov zahynulo za \u0161tyri roky viac ako 100-tis\u00edc ukrajinsk\u00fdch vojakov, ofici\u00e1lne 15 172 civilistov a 766 det\u00ed. Ide o obete agresie, ktor\u00e1 nem\u00e1 v modernej Eur\u00f3pe obdobu. Rusk\u00fd prezident Vladimir Putin nesie pln\u00fa zodpovednos\u0165 za [&hellip;]<\/p>\n","protected":false},"author":13,"featured_media":6470,"comment_status":"closed","ping_status":"closed","sticky":false,"template":"","format":"standard","meta":{"_acf_changed":false,"ngg_post_thumbnail":0,"footnotes":""},"categories":[4,1],"tags":[],"class_list":["post-8910","post","type-post","status-publish","format-standard","has-post-thumbnail","hentry","category-tlacove-spravy","category-uncategorized"],"acf":[],"yoast_head":"<!-- This site is optimized with the Yoast SEO plugin v27.2 - https:\/\/yoast.com\/product\/yoast-seo-wordpress\/ -->\n<title>\u0160tyri roky ruskej agresie: Putin mus\u00ed nies\u0165 zodpovednos\u0165, Slovensko sa mus\u00ed vr\u00e1ti\u0165 na stranu Ukrajiny<\/title>\n<meta name=\"robots\" content=\"index, follow, max-snippet:-1, max-image-preview:large, max-video-preview:-1\" \/>\n<link rel=\"canonical\" href=\"https:\/\/www.smedemokrati.sk\/hu\/styri-roky-ruskej-agresie-putin-musi-niest-zodpovednost-slovensko-sa-musi-vratit-na-stranu-ukrajiny\/\" \/>\n<meta property=\"og:locale\" content=\"hu_HU\" \/>\n<meta property=\"og:locale:alternate\" content=\"en_US\" \/>\n<meta property=\"og:locale:alternate\" content=\"cs_CZ\" \/>\n<meta property=\"og:locale:alternate\" content=\"sk_SK\" \/>\n<meta property=\"og:locale:alternate\" content=\"sv_SE\" \/>\n<meta property=\"og:type\" content=\"article\" \/>\n<meta property=\"og:title\" content=\"\u0160tyri roky ruskej agresie: Putin mus\u00ed nies\u0165 zodpovednos\u0165, Slovensko sa mus\u00ed vr\u00e1ti\u0165 na stranu Ukrajiny\" \/>\n<meta property=\"og:description\" content=\"Pri pr\u00edle\u017eitosti \u0161tvrt\u00e9ho v\u00fdro\u010dia ruskej inv\u00e1zie na Ukrajinu si pripom\u00edname krut\u00fa realitu vojny, ktor\u00fa rozp\u00fatal re\u017eim Vladim\u00edra Putina. Pod\u013ea dostupn\u00fdch \u00fadajov zahynulo za \u0161tyri roky viac ako 100-tis\u00edc ukrajinsk\u00fdch vojakov, ofici\u00e1lne 15 172 civilistov a 766 det\u00ed. Ide o obete agresie, ktor\u00e1 nem\u00e1 v modernej Eur\u00f3pe obdobu. Rusk\u00fd prezident Vladimir Putin nesie pln\u00fa zodpovednos\u0165 za [&hellip;]\" \/>\n<meta property=\"og:url\" content=\"https:\/\/www.smedemokrati.sk\/hu\/styri-roky-ruskej-agresie-putin-musi-niest-zodpovednost-slovensko-sa-musi-vratit-na-stranu-ukrajiny\/\" \/>\n<meta property=\"og:site_name\" content=\"Smedemokrati.sk\" \/>\n<meta property=\"article:publisher\" content=\"https:\/\/www.facebook.com\/smedemokrati2023\" \/>\n<meta property=\"article:published_time\" content=\"2026-02-24T15:54:36+00:00\" \/>\n<meta property=\"article:modified_time\" content=\"2026-02-24T15:55:21+00:00\" \/>\n<meta property=\"og:image\" content=\"https:\/\/www.smedemokrati.sk\/wp-content\/uploads\/2025\/02\/ukrajina.jpg\" \/>\n\t<meta property=\"og:image:width\" content=\"1777\" \/>\n\t<meta property=\"og:image:height\" content=\"729\" \/>\n\t<meta property=\"og:image:type\" content=\"image\/jpeg\" \/>\n<meta name=\"author\" content=\"miro.sopko\" \/>\n<meta name=\"twitter:card\" content=\"summary_large_image\" \/>\n<meta name=\"twitter:label1\" content=\"Szerz\u0151:\" \/>\n\t<meta name=\"twitter:data1\" content=\"miro.sopko\" \/>\n\t<meta name=\"twitter:label2\" content=\"Becs\u00fclt olvas\u00e1si id\u0151\" \/>\n\t<meta name=\"twitter:data2\" content=\"2 perc\" \/>\n<script type=\"application\/ld+json\" class=\"yoast-schema-graph\">{\"@context\":\"https:\/\/schema.org\",\"@graph\":[{\"@type\":\"Article\",\"@id\":\"https:\/\/www.smedemokrati.sk\/styri-roky-ruskej-agresie-putin-musi-niest-zodpovednost-slovensko-sa-musi-vratit-na-stranu-ukrajiny\/#article\",\"isPartOf\":{\"@id\":\"https:\/\/www.smedemokrati.sk\/styri-roky-ruskej-agresie-putin-musi-niest-zodpovednost-slovensko-sa-musi-vratit-na-stranu-ukrajiny\/\"},\"author\":{\"name\":\"miro.sopko\",\"@id\":\"https:\/\/www.smedemokrati.sk\/#\/schema\/person\/21f147c88d605aa7ded900e1e7c344ba\"},\"headline\":\"\u0160tyri roky ruskej agresie: Putin mus\u00ed nies\u0165 zodpovednos\u0165, Slovensko sa mus\u00ed vr\u00e1ti\u0165 na stranu Ukrajiny\",\"datePublished\":\"2026-02-24T15:54:36+00:00\",\"dateModified\":\"2026-02-24T15:55:21+00:00\",\"mainEntityOfPage\":{\"@id\":\"https:\/\/www.smedemokrati.sk\/styri-roky-ruskej-agresie-putin-musi-niest-zodpovednost-slovensko-sa-musi-vratit-na-stranu-ukrajiny\/\"},\"wordCount\":429,\"publisher\":{\"@id\":\"https:\/\/www.smedemokrati.sk\/#organization\"},\"image\":{\"@id\":\"https:\/\/www.smedemokrati.sk\/styri-roky-ruskej-agresie-putin-musi-niest-zodpovednost-slovensko-sa-musi-vratit-na-stranu-ukrajiny\/#primaryimage\"},\"thumbnailUrl\":\"https:\/\/www.smedemokrati.sk\/wp-content\/uploads\/2025\/02\/ukrajina.jpg\",\"articleSection\":[\"Tla\u010dov\u00e9 spr\u00e1vy\",\"Uncategorized\"],\"inLanguage\":\"hu-HU\"},{\"@type\":\"WebPage\",\"@id\":\"https:\/\/www.smedemokrati.sk\/styri-roky-ruskej-agresie-putin-musi-niest-zodpovednost-slovensko-sa-musi-vratit-na-stranu-ukrajiny\/\",\"url\":\"https:\/\/www.smedemokrati.sk\/styri-roky-ruskej-agresie-putin-musi-niest-zodpovednost-slovensko-sa-musi-vratit-na-stranu-ukrajiny\/\",\"name\":\"\u0160tyri roky ruskej agresie: Putin mus\u00ed nies\u0165 zodpovednos\u0165, Slovensko sa mus\u00ed vr\u00e1ti\u0165 na stranu Ukrajiny\",\"isPartOf\":{\"@id\":\"https:\/\/www.smedemokrati.sk\/#website\"},\"primaryImageOfPage\":{\"@id\":\"https:\/\/www.smedemokrati.sk\/styri-roky-ruskej-agresie-putin-musi-niest-zodpovednost-slovensko-sa-musi-vratit-na-stranu-ukrajiny\/#primaryimage\"},\"image\":{\"@id\":\"https:\/\/www.smedemokrati.sk\/styri-roky-ruskej-agresie-putin-musi-niest-zodpovednost-slovensko-sa-musi-vratit-na-stranu-ukrajiny\/#primaryimage\"},\"thumbnailUrl\":\"https:\/\/www.smedemokrati.sk\/wp-content\/uploads\/2025\/02\/ukrajina.jpg\",\"datePublished\":\"2026-02-24T15:54:36+00:00\",\"dateModified\":\"2026-02-24T15:55:21+00:00\",\"breadcrumb\":{\"@id\":\"https:\/\/www.smedemokrati.sk\/styri-roky-ruskej-agresie-putin-musi-niest-zodpovednost-slovensko-sa-musi-vratit-na-stranu-ukrajiny\/#breadcrumb\"},\"inLanguage\":\"hu-HU\",\"potentialAction\":[{\"@type\":\"ReadAction\",\"target\":[\"https:\/\/www.smedemokrati.sk\/styri-roky-ruskej-agresie-putin-musi-niest-zodpovednost-slovensko-sa-musi-vratit-na-stranu-ukrajiny\/\"]}]},{\"@type\":\"ImageObject\",\"inLanguage\":\"hu-HU\",\"@id\":\"https:\/\/www.smedemokrati.sk\/styri-roky-ruskej-agresie-putin-musi-niest-zodpovednost-slovensko-sa-musi-vratit-na-stranu-ukrajiny\/#primaryimage\",\"url\":\"https:\/\/www.smedemokrati.sk\/wp-content\/uploads\/2025\/02\/ukrajina.jpg\",\"contentUrl\":\"https:\/\/www.smedemokrati.sk\/wp-content\/uploads\/2025\/02\/ukrajina.jpg\",\"width\":1777,\"height\":729},{\"@type\":\"BreadcrumbList\",\"@id\":\"https:\/\/www.smedemokrati.sk\/styri-roky-ruskej-agresie-putin-musi-niest-zodpovednost-slovensko-sa-musi-vratit-na-stranu-ukrajiny\/#breadcrumb\",\"itemListElement\":[{\"@type\":\"ListItem\",\"position\":1,\"name\":\"Domovsk\u00e1 str\u00e1nka\",\"item\":\"https:\/\/www.smedemokrati.sk\/\"},{\"@type\":\"ListItem\",\"position\":2,\"name\":\"\u0160tyri roky ruskej agresie: Putin mus\u00ed nies\u0165 zodpovednos\u0165, Slovensko sa mus\u00ed vr\u00e1ti\u0165 na stranu Ukrajiny\"}]},{\"@type\":\"WebSite\",\"@id\":\"https:\/\/www.smedemokrati.sk\/#website\",\"url\":\"https:\/\/www.smedemokrati.sk\/\",\"name\":\"Smedemokrati.sk\",\"description\":\"Demokracia a slu\u0161nos\u0165 zv\u00ed\u0165az\u00ed\",\"publisher\":{\"@id\":\"https:\/\/www.smedemokrati.sk\/#organization\"},\"potentialAction\":[{\"@type\":\"SearchAction\",\"target\":{\"@type\":\"EntryPoint\",\"urlTemplate\":\"https:\/\/www.smedemokrati.sk\/?s={search_term_string}\"},\"query-input\":{\"@type\":\"PropertyValueSpecification\",\"valueRequired\":true,\"valueName\":\"search_term_string\"}}],\"inLanguage\":\"hu-HU\"},{\"@type\":\"Organization\",\"@id\":\"https:\/\/www.smedemokrati.sk\/#organization\",\"name\":\"Smedemokrati.sk\",\"url\":\"https:\/\/www.smedemokrati.sk\/\",\"logo\":{\"@type\":\"ImageObject\",\"inLanguage\":\"hu-HU\",\"@id\":\"https:\/\/www.smedemokrati.sk\/#\/schema\/logo\/image\/\",\"url\":\"https:\/\/www.smedemokrati.sk\/wp-content\/uploads\/2023\/04\/ff.002.jpeg\",\"contentUrl\":\"https:\/\/www.smedemokrati.sk\/wp-content\/uploads\/2023\/04\/ff.002.jpeg\",\"width\":640,\"height\":480,\"caption\":\"Smedemokrati.sk\"},\"image\":{\"@id\":\"https:\/\/www.smedemokrati.sk\/#\/schema\/logo\/image\/\"},\"sameAs\":[\"https:\/\/www.facebook.com\/smedemokrati2023\"]},{\"@type\":\"Person\",\"@id\":\"https:\/\/www.smedemokrati.sk\/#\/schema\/person\/21f147c88d605aa7ded900e1e7c344ba\",\"name\":\"miro.sopko\",\"image\":{\"@type\":\"ImageObject\",\"inLanguage\":\"hu-HU\",\"@id\":\"https:\/\/secure.gravatar.com\/avatar\/267e4a36f704376c109afe3a78740c1f5dd8675a2180a908699e7863c9247606?s=96&d=mm&r=g\",\"url\":\"https:\/\/secure.gravatar.com\/avatar\/267e4a36f704376c109afe3a78740c1f5dd8675a2180a908699e7863c9247606?s=96&d=mm&r=g\",\"contentUrl\":\"https:\/\/secure.gravatar.com\/avatar\/267e4a36f704376c109afe3a78740c1f5dd8675a2180a908699e7863c9247606?s=96&d=mm&r=g\",\"caption\":\"miro.sopko\"},\"url\":\"https:\/\/www.smedemokrati.sk\/hu\/author\/miro-sopko\/\"}]}<\/script>\n<!-- \/ Yoast SEO plugin. -->","yoast_head_json":{"title":"\u0160tyri roky ruskej agresie: Putin mus\u00ed nies\u0165 zodpovednos\u0165, Slovensko sa mus\u00ed vr\u00e1ti\u0165 na stranu Ukrajiny","robots":{"index":"index","follow":"follow","max-snippet":"max-snippet:-1","max-image-preview":"max-image-preview:large","max-video-preview":"max-video-preview:-1"},"canonical":"https:\/\/www.smedemokrati.sk\/hu\/styri-roky-ruskej-agresie-putin-musi-niest-zodpovednost-slovensko-sa-musi-vratit-na-stranu-ukrajiny\/","og_locale":"hu_HU","og_type":"article","og_title":"[:sk]\u0160tyri roky ruskej agresie: Putin mus\u00ed nies\u0165 zodpovednos\u0165, Slovensko sa mus\u00ed vr\u00e1ti\u0165 na stranu Ukrajiny[:] - Smedemokrati.sk","og_description":"Pri pr\u00edle\u017eitosti \u0161tvrt\u00e9ho v\u00fdro\u010dia ruskej inv\u00e1zie na Ukrajinu si pripom\u00edname krut\u00fa realitu vojny, ktor\u00fa rozp\u00fatal re\u017eim Vladim\u00edra Putina. Pod\u013ea dostupn\u00fdch \u00fadajov zahynulo za \u0161tyri roky viac ako 100-tis\u00edc ukrajinsk\u00fdch vojakov, ofici\u00e1lne 15 172 civilistov a 766 det\u00ed. Ide o obete agresie, ktor\u00e1 nem\u00e1 v modernej Eur\u00f3pe obdobu. Rusk\u00fd prezident Vladimir Putin nesie pln\u00fa zodpovednos\u0165 za [&hellip;]","og_url":"https:\/\/www.smedemokrati.sk\/hu\/styri-roky-ruskej-agresie-putin-musi-niest-zodpovednost-slovensko-sa-musi-vratit-na-stranu-ukrajiny\/","og_site_name":"Smedemokrati.sk","article_publisher":"https:\/\/www.facebook.com\/smedemokrati2023","article_published_time":"2026-02-24T15:54:36+00:00","article_modified_time":"2026-02-24T15:55:21+00:00","og_image":[{"width":1777,"height":729,"url":"https:\/\/www.smedemokrati.sk\/wp-content\/uploads\/2025\/02\/ukrajina.jpg","type":"image\/jpeg"}],"author":"miro.sopko","twitter_card":"summary_large_image","twitter_misc":{"Szerz\u0151:":"miro.sopko","Becs\u00fclt olvas\u00e1si id\u0151":"2 perc"},"schema":{"@context":"https:\/\/schema.org","@graph":[{"@type":"Article","@id":"https:\/\/www.smedemokrati.sk\/styri-roky-ruskej-agresie-putin-musi-niest-zodpovednost-slovensko-sa-musi-vratit-na-stranu-ukrajiny\/#article","isPartOf":{"@id":"https:\/\/www.smedemokrati.sk\/styri-roky-ruskej-agresie-putin-musi-niest-zodpovednost-slovensko-sa-musi-vratit-na-stranu-ukrajiny\/"},"author":{"name":"miro.sopko","@id":"https:\/\/www.smedemokrati.sk\/#\/schema\/person\/21f147c88d605aa7ded900e1e7c344ba"},"headline":"\u0160tyri roky ruskej agresie: Putin mus\u00ed nies\u0165 zodpovednos\u0165, Slovensko sa mus\u00ed vr\u00e1ti\u0165 na stranu Ukrajiny","datePublished":"2026-02-24T15:54:36+00:00","dateModified":"2026-02-24T15:55:21+00:00","mainEntityOfPage":{"@id":"https:\/\/www.smedemokrati.sk\/styri-roky-ruskej-agresie-putin-musi-niest-zodpovednost-slovensko-sa-musi-vratit-na-stranu-ukrajiny\/"},"wordCount":429,"publisher":{"@id":"https:\/\/www.smedemokrati.sk\/#organization"},"image":{"@id":"https:\/\/www.smedemokrati.sk\/styri-roky-ruskej-agresie-putin-musi-niest-zodpovednost-slovensko-sa-musi-vratit-na-stranu-ukrajiny\/#primaryimage"},"thumbnailUrl":"https:\/\/www.smedemokrati.sk\/wp-content\/uploads\/2025\/02\/ukrajina.jpg","articleSection":["Tla\u010dov\u00e9 spr\u00e1vy","Uncategorized"],"inLanguage":"hu-HU"},{"@type":"WebPage","@id":"https:\/\/www.smedemokrati.sk\/styri-roky-ruskej-agresie-putin-musi-niest-zodpovednost-slovensko-sa-musi-vratit-na-stranu-ukrajiny\/","url":"https:\/\/www.smedemokrati.sk\/styri-roky-ruskej-agresie-putin-musi-niest-zodpovednost-slovensko-sa-musi-vratit-na-stranu-ukrajiny\/","name":"\u0160tyri roky ruskej agresie: Putin mus\u00ed nies\u0165 zodpovednos\u0165, Slovensko sa mus\u00ed vr\u00e1ti\u0165 na stranu Ukrajiny","isPartOf":{"@id":"https:\/\/www.smedemokrati.sk\/#website"},"primaryImageOfPage":{"@id":"https:\/\/www.smedemokrati.sk\/styri-roky-ruskej-agresie-putin-musi-niest-zodpovednost-slovensko-sa-musi-vratit-na-stranu-ukrajiny\/#primaryimage"},"image":{"@id":"https:\/\/www.smedemokrati.sk\/styri-roky-ruskej-agresie-putin-musi-niest-zodpovednost-slovensko-sa-musi-vratit-na-stranu-ukrajiny\/#primaryimage"},"thumbnailUrl":"https:\/\/www.smedemokrati.sk\/wp-content\/uploads\/2025\/02\/ukrajina.jpg","datePublished":"2026-02-24T15:54:36+00:00","dateModified":"2026-02-24T15:55:21+00:00","breadcrumb":{"@id":"https:\/\/www.smedemokrati.sk\/styri-roky-ruskej-agresie-putin-musi-niest-zodpovednost-slovensko-sa-musi-vratit-na-stranu-ukrajiny\/#breadcrumb"},"inLanguage":"hu-HU","potentialAction":[{"@type":"ReadAction","target":["https:\/\/www.smedemokrati.sk\/styri-roky-ruskej-agresie-putin-musi-niest-zodpovednost-slovensko-sa-musi-vratit-na-stranu-ukrajiny\/"]}]},{"@type":"ImageObject","inLanguage":"hu-HU","@id":"https:\/\/www.smedemokrati.sk\/styri-roky-ruskej-agresie-putin-musi-niest-zodpovednost-slovensko-sa-musi-vratit-na-stranu-ukrajiny\/#primaryimage","url":"https:\/\/www.smedemokrati.sk\/wp-content\/uploads\/2025\/02\/ukrajina.jpg","contentUrl":"https:\/\/www.smedemokrati.sk\/wp-content\/uploads\/2025\/02\/ukrajina.jpg","width":1777,"height":729},{"@type":"BreadcrumbList","@id":"https:\/\/www.smedemokrati.sk\/styri-roky-ruskej-agresie-putin-musi-niest-zodpovednost-slovensko-sa-musi-vratit-na-stranu-ukrajiny\/#breadcrumb","itemListElement":[{"@type":"ListItem","position":1,"name":"Domovsk\u00e1 str\u00e1nka","item":"https:\/\/www.smedemokrati.sk\/"},{"@type":"ListItem","position":2,"name":"\u0160tyri roky ruskej agresie: Putin mus\u00ed nies\u0165 zodpovednos\u0165, Slovensko sa mus\u00ed vr\u00e1ti\u0165 na stranu Ukrajiny"}]},{"@type":"WebSite","@id":"https:\/\/www.smedemokrati.sk\/#website","url":"https:\/\/www.smedemokrati.sk\/","name":"Smedemokrati.sk","description":"Demokracia a slu\u0161nos\u0165 zv\u00ed\u0165az\u00ed","publisher":{"@id":"https:\/\/www.smedemokrati.sk\/#organization"},"potentialAction":[{"@type":"SearchAction","target":{"@type":"EntryPoint","urlTemplate":"https:\/\/www.smedemokrati.sk\/?s={search_term_string}"},"query-input":{"@type":"PropertyValueSpecification","valueRequired":true,"valueName":"search_term_string"}}],"inLanguage":"hu-HU"},{"@type":"Organization","@id":"https:\/\/www.smedemokrati.sk\/#organization","name":"Smedemokrati.sk","url":"https:\/\/www.smedemokrati.sk\/","logo":{"@type":"ImageObject","inLanguage":"hu-HU","@id":"https:\/\/www.smedemokrati.sk\/#\/schema\/logo\/image\/","url":"https:\/\/www.smedemokrati.sk\/wp-content\/uploads\/2023\/04\/ff.002.jpeg","contentUrl":"https:\/\/www.smedemokrati.sk\/wp-content\/uploads\/2023\/04\/ff.002.jpeg","width":640,"height":480,"caption":"Smedemokrati.sk"},"image":{"@id":"https:\/\/www.smedemokrati.sk\/#\/schema\/logo\/image\/"},"sameAs":["https:\/\/www.facebook.com\/smedemokrati2023"]},{"@type":"Person","@id":"https:\/\/www.smedemokrati.sk\/#\/schema\/person\/21f147c88d605aa7ded900e1e7c344ba","name":"miro.sopko","image":{"@type":"ImageObject","inLanguage":"hu-HU","@id":"https:\/\/secure.gravatar.com\/avatar\/267e4a36f704376c109afe3a78740c1f5dd8675a2180a908699e7863c9247606?s=96&d=mm&r=g","url":"https:\/\/secure.gravatar.com\/avatar\/267e4a36f704376c109afe3a78740c1f5dd8675a2180a908699e7863c9247606?s=96&d=mm&r=g","contentUrl":"https:\/\/secure.gravatar.com\/avatar\/267e4a36f704376c109afe3a78740c1f5dd8675a2180a908699e7863c9247606?s=96&d=mm&r=g","caption":"miro.sopko"},"url":"https:\/\/www.smedemokrati.sk\/hu\/author\/miro-sopko\/"}]}},"_links":{"self":[{"href":"https:\/\/www.smedemokrati.sk\/hu\/wp-json\/wp\/v2\/posts\/8910","targetHints":{"allow":["GET"]}}],"collection":[{"href":"https:\/\/www.smedemokrati.sk\/hu\/wp-json\/wp\/v2\/posts"}],"about":[{"href":"https:\/\/www.smedemokrati.sk\/hu\/wp-json\/wp\/v2\/types\/post"}],"author":[{"embeddable":true,"href":"https:\/\/www.smedemokrati.sk\/hu\/wp-json\/wp\/v2\/users\/13"}],"replies":[{"embeddable":true,"href":"https:\/\/www.smedemokrati.sk\/hu\/wp-json\/wp\/v2\/comments?post=8910"}],"version-history":[{"count":1,"href":"https:\/\/www.smedemokrati.sk\/hu\/wp-json\/wp\/v2\/posts\/8910\/revisions"}],"predecessor-version":[{"id":8911,"href":"https:\/\/www.smedemokrati.sk\/hu\/wp-json\/wp\/v2\/posts\/8910\/revisions\/8911"}],"wp:featuredmedia":[{"embeddable":true,"href":"https:\/\/www.smedemokrati.sk\/hu\/wp-json\/wp\/v2\/media\/6470"}],"wp:attachment":[{"href":"https:\/\/www.smedemokrati.sk\/hu\/wp-json\/wp\/v2\/media?parent=8910"}],"wp:term":[{"taxonomy":"category","embeddable":true,"href":"https:\/\/www.smedemokrati.sk\/hu\/wp-json\/wp\/v2\/categories?post=8910"},{"taxonomy":"post_tag","embeddable":true,"href":"https:\/\/www.smedemokrati.sk\/hu\/wp-json\/wp\/v2\/tags?post=8910"}],"curies":[{"name":"wp","href":"https:\/\/api.w.org\/{rel}","templated":true}]}}