{"id":8894,"date":"2026-02-21T08:57:42","date_gmt":"2026-02-21T07:57:42","guid":{"rendered":"https:\/\/www.smedemokrati.sk\/?p=8894"},"modified":"2026-02-21T08:57:44","modified_gmt":"2026-02-21T07:57:44","slug":"nezabudame-jan-a-martina-prosime-slusnych-ludi-nevzdavajte-to","status":"publish","type":"post","link":"https:\/\/www.smedemokrati.sk\/hu\/nezabudame-jan-a-martina-prosime-slusnych-ludi-nevzdavajte-to\/","title":{"rendered":"Nezab\u00fadame J\u00e1n a Martina. Pros\u00edme slu\u0161n\u00fdch \u013eud\u00ed nevzd\u00e1vajte to"},"content":{"rendered":"<div id=\"fb-root\"><\/div>\n\n<p><strong>Dnes uplynulo osem rokov od chladnokrvnej vra\u017edy investigat\u00edvneho novin\u00e1ra J\u00e1na Kuciaka a jeho sn\u00fabenice Martiny Ku\u0161n\u00edrovej. Osem rokov bolesti pre ich rodiny, osem rokov z\u00e1pasu o spravodlivej\u0161ie a slu\u0161nej\u0161ie Slovensko. Napriek tomu dodnes nepozn\u00e1me men\u00e1 objedn\u00e1vate\u013eov tejto ohavnej vra\u017edy. S\u00fadny proces za\u010d\u00edna pripom\u00edna\u0165 nekone\u010dn\u00fd pr\u00edbeh a nie spravodliv\u00fd s\u00fadny proces.\u00a0<\/strong><\/p>\n\n\n\n<p>Strana Demokrati si pripom\u00edna J\u00e1na Kuciaka a Martinu Ku\u0161n\u00edrov\u00fa ako symbol z\u00e1pasu za slu\u0161n\u00e9 Slovensko a vyjadruje \u00faprimn\u00fa s\u00fastras\u0165 ich rodin\u00e1m a bl\u00edzkym.<\/p>\n\n\n\n<p><em>\u201eJ\u00e1n a Martina dnes mohli ma\u0165 rodinu, J\u00e1n mohol nap\u00edsa\u0165 stovky \u010fal\u0161\u00edch \u010dl\u00e1nkov a Slovensko mohlo by\u0165 lep\u0161\u00edm miestom. Namiesto toho po \u00f4smich rokoch naplno vid\u00edme, ako hlboko je syst\u00e9m \u201ana\u0161ich \u013eud\u00ed\u2018 rozlezen\u00fd po \u0161t\u00e1te. Vra\u017edu stvoril pocit beztrestnosti, ktor\u00fd tu dlh\u00e9 roky budovali vl\u00e1dy Smeru a osobne Robert Fico,\u201c<\/em>&nbsp;uviedol podpredseda Demokratov Juraj \u0160eliga.<\/p>\n\n\n\n<p>Pod\u013ea Demokratov je pr\u00e1vny \u0161t\u00e1t na Slovensku v ohrozen\u00ed.&nbsp;<em>\u201eDnes n\u00e1m vl\u00e1dne syst\u00e9m, ktor\u00ed nepom\u00e1ha odhali\u0165 objedn\u00e1vate\u013eov vra\u017edy, naopak vl\u00e1dne n\u00e1m vl\u00e1da, ktor\u00e1 pom\u00e1ha ob\u017ealovanemu Ko\u010dnerovi. Z\u00e1kony, ktor\u00e9 prijala t\u00e1to vl\u00e1da s\u00fa p\u013euvancom do tv\u00e1re pamiatky J\u00e1na a Martiny a spravodlivosti. Namiesto posil\u0148ovania spravodlivosti vl\u00e1da prij\u00edma trestn\u00e9 novely, ktor\u00e9 pom\u00e1haj\u00fa ob\u017ealovan\u00fdm a m\u00f4\u017eu ohrozova\u0165 prebiehaj\u00face s\u00fadne procesy.\u201d<\/em>&nbsp;pripom\u00edna Juraj \u0160eliga&nbsp;<\/p>\n\n\n\n<p><em>\u201eNa lavici ob\u017ealovan\u00fdch nesed\u00ed len Ko\u010dner, spolu s n\u00edm tam obrazne sed\u00ed cel\u00fd syst\u00e9m na\u0161ich \u013eud\u00ed, ktor\u00fd dovolil existova\u0165 a roz\u0165ahova\u0165 sa \u201cko\u010dnerovcom\u201d. V\u0161etci t\u00ed, s ktor\u00fdmi si dopisoval, ktor\u00fdch korumpoval, ktor\u00fa volal na zab\u00edja\u010dky, ktor\u00fdch volal svojim \u0161\u00e9fom, ktor\u00ed ho kryli, ktor\u00ed ignorovali z\u00e1kon. ktor\u00ed J\u00e1novi neposkytli policajn\u00fa ochranu a pomocn\u00fa ruku, ke\u010f ju potreboval.\u201d<\/em>\u00a0dodal \u0160eliga.<\/p>\n\n\n\n<p>Demokrati pripom\u00ednaj\u00fa, \u017ee ke\u010f pred rokom Juraj \u0160eliga vo Ve\u013ekej Ma\u010di hovoril o tom, \u017ee zaprisah\u00e1va vl\u00e1dnu moc, aby nepom\u00e1hala Ko\u010dnerovi a spol. bol nezmyselne obvinen\u00fd z trestn\u00e9ho \u010dinu podnecovania. Vl\u00e1dna moc napriek t\u00fdmto v\u00fdzvam pomohla trestnou novelou ob\u017ealovan\u00fdm a tak nepr\u00edpustne zasiahla do nez\u00e1vislej s\u00fadnej moci. Tak\u00e9to z\u00e1sahy nepom\u00e1haj\u00fa spravodlivosti, naopak krivia ju a ohrozuj\u00fa.&nbsp;<\/p>\n\n\n\n<p>Predseda Demokratov Jaroslav Na\u010f zd\u00f4raznil, \u017ee ka\u017ed\u00e1 vl\u00e1da m\u00e1 povinnos\u0165 urobi\u0165 maximum pre potrestanie p\u00e1chate\u013eov a objedn\u00e1vate\u013eov.&nbsp;<em>\u201eT\u00e1to vl\u00e1da v\u0161ak rob\u00ed presn\u00fd opak. Zasahuje do pr\u00e1ce s\u00fadov a oslabuje spravodlivos\u0165. Ako Demokrati urob\u00edme v\u0161etko pre to, aby sa objedn\u00e1vatelia vra\u017edy J\u00e1na a Martiny postavili pred spravodliv\u00fd s\u00fad. Kv\u00f4li nim, kv\u00f4li ich rodi\u010dom, kv\u00f4li Slovensku.\u201c<\/em><\/p>\n\n\n\n<p><em>\u201ePros\u00edme v\u0161etk\u00fdch slu\u0161n\u00fdch \u013eud\u00ed, nevzd\u00e1vajte z\u00e1pas o Slovensko, nerezignujte, nenechajme sa udupa\u0165 nen\u00e1vis\u0165ou, nespravodlivos\u0165ou a aroganciou vl\u00e1dnej moci. Ak vydr\u017e\u00edme a spoj\u00edme sa, zv\u00ed\u0165az\u00edme, aj ke\u010f je to neuverite\u013ene \u0165a\u017ek\u00e9.\u201d\u00a0<\/em>hovor\u00ed Jaroslav Na\u010f, predseda Demokratov.\u00a0<\/p>\n\n\n\n<figure class=\"wp-block-video\"><video height=\"1080\" style=\"aspect-ratio: 1080 \/ 1080;\" width=\"1080\" controls src=\"https:\/\/www.smedemokrati.sk\/wp-content\/uploads\/2026\/02\/Captions-42F33a.mp4\"><\/video><\/figure>\n","protected":false},"excerpt":{"rendered":"<p>Dnes uplynulo osem rokov od chladnokrvnej vra\u017edy investigat\u00edvneho novin\u00e1ra J\u00e1na Kuciaka a jeho sn\u00fabenice Martiny Ku\u0161n\u00edrovej. Osem rokov bolesti pre ich rodiny, osem rokov z\u00e1pasu o spravodlivej\u0161ie a slu\u0161nej\u0161ie Slovensko. Napriek tomu dodnes nepozn\u00e1me men\u00e1 objedn\u00e1vate\u013eov tejto ohavnej vra\u017edy. S\u00fadny proces za\u010d\u00edna pripom\u00edna\u0165 nekone\u010dn\u00fd pr\u00edbeh a nie spravodliv\u00fd s\u00fadny proces.\u00a0 Strana Demokrati si pripom\u00edna J\u00e1na [&hellip;]<\/p>\n","protected":false},"author":13,"featured_media":8896,"comment_status":"closed","ping_status":"closed","sticky":false,"template":"","format":"standard","meta":{"_acf_changed":false,"ngg_post_thumbnail":0,"footnotes":""},"categories":[4],"tags":[],"class_list":["post-8894","post","type-post","status-publish","format-standard","has-post-thumbnail","hentry","category-tlacove-spravy"],"acf":[],"yoast_head":"<!-- This site is optimized with the Yoast SEO plugin v27.2 - https:\/\/yoast.com\/product\/yoast-seo-wordpress\/ -->\n<title>Nezab\u00fadame J\u00e1n a Martina. Pros\u00edme slu\u0161n\u00fdch \u013eud\u00ed nevzd\u00e1vajte to<\/title>\n<meta name=\"robots\" content=\"index, follow, max-snippet:-1, max-image-preview:large, max-video-preview:-1\" \/>\n<link rel=\"canonical\" href=\"https:\/\/www.smedemokrati.sk\/hu\/nezabudame-jan-a-martina-prosime-slusnych-ludi-nevzdavajte-to\/\" \/>\n<meta property=\"og:locale\" content=\"hu_HU\" \/>\n<meta property=\"og:locale:alternate\" content=\"en_US\" \/>\n<meta property=\"og:locale:alternate\" content=\"cs_CZ\" \/>\n<meta property=\"og:locale:alternate\" content=\"sk_SK\" \/>\n<meta property=\"og:locale:alternate\" content=\"sv_SE\" \/>\n<meta property=\"og:type\" content=\"article\" \/>\n<meta property=\"og:title\" content=\"Nezab\u00fadame J\u00e1n a Martina. Pros\u00edme slu\u0161n\u00fdch \u013eud\u00ed nevzd\u00e1vajte to\" \/>\n<meta property=\"og:description\" content=\"Dnes uplynulo osem rokov od chladnokrvnej vra\u017edy investigat\u00edvneho novin\u00e1ra J\u00e1na Kuciaka a jeho sn\u00fabenice Martiny Ku\u0161n\u00edrovej. Osem rokov bolesti pre ich rodiny, osem rokov z\u00e1pasu o spravodlivej\u0161ie a slu\u0161nej\u0161ie Slovensko. Napriek tomu dodnes nepozn\u00e1me men\u00e1 objedn\u00e1vate\u013eov tejto ohavnej vra\u017edy. S\u00fadny proces za\u010d\u00edna pripom\u00edna\u0165 nekone\u010dn\u00fd pr\u00edbeh a nie spravodliv\u00fd s\u00fadny proces.\u00a0 Strana Demokrati si pripom\u00edna J\u00e1na [&hellip;]\" \/>\n<meta property=\"og:url\" content=\"https:\/\/www.smedemokrati.sk\/hu\/nezabudame-jan-a-martina-prosime-slusnych-ludi-nevzdavajte-to\/\" \/>\n<meta property=\"og:site_name\" content=\"Smedemokrati.sk\" \/>\n<meta property=\"article:publisher\" content=\"https:\/\/www.facebook.com\/smedemokrati2023\" \/>\n<meta property=\"article:published_time\" content=\"2026-02-21T07:57:42+00:00\" \/>\n<meta property=\"article:modified_time\" content=\"2026-02-21T07:57:44+00:00\" \/>\n<meta property=\"og:image\" content=\"https:\/\/www.smedemokrati.sk\/wp-content\/uploads\/2026\/02\/all-for-jan-and-martina.png\" \/>\n\t<meta property=\"og:image:width\" content=\"573\" \/>\n\t<meta property=\"og:image:height\" content=\"355\" \/>\n\t<meta property=\"og:image:type\" content=\"image\/png\" \/>\n<meta name=\"author\" content=\"miro.sopko\" \/>\n<meta name=\"twitter:card\" content=\"summary_large_image\" \/>\n<meta name=\"twitter:label1\" content=\"Szerz\u0151:\" \/>\n\t<meta name=\"twitter:data1\" content=\"miro.sopko\" \/>\n\t<meta name=\"twitter:label2\" content=\"Becs\u00fclt olvas\u00e1si id\u0151\" \/>\n\t<meta name=\"twitter:data2\" content=\"3 perc\" \/>\n<script type=\"application\/ld+json\" class=\"yoast-schema-graph\">{\"@context\":\"https:\/\/schema.org\",\"@graph\":[{\"@type\":\"Article\",\"@id\":\"https:\/\/www.smedemokrati.sk\/nezabudame-jan-a-martina-prosime-slusnych-ludi-nevzdavajte-to\/#article\",\"isPartOf\":{\"@id\":\"https:\/\/www.smedemokrati.sk\/nezabudame-jan-a-martina-prosime-slusnych-ludi-nevzdavajte-to\/\"},\"author\":{\"name\":\"miro.sopko\",\"@id\":\"https:\/\/www.smedemokrati.sk\/#\/schema\/person\/21f147c88d605aa7ded900e1e7c344ba\"},\"headline\":\"Nezab\u00fadame J\u00e1n a Martina. Pros\u00edme slu\u0161n\u00fdch \u013eud\u00ed nevzd\u00e1vajte to\",\"datePublished\":\"2026-02-21T07:57:42+00:00\",\"dateModified\":\"2026-02-21T07:57:44+00:00\",\"mainEntityOfPage\":{\"@id\":\"https:\/\/www.smedemokrati.sk\/nezabudame-jan-a-martina-prosime-slusnych-ludi-nevzdavajte-to\/\"},\"wordCount\":562,\"publisher\":{\"@id\":\"https:\/\/www.smedemokrati.sk\/#organization\"},\"image\":{\"@id\":\"https:\/\/www.smedemokrati.sk\/nezabudame-jan-a-martina-prosime-slusnych-ludi-nevzdavajte-to\/#primaryimage\"},\"thumbnailUrl\":\"https:\/\/www.smedemokrati.sk\/wp-content\/uploads\/2026\/02\/all-for-jan-and-martina.png\",\"articleSection\":[\"Tla\u010dov\u00e9 spr\u00e1vy\"],\"inLanguage\":\"hu-HU\"},{\"@type\":\"WebPage\",\"@id\":\"https:\/\/www.smedemokrati.sk\/nezabudame-jan-a-martina-prosime-slusnych-ludi-nevzdavajte-to\/\",\"url\":\"https:\/\/www.smedemokrati.sk\/nezabudame-jan-a-martina-prosime-slusnych-ludi-nevzdavajte-to\/\",\"name\":\"Nezab\u00fadame J\u00e1n a Martina. Pros\u00edme slu\u0161n\u00fdch \u013eud\u00ed nevzd\u00e1vajte to\",\"isPartOf\":{\"@id\":\"https:\/\/www.smedemokrati.sk\/#website\"},\"primaryImageOfPage\":{\"@id\":\"https:\/\/www.smedemokrati.sk\/nezabudame-jan-a-martina-prosime-slusnych-ludi-nevzdavajte-to\/#primaryimage\"},\"image\":{\"@id\":\"https:\/\/www.smedemokrati.sk\/nezabudame-jan-a-martina-prosime-slusnych-ludi-nevzdavajte-to\/#primaryimage\"},\"thumbnailUrl\":\"https:\/\/www.smedemokrati.sk\/wp-content\/uploads\/2026\/02\/all-for-jan-and-martina.png\",\"datePublished\":\"2026-02-21T07:57:42+00:00\",\"dateModified\":\"2026-02-21T07:57:44+00:00\",\"breadcrumb\":{\"@id\":\"https:\/\/www.smedemokrati.sk\/nezabudame-jan-a-martina-prosime-slusnych-ludi-nevzdavajte-to\/#breadcrumb\"},\"inLanguage\":\"hu-HU\",\"potentialAction\":[{\"@type\":\"ReadAction\",\"target\":[\"https:\/\/www.smedemokrati.sk\/nezabudame-jan-a-martina-prosime-slusnych-ludi-nevzdavajte-to\/\"]}]},{\"@type\":\"ImageObject\",\"inLanguage\":\"hu-HU\",\"@id\":\"https:\/\/www.smedemokrati.sk\/nezabudame-jan-a-martina-prosime-slusnych-ludi-nevzdavajte-to\/#primaryimage\",\"url\":\"https:\/\/www.smedemokrati.sk\/wp-content\/uploads\/2026\/02\/all-for-jan-and-martina.png\",\"contentUrl\":\"https:\/\/www.smedemokrati.sk\/wp-content\/uploads\/2026\/02\/all-for-jan-and-martina.png\",\"width\":573,\"height\":355},{\"@type\":\"BreadcrumbList\",\"@id\":\"https:\/\/www.smedemokrati.sk\/nezabudame-jan-a-martina-prosime-slusnych-ludi-nevzdavajte-to\/#breadcrumb\",\"itemListElement\":[{\"@type\":\"ListItem\",\"position\":1,\"name\":\"Domovsk\u00e1 str\u00e1nka\",\"item\":\"https:\/\/www.smedemokrati.sk\/\"},{\"@type\":\"ListItem\",\"position\":2,\"name\":\"Nezab\u00fadame J\u00e1n a Martina. Pros\u00edme slu\u0161n\u00fdch \u013eud\u00ed nevzd\u00e1vajte to\"}]},{\"@type\":\"WebSite\",\"@id\":\"https:\/\/www.smedemokrati.sk\/#website\",\"url\":\"https:\/\/www.smedemokrati.sk\/\",\"name\":\"Smedemokrati.sk\",\"description\":\"Demokracia a slu\u0161nos\u0165 zv\u00ed\u0165az\u00ed\",\"publisher\":{\"@id\":\"https:\/\/www.smedemokrati.sk\/#organization\"},\"potentialAction\":[{\"@type\":\"SearchAction\",\"target\":{\"@type\":\"EntryPoint\",\"urlTemplate\":\"https:\/\/www.smedemokrati.sk\/?s={search_term_string}\"},\"query-input\":{\"@type\":\"PropertyValueSpecification\",\"valueRequired\":true,\"valueName\":\"search_term_string\"}}],\"inLanguage\":\"hu-HU\"},{\"@type\":\"Organization\",\"@id\":\"https:\/\/www.smedemokrati.sk\/#organization\",\"name\":\"Smedemokrati.sk\",\"url\":\"https:\/\/www.smedemokrati.sk\/\",\"logo\":{\"@type\":\"ImageObject\",\"inLanguage\":\"hu-HU\",\"@id\":\"https:\/\/www.smedemokrati.sk\/#\/schema\/logo\/image\/\",\"url\":\"https:\/\/www.smedemokrati.sk\/wp-content\/uploads\/2023\/04\/ff.002.jpeg\",\"contentUrl\":\"https:\/\/www.smedemokrati.sk\/wp-content\/uploads\/2023\/04\/ff.002.jpeg\",\"width\":640,\"height\":480,\"caption\":\"Smedemokrati.sk\"},\"image\":{\"@id\":\"https:\/\/www.smedemokrati.sk\/#\/schema\/logo\/image\/\"},\"sameAs\":[\"https:\/\/www.facebook.com\/smedemokrati2023\"]},{\"@type\":\"Person\",\"@id\":\"https:\/\/www.smedemokrati.sk\/#\/schema\/person\/21f147c88d605aa7ded900e1e7c344ba\",\"name\":\"miro.sopko\",\"image\":{\"@type\":\"ImageObject\",\"inLanguage\":\"hu-HU\",\"@id\":\"https:\/\/secure.gravatar.com\/avatar\/267e4a36f704376c109afe3a78740c1f5dd8675a2180a908699e7863c9247606?s=96&d=mm&r=g\",\"url\":\"https:\/\/secure.gravatar.com\/avatar\/267e4a36f704376c109afe3a78740c1f5dd8675a2180a908699e7863c9247606?s=96&d=mm&r=g\",\"contentUrl\":\"https:\/\/secure.gravatar.com\/avatar\/267e4a36f704376c109afe3a78740c1f5dd8675a2180a908699e7863c9247606?s=96&d=mm&r=g\",\"caption\":\"miro.sopko\"},\"url\":\"https:\/\/www.smedemokrati.sk\/hu\/author\/miro-sopko\/\"}]}<\/script>\n<!-- \/ Yoast SEO plugin. -->","yoast_head_json":{"title":"Nezab\u00fadame J\u00e1n a Martina. Pros\u00edme slu\u0161n\u00fdch \u013eud\u00ed nevzd\u00e1vajte to","robots":{"index":"index","follow":"follow","max-snippet":"max-snippet:-1","max-image-preview":"max-image-preview:large","max-video-preview":"max-video-preview:-1"},"canonical":"https:\/\/www.smedemokrati.sk\/hu\/nezabudame-jan-a-martina-prosime-slusnych-ludi-nevzdavajte-to\/","og_locale":"hu_HU","og_type":"article","og_title":"[:sk]Nezab\u00fadame J\u00e1n a Martina. Pros\u00edme slu\u0161n\u00fdch \u013eud\u00ed nevzd\u00e1vajte to[:] - Smedemokrati.sk","og_description":"Dnes uplynulo osem rokov od chladnokrvnej vra\u017edy investigat\u00edvneho novin\u00e1ra J\u00e1na Kuciaka a jeho sn\u00fabenice Martiny Ku\u0161n\u00edrovej. Osem rokov bolesti pre ich rodiny, osem rokov z\u00e1pasu o spravodlivej\u0161ie a slu\u0161nej\u0161ie Slovensko. Napriek tomu dodnes nepozn\u00e1me men\u00e1 objedn\u00e1vate\u013eov tejto ohavnej vra\u017edy. S\u00fadny proces za\u010d\u00edna pripom\u00edna\u0165 nekone\u010dn\u00fd pr\u00edbeh a nie spravodliv\u00fd s\u00fadny proces.\u00a0 Strana Demokrati si pripom\u00edna J\u00e1na [&hellip;]","og_url":"https:\/\/www.smedemokrati.sk\/hu\/nezabudame-jan-a-martina-prosime-slusnych-ludi-nevzdavajte-to\/","og_site_name":"Smedemokrati.sk","article_publisher":"https:\/\/www.facebook.com\/smedemokrati2023","article_published_time":"2026-02-21T07:57:42+00:00","article_modified_time":"2026-02-21T07:57:44+00:00","og_image":[{"width":573,"height":355,"url":"https:\/\/www.smedemokrati.sk\/wp-content\/uploads\/2026\/02\/all-for-jan-and-martina.png","type":"image\/png"}],"author":"miro.sopko","twitter_card":"summary_large_image","twitter_misc":{"Szerz\u0151:":"miro.sopko","Becs\u00fclt olvas\u00e1si id\u0151":"3 perc"},"schema":{"@context":"https:\/\/schema.org","@graph":[{"@type":"Article","@id":"https:\/\/www.smedemokrati.sk\/nezabudame-jan-a-martina-prosime-slusnych-ludi-nevzdavajte-to\/#article","isPartOf":{"@id":"https:\/\/www.smedemokrati.sk\/nezabudame-jan-a-martina-prosime-slusnych-ludi-nevzdavajte-to\/"},"author":{"name":"miro.sopko","@id":"https:\/\/www.smedemokrati.sk\/#\/schema\/person\/21f147c88d605aa7ded900e1e7c344ba"},"headline":"Nezab\u00fadame J\u00e1n a Martina. Pros\u00edme slu\u0161n\u00fdch \u013eud\u00ed nevzd\u00e1vajte to","datePublished":"2026-02-21T07:57:42+00:00","dateModified":"2026-02-21T07:57:44+00:00","mainEntityOfPage":{"@id":"https:\/\/www.smedemokrati.sk\/nezabudame-jan-a-martina-prosime-slusnych-ludi-nevzdavajte-to\/"},"wordCount":562,"publisher":{"@id":"https:\/\/www.smedemokrati.sk\/#organization"},"image":{"@id":"https:\/\/www.smedemokrati.sk\/nezabudame-jan-a-martina-prosime-slusnych-ludi-nevzdavajte-to\/#primaryimage"},"thumbnailUrl":"https:\/\/www.smedemokrati.sk\/wp-content\/uploads\/2026\/02\/all-for-jan-and-martina.png","articleSection":["Tla\u010dov\u00e9 spr\u00e1vy"],"inLanguage":"hu-HU"},{"@type":"WebPage","@id":"https:\/\/www.smedemokrati.sk\/nezabudame-jan-a-martina-prosime-slusnych-ludi-nevzdavajte-to\/","url":"https:\/\/www.smedemokrati.sk\/nezabudame-jan-a-martina-prosime-slusnych-ludi-nevzdavajte-to\/","name":"Nezab\u00fadame J\u00e1n a Martina. Pros\u00edme slu\u0161n\u00fdch \u013eud\u00ed nevzd\u00e1vajte to","isPartOf":{"@id":"https:\/\/www.smedemokrati.sk\/#website"},"primaryImageOfPage":{"@id":"https:\/\/www.smedemokrati.sk\/nezabudame-jan-a-martina-prosime-slusnych-ludi-nevzdavajte-to\/#primaryimage"},"image":{"@id":"https:\/\/www.smedemokrati.sk\/nezabudame-jan-a-martina-prosime-slusnych-ludi-nevzdavajte-to\/#primaryimage"},"thumbnailUrl":"https:\/\/www.smedemokrati.sk\/wp-content\/uploads\/2026\/02\/all-for-jan-and-martina.png","datePublished":"2026-02-21T07:57:42+00:00","dateModified":"2026-02-21T07:57:44+00:00","breadcrumb":{"@id":"https:\/\/www.smedemokrati.sk\/nezabudame-jan-a-martina-prosime-slusnych-ludi-nevzdavajte-to\/#breadcrumb"},"inLanguage":"hu-HU","potentialAction":[{"@type":"ReadAction","target":["https:\/\/www.smedemokrati.sk\/nezabudame-jan-a-martina-prosime-slusnych-ludi-nevzdavajte-to\/"]}]},{"@type":"ImageObject","inLanguage":"hu-HU","@id":"https:\/\/www.smedemokrati.sk\/nezabudame-jan-a-martina-prosime-slusnych-ludi-nevzdavajte-to\/#primaryimage","url":"https:\/\/www.smedemokrati.sk\/wp-content\/uploads\/2026\/02\/all-for-jan-and-martina.png","contentUrl":"https:\/\/www.smedemokrati.sk\/wp-content\/uploads\/2026\/02\/all-for-jan-and-martina.png","width":573,"height":355},{"@type":"BreadcrumbList","@id":"https:\/\/www.smedemokrati.sk\/nezabudame-jan-a-martina-prosime-slusnych-ludi-nevzdavajte-to\/#breadcrumb","itemListElement":[{"@type":"ListItem","position":1,"name":"Domovsk\u00e1 str\u00e1nka","item":"https:\/\/www.smedemokrati.sk\/"},{"@type":"ListItem","position":2,"name":"Nezab\u00fadame J\u00e1n a Martina. Pros\u00edme slu\u0161n\u00fdch \u013eud\u00ed nevzd\u00e1vajte to"}]},{"@type":"WebSite","@id":"https:\/\/www.smedemokrati.sk\/#website","url":"https:\/\/www.smedemokrati.sk\/","name":"Smedemokrati.sk","description":"Demokracia a slu\u0161nos\u0165 zv\u00ed\u0165az\u00ed","publisher":{"@id":"https:\/\/www.smedemokrati.sk\/#organization"},"potentialAction":[{"@type":"SearchAction","target":{"@type":"EntryPoint","urlTemplate":"https:\/\/www.smedemokrati.sk\/?s={search_term_string}"},"query-input":{"@type":"PropertyValueSpecification","valueRequired":true,"valueName":"search_term_string"}}],"inLanguage":"hu-HU"},{"@type":"Organization","@id":"https:\/\/www.smedemokrati.sk\/#organization","name":"Smedemokrati.sk","url":"https:\/\/www.smedemokrati.sk\/","logo":{"@type":"ImageObject","inLanguage":"hu-HU","@id":"https:\/\/www.smedemokrati.sk\/#\/schema\/logo\/image\/","url":"https:\/\/www.smedemokrati.sk\/wp-content\/uploads\/2023\/04\/ff.002.jpeg","contentUrl":"https:\/\/www.smedemokrati.sk\/wp-content\/uploads\/2023\/04\/ff.002.jpeg","width":640,"height":480,"caption":"Smedemokrati.sk"},"image":{"@id":"https:\/\/www.smedemokrati.sk\/#\/schema\/logo\/image\/"},"sameAs":["https:\/\/www.facebook.com\/smedemokrati2023"]},{"@type":"Person","@id":"https:\/\/www.smedemokrati.sk\/#\/schema\/person\/21f147c88d605aa7ded900e1e7c344ba","name":"miro.sopko","image":{"@type":"ImageObject","inLanguage":"hu-HU","@id":"https:\/\/secure.gravatar.com\/avatar\/267e4a36f704376c109afe3a78740c1f5dd8675a2180a908699e7863c9247606?s=96&d=mm&r=g","url":"https:\/\/secure.gravatar.com\/avatar\/267e4a36f704376c109afe3a78740c1f5dd8675a2180a908699e7863c9247606?s=96&d=mm&r=g","contentUrl":"https:\/\/secure.gravatar.com\/avatar\/267e4a36f704376c109afe3a78740c1f5dd8675a2180a908699e7863c9247606?s=96&d=mm&r=g","caption":"miro.sopko"},"url":"https:\/\/www.smedemokrati.sk\/hu\/author\/miro-sopko\/"}]}},"_links":{"self":[{"href":"https:\/\/www.smedemokrati.sk\/hu\/wp-json\/wp\/v2\/posts\/8894","targetHints":{"allow":["GET"]}}],"collection":[{"href":"https:\/\/www.smedemokrati.sk\/hu\/wp-json\/wp\/v2\/posts"}],"about":[{"href":"https:\/\/www.smedemokrati.sk\/hu\/wp-json\/wp\/v2\/types\/post"}],"author":[{"embeddable":true,"href":"https:\/\/www.smedemokrati.sk\/hu\/wp-json\/wp\/v2\/users\/13"}],"replies":[{"embeddable":true,"href":"https:\/\/www.smedemokrati.sk\/hu\/wp-json\/wp\/v2\/comments?post=8894"}],"version-history":[{"count":1,"href":"https:\/\/www.smedemokrati.sk\/hu\/wp-json\/wp\/v2\/posts\/8894\/revisions"}],"predecessor-version":[{"id":8897,"href":"https:\/\/www.smedemokrati.sk\/hu\/wp-json\/wp\/v2\/posts\/8894\/revisions\/8897"}],"wp:featuredmedia":[{"embeddable":true,"href":"https:\/\/www.smedemokrati.sk\/hu\/wp-json\/wp\/v2\/media\/8896"}],"wp:attachment":[{"href":"https:\/\/www.smedemokrati.sk\/hu\/wp-json\/wp\/v2\/media?parent=8894"}],"wp:term":[{"taxonomy":"category","embeddable":true,"href":"https:\/\/www.smedemokrati.sk\/hu\/wp-json\/wp\/v2\/categories?post=8894"},{"taxonomy":"post_tag","embeddable":true,"href":"https:\/\/www.smedemokrati.sk\/hu\/wp-json\/wp\/v2\/tags?post=8894"}],"curies":[{"name":"wp","href":"https:\/\/api.w.org\/{rel}","templated":true}]}}