{"id":8864,"date":"2026-02-13T13:00:37","date_gmt":"2026-02-13T12:00:37","guid":{"rendered":"https:\/\/www.smedemokrati.sk\/?p=8864"},"modified":"2026-02-13T18:10:15","modified_gmt":"2026-02-13T17:10:15","slug":"moze-to-byt-inak-lubica-horvathova-kandiduje-na-primatorku-trnavy","status":"publish","type":"post","link":"https:\/\/www.smedemokrati.sk\/hu\/moze-to-byt-inak-lubica-horvathova-kandiduje-na-primatorku-trnavy\/","title":{"rendered":"M\u00f4\u017ee to by\u0165 inak: \u013dubica Horv\u00e1thov\u00e1 kandiduje na prim\u00e1torku Trnavy"},"content":{"rendered":"<div id=\"fb-root\"><\/div>\n\n<p>Trnava je unaven\u00e1 zo \u0161t\u00fdlu politiky, ktor\u00fd polarizuje, nepo\u010d\u00fava a zosmie\u0161\u0148uje t\u00fdch, ktor\u00ed nes\u00fahlasia. Vyhl\u00e1sila to dlhoro\u010dn\u00e1 mestsk\u00e1 poslanky\u0148a \u013dubica Horv\u00e1thov\u00e1 pri ohl\u00e1sen\u00ed svojej kandidat\u00fary na prim\u00e1torku Trnavy s t\u00fdm, \u017ee nechce, aby mesto \u010falej fungovalo rovnak\u00fdm sp\u00f4sobom.<\/p>\n\n\n\n<p><strong>\u201eBola som pri tom, ke\u010f sa Trnava menila k lep\u0161iemu. Pr\u00e1ve preto dnes dok\u00e1\u017eem hovori\u0165 nielen o tom, \u010do sa aktu\u00e1lnemu vedeniu mesta podarilo, ale aj o tom, kde sme sa zastavili. Kde sa stratil kontakt s \u013eu\u010fmi a kde zlyhala komunik\u00e1cia. Po dvan\u00e1stich rokoch u\u017e nesta\u010d\u00ed len udr\u017eiava\u0165 smer a pokra\u010dova\u0165. Trnava dnes potrebuje in\u00fd \u0161t\u00fdl vedenia mesta. A preto dnes hovor\u00edm s presved\u010den\u00edm: M\u00f4\u017ee to by\u0165 inak.<br>Kandidujem za Trnavu, ktor\u00e1 sa vie posun\u00fa\u0165 \u010falej \u2013 \u010ditate\u013ene, predv\u00eddate\u013ene a bez zbyto\u010dn\u00fdch konfliktov,\u201c <\/strong>uviedla \u013dubica Horv\u00e1thov\u00e1.<br>Otvorene povedala, \u017ee je pripraven\u00e1 rokova\u0165 a spolupracova\u0165 so v\u0161etk\u00fdmi demokratick\u00fdmi politick\u00fdmi stranami, ako aj nez\u00e1visl\u00fdmi zdru\u017eeniami, ktor\u00e9 chc\u00fa pre Trnavu rie\u0161enia.<br>Avizovala, \u017ee v najbli\u017e\u0161\u00edch t\u00fd\u017ed\u0148och predstav\u00ed konkr\u00e9tne programov\u00e9 priority \u2013 veci, ktor\u00e9 sa dot\u00fdkaj\u00fa ka\u017edodenn\u00e9ho \u017eivota v krajskom meste.<br>Podpredseda Demokratov Juraj \u0160eliga na tla\u010dovom br\u00edfingu vyzdvihol osobn\u00fd pr\u00edbeh aj re\u00e1lne sk\u00fasenosti kandid\u00e1tky. <strong>\u201e\u013dubica Horv\u00e1thov\u00e1 m\u00e1 toho za sebou ve\u013emi ve\u013ea. V osobnom aj profesion\u00e1lnom \u017eivote sa musela vyrovna\u0165 s \u0165a\u017ek\u00fdmi situ\u00e1ciami. Nikdy v\u0161ak neuhla, ani nepod\u013eahla. K probl\u00e9mom sa stavala \u010delom a konala mor\u00e1lne spr\u00e1vne. Som presved\u010den\u00fd, \u017ee ako prim\u00e1torka Trnavy dok\u00e1\u017ee vies\u0165 mesto inak. V\u010faka strane Demokrati bude ma\u0165 \u0161irok\u00fa odborn\u00fa podporu aj politick\u00fa v\u00e1hu tam, kde ju bude mesto potrebova\u0165,\u201c<\/strong> vyhl\u00e1sil.<br>\u013dubica Horv\u00e1thov\u00e1 je mama, politi\u010dka, Demokratka. Narodila sa v roku 1985 v Trnave. S man\u017eelom vychov\u00e1va p\u00e4\u0165 det\u00ed. Je dlhoro\u010dnou komun\u00e1lnou politi\u010dkou, p\u00f4sob\u00ed v strane Demokrati.<\/p>\n\n\n\n<div class=\"wp-block-file\"><a id=\"wp-block-file--media-18d5900e-b9c7-4e59-be77-7e91d9c46cfc\" href=\"https:\/\/www.smedemokrati.sk\/wp-content\/uploads\/2026\/02\/BIO_L\u2560iubica-Horva\u2560uthova\u2560u.pdf\">\u017divotopis &#8211; \u013dubica Horv\u00e1thov\u00e1<\/a><a href=\"https:\/\/www.smedemokrati.sk\/wp-content\/uploads\/2026\/02\/BIO_L\u2560iubica-Horva\u2560uthova\u2560u.pdf\" class=\"wp-block-file__button wp-element-button\" download aria-describedby=\"wp-block-file--media-18d5900e-b9c7-4e59-be77-7e91d9c46cfc\">Stiahnu\u0165<\/a><\/div>\n\n\n\n<figure class=\"wp-block-image size-large\"><img decoding=\"async\" width=\"683\" height=\"1024\" src=\"https:\/\/www.smedemokrati.sk\/wp-content\/uploads\/2026\/02\/FOTO-2_L\u2560iubica-Horva\u2560uthova\u2560u-683x1024.jpg\" alt=\"\" class=\"wp-image-8867\" srcset=\"https:\/\/www.smedemokrati.sk\/wp-content\/uploads\/2026\/02\/FOTO-2_L\u2560iubica-Horva\u2560uthova\u2560u-683x1024.jpg 683w, https:\/\/www.smedemokrati.sk\/wp-content\/uploads\/2026\/02\/FOTO-2_L\u2560iubica-Horva\u2560uthova\u2560u-200x300.jpg 200w, https:\/\/www.smedemokrati.sk\/wp-content\/uploads\/2026\/02\/FOTO-2_L\u2560iubica-Horva\u2560uthova\u2560u-768x1152.jpg 768w, https:\/\/www.smedemokrati.sk\/wp-content\/uploads\/2026\/02\/FOTO-2_L\u2560iubica-Horva\u2560uthova\u2560u-1024x1536.jpg 1024w, https:\/\/www.smedemokrati.sk\/wp-content\/uploads\/2026\/02\/FOTO-2_L\u2560iubica-Horva\u2560uthova\u2560u-1365x2048.jpg 1365w, https:\/\/www.smedemokrati.sk\/wp-content\/uploads\/2026\/02\/FOTO-2_L\u2560iubica-Horva\u2560uthova\u2560u-scaled.jpg 1707w\" sizes=\"(max-width: 683px) 100vw, 683px\" \/><\/figure>\n\n\n<div id=\"fb-root\"><\/div><script async defer crossorigin=\"anonymous\" src=\"https:\/\/connect.facebook.net\/sk_SK\/sdk.js#xfbml=1&version=v18.0\"><\/script><div class=\"fb-video\" data-href=\"https:\/\/www.facebook.com\/JaroNadPublic\/videos\/1461155778960203\" data-width=\"560\" data-show-text=\"false\"><blockquote cite=\"https:\/\/www.facebook.com\/JaroNadPublic\/videos\/1461155778960203\" class=\"fb-xfbml-parse-ignore\"><a href=\"https:\/\/www.facebook.com\/JaroNadPublic\/videos\/1461155778960203\">Video<\/a><\/blockquote><\/div>\n","protected":false},"excerpt":{"rendered":"<p>Trnava je unaven\u00e1 zo \u0161t\u00fdlu politiky, ktor\u00fd polarizuje, nepo\u010d\u00fava a zosmie\u0161\u0148uje t\u00fdch, ktor\u00ed nes\u00fahlasia. Vyhl\u00e1sila to dlhoro\u010dn\u00e1 mestsk\u00e1 poslanky\u0148a \u013dubica Horv\u00e1thov\u00e1 pri ohl\u00e1sen\u00ed svojej kandidat\u00fary na prim\u00e1torku Trnavy s t\u00fdm, \u017ee nechce, aby mesto \u010falej fungovalo rovnak\u00fdm sp\u00f4sobom. \u201eBola som pri tom, ke\u010f sa Trnava menila k lep\u0161iemu. Pr\u00e1ve preto dnes dok\u00e1\u017eem hovori\u0165 nielen o [&hellip;]<\/p>\n","protected":false},"author":13,"featured_media":8865,"comment_status":"closed","ping_status":"closed","sticky":false,"template":"","format":"standard","meta":{"_acf_changed":false,"ngg_post_thumbnail":0,"footnotes":""},"categories":[4],"tags":[],"class_list":["post-8864","post","type-post","status-publish","format-standard","has-post-thumbnail","hentry","category-tlacove-spravy"],"acf":[],"yoast_head":"<!-- This site is optimized with the Yoast SEO plugin v27.2 - https:\/\/yoast.com\/product\/yoast-seo-wordpress\/ -->\n<title>M\u00f4\u017ee to by\u0165 inak: \u013dubica Horv\u00e1thov\u00e1 kandiduje na prim\u00e1torku Trnavy<\/title>\n<meta name=\"robots\" content=\"index, follow, max-snippet:-1, max-image-preview:large, max-video-preview:-1\" \/>\n<link rel=\"canonical\" href=\"https:\/\/www.smedemokrati.sk\/hu\/moze-to-byt-inak-lubica-horvathova-kandiduje-na-primatorku-trnavy\/\" \/>\n<meta property=\"og:locale\" content=\"hu_HU\" \/>\n<meta property=\"og:locale:alternate\" content=\"en_US\" \/>\n<meta property=\"og:locale:alternate\" content=\"cs_CZ\" \/>\n<meta property=\"og:locale:alternate\" content=\"sk_SK\" \/>\n<meta property=\"og:locale:alternate\" content=\"sv_SE\" \/>\n<meta property=\"og:type\" content=\"article\" \/>\n<meta property=\"og:title\" content=\"M\u00f4\u017ee to by\u0165 inak: \u013dubica Horv\u00e1thov\u00e1 kandiduje na prim\u00e1torku Trnavy\" \/>\n<meta property=\"og:description\" content=\"Trnava je unaven\u00e1 zo \u0161t\u00fdlu politiky, ktor\u00fd polarizuje, nepo\u010d\u00fava a zosmie\u0161\u0148uje t\u00fdch, ktor\u00ed nes\u00fahlasia. Vyhl\u00e1sila to dlhoro\u010dn\u00e1 mestsk\u00e1 poslanky\u0148a \u013dubica Horv\u00e1thov\u00e1 pri ohl\u00e1sen\u00ed svojej kandidat\u00fary na prim\u00e1torku Trnavy s t\u00fdm, \u017ee nechce, aby mesto \u010falej fungovalo rovnak\u00fdm sp\u00f4sobom. \u201eBola som pri tom, ke\u010f sa Trnava menila k lep\u0161iemu. Pr\u00e1ve preto dnes dok\u00e1\u017eem hovori\u0165 nielen o [&hellip;]\" \/>\n<meta property=\"og:url\" content=\"https:\/\/www.smedemokrati.sk\/hu\/moze-to-byt-inak-lubica-horvathova-kandiduje-na-primatorku-trnavy\/\" \/>\n<meta property=\"og:site_name\" content=\"Smedemokrati.sk\" \/>\n<meta property=\"article:publisher\" content=\"https:\/\/www.facebook.com\/smedemokrati2023\" \/>\n<meta property=\"article:published_time\" content=\"2026-02-13T12:00:37+00:00\" \/>\n<meta property=\"article:modified_time\" content=\"2026-02-13T17:10:15+00:00\" \/>\n<meta property=\"og:image\" content=\"https:\/\/www.smedemokrati.sk\/wp-content\/uploads\/2026\/02\/FOTO-1_L\u2560iubica-Horva\u2560uthova\u2560u-scaled-e1770981348686.jpg\" \/>\n\t<meta property=\"og:image:width\" content=\"1706\" \/>\n\t<meta property=\"og:image:height\" content=\"1350\" \/>\n\t<meta property=\"og:image:type\" content=\"image\/jpeg\" \/>\n<meta name=\"author\" content=\"miro.sopko\" \/>\n<meta name=\"twitter:card\" content=\"summary_large_image\" \/>\n<meta name=\"twitter:label1\" content=\"Szerz\u0151:\" \/>\n\t<meta name=\"twitter:data1\" content=\"miro.sopko\" \/>\n\t<meta name=\"twitter:label2\" content=\"Becs\u00fclt olvas\u00e1si id\u0151\" \/>\n\t<meta name=\"twitter:data2\" content=\"2 perc\" \/>\n<script type=\"application\/ld+json\" class=\"yoast-schema-graph\">{\"@context\":\"https:\/\/schema.org\",\"@graph\":[{\"@type\":\"Article\",\"@id\":\"https:\/\/www.smedemokrati.sk\/moze-to-byt-inak-lubica-horvathova-kandiduje-na-primatorku-trnavy\/#article\",\"isPartOf\":{\"@id\":\"https:\/\/www.smedemokrati.sk\/moze-to-byt-inak-lubica-horvathova-kandiduje-na-primatorku-trnavy\/\"},\"author\":{\"name\":\"miro.sopko\",\"@id\":\"https:\/\/www.smedemokrati.sk\/#\/schema\/person\/21f147c88d605aa7ded900e1e7c344ba\"},\"headline\":\"M\u00f4\u017ee to by\u0165 inak: \u013dubica Horv\u00e1thov\u00e1 kandiduje na prim\u00e1torku Trnavy\",\"datePublished\":\"2026-02-13T12:00:37+00:00\",\"dateModified\":\"2026-02-13T17:10:15+00:00\",\"mainEntityOfPage\":{\"@id\":\"https:\/\/www.smedemokrati.sk\/moze-to-byt-inak-lubica-horvathova-kandiduje-na-primatorku-trnavy\/\"},\"wordCount\":375,\"publisher\":{\"@id\":\"https:\/\/www.smedemokrati.sk\/#organization\"},\"image\":{\"@id\":\"https:\/\/www.smedemokrati.sk\/moze-to-byt-inak-lubica-horvathova-kandiduje-na-primatorku-trnavy\/#primaryimage\"},\"thumbnailUrl\":\"https:\/\/www.smedemokrati.sk\/wp-content\/uploads\/2026\/02\/FOTO-1_L\u2560iubica-Horva\u2560uthova\u2560u-scaled-e1770981348686.jpg\",\"articleSection\":[\"Tla\u010dov\u00e9 spr\u00e1vy\"],\"inLanguage\":\"hu-HU\"},{\"@type\":\"WebPage\",\"@id\":\"https:\/\/www.smedemokrati.sk\/moze-to-byt-inak-lubica-horvathova-kandiduje-na-primatorku-trnavy\/\",\"url\":\"https:\/\/www.smedemokrati.sk\/moze-to-byt-inak-lubica-horvathova-kandiduje-na-primatorku-trnavy\/\",\"name\":\"M\u00f4\u017ee to by\u0165 inak: \u013dubica Horv\u00e1thov\u00e1 kandiduje na prim\u00e1torku Trnavy\",\"isPartOf\":{\"@id\":\"https:\/\/www.smedemokrati.sk\/#website\"},\"primaryImageOfPage\":{\"@id\":\"https:\/\/www.smedemokrati.sk\/moze-to-byt-inak-lubica-horvathova-kandiduje-na-primatorku-trnavy\/#primaryimage\"},\"image\":{\"@id\":\"https:\/\/www.smedemokrati.sk\/moze-to-byt-inak-lubica-horvathova-kandiduje-na-primatorku-trnavy\/#primaryimage\"},\"thumbnailUrl\":\"https:\/\/www.smedemokrati.sk\/wp-content\/uploads\/2026\/02\/FOTO-1_L\u2560iubica-Horva\u2560uthova\u2560u-scaled-e1770981348686.jpg\",\"datePublished\":\"2026-02-13T12:00:37+00:00\",\"dateModified\":\"2026-02-13T17:10:15+00:00\",\"breadcrumb\":{\"@id\":\"https:\/\/www.smedemokrati.sk\/moze-to-byt-inak-lubica-horvathova-kandiduje-na-primatorku-trnavy\/#breadcrumb\"},\"inLanguage\":\"hu-HU\",\"potentialAction\":[{\"@type\":\"ReadAction\",\"target\":[\"https:\/\/www.smedemokrati.sk\/moze-to-byt-inak-lubica-horvathova-kandiduje-na-primatorku-trnavy\/\"]}]},{\"@type\":\"ImageObject\",\"inLanguage\":\"hu-HU\",\"@id\":\"https:\/\/www.smedemokrati.sk\/moze-to-byt-inak-lubica-horvathova-kandiduje-na-primatorku-trnavy\/#primaryimage\",\"url\":\"https:\/\/www.smedemokrati.sk\/wp-content\/uploads\/2026\/02\/FOTO-1_L\u2560iubica-Horva\u2560uthova\u2560u-scaled-e1770981348686.jpg\",\"contentUrl\":\"https:\/\/www.smedemokrati.sk\/wp-content\/uploads\/2026\/02\/FOTO-1_L\u2560iubica-Horva\u2560uthova\u2560u-scaled-e1770981348686.jpg\",\"width\":1706,\"height\":1350},{\"@type\":\"BreadcrumbList\",\"@id\":\"https:\/\/www.smedemokrati.sk\/moze-to-byt-inak-lubica-horvathova-kandiduje-na-primatorku-trnavy\/#breadcrumb\",\"itemListElement\":[{\"@type\":\"ListItem\",\"position\":1,\"name\":\"Domovsk\u00e1 str\u00e1nka\",\"item\":\"https:\/\/www.smedemokrati.sk\/\"},{\"@type\":\"ListItem\",\"position\":2,\"name\":\"M\u00f4\u017ee to by\u0165 inak: \u013dubica Horv\u00e1thov\u00e1 kandiduje na prim\u00e1torku Trnavy\"}]},{\"@type\":\"WebSite\",\"@id\":\"https:\/\/www.smedemokrati.sk\/#website\",\"url\":\"https:\/\/www.smedemokrati.sk\/\",\"name\":\"Smedemokrati.sk\",\"description\":\"Demokracia a slu\u0161nos\u0165 zv\u00ed\u0165az\u00ed\",\"publisher\":{\"@id\":\"https:\/\/www.smedemokrati.sk\/#organization\"},\"potentialAction\":[{\"@type\":\"SearchAction\",\"target\":{\"@type\":\"EntryPoint\",\"urlTemplate\":\"https:\/\/www.smedemokrati.sk\/?s={search_term_string}\"},\"query-input\":{\"@type\":\"PropertyValueSpecification\",\"valueRequired\":true,\"valueName\":\"search_term_string\"}}],\"inLanguage\":\"hu-HU\"},{\"@type\":\"Organization\",\"@id\":\"https:\/\/www.smedemokrati.sk\/#organization\",\"name\":\"Smedemokrati.sk\",\"url\":\"https:\/\/www.smedemokrati.sk\/\",\"logo\":{\"@type\":\"ImageObject\",\"inLanguage\":\"hu-HU\",\"@id\":\"https:\/\/www.smedemokrati.sk\/#\/schema\/logo\/image\/\",\"url\":\"https:\/\/www.smedemokrati.sk\/wp-content\/uploads\/2023\/04\/ff.002.jpeg\",\"contentUrl\":\"https:\/\/www.smedemokrati.sk\/wp-content\/uploads\/2023\/04\/ff.002.jpeg\",\"width\":640,\"height\":480,\"caption\":\"Smedemokrati.sk\"},\"image\":{\"@id\":\"https:\/\/www.smedemokrati.sk\/#\/schema\/logo\/image\/\"},\"sameAs\":[\"https:\/\/www.facebook.com\/smedemokrati2023\"]},{\"@type\":\"Person\",\"@id\":\"https:\/\/www.smedemokrati.sk\/#\/schema\/person\/21f147c88d605aa7ded900e1e7c344ba\",\"name\":\"miro.sopko\",\"image\":{\"@type\":\"ImageObject\",\"inLanguage\":\"hu-HU\",\"@id\":\"https:\/\/secure.gravatar.com\/avatar\/267e4a36f704376c109afe3a78740c1f5dd8675a2180a908699e7863c9247606?s=96&d=mm&r=g\",\"url\":\"https:\/\/secure.gravatar.com\/avatar\/267e4a36f704376c109afe3a78740c1f5dd8675a2180a908699e7863c9247606?s=96&d=mm&r=g\",\"contentUrl\":\"https:\/\/secure.gravatar.com\/avatar\/267e4a36f704376c109afe3a78740c1f5dd8675a2180a908699e7863c9247606?s=96&d=mm&r=g\",\"caption\":\"miro.sopko\"},\"url\":\"https:\/\/www.smedemokrati.sk\/hu\/author\/miro-sopko\/\"}]}<\/script>\n<!-- \/ Yoast SEO plugin. -->","yoast_head_json":{"title":"M\u00f4\u017ee to by\u0165 inak: \u013dubica Horv\u00e1thov\u00e1 kandiduje na prim\u00e1torku Trnavy","robots":{"index":"index","follow":"follow","max-snippet":"max-snippet:-1","max-image-preview":"max-image-preview:large","max-video-preview":"max-video-preview:-1"},"canonical":"https:\/\/www.smedemokrati.sk\/hu\/moze-to-byt-inak-lubica-horvathova-kandiduje-na-primatorku-trnavy\/","og_locale":"hu_HU","og_type":"article","og_title":"[:sk]M\u00f4\u017ee to by\u0165 inak: \u013dubica Horv\u00e1thov\u00e1 kandiduje na prim\u00e1torku Trnavy[:] - Smedemokrati.sk","og_description":"Trnava je unaven\u00e1 zo \u0161t\u00fdlu politiky, ktor\u00fd polarizuje, nepo\u010d\u00fava a zosmie\u0161\u0148uje t\u00fdch, ktor\u00ed nes\u00fahlasia. Vyhl\u00e1sila to dlhoro\u010dn\u00e1 mestsk\u00e1 poslanky\u0148a \u013dubica Horv\u00e1thov\u00e1 pri ohl\u00e1sen\u00ed svojej kandidat\u00fary na prim\u00e1torku Trnavy s t\u00fdm, \u017ee nechce, aby mesto \u010falej fungovalo rovnak\u00fdm sp\u00f4sobom. \u201eBola som pri tom, ke\u010f sa Trnava menila k lep\u0161iemu. Pr\u00e1ve preto dnes dok\u00e1\u017eem hovori\u0165 nielen o [&hellip;]","og_url":"https:\/\/www.smedemokrati.sk\/hu\/moze-to-byt-inak-lubica-horvathova-kandiduje-na-primatorku-trnavy\/","og_site_name":"Smedemokrati.sk","article_publisher":"https:\/\/www.facebook.com\/smedemokrati2023","article_published_time":"2026-02-13T12:00:37+00:00","article_modified_time":"2026-02-13T17:10:15+00:00","og_image":[{"width":1706,"height":1350,"url":"https:\/\/www.smedemokrati.sk\/wp-content\/uploads\/2026\/02\/FOTO-1_L\u2560iubica-Horva\u2560uthova\u2560u-scaled-e1770981348686.jpg","type":"image\/jpeg"}],"author":"miro.sopko","twitter_card":"summary_large_image","twitter_misc":{"Szerz\u0151:":"miro.sopko","Becs\u00fclt olvas\u00e1si id\u0151":"2 perc"},"schema":{"@context":"https:\/\/schema.org","@graph":[{"@type":"Article","@id":"https:\/\/www.smedemokrati.sk\/moze-to-byt-inak-lubica-horvathova-kandiduje-na-primatorku-trnavy\/#article","isPartOf":{"@id":"https:\/\/www.smedemokrati.sk\/moze-to-byt-inak-lubica-horvathova-kandiduje-na-primatorku-trnavy\/"},"author":{"name":"miro.sopko","@id":"https:\/\/www.smedemokrati.sk\/#\/schema\/person\/21f147c88d605aa7ded900e1e7c344ba"},"headline":"M\u00f4\u017ee to by\u0165 inak: \u013dubica Horv\u00e1thov\u00e1 kandiduje na prim\u00e1torku Trnavy","datePublished":"2026-02-13T12:00:37+00:00","dateModified":"2026-02-13T17:10:15+00:00","mainEntityOfPage":{"@id":"https:\/\/www.smedemokrati.sk\/moze-to-byt-inak-lubica-horvathova-kandiduje-na-primatorku-trnavy\/"},"wordCount":375,"publisher":{"@id":"https:\/\/www.smedemokrati.sk\/#organization"},"image":{"@id":"https:\/\/www.smedemokrati.sk\/moze-to-byt-inak-lubica-horvathova-kandiduje-na-primatorku-trnavy\/#primaryimage"},"thumbnailUrl":"https:\/\/www.smedemokrati.sk\/wp-content\/uploads\/2026\/02\/FOTO-1_L\u2560iubica-Horva\u2560uthova\u2560u-scaled-e1770981348686.jpg","articleSection":["Tla\u010dov\u00e9 spr\u00e1vy"],"inLanguage":"hu-HU"},{"@type":"WebPage","@id":"https:\/\/www.smedemokrati.sk\/moze-to-byt-inak-lubica-horvathova-kandiduje-na-primatorku-trnavy\/","url":"https:\/\/www.smedemokrati.sk\/moze-to-byt-inak-lubica-horvathova-kandiduje-na-primatorku-trnavy\/","name":"M\u00f4\u017ee to by\u0165 inak: \u013dubica Horv\u00e1thov\u00e1 kandiduje na prim\u00e1torku Trnavy","isPartOf":{"@id":"https:\/\/www.smedemokrati.sk\/#website"},"primaryImageOfPage":{"@id":"https:\/\/www.smedemokrati.sk\/moze-to-byt-inak-lubica-horvathova-kandiduje-na-primatorku-trnavy\/#primaryimage"},"image":{"@id":"https:\/\/www.smedemokrati.sk\/moze-to-byt-inak-lubica-horvathova-kandiduje-na-primatorku-trnavy\/#primaryimage"},"thumbnailUrl":"https:\/\/www.smedemokrati.sk\/wp-content\/uploads\/2026\/02\/FOTO-1_L\u2560iubica-Horva\u2560uthova\u2560u-scaled-e1770981348686.jpg","datePublished":"2026-02-13T12:00:37+00:00","dateModified":"2026-02-13T17:10:15+00:00","breadcrumb":{"@id":"https:\/\/www.smedemokrati.sk\/moze-to-byt-inak-lubica-horvathova-kandiduje-na-primatorku-trnavy\/#breadcrumb"},"inLanguage":"hu-HU","potentialAction":[{"@type":"ReadAction","target":["https:\/\/www.smedemokrati.sk\/moze-to-byt-inak-lubica-horvathova-kandiduje-na-primatorku-trnavy\/"]}]},{"@type":"ImageObject","inLanguage":"hu-HU","@id":"https:\/\/www.smedemokrati.sk\/moze-to-byt-inak-lubica-horvathova-kandiduje-na-primatorku-trnavy\/#primaryimage","url":"https:\/\/www.smedemokrati.sk\/wp-content\/uploads\/2026\/02\/FOTO-1_L\u2560iubica-Horva\u2560uthova\u2560u-scaled-e1770981348686.jpg","contentUrl":"https:\/\/www.smedemokrati.sk\/wp-content\/uploads\/2026\/02\/FOTO-1_L\u2560iubica-Horva\u2560uthova\u2560u-scaled-e1770981348686.jpg","width":1706,"height":1350},{"@type":"BreadcrumbList","@id":"https:\/\/www.smedemokrati.sk\/moze-to-byt-inak-lubica-horvathova-kandiduje-na-primatorku-trnavy\/#breadcrumb","itemListElement":[{"@type":"ListItem","position":1,"name":"Domovsk\u00e1 str\u00e1nka","item":"https:\/\/www.smedemokrati.sk\/"},{"@type":"ListItem","position":2,"name":"M\u00f4\u017ee to by\u0165 inak: \u013dubica Horv\u00e1thov\u00e1 kandiduje na prim\u00e1torku Trnavy"}]},{"@type":"WebSite","@id":"https:\/\/www.smedemokrati.sk\/#website","url":"https:\/\/www.smedemokrati.sk\/","name":"Smedemokrati.sk","description":"Demokracia a slu\u0161nos\u0165 zv\u00ed\u0165az\u00ed","publisher":{"@id":"https:\/\/www.smedemokrati.sk\/#organization"},"potentialAction":[{"@type":"SearchAction","target":{"@type":"EntryPoint","urlTemplate":"https:\/\/www.smedemokrati.sk\/?s={search_term_string}"},"query-input":{"@type":"PropertyValueSpecification","valueRequired":true,"valueName":"search_term_string"}}],"inLanguage":"hu-HU"},{"@type":"Organization","@id":"https:\/\/www.smedemokrati.sk\/#organization","name":"Smedemokrati.sk","url":"https:\/\/www.smedemokrati.sk\/","logo":{"@type":"ImageObject","inLanguage":"hu-HU","@id":"https:\/\/www.smedemokrati.sk\/#\/schema\/logo\/image\/","url":"https:\/\/www.smedemokrati.sk\/wp-content\/uploads\/2023\/04\/ff.002.jpeg","contentUrl":"https:\/\/www.smedemokrati.sk\/wp-content\/uploads\/2023\/04\/ff.002.jpeg","width":640,"height":480,"caption":"Smedemokrati.sk"},"image":{"@id":"https:\/\/www.smedemokrati.sk\/#\/schema\/logo\/image\/"},"sameAs":["https:\/\/www.facebook.com\/smedemokrati2023"]},{"@type":"Person","@id":"https:\/\/www.smedemokrati.sk\/#\/schema\/person\/21f147c88d605aa7ded900e1e7c344ba","name":"miro.sopko","image":{"@type":"ImageObject","inLanguage":"hu-HU","@id":"https:\/\/secure.gravatar.com\/avatar\/267e4a36f704376c109afe3a78740c1f5dd8675a2180a908699e7863c9247606?s=96&d=mm&r=g","url":"https:\/\/secure.gravatar.com\/avatar\/267e4a36f704376c109afe3a78740c1f5dd8675a2180a908699e7863c9247606?s=96&d=mm&r=g","contentUrl":"https:\/\/secure.gravatar.com\/avatar\/267e4a36f704376c109afe3a78740c1f5dd8675a2180a908699e7863c9247606?s=96&d=mm&r=g","caption":"miro.sopko"},"url":"https:\/\/www.smedemokrati.sk\/hu\/author\/miro-sopko\/"}]}},"_links":{"self":[{"href":"https:\/\/www.smedemokrati.sk\/hu\/wp-json\/wp\/v2\/posts\/8864","targetHints":{"allow":["GET"]}}],"collection":[{"href":"https:\/\/www.smedemokrati.sk\/hu\/wp-json\/wp\/v2\/posts"}],"about":[{"href":"https:\/\/www.smedemokrati.sk\/hu\/wp-json\/wp\/v2\/types\/post"}],"author":[{"embeddable":true,"href":"https:\/\/www.smedemokrati.sk\/hu\/wp-json\/wp\/v2\/users\/13"}],"replies":[{"embeddable":true,"href":"https:\/\/www.smedemokrati.sk\/hu\/wp-json\/wp\/v2\/comments?post=8864"}],"version-history":[{"count":2,"href":"https:\/\/www.smedemokrati.sk\/hu\/wp-json\/wp\/v2\/posts\/8864\/revisions"}],"predecessor-version":[{"id":8870,"href":"https:\/\/www.smedemokrati.sk\/hu\/wp-json\/wp\/v2\/posts\/8864\/revisions\/8870"}],"wp:featuredmedia":[{"embeddable":true,"href":"https:\/\/www.smedemokrati.sk\/hu\/wp-json\/wp\/v2\/media\/8865"}],"wp:attachment":[{"href":"https:\/\/www.smedemokrati.sk\/hu\/wp-json\/wp\/v2\/media?parent=8864"}],"wp:term":[{"taxonomy":"category","embeddable":true,"href":"https:\/\/www.smedemokrati.sk\/hu\/wp-json\/wp\/v2\/categories?post=8864"},{"taxonomy":"post_tag","embeddable":true,"href":"https:\/\/www.smedemokrati.sk\/hu\/wp-json\/wp\/v2\/tags?post=8864"}],"curies":[{"name":"wp","href":"https:\/\/api.w.org\/{rel}","templated":true}]}}