{"id":8829,"date":"2026-02-06T11:37:56","date_gmt":"2026-02-06T10:37:56","guid":{"rendered":"https:\/\/www.smedemokrati.sk\/?p=8829"},"modified":"2026-02-06T11:44:32","modified_gmt":"2026-02-06T10:44:32","slug":"demokrati-vyzbierali-350-tisic-podpisov-za-referendum-ziadaju-predcasne-volby","status":"publish","type":"post","link":"https:\/\/www.smedemokrati.sk\/hu\/demokrati-vyzbierali-350-tisic-podpisov-za-referendum-ziadaju-predcasne-volby\/","title":{"rendered":"Demokrati vyzbierali 350-tis\u00edc podpisov za\u00a0referendum, \u017eiadaj\u00fa pred\u010dasn\u00e9 vo\u013eby"},"content":{"rendered":"<div id=\"fb-root\"><\/div>\n\n<p><strong>Demokrati ozn\u00e1mili, \u017ee po spusten\u00ed zberu podpisov 29. septembra 2024 vyzbierala potrebn\u00fdch 350 000 podpisov&nbsp;na vyhl\u00e1senie referenda. Ich z\u00e1merom je do konca febru\u00e1ra vyzbiera\u0165 \u010fal\u0161iu nieko\u013eko tis\u00edcov\u00fa rezervu a n\u00e1sledne odovzda\u0165 podpisy prezidentovi SR.<\/strong><\/p>\n\n\n\n<p><em>\u201eReferendum je legit\u00edmnym n\u00e1strojom demokracie. 350-tis\u00edc ob\u010danov poslalo vl\u00e1de jasn\u00fd politick\u00fd odkaz, ktor\u00fd nem\u00f4\u017eu ignorova\u0165,\u201c&nbsp;<\/em>otvoril t\u00e9mu predseda strany Jaroslav Na\u010f. Pokra\u010duje, \u017ee za<strong>&nbsp;<\/strong>ka\u017ed\u00fdm podpisom je konkr\u00e9tny \u010dlovek \u2013 sklaman\u00fd, nahnevan\u00fd, unaven\u00fd z klamstiev, chaosu a n\u00e1vratu minulosti, ktorej sme svedkami u\u017e dva a pol roka vl\u00e1dy Roberta Fica.<\/p>\n\n\n\n<p><em>\u201eChcem po\u010fakova\u0165 v\u0161etk\u00fdm, ktor\u00ed odovzdali svoj podpis a chcem po\u010fakova\u0165 v\u0161etk\u00fdm, najm\u00e4 na\u0161im \u010dlenom a sympatizantom, ktor\u00ed mesiace v hor\u00fa\u010dav\u00e1ch a v zime, na hor\u00facom slnku alebo aj po tme zbierali podpisy. T\u00fd\u017edenne, opakujem t\u00fd\u017edenne sme boli na pribli\u017ene 30 miestach v r\u00e1mci Slovenska a pre\u0161li sme doslova stovky miest a tis\u00edcky obc\u00ed na Slovensku. \u013dudia maj\u00fa pln\u00e9 zuby Roberta Fica, viac ako 70% ob\u010danov na Slovensku je vysoko nespokojn\u00fdch s vl\u00e1dou Roberta Fica.&#8221;<\/em>&nbsp;povedal predseda Demokratov a zd\u00f4raznil, \u017ee v hist\u00f3rii Slovenska tak\u00fdto v\u00fdkon v podmienkach mimoparlamentnej strany a bez finan\u010dnej podpory nem\u00e1 obdobu.&nbsp;<\/p>\n\n\n\n<p><em>\u201eReferendum je dnes jeden z \u00fastavn\u00fdch n\u00e1strojov ako vytvori\u0165 tlak na koniec vl\u00e1dy Roberta Fica. Je to \u0161anca pre ob\u010danov pr\u00eds\u0165 a \u00fastavne, predp\u00edsan\u00fdm sp\u00f4sobom poveda\u0165 nie vl\u00e1de a vl\u00e1dnej koal\u00edcii. Pod\u013ea n\u00e1\u0161ho n\u00e1zoru s\u00fa ot\u00e1zky, ktor\u00e9 sme formulovali do referenda a ktor\u00e9 sme konzultovali s \u00fastavn\u00fdmi pr\u00e1vnikmi v s\u00falade so slovenskou legislat\u00edvou a \u00fastavn\u00fdmi predpismi. O\u010dak\u00e1vame, \u017ee vzh\u013eadom na minul\u00e9 vyhl\u00e1senia Petra Pellegriniho sa nebude obraca\u0165 na \u00fastavn\u00fd s\u00fad a vypo\u010duje si v\u00f4\u013eu ob\u010danov a bude maxim\u00e1lne s\u00fa\u010dinn\u00fd. Rovnako o\u010dak\u00e1vame, \u017ee pr\u00edslu\u0161n\u00e9 org\u00e1ny nebud\u00fa nijak\u00fdm sp\u00f4sobom mari\u0165 referendum ako to robil vzor tejto koal\u00edcie Me\u010diar.&#8221;&nbsp;<\/em>doplnil podpredseda strany Juraj \u0160eliga.<\/p>\n\n\n\n<p>Demokrati zbierali podpisy v stovk\u00e1ch slovensk\u00fdch mest\u00e1ch a obciach. Cie\u013eom referenda je pred\u010dasn\u00e9 ukon\u010denie volebn\u00e9ho obdobia s\u00fa\u010dasnej vl\u00e1dy, obnovenie \u00daradu \u0161peci\u00e1lnej prokurat\u00fary a N\u00e1rodnej krimin\u00e1lnej agent\u00fary, ako aj zru\u0161enie do\u017eivotnej renty pre Roberta Fica. Strana z\u00e1rove\u0148 avizuje rokovania s opozi\u010dn\u00fdmi partnermi s cie\u013eom podpori\u0165 \u00fa\u010das\u0165 ob\u010danov v referende.<\/p>\n\n\n\n<figure class=\"wp-block-embed is-type-video is-provider-youtube wp-block-embed-youtube wp-embed-aspect-16-9 wp-has-aspect-ratio\"><div class=\"wp-block-embed__wrapper\">\n<iframe title=\"Live: 350 000 podpisov pod pet\u00edciu Sta\u010dilo Fica!\" width=\"500\" height=\"281\" src=\"https:\/\/www.youtube.com\/embed\/0_UrnRGcj2s?feature=oembed\" frameborder=\"0\" allow=\"accelerometer; autoplay; clipboard-write; encrypted-media; gyroscope; picture-in-picture; web-share\" referrerpolicy=\"strict-origin-when-cross-origin\" allowfullscreen><\/iframe>\n<\/div><\/figure>\n","protected":false},"excerpt":{"rendered":"<p>Demokrati ozn\u00e1mili, \u017ee po spusten\u00ed zberu podpisov 29. septembra 2024 vyzbierala potrebn\u00fdch 350 000 podpisov&nbsp;na vyhl\u00e1senie referenda. Ich z\u00e1merom je do konca febru\u00e1ra vyzbiera\u0165 \u010fal\u0161iu nieko\u013eko tis\u00edcov\u00fa rezervu a n\u00e1sledne odovzda\u0165 podpisy prezidentovi SR. \u201eReferendum je legit\u00edmnym n\u00e1strojom demokracie. 350-tis\u00edc ob\u010danov poslalo vl\u00e1de jasn\u00fd politick\u00fd odkaz, ktor\u00fd nem\u00f4\u017eu ignorova\u0165,\u201c&nbsp;otvoril t\u00e9mu predseda strany Jaroslav Na\u010f. Pokra\u010duje, [&hellip;]<\/p>\n","protected":false},"author":13,"featured_media":7448,"comment_status":"closed","ping_status":"closed","sticky":false,"template":"","format":"standard","meta":{"_acf_changed":false,"ngg_post_thumbnail":0,"footnotes":""},"categories":[4],"tags":[],"class_list":["post-8829","post","type-post","status-publish","format-standard","has-post-thumbnail","hentry","category-tlacove-spravy"],"acf":[],"yoast_head":"<!-- This site is optimized with the Yoast SEO plugin v27.2 - https:\/\/yoast.com\/product\/yoast-seo-wordpress\/ -->\n<title>Demokrati vyzbierali 350-tis\u00edc podpisov za\u00a0referendum, \u017eiadaj\u00fa pred\u010dasn\u00e9 vo\u013eby<\/title>\n<meta name=\"robots\" content=\"index, follow, max-snippet:-1, max-image-preview:large, max-video-preview:-1\" \/>\n<link rel=\"canonical\" href=\"https:\/\/www.smedemokrati.sk\/hu\/demokrati-vyzbierali-350-tisic-podpisov-za-referendum-ziadaju-predcasne-volby\/\" \/>\n<meta property=\"og:locale\" content=\"hu_HU\" \/>\n<meta property=\"og:locale:alternate\" content=\"en_US\" \/>\n<meta property=\"og:locale:alternate\" content=\"cs_CZ\" \/>\n<meta property=\"og:locale:alternate\" content=\"sk_SK\" \/>\n<meta property=\"og:locale:alternate\" content=\"sv_SE\" \/>\n<meta property=\"og:type\" content=\"article\" \/>\n<meta property=\"og:title\" content=\"Demokrati vyzbierali 350-tis\u00edc podpisov za\u00a0referendum, \u017eiadaj\u00fa pred\u010dasn\u00e9 vo\u013eby\" \/>\n<meta property=\"og:description\" content=\"Demokrati ozn\u00e1mili, \u017ee po spusten\u00ed zberu podpisov 29. septembra 2024 vyzbierala potrebn\u00fdch 350 000 podpisov&nbsp;na vyhl\u00e1senie referenda. Ich z\u00e1merom je do konca febru\u00e1ra vyzbiera\u0165 \u010fal\u0161iu nieko\u013eko tis\u00edcov\u00fa rezervu a n\u00e1sledne odovzda\u0165 podpisy prezidentovi SR. \u201eReferendum je legit\u00edmnym n\u00e1strojom demokracie. 350-tis\u00edc ob\u010danov poslalo vl\u00e1de jasn\u00fd politick\u00fd odkaz, ktor\u00fd nem\u00f4\u017eu ignorova\u0165,\u201c&nbsp;otvoril t\u00e9mu predseda strany Jaroslav Na\u010f. Pokra\u010duje, [&hellip;]\" \/>\n<meta property=\"og:url\" content=\"https:\/\/www.smedemokrati.sk\/hu\/demokrati-vyzbierali-350-tisic-podpisov-za-referendum-ziadaju-predcasne-volby\/\" \/>\n<meta property=\"og:site_name\" content=\"Smedemokrati.sk\" \/>\n<meta property=\"article:publisher\" content=\"https:\/\/www.facebook.com\/smedemokrati2023\" \/>\n<meta property=\"article:published_time\" content=\"2026-02-06T10:37:56+00:00\" \/>\n<meta property=\"article:modified_time\" content=\"2026-02-06T10:44:32+00:00\" \/>\n<meta property=\"og:image\" content=\"https:\/\/www.smedemokrati.sk\/wp-content\/uploads\/2025\/06\/Promo-stolik-RGB-1.pdf-image-001-scaled.png\" \/>\n\t<meta property=\"og:image:width\" content=\"2560\" \/>\n\t<meta property=\"og:image:height\" content=\"1266\" \/>\n\t<meta property=\"og:image:type\" content=\"image\/png\" \/>\n<meta name=\"author\" content=\"miro.sopko\" \/>\n<meta name=\"twitter:card\" content=\"summary_large_image\" \/>\n<meta name=\"twitter:label1\" content=\"Szerz\u0151:\" \/>\n\t<meta name=\"twitter:data1\" content=\"miro.sopko\" \/>\n\t<meta name=\"twitter:label2\" content=\"Becs\u00fclt olvas\u00e1si id\u0151\" \/>\n\t<meta name=\"twitter:data2\" content=\"2 perc\" \/>\n<script type=\"application\/ld+json\" class=\"yoast-schema-graph\">{\"@context\":\"https:\/\/schema.org\",\"@graph\":[{\"@type\":\"Article\",\"@id\":\"https:\/\/www.smedemokrati.sk\/demokrati-vyzbierali-350-tisic-podpisov-za-referendum-ziadaju-predcasne-volby\/#article\",\"isPartOf\":{\"@id\":\"https:\/\/www.smedemokrati.sk\/demokrati-vyzbierali-350-tisic-podpisov-za-referendum-ziadaju-predcasne-volby\/\"},\"author\":{\"name\":\"miro.sopko\",\"@id\":\"https:\/\/www.smedemokrati.sk\/#\/schema\/person\/21f147c88d605aa7ded900e1e7c344ba\"},\"headline\":\"Demokrati vyzbierali 350-tis\u00edc podpisov za\u00a0referendum, \u017eiadaj\u00fa pred\u010dasn\u00e9 vo\u013eby\",\"datePublished\":\"2026-02-06T10:37:56+00:00\",\"dateModified\":\"2026-02-06T10:44:32+00:00\",\"mainEntityOfPage\":{\"@id\":\"https:\/\/www.smedemokrati.sk\/demokrati-vyzbierali-350-tisic-podpisov-za-referendum-ziadaju-predcasne-volby\/\"},\"wordCount\":456,\"publisher\":{\"@id\":\"https:\/\/www.smedemokrati.sk\/#organization\"},\"image\":{\"@id\":\"https:\/\/www.smedemokrati.sk\/demokrati-vyzbierali-350-tisic-podpisov-za-referendum-ziadaju-predcasne-volby\/#primaryimage\"},\"thumbnailUrl\":\"https:\/\/www.smedemokrati.sk\/wp-content\/uploads\/2025\/06\/Promo-stolik-RGB-1.pdf-image-001-scaled.png\",\"articleSection\":[\"Tla\u010dov\u00e9 spr\u00e1vy\"],\"inLanguage\":\"hu-HU\"},{\"@type\":\"WebPage\",\"@id\":\"https:\/\/www.smedemokrati.sk\/demokrati-vyzbierali-350-tisic-podpisov-za-referendum-ziadaju-predcasne-volby\/\",\"url\":\"https:\/\/www.smedemokrati.sk\/demokrati-vyzbierali-350-tisic-podpisov-za-referendum-ziadaju-predcasne-volby\/\",\"name\":\"Demokrati vyzbierali 350-tis\u00edc podpisov za\u00a0referendum, \u017eiadaj\u00fa pred\u010dasn\u00e9 vo\u013eby\",\"isPartOf\":{\"@id\":\"https:\/\/www.smedemokrati.sk\/#website\"},\"primaryImageOfPage\":{\"@id\":\"https:\/\/www.smedemokrati.sk\/demokrati-vyzbierali-350-tisic-podpisov-za-referendum-ziadaju-predcasne-volby\/#primaryimage\"},\"image\":{\"@id\":\"https:\/\/www.smedemokrati.sk\/demokrati-vyzbierali-350-tisic-podpisov-za-referendum-ziadaju-predcasne-volby\/#primaryimage\"},\"thumbnailUrl\":\"https:\/\/www.smedemokrati.sk\/wp-content\/uploads\/2025\/06\/Promo-stolik-RGB-1.pdf-image-001-scaled.png\",\"datePublished\":\"2026-02-06T10:37:56+00:00\",\"dateModified\":\"2026-02-06T10:44:32+00:00\",\"breadcrumb\":{\"@id\":\"https:\/\/www.smedemokrati.sk\/demokrati-vyzbierali-350-tisic-podpisov-za-referendum-ziadaju-predcasne-volby\/#breadcrumb\"},\"inLanguage\":\"hu-HU\",\"potentialAction\":[{\"@type\":\"ReadAction\",\"target\":[\"https:\/\/www.smedemokrati.sk\/demokrati-vyzbierali-350-tisic-podpisov-za-referendum-ziadaju-predcasne-volby\/\"]}]},{\"@type\":\"ImageObject\",\"inLanguage\":\"hu-HU\",\"@id\":\"https:\/\/www.smedemokrati.sk\/demokrati-vyzbierali-350-tisic-podpisov-za-referendum-ziadaju-predcasne-volby\/#primaryimage\",\"url\":\"https:\/\/www.smedemokrati.sk\/wp-content\/uploads\/2025\/06\/Promo-stolik-RGB-1.pdf-image-001-scaled.png\",\"contentUrl\":\"https:\/\/www.smedemokrati.sk\/wp-content\/uploads\/2025\/06\/Promo-stolik-RGB-1.pdf-image-001-scaled.png\",\"width\":2560,\"height\":1266},{\"@type\":\"BreadcrumbList\",\"@id\":\"https:\/\/www.smedemokrati.sk\/demokrati-vyzbierali-350-tisic-podpisov-za-referendum-ziadaju-predcasne-volby\/#breadcrumb\",\"itemListElement\":[{\"@type\":\"ListItem\",\"position\":1,\"name\":\"Domovsk\u00e1 str\u00e1nka\",\"item\":\"https:\/\/www.smedemokrati.sk\/\"},{\"@type\":\"ListItem\",\"position\":2,\"name\":\"Demokrati vyzbierali 350-tis\u00edc podpisov za\u00a0referendum, \u017eiadaj\u00fa pred\u010dasn\u00e9 vo\u013eby\"}]},{\"@type\":\"WebSite\",\"@id\":\"https:\/\/www.smedemokrati.sk\/#website\",\"url\":\"https:\/\/www.smedemokrati.sk\/\",\"name\":\"Smedemokrati.sk\",\"description\":\"Demokracia a slu\u0161nos\u0165 zv\u00ed\u0165az\u00ed\",\"publisher\":{\"@id\":\"https:\/\/www.smedemokrati.sk\/#organization\"},\"potentialAction\":[{\"@type\":\"SearchAction\",\"target\":{\"@type\":\"EntryPoint\",\"urlTemplate\":\"https:\/\/www.smedemokrati.sk\/?s={search_term_string}\"},\"query-input\":{\"@type\":\"PropertyValueSpecification\",\"valueRequired\":true,\"valueName\":\"search_term_string\"}}],\"inLanguage\":\"hu-HU\"},{\"@type\":\"Organization\",\"@id\":\"https:\/\/www.smedemokrati.sk\/#organization\",\"name\":\"Smedemokrati.sk\",\"url\":\"https:\/\/www.smedemokrati.sk\/\",\"logo\":{\"@type\":\"ImageObject\",\"inLanguage\":\"hu-HU\",\"@id\":\"https:\/\/www.smedemokrati.sk\/#\/schema\/logo\/image\/\",\"url\":\"https:\/\/www.smedemokrati.sk\/wp-content\/uploads\/2023\/04\/ff.002.jpeg\",\"contentUrl\":\"https:\/\/www.smedemokrati.sk\/wp-content\/uploads\/2023\/04\/ff.002.jpeg\",\"width\":640,\"height\":480,\"caption\":\"Smedemokrati.sk\"},\"image\":{\"@id\":\"https:\/\/www.smedemokrati.sk\/#\/schema\/logo\/image\/\"},\"sameAs\":[\"https:\/\/www.facebook.com\/smedemokrati2023\"]},{\"@type\":\"Person\",\"@id\":\"https:\/\/www.smedemokrati.sk\/#\/schema\/person\/21f147c88d605aa7ded900e1e7c344ba\",\"name\":\"miro.sopko\",\"image\":{\"@type\":\"ImageObject\",\"inLanguage\":\"hu-HU\",\"@id\":\"https:\/\/secure.gravatar.com\/avatar\/267e4a36f704376c109afe3a78740c1f5dd8675a2180a908699e7863c9247606?s=96&d=mm&r=g\",\"url\":\"https:\/\/secure.gravatar.com\/avatar\/267e4a36f704376c109afe3a78740c1f5dd8675a2180a908699e7863c9247606?s=96&d=mm&r=g\",\"contentUrl\":\"https:\/\/secure.gravatar.com\/avatar\/267e4a36f704376c109afe3a78740c1f5dd8675a2180a908699e7863c9247606?s=96&d=mm&r=g\",\"caption\":\"miro.sopko\"},\"url\":\"https:\/\/www.smedemokrati.sk\/hu\/author\/miro-sopko\/\"}]}<\/script>\n<!-- \/ Yoast SEO plugin. -->","yoast_head_json":{"title":"Demokrati vyzbierali 350-tis\u00edc podpisov za\u00a0referendum, \u017eiadaj\u00fa pred\u010dasn\u00e9 vo\u013eby","robots":{"index":"index","follow":"follow","max-snippet":"max-snippet:-1","max-image-preview":"max-image-preview:large","max-video-preview":"max-video-preview:-1"},"canonical":"https:\/\/www.smedemokrati.sk\/hu\/demokrati-vyzbierali-350-tisic-podpisov-za-referendum-ziadaju-predcasne-volby\/","og_locale":"hu_HU","og_type":"article","og_title":"[:sk]Demokrati vyzbierali 350-tis\u00edc podpisov za\u00a0referendum, \u017eiadaj\u00fa pred\u010dasn\u00e9 vo\u013eby[:] - Smedemokrati.sk","og_description":"Demokrati ozn\u00e1mili, \u017ee po spusten\u00ed zberu podpisov 29. septembra 2024 vyzbierala potrebn\u00fdch 350 000 podpisov&nbsp;na vyhl\u00e1senie referenda. Ich z\u00e1merom je do konca febru\u00e1ra vyzbiera\u0165 \u010fal\u0161iu nieko\u013eko tis\u00edcov\u00fa rezervu a n\u00e1sledne odovzda\u0165 podpisy prezidentovi SR. \u201eReferendum je legit\u00edmnym n\u00e1strojom demokracie. 350-tis\u00edc ob\u010danov poslalo vl\u00e1de jasn\u00fd politick\u00fd odkaz, ktor\u00fd nem\u00f4\u017eu ignorova\u0165,\u201c&nbsp;otvoril t\u00e9mu predseda strany Jaroslav Na\u010f. Pokra\u010duje, [&hellip;]","og_url":"https:\/\/www.smedemokrati.sk\/hu\/demokrati-vyzbierali-350-tisic-podpisov-za-referendum-ziadaju-predcasne-volby\/","og_site_name":"Smedemokrati.sk","article_publisher":"https:\/\/www.facebook.com\/smedemokrati2023","article_published_time":"2026-02-06T10:37:56+00:00","article_modified_time":"2026-02-06T10:44:32+00:00","og_image":[{"width":2560,"height":1266,"url":"https:\/\/www.smedemokrati.sk\/wp-content\/uploads\/2025\/06\/Promo-stolik-RGB-1.pdf-image-001-scaled.png","type":"image\/png"}],"author":"miro.sopko","twitter_card":"summary_large_image","twitter_misc":{"Szerz\u0151:":"miro.sopko","Becs\u00fclt olvas\u00e1si id\u0151":"2 perc"},"schema":{"@context":"https:\/\/schema.org","@graph":[{"@type":"Article","@id":"https:\/\/www.smedemokrati.sk\/demokrati-vyzbierali-350-tisic-podpisov-za-referendum-ziadaju-predcasne-volby\/#article","isPartOf":{"@id":"https:\/\/www.smedemokrati.sk\/demokrati-vyzbierali-350-tisic-podpisov-za-referendum-ziadaju-predcasne-volby\/"},"author":{"name":"miro.sopko","@id":"https:\/\/www.smedemokrati.sk\/#\/schema\/person\/21f147c88d605aa7ded900e1e7c344ba"},"headline":"Demokrati vyzbierali 350-tis\u00edc podpisov za\u00a0referendum, \u017eiadaj\u00fa pred\u010dasn\u00e9 vo\u013eby","datePublished":"2026-02-06T10:37:56+00:00","dateModified":"2026-02-06T10:44:32+00:00","mainEntityOfPage":{"@id":"https:\/\/www.smedemokrati.sk\/demokrati-vyzbierali-350-tisic-podpisov-za-referendum-ziadaju-predcasne-volby\/"},"wordCount":456,"publisher":{"@id":"https:\/\/www.smedemokrati.sk\/#organization"},"image":{"@id":"https:\/\/www.smedemokrati.sk\/demokrati-vyzbierali-350-tisic-podpisov-za-referendum-ziadaju-predcasne-volby\/#primaryimage"},"thumbnailUrl":"https:\/\/www.smedemokrati.sk\/wp-content\/uploads\/2025\/06\/Promo-stolik-RGB-1.pdf-image-001-scaled.png","articleSection":["Tla\u010dov\u00e9 spr\u00e1vy"],"inLanguage":"hu-HU"},{"@type":"WebPage","@id":"https:\/\/www.smedemokrati.sk\/demokrati-vyzbierali-350-tisic-podpisov-za-referendum-ziadaju-predcasne-volby\/","url":"https:\/\/www.smedemokrati.sk\/demokrati-vyzbierali-350-tisic-podpisov-za-referendum-ziadaju-predcasne-volby\/","name":"Demokrati vyzbierali 350-tis\u00edc podpisov za\u00a0referendum, \u017eiadaj\u00fa pred\u010dasn\u00e9 vo\u013eby","isPartOf":{"@id":"https:\/\/www.smedemokrati.sk\/#website"},"primaryImageOfPage":{"@id":"https:\/\/www.smedemokrati.sk\/demokrati-vyzbierali-350-tisic-podpisov-za-referendum-ziadaju-predcasne-volby\/#primaryimage"},"image":{"@id":"https:\/\/www.smedemokrati.sk\/demokrati-vyzbierali-350-tisic-podpisov-za-referendum-ziadaju-predcasne-volby\/#primaryimage"},"thumbnailUrl":"https:\/\/www.smedemokrati.sk\/wp-content\/uploads\/2025\/06\/Promo-stolik-RGB-1.pdf-image-001-scaled.png","datePublished":"2026-02-06T10:37:56+00:00","dateModified":"2026-02-06T10:44:32+00:00","breadcrumb":{"@id":"https:\/\/www.smedemokrati.sk\/demokrati-vyzbierali-350-tisic-podpisov-za-referendum-ziadaju-predcasne-volby\/#breadcrumb"},"inLanguage":"hu-HU","potentialAction":[{"@type":"ReadAction","target":["https:\/\/www.smedemokrati.sk\/demokrati-vyzbierali-350-tisic-podpisov-za-referendum-ziadaju-predcasne-volby\/"]}]},{"@type":"ImageObject","inLanguage":"hu-HU","@id":"https:\/\/www.smedemokrati.sk\/demokrati-vyzbierali-350-tisic-podpisov-za-referendum-ziadaju-predcasne-volby\/#primaryimage","url":"https:\/\/www.smedemokrati.sk\/wp-content\/uploads\/2025\/06\/Promo-stolik-RGB-1.pdf-image-001-scaled.png","contentUrl":"https:\/\/www.smedemokrati.sk\/wp-content\/uploads\/2025\/06\/Promo-stolik-RGB-1.pdf-image-001-scaled.png","width":2560,"height":1266},{"@type":"BreadcrumbList","@id":"https:\/\/www.smedemokrati.sk\/demokrati-vyzbierali-350-tisic-podpisov-za-referendum-ziadaju-predcasne-volby\/#breadcrumb","itemListElement":[{"@type":"ListItem","position":1,"name":"Domovsk\u00e1 str\u00e1nka","item":"https:\/\/www.smedemokrati.sk\/"},{"@type":"ListItem","position":2,"name":"Demokrati vyzbierali 350-tis\u00edc podpisov za\u00a0referendum, \u017eiadaj\u00fa pred\u010dasn\u00e9 vo\u013eby"}]},{"@type":"WebSite","@id":"https:\/\/www.smedemokrati.sk\/#website","url":"https:\/\/www.smedemokrati.sk\/","name":"Smedemokrati.sk","description":"Demokracia a slu\u0161nos\u0165 zv\u00ed\u0165az\u00ed","publisher":{"@id":"https:\/\/www.smedemokrati.sk\/#organization"},"potentialAction":[{"@type":"SearchAction","target":{"@type":"EntryPoint","urlTemplate":"https:\/\/www.smedemokrati.sk\/?s={search_term_string}"},"query-input":{"@type":"PropertyValueSpecification","valueRequired":true,"valueName":"search_term_string"}}],"inLanguage":"hu-HU"},{"@type":"Organization","@id":"https:\/\/www.smedemokrati.sk\/#organization","name":"Smedemokrati.sk","url":"https:\/\/www.smedemokrati.sk\/","logo":{"@type":"ImageObject","inLanguage":"hu-HU","@id":"https:\/\/www.smedemokrati.sk\/#\/schema\/logo\/image\/","url":"https:\/\/www.smedemokrati.sk\/wp-content\/uploads\/2023\/04\/ff.002.jpeg","contentUrl":"https:\/\/www.smedemokrati.sk\/wp-content\/uploads\/2023\/04\/ff.002.jpeg","width":640,"height":480,"caption":"Smedemokrati.sk"},"image":{"@id":"https:\/\/www.smedemokrati.sk\/#\/schema\/logo\/image\/"},"sameAs":["https:\/\/www.facebook.com\/smedemokrati2023"]},{"@type":"Person","@id":"https:\/\/www.smedemokrati.sk\/#\/schema\/person\/21f147c88d605aa7ded900e1e7c344ba","name":"miro.sopko","image":{"@type":"ImageObject","inLanguage":"hu-HU","@id":"https:\/\/secure.gravatar.com\/avatar\/267e4a36f704376c109afe3a78740c1f5dd8675a2180a908699e7863c9247606?s=96&d=mm&r=g","url":"https:\/\/secure.gravatar.com\/avatar\/267e4a36f704376c109afe3a78740c1f5dd8675a2180a908699e7863c9247606?s=96&d=mm&r=g","contentUrl":"https:\/\/secure.gravatar.com\/avatar\/267e4a36f704376c109afe3a78740c1f5dd8675a2180a908699e7863c9247606?s=96&d=mm&r=g","caption":"miro.sopko"},"url":"https:\/\/www.smedemokrati.sk\/hu\/author\/miro-sopko\/"}]}},"_links":{"self":[{"href":"https:\/\/www.smedemokrati.sk\/hu\/wp-json\/wp\/v2\/posts\/8829","targetHints":{"allow":["GET"]}}],"collection":[{"href":"https:\/\/www.smedemokrati.sk\/hu\/wp-json\/wp\/v2\/posts"}],"about":[{"href":"https:\/\/www.smedemokrati.sk\/hu\/wp-json\/wp\/v2\/types\/post"}],"author":[{"embeddable":true,"href":"https:\/\/www.smedemokrati.sk\/hu\/wp-json\/wp\/v2\/users\/13"}],"replies":[{"embeddable":true,"href":"https:\/\/www.smedemokrati.sk\/hu\/wp-json\/wp\/v2\/comments?post=8829"}],"version-history":[{"count":2,"href":"https:\/\/www.smedemokrati.sk\/hu\/wp-json\/wp\/v2\/posts\/8829\/revisions"}],"predecessor-version":[{"id":8831,"href":"https:\/\/www.smedemokrati.sk\/hu\/wp-json\/wp\/v2\/posts\/8829\/revisions\/8831"}],"wp:featuredmedia":[{"embeddable":true,"href":"https:\/\/www.smedemokrati.sk\/hu\/wp-json\/wp\/v2\/media\/7448"}],"wp:attachment":[{"href":"https:\/\/www.smedemokrati.sk\/hu\/wp-json\/wp\/v2\/media?parent=8829"}],"wp:term":[{"taxonomy":"category","embeddable":true,"href":"https:\/\/www.smedemokrati.sk\/hu\/wp-json\/wp\/v2\/categories?post=8829"},{"taxonomy":"post_tag","embeddable":true,"href":"https:\/\/www.smedemokrati.sk\/hu\/wp-json\/wp\/v2\/tags?post=8829"}],"curies":[{"name":"wp","href":"https:\/\/api.w.org\/{rel}","templated":true}]}}