{"id":881,"date":"2023-05-15T10:51:15","date_gmt":"2023-05-15T08:51:15","guid":{"rendered":"https:\/\/www.smedemokrati.sk\/?p=881"},"modified":"2023-05-15T10:51:16","modified_gmt":"2023-05-15T08:51:16","slug":"nad-v-ta3-fico-a-blaha-su-prapovod-vsetkeho-zla","status":"publish","type":"post","link":"https:\/\/www.smedemokrati.sk\/hu\/nad-v-ta3-fico-a-blaha-su-prapovod-vsetkeho-zla\/","title":{"rendered":"Na\u010f v TA3: Fico a Blaha s\u00fa\u00a0prap\u00f4vod v\u0161etk\u00e9ho zla"},"content":{"rendered":"<div id=\"fb-root\"><\/div>\n","protected":false},"excerpt":{"rendered":"","protected":false},"author":3,"featured_media":869,"comment_status":"closed","ping_status":"closed","sticky":false,"template":"","format":"standard","meta":{"_acf_changed":false,"ngg_post_thumbnail":0,"footnotes":""},"categories":[5],"tags":[],"class_list":["post-881","post","type-post","status-publish","format-standard","has-post-thumbnail","hentry","category-media"],"acf":[],"yoast_head":"<!-- This site is optimized with the Yoast SEO plugin v27.2 - https:\/\/yoast.com\/product\/yoast-seo-wordpress\/ -->\n<title>Na\u010f v TA3: Fico a Blaha s\u00fa\u00a0prap\u00f4vod v\u0161etk\u00e9ho zla - Smedemokrati.sk<\/title>\n<meta name=\"robots\" content=\"index, follow, max-snippet:-1, max-image-preview:large, max-video-preview:-1\" \/>\n<link rel=\"canonical\" href=\"https:\/\/www.smedemokrati.sk\/hu\/nad-v-ta3-fico-a-blaha-su-prapovod-vsetkeho-zla\/\" \/>\n<meta property=\"og:locale\" content=\"hu_HU\" \/>\n<meta property=\"og:locale:alternate\" content=\"en_US\" \/>\n<meta property=\"og:locale:alternate\" content=\"cs_CZ\" \/>\n<meta property=\"og:locale:alternate\" content=\"sk_SK\" \/>\n<meta property=\"og:locale:alternate\" content=\"sv_SE\" \/>\n<meta property=\"og:type\" content=\"article\" \/>\n<meta property=\"og:title\" content=\"Na\u010f v TA3: Fico a Blaha s\u00fa\u00a0prap\u00f4vod v\u0161etk\u00e9ho zla - Smedemokrati.sk\" \/>\n<meta property=\"og:url\" content=\"https:\/\/www.smedemokrati.sk\/hu\/nad-v-ta3-fico-a-blaha-su-prapovod-vsetkeho-zla\/\" \/>\n<meta property=\"og:site_name\" content=\"Smedemokrati.sk\" \/>\n<meta property=\"article:publisher\" content=\"https:\/\/www.facebook.com\/smedemokrati2023\" \/>\n<meta property=\"article:published_time\" content=\"2023-05-15T08:51:15+00:00\" \/>\n<meta property=\"article:modified_time\" content=\"2023-05-15T08:51:16+00:00\" \/>\n<meta property=\"og:image\" content=\"https:\/\/www.smedemokrati.sk\/wp-content\/uploads\/2023\/05\/NNN.008.jpeg\" \/>\n\t<meta property=\"og:image:width\" content=\"1080\" \/>\n\t<meta property=\"og:image:height\" content=\"720\" \/>\n\t<meta property=\"og:image:type\" content=\"image\/jpeg\" \/>\n<meta name=\"author\" content=\"maros\" \/>\n<meta name=\"twitter:card\" content=\"summary_large_image\" \/>\n<meta name=\"twitter:label1\" content=\"Szerz\u0151:\" \/>\n\t<meta name=\"twitter:data1\" content=\"maros\" \/>\n<script type=\"application\/ld+json\" class=\"yoast-schema-graph\">{\"@context\":\"https:\/\/schema.org\",\"@graph\":[{\"@type\":\"Article\",\"@id\":\"https:\/\/www.smedemokrati.sk\/nad-v-ta3-fico-a-blaha-su-prapovod-vsetkeho-zla\/#article\",\"isPartOf\":{\"@id\":\"https:\/\/www.smedemokrati.sk\/nad-v-ta3-fico-a-blaha-su-prapovod-vsetkeho-zla\/\"},\"author\":{\"name\":\"maros\",\"@id\":\"https:\/\/www.smedemokrati.sk\/#\/schema\/person\/bd0990e764a2ab0275700db075c868f2\"},\"headline\":\"Na\u010f v TA3: Fico a Blaha s\u00fa\u00a0prap\u00f4vod v\u0161etk\u00e9ho zla\",\"datePublished\":\"2023-05-15T08:51:15+00:00\",\"dateModified\":\"2023-05-15T08:51:16+00:00\",\"mainEntityOfPage\":{\"@id\":\"https:\/\/www.smedemokrati.sk\/nad-v-ta3-fico-a-blaha-su-prapovod-vsetkeho-zla\/\"},\"wordCount\":13,\"publisher\":{\"@id\":\"https:\/\/www.smedemokrati.sk\/#organization\"},\"image\":{\"@id\":\"https:\/\/www.smedemokrati.sk\/nad-v-ta3-fico-a-blaha-su-prapovod-vsetkeho-zla\/#primaryimage\"},\"thumbnailUrl\":\"https:\/\/www.smedemokrati.sk\/wp-content\/uploads\/2023\/05\/NNN.008.jpeg\",\"articleSection\":[\"M\u00e9di\u00e1\"],\"inLanguage\":\"hu-HU\"},{\"@type\":\"WebPage\",\"@id\":\"https:\/\/www.smedemokrati.sk\/nad-v-ta3-fico-a-blaha-su-prapovod-vsetkeho-zla\/\",\"url\":\"https:\/\/www.smedemokrati.sk\/nad-v-ta3-fico-a-blaha-su-prapovod-vsetkeho-zla\/\",\"name\":\"Na\u010f v TA3: Fico a Blaha s\u00fa\u00a0prap\u00f4vod v\u0161etk\u00e9ho zla - Smedemokrati.sk\",\"isPartOf\":{\"@id\":\"https:\/\/www.smedemokrati.sk\/#website\"},\"primaryImageOfPage\":{\"@id\":\"https:\/\/www.smedemokrati.sk\/nad-v-ta3-fico-a-blaha-su-prapovod-vsetkeho-zla\/#primaryimage\"},\"image\":{\"@id\":\"https:\/\/www.smedemokrati.sk\/nad-v-ta3-fico-a-blaha-su-prapovod-vsetkeho-zla\/#primaryimage\"},\"thumbnailUrl\":\"https:\/\/www.smedemokrati.sk\/wp-content\/uploads\/2023\/05\/NNN.008.jpeg\",\"datePublished\":\"2023-05-15T08:51:15+00:00\",\"dateModified\":\"2023-05-15T08:51:16+00:00\",\"breadcrumb\":{\"@id\":\"https:\/\/www.smedemokrati.sk\/nad-v-ta3-fico-a-blaha-su-prapovod-vsetkeho-zla\/#breadcrumb\"},\"inLanguage\":\"hu-HU\",\"potentialAction\":[{\"@type\":\"ReadAction\",\"target\":[\"https:\/\/www.smedemokrati.sk\/nad-v-ta3-fico-a-blaha-su-prapovod-vsetkeho-zla\/\"]}]},{\"@type\":\"ImageObject\",\"inLanguage\":\"hu-HU\",\"@id\":\"https:\/\/www.smedemokrati.sk\/nad-v-ta3-fico-a-blaha-su-prapovod-vsetkeho-zla\/#primaryimage\",\"url\":\"https:\/\/www.smedemokrati.sk\/wp-content\/uploads\/2023\/05\/NNN.008.jpeg\",\"contentUrl\":\"https:\/\/www.smedemokrati.sk\/wp-content\/uploads\/2023\/05\/NNN.008.jpeg\",\"width\":1080,\"height\":720},{\"@type\":\"BreadcrumbList\",\"@id\":\"https:\/\/www.smedemokrati.sk\/nad-v-ta3-fico-a-blaha-su-prapovod-vsetkeho-zla\/#breadcrumb\",\"itemListElement\":[{\"@type\":\"ListItem\",\"position\":1,\"name\":\"Domovsk\u00e1 str\u00e1nka\",\"item\":\"https:\/\/www.smedemokrati.sk\/\"},{\"@type\":\"ListItem\",\"position\":2,\"name\":\"Na\u010f v TA3: Fico a Blaha s\u00fa\u00a0prap\u00f4vod v\u0161etk\u00e9ho zla\"}]},{\"@type\":\"WebSite\",\"@id\":\"https:\/\/www.smedemokrati.sk\/#website\",\"url\":\"https:\/\/www.smedemokrati.sk\/\",\"name\":\"Smedemokrati.sk\",\"description\":\"Demokracia a slu\u0161nos\u0165 zv\u00ed\u0165az\u00ed\",\"publisher\":{\"@id\":\"https:\/\/www.smedemokrati.sk\/#organization\"},\"potentialAction\":[{\"@type\":\"SearchAction\",\"target\":{\"@type\":\"EntryPoint\",\"urlTemplate\":\"https:\/\/www.smedemokrati.sk\/?s={search_term_string}\"},\"query-input\":{\"@type\":\"PropertyValueSpecification\",\"valueRequired\":true,\"valueName\":\"search_term_string\"}}],\"inLanguage\":\"hu-HU\"},{\"@type\":\"Organization\",\"@id\":\"https:\/\/www.smedemokrati.sk\/#organization\",\"name\":\"Smedemokrati.sk\",\"url\":\"https:\/\/www.smedemokrati.sk\/\",\"logo\":{\"@type\":\"ImageObject\",\"inLanguage\":\"hu-HU\",\"@id\":\"https:\/\/www.smedemokrati.sk\/#\/schema\/logo\/image\/\",\"url\":\"https:\/\/www.smedemokrati.sk\/wp-content\/uploads\/2023\/04\/ff.002.jpeg\",\"contentUrl\":\"https:\/\/www.smedemokrati.sk\/wp-content\/uploads\/2023\/04\/ff.002.jpeg\",\"width\":640,\"height\":480,\"caption\":\"Smedemokrati.sk\"},\"image\":{\"@id\":\"https:\/\/www.smedemokrati.sk\/#\/schema\/logo\/image\/\"},\"sameAs\":[\"https:\/\/www.facebook.com\/smedemokrati2023\"]},{\"@type\":\"Person\",\"@id\":\"https:\/\/www.smedemokrati.sk\/#\/schema\/person\/bd0990e764a2ab0275700db075c868f2\",\"name\":\"maros\",\"image\":{\"@type\":\"ImageObject\",\"inLanguage\":\"hu-HU\",\"@id\":\"https:\/\/secure.gravatar.com\/avatar\/d4ec49d1719a815fbf0afdd518c9c759c1998fab3d944dc1e3be24ba4218e4ef?s=96&d=mm&r=g\",\"url\":\"https:\/\/secure.gravatar.com\/avatar\/d4ec49d1719a815fbf0afdd518c9c759c1998fab3d944dc1e3be24ba4218e4ef?s=96&d=mm&r=g\",\"contentUrl\":\"https:\/\/secure.gravatar.com\/avatar\/d4ec49d1719a815fbf0afdd518c9c759c1998fab3d944dc1e3be24ba4218e4ef?s=96&d=mm&r=g\",\"caption\":\"maros\"},\"url\":\"https:\/\/www.smedemokrati.sk\/hu\/author\/maros\/\"}]}<\/script>\n<!-- \/ Yoast SEO plugin. -->","yoast_head_json":{"title":"Na\u010f v TA3: Fico a Blaha s\u00fa\u00a0prap\u00f4vod v\u0161etk\u00e9ho zla - Smedemokrati.sk","robots":{"index":"index","follow":"follow","max-snippet":"max-snippet:-1","max-image-preview":"max-image-preview:large","max-video-preview":"max-video-preview:-1"},"canonical":"https:\/\/www.smedemokrati.sk\/hu\/nad-v-ta3-fico-a-blaha-su-prapovod-vsetkeho-zla\/","og_locale":"hu_HU","og_type":"article","og_title":"Na\u010f v TA3: Fico a Blaha s\u00fa\u00a0prap\u00f4vod v\u0161etk\u00e9ho zla - Smedemokrati.sk","og_url":"https:\/\/www.smedemokrati.sk\/hu\/nad-v-ta3-fico-a-blaha-su-prapovod-vsetkeho-zla\/","og_site_name":"Smedemokrati.sk","article_publisher":"https:\/\/www.facebook.com\/smedemokrati2023","article_published_time":"2023-05-15T08:51:15+00:00","article_modified_time":"2023-05-15T08:51:16+00:00","og_image":[{"width":1080,"height":720,"url":"https:\/\/www.smedemokrati.sk\/wp-content\/uploads\/2023\/05\/NNN.008.jpeg","type":"image\/jpeg"}],"author":"maros","twitter_card":"summary_large_image","twitter_misc":{"Szerz\u0151:":"maros"},"schema":{"@context":"https:\/\/schema.org","@graph":[{"@type":"Article","@id":"https:\/\/www.smedemokrati.sk\/nad-v-ta3-fico-a-blaha-su-prapovod-vsetkeho-zla\/#article","isPartOf":{"@id":"https:\/\/www.smedemokrati.sk\/nad-v-ta3-fico-a-blaha-su-prapovod-vsetkeho-zla\/"},"author":{"name":"maros","@id":"https:\/\/www.smedemokrati.sk\/#\/schema\/person\/bd0990e764a2ab0275700db075c868f2"},"headline":"Na\u010f v TA3: Fico a Blaha s\u00fa\u00a0prap\u00f4vod v\u0161etk\u00e9ho zla","datePublished":"2023-05-15T08:51:15+00:00","dateModified":"2023-05-15T08:51:16+00:00","mainEntityOfPage":{"@id":"https:\/\/www.smedemokrati.sk\/nad-v-ta3-fico-a-blaha-su-prapovod-vsetkeho-zla\/"},"wordCount":13,"publisher":{"@id":"https:\/\/www.smedemokrati.sk\/#organization"},"image":{"@id":"https:\/\/www.smedemokrati.sk\/nad-v-ta3-fico-a-blaha-su-prapovod-vsetkeho-zla\/#primaryimage"},"thumbnailUrl":"https:\/\/www.smedemokrati.sk\/wp-content\/uploads\/2023\/05\/NNN.008.jpeg","articleSection":["M\u00e9di\u00e1"],"inLanguage":"hu-HU"},{"@type":"WebPage","@id":"https:\/\/www.smedemokrati.sk\/nad-v-ta3-fico-a-blaha-su-prapovod-vsetkeho-zla\/","url":"https:\/\/www.smedemokrati.sk\/nad-v-ta3-fico-a-blaha-su-prapovod-vsetkeho-zla\/","name":"Na\u010f v TA3: Fico a Blaha s\u00fa\u00a0prap\u00f4vod v\u0161etk\u00e9ho zla - Smedemokrati.sk","isPartOf":{"@id":"https:\/\/www.smedemokrati.sk\/#website"},"primaryImageOfPage":{"@id":"https:\/\/www.smedemokrati.sk\/nad-v-ta3-fico-a-blaha-su-prapovod-vsetkeho-zla\/#primaryimage"},"image":{"@id":"https:\/\/www.smedemokrati.sk\/nad-v-ta3-fico-a-blaha-su-prapovod-vsetkeho-zla\/#primaryimage"},"thumbnailUrl":"https:\/\/www.smedemokrati.sk\/wp-content\/uploads\/2023\/05\/NNN.008.jpeg","datePublished":"2023-05-15T08:51:15+00:00","dateModified":"2023-05-15T08:51:16+00:00","breadcrumb":{"@id":"https:\/\/www.smedemokrati.sk\/nad-v-ta3-fico-a-blaha-su-prapovod-vsetkeho-zla\/#breadcrumb"},"inLanguage":"hu-HU","potentialAction":[{"@type":"ReadAction","target":["https:\/\/www.smedemokrati.sk\/nad-v-ta3-fico-a-blaha-su-prapovod-vsetkeho-zla\/"]}]},{"@type":"ImageObject","inLanguage":"hu-HU","@id":"https:\/\/www.smedemokrati.sk\/nad-v-ta3-fico-a-blaha-su-prapovod-vsetkeho-zla\/#primaryimage","url":"https:\/\/www.smedemokrati.sk\/wp-content\/uploads\/2023\/05\/NNN.008.jpeg","contentUrl":"https:\/\/www.smedemokrati.sk\/wp-content\/uploads\/2023\/05\/NNN.008.jpeg","width":1080,"height":720},{"@type":"BreadcrumbList","@id":"https:\/\/www.smedemokrati.sk\/nad-v-ta3-fico-a-blaha-su-prapovod-vsetkeho-zla\/#breadcrumb","itemListElement":[{"@type":"ListItem","position":1,"name":"Domovsk\u00e1 str\u00e1nka","item":"https:\/\/www.smedemokrati.sk\/"},{"@type":"ListItem","position":2,"name":"Na\u010f v TA3: Fico a Blaha s\u00fa\u00a0prap\u00f4vod v\u0161etk\u00e9ho zla"}]},{"@type":"WebSite","@id":"https:\/\/www.smedemokrati.sk\/#website","url":"https:\/\/www.smedemokrati.sk\/","name":"Smedemokrati.sk","description":"Demokracia a slu\u0161nos\u0165 zv\u00ed\u0165az\u00ed","publisher":{"@id":"https:\/\/www.smedemokrati.sk\/#organization"},"potentialAction":[{"@type":"SearchAction","target":{"@type":"EntryPoint","urlTemplate":"https:\/\/www.smedemokrati.sk\/?s={search_term_string}"},"query-input":{"@type":"PropertyValueSpecification","valueRequired":true,"valueName":"search_term_string"}}],"inLanguage":"hu-HU"},{"@type":"Organization","@id":"https:\/\/www.smedemokrati.sk\/#organization","name":"Smedemokrati.sk","url":"https:\/\/www.smedemokrati.sk\/","logo":{"@type":"ImageObject","inLanguage":"hu-HU","@id":"https:\/\/www.smedemokrati.sk\/#\/schema\/logo\/image\/","url":"https:\/\/www.smedemokrati.sk\/wp-content\/uploads\/2023\/04\/ff.002.jpeg","contentUrl":"https:\/\/www.smedemokrati.sk\/wp-content\/uploads\/2023\/04\/ff.002.jpeg","width":640,"height":480,"caption":"Smedemokrati.sk"},"image":{"@id":"https:\/\/www.smedemokrati.sk\/#\/schema\/logo\/image\/"},"sameAs":["https:\/\/www.facebook.com\/smedemokrati2023"]},{"@type":"Person","@id":"https:\/\/www.smedemokrati.sk\/#\/schema\/person\/bd0990e764a2ab0275700db075c868f2","name":"maros","image":{"@type":"ImageObject","inLanguage":"hu-HU","@id":"https:\/\/secure.gravatar.com\/avatar\/d4ec49d1719a815fbf0afdd518c9c759c1998fab3d944dc1e3be24ba4218e4ef?s=96&d=mm&r=g","url":"https:\/\/secure.gravatar.com\/avatar\/d4ec49d1719a815fbf0afdd518c9c759c1998fab3d944dc1e3be24ba4218e4ef?s=96&d=mm&r=g","contentUrl":"https:\/\/secure.gravatar.com\/avatar\/d4ec49d1719a815fbf0afdd518c9c759c1998fab3d944dc1e3be24ba4218e4ef?s=96&d=mm&r=g","caption":"maros"},"url":"https:\/\/www.smedemokrati.sk\/hu\/author\/maros\/"}]}},"_links":{"self":[{"href":"https:\/\/www.smedemokrati.sk\/hu\/wp-json\/wp\/v2\/posts\/881","targetHints":{"allow":["GET"]}}],"collection":[{"href":"https:\/\/www.smedemokrati.sk\/hu\/wp-json\/wp\/v2\/posts"}],"about":[{"href":"https:\/\/www.smedemokrati.sk\/hu\/wp-json\/wp\/v2\/types\/post"}],"author":[{"embeddable":true,"href":"https:\/\/www.smedemokrati.sk\/hu\/wp-json\/wp\/v2\/users\/3"}],"replies":[{"embeddable":true,"href":"https:\/\/www.smedemokrati.sk\/hu\/wp-json\/wp\/v2\/comments?post=881"}],"version-history":[{"count":2,"href":"https:\/\/www.smedemokrati.sk\/hu\/wp-json\/wp\/v2\/posts\/881\/revisions"}],"predecessor-version":[{"id":883,"href":"https:\/\/www.smedemokrati.sk\/hu\/wp-json\/wp\/v2\/posts\/881\/revisions\/883"}],"wp:featuredmedia":[{"embeddable":true,"href":"https:\/\/www.smedemokrati.sk\/hu\/wp-json\/wp\/v2\/media\/869"}],"wp:attachment":[{"href":"https:\/\/www.smedemokrati.sk\/hu\/wp-json\/wp\/v2\/media?parent=881"}],"wp:term":[{"taxonomy":"category","embeddable":true,"href":"https:\/\/www.smedemokrati.sk\/hu\/wp-json\/wp\/v2\/categories?post=881"},{"taxonomy":"post_tag","embeddable":true,"href":"https:\/\/www.smedemokrati.sk\/hu\/wp-json\/wp\/v2\/tags?post=881"}],"curies":[{"name":"wp","href":"https:\/\/api.w.org\/{rel}","templated":true}]}}