{"id":8757,"date":"2026-01-23T16:10:59","date_gmt":"2026-01-23T15:10:59","guid":{"rendered":"https:\/\/www.smedemokrati.sk\/?p=8757"},"modified":"2026-01-23T16:11:01","modified_gmt":"2026-01-23T15:11:01","slug":"spalovna-pri-dudinciach-je-napriek-vyhlaseniam-tarabu-a-saska-blizsie-k-realizacii-demokrati-nesuhlasia","status":"publish","type":"post","link":"https:\/\/www.smedemokrati.sk\/hu\/spalovna-pri-dudinciach-je-napriek-vyhlaseniam-tarabu-a-saska-blizsie-k-realizacii-demokrati-nesuhlasia\/","title":{"rendered":"Spa\u013eov\u0148a pri Dudinciach je napriek vyhl\u00e1seniam Tarabu a \u0160a\u0161ka bli\u017e\u0161ie k realiz\u00e1cii, Demokrati nes\u00fahlasia"},"content":{"rendered":"<div id=\"fb-root\"><\/div>\n\n<p><strong>Hoci minister Taraba ozna\u010dil budovanie spa\u013eovne pri k\u00fape\u013enom meste Dudince za \u010dist\u00e9 bl\u00e1znovstvo a jeho kolega \u0160a\u0161ko uis\u0165oval verejnos\u0165, \u017ee \u017eiadna spa\u013eov\u0148a nebude, tento z\u00e1mer je bli\u017e\u0161ie k realiz\u00e1cii. Z\u00e1ver odborn\u00e9ho posudku v procese EIA toti\u017e odpor\u00fa\u010da s v\u00fdstavbou spa\u013eovne s\u00fahlasi\u0165. Demokrati vo svojom podan\u00ed po\u017eaduj\u00fa jeho vr\u00e1tenie na prepracovanie a zamietnutie v\u00fdstavby spa\u013eovne ako takej. Vyz\u00fdvame ministra \u017eivotn\u00e9ho prostredia a zdravotn\u00edctva, aby svoje verejn\u00e9 s\u013euby aj naplnili.&nbsp;<\/strong><\/p>\n\n\n\n<p>\u201c<em>Obyvatelia Hontu u\u017e mohli by\u0165 pokojn\u00ed, ak by minister \u0160a\u0161ko z Hlasu, takzvanej \u201cstrany regi\u00f3nov,\u201d prijal vyhl\u00e1\u0161ku, ktor\u00e1 by v\u00fdstavbu spa\u013eovne pri v\u00fdznamn\u00fdch slovensk\u00fdch k\u00fape\u013eoch neumo\u017enila. Rovnako by sa spa\u013eov\u0148a v ochrannom p\u00e1sme k\u00fape\u013eov nemohla stava\u0165, ak by \u0160a\u0161ko s Tarabom a celou vl\u00e1dnou koal\u00edciou schv\u00e1lili z\u00e1kon, ktor\u00fd sme predlo\u017eili s kolegami z Progres\u00edvneho Slovenska. No nespravili ni\u010d. V prebiehaj\u00facom konan\u00ed o posudzovanie vplyvov na \u017eivotn\u00e9 prostredie (EIA) tak pribudol hlavn\u00fd odborn\u00fd posudok, ktor\u00fd odpor\u00fa\u010da Ministerstvu \u017eivotn\u00e9ho prostredia SR s v\u00fdstavbou spa\u013eovne s\u00fahlasi\u0165,<\/em>\u201d vysvet\u013euje podpredseda Demokratov Michal Ki\u010da.&nbsp;<\/p>\n\n\n\n<p>Tento dokument je k\u013e\u00fa\u010dov\u00fdm pre kone\u010dn\u00e9 rozhodnutie ministerstva. O ochrane k\u00fape\u013eov je v podmienkach odborn\u00e9ho posudku jedna chab\u00e1 zmienka. Odmietav\u00e9 stanovisko \u0160t\u00e1tnej k\u00fape\u013enej komisie interpretuje vlastne ako s\u00fahlasn\u00e9. Ke\u010f\u017ee \u0160a\u0161ko s Tarabom odignorovali n\u00e1vrhy opoz\u00edcie, ktor\u00e9 by vyl\u00fa\u010dili ak\u00fako\u013evek v\u00fdstavbu spa\u013eovne vo vyhl\u00e1\u0161ke alebo z\u00e1kone, investor je dnes op\u00e4\u0165 bli\u017e\u0161ie k jej v\u00fdstavbe.&nbsp;<\/p>\n\n\n\n<p>Demokrati v r\u00e1mci svojho p\u00edsomn\u00e9ho vyjadrenia v konan\u00ed EIA dnes po\u017eiadali ministerstvo \u017eivotn\u00e9ho prostredia o vr\u00e1tenie odborn\u00e9ho posudku na dopracovanie a vydanie nes\u00fahlasn\u00e9ho kone\u010dn\u00e9ho stanoviska. \u201c<em>Vyz\u00fdvame \u010falej Tarabu so \u0160a\u0161kom, aby naplnili svoje verejn\u00e9 s\u013euby a vykonali v\u0161etky \u00fakony proti spa\u013eovni v Hontianskych Tes\u00e1roch. Z\u00e1kon a vyhl\u00e1\u0161ku sme im u\u017e d\u00e1vno pripravili. M\u00f4\u017eu uk\u00e1za\u0165, \u010di s obyvate\u013emi Hontu nehrali len oby\u010dajn\u00fa politick\u00fa hru a \u010di im je prednej\u0161ia ochrana krajinn\u00e9ho r\u00e1zu unik\u00e1tneho vinohradn\u00edckeho regi\u00f3nu, vz\u00e1cnych miner\u00e1lnych v\u00f4d a \u0161pi\u010dkov\u00fdch slovensk\u00fdch k\u00fape\u013eov alebo z\u00e1ujem investora. Dok\u00e1\u017ee Taraba r\u00fdpa\u0165 do Hlasu iba pre z\u00e1chrankov\u00fd tender, alebo si uvedom\u00ed, \u017ee je ministrom \u017eivotn\u00e9ho prostredia?,<\/em>\u201d uzavrel Michal Ki\u010da.&nbsp;<\/p>\n\n\n<div id=\"fb-root\"><\/div><script async defer crossorigin=\"anonymous\" src=\"https:\/\/connect.facebook.net\/sk_SK\/sdk.js#xfbml=1&version=v18.0\"><\/script><div class=\"fb-video\" data-href=\"https:\/\/fb.watch\/EPcIkgbIj9\" data-width=\"560\" data-show-text=\"false\"><blockquote cite=\"https:\/\/fb.watch\/EPcIkgbIj9\" class=\"fb-xfbml-parse-ignore\"><a href=\"https:\/\/fb.watch\/EPcIkgbIj9\">Video<\/a><\/blockquote><\/div>\n","protected":false},"excerpt":{"rendered":"<p>Hoci minister Taraba ozna\u010dil budovanie spa\u013eovne pri k\u00fape\u013enom meste Dudince za \u010dist\u00e9 bl\u00e1znovstvo a jeho kolega \u0160a\u0161ko uis\u0165oval verejnos\u0165, \u017ee \u017eiadna spa\u013eov\u0148a nebude, tento z\u00e1mer je bli\u017e\u0161ie k realiz\u00e1cii. Z\u00e1ver odborn\u00e9ho posudku v procese EIA toti\u017e odpor\u00fa\u010da s v\u00fdstavbou spa\u013eovne s\u00fahlasi\u0165. Demokrati vo svojom podan\u00ed po\u017eaduj\u00fa jeho vr\u00e1tenie na prepracovanie a zamietnutie v\u00fdstavby spa\u013eovne ako [&hellip;]<\/p>\n","protected":false},"author":13,"featured_media":8758,"comment_status":"closed","ping_status":"closed","sticky":false,"template":"","format":"standard","meta":{"_acf_changed":false,"ngg_post_thumbnail":0,"footnotes":""},"categories":[4],"tags":[],"class_list":["post-8757","post","type-post","status-publish","format-standard","has-post-thumbnail","hentry","category-tlacove-spravy"],"acf":[],"yoast_head":"<!-- This site is optimized with the Yoast SEO plugin v27.2 - https:\/\/yoast.com\/product\/yoast-seo-wordpress\/ -->\n<title>Spa\u013eov\u0148a pri Dudinciach je napriek vyhl\u00e1seniam Tarabu a \u0160a\u0161ka bli\u017e\u0161ie k realiz\u00e1cii, Demokrati nes\u00fahlasia<\/title>\n<meta name=\"robots\" content=\"index, follow, max-snippet:-1, max-image-preview:large, max-video-preview:-1\" \/>\n<link rel=\"canonical\" href=\"https:\/\/www.smedemokrati.sk\/hu\/spalovna-pri-dudinciach-je-napriek-vyhlaseniam-tarabu-a-saska-blizsie-k-realizacii-demokrati-nesuhlasia\/\" \/>\n<meta property=\"og:locale\" content=\"hu_HU\" \/>\n<meta property=\"og:locale:alternate\" content=\"en_US\" \/>\n<meta property=\"og:locale:alternate\" content=\"cs_CZ\" \/>\n<meta property=\"og:locale:alternate\" content=\"sk_SK\" \/>\n<meta property=\"og:locale:alternate\" content=\"sv_SE\" \/>\n<meta property=\"og:type\" content=\"article\" \/>\n<meta property=\"og:title\" content=\"Spa\u013eov\u0148a pri Dudinciach je napriek vyhl\u00e1seniam Tarabu a \u0160a\u0161ka bli\u017e\u0161ie k realiz\u00e1cii, Demokrati nes\u00fahlasia\" \/>\n<meta property=\"og:description\" content=\"Hoci minister Taraba ozna\u010dil budovanie spa\u013eovne pri k\u00fape\u013enom meste Dudince za \u010dist\u00e9 bl\u00e1znovstvo a jeho kolega \u0160a\u0161ko uis\u0165oval verejnos\u0165, \u017ee \u017eiadna spa\u013eov\u0148a nebude, tento z\u00e1mer je bli\u017e\u0161ie k realiz\u00e1cii. Z\u00e1ver odborn\u00e9ho posudku v procese EIA toti\u017e odpor\u00fa\u010da s v\u00fdstavbou spa\u013eovne s\u00fahlasi\u0165. Demokrati vo svojom podan\u00ed po\u017eaduj\u00fa jeho vr\u00e1tenie na prepracovanie a zamietnutie v\u00fdstavby spa\u013eovne ako [&hellip;]\" \/>\n<meta property=\"og:url\" content=\"https:\/\/www.smedemokrati.sk\/hu\/spalovna-pri-dudinciach-je-napriek-vyhlaseniam-tarabu-a-saska-blizsie-k-realizacii-demokrati-nesuhlasia\/\" \/>\n<meta property=\"og:site_name\" content=\"Smedemokrati.sk\" \/>\n<meta property=\"article:publisher\" content=\"https:\/\/www.facebook.com\/smedemokrati2023\" \/>\n<meta property=\"article:published_time\" content=\"2026-01-23T15:10:59+00:00\" \/>\n<meta property=\"article:modified_time\" content=\"2026-01-23T15:11:01+00:00\" \/>\n<meta property=\"og:image\" content=\"https:\/\/www.smedemokrati.sk\/wp-content\/uploads\/2026\/01\/622053275_17986052021933996_4504971502421669602_n-scaled-e1769181046390.jpg\" \/>\n\t<meta property=\"og:image:width\" content=\"1442\" \/>\n\t<meta property=\"og:image:height\" content=\"1630\" \/>\n\t<meta property=\"og:image:type\" content=\"image\/jpeg\" \/>\n<meta name=\"author\" content=\"miro.sopko\" \/>\n<meta name=\"twitter:card\" content=\"summary_large_image\" \/>\n<meta name=\"twitter:label1\" content=\"Szerz\u0151:\" \/>\n\t<meta name=\"twitter:data1\" content=\"miro.sopko\" \/>\n\t<meta name=\"twitter:label2\" content=\"Becs\u00fclt olvas\u00e1si id\u0151\" \/>\n\t<meta name=\"twitter:data2\" content=\"2 perc\" \/>\n<script type=\"application\/ld+json\" class=\"yoast-schema-graph\">{\"@context\":\"https:\/\/schema.org\",\"@graph\":[{\"@type\":\"Article\",\"@id\":\"https:\/\/www.smedemokrati.sk\/spalovna-pri-dudinciach-je-napriek-vyhlaseniam-tarabu-a-saska-blizsie-k-realizacii-demokrati-nesuhlasia\/#article\",\"isPartOf\":{\"@id\":\"https:\/\/www.smedemokrati.sk\/spalovna-pri-dudinciach-je-napriek-vyhlaseniam-tarabu-a-saska-blizsie-k-realizacii-demokrati-nesuhlasia\/\"},\"author\":{\"name\":\"miro.sopko\",\"@id\":\"https:\/\/www.smedemokrati.sk\/#\/schema\/person\/21f147c88d605aa7ded900e1e7c344ba\"},\"headline\":\"Spa\u013eov\u0148a pri Dudinciach je napriek vyhl\u00e1seniam Tarabu a \u0160a\u0161ka bli\u017e\u0161ie k realiz\u00e1cii, Demokrati nes\u00fahlasia\",\"datePublished\":\"2026-01-23T15:10:59+00:00\",\"dateModified\":\"2026-01-23T15:11:01+00:00\",\"mainEntityOfPage\":{\"@id\":\"https:\/\/www.smedemokrati.sk\/spalovna-pri-dudinciach-je-napriek-vyhlaseniam-tarabu-a-saska-blizsie-k-realizacii-demokrati-nesuhlasia\/\"},\"wordCount\":470,\"publisher\":{\"@id\":\"https:\/\/www.smedemokrati.sk\/#organization\"},\"image\":{\"@id\":\"https:\/\/www.smedemokrati.sk\/spalovna-pri-dudinciach-je-napriek-vyhlaseniam-tarabu-a-saska-blizsie-k-realizacii-demokrati-nesuhlasia\/#primaryimage\"},\"thumbnailUrl\":\"https:\/\/www.smedemokrati.sk\/wp-content\/uploads\/2026\/01\/622053275_17986052021933996_4504971502421669602_n-scaled-e1769181046390.jpg\",\"articleSection\":[\"Tla\u010dov\u00e9 spr\u00e1vy\"],\"inLanguage\":\"hu-HU\"},{\"@type\":\"WebPage\",\"@id\":\"https:\/\/www.smedemokrati.sk\/spalovna-pri-dudinciach-je-napriek-vyhlaseniam-tarabu-a-saska-blizsie-k-realizacii-demokrati-nesuhlasia\/\",\"url\":\"https:\/\/www.smedemokrati.sk\/spalovna-pri-dudinciach-je-napriek-vyhlaseniam-tarabu-a-saska-blizsie-k-realizacii-demokrati-nesuhlasia\/\",\"name\":\"Spa\u013eov\u0148a pri Dudinciach je napriek vyhl\u00e1seniam Tarabu a \u0160a\u0161ka bli\u017e\u0161ie k realiz\u00e1cii, Demokrati nes\u00fahlasia\",\"isPartOf\":{\"@id\":\"https:\/\/www.smedemokrati.sk\/#website\"},\"primaryImageOfPage\":{\"@id\":\"https:\/\/www.smedemokrati.sk\/spalovna-pri-dudinciach-je-napriek-vyhlaseniam-tarabu-a-saska-blizsie-k-realizacii-demokrati-nesuhlasia\/#primaryimage\"},\"image\":{\"@id\":\"https:\/\/www.smedemokrati.sk\/spalovna-pri-dudinciach-je-napriek-vyhlaseniam-tarabu-a-saska-blizsie-k-realizacii-demokrati-nesuhlasia\/#primaryimage\"},\"thumbnailUrl\":\"https:\/\/www.smedemokrati.sk\/wp-content\/uploads\/2026\/01\/622053275_17986052021933996_4504971502421669602_n-scaled-e1769181046390.jpg\",\"datePublished\":\"2026-01-23T15:10:59+00:00\",\"dateModified\":\"2026-01-23T15:11:01+00:00\",\"breadcrumb\":{\"@id\":\"https:\/\/www.smedemokrati.sk\/spalovna-pri-dudinciach-je-napriek-vyhlaseniam-tarabu-a-saska-blizsie-k-realizacii-demokrati-nesuhlasia\/#breadcrumb\"},\"inLanguage\":\"hu-HU\",\"potentialAction\":[{\"@type\":\"ReadAction\",\"target\":[\"https:\/\/www.smedemokrati.sk\/spalovna-pri-dudinciach-je-napriek-vyhlaseniam-tarabu-a-saska-blizsie-k-realizacii-demokrati-nesuhlasia\/\"]}]},{\"@type\":\"ImageObject\",\"inLanguage\":\"hu-HU\",\"@id\":\"https:\/\/www.smedemokrati.sk\/spalovna-pri-dudinciach-je-napriek-vyhlaseniam-tarabu-a-saska-blizsie-k-realizacii-demokrati-nesuhlasia\/#primaryimage\",\"url\":\"https:\/\/www.smedemokrati.sk\/wp-content\/uploads\/2026\/01\/622053275_17986052021933996_4504971502421669602_n-scaled-e1769181046390.jpg\",\"contentUrl\":\"https:\/\/www.smedemokrati.sk\/wp-content\/uploads\/2026\/01\/622053275_17986052021933996_4504971502421669602_n-scaled-e1769181046390.jpg\",\"width\":1442,\"height\":1630},{\"@type\":\"BreadcrumbList\",\"@id\":\"https:\/\/www.smedemokrati.sk\/spalovna-pri-dudinciach-je-napriek-vyhlaseniam-tarabu-a-saska-blizsie-k-realizacii-demokrati-nesuhlasia\/#breadcrumb\",\"itemListElement\":[{\"@type\":\"ListItem\",\"position\":1,\"name\":\"Domovsk\u00e1 str\u00e1nka\",\"item\":\"https:\/\/www.smedemokrati.sk\/\"},{\"@type\":\"ListItem\",\"position\":2,\"name\":\"Spa\u013eov\u0148a pri Dudinciach je napriek vyhl\u00e1seniam Tarabu a \u0160a\u0161ka bli\u017e\u0161ie k realiz\u00e1cii, Demokrati nes\u00fahlasia\"}]},{\"@type\":\"WebSite\",\"@id\":\"https:\/\/www.smedemokrati.sk\/#website\",\"url\":\"https:\/\/www.smedemokrati.sk\/\",\"name\":\"Smedemokrati.sk\",\"description\":\"Demokracia a slu\u0161nos\u0165 zv\u00ed\u0165az\u00ed\",\"publisher\":{\"@id\":\"https:\/\/www.smedemokrati.sk\/#organization\"},\"potentialAction\":[{\"@type\":\"SearchAction\",\"target\":{\"@type\":\"EntryPoint\",\"urlTemplate\":\"https:\/\/www.smedemokrati.sk\/?s={search_term_string}\"},\"query-input\":{\"@type\":\"PropertyValueSpecification\",\"valueRequired\":true,\"valueName\":\"search_term_string\"}}],\"inLanguage\":\"hu-HU\"},{\"@type\":\"Organization\",\"@id\":\"https:\/\/www.smedemokrati.sk\/#organization\",\"name\":\"Smedemokrati.sk\",\"url\":\"https:\/\/www.smedemokrati.sk\/\",\"logo\":{\"@type\":\"ImageObject\",\"inLanguage\":\"hu-HU\",\"@id\":\"https:\/\/www.smedemokrati.sk\/#\/schema\/logo\/image\/\",\"url\":\"https:\/\/www.smedemokrati.sk\/wp-content\/uploads\/2023\/04\/ff.002.jpeg\",\"contentUrl\":\"https:\/\/www.smedemokrati.sk\/wp-content\/uploads\/2023\/04\/ff.002.jpeg\",\"width\":640,\"height\":480,\"caption\":\"Smedemokrati.sk\"},\"image\":{\"@id\":\"https:\/\/www.smedemokrati.sk\/#\/schema\/logo\/image\/\"},\"sameAs\":[\"https:\/\/www.facebook.com\/smedemokrati2023\"]},{\"@type\":\"Person\",\"@id\":\"https:\/\/www.smedemokrati.sk\/#\/schema\/person\/21f147c88d605aa7ded900e1e7c344ba\",\"name\":\"miro.sopko\",\"image\":{\"@type\":\"ImageObject\",\"inLanguage\":\"hu-HU\",\"@id\":\"https:\/\/secure.gravatar.com\/avatar\/267e4a36f704376c109afe3a78740c1f5dd8675a2180a908699e7863c9247606?s=96&d=mm&r=g\",\"url\":\"https:\/\/secure.gravatar.com\/avatar\/267e4a36f704376c109afe3a78740c1f5dd8675a2180a908699e7863c9247606?s=96&d=mm&r=g\",\"contentUrl\":\"https:\/\/secure.gravatar.com\/avatar\/267e4a36f704376c109afe3a78740c1f5dd8675a2180a908699e7863c9247606?s=96&d=mm&r=g\",\"caption\":\"miro.sopko\"},\"url\":\"https:\/\/www.smedemokrati.sk\/hu\/author\/miro-sopko\/\"}]}<\/script>\n<!-- \/ Yoast SEO plugin. -->","yoast_head_json":{"title":"Spa\u013eov\u0148a pri Dudinciach je napriek vyhl\u00e1seniam Tarabu a \u0160a\u0161ka bli\u017e\u0161ie k realiz\u00e1cii, Demokrati nes\u00fahlasia","robots":{"index":"index","follow":"follow","max-snippet":"max-snippet:-1","max-image-preview":"max-image-preview:large","max-video-preview":"max-video-preview:-1"},"canonical":"https:\/\/www.smedemokrati.sk\/hu\/spalovna-pri-dudinciach-je-napriek-vyhlaseniam-tarabu-a-saska-blizsie-k-realizacii-demokrati-nesuhlasia\/","og_locale":"hu_HU","og_type":"article","og_title":"[:sk]Spa\u013eov\u0148a pri Dudinciach je napriek vyhl\u00e1seniam Tarabu a \u0160a\u0161ka bli\u017e\u0161ie k realiz\u00e1cii, Demokrati nes\u00fahlasia[:] - Smedemokrati.sk","og_description":"Hoci minister Taraba ozna\u010dil budovanie spa\u013eovne pri k\u00fape\u013enom meste Dudince za \u010dist\u00e9 bl\u00e1znovstvo a jeho kolega \u0160a\u0161ko uis\u0165oval verejnos\u0165, \u017ee \u017eiadna spa\u013eov\u0148a nebude, tento z\u00e1mer je bli\u017e\u0161ie k realiz\u00e1cii. Z\u00e1ver odborn\u00e9ho posudku v procese EIA toti\u017e odpor\u00fa\u010da s v\u00fdstavbou spa\u013eovne s\u00fahlasi\u0165. Demokrati vo svojom podan\u00ed po\u017eaduj\u00fa jeho vr\u00e1tenie na prepracovanie a zamietnutie v\u00fdstavby spa\u013eovne ako [&hellip;]","og_url":"https:\/\/www.smedemokrati.sk\/hu\/spalovna-pri-dudinciach-je-napriek-vyhlaseniam-tarabu-a-saska-blizsie-k-realizacii-demokrati-nesuhlasia\/","og_site_name":"Smedemokrati.sk","article_publisher":"https:\/\/www.facebook.com\/smedemokrati2023","article_published_time":"2026-01-23T15:10:59+00:00","article_modified_time":"2026-01-23T15:11:01+00:00","og_image":[{"width":1442,"height":1630,"url":"https:\/\/www.smedemokrati.sk\/wp-content\/uploads\/2026\/01\/622053275_17986052021933996_4504971502421669602_n-scaled-e1769181046390.jpg","type":"image\/jpeg"}],"author":"miro.sopko","twitter_card":"summary_large_image","twitter_misc":{"Szerz\u0151:":"miro.sopko","Becs\u00fclt olvas\u00e1si id\u0151":"2 perc"},"schema":{"@context":"https:\/\/schema.org","@graph":[{"@type":"Article","@id":"https:\/\/www.smedemokrati.sk\/spalovna-pri-dudinciach-je-napriek-vyhlaseniam-tarabu-a-saska-blizsie-k-realizacii-demokrati-nesuhlasia\/#article","isPartOf":{"@id":"https:\/\/www.smedemokrati.sk\/spalovna-pri-dudinciach-je-napriek-vyhlaseniam-tarabu-a-saska-blizsie-k-realizacii-demokrati-nesuhlasia\/"},"author":{"name":"miro.sopko","@id":"https:\/\/www.smedemokrati.sk\/#\/schema\/person\/21f147c88d605aa7ded900e1e7c344ba"},"headline":"Spa\u013eov\u0148a pri Dudinciach je napriek vyhl\u00e1seniam Tarabu a \u0160a\u0161ka bli\u017e\u0161ie k realiz\u00e1cii, Demokrati nes\u00fahlasia","datePublished":"2026-01-23T15:10:59+00:00","dateModified":"2026-01-23T15:11:01+00:00","mainEntityOfPage":{"@id":"https:\/\/www.smedemokrati.sk\/spalovna-pri-dudinciach-je-napriek-vyhlaseniam-tarabu-a-saska-blizsie-k-realizacii-demokrati-nesuhlasia\/"},"wordCount":470,"publisher":{"@id":"https:\/\/www.smedemokrati.sk\/#organization"},"image":{"@id":"https:\/\/www.smedemokrati.sk\/spalovna-pri-dudinciach-je-napriek-vyhlaseniam-tarabu-a-saska-blizsie-k-realizacii-demokrati-nesuhlasia\/#primaryimage"},"thumbnailUrl":"https:\/\/www.smedemokrati.sk\/wp-content\/uploads\/2026\/01\/622053275_17986052021933996_4504971502421669602_n-scaled-e1769181046390.jpg","articleSection":["Tla\u010dov\u00e9 spr\u00e1vy"],"inLanguage":"hu-HU"},{"@type":"WebPage","@id":"https:\/\/www.smedemokrati.sk\/spalovna-pri-dudinciach-je-napriek-vyhlaseniam-tarabu-a-saska-blizsie-k-realizacii-demokrati-nesuhlasia\/","url":"https:\/\/www.smedemokrati.sk\/spalovna-pri-dudinciach-je-napriek-vyhlaseniam-tarabu-a-saska-blizsie-k-realizacii-demokrati-nesuhlasia\/","name":"Spa\u013eov\u0148a pri Dudinciach je napriek vyhl\u00e1seniam Tarabu a \u0160a\u0161ka bli\u017e\u0161ie k realiz\u00e1cii, Demokrati nes\u00fahlasia","isPartOf":{"@id":"https:\/\/www.smedemokrati.sk\/#website"},"primaryImageOfPage":{"@id":"https:\/\/www.smedemokrati.sk\/spalovna-pri-dudinciach-je-napriek-vyhlaseniam-tarabu-a-saska-blizsie-k-realizacii-demokrati-nesuhlasia\/#primaryimage"},"image":{"@id":"https:\/\/www.smedemokrati.sk\/spalovna-pri-dudinciach-je-napriek-vyhlaseniam-tarabu-a-saska-blizsie-k-realizacii-demokrati-nesuhlasia\/#primaryimage"},"thumbnailUrl":"https:\/\/www.smedemokrati.sk\/wp-content\/uploads\/2026\/01\/622053275_17986052021933996_4504971502421669602_n-scaled-e1769181046390.jpg","datePublished":"2026-01-23T15:10:59+00:00","dateModified":"2026-01-23T15:11:01+00:00","breadcrumb":{"@id":"https:\/\/www.smedemokrati.sk\/spalovna-pri-dudinciach-je-napriek-vyhlaseniam-tarabu-a-saska-blizsie-k-realizacii-demokrati-nesuhlasia\/#breadcrumb"},"inLanguage":"hu-HU","potentialAction":[{"@type":"ReadAction","target":["https:\/\/www.smedemokrati.sk\/spalovna-pri-dudinciach-je-napriek-vyhlaseniam-tarabu-a-saska-blizsie-k-realizacii-demokrati-nesuhlasia\/"]}]},{"@type":"ImageObject","inLanguage":"hu-HU","@id":"https:\/\/www.smedemokrati.sk\/spalovna-pri-dudinciach-je-napriek-vyhlaseniam-tarabu-a-saska-blizsie-k-realizacii-demokrati-nesuhlasia\/#primaryimage","url":"https:\/\/www.smedemokrati.sk\/wp-content\/uploads\/2026\/01\/622053275_17986052021933996_4504971502421669602_n-scaled-e1769181046390.jpg","contentUrl":"https:\/\/www.smedemokrati.sk\/wp-content\/uploads\/2026\/01\/622053275_17986052021933996_4504971502421669602_n-scaled-e1769181046390.jpg","width":1442,"height":1630},{"@type":"BreadcrumbList","@id":"https:\/\/www.smedemokrati.sk\/spalovna-pri-dudinciach-je-napriek-vyhlaseniam-tarabu-a-saska-blizsie-k-realizacii-demokrati-nesuhlasia\/#breadcrumb","itemListElement":[{"@type":"ListItem","position":1,"name":"Domovsk\u00e1 str\u00e1nka","item":"https:\/\/www.smedemokrati.sk\/"},{"@type":"ListItem","position":2,"name":"Spa\u013eov\u0148a pri Dudinciach je napriek vyhl\u00e1seniam Tarabu a \u0160a\u0161ka bli\u017e\u0161ie k realiz\u00e1cii, Demokrati nes\u00fahlasia"}]},{"@type":"WebSite","@id":"https:\/\/www.smedemokrati.sk\/#website","url":"https:\/\/www.smedemokrati.sk\/","name":"Smedemokrati.sk","description":"Demokracia a slu\u0161nos\u0165 zv\u00ed\u0165az\u00ed","publisher":{"@id":"https:\/\/www.smedemokrati.sk\/#organization"},"potentialAction":[{"@type":"SearchAction","target":{"@type":"EntryPoint","urlTemplate":"https:\/\/www.smedemokrati.sk\/?s={search_term_string}"},"query-input":{"@type":"PropertyValueSpecification","valueRequired":true,"valueName":"search_term_string"}}],"inLanguage":"hu-HU"},{"@type":"Organization","@id":"https:\/\/www.smedemokrati.sk\/#organization","name":"Smedemokrati.sk","url":"https:\/\/www.smedemokrati.sk\/","logo":{"@type":"ImageObject","inLanguage":"hu-HU","@id":"https:\/\/www.smedemokrati.sk\/#\/schema\/logo\/image\/","url":"https:\/\/www.smedemokrati.sk\/wp-content\/uploads\/2023\/04\/ff.002.jpeg","contentUrl":"https:\/\/www.smedemokrati.sk\/wp-content\/uploads\/2023\/04\/ff.002.jpeg","width":640,"height":480,"caption":"Smedemokrati.sk"},"image":{"@id":"https:\/\/www.smedemokrati.sk\/#\/schema\/logo\/image\/"},"sameAs":["https:\/\/www.facebook.com\/smedemokrati2023"]},{"@type":"Person","@id":"https:\/\/www.smedemokrati.sk\/#\/schema\/person\/21f147c88d605aa7ded900e1e7c344ba","name":"miro.sopko","image":{"@type":"ImageObject","inLanguage":"hu-HU","@id":"https:\/\/secure.gravatar.com\/avatar\/267e4a36f704376c109afe3a78740c1f5dd8675a2180a908699e7863c9247606?s=96&d=mm&r=g","url":"https:\/\/secure.gravatar.com\/avatar\/267e4a36f704376c109afe3a78740c1f5dd8675a2180a908699e7863c9247606?s=96&d=mm&r=g","contentUrl":"https:\/\/secure.gravatar.com\/avatar\/267e4a36f704376c109afe3a78740c1f5dd8675a2180a908699e7863c9247606?s=96&d=mm&r=g","caption":"miro.sopko"},"url":"https:\/\/www.smedemokrati.sk\/hu\/author\/miro-sopko\/"}]}},"_links":{"self":[{"href":"https:\/\/www.smedemokrati.sk\/hu\/wp-json\/wp\/v2\/posts\/8757","targetHints":{"allow":["GET"]}}],"collection":[{"href":"https:\/\/www.smedemokrati.sk\/hu\/wp-json\/wp\/v2\/posts"}],"about":[{"href":"https:\/\/www.smedemokrati.sk\/hu\/wp-json\/wp\/v2\/types\/post"}],"author":[{"embeddable":true,"href":"https:\/\/www.smedemokrati.sk\/hu\/wp-json\/wp\/v2\/users\/13"}],"replies":[{"embeddable":true,"href":"https:\/\/www.smedemokrati.sk\/hu\/wp-json\/wp\/v2\/comments?post=8757"}],"version-history":[{"count":1,"href":"https:\/\/www.smedemokrati.sk\/hu\/wp-json\/wp\/v2\/posts\/8757\/revisions"}],"predecessor-version":[{"id":8759,"href":"https:\/\/www.smedemokrati.sk\/hu\/wp-json\/wp\/v2\/posts\/8757\/revisions\/8759"}],"wp:featuredmedia":[{"embeddable":true,"href":"https:\/\/www.smedemokrati.sk\/hu\/wp-json\/wp\/v2\/media\/8758"}],"wp:attachment":[{"href":"https:\/\/www.smedemokrati.sk\/hu\/wp-json\/wp\/v2\/media?parent=8757"}],"wp:term":[{"taxonomy":"category","embeddable":true,"href":"https:\/\/www.smedemokrati.sk\/hu\/wp-json\/wp\/v2\/categories?post=8757"},{"taxonomy":"post_tag","embeddable":true,"href":"https:\/\/www.smedemokrati.sk\/hu\/wp-json\/wp\/v2\/tags?post=8757"}],"curies":[{"name":"wp","href":"https:\/\/api.w.org\/{rel}","templated":true}]}}