{"id":8565,"date":"2025-12-02T16:18:15","date_gmt":"2025-12-02T15:18:15","guid":{"rendered":"https:\/\/www.smedemokrati.sk\/?p=8565"},"modified":"2025-12-02T16:18:16","modified_gmt":"2025-12-02T15:18:16","slug":"minister-raz-definitivne-ukazal-ze-nema-co-robit-na-svojom-mieste","status":"publish","type":"post","link":"https:\/\/www.smedemokrati.sk\/hu\/minister-raz-definitivne-ukazal-ze-nema-co-robit-na-svojom-mieste\/","title":{"rendered":"Minister R\u00e1\u017e definit\u00edvne uk\u00e1zal, \u017ee nem\u00e1 \u010do robi\u0165 na svojom mieste"},"content":{"rendered":"<div id=\"fb-root\"><\/div>\n\n<p><strong>Minister dopravy dnes na tla\u010dovej konferencii zverejnil nov\u00e9 inform\u00e1cie k v\u00e1\u017enej vlakovej nehode v Pezinku. Jeho jedin\u00fdm cie\u013eom v\u0161ak bolo pod\u013ea Demokratov odvr\u00e1ti\u0165 pozornos\u0165 od v\u00e1\u017enych zisten\u00ed, \u017ee nehode sa dalo zabr\u00e1ni\u0165, ak by rezort pod jeho veden\u00edm neignoroval zistenia Dopravn\u00e9ho \u00faradu (D\u00da). Vyz\u00fdvame ho, aby namiesto spochyb\u0148ovania z\u00e1va\u017en\u00fdch zisten\u00ed nez\u00e1visl\u00e9ho dopravn\u00e9ho \u00faradu bezodkladne predlo\u017eil na zajtraj\u0161ie rokovanie vl\u00e1dy opatrenia na ich zavedenie v \u017dST Pezinok.&nbsp;<\/strong><\/p>\n\n\n\n<p>Jozef R\u00e1\u017e ml. na tla\u010dovej konferencii tvrdil, \u017ee opatrenia navrhnut\u00e9 dopravn\u00fdm \u00faradom nemo\u017eno sp\u00e1ja\u0165 s nehodou v Pezinku a nijako by v tomto pr\u00edpade nepomohli. D\u00f4vodom m\u00e1 by\u0165, \u017ee opatrenia sa pod\u013ea neho t\u00fdkali iba prvej ko\u013eaje a \u017eiadne predzvesti by v tomto pr\u00edpade nepomohli. \u201e<em>Minister R\u00e1\u017e pridal k mana\u017e\u00e9rskym zlyhaniam aj z\u00e1sadn\u00e9 klamstv\u00e1, zav\u00e1dzanie, v\u00fdhovorky a hazard s cestuj\u00facimi. Potvrdil, \u017ee sa nerozumie \u017eelezni\u010dnej problematike a vo funkcii ministra dopravy mus\u00ed skon\u010di\u0165,<\/em>\u201d zd\u00f4raznil Michal Ki\u010da.&nbsp;<\/p>\n\n\n\n<p>D\u00f4vodom je, \u017ee opatrenia navrhnut\u00e9 dopravn\u00fdm \u00faradom sa t\u00fdkaj\u00fa v\u0161etk\u00fdch&nbsp;n\u00e1vestidiel L1-L5 (laicky \u017eelezni\u010dn\u00fdch semaforov). R\u00e1\u017e klamal, ke\u010f ich sp\u00e1jal iba s jednou ko\u013eajou. To znamen\u00e1, \u017ee ak by \u017dSR neignorovali opatrenia dopravn\u00e9ho \u00faradu, k t\u00fdmto n\u00e1vestidl\u00e1m by nain\u0161talovali aj predzvesti, teda ak\u00e9si doplnkov\u00e9 semafory. \u201e<em>V praxi to znamen\u00e1, \u017ee ru\u0161\u0148ovodi\u010d motorov\u00e9ho vlaku by mal na svojom per\u00f3ne predzves\u0165, ktor\u00e1 by zv\u00fd\u0161ila \u0161ancu, \u017ee neprehliadne n\u00e1vestidlo po svojej \u013eavej strane. Pr\u00e1ve tak\u00e9to umiestnenie nie je be\u017en\u00e9. Jednozna\u010dne sa potvrdilo, \u017ee ak by boli realizovan\u00e9 opatrenia Dopravn\u00e9ho \u00faradu, mohli napom\u00f4c\u0165 zabr\u00e1neniu nehode,<\/em>\u201d doplnil Ki\u010da.&nbsp;<\/p>\n\n\n\n<p>Je neakceptovate\u013en\u00e9, \u017ee minister dopravy bagatelizuje zistenia a navrhnut\u00e9 opatrenia nez\u00e1visl\u00e9ho D\u00da. Jeho rezort na zistenia pred nehodou nijako nereagoval, \u017dSR ich nezaviedli a samotn\u00fd D\u00da vyslovil po\u013eutovanie, \u017ee neboli zrealizovan\u00e9. V pr\u00e1vnom \u0161t\u00e1te sa s expertn\u00fdmi z\u00e1vermi nepolemizuje ani sa nespochyb\u0148uj\u00fa. Naopak, R\u00e1\u017eovou povinnos\u0165ou je zabezpe\u010di\u0165, aby sa uviedli do praxe. Vyhov\u00e1ra sa na to, kto dal dopravn\u00e9mu \u00faradu podnet, \u010do nie je v\u00f4bec podstatn\u00e9 a devalvuje sp\u00f4sob kontroly a rozhodnutie nez\u00e1visl\u00e9ho org\u00e1nu dohliadaj\u00faceho na bezpe\u010dnos\u0165 \u017eelezni\u010dnej dopravy na Slovensku.&nbsp;<\/p>\n\n\n\n<p>\u201c<em>Vyz\u00fdvame ministra R\u00e1\u017ea, aby realiz\u00e1ciu odpor\u00fa\u010dan\u00ed D\u00da zaradil do opatren\u00ed navrhnut\u00fdch vl\u00e1de, preto\u017ee ka\u017ed\u00fdm jedn\u00fdm d\u0148om nekonania len udr\u017eiava rizikov\u00fa situ\u00e1ciu v \u017dST Pezinok. Po dne\u0161ku je jasn\u00e9, \u017ee cel\u00e1 vl\u00e1dna koal\u00edcia a osobitne strana HLAS-SD v poz\u00edcii \u0161tatistov uprednost\u0148uje krytie R\u00e1\u017eovej neschopnosti pred bezpe\u010dnos\u0165ou \u013eud\u00ed,<\/em>\u201d uzavrel Michal Ki\u010da.<\/p>\n","protected":false},"excerpt":{"rendered":"<p>Minister dopravy dnes na tla\u010dovej konferencii zverejnil nov\u00e9 inform\u00e1cie k v\u00e1\u017enej vlakovej nehode v Pezinku. Jeho jedin\u00fdm cie\u013eom v\u0161ak bolo pod\u013ea Demokratov odvr\u00e1ti\u0165 pozornos\u0165 od v\u00e1\u017enych zisten\u00ed, \u017ee nehode sa dalo zabr\u00e1ni\u0165, ak by rezort pod jeho veden\u00edm neignoroval zistenia Dopravn\u00e9ho \u00faradu (D\u00da). Vyz\u00fdvame ho, aby namiesto spochyb\u0148ovania z\u00e1va\u017en\u00fdch zisten\u00ed nez\u00e1visl\u00e9ho dopravn\u00e9ho \u00faradu bezodkladne predlo\u017eil [&hellip;]<\/p>\n","protected":false},"author":13,"featured_media":385,"comment_status":"closed","ping_status":"closed","sticky":false,"template":"","format":"standard","meta":{"_acf_changed":false,"ngg_post_thumbnail":0,"footnotes":""},"categories":[4],"tags":[],"class_list":["post-8565","post","type-post","status-publish","format-standard","has-post-thumbnail","hentry","category-tlacove-spravy"],"acf":[],"yoast_head":"<!-- This site is optimized with the Yoast SEO plugin v27.2 - https:\/\/yoast.com\/product\/yoast-seo-wordpress\/ -->\n<title>Minister R\u00e1\u017e definit\u00edvne uk\u00e1zal, \u017ee nem\u00e1 \u010do robi\u0165 na svojom mieste<\/title>\n<meta name=\"robots\" content=\"index, follow, max-snippet:-1, max-image-preview:large, max-video-preview:-1\" \/>\n<link rel=\"canonical\" href=\"https:\/\/www.smedemokrati.sk\/hu\/minister-raz-definitivne-ukazal-ze-nema-co-robit-na-svojom-mieste\/\" \/>\n<meta property=\"og:locale\" content=\"hu_HU\" \/>\n<meta property=\"og:locale:alternate\" content=\"en_US\" \/>\n<meta property=\"og:locale:alternate\" content=\"cs_CZ\" \/>\n<meta property=\"og:locale:alternate\" content=\"sk_SK\" \/>\n<meta property=\"og:locale:alternate\" content=\"sv_SE\" \/>\n<meta property=\"og:type\" content=\"article\" \/>\n<meta property=\"og:title\" content=\"Minister R\u00e1\u017e definit\u00edvne uk\u00e1zal, \u017ee nem\u00e1 \u010do robi\u0165 na svojom mieste\" \/>\n<meta property=\"og:description\" content=\"Minister dopravy dnes na tla\u010dovej konferencii zverejnil nov\u00e9 inform\u00e1cie k v\u00e1\u017enej vlakovej nehode v Pezinku. Jeho jedin\u00fdm cie\u013eom v\u0161ak bolo pod\u013ea Demokratov odvr\u00e1ti\u0165 pozornos\u0165 od v\u00e1\u017enych zisten\u00ed, \u017ee nehode sa dalo zabr\u00e1ni\u0165, ak by rezort pod jeho veden\u00edm neignoroval zistenia Dopravn\u00e9ho \u00faradu (D\u00da). Vyz\u00fdvame ho, aby namiesto spochyb\u0148ovania z\u00e1va\u017en\u00fdch zisten\u00ed nez\u00e1visl\u00e9ho dopravn\u00e9ho \u00faradu bezodkladne predlo\u017eil [&hellip;]\" \/>\n<meta property=\"og:url\" content=\"https:\/\/www.smedemokrati.sk\/hu\/minister-raz-definitivne-ukazal-ze-nema-co-robit-na-svojom-mieste\/\" \/>\n<meta property=\"og:site_name\" content=\"Smedemokrati.sk\" \/>\n<meta property=\"article:publisher\" content=\"https:\/\/www.facebook.com\/smedemokrati2023\" \/>\n<meta property=\"article:published_time\" content=\"2025-12-02T15:18:15+00:00\" \/>\n<meta property=\"article:modified_time\" content=\"2025-12-02T15:18:16+00:00\" \/>\n<meta property=\"og:image\" content=\"https:\/\/www.smedemokrati.sk\/wp-content\/uploads\/2023\/04\/MKica.jpg\" \/>\n\t<meta property=\"og:image:width\" content=\"1520\" \/>\n\t<meta property=\"og:image:height\" content=\"1080\" \/>\n\t<meta property=\"og:image:type\" content=\"image\/jpeg\" \/>\n<meta name=\"author\" content=\"miro.sopko\" \/>\n<meta name=\"twitter:card\" content=\"summary_large_image\" \/>\n<meta name=\"twitter:label1\" content=\"Szerz\u0151:\" \/>\n\t<meta name=\"twitter:data1\" content=\"miro.sopko\" \/>\n\t<meta name=\"twitter:label2\" content=\"Becs\u00fclt olvas\u00e1si id\u0151\" \/>\n\t<meta name=\"twitter:data2\" content=\"3 perc\" \/>\n<script type=\"application\/ld+json\" class=\"yoast-schema-graph\">{\"@context\":\"https:\/\/schema.org\",\"@graph\":[{\"@type\":\"Article\",\"@id\":\"https:\/\/www.smedemokrati.sk\/minister-raz-definitivne-ukazal-ze-nema-co-robit-na-svojom-mieste\/#article\",\"isPartOf\":{\"@id\":\"https:\/\/www.smedemokrati.sk\/minister-raz-definitivne-ukazal-ze-nema-co-robit-na-svojom-mieste\/\"},\"author\":{\"name\":\"miro.sopko\",\"@id\":\"https:\/\/www.smedemokrati.sk\/#\/schema\/person\/21f147c88d605aa7ded900e1e7c344ba\"},\"headline\":\"Minister R\u00e1\u017e definit\u00edvne uk\u00e1zal, \u017ee nem\u00e1 \u010do robi\u0165 na svojom mieste\",\"datePublished\":\"2025-12-02T15:18:15+00:00\",\"dateModified\":\"2025-12-02T15:18:16+00:00\",\"mainEntityOfPage\":{\"@id\":\"https:\/\/www.smedemokrati.sk\/minister-raz-definitivne-ukazal-ze-nema-co-robit-na-svojom-mieste\/\"},\"wordCount\":501,\"publisher\":{\"@id\":\"https:\/\/www.smedemokrati.sk\/#organization\"},\"image\":{\"@id\":\"https:\/\/www.smedemokrati.sk\/minister-raz-definitivne-ukazal-ze-nema-co-robit-na-svojom-mieste\/#primaryimage\"},\"thumbnailUrl\":\"https:\/\/www.smedemokrati.sk\/wp-content\/uploads\/2023\/04\/MKica.jpg\",\"articleSection\":[\"Tla\u010dov\u00e9 spr\u00e1vy\"],\"inLanguage\":\"hu-HU\"},{\"@type\":\"WebPage\",\"@id\":\"https:\/\/www.smedemokrati.sk\/minister-raz-definitivne-ukazal-ze-nema-co-robit-na-svojom-mieste\/\",\"url\":\"https:\/\/www.smedemokrati.sk\/minister-raz-definitivne-ukazal-ze-nema-co-robit-na-svojom-mieste\/\",\"name\":\"Minister R\u00e1\u017e definit\u00edvne uk\u00e1zal, \u017ee nem\u00e1 \u010do robi\u0165 na svojom mieste\",\"isPartOf\":{\"@id\":\"https:\/\/www.smedemokrati.sk\/#website\"},\"primaryImageOfPage\":{\"@id\":\"https:\/\/www.smedemokrati.sk\/minister-raz-definitivne-ukazal-ze-nema-co-robit-na-svojom-mieste\/#primaryimage\"},\"image\":{\"@id\":\"https:\/\/www.smedemokrati.sk\/minister-raz-definitivne-ukazal-ze-nema-co-robit-na-svojom-mieste\/#primaryimage\"},\"thumbnailUrl\":\"https:\/\/www.smedemokrati.sk\/wp-content\/uploads\/2023\/04\/MKica.jpg\",\"datePublished\":\"2025-12-02T15:18:15+00:00\",\"dateModified\":\"2025-12-02T15:18:16+00:00\",\"breadcrumb\":{\"@id\":\"https:\/\/www.smedemokrati.sk\/minister-raz-definitivne-ukazal-ze-nema-co-robit-na-svojom-mieste\/#breadcrumb\"},\"inLanguage\":\"hu-HU\",\"potentialAction\":[{\"@type\":\"ReadAction\",\"target\":[\"https:\/\/www.smedemokrati.sk\/minister-raz-definitivne-ukazal-ze-nema-co-robit-na-svojom-mieste\/\"]}]},{\"@type\":\"ImageObject\",\"inLanguage\":\"hu-HU\",\"@id\":\"https:\/\/www.smedemokrati.sk\/minister-raz-definitivne-ukazal-ze-nema-co-robit-na-svojom-mieste\/#primaryimage\",\"url\":\"https:\/\/www.smedemokrati.sk\/wp-content\/uploads\/2023\/04\/MKica.jpg\",\"contentUrl\":\"https:\/\/www.smedemokrati.sk\/wp-content\/uploads\/2023\/04\/MKica.jpg\",\"width\":1520,\"height\":1080},{\"@type\":\"BreadcrumbList\",\"@id\":\"https:\/\/www.smedemokrati.sk\/minister-raz-definitivne-ukazal-ze-nema-co-robit-na-svojom-mieste\/#breadcrumb\",\"itemListElement\":[{\"@type\":\"ListItem\",\"position\":1,\"name\":\"Domovsk\u00e1 str\u00e1nka\",\"item\":\"https:\/\/www.smedemokrati.sk\/\"},{\"@type\":\"ListItem\",\"position\":2,\"name\":\"Minister R\u00e1\u017e definit\u00edvne uk\u00e1zal, \u017ee nem\u00e1 \u010do robi\u0165 na svojom mieste\"}]},{\"@type\":\"WebSite\",\"@id\":\"https:\/\/www.smedemokrati.sk\/#website\",\"url\":\"https:\/\/www.smedemokrati.sk\/\",\"name\":\"Smedemokrati.sk\",\"description\":\"Demokracia a slu\u0161nos\u0165 zv\u00ed\u0165az\u00ed\",\"publisher\":{\"@id\":\"https:\/\/www.smedemokrati.sk\/#organization\"},\"potentialAction\":[{\"@type\":\"SearchAction\",\"target\":{\"@type\":\"EntryPoint\",\"urlTemplate\":\"https:\/\/www.smedemokrati.sk\/?s={search_term_string}\"},\"query-input\":{\"@type\":\"PropertyValueSpecification\",\"valueRequired\":true,\"valueName\":\"search_term_string\"}}],\"inLanguage\":\"hu-HU\"},{\"@type\":\"Organization\",\"@id\":\"https:\/\/www.smedemokrati.sk\/#organization\",\"name\":\"Smedemokrati.sk\",\"url\":\"https:\/\/www.smedemokrati.sk\/\",\"logo\":{\"@type\":\"ImageObject\",\"inLanguage\":\"hu-HU\",\"@id\":\"https:\/\/www.smedemokrati.sk\/#\/schema\/logo\/image\/\",\"url\":\"https:\/\/www.smedemokrati.sk\/wp-content\/uploads\/2023\/04\/ff.002.jpeg\",\"contentUrl\":\"https:\/\/www.smedemokrati.sk\/wp-content\/uploads\/2023\/04\/ff.002.jpeg\",\"width\":640,\"height\":480,\"caption\":\"Smedemokrati.sk\"},\"image\":{\"@id\":\"https:\/\/www.smedemokrati.sk\/#\/schema\/logo\/image\/\"},\"sameAs\":[\"https:\/\/www.facebook.com\/smedemokrati2023\"]},{\"@type\":\"Person\",\"@id\":\"https:\/\/www.smedemokrati.sk\/#\/schema\/person\/21f147c88d605aa7ded900e1e7c344ba\",\"name\":\"miro.sopko\",\"image\":{\"@type\":\"ImageObject\",\"inLanguage\":\"hu-HU\",\"@id\":\"https:\/\/secure.gravatar.com\/avatar\/267e4a36f704376c109afe3a78740c1f5dd8675a2180a908699e7863c9247606?s=96&d=mm&r=g\",\"url\":\"https:\/\/secure.gravatar.com\/avatar\/267e4a36f704376c109afe3a78740c1f5dd8675a2180a908699e7863c9247606?s=96&d=mm&r=g\",\"contentUrl\":\"https:\/\/secure.gravatar.com\/avatar\/267e4a36f704376c109afe3a78740c1f5dd8675a2180a908699e7863c9247606?s=96&d=mm&r=g\",\"caption\":\"miro.sopko\"},\"url\":\"https:\/\/www.smedemokrati.sk\/hu\/author\/miro-sopko\/\"}]}<\/script>\n<!-- \/ Yoast SEO plugin. -->","yoast_head_json":{"title":"Minister R\u00e1\u017e definit\u00edvne uk\u00e1zal, \u017ee nem\u00e1 \u010do robi\u0165 na svojom mieste","robots":{"index":"index","follow":"follow","max-snippet":"max-snippet:-1","max-image-preview":"max-image-preview:large","max-video-preview":"max-video-preview:-1"},"canonical":"https:\/\/www.smedemokrati.sk\/hu\/minister-raz-definitivne-ukazal-ze-nema-co-robit-na-svojom-mieste\/","og_locale":"hu_HU","og_type":"article","og_title":"[:sk]Minister R\u00e1\u017e definit\u00edvne uk\u00e1zal, \u017ee nem\u00e1 \u010do robi\u0165 na svojom mieste[:] - Smedemokrati.sk","og_description":"Minister dopravy dnes na tla\u010dovej konferencii zverejnil nov\u00e9 inform\u00e1cie k v\u00e1\u017enej vlakovej nehode v Pezinku. Jeho jedin\u00fdm cie\u013eom v\u0161ak bolo pod\u013ea Demokratov odvr\u00e1ti\u0165 pozornos\u0165 od v\u00e1\u017enych zisten\u00ed, \u017ee nehode sa dalo zabr\u00e1ni\u0165, ak by rezort pod jeho veden\u00edm neignoroval zistenia Dopravn\u00e9ho \u00faradu (D\u00da). Vyz\u00fdvame ho, aby namiesto spochyb\u0148ovania z\u00e1va\u017en\u00fdch zisten\u00ed nez\u00e1visl\u00e9ho dopravn\u00e9ho \u00faradu bezodkladne predlo\u017eil [&hellip;]","og_url":"https:\/\/www.smedemokrati.sk\/hu\/minister-raz-definitivne-ukazal-ze-nema-co-robit-na-svojom-mieste\/","og_site_name":"Smedemokrati.sk","article_publisher":"https:\/\/www.facebook.com\/smedemokrati2023","article_published_time":"2025-12-02T15:18:15+00:00","article_modified_time":"2025-12-02T15:18:16+00:00","og_image":[{"width":1520,"height":1080,"url":"https:\/\/www.smedemokrati.sk\/wp-content\/uploads\/2023\/04\/MKica.jpg","type":"image\/jpeg"}],"author":"miro.sopko","twitter_card":"summary_large_image","twitter_misc":{"Szerz\u0151:":"miro.sopko","Becs\u00fclt olvas\u00e1si id\u0151":"3 perc"},"schema":{"@context":"https:\/\/schema.org","@graph":[{"@type":"Article","@id":"https:\/\/www.smedemokrati.sk\/minister-raz-definitivne-ukazal-ze-nema-co-robit-na-svojom-mieste\/#article","isPartOf":{"@id":"https:\/\/www.smedemokrati.sk\/minister-raz-definitivne-ukazal-ze-nema-co-robit-na-svojom-mieste\/"},"author":{"name":"miro.sopko","@id":"https:\/\/www.smedemokrati.sk\/#\/schema\/person\/21f147c88d605aa7ded900e1e7c344ba"},"headline":"Minister R\u00e1\u017e definit\u00edvne uk\u00e1zal, \u017ee nem\u00e1 \u010do robi\u0165 na svojom mieste","datePublished":"2025-12-02T15:18:15+00:00","dateModified":"2025-12-02T15:18:16+00:00","mainEntityOfPage":{"@id":"https:\/\/www.smedemokrati.sk\/minister-raz-definitivne-ukazal-ze-nema-co-robit-na-svojom-mieste\/"},"wordCount":501,"publisher":{"@id":"https:\/\/www.smedemokrati.sk\/#organization"},"image":{"@id":"https:\/\/www.smedemokrati.sk\/minister-raz-definitivne-ukazal-ze-nema-co-robit-na-svojom-mieste\/#primaryimage"},"thumbnailUrl":"https:\/\/www.smedemokrati.sk\/wp-content\/uploads\/2023\/04\/MKica.jpg","articleSection":["Tla\u010dov\u00e9 spr\u00e1vy"],"inLanguage":"hu-HU"},{"@type":"WebPage","@id":"https:\/\/www.smedemokrati.sk\/minister-raz-definitivne-ukazal-ze-nema-co-robit-na-svojom-mieste\/","url":"https:\/\/www.smedemokrati.sk\/minister-raz-definitivne-ukazal-ze-nema-co-robit-na-svojom-mieste\/","name":"Minister R\u00e1\u017e definit\u00edvne uk\u00e1zal, \u017ee nem\u00e1 \u010do robi\u0165 na svojom mieste","isPartOf":{"@id":"https:\/\/www.smedemokrati.sk\/#website"},"primaryImageOfPage":{"@id":"https:\/\/www.smedemokrati.sk\/minister-raz-definitivne-ukazal-ze-nema-co-robit-na-svojom-mieste\/#primaryimage"},"image":{"@id":"https:\/\/www.smedemokrati.sk\/minister-raz-definitivne-ukazal-ze-nema-co-robit-na-svojom-mieste\/#primaryimage"},"thumbnailUrl":"https:\/\/www.smedemokrati.sk\/wp-content\/uploads\/2023\/04\/MKica.jpg","datePublished":"2025-12-02T15:18:15+00:00","dateModified":"2025-12-02T15:18:16+00:00","breadcrumb":{"@id":"https:\/\/www.smedemokrati.sk\/minister-raz-definitivne-ukazal-ze-nema-co-robit-na-svojom-mieste\/#breadcrumb"},"inLanguage":"hu-HU","potentialAction":[{"@type":"ReadAction","target":["https:\/\/www.smedemokrati.sk\/minister-raz-definitivne-ukazal-ze-nema-co-robit-na-svojom-mieste\/"]}]},{"@type":"ImageObject","inLanguage":"hu-HU","@id":"https:\/\/www.smedemokrati.sk\/minister-raz-definitivne-ukazal-ze-nema-co-robit-na-svojom-mieste\/#primaryimage","url":"https:\/\/www.smedemokrati.sk\/wp-content\/uploads\/2023\/04\/MKica.jpg","contentUrl":"https:\/\/www.smedemokrati.sk\/wp-content\/uploads\/2023\/04\/MKica.jpg","width":1520,"height":1080},{"@type":"BreadcrumbList","@id":"https:\/\/www.smedemokrati.sk\/minister-raz-definitivne-ukazal-ze-nema-co-robit-na-svojom-mieste\/#breadcrumb","itemListElement":[{"@type":"ListItem","position":1,"name":"Domovsk\u00e1 str\u00e1nka","item":"https:\/\/www.smedemokrati.sk\/"},{"@type":"ListItem","position":2,"name":"Minister R\u00e1\u017e definit\u00edvne uk\u00e1zal, \u017ee nem\u00e1 \u010do robi\u0165 na svojom mieste"}]},{"@type":"WebSite","@id":"https:\/\/www.smedemokrati.sk\/#website","url":"https:\/\/www.smedemokrati.sk\/","name":"Smedemokrati.sk","description":"Demokracia a slu\u0161nos\u0165 zv\u00ed\u0165az\u00ed","publisher":{"@id":"https:\/\/www.smedemokrati.sk\/#organization"},"potentialAction":[{"@type":"SearchAction","target":{"@type":"EntryPoint","urlTemplate":"https:\/\/www.smedemokrati.sk\/?s={search_term_string}"},"query-input":{"@type":"PropertyValueSpecification","valueRequired":true,"valueName":"search_term_string"}}],"inLanguage":"hu-HU"},{"@type":"Organization","@id":"https:\/\/www.smedemokrati.sk\/#organization","name":"Smedemokrati.sk","url":"https:\/\/www.smedemokrati.sk\/","logo":{"@type":"ImageObject","inLanguage":"hu-HU","@id":"https:\/\/www.smedemokrati.sk\/#\/schema\/logo\/image\/","url":"https:\/\/www.smedemokrati.sk\/wp-content\/uploads\/2023\/04\/ff.002.jpeg","contentUrl":"https:\/\/www.smedemokrati.sk\/wp-content\/uploads\/2023\/04\/ff.002.jpeg","width":640,"height":480,"caption":"Smedemokrati.sk"},"image":{"@id":"https:\/\/www.smedemokrati.sk\/#\/schema\/logo\/image\/"},"sameAs":["https:\/\/www.facebook.com\/smedemokrati2023"]},{"@type":"Person","@id":"https:\/\/www.smedemokrati.sk\/#\/schema\/person\/21f147c88d605aa7ded900e1e7c344ba","name":"miro.sopko","image":{"@type":"ImageObject","inLanguage":"hu-HU","@id":"https:\/\/secure.gravatar.com\/avatar\/267e4a36f704376c109afe3a78740c1f5dd8675a2180a908699e7863c9247606?s=96&d=mm&r=g","url":"https:\/\/secure.gravatar.com\/avatar\/267e4a36f704376c109afe3a78740c1f5dd8675a2180a908699e7863c9247606?s=96&d=mm&r=g","contentUrl":"https:\/\/secure.gravatar.com\/avatar\/267e4a36f704376c109afe3a78740c1f5dd8675a2180a908699e7863c9247606?s=96&d=mm&r=g","caption":"miro.sopko"},"url":"https:\/\/www.smedemokrati.sk\/hu\/author\/miro-sopko\/"}]}},"_links":{"self":[{"href":"https:\/\/www.smedemokrati.sk\/hu\/wp-json\/wp\/v2\/posts\/8565","targetHints":{"allow":["GET"]}}],"collection":[{"href":"https:\/\/www.smedemokrati.sk\/hu\/wp-json\/wp\/v2\/posts"}],"about":[{"href":"https:\/\/www.smedemokrati.sk\/hu\/wp-json\/wp\/v2\/types\/post"}],"author":[{"embeddable":true,"href":"https:\/\/www.smedemokrati.sk\/hu\/wp-json\/wp\/v2\/users\/13"}],"replies":[{"embeddable":true,"href":"https:\/\/www.smedemokrati.sk\/hu\/wp-json\/wp\/v2\/comments?post=8565"}],"version-history":[{"count":1,"href":"https:\/\/www.smedemokrati.sk\/hu\/wp-json\/wp\/v2\/posts\/8565\/revisions"}],"predecessor-version":[{"id":8566,"href":"https:\/\/www.smedemokrati.sk\/hu\/wp-json\/wp\/v2\/posts\/8565\/revisions\/8566"}],"wp:featuredmedia":[{"embeddable":true,"href":"https:\/\/www.smedemokrati.sk\/hu\/wp-json\/wp\/v2\/media\/385"}],"wp:attachment":[{"href":"https:\/\/www.smedemokrati.sk\/hu\/wp-json\/wp\/v2\/media?parent=8565"}],"wp:term":[{"taxonomy":"category","embeddable":true,"href":"https:\/\/www.smedemokrati.sk\/hu\/wp-json\/wp\/v2\/categories?post=8565"},{"taxonomy":"post_tag","embeddable":true,"href":"https:\/\/www.smedemokrati.sk\/hu\/wp-json\/wp\/v2\/tags?post=8565"}],"curies":[{"name":"wp","href":"https:\/\/api.w.org\/{rel}","templated":true}]}}