{"id":8469,"date":"2025-11-12T13:29:00","date_gmt":"2025-11-12T12:29:00","guid":{"rendered":"https:\/\/www.smedemokrati.sk\/?p=8469"},"modified":"2025-11-13T13:30:36","modified_gmt":"2025-11-13T12:30:36","slug":"dokedy-bude-vlada-otalat-s-bezpecnostou-zeleznic","status":"publish","type":"post","link":"https:\/\/www.smedemokrati.sk\/hu\/dokedy-bude-vlada-otalat-s-bezpecnostou-zeleznic\/","title":{"rendered":"Dokedy bude vl\u00e1da ot\u00e1\u013ea\u0165 s bezpe\u010dnos\u0165ou \u017eelezn\u00edc?"},"content":{"rendered":"<div id=\"fb-root\"><\/div>\n\n<p><strong>Napriek pr\u00eds\u013eubom premi\u00e9ra Fica a ministra R\u00e1\u017ea vl\u00e1da dnes neschv\u00e1lila \u017eiadne, ani len ak\u00fatne a r\u00fdchlo realizovate\u013en\u00e9 opatrenia na zv\u00fd\u0161enie bezpe\u010dnosti \u017eelezni\u010dnej dopravy. K\u00fdm si vl\u00e1da d\u00e1va na\u010das, pr\u00ednos predstaven\u00fdch opatren\u00ed je viac ne\u017e sporn\u00fd.&nbsp;<\/strong><\/p>\n\n\n\n<p>Kamery sn\u00edmaj\u00face nielen jazdu vlaku, ale aj aktivitu ru\u0161\u0148ovodi\u010dov v kab\u00edne ru\u0161\u0148a, o ktor\u00fdch rozpr\u00e1val minister R\u00e1\u017e, ni\u010d nezachr\u00e1nia. Napokon, nateraz nie s\u00fa verejne zn\u00e1me \u017eiadne inform\u00e1cie a neuviedol ich ani minister dopravy, \u017ee pr\u00ed\u010dinou ned\u00e1vnych neh\u00f4d by bola manipul\u00e1cia s mobiln\u00fdm telef\u00f3nom po\u010das vedenia vlaku zo strany ru\u0161\u0148ovodi\u010dov. \u201cRealiz\u00e1cia tohto opatrenia si naviac vy\u017eiada \u010das a nie je zn\u00e1me, \u017ee by bolo aplikovan\u00e9 kdeko\u013evek v zahrani\u010d\u00ed. R\u00e1\u017e ma \u201cpo ruke\u201d odborn\u00e9 rie\u0161enia, ktor\u00e9 sme navrhli vl\u00e1de, akou je celoplo\u0161n\u00e1 r\u00e1diofik\u00e1cia (vysiela\u010dky do ka\u017ed\u00e9ho vlaku na komunik\u00e1ciu medzi dispe\u010dingom a ru\u0161\u0148ovodi\u010dom), \u010di \u2060zv\u00fd\u0161enie kvalifik\u00e1cie a mzdov\u00e9ho ohodnotenia ru\u0161\u0148ovodi\u010dov op\u00e4\u0165 na minim\u00e1lnu \u00farove\u0148 maturity.<\/p>\n\n\n\n<p><em>\u201cJe pre n\u00e1s nepochopite\u013en\u00e9, pre\u010do vl\u00e1da aspo\u0148 o niektor\u00fdch z t\u00fdchto n\u00e1vrhov nerozhodla u\u017e priamo dnes. Ka\u017ed\u00fd de\u0148 vyu\u017e\u00edvaj\u00fa vlaky st\u00e1tis\u00edce \u013eud\u00ed, ktor\u00fdch d\u00f4vera v bezpe\u010dnos\u0165 \u017eelezn\u00edc je po ned\u00e1vnych nehod\u00e1ch otrasen\u00e1. Napriek tomu prijatie konkr\u00e9tnych kr\u00e1tkodob\u00fdch opatren\u00ed nie je prioritou vl\u00e1dy,\u201d<\/em>&nbsp;vysvet\u013euje Michal Ki\u010da, podpredseda Demokratov. Ver\u00edme, \u017ee len pre \u00fanavu ministra z n\u00e1ro\u010dnej zahrani\u010dnej s\u00fakromnej cesty kdesi v dia\u013eav\u00e1ch, ktor\u00e9mu trvalo dva dni od nehody sa \u010do i len vyjadri\u0165, sa R\u00e1\u017e zmohol op\u00e4\u0165 na zav\u00e1dzanie o nule vlakov s ETCS po\u010das rokov 2020 a\u017e 2023. V roku 2021 sa rozhodlo o invest\u00edci\u00e1ch na in\u0161talovanie syst\u00e9mu ETCS napr\u00edklad do ru\u0161\u0148ov radu 361 alebo do 25 elektrick\u00fdch vlakov radu 660\/661, ktor\u00fdmi sa u\u017e dnes R\u00e1\u017e chv\u00e1li, hoci k ich obstaraniu nijako neprispel.&nbsp;<\/p>\n\n\n\n<p>\u201c<em>Dne\u0161n\u00e9 rokovanie vl\u00e1dy je op\u00e4\u0165 \u010fal\u0161\u00edm obrovsk\u00fdm sklaman\u00edm pre ka\u017edodenn\u00fdch cestuj\u00facich a d\u00f4kazom toho, \u017ee minister dopravy R\u00e1\u017e nie je schopn\u00fd obnovi\u0165 d\u00f4veru verejnosti v bezpe\u010dnos\u0165 \u017eelezni\u010dnej dopravy. Pred vyvoden\u00edm politickej zodpovednosti uprednostnil len svoje \u010fal\u0161ie tr\u00e1penie sa vo funkcii, z \u010doho ale ob\u010dania ni\u010d nebud\u00fa ma\u0165,<\/em>\u201d uzavrel Ki\u010da.<\/p>\n","protected":false},"excerpt":{"rendered":"<p>Napriek pr\u00eds\u013eubom premi\u00e9ra Fica a ministra R\u00e1\u017ea vl\u00e1da dnes neschv\u00e1lila \u017eiadne, ani len ak\u00fatne a r\u00fdchlo realizovate\u013en\u00e9 opatrenia na zv\u00fd\u0161enie bezpe\u010dnosti \u017eelezni\u010dnej dopravy. K\u00fdm si vl\u00e1da d\u00e1va na\u010das, pr\u00ednos predstaven\u00fdch opatren\u00ed je viac ne\u017e sporn\u00fd.&nbsp; Kamery sn\u00edmaj\u00face nielen jazdu vlaku, ale aj aktivitu ru\u0161\u0148ovodi\u010dov v kab\u00edne ru\u0161\u0148a, o ktor\u00fdch rozpr\u00e1val minister R\u00e1\u017e, ni\u010d nezachr\u00e1nia. Napokon, [&hellip;]<\/p>\n","protected":false},"author":13,"featured_media":2592,"comment_status":"closed","ping_status":"closed","sticky":false,"template":"","format":"standard","meta":{"_acf_changed":false,"ngg_post_thumbnail":0,"footnotes":""},"categories":[4],"tags":[],"class_list":["post-8469","post","type-post","status-publish","format-standard","has-post-thumbnail","hentry","category-tlacove-spravy"],"acf":[],"yoast_head":"<!-- This site is optimized with the Yoast SEO plugin v27.2 - https:\/\/yoast.com\/product\/yoast-seo-wordpress\/ -->\n<title>Dokedy bude vl\u00e1da ot\u00e1\u013ea\u0165 s bezpe\u010dnos\u0165ou \u017eelezn\u00edc?<\/title>\n<meta name=\"robots\" content=\"index, follow, max-snippet:-1, max-image-preview:large, max-video-preview:-1\" \/>\n<link rel=\"canonical\" href=\"https:\/\/www.smedemokrati.sk\/hu\/dokedy-bude-vlada-otalat-s-bezpecnostou-zeleznic\/\" \/>\n<meta property=\"og:locale\" content=\"hu_HU\" \/>\n<meta property=\"og:locale:alternate\" content=\"en_US\" \/>\n<meta property=\"og:locale:alternate\" content=\"cs_CZ\" \/>\n<meta property=\"og:locale:alternate\" content=\"sk_SK\" \/>\n<meta property=\"og:locale:alternate\" content=\"sv_SE\" \/>\n<meta property=\"og:type\" content=\"article\" \/>\n<meta property=\"og:title\" content=\"Dokedy bude vl\u00e1da ot\u00e1\u013ea\u0165 s bezpe\u010dnos\u0165ou \u017eelezn\u00edc?\" \/>\n<meta property=\"og:description\" content=\"Napriek pr\u00eds\u013eubom premi\u00e9ra Fica a ministra R\u00e1\u017ea vl\u00e1da dnes neschv\u00e1lila \u017eiadne, ani len ak\u00fatne a r\u00fdchlo realizovate\u013en\u00e9 opatrenia na zv\u00fd\u0161enie bezpe\u010dnosti \u017eelezni\u010dnej dopravy. K\u00fdm si vl\u00e1da d\u00e1va na\u010das, pr\u00ednos predstaven\u00fdch opatren\u00ed je viac ne\u017e sporn\u00fd.&nbsp; Kamery sn\u00edmaj\u00face nielen jazdu vlaku, ale aj aktivitu ru\u0161\u0148ovodi\u010dov v kab\u00edne ru\u0161\u0148a, o ktor\u00fdch rozpr\u00e1val minister R\u00e1\u017e, ni\u010d nezachr\u00e1nia. Napokon, [&hellip;]\" \/>\n<meta property=\"og:url\" content=\"https:\/\/www.smedemokrati.sk\/hu\/dokedy-bude-vlada-otalat-s-bezpecnostou-zeleznic\/\" \/>\n<meta property=\"og:site_name\" content=\"Smedemokrati.sk\" \/>\n<meta property=\"article:publisher\" content=\"https:\/\/www.facebook.com\/smedemokrati2023\" \/>\n<meta property=\"article:published_time\" content=\"2025-11-12T12:29:00+00:00\" \/>\n<meta property=\"article:modified_time\" content=\"2025-11-13T12:30:36+00:00\" \/>\n<meta property=\"og:image\" content=\"https:\/\/www.smedemokrati.sk\/wp-content\/uploads\/2024\/02\/raz.jpg\" \/>\n\t<meta property=\"og:image:width\" content=\"1017\" \/>\n\t<meta property=\"og:image:height\" content=\"573\" \/>\n\t<meta property=\"og:image:type\" content=\"image\/jpeg\" \/>\n<meta name=\"author\" content=\"miro.sopko\" \/>\n<meta name=\"twitter:card\" content=\"summary_large_image\" \/>\n<meta name=\"twitter:label1\" content=\"Szerz\u0151:\" \/>\n\t<meta name=\"twitter:data1\" content=\"miro.sopko\" \/>\n\t<meta name=\"twitter:label2\" content=\"Becs\u00fclt olvas\u00e1si id\u0151\" \/>\n\t<meta name=\"twitter:data2\" content=\"2 perc\" \/>\n<script type=\"application\/ld+json\" class=\"yoast-schema-graph\">{\"@context\":\"https:\/\/schema.org\",\"@graph\":[{\"@type\":\"Article\",\"@id\":\"https:\/\/www.smedemokrati.sk\/dokedy-bude-vlada-otalat-s-bezpecnostou-zeleznic\/#article\",\"isPartOf\":{\"@id\":\"https:\/\/www.smedemokrati.sk\/dokedy-bude-vlada-otalat-s-bezpecnostou-zeleznic\/\"},\"author\":{\"name\":\"miro.sopko\",\"@id\":\"https:\/\/www.smedemokrati.sk\/#\/schema\/person\/21f147c88d605aa7ded900e1e7c344ba\"},\"headline\":\"Dokedy bude vl\u00e1da ot\u00e1\u013ea\u0165 s bezpe\u010dnos\u0165ou \u017eelezn\u00edc?\",\"datePublished\":\"2025-11-12T12:29:00+00:00\",\"dateModified\":\"2025-11-13T12:30:36+00:00\",\"mainEntityOfPage\":{\"@id\":\"https:\/\/www.smedemokrati.sk\/dokedy-bude-vlada-otalat-s-bezpecnostou-zeleznic\/\"},\"wordCount\":440,\"publisher\":{\"@id\":\"https:\/\/www.smedemokrati.sk\/#organization\"},\"image\":{\"@id\":\"https:\/\/www.smedemokrati.sk\/dokedy-bude-vlada-otalat-s-bezpecnostou-zeleznic\/#primaryimage\"},\"thumbnailUrl\":\"https:\/\/www.smedemokrati.sk\/wp-content\/uploads\/2024\/02\/raz.jpg\",\"articleSection\":[\"Tla\u010dov\u00e9 spr\u00e1vy\"],\"inLanguage\":\"hu-HU\"},{\"@type\":\"WebPage\",\"@id\":\"https:\/\/www.smedemokrati.sk\/dokedy-bude-vlada-otalat-s-bezpecnostou-zeleznic\/\",\"url\":\"https:\/\/www.smedemokrati.sk\/dokedy-bude-vlada-otalat-s-bezpecnostou-zeleznic\/\",\"name\":\"Dokedy bude vl\u00e1da ot\u00e1\u013ea\u0165 s bezpe\u010dnos\u0165ou \u017eelezn\u00edc?\",\"isPartOf\":{\"@id\":\"https:\/\/www.smedemokrati.sk\/#website\"},\"primaryImageOfPage\":{\"@id\":\"https:\/\/www.smedemokrati.sk\/dokedy-bude-vlada-otalat-s-bezpecnostou-zeleznic\/#primaryimage\"},\"image\":{\"@id\":\"https:\/\/www.smedemokrati.sk\/dokedy-bude-vlada-otalat-s-bezpecnostou-zeleznic\/#primaryimage\"},\"thumbnailUrl\":\"https:\/\/www.smedemokrati.sk\/wp-content\/uploads\/2024\/02\/raz.jpg\",\"datePublished\":\"2025-11-12T12:29:00+00:00\",\"dateModified\":\"2025-11-13T12:30:36+00:00\",\"breadcrumb\":{\"@id\":\"https:\/\/www.smedemokrati.sk\/dokedy-bude-vlada-otalat-s-bezpecnostou-zeleznic\/#breadcrumb\"},\"inLanguage\":\"hu-HU\",\"potentialAction\":[{\"@type\":\"ReadAction\",\"target\":[\"https:\/\/www.smedemokrati.sk\/dokedy-bude-vlada-otalat-s-bezpecnostou-zeleznic\/\"]}]},{\"@type\":\"ImageObject\",\"inLanguage\":\"hu-HU\",\"@id\":\"https:\/\/www.smedemokrati.sk\/dokedy-bude-vlada-otalat-s-bezpecnostou-zeleznic\/#primaryimage\",\"url\":\"https:\/\/www.smedemokrati.sk\/wp-content\/uploads\/2024\/02\/raz.jpg\",\"contentUrl\":\"https:\/\/www.smedemokrati.sk\/wp-content\/uploads\/2024\/02\/raz.jpg\",\"width\":1017,\"height\":573},{\"@type\":\"BreadcrumbList\",\"@id\":\"https:\/\/www.smedemokrati.sk\/dokedy-bude-vlada-otalat-s-bezpecnostou-zeleznic\/#breadcrumb\",\"itemListElement\":[{\"@type\":\"ListItem\",\"position\":1,\"name\":\"Domovsk\u00e1 str\u00e1nka\",\"item\":\"https:\/\/www.smedemokrati.sk\/\"},{\"@type\":\"ListItem\",\"position\":2,\"name\":\"Dokedy bude vl\u00e1da ot\u00e1\u013ea\u0165 s bezpe\u010dnos\u0165ou \u017eelezn\u00edc?\"}]},{\"@type\":\"WebSite\",\"@id\":\"https:\/\/www.smedemokrati.sk\/#website\",\"url\":\"https:\/\/www.smedemokrati.sk\/\",\"name\":\"Smedemokrati.sk\",\"description\":\"Demokracia a slu\u0161nos\u0165 zv\u00ed\u0165az\u00ed\",\"publisher\":{\"@id\":\"https:\/\/www.smedemokrati.sk\/#organization\"},\"potentialAction\":[{\"@type\":\"SearchAction\",\"target\":{\"@type\":\"EntryPoint\",\"urlTemplate\":\"https:\/\/www.smedemokrati.sk\/?s={search_term_string}\"},\"query-input\":{\"@type\":\"PropertyValueSpecification\",\"valueRequired\":true,\"valueName\":\"search_term_string\"}}],\"inLanguage\":\"hu-HU\"},{\"@type\":\"Organization\",\"@id\":\"https:\/\/www.smedemokrati.sk\/#organization\",\"name\":\"Smedemokrati.sk\",\"url\":\"https:\/\/www.smedemokrati.sk\/\",\"logo\":{\"@type\":\"ImageObject\",\"inLanguage\":\"hu-HU\",\"@id\":\"https:\/\/www.smedemokrati.sk\/#\/schema\/logo\/image\/\",\"url\":\"https:\/\/www.smedemokrati.sk\/wp-content\/uploads\/2023\/04\/ff.002.jpeg\",\"contentUrl\":\"https:\/\/www.smedemokrati.sk\/wp-content\/uploads\/2023\/04\/ff.002.jpeg\",\"width\":640,\"height\":480,\"caption\":\"Smedemokrati.sk\"},\"image\":{\"@id\":\"https:\/\/www.smedemokrati.sk\/#\/schema\/logo\/image\/\"},\"sameAs\":[\"https:\/\/www.facebook.com\/smedemokrati2023\"]},{\"@type\":\"Person\",\"@id\":\"https:\/\/www.smedemokrati.sk\/#\/schema\/person\/21f147c88d605aa7ded900e1e7c344ba\",\"name\":\"miro.sopko\",\"image\":{\"@type\":\"ImageObject\",\"inLanguage\":\"hu-HU\",\"@id\":\"https:\/\/secure.gravatar.com\/avatar\/267e4a36f704376c109afe3a78740c1f5dd8675a2180a908699e7863c9247606?s=96&d=mm&r=g\",\"url\":\"https:\/\/secure.gravatar.com\/avatar\/267e4a36f704376c109afe3a78740c1f5dd8675a2180a908699e7863c9247606?s=96&d=mm&r=g\",\"contentUrl\":\"https:\/\/secure.gravatar.com\/avatar\/267e4a36f704376c109afe3a78740c1f5dd8675a2180a908699e7863c9247606?s=96&d=mm&r=g\",\"caption\":\"miro.sopko\"},\"url\":\"https:\/\/www.smedemokrati.sk\/hu\/author\/miro-sopko\/\"}]}<\/script>\n<!-- \/ Yoast SEO plugin. -->","yoast_head_json":{"title":"Dokedy bude vl\u00e1da ot\u00e1\u013ea\u0165 s bezpe\u010dnos\u0165ou \u017eelezn\u00edc?","robots":{"index":"index","follow":"follow","max-snippet":"max-snippet:-1","max-image-preview":"max-image-preview:large","max-video-preview":"max-video-preview:-1"},"canonical":"https:\/\/www.smedemokrati.sk\/hu\/dokedy-bude-vlada-otalat-s-bezpecnostou-zeleznic\/","og_locale":"hu_HU","og_type":"article","og_title":"[:sk]Dokedy bude vl\u00e1da ot\u00e1\u013ea\u0165 s bezpe\u010dnos\u0165ou \u017eelezn\u00edc?[:] - Smedemokrati.sk","og_description":"Napriek pr\u00eds\u013eubom premi\u00e9ra Fica a ministra R\u00e1\u017ea vl\u00e1da dnes neschv\u00e1lila \u017eiadne, ani len ak\u00fatne a r\u00fdchlo realizovate\u013en\u00e9 opatrenia na zv\u00fd\u0161enie bezpe\u010dnosti \u017eelezni\u010dnej dopravy. K\u00fdm si vl\u00e1da d\u00e1va na\u010das, pr\u00ednos predstaven\u00fdch opatren\u00ed je viac ne\u017e sporn\u00fd.&nbsp; Kamery sn\u00edmaj\u00face nielen jazdu vlaku, ale aj aktivitu ru\u0161\u0148ovodi\u010dov v kab\u00edne ru\u0161\u0148a, o ktor\u00fdch rozpr\u00e1val minister R\u00e1\u017e, ni\u010d nezachr\u00e1nia. Napokon, [&hellip;]","og_url":"https:\/\/www.smedemokrati.sk\/hu\/dokedy-bude-vlada-otalat-s-bezpecnostou-zeleznic\/","og_site_name":"Smedemokrati.sk","article_publisher":"https:\/\/www.facebook.com\/smedemokrati2023","article_published_time":"2025-11-12T12:29:00+00:00","article_modified_time":"2025-11-13T12:30:36+00:00","og_image":[{"width":1017,"height":573,"url":"https:\/\/www.smedemokrati.sk\/wp-content\/uploads\/2024\/02\/raz.jpg","type":"image\/jpeg"}],"author":"miro.sopko","twitter_card":"summary_large_image","twitter_misc":{"Szerz\u0151:":"miro.sopko","Becs\u00fclt olvas\u00e1si id\u0151":"2 perc"},"schema":{"@context":"https:\/\/schema.org","@graph":[{"@type":"Article","@id":"https:\/\/www.smedemokrati.sk\/dokedy-bude-vlada-otalat-s-bezpecnostou-zeleznic\/#article","isPartOf":{"@id":"https:\/\/www.smedemokrati.sk\/dokedy-bude-vlada-otalat-s-bezpecnostou-zeleznic\/"},"author":{"name":"miro.sopko","@id":"https:\/\/www.smedemokrati.sk\/#\/schema\/person\/21f147c88d605aa7ded900e1e7c344ba"},"headline":"Dokedy bude vl\u00e1da ot\u00e1\u013ea\u0165 s bezpe\u010dnos\u0165ou \u017eelezn\u00edc?","datePublished":"2025-11-12T12:29:00+00:00","dateModified":"2025-11-13T12:30:36+00:00","mainEntityOfPage":{"@id":"https:\/\/www.smedemokrati.sk\/dokedy-bude-vlada-otalat-s-bezpecnostou-zeleznic\/"},"wordCount":440,"publisher":{"@id":"https:\/\/www.smedemokrati.sk\/#organization"},"image":{"@id":"https:\/\/www.smedemokrati.sk\/dokedy-bude-vlada-otalat-s-bezpecnostou-zeleznic\/#primaryimage"},"thumbnailUrl":"https:\/\/www.smedemokrati.sk\/wp-content\/uploads\/2024\/02\/raz.jpg","articleSection":["Tla\u010dov\u00e9 spr\u00e1vy"],"inLanguage":"hu-HU"},{"@type":"WebPage","@id":"https:\/\/www.smedemokrati.sk\/dokedy-bude-vlada-otalat-s-bezpecnostou-zeleznic\/","url":"https:\/\/www.smedemokrati.sk\/dokedy-bude-vlada-otalat-s-bezpecnostou-zeleznic\/","name":"Dokedy bude vl\u00e1da ot\u00e1\u013ea\u0165 s bezpe\u010dnos\u0165ou \u017eelezn\u00edc?","isPartOf":{"@id":"https:\/\/www.smedemokrati.sk\/#website"},"primaryImageOfPage":{"@id":"https:\/\/www.smedemokrati.sk\/dokedy-bude-vlada-otalat-s-bezpecnostou-zeleznic\/#primaryimage"},"image":{"@id":"https:\/\/www.smedemokrati.sk\/dokedy-bude-vlada-otalat-s-bezpecnostou-zeleznic\/#primaryimage"},"thumbnailUrl":"https:\/\/www.smedemokrati.sk\/wp-content\/uploads\/2024\/02\/raz.jpg","datePublished":"2025-11-12T12:29:00+00:00","dateModified":"2025-11-13T12:30:36+00:00","breadcrumb":{"@id":"https:\/\/www.smedemokrati.sk\/dokedy-bude-vlada-otalat-s-bezpecnostou-zeleznic\/#breadcrumb"},"inLanguage":"hu-HU","potentialAction":[{"@type":"ReadAction","target":["https:\/\/www.smedemokrati.sk\/dokedy-bude-vlada-otalat-s-bezpecnostou-zeleznic\/"]}]},{"@type":"ImageObject","inLanguage":"hu-HU","@id":"https:\/\/www.smedemokrati.sk\/dokedy-bude-vlada-otalat-s-bezpecnostou-zeleznic\/#primaryimage","url":"https:\/\/www.smedemokrati.sk\/wp-content\/uploads\/2024\/02\/raz.jpg","contentUrl":"https:\/\/www.smedemokrati.sk\/wp-content\/uploads\/2024\/02\/raz.jpg","width":1017,"height":573},{"@type":"BreadcrumbList","@id":"https:\/\/www.smedemokrati.sk\/dokedy-bude-vlada-otalat-s-bezpecnostou-zeleznic\/#breadcrumb","itemListElement":[{"@type":"ListItem","position":1,"name":"Domovsk\u00e1 str\u00e1nka","item":"https:\/\/www.smedemokrati.sk\/"},{"@type":"ListItem","position":2,"name":"Dokedy bude vl\u00e1da ot\u00e1\u013ea\u0165 s bezpe\u010dnos\u0165ou \u017eelezn\u00edc?"}]},{"@type":"WebSite","@id":"https:\/\/www.smedemokrati.sk\/#website","url":"https:\/\/www.smedemokrati.sk\/","name":"Smedemokrati.sk","description":"Demokracia a slu\u0161nos\u0165 zv\u00ed\u0165az\u00ed","publisher":{"@id":"https:\/\/www.smedemokrati.sk\/#organization"},"potentialAction":[{"@type":"SearchAction","target":{"@type":"EntryPoint","urlTemplate":"https:\/\/www.smedemokrati.sk\/?s={search_term_string}"},"query-input":{"@type":"PropertyValueSpecification","valueRequired":true,"valueName":"search_term_string"}}],"inLanguage":"hu-HU"},{"@type":"Organization","@id":"https:\/\/www.smedemokrati.sk\/#organization","name":"Smedemokrati.sk","url":"https:\/\/www.smedemokrati.sk\/","logo":{"@type":"ImageObject","inLanguage":"hu-HU","@id":"https:\/\/www.smedemokrati.sk\/#\/schema\/logo\/image\/","url":"https:\/\/www.smedemokrati.sk\/wp-content\/uploads\/2023\/04\/ff.002.jpeg","contentUrl":"https:\/\/www.smedemokrati.sk\/wp-content\/uploads\/2023\/04\/ff.002.jpeg","width":640,"height":480,"caption":"Smedemokrati.sk"},"image":{"@id":"https:\/\/www.smedemokrati.sk\/#\/schema\/logo\/image\/"},"sameAs":["https:\/\/www.facebook.com\/smedemokrati2023"]},{"@type":"Person","@id":"https:\/\/www.smedemokrati.sk\/#\/schema\/person\/21f147c88d605aa7ded900e1e7c344ba","name":"miro.sopko","image":{"@type":"ImageObject","inLanguage":"hu-HU","@id":"https:\/\/secure.gravatar.com\/avatar\/267e4a36f704376c109afe3a78740c1f5dd8675a2180a908699e7863c9247606?s=96&d=mm&r=g","url":"https:\/\/secure.gravatar.com\/avatar\/267e4a36f704376c109afe3a78740c1f5dd8675a2180a908699e7863c9247606?s=96&d=mm&r=g","contentUrl":"https:\/\/secure.gravatar.com\/avatar\/267e4a36f704376c109afe3a78740c1f5dd8675a2180a908699e7863c9247606?s=96&d=mm&r=g","caption":"miro.sopko"},"url":"https:\/\/www.smedemokrati.sk\/hu\/author\/miro-sopko\/"}]}},"_links":{"self":[{"href":"https:\/\/www.smedemokrati.sk\/hu\/wp-json\/wp\/v2\/posts\/8469","targetHints":{"allow":["GET"]}}],"collection":[{"href":"https:\/\/www.smedemokrati.sk\/hu\/wp-json\/wp\/v2\/posts"}],"about":[{"href":"https:\/\/www.smedemokrati.sk\/hu\/wp-json\/wp\/v2\/types\/post"}],"author":[{"embeddable":true,"href":"https:\/\/www.smedemokrati.sk\/hu\/wp-json\/wp\/v2\/users\/13"}],"replies":[{"embeddable":true,"href":"https:\/\/www.smedemokrati.sk\/hu\/wp-json\/wp\/v2\/comments?post=8469"}],"version-history":[{"count":1,"href":"https:\/\/www.smedemokrati.sk\/hu\/wp-json\/wp\/v2\/posts\/8469\/revisions"}],"predecessor-version":[{"id":8470,"href":"https:\/\/www.smedemokrati.sk\/hu\/wp-json\/wp\/v2\/posts\/8469\/revisions\/8470"}],"wp:featuredmedia":[{"embeddable":true,"href":"https:\/\/www.smedemokrati.sk\/hu\/wp-json\/wp\/v2\/media\/2592"}],"wp:attachment":[{"href":"https:\/\/www.smedemokrati.sk\/hu\/wp-json\/wp\/v2\/media?parent=8469"}],"wp:term":[{"taxonomy":"category","embeddable":true,"href":"https:\/\/www.smedemokrati.sk\/hu\/wp-json\/wp\/v2\/categories?post=8469"},{"taxonomy":"post_tag","embeddable":true,"href":"https:\/\/www.smedemokrati.sk\/hu\/wp-json\/wp\/v2\/tags?post=8469"}],"curies":[{"name":"wp","href":"https:\/\/api.w.org\/{rel}","templated":true}]}}