{"id":8430,"date":"2025-11-07T21:55:59","date_gmt":"2025-11-07T20:55:59","guid":{"rendered":"https:\/\/www.smedemokrati.sk\/?p=8430"},"modified":"2025-11-07T21:56:00","modified_gmt":"2025-11-07T20:56:00","slug":"susko-namiesto-zvysenia-bezpecnosti-riesi-dalsie-oslabovanie-prirody","status":"publish","type":"post","link":"https:\/\/www.smedemokrati.sk\/hu\/susko-namiesto-zvysenia-bezpecnosti-riesi-dalsie-oslabovanie-prirody\/","title":{"rendered":"Susko namiesto zv\u00fd\u0161enia bezpe\u010dnosti rie\u0161i \u010fal\u0161ie oslabovanie pr\u00edrody"},"content":{"rendered":"<div id=\"fb-root\"><\/div>\n\n<p><strong>Predstava, \u017ee ministra spravodlivosti Suska tr\u00e1pi n\u00e1rast kriminality, je o\u010dividne naivn\u00e1. Namiesto ak\u00fatneho rie\u0161enia bujnej\u00facich kr\u00e1de\u017e\u00ed a zmeny legislat\u00edvy sa zaober\u00e1 len \u010fal\u0161\u00edm oslabovan\u00edm ochrany pr\u00edrody. Inak sa ned\u00e1 nazva\u0165 jeho ostatn\u00e1 novela trestn\u00e9ho z\u00e1kona a trestn\u00e9ho poriadku. Suska vyz\u00fdvame na jej prepracovanie a taktie\u017e na to, aby sa prioritne zameral na zv\u00fd\u0161enie bezpe\u010dnosti ob\u010danov na Slovensku.\u00a0<\/strong><\/p>\n\n\n\n<p>\u201c<em>Susko v novele, ktorej pripomienkovanie sa skon\u010dilo v pondelok, navrhuje zmeny aj v z\u00e1kone o ochrane pr\u00edrody a krajiny, ktor\u00e9 \u010falej zni\u017euj\u00fa spolo\u010densk\u00fa hodnotu chr\u00e1nen\u00fdch druhov a napr\u00edklad sa sna\u017e\u00ed \u201czabet\u00f3nova\u0165\u201d zru\u0161enie ochrany vlka drav\u00e9ho do z\u00e1kona. To by v bud\u00facnosti v\u00fdrazne s\u0165a\u017eilo jeho op\u00e4tovn\u00e9 preradenie medzi chr\u00e1nen\u00e9 druhy,<\/em>\u201d vysvet\u013euje Michal Ki\u010da, environment\u00e1lny expert Demokratov. Ministerstvo spravodlivosti navrhuje \u010falej tak\u00e9 defin\u00edcie skutkov\u00fdch podst\u00e1t trestn\u00fdch \u010dinov proti \u017eivotn\u00e9mu prostrediu, ktor\u00e9 jeho trestnopr\u00e1vnu ochranu oslabia. Taktie\u017e sa sna\u017e\u00ed presadi\u0165, aby prokur\u00e1tori mohli podmiene\u010dne zastavi\u0165 trestn\u00e9 st\u00edhanie p\u00e1chate\u013eov aj pri zlo\u010dinoch proti \u017eivotn\u00e9mu prostrediu, \u010d\u00edm by sa ich konanie nedostalo pred s\u00fad. V spojen\u00ed s promafi\u00e1nskymi zmenami trestn\u00fdch k\u00f3dexov sa tak len \u010falej otvoria dvere environment\u00e1lnej kriminalite. Na druhej strane ponech\u00e1va a\u017e neprimerane pr\u00edsne postihovanie neleg\u00e1lnych vjazdov, d\u00f4sledkom \u010doho je, \u017ee org\u00e1ny \u010dinn\u00e9 v trestnom konan\u00ed bud\u00fa ma\u0165 zn\u00ed\u017een\u00e9 kapacity na rie\u0161enie najz\u00e1va\u017enej\u0161\u00edch foriem kriminality.&nbsp;<\/p>\n\n\n\n<p>Demokrati podali k novele pripomienky. Suskovu novelu dokonca kritizuje aj Ministerstvo \u017eivotn\u00e9ho prostredia SR \u010di zamestn\u00e1vate\u013esk\u00e9 zdru\u017eenia a k niektor\u00fdm n\u00e1vrhom m\u00e1 z\u00e1sadn\u00e9 v\u00fdhrady aj Ministerstvo vn\u00fatra SR. Minister Susko si \u0161kodlivosti svojich n\u00e1vrhov mus\u00ed by\u0165 vedom\u00fd, ke\u010f\u017ee v rokoch 2016 a\u017e 2020 p\u00f4sobil ako \u0161t\u00e1tny tajomn\u00edk envirorezortu zodpovedn\u00fd pr\u00e1ve za ochranu pr\u00edrody. Susko namiesto podstatn\u00fdch vec\u00ed a ak\u00fatnej kr\u00edzy so vzrastaj\u00facou kriminalitou rie\u0161i spolo\u010densk\u00e9 hodnoty li\u0161ajn\u00edkov, skamenel\u00fdch kost\u00ed a zubov.&nbsp;<\/p>\n\n\n\n<p>\u201c<em>Vyz\u00fdvame ministra Suska, aby sa vr\u00e1til do reality, \u0161kodliv\u00fa novelu prepracoval a okam\u017eite a prednostne rie\u0161il opatrenia na zv\u00fd\u0161enie bezpe\u010dnosti ob\u010danov na Slovensku,<\/em>\u201d uzavrel Michal Ki\u010da.<\/p>\n","protected":false},"excerpt":{"rendered":"<p>Predstava, \u017ee ministra spravodlivosti Suska tr\u00e1pi n\u00e1rast kriminality, je o\u010dividne naivn\u00e1. Namiesto ak\u00fatneho rie\u0161enia bujnej\u00facich kr\u00e1de\u017e\u00ed a zmeny legislat\u00edvy sa zaober\u00e1 len \u010fal\u0161\u00edm oslabovan\u00edm ochrany pr\u00edrody. Inak sa ned\u00e1 nazva\u0165 jeho ostatn\u00e1 novela trestn\u00e9ho z\u00e1kona a trestn\u00e9ho poriadku. Suska vyz\u00fdvame na jej prepracovanie a taktie\u017e na to, aby sa prioritne zameral na zv\u00fd\u0161enie bezpe\u010dnosti ob\u010danov [&hellip;]<\/p>\n","protected":false},"author":13,"featured_media":8431,"comment_status":"closed","ping_status":"closed","sticky":false,"template":"","format":"standard","meta":{"_acf_changed":false,"ngg_post_thumbnail":0,"footnotes":""},"categories":[4],"tags":[],"class_list":["post-8430","post","type-post","status-publish","format-standard","has-post-thumbnail","hentry","category-tlacove-spravy"],"acf":[],"yoast_head":"<!-- This site is optimized with the Yoast SEO plugin v27.2 - https:\/\/yoast.com\/product\/yoast-seo-wordpress\/ -->\n<title>Susko namiesto zv\u00fd\u0161enia bezpe\u010dnosti rie\u0161i \u010fal\u0161ie oslabovanie pr\u00edrody<\/title>\n<meta name=\"robots\" content=\"index, follow, max-snippet:-1, max-image-preview:large, max-video-preview:-1\" \/>\n<link rel=\"canonical\" href=\"https:\/\/www.smedemokrati.sk\/hu\/susko-namiesto-zvysenia-bezpecnosti-riesi-dalsie-oslabovanie-prirody\/\" \/>\n<meta property=\"og:locale\" content=\"hu_HU\" \/>\n<meta property=\"og:locale:alternate\" content=\"en_US\" \/>\n<meta property=\"og:locale:alternate\" content=\"cs_CZ\" \/>\n<meta property=\"og:locale:alternate\" content=\"sk_SK\" \/>\n<meta property=\"og:locale:alternate\" content=\"sv_SE\" \/>\n<meta property=\"og:type\" content=\"article\" \/>\n<meta property=\"og:title\" content=\"Susko namiesto zv\u00fd\u0161enia bezpe\u010dnosti rie\u0161i \u010fal\u0161ie oslabovanie pr\u00edrody\" \/>\n<meta property=\"og:description\" content=\"Predstava, \u017ee ministra spravodlivosti Suska tr\u00e1pi n\u00e1rast kriminality, je o\u010dividne naivn\u00e1. Namiesto ak\u00fatneho rie\u0161enia bujnej\u00facich kr\u00e1de\u017e\u00ed a zmeny legislat\u00edvy sa zaober\u00e1 len \u010fal\u0161\u00edm oslabovan\u00edm ochrany pr\u00edrody. Inak sa ned\u00e1 nazva\u0165 jeho ostatn\u00e1 novela trestn\u00e9ho z\u00e1kona a trestn\u00e9ho poriadku. Suska vyz\u00fdvame na jej prepracovanie a taktie\u017e na to, aby sa prioritne zameral na zv\u00fd\u0161enie bezpe\u010dnosti ob\u010danov [&hellip;]\" \/>\n<meta property=\"og:url\" content=\"https:\/\/www.smedemokrati.sk\/hu\/susko-namiesto-zvysenia-bezpecnosti-riesi-dalsie-oslabovanie-prirody\/\" \/>\n<meta property=\"og:site_name\" content=\"Smedemokrati.sk\" \/>\n<meta property=\"article:publisher\" content=\"https:\/\/www.facebook.com\/smedemokrati2023\" \/>\n<meta property=\"article:published_time\" content=\"2025-11-07T20:55:59+00:00\" \/>\n<meta property=\"article:modified_time\" content=\"2025-11-07T20:56:00+00:00\" \/>\n<meta property=\"og:image\" content=\"https:\/\/www.smedemokrati.sk\/wp-content\/uploads\/2025\/11\/TBEN7687-copy.jpg\" \/>\n\t<meta property=\"og:image:width\" content=\"1920\" \/>\n\t<meta property=\"og:image:height\" content=\"1280\" \/>\n\t<meta property=\"og:image:type\" content=\"image\/jpeg\" \/>\n<meta name=\"author\" content=\"miro.sopko\" \/>\n<meta name=\"twitter:card\" content=\"summary_large_image\" \/>\n<meta name=\"twitter:label1\" content=\"Szerz\u0151:\" \/>\n\t<meta name=\"twitter:data1\" content=\"miro.sopko\" \/>\n\t<meta name=\"twitter:label2\" content=\"Becs\u00fclt olvas\u00e1si id\u0151\" \/>\n\t<meta name=\"twitter:data2\" content=\"2 perc\" \/>\n<script type=\"application\/ld+json\" class=\"yoast-schema-graph\">{\"@context\":\"https:\/\/schema.org\",\"@graph\":[{\"@type\":\"Article\",\"@id\":\"https:\/\/www.smedemokrati.sk\/susko-namiesto-zvysenia-bezpecnosti-riesi-dalsie-oslabovanie-prirody\/#article\",\"isPartOf\":{\"@id\":\"https:\/\/www.smedemokrati.sk\/susko-namiesto-zvysenia-bezpecnosti-riesi-dalsie-oslabovanie-prirody\/\"},\"author\":{\"name\":\"miro.sopko\",\"@id\":\"https:\/\/www.smedemokrati.sk\/#\/schema\/person\/21f147c88d605aa7ded900e1e7c344ba\"},\"headline\":\"Susko namiesto zv\u00fd\u0161enia bezpe\u010dnosti rie\u0161i \u010fal\u0161ie oslabovanie pr\u00edrody\",\"datePublished\":\"2025-11-07T20:55:59+00:00\",\"dateModified\":\"2025-11-07T20:56:00+00:00\",\"mainEntityOfPage\":{\"@id\":\"https:\/\/www.smedemokrati.sk\/susko-namiesto-zvysenia-bezpecnosti-riesi-dalsie-oslabovanie-prirody\/\"},\"wordCount\":411,\"publisher\":{\"@id\":\"https:\/\/www.smedemokrati.sk\/#organization\"},\"image\":{\"@id\":\"https:\/\/www.smedemokrati.sk\/susko-namiesto-zvysenia-bezpecnosti-riesi-dalsie-oslabovanie-prirody\/#primaryimage\"},\"thumbnailUrl\":\"https:\/\/www.smedemokrati.sk\/wp-content\/uploads\/2025\/11\/TBEN7687-copy.jpg\",\"articleSection\":[\"Tla\u010dov\u00e9 spr\u00e1vy\"],\"inLanguage\":\"hu-HU\"},{\"@type\":\"WebPage\",\"@id\":\"https:\/\/www.smedemokrati.sk\/susko-namiesto-zvysenia-bezpecnosti-riesi-dalsie-oslabovanie-prirody\/\",\"url\":\"https:\/\/www.smedemokrati.sk\/susko-namiesto-zvysenia-bezpecnosti-riesi-dalsie-oslabovanie-prirody\/\",\"name\":\"Susko namiesto zv\u00fd\u0161enia bezpe\u010dnosti rie\u0161i \u010fal\u0161ie oslabovanie pr\u00edrody\",\"isPartOf\":{\"@id\":\"https:\/\/www.smedemokrati.sk\/#website\"},\"primaryImageOfPage\":{\"@id\":\"https:\/\/www.smedemokrati.sk\/susko-namiesto-zvysenia-bezpecnosti-riesi-dalsie-oslabovanie-prirody\/#primaryimage\"},\"image\":{\"@id\":\"https:\/\/www.smedemokrati.sk\/susko-namiesto-zvysenia-bezpecnosti-riesi-dalsie-oslabovanie-prirody\/#primaryimage\"},\"thumbnailUrl\":\"https:\/\/www.smedemokrati.sk\/wp-content\/uploads\/2025\/11\/TBEN7687-copy.jpg\",\"datePublished\":\"2025-11-07T20:55:59+00:00\",\"dateModified\":\"2025-11-07T20:56:00+00:00\",\"breadcrumb\":{\"@id\":\"https:\/\/www.smedemokrati.sk\/susko-namiesto-zvysenia-bezpecnosti-riesi-dalsie-oslabovanie-prirody\/#breadcrumb\"},\"inLanguage\":\"hu-HU\",\"potentialAction\":[{\"@type\":\"ReadAction\",\"target\":[\"https:\/\/www.smedemokrati.sk\/susko-namiesto-zvysenia-bezpecnosti-riesi-dalsie-oslabovanie-prirody\/\"]}]},{\"@type\":\"ImageObject\",\"inLanguage\":\"hu-HU\",\"@id\":\"https:\/\/www.smedemokrati.sk\/susko-namiesto-zvysenia-bezpecnosti-riesi-dalsie-oslabovanie-prirody\/#primaryimage\",\"url\":\"https:\/\/www.smedemokrati.sk\/wp-content\/uploads\/2025\/11\/TBEN7687-copy.jpg\",\"contentUrl\":\"https:\/\/www.smedemokrati.sk\/wp-content\/uploads\/2025\/11\/TBEN7687-copy.jpg\",\"width\":1920,\"height\":1280,\"caption\":\"CREATOR: gd-jpeg v1.0 (using IJG JPEG v80), quality = 85\"},{\"@type\":\"BreadcrumbList\",\"@id\":\"https:\/\/www.smedemokrati.sk\/susko-namiesto-zvysenia-bezpecnosti-riesi-dalsie-oslabovanie-prirody\/#breadcrumb\",\"itemListElement\":[{\"@type\":\"ListItem\",\"position\":1,\"name\":\"Domovsk\u00e1 str\u00e1nka\",\"item\":\"https:\/\/www.smedemokrati.sk\/\"},{\"@type\":\"ListItem\",\"position\":2,\"name\":\"Susko namiesto zv\u00fd\u0161enia bezpe\u010dnosti rie\u0161i \u010fal\u0161ie oslabovanie pr\u00edrody\"}]},{\"@type\":\"WebSite\",\"@id\":\"https:\/\/www.smedemokrati.sk\/#website\",\"url\":\"https:\/\/www.smedemokrati.sk\/\",\"name\":\"Smedemokrati.sk\",\"description\":\"Demokracia a slu\u0161nos\u0165 zv\u00ed\u0165az\u00ed\",\"publisher\":{\"@id\":\"https:\/\/www.smedemokrati.sk\/#organization\"},\"potentialAction\":[{\"@type\":\"SearchAction\",\"target\":{\"@type\":\"EntryPoint\",\"urlTemplate\":\"https:\/\/www.smedemokrati.sk\/?s={search_term_string}\"},\"query-input\":{\"@type\":\"PropertyValueSpecification\",\"valueRequired\":true,\"valueName\":\"search_term_string\"}}],\"inLanguage\":\"hu-HU\"},{\"@type\":\"Organization\",\"@id\":\"https:\/\/www.smedemokrati.sk\/#organization\",\"name\":\"Smedemokrati.sk\",\"url\":\"https:\/\/www.smedemokrati.sk\/\",\"logo\":{\"@type\":\"ImageObject\",\"inLanguage\":\"hu-HU\",\"@id\":\"https:\/\/www.smedemokrati.sk\/#\/schema\/logo\/image\/\",\"url\":\"https:\/\/www.smedemokrati.sk\/wp-content\/uploads\/2023\/04\/ff.002.jpeg\",\"contentUrl\":\"https:\/\/www.smedemokrati.sk\/wp-content\/uploads\/2023\/04\/ff.002.jpeg\",\"width\":640,\"height\":480,\"caption\":\"Smedemokrati.sk\"},\"image\":{\"@id\":\"https:\/\/www.smedemokrati.sk\/#\/schema\/logo\/image\/\"},\"sameAs\":[\"https:\/\/www.facebook.com\/smedemokrati2023\"]},{\"@type\":\"Person\",\"@id\":\"https:\/\/www.smedemokrati.sk\/#\/schema\/person\/21f147c88d605aa7ded900e1e7c344ba\",\"name\":\"miro.sopko\",\"image\":{\"@type\":\"ImageObject\",\"inLanguage\":\"hu-HU\",\"@id\":\"https:\/\/secure.gravatar.com\/avatar\/267e4a36f704376c109afe3a78740c1f5dd8675a2180a908699e7863c9247606?s=96&d=mm&r=g\",\"url\":\"https:\/\/secure.gravatar.com\/avatar\/267e4a36f704376c109afe3a78740c1f5dd8675a2180a908699e7863c9247606?s=96&d=mm&r=g\",\"contentUrl\":\"https:\/\/secure.gravatar.com\/avatar\/267e4a36f704376c109afe3a78740c1f5dd8675a2180a908699e7863c9247606?s=96&d=mm&r=g\",\"caption\":\"miro.sopko\"},\"url\":\"https:\/\/www.smedemokrati.sk\/hu\/author\/miro-sopko\/\"}]}<\/script>\n<!-- \/ Yoast SEO plugin. -->","yoast_head_json":{"title":"Susko namiesto zv\u00fd\u0161enia bezpe\u010dnosti rie\u0161i \u010fal\u0161ie oslabovanie pr\u00edrody","robots":{"index":"index","follow":"follow","max-snippet":"max-snippet:-1","max-image-preview":"max-image-preview:large","max-video-preview":"max-video-preview:-1"},"canonical":"https:\/\/www.smedemokrati.sk\/hu\/susko-namiesto-zvysenia-bezpecnosti-riesi-dalsie-oslabovanie-prirody\/","og_locale":"hu_HU","og_type":"article","og_title":"[:sk]Susko namiesto zv\u00fd\u0161enia bezpe\u010dnosti rie\u0161i \u010fal\u0161ie oslabovanie pr\u00edrody[:] - Smedemokrati.sk","og_description":"Predstava, \u017ee ministra spravodlivosti Suska tr\u00e1pi n\u00e1rast kriminality, je o\u010dividne naivn\u00e1. Namiesto ak\u00fatneho rie\u0161enia bujnej\u00facich kr\u00e1de\u017e\u00ed a zmeny legislat\u00edvy sa zaober\u00e1 len \u010fal\u0161\u00edm oslabovan\u00edm ochrany pr\u00edrody. Inak sa ned\u00e1 nazva\u0165 jeho ostatn\u00e1 novela trestn\u00e9ho z\u00e1kona a trestn\u00e9ho poriadku. Suska vyz\u00fdvame na jej prepracovanie a taktie\u017e na to, aby sa prioritne zameral na zv\u00fd\u0161enie bezpe\u010dnosti ob\u010danov [&hellip;]","og_url":"https:\/\/www.smedemokrati.sk\/hu\/susko-namiesto-zvysenia-bezpecnosti-riesi-dalsie-oslabovanie-prirody\/","og_site_name":"Smedemokrati.sk","article_publisher":"https:\/\/www.facebook.com\/smedemokrati2023","article_published_time":"2025-11-07T20:55:59+00:00","article_modified_time":"2025-11-07T20:56:00+00:00","og_image":[{"width":1920,"height":1280,"url":"https:\/\/www.smedemokrati.sk\/wp-content\/uploads\/2025\/11\/TBEN7687-copy.jpg","type":"image\/jpeg"}],"author":"miro.sopko","twitter_card":"summary_large_image","twitter_misc":{"Szerz\u0151:":"miro.sopko","Becs\u00fclt olvas\u00e1si id\u0151":"2 perc"},"schema":{"@context":"https:\/\/schema.org","@graph":[{"@type":"Article","@id":"https:\/\/www.smedemokrati.sk\/susko-namiesto-zvysenia-bezpecnosti-riesi-dalsie-oslabovanie-prirody\/#article","isPartOf":{"@id":"https:\/\/www.smedemokrati.sk\/susko-namiesto-zvysenia-bezpecnosti-riesi-dalsie-oslabovanie-prirody\/"},"author":{"name":"miro.sopko","@id":"https:\/\/www.smedemokrati.sk\/#\/schema\/person\/21f147c88d605aa7ded900e1e7c344ba"},"headline":"Susko namiesto zv\u00fd\u0161enia bezpe\u010dnosti rie\u0161i \u010fal\u0161ie oslabovanie pr\u00edrody","datePublished":"2025-11-07T20:55:59+00:00","dateModified":"2025-11-07T20:56:00+00:00","mainEntityOfPage":{"@id":"https:\/\/www.smedemokrati.sk\/susko-namiesto-zvysenia-bezpecnosti-riesi-dalsie-oslabovanie-prirody\/"},"wordCount":411,"publisher":{"@id":"https:\/\/www.smedemokrati.sk\/#organization"},"image":{"@id":"https:\/\/www.smedemokrati.sk\/susko-namiesto-zvysenia-bezpecnosti-riesi-dalsie-oslabovanie-prirody\/#primaryimage"},"thumbnailUrl":"https:\/\/www.smedemokrati.sk\/wp-content\/uploads\/2025\/11\/TBEN7687-copy.jpg","articleSection":["Tla\u010dov\u00e9 spr\u00e1vy"],"inLanguage":"hu-HU"},{"@type":"WebPage","@id":"https:\/\/www.smedemokrati.sk\/susko-namiesto-zvysenia-bezpecnosti-riesi-dalsie-oslabovanie-prirody\/","url":"https:\/\/www.smedemokrati.sk\/susko-namiesto-zvysenia-bezpecnosti-riesi-dalsie-oslabovanie-prirody\/","name":"Susko namiesto zv\u00fd\u0161enia bezpe\u010dnosti rie\u0161i \u010fal\u0161ie oslabovanie pr\u00edrody","isPartOf":{"@id":"https:\/\/www.smedemokrati.sk\/#website"},"primaryImageOfPage":{"@id":"https:\/\/www.smedemokrati.sk\/susko-namiesto-zvysenia-bezpecnosti-riesi-dalsie-oslabovanie-prirody\/#primaryimage"},"image":{"@id":"https:\/\/www.smedemokrati.sk\/susko-namiesto-zvysenia-bezpecnosti-riesi-dalsie-oslabovanie-prirody\/#primaryimage"},"thumbnailUrl":"https:\/\/www.smedemokrati.sk\/wp-content\/uploads\/2025\/11\/TBEN7687-copy.jpg","datePublished":"2025-11-07T20:55:59+00:00","dateModified":"2025-11-07T20:56:00+00:00","breadcrumb":{"@id":"https:\/\/www.smedemokrati.sk\/susko-namiesto-zvysenia-bezpecnosti-riesi-dalsie-oslabovanie-prirody\/#breadcrumb"},"inLanguage":"hu-HU","potentialAction":[{"@type":"ReadAction","target":["https:\/\/www.smedemokrati.sk\/susko-namiesto-zvysenia-bezpecnosti-riesi-dalsie-oslabovanie-prirody\/"]}]},{"@type":"ImageObject","inLanguage":"hu-HU","@id":"https:\/\/www.smedemokrati.sk\/susko-namiesto-zvysenia-bezpecnosti-riesi-dalsie-oslabovanie-prirody\/#primaryimage","url":"https:\/\/www.smedemokrati.sk\/wp-content\/uploads\/2025\/11\/TBEN7687-copy.jpg","contentUrl":"https:\/\/www.smedemokrati.sk\/wp-content\/uploads\/2025\/11\/TBEN7687-copy.jpg","width":1920,"height":1280,"caption":"CREATOR: gd-jpeg v1.0 (using IJG JPEG v80), quality = 85"},{"@type":"BreadcrumbList","@id":"https:\/\/www.smedemokrati.sk\/susko-namiesto-zvysenia-bezpecnosti-riesi-dalsie-oslabovanie-prirody\/#breadcrumb","itemListElement":[{"@type":"ListItem","position":1,"name":"Domovsk\u00e1 str\u00e1nka","item":"https:\/\/www.smedemokrati.sk\/"},{"@type":"ListItem","position":2,"name":"Susko namiesto zv\u00fd\u0161enia bezpe\u010dnosti rie\u0161i \u010fal\u0161ie oslabovanie pr\u00edrody"}]},{"@type":"WebSite","@id":"https:\/\/www.smedemokrati.sk\/#website","url":"https:\/\/www.smedemokrati.sk\/","name":"Smedemokrati.sk","description":"Demokracia a slu\u0161nos\u0165 zv\u00ed\u0165az\u00ed","publisher":{"@id":"https:\/\/www.smedemokrati.sk\/#organization"},"potentialAction":[{"@type":"SearchAction","target":{"@type":"EntryPoint","urlTemplate":"https:\/\/www.smedemokrati.sk\/?s={search_term_string}"},"query-input":{"@type":"PropertyValueSpecification","valueRequired":true,"valueName":"search_term_string"}}],"inLanguage":"hu-HU"},{"@type":"Organization","@id":"https:\/\/www.smedemokrati.sk\/#organization","name":"Smedemokrati.sk","url":"https:\/\/www.smedemokrati.sk\/","logo":{"@type":"ImageObject","inLanguage":"hu-HU","@id":"https:\/\/www.smedemokrati.sk\/#\/schema\/logo\/image\/","url":"https:\/\/www.smedemokrati.sk\/wp-content\/uploads\/2023\/04\/ff.002.jpeg","contentUrl":"https:\/\/www.smedemokrati.sk\/wp-content\/uploads\/2023\/04\/ff.002.jpeg","width":640,"height":480,"caption":"Smedemokrati.sk"},"image":{"@id":"https:\/\/www.smedemokrati.sk\/#\/schema\/logo\/image\/"},"sameAs":["https:\/\/www.facebook.com\/smedemokrati2023"]},{"@type":"Person","@id":"https:\/\/www.smedemokrati.sk\/#\/schema\/person\/21f147c88d605aa7ded900e1e7c344ba","name":"miro.sopko","image":{"@type":"ImageObject","inLanguage":"hu-HU","@id":"https:\/\/secure.gravatar.com\/avatar\/267e4a36f704376c109afe3a78740c1f5dd8675a2180a908699e7863c9247606?s=96&d=mm&r=g","url":"https:\/\/secure.gravatar.com\/avatar\/267e4a36f704376c109afe3a78740c1f5dd8675a2180a908699e7863c9247606?s=96&d=mm&r=g","contentUrl":"https:\/\/secure.gravatar.com\/avatar\/267e4a36f704376c109afe3a78740c1f5dd8675a2180a908699e7863c9247606?s=96&d=mm&r=g","caption":"miro.sopko"},"url":"https:\/\/www.smedemokrati.sk\/hu\/author\/miro-sopko\/"}]}},"_links":{"self":[{"href":"https:\/\/www.smedemokrati.sk\/hu\/wp-json\/wp\/v2\/posts\/8430","targetHints":{"allow":["GET"]}}],"collection":[{"href":"https:\/\/www.smedemokrati.sk\/hu\/wp-json\/wp\/v2\/posts"}],"about":[{"href":"https:\/\/www.smedemokrati.sk\/hu\/wp-json\/wp\/v2\/types\/post"}],"author":[{"embeddable":true,"href":"https:\/\/www.smedemokrati.sk\/hu\/wp-json\/wp\/v2\/users\/13"}],"replies":[{"embeddable":true,"href":"https:\/\/www.smedemokrati.sk\/hu\/wp-json\/wp\/v2\/comments?post=8430"}],"version-history":[{"count":1,"href":"https:\/\/www.smedemokrati.sk\/hu\/wp-json\/wp\/v2\/posts\/8430\/revisions"}],"predecessor-version":[{"id":8432,"href":"https:\/\/www.smedemokrati.sk\/hu\/wp-json\/wp\/v2\/posts\/8430\/revisions\/8432"}],"wp:featuredmedia":[{"embeddable":true,"href":"https:\/\/www.smedemokrati.sk\/hu\/wp-json\/wp\/v2\/media\/8431"}],"wp:attachment":[{"href":"https:\/\/www.smedemokrati.sk\/hu\/wp-json\/wp\/v2\/media?parent=8430"}],"wp:term":[{"taxonomy":"category","embeddable":true,"href":"https:\/\/www.smedemokrati.sk\/hu\/wp-json\/wp\/v2\/categories?post=8430"},{"taxonomy":"post_tag","embeddable":true,"href":"https:\/\/www.smedemokrati.sk\/hu\/wp-json\/wp\/v2\/tags?post=8430"}],"curies":[{"name":"wp","href":"https:\/\/api.w.org\/{rel}","templated":true}]}}