{"id":8405,"date":"2025-11-03T12:54:05","date_gmt":"2025-11-03T11:54:05","guid":{"rendered":"https:\/\/www.smedemokrati.sk\/?p=8405"},"modified":"2025-11-03T12:54:06","modified_gmt":"2025-11-03T11:54:06","slug":"policajt-ktory-riesi-nehodu-p-gaspara-v-zbore-nahle-konci","status":"publish","type":"post","link":"https:\/\/www.smedemokrati.sk\/hu\/policajt-ktory-riesi-nehodu-p-gaspara-v-zbore-nahle-konci\/","title":{"rendered":"Policajt, ktor\u00fd rie\u0161i nehodu P. Ga\u0161para v zbore n\u00e1hle kon\u010d\u00ed"},"content":{"rendered":"<div id=\"fb-root\"><\/div>\n\n<p><strong>Pod\u013ea inform\u00e1cii strany Demokrati Matej Bajs, policajt dopravn\u00e9ho oddelenia z Nitry, kon\u010d\u00ed v tomto mesiaci slu\u017ebu v Policajnom zbore. D\u00f4vod tohto odchodu do civilu m\u00e1 by\u0165 v priamej s\u00favislosti s nehodou \u0161\u00e9fa SIS P. Ga\u0161para.\u00a0<\/strong><\/p>\n\n\n\n<p><em>&#8222;Pod\u013ea na\u0161ich inform\u00e1ci\u00ed je policajt pod obrovsk\u00fdm tlakom a ako \u010destn\u00fd pr\u00edslu\u0161n\u00edk PZ SR sa nechce podpisova\u0165 pod klamstv\u00e1 a zahmlievanie, ktor\u00e9 od za\u010diatku Ga\u0161parovu nehodu sprev\u00e1dzaj\u00fa. Chcem povzbudi\u0165 a vyzva\u0165 v\u0161etk\u00fdch slu\u0161n\u00fdch policajtov, aby neohli svoj chrb\u00e1t pred ne\u010destn\u00fdmi podliakmi, ktor\u00ed s\u00fa, pod\u010diarkujem, len do\u010dasne vo svojich funkci\u00e1ch,&#8221;&nbsp;<\/em>povedal&nbsp;Jaroslav Na\u010f, predseda strany Demokrati.&nbsp;<\/p>\n","protected":false},"excerpt":{"rendered":"<p>Pod\u013ea inform\u00e1cii strany Demokrati Matej Bajs, policajt dopravn\u00e9ho oddelenia z Nitry, kon\u010d\u00ed v tomto mesiaci slu\u017ebu v Policajnom zbore. D\u00f4vod tohto odchodu do civilu m\u00e1 by\u0165 v priamej s\u00favislosti s nehodou \u0161\u00e9fa SIS P. Ga\u0161para.\u00a0 &#8222;Pod\u013ea na\u0161ich inform\u00e1ci\u00ed je policajt pod obrovsk\u00fdm tlakom a ako \u010destn\u00fd pr\u00edslu\u0161n\u00edk PZ SR sa nechce podpisova\u0165 pod klamstv\u00e1 a [&hellip;]<\/p>\n","protected":false},"author":13,"featured_media":8406,"comment_status":"closed","ping_status":"closed","sticky":false,"template":"","format":"standard","meta":{"_acf_changed":false,"ngg_post_thumbnail":0,"footnotes":""},"categories":[4],"tags":[],"class_list":["post-8405","post","type-post","status-publish","format-standard","has-post-thumbnail","hentry","category-tlacove-spravy"],"acf":[],"yoast_head":"<!-- This site is optimized with the Yoast SEO plugin v27.2 - https:\/\/yoast.com\/product\/yoast-seo-wordpress\/ -->\n<title>Policajt, ktor\u00fd rie\u0161i nehodu P. Ga\u0161para v zbore n\u00e1hle kon\u010d\u00ed<\/title>\n<meta name=\"robots\" content=\"index, follow, max-snippet:-1, max-image-preview:large, max-video-preview:-1\" \/>\n<link rel=\"canonical\" href=\"https:\/\/www.smedemokrati.sk\/hu\/policajt-ktory-riesi-nehodu-p-gaspara-v-zbore-nahle-konci\/\" \/>\n<meta property=\"og:locale\" content=\"hu_HU\" \/>\n<meta property=\"og:locale:alternate\" content=\"en_US\" \/>\n<meta property=\"og:locale:alternate\" content=\"cs_CZ\" \/>\n<meta property=\"og:locale:alternate\" content=\"sk_SK\" \/>\n<meta property=\"og:locale:alternate\" content=\"sv_SE\" \/>\n<meta property=\"og:type\" content=\"article\" \/>\n<meta property=\"og:title\" content=\"Policajt, ktor\u00fd rie\u0161i nehodu P. Ga\u0161para v zbore n\u00e1hle kon\u010d\u00ed\" \/>\n<meta property=\"og:description\" content=\"Pod\u013ea inform\u00e1cii strany Demokrati Matej Bajs, policajt dopravn\u00e9ho oddelenia z Nitry, kon\u010d\u00ed v tomto mesiaci slu\u017ebu v Policajnom zbore. D\u00f4vod tohto odchodu do civilu m\u00e1 by\u0165 v priamej s\u00favislosti s nehodou \u0161\u00e9fa SIS P. Ga\u0161para.\u00a0 &#8222;Pod\u013ea na\u0161ich inform\u00e1ci\u00ed je policajt pod obrovsk\u00fdm tlakom a ako \u010destn\u00fd pr\u00edslu\u0161n\u00edk PZ SR sa nechce podpisova\u0165 pod klamstv\u00e1 a [&hellip;]\" \/>\n<meta property=\"og:url\" content=\"https:\/\/www.smedemokrati.sk\/hu\/policajt-ktory-riesi-nehodu-p-gaspara-v-zbore-nahle-konci\/\" \/>\n<meta property=\"og:site_name\" content=\"Smedemokrati.sk\" \/>\n<meta property=\"article:publisher\" content=\"https:\/\/www.facebook.com\/smedemokrati2023\" \/>\n<meta property=\"article:published_time\" content=\"2025-11-03T11:54:05+00:00\" \/>\n<meta property=\"article:modified_time\" content=\"2025-11-03T11:54:06+00:00\" \/>\n<meta property=\"og:image\" content=\"https:\/\/www.smedemokrati.sk\/wp-content\/uploads\/2025\/11\/0b79def6-eba9-45f4-86d0-9cde62e5f297.jpg\" \/>\n\t<meta property=\"og:image:width\" content=\"1200\" \/>\n\t<meta property=\"og:image:height\" content=\"900\" \/>\n\t<meta property=\"og:image:type\" content=\"image\/jpeg\" \/>\n<meta name=\"author\" content=\"miro.sopko\" \/>\n<meta name=\"twitter:card\" content=\"summary_large_image\" \/>\n<meta name=\"twitter:label1\" content=\"Szerz\u0151:\" \/>\n\t<meta name=\"twitter:data1\" content=\"miro.sopko\" \/>\n\t<meta name=\"twitter:label2\" content=\"Becs\u00fclt olvas\u00e1si id\u0151\" \/>\n\t<meta name=\"twitter:data2\" content=\"1 perc\" \/>\n<script type=\"application\/ld+json\" class=\"yoast-schema-graph\">{\"@context\":\"https:\/\/schema.org\",\"@graph\":[{\"@type\":\"Article\",\"@id\":\"https:\/\/www.smedemokrati.sk\/policajt-ktory-riesi-nehodu-p-gaspara-v-zbore-nahle-konci\/#article\",\"isPartOf\":{\"@id\":\"https:\/\/www.smedemokrati.sk\/policajt-ktory-riesi-nehodu-p-gaspara-v-zbore-nahle-konci\/\"},\"author\":{\"name\":\"miro.sopko\",\"@id\":\"https:\/\/www.smedemokrati.sk\/#\/schema\/person\/21f147c88d605aa7ded900e1e7c344ba\"},\"headline\":\"Policajt, ktor\u00fd rie\u0161i nehodu P. Ga\u0161para v zbore n\u00e1hle kon\u010d\u00ed\",\"datePublished\":\"2025-11-03T11:54:05+00:00\",\"dateModified\":\"2025-11-03T11:54:06+00:00\",\"mainEntityOfPage\":{\"@id\":\"https:\/\/www.smedemokrati.sk\/policajt-ktory-riesi-nehodu-p-gaspara-v-zbore-nahle-konci\/\"},\"wordCount\":135,\"publisher\":{\"@id\":\"https:\/\/www.smedemokrati.sk\/#organization\"},\"image\":{\"@id\":\"https:\/\/www.smedemokrati.sk\/policajt-ktory-riesi-nehodu-p-gaspara-v-zbore-nahle-konci\/#primaryimage\"},\"thumbnailUrl\":\"https:\/\/www.smedemokrati.sk\/wp-content\/uploads\/2025\/11\/0b79def6-eba9-45f4-86d0-9cde62e5f297.jpg\",\"articleSection\":[\"Tla\u010dov\u00e9 spr\u00e1vy\"],\"inLanguage\":\"hu-HU\"},{\"@type\":\"WebPage\",\"@id\":\"https:\/\/www.smedemokrati.sk\/policajt-ktory-riesi-nehodu-p-gaspara-v-zbore-nahle-konci\/\",\"url\":\"https:\/\/www.smedemokrati.sk\/policajt-ktory-riesi-nehodu-p-gaspara-v-zbore-nahle-konci\/\",\"name\":\"Policajt, ktor\u00fd rie\u0161i nehodu P. Ga\u0161para v zbore n\u00e1hle kon\u010d\u00ed\",\"isPartOf\":{\"@id\":\"https:\/\/www.smedemokrati.sk\/#website\"},\"primaryImageOfPage\":{\"@id\":\"https:\/\/www.smedemokrati.sk\/policajt-ktory-riesi-nehodu-p-gaspara-v-zbore-nahle-konci\/#primaryimage\"},\"image\":{\"@id\":\"https:\/\/www.smedemokrati.sk\/policajt-ktory-riesi-nehodu-p-gaspara-v-zbore-nahle-konci\/#primaryimage\"},\"thumbnailUrl\":\"https:\/\/www.smedemokrati.sk\/wp-content\/uploads\/2025\/11\/0b79def6-eba9-45f4-86d0-9cde62e5f297.jpg\",\"datePublished\":\"2025-11-03T11:54:05+00:00\",\"dateModified\":\"2025-11-03T11:54:06+00:00\",\"breadcrumb\":{\"@id\":\"https:\/\/www.smedemokrati.sk\/policajt-ktory-riesi-nehodu-p-gaspara-v-zbore-nahle-konci\/#breadcrumb\"},\"inLanguage\":\"hu-HU\",\"potentialAction\":[{\"@type\":\"ReadAction\",\"target\":[\"https:\/\/www.smedemokrati.sk\/policajt-ktory-riesi-nehodu-p-gaspara-v-zbore-nahle-konci\/\"]}]},{\"@type\":\"ImageObject\",\"inLanguage\":\"hu-HU\",\"@id\":\"https:\/\/www.smedemokrati.sk\/policajt-ktory-riesi-nehodu-p-gaspara-v-zbore-nahle-konci\/#primaryimage\",\"url\":\"https:\/\/www.smedemokrati.sk\/wp-content\/uploads\/2025\/11\/0b79def6-eba9-45f4-86d0-9cde62e5f297.jpg\",\"contentUrl\":\"https:\/\/www.smedemokrati.sk\/wp-content\/uploads\/2025\/11\/0b79def6-eba9-45f4-86d0-9cde62e5f297.jpg\",\"width\":1200,\"height\":900},{\"@type\":\"BreadcrumbList\",\"@id\":\"https:\/\/www.smedemokrati.sk\/policajt-ktory-riesi-nehodu-p-gaspara-v-zbore-nahle-konci\/#breadcrumb\",\"itemListElement\":[{\"@type\":\"ListItem\",\"position\":1,\"name\":\"Domovsk\u00e1 str\u00e1nka\",\"item\":\"https:\/\/www.smedemokrati.sk\/\"},{\"@type\":\"ListItem\",\"position\":2,\"name\":\"Policajt, ktor\u00fd rie\u0161i nehodu P. Ga\u0161para v zbore n\u00e1hle kon\u010d\u00ed\"}]},{\"@type\":\"WebSite\",\"@id\":\"https:\/\/www.smedemokrati.sk\/#website\",\"url\":\"https:\/\/www.smedemokrati.sk\/\",\"name\":\"Smedemokrati.sk\",\"description\":\"Demokracia a slu\u0161nos\u0165 zv\u00ed\u0165az\u00ed\",\"publisher\":{\"@id\":\"https:\/\/www.smedemokrati.sk\/#organization\"},\"potentialAction\":[{\"@type\":\"SearchAction\",\"target\":{\"@type\":\"EntryPoint\",\"urlTemplate\":\"https:\/\/www.smedemokrati.sk\/?s={search_term_string}\"},\"query-input\":{\"@type\":\"PropertyValueSpecification\",\"valueRequired\":true,\"valueName\":\"search_term_string\"}}],\"inLanguage\":\"hu-HU\"},{\"@type\":\"Organization\",\"@id\":\"https:\/\/www.smedemokrati.sk\/#organization\",\"name\":\"Smedemokrati.sk\",\"url\":\"https:\/\/www.smedemokrati.sk\/\",\"logo\":{\"@type\":\"ImageObject\",\"inLanguage\":\"hu-HU\",\"@id\":\"https:\/\/www.smedemokrati.sk\/#\/schema\/logo\/image\/\",\"url\":\"https:\/\/www.smedemokrati.sk\/wp-content\/uploads\/2023\/04\/ff.002.jpeg\",\"contentUrl\":\"https:\/\/www.smedemokrati.sk\/wp-content\/uploads\/2023\/04\/ff.002.jpeg\",\"width\":640,\"height\":480,\"caption\":\"Smedemokrati.sk\"},\"image\":{\"@id\":\"https:\/\/www.smedemokrati.sk\/#\/schema\/logo\/image\/\"},\"sameAs\":[\"https:\/\/www.facebook.com\/smedemokrati2023\"]},{\"@type\":\"Person\",\"@id\":\"https:\/\/www.smedemokrati.sk\/#\/schema\/person\/21f147c88d605aa7ded900e1e7c344ba\",\"name\":\"miro.sopko\",\"image\":{\"@type\":\"ImageObject\",\"inLanguage\":\"hu-HU\",\"@id\":\"https:\/\/secure.gravatar.com\/avatar\/267e4a36f704376c109afe3a78740c1f5dd8675a2180a908699e7863c9247606?s=96&d=mm&r=g\",\"url\":\"https:\/\/secure.gravatar.com\/avatar\/267e4a36f704376c109afe3a78740c1f5dd8675a2180a908699e7863c9247606?s=96&d=mm&r=g\",\"contentUrl\":\"https:\/\/secure.gravatar.com\/avatar\/267e4a36f704376c109afe3a78740c1f5dd8675a2180a908699e7863c9247606?s=96&d=mm&r=g\",\"caption\":\"miro.sopko\"},\"url\":\"https:\/\/www.smedemokrati.sk\/hu\/author\/miro-sopko\/\"}]}<\/script>\n<!-- \/ Yoast SEO plugin. -->","yoast_head_json":{"title":"Policajt, ktor\u00fd rie\u0161i nehodu P. Ga\u0161para v zbore n\u00e1hle kon\u010d\u00ed","robots":{"index":"index","follow":"follow","max-snippet":"max-snippet:-1","max-image-preview":"max-image-preview:large","max-video-preview":"max-video-preview:-1"},"canonical":"https:\/\/www.smedemokrati.sk\/hu\/policajt-ktory-riesi-nehodu-p-gaspara-v-zbore-nahle-konci\/","og_locale":"hu_HU","og_type":"article","og_title":"[:sk]Policajt, ktor\u00fd rie\u0161i nehodu P. Ga\u0161para v zbore n\u00e1hle kon\u010d\u00ed[:] - Smedemokrati.sk","og_description":"Pod\u013ea inform\u00e1cii strany Demokrati Matej Bajs, policajt dopravn\u00e9ho oddelenia z Nitry, kon\u010d\u00ed v tomto mesiaci slu\u017ebu v Policajnom zbore. D\u00f4vod tohto odchodu do civilu m\u00e1 by\u0165 v priamej s\u00favislosti s nehodou \u0161\u00e9fa SIS P. Ga\u0161para.\u00a0 &#8222;Pod\u013ea na\u0161ich inform\u00e1ci\u00ed je policajt pod obrovsk\u00fdm tlakom a ako \u010destn\u00fd pr\u00edslu\u0161n\u00edk PZ SR sa nechce podpisova\u0165 pod klamstv\u00e1 a [&hellip;]","og_url":"https:\/\/www.smedemokrati.sk\/hu\/policajt-ktory-riesi-nehodu-p-gaspara-v-zbore-nahle-konci\/","og_site_name":"Smedemokrati.sk","article_publisher":"https:\/\/www.facebook.com\/smedemokrati2023","article_published_time":"2025-11-03T11:54:05+00:00","article_modified_time":"2025-11-03T11:54:06+00:00","og_image":[{"width":1200,"height":900,"url":"https:\/\/www.smedemokrati.sk\/wp-content\/uploads\/2025\/11\/0b79def6-eba9-45f4-86d0-9cde62e5f297.jpg","type":"image\/jpeg"}],"author":"miro.sopko","twitter_card":"summary_large_image","twitter_misc":{"Szerz\u0151:":"miro.sopko","Becs\u00fclt olvas\u00e1si id\u0151":"1 perc"},"schema":{"@context":"https:\/\/schema.org","@graph":[{"@type":"Article","@id":"https:\/\/www.smedemokrati.sk\/policajt-ktory-riesi-nehodu-p-gaspara-v-zbore-nahle-konci\/#article","isPartOf":{"@id":"https:\/\/www.smedemokrati.sk\/policajt-ktory-riesi-nehodu-p-gaspara-v-zbore-nahle-konci\/"},"author":{"name":"miro.sopko","@id":"https:\/\/www.smedemokrati.sk\/#\/schema\/person\/21f147c88d605aa7ded900e1e7c344ba"},"headline":"Policajt, ktor\u00fd rie\u0161i nehodu P. Ga\u0161para v zbore n\u00e1hle kon\u010d\u00ed","datePublished":"2025-11-03T11:54:05+00:00","dateModified":"2025-11-03T11:54:06+00:00","mainEntityOfPage":{"@id":"https:\/\/www.smedemokrati.sk\/policajt-ktory-riesi-nehodu-p-gaspara-v-zbore-nahle-konci\/"},"wordCount":135,"publisher":{"@id":"https:\/\/www.smedemokrati.sk\/#organization"},"image":{"@id":"https:\/\/www.smedemokrati.sk\/policajt-ktory-riesi-nehodu-p-gaspara-v-zbore-nahle-konci\/#primaryimage"},"thumbnailUrl":"https:\/\/www.smedemokrati.sk\/wp-content\/uploads\/2025\/11\/0b79def6-eba9-45f4-86d0-9cde62e5f297.jpg","articleSection":["Tla\u010dov\u00e9 spr\u00e1vy"],"inLanguage":"hu-HU"},{"@type":"WebPage","@id":"https:\/\/www.smedemokrati.sk\/policajt-ktory-riesi-nehodu-p-gaspara-v-zbore-nahle-konci\/","url":"https:\/\/www.smedemokrati.sk\/policajt-ktory-riesi-nehodu-p-gaspara-v-zbore-nahle-konci\/","name":"Policajt, ktor\u00fd rie\u0161i nehodu P. Ga\u0161para v zbore n\u00e1hle kon\u010d\u00ed","isPartOf":{"@id":"https:\/\/www.smedemokrati.sk\/#website"},"primaryImageOfPage":{"@id":"https:\/\/www.smedemokrati.sk\/policajt-ktory-riesi-nehodu-p-gaspara-v-zbore-nahle-konci\/#primaryimage"},"image":{"@id":"https:\/\/www.smedemokrati.sk\/policajt-ktory-riesi-nehodu-p-gaspara-v-zbore-nahle-konci\/#primaryimage"},"thumbnailUrl":"https:\/\/www.smedemokrati.sk\/wp-content\/uploads\/2025\/11\/0b79def6-eba9-45f4-86d0-9cde62e5f297.jpg","datePublished":"2025-11-03T11:54:05+00:00","dateModified":"2025-11-03T11:54:06+00:00","breadcrumb":{"@id":"https:\/\/www.smedemokrati.sk\/policajt-ktory-riesi-nehodu-p-gaspara-v-zbore-nahle-konci\/#breadcrumb"},"inLanguage":"hu-HU","potentialAction":[{"@type":"ReadAction","target":["https:\/\/www.smedemokrati.sk\/policajt-ktory-riesi-nehodu-p-gaspara-v-zbore-nahle-konci\/"]}]},{"@type":"ImageObject","inLanguage":"hu-HU","@id":"https:\/\/www.smedemokrati.sk\/policajt-ktory-riesi-nehodu-p-gaspara-v-zbore-nahle-konci\/#primaryimage","url":"https:\/\/www.smedemokrati.sk\/wp-content\/uploads\/2025\/11\/0b79def6-eba9-45f4-86d0-9cde62e5f297.jpg","contentUrl":"https:\/\/www.smedemokrati.sk\/wp-content\/uploads\/2025\/11\/0b79def6-eba9-45f4-86d0-9cde62e5f297.jpg","width":1200,"height":900},{"@type":"BreadcrumbList","@id":"https:\/\/www.smedemokrati.sk\/policajt-ktory-riesi-nehodu-p-gaspara-v-zbore-nahle-konci\/#breadcrumb","itemListElement":[{"@type":"ListItem","position":1,"name":"Domovsk\u00e1 str\u00e1nka","item":"https:\/\/www.smedemokrati.sk\/"},{"@type":"ListItem","position":2,"name":"Policajt, ktor\u00fd rie\u0161i nehodu P. Ga\u0161para v zbore n\u00e1hle kon\u010d\u00ed"}]},{"@type":"WebSite","@id":"https:\/\/www.smedemokrati.sk\/#website","url":"https:\/\/www.smedemokrati.sk\/","name":"Smedemokrati.sk","description":"Demokracia a slu\u0161nos\u0165 zv\u00ed\u0165az\u00ed","publisher":{"@id":"https:\/\/www.smedemokrati.sk\/#organization"},"potentialAction":[{"@type":"SearchAction","target":{"@type":"EntryPoint","urlTemplate":"https:\/\/www.smedemokrati.sk\/?s={search_term_string}"},"query-input":{"@type":"PropertyValueSpecification","valueRequired":true,"valueName":"search_term_string"}}],"inLanguage":"hu-HU"},{"@type":"Organization","@id":"https:\/\/www.smedemokrati.sk\/#organization","name":"Smedemokrati.sk","url":"https:\/\/www.smedemokrati.sk\/","logo":{"@type":"ImageObject","inLanguage":"hu-HU","@id":"https:\/\/www.smedemokrati.sk\/#\/schema\/logo\/image\/","url":"https:\/\/www.smedemokrati.sk\/wp-content\/uploads\/2023\/04\/ff.002.jpeg","contentUrl":"https:\/\/www.smedemokrati.sk\/wp-content\/uploads\/2023\/04\/ff.002.jpeg","width":640,"height":480,"caption":"Smedemokrati.sk"},"image":{"@id":"https:\/\/www.smedemokrati.sk\/#\/schema\/logo\/image\/"},"sameAs":["https:\/\/www.facebook.com\/smedemokrati2023"]},{"@type":"Person","@id":"https:\/\/www.smedemokrati.sk\/#\/schema\/person\/21f147c88d605aa7ded900e1e7c344ba","name":"miro.sopko","image":{"@type":"ImageObject","inLanguage":"hu-HU","@id":"https:\/\/secure.gravatar.com\/avatar\/267e4a36f704376c109afe3a78740c1f5dd8675a2180a908699e7863c9247606?s=96&d=mm&r=g","url":"https:\/\/secure.gravatar.com\/avatar\/267e4a36f704376c109afe3a78740c1f5dd8675a2180a908699e7863c9247606?s=96&d=mm&r=g","contentUrl":"https:\/\/secure.gravatar.com\/avatar\/267e4a36f704376c109afe3a78740c1f5dd8675a2180a908699e7863c9247606?s=96&d=mm&r=g","caption":"miro.sopko"},"url":"https:\/\/www.smedemokrati.sk\/hu\/author\/miro-sopko\/"}]}},"_links":{"self":[{"href":"https:\/\/www.smedemokrati.sk\/hu\/wp-json\/wp\/v2\/posts\/8405","targetHints":{"allow":["GET"]}}],"collection":[{"href":"https:\/\/www.smedemokrati.sk\/hu\/wp-json\/wp\/v2\/posts"}],"about":[{"href":"https:\/\/www.smedemokrati.sk\/hu\/wp-json\/wp\/v2\/types\/post"}],"author":[{"embeddable":true,"href":"https:\/\/www.smedemokrati.sk\/hu\/wp-json\/wp\/v2\/users\/13"}],"replies":[{"embeddable":true,"href":"https:\/\/www.smedemokrati.sk\/hu\/wp-json\/wp\/v2\/comments?post=8405"}],"version-history":[{"count":1,"href":"https:\/\/www.smedemokrati.sk\/hu\/wp-json\/wp\/v2\/posts\/8405\/revisions"}],"predecessor-version":[{"id":8407,"href":"https:\/\/www.smedemokrati.sk\/hu\/wp-json\/wp\/v2\/posts\/8405\/revisions\/8407"}],"wp:featuredmedia":[{"embeddable":true,"href":"https:\/\/www.smedemokrati.sk\/hu\/wp-json\/wp\/v2\/media\/8406"}],"wp:attachment":[{"href":"https:\/\/www.smedemokrati.sk\/hu\/wp-json\/wp\/v2\/media?parent=8405"}],"wp:term":[{"taxonomy":"category","embeddable":true,"href":"https:\/\/www.smedemokrati.sk\/hu\/wp-json\/wp\/v2\/categories?post=8405"},{"taxonomy":"post_tag","embeddable":true,"href":"https:\/\/www.smedemokrati.sk\/hu\/wp-json\/wp\/v2\/tags?post=8405"}],"curies":[{"name":"wp","href":"https:\/\/api.w.org\/{rel}","templated":true}]}}