{"id":8399,"date":"2025-10-31T15:07:29","date_gmt":"2025-10-31T14:07:29","guid":{"rendered":"https:\/\/www.smedemokrati.sk\/?p=8399"},"modified":"2025-10-31T15:07:30","modified_gmt":"2025-10-31T14:07:30","slug":"predrazeny-tender-za-60-mil-eur-na-zalesnovanie-podavame-na-uvo","status":"publish","type":"post","link":"https:\/\/www.smedemokrati.sk\/hu\/predrazeny-tender-za-60-mil-eur-na-zalesnovanie-podavame-na-uvo\/","title":{"rendered":"Predra\u017een\u00fd tender za 60 mil. eur na zales\u0148ovanie pod\u00e1vame na \u00daVO"},"content":{"rendered":"<div id=\"fb-root\"><\/div>\n\n<p><strong>Tak\u00e1\u010dov rezort n\u00e1m op\u00e4\u0165 raz uk\u00e1zal, ako sa d\u00e1 robi\u0165 \u201efantastick\u00fd biznis\u201c na \u00fakor \u0161t\u00e1tneho lesn\u00edctva. Tender N\u00e1rodn\u00e9ho lesn\u00edckeho centra (NLC), honosne ozna\u010den\u00fd ako \u201eBudovanie lesov odoln\u00fdch vo\u010di zmene kl\u00edmy\u201c, je prelomov\u00fd sn\u00e1\u010f len v rozsahu predra\u017eenia v\u00fdkonov, ktor\u00e9 pri niektor\u00fdch \u00fakonoch dosahuje a\u017e trojn\u00e1sobok priemern\u00fdch cien pod\u013ea ofici\u00e1lnych \u0161tatist\u00edk agrorezortu. Navy\u0161e ho vyhrala \u010desk\u00e1 firma, ktor\u00e1 si na Slovensku zalo\u017eila pobo\u010dku len v j\u00fali tohto roka. Obraciame sa preto na \u00darad pre verejn\u00e9 obstar\u00e1vanie s podnetom na vykonanie kontroly.<\/strong><\/p>\n\n\n\n<p>\u201eOsved\u010den\u00e9\u201c sch\u00e9my zn\u00e1me spred roku 2020 s\u00fa sp\u00e4\u0165 a e\u0161te vo v\u00e4\u010d\u0161om rozsahu, dokonca pri invest\u00edcii financovanej z Pl\u00e1nu obnovy v sume viac ako 60 mil. eur. Pri porovnan\u00ed n\u00e1kladov zatia\u013e vys\u00fa\u0165a\u017een\u00fdch v dvoch z troch \u010dast\u00ed tendra (z\u00e1pad a stred) s obvykl\u00fdmi n\u00e1kladmi uveden\u00fdmi v tzv. Zelenej spr\u00e1ve o lesnom hospod\u00e1rstve za rok 2024 vych\u00e1dza predra\u017eenie niektor\u00fdch \u00fakonov aj viac ako trojn\u00e1sobne.<\/p>\n\n\n\n<p>Pri obnove lesa hovor\u00edme o n\u00e1raste ceny 2,39- a\u017e 3,22-n\u00e1sobne, pri \u010disten\u00ed pl\u00f4ch po \u0165a\u017ebe o 2,25- a\u017e 2,35-n\u00e1sobne, pri o\u0161etrovan\u00ed mlad\u00fdch lesn\u00fdch porastov o 2,94-n\u00e1sobne, pri ochrane pred burinou o 2,35- a\u017e 2,52-n\u00e1sobne a pri pre\u010distk\u00e1ch o 1,34- a\u017e 2,3-n\u00e1sobne.<\/p>\n\n\n\n<p><em>\u201eV\u00ed\u0165azom dvoch \u010dast\u00ed tendra je konzorcium firiem Klobouck\u00e1 lesn\u00ed, ktor\u00e1 si pobo\u010dku na Slovensku zalo\u017eila len v j\u00fali 2025, a Green Mountains, za ktorou stoja advok\u00e1ti. Pod\u013ea popisu pr\u00e1c p\u00f4jde o be\u017en\u00e9 lesn\u00edcke hospod\u00e1rske aktivity povinn\u00e9 po vykonan\u00ed \u0165a\u017eby. Ak\u00e1 je teda pridan\u00e1 hodnota tohto nav\u00fd\u0161enia ceny? Nep\u00f4jde v pr\u00edpade konzorcia len o prietokov\u00fd ohrieva\u010d, ktor\u00fd bude musie\u0165 \u010das\u0165 z\u00e1kazky objedna\u0165 u subdod\u00e1vate\u013eov? Pre\u010do bol tender nastaven\u00fd tak, \u017ee vygeneroval tak\u00e9to predra\u017eenie a prakticky znev\u00fdhodnil men\u0161\u00edch region\u00e1lnych dod\u00e1vate\u013eov pr\u00e1c, \u010do vypl\u00fdva aj z ot\u00e1zok k tendru?\u201c<\/em>&nbsp;p\u00fdta sa enviroexpert Demokratov Michal Ki\u010da.<\/p>\n\n\n\n<p>Probl\u00e9mom celej invest\u00edcie z Pl\u00e1nu obnovy je aj znev\u00fdhodnenie s\u00fakromn\u00fdch vlastn\u00edkov lesov, ke\u010f\u017ee pr\u00e1ce pri obnove lesa bud\u00fa dod\u00e1van\u00e9 len pre \u0161t\u00e1tne lesn\u00edcke subjekty. S\u00fakromn\u00ed vlastn\u00edci ich bud\u00fa musie\u0165 vykon\u00e1va\u0165 aj na\u010falej na vlastn\u00e9 n\u00e1klady, \u010do poskytuje \u0161t\u00e1tu nen\u00e1le\u017eit\u00fa v\u00fdhodu a brut\u00e1lne skres\u013euje s\u00fa\u0165a\u017e na trhu s drevom. V\u00fdkony v lesn\u00edckej praxi toti\u017e musia vykon\u00e1va\u0165 a financova\u0165 pod\u013ea z\u00e1kona v\u0161etci obhospodarovatelia, av\u0161ak t\u00ed \u0161t\u00e1tni ich bud\u00fa ma\u0165 \u010diasto\u010dne financovan\u00e9 z Pl\u00e1nu obnovy.<\/p>\n\n\n\n<p><em>\u201eVyz\u00fdvame ministra Tak\u00e1\u010da, aby prevzal za tento tender pln\u00fa politick\u00fa zodpovednos\u0165 a jasne vysvetlil celej verejnosti d\u00f4vody predra\u017eenia. Pokia\u013e nezakro\u010d\u00ed, m\u00f4\u017ee sa navlieka\u0165 do lesn\u00edckej uniformy od r\u00e1na do ve\u010dera, av\u0161ak zostane na posmech ka\u017ed\u00e9mu \u010destn\u00e9mu lesn\u00edkovi, preto\u017ee mnoh\u00ed z nich s\u00fa tendrom pob\u00faren\u00ed. Ke\u010f\u017ee si o Tak\u00e1\u010dov\u00fdch \u00famysloch nerob\u00edme il\u00fazie, v najbli\u017e\u0161\u00edch d\u0148och sa obr\u00e1time s podnetom na pre\u0161etrenie z\u00e1kazky aj na \u00darad pre verejn\u00e9 obstar\u00e1vanie,\u201c<\/em>&nbsp;uzavrel Michal Ki\u010da.<\/p>\n\n\n\n<figure class=\"wp-block-embed is-type-video is-provider-youtube wp-block-embed-youtube wp-embed-aspect-4-3 wp-has-aspect-ratio\"><div class=\"wp-block-embed__wrapper\">\n<iframe title=\"Live: Tak\u00e1\u010d n\u00e1m uk\u00e1zal, ako sa rob\u00ed biznis, a to v predra\u017eenom tendri na zales\u0148ovanie za 60 mil. eur\" width=\"500\" height=\"375\" src=\"https:\/\/www.youtube.com\/embed\/OFDnuH5dobc?feature=oembed\" frameborder=\"0\" allow=\"accelerometer; autoplay; clipboard-write; encrypted-media; gyroscope; picture-in-picture; web-share\" referrerpolicy=\"strict-origin-when-cross-origin\" allowfullscreen><\/iframe>\n<\/div><\/figure>\n","protected":false},"excerpt":{"rendered":"<p>Tak\u00e1\u010dov rezort n\u00e1m op\u00e4\u0165 raz uk\u00e1zal, ako sa d\u00e1 robi\u0165 \u201efantastick\u00fd biznis\u201c na \u00fakor \u0161t\u00e1tneho lesn\u00edctva. Tender N\u00e1rodn\u00e9ho lesn\u00edckeho centra (NLC), honosne ozna\u010den\u00fd ako \u201eBudovanie lesov odoln\u00fdch vo\u010di zmene kl\u00edmy\u201c, je prelomov\u00fd sn\u00e1\u010f len v rozsahu predra\u017eenia v\u00fdkonov, ktor\u00e9 pri niektor\u00fdch \u00fakonoch dosahuje a\u017e trojn\u00e1sobok priemern\u00fdch cien pod\u013ea ofici\u00e1lnych \u0161tatist\u00edk agrorezortu. Navy\u0161e ho vyhrala \u010desk\u00e1 [&hellip;]<\/p>\n","protected":false},"author":13,"featured_media":4814,"comment_status":"closed","ping_status":"closed","sticky":false,"template":"","format":"standard","meta":{"_acf_changed":false,"ngg_post_thumbnail":0,"footnotes":""},"categories":[4],"tags":[],"class_list":["post-8399","post","type-post","status-publish","format-standard","has-post-thumbnail","hentry","category-tlacove-spravy"],"acf":[],"yoast_head":"<!-- This site is optimized with the Yoast SEO plugin v27.2 - https:\/\/yoast.com\/product\/yoast-seo-wordpress\/ -->\n<title>Predra\u017een\u00fd tender za 60 mil. eur na zales\u0148ovanie pod\u00e1vame na \u00daVO<\/title>\n<meta name=\"robots\" content=\"index, follow, max-snippet:-1, max-image-preview:large, max-video-preview:-1\" \/>\n<link rel=\"canonical\" href=\"https:\/\/www.smedemokrati.sk\/hu\/predrazeny-tender-za-60-mil-eur-na-zalesnovanie-podavame-na-uvo\/\" \/>\n<meta property=\"og:locale\" content=\"hu_HU\" \/>\n<meta property=\"og:locale:alternate\" content=\"en_US\" \/>\n<meta property=\"og:locale:alternate\" content=\"cs_CZ\" \/>\n<meta property=\"og:locale:alternate\" content=\"sk_SK\" \/>\n<meta property=\"og:locale:alternate\" content=\"sv_SE\" \/>\n<meta property=\"og:type\" content=\"article\" \/>\n<meta property=\"og:title\" content=\"Predra\u017een\u00fd tender za 60 mil. eur na zales\u0148ovanie pod\u00e1vame na \u00daVO\" \/>\n<meta property=\"og:description\" content=\"Tak\u00e1\u010dov rezort n\u00e1m op\u00e4\u0165 raz uk\u00e1zal, ako sa d\u00e1 robi\u0165 \u201efantastick\u00fd biznis\u201c na \u00fakor \u0161t\u00e1tneho lesn\u00edctva. Tender N\u00e1rodn\u00e9ho lesn\u00edckeho centra (NLC), honosne ozna\u010den\u00fd ako \u201eBudovanie lesov odoln\u00fdch vo\u010di zmene kl\u00edmy\u201c, je prelomov\u00fd sn\u00e1\u010f len v rozsahu predra\u017eenia v\u00fdkonov, ktor\u00e9 pri niektor\u00fdch \u00fakonoch dosahuje a\u017e trojn\u00e1sobok priemern\u00fdch cien pod\u013ea ofici\u00e1lnych \u0161tatist\u00edk agrorezortu. Navy\u0161e ho vyhrala \u010desk\u00e1 [&hellip;]\" \/>\n<meta property=\"og:url\" content=\"https:\/\/www.smedemokrati.sk\/hu\/predrazeny-tender-za-60-mil-eur-na-zalesnovanie-podavame-na-uvo\/\" \/>\n<meta property=\"og:site_name\" content=\"Smedemokrati.sk\" \/>\n<meta property=\"article:publisher\" content=\"https:\/\/www.facebook.com\/smedemokrati2023\" \/>\n<meta property=\"article:published_time\" content=\"2025-10-31T14:07:29+00:00\" \/>\n<meta property=\"article:modified_time\" content=\"2025-10-31T14:07:30+00:00\" \/>\n<meta property=\"og:image\" content=\"https:\/\/www.smedemokrati.sk\/wp-content\/uploads\/2024\/08\/takac.jpg\" \/>\n\t<meta property=\"og:image:width\" content=\"1080\" \/>\n\t<meta property=\"og:image:height\" content=\"810\" \/>\n\t<meta property=\"og:image:type\" content=\"image\/jpeg\" \/>\n<meta name=\"author\" content=\"miro.sopko\" \/>\n<meta name=\"twitter:card\" content=\"summary_large_image\" \/>\n<meta name=\"twitter:label1\" content=\"Szerz\u0151:\" \/>\n\t<meta name=\"twitter:data1\" content=\"miro.sopko\" \/>\n\t<meta name=\"twitter:label2\" content=\"Becs\u00fclt olvas\u00e1si id\u0151\" \/>\n\t<meta name=\"twitter:data2\" content=\"3 perc\" \/>\n<script type=\"application\/ld+json\" class=\"yoast-schema-graph\">{\"@context\":\"https:\/\/schema.org\",\"@graph\":[{\"@type\":\"Article\",\"@id\":\"https:\/\/www.smedemokrati.sk\/predrazeny-tender-za-60-mil-eur-na-zalesnovanie-podavame-na-uvo\/#article\",\"isPartOf\":{\"@id\":\"https:\/\/www.smedemokrati.sk\/predrazeny-tender-za-60-mil-eur-na-zalesnovanie-podavame-na-uvo\/\"},\"author\":{\"name\":\"miro.sopko\",\"@id\":\"https:\/\/www.smedemokrati.sk\/#\/schema\/person\/21f147c88d605aa7ded900e1e7c344ba\"},\"headline\":\"Predra\u017een\u00fd tender za 60 mil. eur na zales\u0148ovanie pod\u00e1vame na \u00daVO\",\"datePublished\":\"2025-10-31T14:07:29+00:00\",\"dateModified\":\"2025-10-31T14:07:30+00:00\",\"mainEntityOfPage\":{\"@id\":\"https:\/\/www.smedemokrati.sk\/predrazeny-tender-za-60-mil-eur-na-zalesnovanie-podavame-na-uvo\/\"},\"wordCount\":591,\"publisher\":{\"@id\":\"https:\/\/www.smedemokrati.sk\/#organization\"},\"image\":{\"@id\":\"https:\/\/www.smedemokrati.sk\/predrazeny-tender-za-60-mil-eur-na-zalesnovanie-podavame-na-uvo\/#primaryimage\"},\"thumbnailUrl\":\"https:\/\/www.smedemokrati.sk\/wp-content\/uploads\/2024\/08\/takac.jpg\",\"articleSection\":[\"Tla\u010dov\u00e9 spr\u00e1vy\"],\"inLanguage\":\"hu-HU\"},{\"@type\":\"WebPage\",\"@id\":\"https:\/\/www.smedemokrati.sk\/predrazeny-tender-za-60-mil-eur-na-zalesnovanie-podavame-na-uvo\/\",\"url\":\"https:\/\/www.smedemokrati.sk\/predrazeny-tender-za-60-mil-eur-na-zalesnovanie-podavame-na-uvo\/\",\"name\":\"Predra\u017een\u00fd tender za 60 mil. eur na zales\u0148ovanie pod\u00e1vame na \u00daVO\",\"isPartOf\":{\"@id\":\"https:\/\/www.smedemokrati.sk\/#website\"},\"primaryImageOfPage\":{\"@id\":\"https:\/\/www.smedemokrati.sk\/predrazeny-tender-za-60-mil-eur-na-zalesnovanie-podavame-na-uvo\/#primaryimage\"},\"image\":{\"@id\":\"https:\/\/www.smedemokrati.sk\/predrazeny-tender-za-60-mil-eur-na-zalesnovanie-podavame-na-uvo\/#primaryimage\"},\"thumbnailUrl\":\"https:\/\/www.smedemokrati.sk\/wp-content\/uploads\/2024\/08\/takac.jpg\",\"datePublished\":\"2025-10-31T14:07:29+00:00\",\"dateModified\":\"2025-10-31T14:07:30+00:00\",\"breadcrumb\":{\"@id\":\"https:\/\/www.smedemokrati.sk\/predrazeny-tender-za-60-mil-eur-na-zalesnovanie-podavame-na-uvo\/#breadcrumb\"},\"inLanguage\":\"hu-HU\",\"potentialAction\":[{\"@type\":\"ReadAction\",\"target\":[\"https:\/\/www.smedemokrati.sk\/predrazeny-tender-za-60-mil-eur-na-zalesnovanie-podavame-na-uvo\/\"]}]},{\"@type\":\"ImageObject\",\"inLanguage\":\"hu-HU\",\"@id\":\"https:\/\/www.smedemokrati.sk\/predrazeny-tender-za-60-mil-eur-na-zalesnovanie-podavame-na-uvo\/#primaryimage\",\"url\":\"https:\/\/www.smedemokrati.sk\/wp-content\/uploads\/2024\/08\/takac.jpg\",\"contentUrl\":\"https:\/\/www.smedemokrati.sk\/wp-content\/uploads\/2024\/08\/takac.jpg\",\"width\":1080,\"height\":810},{\"@type\":\"BreadcrumbList\",\"@id\":\"https:\/\/www.smedemokrati.sk\/predrazeny-tender-za-60-mil-eur-na-zalesnovanie-podavame-na-uvo\/#breadcrumb\",\"itemListElement\":[{\"@type\":\"ListItem\",\"position\":1,\"name\":\"Domovsk\u00e1 str\u00e1nka\",\"item\":\"https:\/\/www.smedemokrati.sk\/\"},{\"@type\":\"ListItem\",\"position\":2,\"name\":\"Predra\u017een\u00fd tender za 60 mil. eur na zales\u0148ovanie pod\u00e1vame na \u00daVO\"}]},{\"@type\":\"WebSite\",\"@id\":\"https:\/\/www.smedemokrati.sk\/#website\",\"url\":\"https:\/\/www.smedemokrati.sk\/\",\"name\":\"Smedemokrati.sk\",\"description\":\"Demokracia a slu\u0161nos\u0165 zv\u00ed\u0165az\u00ed\",\"publisher\":{\"@id\":\"https:\/\/www.smedemokrati.sk\/#organization\"},\"potentialAction\":[{\"@type\":\"SearchAction\",\"target\":{\"@type\":\"EntryPoint\",\"urlTemplate\":\"https:\/\/www.smedemokrati.sk\/?s={search_term_string}\"},\"query-input\":{\"@type\":\"PropertyValueSpecification\",\"valueRequired\":true,\"valueName\":\"search_term_string\"}}],\"inLanguage\":\"hu-HU\"},{\"@type\":\"Organization\",\"@id\":\"https:\/\/www.smedemokrati.sk\/#organization\",\"name\":\"Smedemokrati.sk\",\"url\":\"https:\/\/www.smedemokrati.sk\/\",\"logo\":{\"@type\":\"ImageObject\",\"inLanguage\":\"hu-HU\",\"@id\":\"https:\/\/www.smedemokrati.sk\/#\/schema\/logo\/image\/\",\"url\":\"https:\/\/www.smedemokrati.sk\/wp-content\/uploads\/2023\/04\/ff.002.jpeg\",\"contentUrl\":\"https:\/\/www.smedemokrati.sk\/wp-content\/uploads\/2023\/04\/ff.002.jpeg\",\"width\":640,\"height\":480,\"caption\":\"Smedemokrati.sk\"},\"image\":{\"@id\":\"https:\/\/www.smedemokrati.sk\/#\/schema\/logo\/image\/\"},\"sameAs\":[\"https:\/\/www.facebook.com\/smedemokrati2023\"]},{\"@type\":\"Person\",\"@id\":\"https:\/\/www.smedemokrati.sk\/#\/schema\/person\/21f147c88d605aa7ded900e1e7c344ba\",\"name\":\"miro.sopko\",\"image\":{\"@type\":\"ImageObject\",\"inLanguage\":\"hu-HU\",\"@id\":\"https:\/\/secure.gravatar.com\/avatar\/267e4a36f704376c109afe3a78740c1f5dd8675a2180a908699e7863c9247606?s=96&d=mm&r=g\",\"url\":\"https:\/\/secure.gravatar.com\/avatar\/267e4a36f704376c109afe3a78740c1f5dd8675a2180a908699e7863c9247606?s=96&d=mm&r=g\",\"contentUrl\":\"https:\/\/secure.gravatar.com\/avatar\/267e4a36f704376c109afe3a78740c1f5dd8675a2180a908699e7863c9247606?s=96&d=mm&r=g\",\"caption\":\"miro.sopko\"},\"url\":\"https:\/\/www.smedemokrati.sk\/hu\/author\/miro-sopko\/\"}]}<\/script>\n<!-- \/ Yoast SEO plugin. -->","yoast_head_json":{"title":"Predra\u017een\u00fd tender za 60 mil. eur na zales\u0148ovanie pod\u00e1vame na \u00daVO","robots":{"index":"index","follow":"follow","max-snippet":"max-snippet:-1","max-image-preview":"max-image-preview:large","max-video-preview":"max-video-preview:-1"},"canonical":"https:\/\/www.smedemokrati.sk\/hu\/predrazeny-tender-za-60-mil-eur-na-zalesnovanie-podavame-na-uvo\/","og_locale":"hu_HU","og_type":"article","og_title":"[:sk]Predra\u017een\u00fd tender za 60 mil. eur na zales\u0148ovanie pod\u00e1vame na \u00daVO[:] - Smedemokrati.sk","og_description":"Tak\u00e1\u010dov rezort n\u00e1m op\u00e4\u0165 raz uk\u00e1zal, ako sa d\u00e1 robi\u0165 \u201efantastick\u00fd biznis\u201c na \u00fakor \u0161t\u00e1tneho lesn\u00edctva. Tender N\u00e1rodn\u00e9ho lesn\u00edckeho centra (NLC), honosne ozna\u010den\u00fd ako \u201eBudovanie lesov odoln\u00fdch vo\u010di zmene kl\u00edmy\u201c, je prelomov\u00fd sn\u00e1\u010f len v rozsahu predra\u017eenia v\u00fdkonov, ktor\u00e9 pri niektor\u00fdch \u00fakonoch dosahuje a\u017e trojn\u00e1sobok priemern\u00fdch cien pod\u013ea ofici\u00e1lnych \u0161tatist\u00edk agrorezortu. Navy\u0161e ho vyhrala \u010desk\u00e1 [&hellip;]","og_url":"https:\/\/www.smedemokrati.sk\/hu\/predrazeny-tender-za-60-mil-eur-na-zalesnovanie-podavame-na-uvo\/","og_site_name":"Smedemokrati.sk","article_publisher":"https:\/\/www.facebook.com\/smedemokrati2023","article_published_time":"2025-10-31T14:07:29+00:00","article_modified_time":"2025-10-31T14:07:30+00:00","og_image":[{"width":1080,"height":810,"url":"https:\/\/www.smedemokrati.sk\/wp-content\/uploads\/2024\/08\/takac.jpg","type":"image\/jpeg"}],"author":"miro.sopko","twitter_card":"summary_large_image","twitter_misc":{"Szerz\u0151:":"miro.sopko","Becs\u00fclt olvas\u00e1si id\u0151":"3 perc"},"schema":{"@context":"https:\/\/schema.org","@graph":[{"@type":"Article","@id":"https:\/\/www.smedemokrati.sk\/predrazeny-tender-za-60-mil-eur-na-zalesnovanie-podavame-na-uvo\/#article","isPartOf":{"@id":"https:\/\/www.smedemokrati.sk\/predrazeny-tender-za-60-mil-eur-na-zalesnovanie-podavame-na-uvo\/"},"author":{"name":"miro.sopko","@id":"https:\/\/www.smedemokrati.sk\/#\/schema\/person\/21f147c88d605aa7ded900e1e7c344ba"},"headline":"Predra\u017een\u00fd tender za 60 mil. eur na zales\u0148ovanie pod\u00e1vame na \u00daVO","datePublished":"2025-10-31T14:07:29+00:00","dateModified":"2025-10-31T14:07:30+00:00","mainEntityOfPage":{"@id":"https:\/\/www.smedemokrati.sk\/predrazeny-tender-za-60-mil-eur-na-zalesnovanie-podavame-na-uvo\/"},"wordCount":591,"publisher":{"@id":"https:\/\/www.smedemokrati.sk\/#organization"},"image":{"@id":"https:\/\/www.smedemokrati.sk\/predrazeny-tender-za-60-mil-eur-na-zalesnovanie-podavame-na-uvo\/#primaryimage"},"thumbnailUrl":"https:\/\/www.smedemokrati.sk\/wp-content\/uploads\/2024\/08\/takac.jpg","articleSection":["Tla\u010dov\u00e9 spr\u00e1vy"],"inLanguage":"hu-HU"},{"@type":"WebPage","@id":"https:\/\/www.smedemokrati.sk\/predrazeny-tender-za-60-mil-eur-na-zalesnovanie-podavame-na-uvo\/","url":"https:\/\/www.smedemokrati.sk\/predrazeny-tender-za-60-mil-eur-na-zalesnovanie-podavame-na-uvo\/","name":"Predra\u017een\u00fd tender za 60 mil. eur na zales\u0148ovanie pod\u00e1vame na \u00daVO","isPartOf":{"@id":"https:\/\/www.smedemokrati.sk\/#website"},"primaryImageOfPage":{"@id":"https:\/\/www.smedemokrati.sk\/predrazeny-tender-za-60-mil-eur-na-zalesnovanie-podavame-na-uvo\/#primaryimage"},"image":{"@id":"https:\/\/www.smedemokrati.sk\/predrazeny-tender-za-60-mil-eur-na-zalesnovanie-podavame-na-uvo\/#primaryimage"},"thumbnailUrl":"https:\/\/www.smedemokrati.sk\/wp-content\/uploads\/2024\/08\/takac.jpg","datePublished":"2025-10-31T14:07:29+00:00","dateModified":"2025-10-31T14:07:30+00:00","breadcrumb":{"@id":"https:\/\/www.smedemokrati.sk\/predrazeny-tender-za-60-mil-eur-na-zalesnovanie-podavame-na-uvo\/#breadcrumb"},"inLanguage":"hu-HU","potentialAction":[{"@type":"ReadAction","target":["https:\/\/www.smedemokrati.sk\/predrazeny-tender-za-60-mil-eur-na-zalesnovanie-podavame-na-uvo\/"]}]},{"@type":"ImageObject","inLanguage":"hu-HU","@id":"https:\/\/www.smedemokrati.sk\/predrazeny-tender-za-60-mil-eur-na-zalesnovanie-podavame-na-uvo\/#primaryimage","url":"https:\/\/www.smedemokrati.sk\/wp-content\/uploads\/2024\/08\/takac.jpg","contentUrl":"https:\/\/www.smedemokrati.sk\/wp-content\/uploads\/2024\/08\/takac.jpg","width":1080,"height":810},{"@type":"BreadcrumbList","@id":"https:\/\/www.smedemokrati.sk\/predrazeny-tender-za-60-mil-eur-na-zalesnovanie-podavame-na-uvo\/#breadcrumb","itemListElement":[{"@type":"ListItem","position":1,"name":"Domovsk\u00e1 str\u00e1nka","item":"https:\/\/www.smedemokrati.sk\/"},{"@type":"ListItem","position":2,"name":"Predra\u017een\u00fd tender za 60 mil. eur na zales\u0148ovanie pod\u00e1vame na \u00daVO"}]},{"@type":"WebSite","@id":"https:\/\/www.smedemokrati.sk\/#website","url":"https:\/\/www.smedemokrati.sk\/","name":"Smedemokrati.sk","description":"Demokracia a slu\u0161nos\u0165 zv\u00ed\u0165az\u00ed","publisher":{"@id":"https:\/\/www.smedemokrati.sk\/#organization"},"potentialAction":[{"@type":"SearchAction","target":{"@type":"EntryPoint","urlTemplate":"https:\/\/www.smedemokrati.sk\/?s={search_term_string}"},"query-input":{"@type":"PropertyValueSpecification","valueRequired":true,"valueName":"search_term_string"}}],"inLanguage":"hu-HU"},{"@type":"Organization","@id":"https:\/\/www.smedemokrati.sk\/#organization","name":"Smedemokrati.sk","url":"https:\/\/www.smedemokrati.sk\/","logo":{"@type":"ImageObject","inLanguage":"hu-HU","@id":"https:\/\/www.smedemokrati.sk\/#\/schema\/logo\/image\/","url":"https:\/\/www.smedemokrati.sk\/wp-content\/uploads\/2023\/04\/ff.002.jpeg","contentUrl":"https:\/\/www.smedemokrati.sk\/wp-content\/uploads\/2023\/04\/ff.002.jpeg","width":640,"height":480,"caption":"Smedemokrati.sk"},"image":{"@id":"https:\/\/www.smedemokrati.sk\/#\/schema\/logo\/image\/"},"sameAs":["https:\/\/www.facebook.com\/smedemokrati2023"]},{"@type":"Person","@id":"https:\/\/www.smedemokrati.sk\/#\/schema\/person\/21f147c88d605aa7ded900e1e7c344ba","name":"miro.sopko","image":{"@type":"ImageObject","inLanguage":"hu-HU","@id":"https:\/\/secure.gravatar.com\/avatar\/267e4a36f704376c109afe3a78740c1f5dd8675a2180a908699e7863c9247606?s=96&d=mm&r=g","url":"https:\/\/secure.gravatar.com\/avatar\/267e4a36f704376c109afe3a78740c1f5dd8675a2180a908699e7863c9247606?s=96&d=mm&r=g","contentUrl":"https:\/\/secure.gravatar.com\/avatar\/267e4a36f704376c109afe3a78740c1f5dd8675a2180a908699e7863c9247606?s=96&d=mm&r=g","caption":"miro.sopko"},"url":"https:\/\/www.smedemokrati.sk\/hu\/author\/miro-sopko\/"}]}},"_links":{"self":[{"href":"https:\/\/www.smedemokrati.sk\/hu\/wp-json\/wp\/v2\/posts\/8399","targetHints":{"allow":["GET"]}}],"collection":[{"href":"https:\/\/www.smedemokrati.sk\/hu\/wp-json\/wp\/v2\/posts"}],"about":[{"href":"https:\/\/www.smedemokrati.sk\/hu\/wp-json\/wp\/v2\/types\/post"}],"author":[{"embeddable":true,"href":"https:\/\/www.smedemokrati.sk\/hu\/wp-json\/wp\/v2\/users\/13"}],"replies":[{"embeddable":true,"href":"https:\/\/www.smedemokrati.sk\/hu\/wp-json\/wp\/v2\/comments?post=8399"}],"version-history":[{"count":1,"href":"https:\/\/www.smedemokrati.sk\/hu\/wp-json\/wp\/v2\/posts\/8399\/revisions"}],"predecessor-version":[{"id":8400,"href":"https:\/\/www.smedemokrati.sk\/hu\/wp-json\/wp\/v2\/posts\/8399\/revisions\/8400"}],"wp:featuredmedia":[{"embeddable":true,"href":"https:\/\/www.smedemokrati.sk\/hu\/wp-json\/wp\/v2\/media\/4814"}],"wp:attachment":[{"href":"https:\/\/www.smedemokrati.sk\/hu\/wp-json\/wp\/v2\/media?parent=8399"}],"wp:term":[{"taxonomy":"category","embeddable":true,"href":"https:\/\/www.smedemokrati.sk\/hu\/wp-json\/wp\/v2\/categories?post=8399"},{"taxonomy":"post_tag","embeddable":true,"href":"https:\/\/www.smedemokrati.sk\/hu\/wp-json\/wp\/v2\/tags?post=8399"}],"curies":[{"name":"wp","href":"https:\/\/api.w.org\/{rel}","templated":true}]}}