{"id":8390,"date":"2025-10-29T12:26:02","date_gmt":"2025-10-29T11:26:02","guid":{"rendered":"https:\/\/www.smedemokrati.sk\/?p=8390"},"modified":"2025-10-29T12:26:03","modified_gmt":"2025-10-29T11:26:03","slug":"fico-ide-na-kost-zmyka-ludi-no-deficit-pritom-stale-rastie","status":"publish","type":"post","link":"https:\/\/www.smedemokrati.sk\/hu\/fico-ide-na-kost-zmyka-ludi-no-deficit-pritom-stale-rastie\/","title":{"rendered":"Fico ide na kos\u0165. \u017dm\u00fdka \u013eud\u00ed, no deficit pritom st\u00e1le rastie"},"content":{"rendered":"<div id=\"fb-root\"><\/div>\n\n<p><strong>\u00darad pre regul\u00e1ciu sie\u0165ov\u00fdch odvetv\u00ed (\u00daRSO) schv\u00e1lil nov\u00e9 ceny vodn\u00e9ho a sto\u010dn\u00e9ho pre Bratislavsk\u00fa vod\u00e1rensk\u00fa spolo\u010dnos\u0165. Od janu\u00e1ra sa zav\u00e1dza dvojzlo\u017ekov\u00e1 tarifa, ktor\u00e1 zv\u00fd\u0161i \u00fa\u010dty dom\u00e1cnostiam o desiatky eur ro\u010dne aj t\u00fdm, ktor\u00e9 vodou \u0161etria.<\/strong><\/p>\n\n\n\n<p><em>\u201eDosaden\u00edm stran\u00edckeho nominanta Smeru do \u010dela \u00daRSO sa vracaj\u00fa star\u00e9 \u010dasy. Politick\u00e1 regul\u00e1cia namiesto ochrany ob\u010danov. V\u00fdsledok? Nov\u00e9 fixn\u00e9 poplatky, vy\u0161\u0161ie ceny a men\u0161ia spravodlivos\u0165,\u201c<\/em>&nbsp;vyhl\u00e1sil Eduard Heger, podpredseda strany Demokrati.<\/p>\n\n\n\n<p>Heger upozor\u0148uje, \u017ee vl\u00e1da Roberta Fica vyber\u00e1 o 7 mili\u00e1rd eur ro\u010dne viac ne\u017e pred dvoma rokmi, no deficit aj dlh \u010falej rast\u00fa.&nbsp;<em>\u201eT\u00e1to vl\u00e1da ide na kos\u0165. Berie \u013eu\u010fom zo v\u0161etk\u00fdch str\u00e1n. Z dan\u00ed, z cien energi\u00ed, teraz u\u017e aj z vodovodn\u00e9ho koh\u00fatika. Plat\u00edme viac, dost\u00e1vame menej,\u201c<\/em>&nbsp;dodal Heger.<\/p>\n\n\n\n<p>Demokrati po\u017eaduj\u00fa, aby \u00daRSO zverejnilo detailn\u00fd rozpis n\u00e1kladov Bratislavskej vod\u00e1renskej spolo\u010dnosti, zaviedlo soci\u00e1lne oslobodenie od fixnej zlo\u017eky pre n\u00edzkopr\u00edjmov\u00e9 dom\u00e1cnosti a aby cel\u00e9 rozhodnutie pre\u0161lo nez\u00e1vislou rev\u00edziou, ke\u010f\u017ee po politick\u00fdch nomin\u00e1ci\u00e1ch stratil \u00farad d\u00f4veru.<\/p>\n\n\n\n<p><em>\u201eRegul\u00e1tor m\u00e1 chr\u00e1ni\u0165 ob\u010dana, nie jeho pe\u0148a\u017eenku vypr\u00e1zd\u0148ova\u0165. Ak sa voda zdra\u017euje, \u013eudia maj\u00fa pr\u00e1vo vedie\u0165 pre\u010do a kam tie peniaze id\u00fa,\u201c<\/em>&nbsp;uzavrel Eduard Heger.<\/p>\n\n\n\n<figure class=\"wp-block-embed is-type-video is-provider-youtube wp-block-embed-youtube wp-embed-aspect-16-9 wp-has-aspect-ratio\"><div class=\"wp-block-embed__wrapper\">\n<iframe title=\"Live: \u010eal\u0161\u00ed \u00fatok vl\u00e1dy na pe\u0148a\u017eenky slovensk\u00fdch dom\u00e1cnosti\" width=\"500\" height=\"281\" src=\"https:\/\/www.youtube.com\/embed\/hW8WePw8h8E?feature=oembed\" frameborder=\"0\" allow=\"accelerometer; autoplay; clipboard-write; encrypted-media; gyroscope; picture-in-picture; web-share\" referrerpolicy=\"strict-origin-when-cross-origin\" allowfullscreen><\/iframe>\n<\/div><\/figure>\n","protected":false},"excerpt":{"rendered":"<p>\u00darad pre regul\u00e1ciu sie\u0165ov\u00fdch odvetv\u00ed (\u00daRSO) schv\u00e1lil nov\u00e9 ceny vodn\u00e9ho a sto\u010dn\u00e9ho pre Bratislavsk\u00fa vod\u00e1rensk\u00fa spolo\u010dnos\u0165. Od janu\u00e1ra sa zav\u00e1dza dvojzlo\u017ekov\u00e1 tarifa, ktor\u00e1 zv\u00fd\u0161i \u00fa\u010dty dom\u00e1cnostiam o desiatky eur ro\u010dne aj t\u00fdm, ktor\u00e9 vodou \u0161etria. \u201eDosaden\u00edm stran\u00edckeho nominanta Smeru do \u010dela \u00daRSO sa vracaj\u00fa star\u00e9 \u010dasy. Politick\u00e1 regul\u00e1cia namiesto ochrany ob\u010danov. V\u00fdsledok? Nov\u00e9 fixn\u00e9 poplatky, [&hellip;]<\/p>\n","protected":false},"author":13,"featured_media":8391,"comment_status":"closed","ping_status":"closed","sticky":false,"template":"","format":"standard","meta":{"_acf_changed":false,"ngg_post_thumbnail":0,"footnotes":""},"categories":[4],"tags":[],"class_list":["post-8390","post","type-post","status-publish","format-standard","has-post-thumbnail","hentry","category-tlacove-spravy"],"acf":[],"yoast_head":"<!-- This site is optimized with the Yoast SEO plugin v27.2 - https:\/\/yoast.com\/product\/yoast-seo-wordpress\/ -->\n<title>Fico ide na kos\u0165. \u017dm\u00fdka \u013eud\u00ed, no deficit pritom st\u00e1le rastie<\/title>\n<meta name=\"robots\" content=\"index, follow, max-snippet:-1, max-image-preview:large, max-video-preview:-1\" \/>\n<link rel=\"canonical\" href=\"https:\/\/www.smedemokrati.sk\/hu\/fico-ide-na-kost-zmyka-ludi-no-deficit-pritom-stale-rastie\/\" \/>\n<meta property=\"og:locale\" content=\"hu_HU\" \/>\n<meta property=\"og:locale:alternate\" content=\"en_US\" \/>\n<meta property=\"og:locale:alternate\" content=\"cs_CZ\" \/>\n<meta property=\"og:locale:alternate\" content=\"sk_SK\" \/>\n<meta property=\"og:locale:alternate\" content=\"sv_SE\" \/>\n<meta property=\"og:type\" content=\"article\" \/>\n<meta property=\"og:title\" content=\"Fico ide na kos\u0165. \u017dm\u00fdka \u013eud\u00ed, no deficit pritom st\u00e1le rastie\" \/>\n<meta property=\"og:description\" content=\"\u00darad pre regul\u00e1ciu sie\u0165ov\u00fdch odvetv\u00ed (\u00daRSO) schv\u00e1lil nov\u00e9 ceny vodn\u00e9ho a sto\u010dn\u00e9ho pre Bratislavsk\u00fa vod\u00e1rensk\u00fa spolo\u010dnos\u0165. Od janu\u00e1ra sa zav\u00e1dza dvojzlo\u017ekov\u00e1 tarifa, ktor\u00e1 zv\u00fd\u0161i \u00fa\u010dty dom\u00e1cnostiam o desiatky eur ro\u010dne aj t\u00fdm, ktor\u00e9 vodou \u0161etria. \u201eDosaden\u00edm stran\u00edckeho nominanta Smeru do \u010dela \u00daRSO sa vracaj\u00fa star\u00e9 \u010dasy. Politick\u00e1 regul\u00e1cia namiesto ochrany ob\u010danov. V\u00fdsledok? Nov\u00e9 fixn\u00e9 poplatky, [&hellip;]\" \/>\n<meta property=\"og:url\" content=\"https:\/\/www.smedemokrati.sk\/hu\/fico-ide-na-kost-zmyka-ludi-no-deficit-pritom-stale-rastie\/\" \/>\n<meta property=\"og:site_name\" content=\"Smedemokrati.sk\" \/>\n<meta property=\"article:publisher\" content=\"https:\/\/www.facebook.com\/smedemokrati2023\" \/>\n<meta property=\"article:published_time\" content=\"2025-10-29T11:26:02+00:00\" \/>\n<meta property=\"article:modified_time\" content=\"2025-10-29T11:26:03+00:00\" \/>\n<meta property=\"og:image\" content=\"https:\/\/www.smedemokrati.sk\/wp-content\/uploads\/2025\/10\/fico-zmyka.jpg\" \/>\n\t<meta property=\"og:image:width\" content=\"1280\" \/>\n\t<meta property=\"og:image:height\" content=\"720\" \/>\n\t<meta property=\"og:image:type\" content=\"image\/jpeg\" \/>\n<meta name=\"author\" content=\"miro.sopko\" \/>\n<meta name=\"twitter:card\" content=\"summary_large_image\" \/>\n<meta name=\"twitter:label1\" content=\"Szerz\u0151:\" \/>\n\t<meta name=\"twitter:data1\" content=\"miro.sopko\" \/>\n\t<meta name=\"twitter:label2\" content=\"Becs\u00fclt olvas\u00e1si id\u0151\" \/>\n\t<meta name=\"twitter:data2\" content=\"2 perc\" \/>\n<script type=\"application\/ld+json\" class=\"yoast-schema-graph\">{\"@context\":\"https:\/\/schema.org\",\"@graph\":[{\"@type\":\"Article\",\"@id\":\"https:\/\/www.smedemokrati.sk\/fico-ide-na-kost-zmyka-ludi-no-deficit-pritom-stale-rastie\/#article\",\"isPartOf\":{\"@id\":\"https:\/\/www.smedemokrati.sk\/fico-ide-na-kost-zmyka-ludi-no-deficit-pritom-stale-rastie\/\"},\"author\":{\"name\":\"miro.sopko\",\"@id\":\"https:\/\/www.smedemokrati.sk\/#\/schema\/person\/21f147c88d605aa7ded900e1e7c344ba\"},\"headline\":\"Fico ide na kos\u0165. \u017dm\u00fdka \u013eud\u00ed, no deficit pritom st\u00e1le rastie\",\"datePublished\":\"2025-10-29T11:26:02+00:00\",\"dateModified\":\"2025-10-29T11:26:03+00:00\",\"mainEntityOfPage\":{\"@id\":\"https:\/\/www.smedemokrati.sk\/fico-ide-na-kost-zmyka-ludi-no-deficit-pritom-stale-rastie\/\"},\"wordCount\":268,\"publisher\":{\"@id\":\"https:\/\/www.smedemokrati.sk\/#organization\"},\"image\":{\"@id\":\"https:\/\/www.smedemokrati.sk\/fico-ide-na-kost-zmyka-ludi-no-deficit-pritom-stale-rastie\/#primaryimage\"},\"thumbnailUrl\":\"https:\/\/www.smedemokrati.sk\/wp-content\/uploads\/2025\/10\/fico-zmyka.jpg\",\"articleSection\":[\"Tla\u010dov\u00e9 spr\u00e1vy\"],\"inLanguage\":\"hu-HU\"},{\"@type\":\"WebPage\",\"@id\":\"https:\/\/www.smedemokrati.sk\/fico-ide-na-kost-zmyka-ludi-no-deficit-pritom-stale-rastie\/\",\"url\":\"https:\/\/www.smedemokrati.sk\/fico-ide-na-kost-zmyka-ludi-no-deficit-pritom-stale-rastie\/\",\"name\":\"Fico ide na kos\u0165. \u017dm\u00fdka \u013eud\u00ed, no deficit pritom st\u00e1le rastie\",\"isPartOf\":{\"@id\":\"https:\/\/www.smedemokrati.sk\/#website\"},\"primaryImageOfPage\":{\"@id\":\"https:\/\/www.smedemokrati.sk\/fico-ide-na-kost-zmyka-ludi-no-deficit-pritom-stale-rastie\/#primaryimage\"},\"image\":{\"@id\":\"https:\/\/www.smedemokrati.sk\/fico-ide-na-kost-zmyka-ludi-no-deficit-pritom-stale-rastie\/#primaryimage\"},\"thumbnailUrl\":\"https:\/\/www.smedemokrati.sk\/wp-content\/uploads\/2025\/10\/fico-zmyka.jpg\",\"datePublished\":\"2025-10-29T11:26:02+00:00\",\"dateModified\":\"2025-10-29T11:26:03+00:00\",\"breadcrumb\":{\"@id\":\"https:\/\/www.smedemokrati.sk\/fico-ide-na-kost-zmyka-ludi-no-deficit-pritom-stale-rastie\/#breadcrumb\"},\"inLanguage\":\"hu-HU\",\"potentialAction\":[{\"@type\":\"ReadAction\",\"target\":[\"https:\/\/www.smedemokrati.sk\/fico-ide-na-kost-zmyka-ludi-no-deficit-pritom-stale-rastie\/\"]}]},{\"@type\":\"ImageObject\",\"inLanguage\":\"hu-HU\",\"@id\":\"https:\/\/www.smedemokrati.sk\/fico-ide-na-kost-zmyka-ludi-no-deficit-pritom-stale-rastie\/#primaryimage\",\"url\":\"https:\/\/www.smedemokrati.sk\/wp-content\/uploads\/2025\/10\/fico-zmyka.jpg\",\"contentUrl\":\"https:\/\/www.smedemokrati.sk\/wp-content\/uploads\/2025\/10\/fico-zmyka.jpg\",\"width\":1280,\"height\":720},{\"@type\":\"BreadcrumbList\",\"@id\":\"https:\/\/www.smedemokrati.sk\/fico-ide-na-kost-zmyka-ludi-no-deficit-pritom-stale-rastie\/#breadcrumb\",\"itemListElement\":[{\"@type\":\"ListItem\",\"position\":1,\"name\":\"Domovsk\u00e1 str\u00e1nka\",\"item\":\"https:\/\/www.smedemokrati.sk\/\"},{\"@type\":\"ListItem\",\"position\":2,\"name\":\"Fico ide na kos\u0165. \u017dm\u00fdka \u013eud\u00ed, no deficit pritom st\u00e1le rastie\"}]},{\"@type\":\"WebSite\",\"@id\":\"https:\/\/www.smedemokrati.sk\/#website\",\"url\":\"https:\/\/www.smedemokrati.sk\/\",\"name\":\"Smedemokrati.sk\",\"description\":\"Demokracia a slu\u0161nos\u0165 zv\u00ed\u0165az\u00ed\",\"publisher\":{\"@id\":\"https:\/\/www.smedemokrati.sk\/#organization\"},\"potentialAction\":[{\"@type\":\"SearchAction\",\"target\":{\"@type\":\"EntryPoint\",\"urlTemplate\":\"https:\/\/www.smedemokrati.sk\/?s={search_term_string}\"},\"query-input\":{\"@type\":\"PropertyValueSpecification\",\"valueRequired\":true,\"valueName\":\"search_term_string\"}}],\"inLanguage\":\"hu-HU\"},{\"@type\":\"Organization\",\"@id\":\"https:\/\/www.smedemokrati.sk\/#organization\",\"name\":\"Smedemokrati.sk\",\"url\":\"https:\/\/www.smedemokrati.sk\/\",\"logo\":{\"@type\":\"ImageObject\",\"inLanguage\":\"hu-HU\",\"@id\":\"https:\/\/www.smedemokrati.sk\/#\/schema\/logo\/image\/\",\"url\":\"https:\/\/www.smedemokrati.sk\/wp-content\/uploads\/2023\/04\/ff.002.jpeg\",\"contentUrl\":\"https:\/\/www.smedemokrati.sk\/wp-content\/uploads\/2023\/04\/ff.002.jpeg\",\"width\":640,\"height\":480,\"caption\":\"Smedemokrati.sk\"},\"image\":{\"@id\":\"https:\/\/www.smedemokrati.sk\/#\/schema\/logo\/image\/\"},\"sameAs\":[\"https:\/\/www.facebook.com\/smedemokrati2023\"]},{\"@type\":\"Person\",\"@id\":\"https:\/\/www.smedemokrati.sk\/#\/schema\/person\/21f147c88d605aa7ded900e1e7c344ba\",\"name\":\"miro.sopko\",\"image\":{\"@type\":\"ImageObject\",\"inLanguage\":\"hu-HU\",\"@id\":\"https:\/\/secure.gravatar.com\/avatar\/267e4a36f704376c109afe3a78740c1f5dd8675a2180a908699e7863c9247606?s=96&d=mm&r=g\",\"url\":\"https:\/\/secure.gravatar.com\/avatar\/267e4a36f704376c109afe3a78740c1f5dd8675a2180a908699e7863c9247606?s=96&d=mm&r=g\",\"contentUrl\":\"https:\/\/secure.gravatar.com\/avatar\/267e4a36f704376c109afe3a78740c1f5dd8675a2180a908699e7863c9247606?s=96&d=mm&r=g\",\"caption\":\"miro.sopko\"},\"url\":\"https:\/\/www.smedemokrati.sk\/hu\/author\/miro-sopko\/\"}]}<\/script>\n<!-- \/ Yoast SEO plugin. -->","yoast_head_json":{"title":"Fico ide na kos\u0165. \u017dm\u00fdka \u013eud\u00ed, no deficit pritom st\u00e1le rastie","robots":{"index":"index","follow":"follow","max-snippet":"max-snippet:-1","max-image-preview":"max-image-preview:large","max-video-preview":"max-video-preview:-1"},"canonical":"https:\/\/www.smedemokrati.sk\/hu\/fico-ide-na-kost-zmyka-ludi-no-deficit-pritom-stale-rastie\/","og_locale":"hu_HU","og_type":"article","og_title":"[:sk]Fico ide na kos\u0165. \u017dm\u00fdka \u013eud\u00ed, no deficit pritom st\u00e1le rastie[:] - Smedemokrati.sk","og_description":"\u00darad pre regul\u00e1ciu sie\u0165ov\u00fdch odvetv\u00ed (\u00daRSO) schv\u00e1lil nov\u00e9 ceny vodn\u00e9ho a sto\u010dn\u00e9ho pre Bratislavsk\u00fa vod\u00e1rensk\u00fa spolo\u010dnos\u0165. Od janu\u00e1ra sa zav\u00e1dza dvojzlo\u017ekov\u00e1 tarifa, ktor\u00e1 zv\u00fd\u0161i \u00fa\u010dty dom\u00e1cnostiam o desiatky eur ro\u010dne aj t\u00fdm, ktor\u00e9 vodou \u0161etria. \u201eDosaden\u00edm stran\u00edckeho nominanta Smeru do \u010dela \u00daRSO sa vracaj\u00fa star\u00e9 \u010dasy. Politick\u00e1 regul\u00e1cia namiesto ochrany ob\u010danov. V\u00fdsledok? Nov\u00e9 fixn\u00e9 poplatky, [&hellip;]","og_url":"https:\/\/www.smedemokrati.sk\/hu\/fico-ide-na-kost-zmyka-ludi-no-deficit-pritom-stale-rastie\/","og_site_name":"Smedemokrati.sk","article_publisher":"https:\/\/www.facebook.com\/smedemokrati2023","article_published_time":"2025-10-29T11:26:02+00:00","article_modified_time":"2025-10-29T11:26:03+00:00","og_image":[{"width":1280,"height":720,"url":"https:\/\/www.smedemokrati.sk\/wp-content\/uploads\/2025\/10\/fico-zmyka.jpg","type":"image\/jpeg"}],"author":"miro.sopko","twitter_card":"summary_large_image","twitter_misc":{"Szerz\u0151:":"miro.sopko","Becs\u00fclt olvas\u00e1si id\u0151":"2 perc"},"schema":{"@context":"https:\/\/schema.org","@graph":[{"@type":"Article","@id":"https:\/\/www.smedemokrati.sk\/fico-ide-na-kost-zmyka-ludi-no-deficit-pritom-stale-rastie\/#article","isPartOf":{"@id":"https:\/\/www.smedemokrati.sk\/fico-ide-na-kost-zmyka-ludi-no-deficit-pritom-stale-rastie\/"},"author":{"name":"miro.sopko","@id":"https:\/\/www.smedemokrati.sk\/#\/schema\/person\/21f147c88d605aa7ded900e1e7c344ba"},"headline":"Fico ide na kos\u0165. \u017dm\u00fdka \u013eud\u00ed, no deficit pritom st\u00e1le rastie","datePublished":"2025-10-29T11:26:02+00:00","dateModified":"2025-10-29T11:26:03+00:00","mainEntityOfPage":{"@id":"https:\/\/www.smedemokrati.sk\/fico-ide-na-kost-zmyka-ludi-no-deficit-pritom-stale-rastie\/"},"wordCount":268,"publisher":{"@id":"https:\/\/www.smedemokrati.sk\/#organization"},"image":{"@id":"https:\/\/www.smedemokrati.sk\/fico-ide-na-kost-zmyka-ludi-no-deficit-pritom-stale-rastie\/#primaryimage"},"thumbnailUrl":"https:\/\/www.smedemokrati.sk\/wp-content\/uploads\/2025\/10\/fico-zmyka.jpg","articleSection":["Tla\u010dov\u00e9 spr\u00e1vy"],"inLanguage":"hu-HU"},{"@type":"WebPage","@id":"https:\/\/www.smedemokrati.sk\/fico-ide-na-kost-zmyka-ludi-no-deficit-pritom-stale-rastie\/","url":"https:\/\/www.smedemokrati.sk\/fico-ide-na-kost-zmyka-ludi-no-deficit-pritom-stale-rastie\/","name":"Fico ide na kos\u0165. \u017dm\u00fdka \u013eud\u00ed, no deficit pritom st\u00e1le rastie","isPartOf":{"@id":"https:\/\/www.smedemokrati.sk\/#website"},"primaryImageOfPage":{"@id":"https:\/\/www.smedemokrati.sk\/fico-ide-na-kost-zmyka-ludi-no-deficit-pritom-stale-rastie\/#primaryimage"},"image":{"@id":"https:\/\/www.smedemokrati.sk\/fico-ide-na-kost-zmyka-ludi-no-deficit-pritom-stale-rastie\/#primaryimage"},"thumbnailUrl":"https:\/\/www.smedemokrati.sk\/wp-content\/uploads\/2025\/10\/fico-zmyka.jpg","datePublished":"2025-10-29T11:26:02+00:00","dateModified":"2025-10-29T11:26:03+00:00","breadcrumb":{"@id":"https:\/\/www.smedemokrati.sk\/fico-ide-na-kost-zmyka-ludi-no-deficit-pritom-stale-rastie\/#breadcrumb"},"inLanguage":"hu-HU","potentialAction":[{"@type":"ReadAction","target":["https:\/\/www.smedemokrati.sk\/fico-ide-na-kost-zmyka-ludi-no-deficit-pritom-stale-rastie\/"]}]},{"@type":"ImageObject","inLanguage":"hu-HU","@id":"https:\/\/www.smedemokrati.sk\/fico-ide-na-kost-zmyka-ludi-no-deficit-pritom-stale-rastie\/#primaryimage","url":"https:\/\/www.smedemokrati.sk\/wp-content\/uploads\/2025\/10\/fico-zmyka.jpg","contentUrl":"https:\/\/www.smedemokrati.sk\/wp-content\/uploads\/2025\/10\/fico-zmyka.jpg","width":1280,"height":720},{"@type":"BreadcrumbList","@id":"https:\/\/www.smedemokrati.sk\/fico-ide-na-kost-zmyka-ludi-no-deficit-pritom-stale-rastie\/#breadcrumb","itemListElement":[{"@type":"ListItem","position":1,"name":"Domovsk\u00e1 str\u00e1nka","item":"https:\/\/www.smedemokrati.sk\/"},{"@type":"ListItem","position":2,"name":"Fico ide na kos\u0165. \u017dm\u00fdka \u013eud\u00ed, no deficit pritom st\u00e1le rastie"}]},{"@type":"WebSite","@id":"https:\/\/www.smedemokrati.sk\/#website","url":"https:\/\/www.smedemokrati.sk\/","name":"Smedemokrati.sk","description":"Demokracia a slu\u0161nos\u0165 zv\u00ed\u0165az\u00ed","publisher":{"@id":"https:\/\/www.smedemokrati.sk\/#organization"},"potentialAction":[{"@type":"SearchAction","target":{"@type":"EntryPoint","urlTemplate":"https:\/\/www.smedemokrati.sk\/?s={search_term_string}"},"query-input":{"@type":"PropertyValueSpecification","valueRequired":true,"valueName":"search_term_string"}}],"inLanguage":"hu-HU"},{"@type":"Organization","@id":"https:\/\/www.smedemokrati.sk\/#organization","name":"Smedemokrati.sk","url":"https:\/\/www.smedemokrati.sk\/","logo":{"@type":"ImageObject","inLanguage":"hu-HU","@id":"https:\/\/www.smedemokrati.sk\/#\/schema\/logo\/image\/","url":"https:\/\/www.smedemokrati.sk\/wp-content\/uploads\/2023\/04\/ff.002.jpeg","contentUrl":"https:\/\/www.smedemokrati.sk\/wp-content\/uploads\/2023\/04\/ff.002.jpeg","width":640,"height":480,"caption":"Smedemokrati.sk"},"image":{"@id":"https:\/\/www.smedemokrati.sk\/#\/schema\/logo\/image\/"},"sameAs":["https:\/\/www.facebook.com\/smedemokrati2023"]},{"@type":"Person","@id":"https:\/\/www.smedemokrati.sk\/#\/schema\/person\/21f147c88d605aa7ded900e1e7c344ba","name":"miro.sopko","image":{"@type":"ImageObject","inLanguage":"hu-HU","@id":"https:\/\/secure.gravatar.com\/avatar\/267e4a36f704376c109afe3a78740c1f5dd8675a2180a908699e7863c9247606?s=96&d=mm&r=g","url":"https:\/\/secure.gravatar.com\/avatar\/267e4a36f704376c109afe3a78740c1f5dd8675a2180a908699e7863c9247606?s=96&d=mm&r=g","contentUrl":"https:\/\/secure.gravatar.com\/avatar\/267e4a36f704376c109afe3a78740c1f5dd8675a2180a908699e7863c9247606?s=96&d=mm&r=g","caption":"miro.sopko"},"url":"https:\/\/www.smedemokrati.sk\/hu\/author\/miro-sopko\/"}]}},"_links":{"self":[{"href":"https:\/\/www.smedemokrati.sk\/hu\/wp-json\/wp\/v2\/posts\/8390","targetHints":{"allow":["GET"]}}],"collection":[{"href":"https:\/\/www.smedemokrati.sk\/hu\/wp-json\/wp\/v2\/posts"}],"about":[{"href":"https:\/\/www.smedemokrati.sk\/hu\/wp-json\/wp\/v2\/types\/post"}],"author":[{"embeddable":true,"href":"https:\/\/www.smedemokrati.sk\/hu\/wp-json\/wp\/v2\/users\/13"}],"replies":[{"embeddable":true,"href":"https:\/\/www.smedemokrati.sk\/hu\/wp-json\/wp\/v2\/comments?post=8390"}],"version-history":[{"count":1,"href":"https:\/\/www.smedemokrati.sk\/hu\/wp-json\/wp\/v2\/posts\/8390\/revisions"}],"predecessor-version":[{"id":8392,"href":"https:\/\/www.smedemokrati.sk\/hu\/wp-json\/wp\/v2\/posts\/8390\/revisions\/8392"}],"wp:featuredmedia":[{"embeddable":true,"href":"https:\/\/www.smedemokrati.sk\/hu\/wp-json\/wp\/v2\/media\/8391"}],"wp:attachment":[{"href":"https:\/\/www.smedemokrati.sk\/hu\/wp-json\/wp\/v2\/media?parent=8390"}],"wp:term":[{"taxonomy":"category","embeddable":true,"href":"https:\/\/www.smedemokrati.sk\/hu\/wp-json\/wp\/v2\/categories?post=8390"},{"taxonomy":"post_tag","embeddable":true,"href":"https:\/\/www.smedemokrati.sk\/hu\/wp-json\/wp\/v2\/tags?post=8390"}],"curies":[{"name":"wp","href":"https:\/\/api.w.org\/{rel}","templated":true}]}}