{"id":8377,"date":"2025-10-24T19:37:26","date_gmt":"2025-10-24T18:37:26","guid":{"rendered":"https:\/\/www.smedemokrati.sk\/?p=8377"},"modified":"2025-10-24T19:37:27","modified_gmt":"2025-10-24T18:37:27","slug":"reakcia-na-zvolenie-r-riabovej-do-rady-pre-medialne-sluzby","status":"publish","type":"post","link":"https:\/\/www.smedemokrati.sk\/hu\/reakcia-na-zvolenie-r-riabovej-do-rady-pre-medialne-sluzby\/","title":{"rendered":"Reakcia na zvolenie R. Riabovej do Rady pre medi\u00e1lne slu\u017eby"},"content":{"rendered":"<div id=\"fb-root\"><\/div>\n\n<p><strong>Zvolenie Rebeky Riabovej do Rady pre medi\u00e1lne slu\u017eby pova\u017euje strana Demokrati za \u0161okuj\u00face a preukazuj\u00face st\u00e1le hlb\u0161ie prepojenie vl\u00e1dnucej garnit\u00fary na rusk\u00e9 propagandistick\u00e9 zdroje.<\/strong><\/p>\n\n\n\n<p><em>\u201eRebeka Riabov\u00e1 nem\u00e1 \u017eiadnu kvalifik\u00e1ciu ani prax na to, aby vykon\u00e1vala funkciu v org\u00e1ne, ktor\u00fd zodpoved\u00e1 za dodr\u017eiavanie pr\u00e1va v audiovizu\u00e1lnom priestore. Jej jedinou kvalifik\u00e1ciou je \u0161\u00edrenie proruskej propagandy a dezinform\u00e1cii na soci\u00e1lnych sie\u0165ach, pr\u00edslu\u0161nos\u0165 k SNS a nen\u00e1vis\u0165 vo\u010di Eur\u00f3pskej \u00fanii. Pod\u013ea z\u00e1kona \u010dlen rady nesmie vykon\u00e1va\u0165 funkciu v politickej strane alebo v politickom hnut\u00ed, vystupova\u0165 v ich mene alebo p\u00f4sobi\u0165 v ich prospech.\u201d<\/em> hovor\u00ed Dorota Nvotov\u00e1, expertka Demokratov v oblasti kult\u00fary.\u00a0<\/p>\n\n\n\n<p>Pod\u013ea na\u0161ich zdrojov sa t\u00e1to d\u00e1ma na vypo\u010dut\u00ed obj\u00edmala s p\u00e1nom Machalom a po\u010das vypo\u010dutia hovorila aj o plochej zemi. \u201dJe nepr\u00edpustn\u00e9, aby SNS a SMER tak\u00fdmito \u013eu\u010fmi zamorili cel\u00fa medi\u00e1lnu a kult\u00farnu oblas\u0165. V pr\u00edpade, \u017ee sa Demokrati dostan\u00fa do vl\u00e1dy, vynalo\u017e\u00edme v\u0161etky sily na to, aby sa do tohto priestoru v r\u00e1mci programu Hlbok\u00e1 Orba dostala profesionalita a sk\u00fasenos\u0165, ktor\u00e1 nahrad\u00ed diletantizmus a stran\u00edcke tri\u010dk\u00e1 v podan\u00ed s\u00fa\u010dasn\u00fdch nominantov vl\u00e1dnej koal\u00edcie.\u201d<\/p>\n\n\n\n<figure class=\"wp-block-embed is-type-video is-provider-youtube wp-block-embed-youtube wp-embed-aspect-16-9 wp-has-aspect-ratio\"><div class=\"wp-block-embed__wrapper\">\n<iframe title=\"Nov\u00e1 \u010dlenka Rady pre medi\u00e1lne slu\u017eby prezentovala svoje n\u00e1zory na vypo\u010dut\u00ed pred v\u00fdborom v parlamente\" width=\"500\" height=\"281\" src=\"https:\/\/www.youtube.com\/embed\/hiatXqu18u8?feature=oembed\" frameborder=\"0\" allow=\"accelerometer; autoplay; clipboard-write; encrypted-media; gyroscope; picture-in-picture; web-share\" referrerpolicy=\"strict-origin-when-cross-origin\" allowfullscreen><\/iframe>\n<\/div><\/figure>\n","protected":false},"excerpt":{"rendered":"<p>Zvolenie Rebeky Riabovej do Rady pre medi\u00e1lne slu\u017eby pova\u017euje strana Demokrati za \u0161okuj\u00face a preukazuj\u00face st\u00e1le hlb\u0161ie prepojenie vl\u00e1dnucej garnit\u00fary na rusk\u00e9 propagandistick\u00e9 zdroje. \u201eRebeka Riabov\u00e1 nem\u00e1 \u017eiadnu kvalifik\u00e1ciu ani prax na to, aby vykon\u00e1vala funkciu v org\u00e1ne, ktor\u00fd zodpoved\u00e1 za dodr\u017eiavanie pr\u00e1va v audiovizu\u00e1lnom priestore. Jej jedinou kvalifik\u00e1ciou je \u0161\u00edrenie proruskej propagandy a dezinform\u00e1cii [&hellip;]<\/p>\n","protected":false},"author":13,"featured_media":8378,"comment_status":"closed","ping_status":"closed","sticky":false,"template":"","format":"standard","meta":{"_acf_changed":false,"ngg_post_thumbnail":0,"footnotes":""},"categories":[4],"tags":[],"class_list":["post-8377","post","type-post","status-publish","format-standard","has-post-thumbnail","hentry","category-tlacove-spravy"],"acf":[],"yoast_head":"<!-- This site is optimized with the Yoast SEO plugin v27.2 - https:\/\/yoast.com\/product\/yoast-seo-wordpress\/ -->\n<title>Reakcia na zvolenie R. Riabovej do Rady pre medi\u00e1lne slu\u017eby<\/title>\n<meta name=\"robots\" content=\"index, follow, max-snippet:-1, max-image-preview:large, max-video-preview:-1\" \/>\n<link rel=\"canonical\" href=\"https:\/\/www.smedemokrati.sk\/hu\/reakcia-na-zvolenie-r-riabovej-do-rady-pre-medialne-sluzby\/\" \/>\n<meta property=\"og:locale\" content=\"hu_HU\" \/>\n<meta property=\"og:locale:alternate\" content=\"en_US\" \/>\n<meta property=\"og:locale:alternate\" content=\"cs_CZ\" \/>\n<meta property=\"og:locale:alternate\" content=\"sk_SK\" \/>\n<meta property=\"og:locale:alternate\" content=\"sv_SE\" \/>\n<meta property=\"og:type\" content=\"article\" \/>\n<meta property=\"og:title\" content=\"Reakcia na zvolenie R. Riabovej do Rady pre medi\u00e1lne slu\u017eby\" \/>\n<meta property=\"og:description\" content=\"Zvolenie Rebeky Riabovej do Rady pre medi\u00e1lne slu\u017eby pova\u017euje strana Demokrati za \u0161okuj\u00face a preukazuj\u00face st\u00e1le hlb\u0161ie prepojenie vl\u00e1dnucej garnit\u00fary na rusk\u00e9 propagandistick\u00e9 zdroje. \u201eRebeka Riabov\u00e1 nem\u00e1 \u017eiadnu kvalifik\u00e1ciu ani prax na to, aby vykon\u00e1vala funkciu v org\u00e1ne, ktor\u00fd zodpoved\u00e1 za dodr\u017eiavanie pr\u00e1va v audiovizu\u00e1lnom priestore. Jej jedinou kvalifik\u00e1ciou je \u0161\u00edrenie proruskej propagandy a dezinform\u00e1cii [&hellip;]\" \/>\n<meta property=\"og:url\" content=\"https:\/\/www.smedemokrati.sk\/hu\/reakcia-na-zvolenie-r-riabovej-do-rady-pre-medialne-sluzby\/\" \/>\n<meta property=\"og:site_name\" content=\"Smedemokrati.sk\" \/>\n<meta property=\"article:publisher\" content=\"https:\/\/www.facebook.com\/smedemokrati2023\" \/>\n<meta property=\"article:published_time\" content=\"2025-10-24T18:37:26+00:00\" \/>\n<meta property=\"article:modified_time\" content=\"2025-10-24T18:37:27+00:00\" \/>\n<meta property=\"og:image\" content=\"https:\/\/www.smedemokrati.sk\/wp-content\/uploads\/2025\/10\/plocha_zem_887259802_.jpg\" \/>\n\t<meta property=\"og:image:width\" content=\"1200\" \/>\n\t<meta property=\"og:image:height\" content=\"680\" \/>\n\t<meta property=\"og:image:type\" content=\"image\/jpeg\" \/>\n<meta name=\"author\" content=\"miro.sopko\" \/>\n<meta name=\"twitter:card\" content=\"summary_large_image\" \/>\n<meta name=\"twitter:label1\" content=\"Szerz\u0151:\" \/>\n\t<meta name=\"twitter:data1\" content=\"miro.sopko\" \/>\n\t<meta name=\"twitter:label2\" content=\"Becs\u00fclt olvas\u00e1si id\u0151\" \/>\n\t<meta name=\"twitter:data2\" content=\"2 perc\" \/>\n<script type=\"application\/ld+json\" class=\"yoast-schema-graph\">{\"@context\":\"https:\/\/schema.org\",\"@graph\":[{\"@type\":\"Article\",\"@id\":\"https:\/\/www.smedemokrati.sk\/reakcia-na-zvolenie-r-riabovej-do-rady-pre-medialne-sluzby\/#article\",\"isPartOf\":{\"@id\":\"https:\/\/www.smedemokrati.sk\/reakcia-na-zvolenie-r-riabovej-do-rady-pre-medialne-sluzby\/\"},\"author\":{\"name\":\"miro.sopko\",\"@id\":\"https:\/\/www.smedemokrati.sk\/#\/schema\/person\/21f147c88d605aa7ded900e1e7c344ba\"},\"headline\":\"Reakcia na zvolenie R. Riabovej do Rady pre medi\u00e1lne slu\u017eby\",\"datePublished\":\"2025-10-24T18:37:26+00:00\",\"dateModified\":\"2025-10-24T18:37:27+00:00\",\"mainEntityOfPage\":{\"@id\":\"https:\/\/www.smedemokrati.sk\/reakcia-na-zvolenie-r-riabovej-do-rady-pre-medialne-sluzby\/\"},\"wordCount\":247,\"publisher\":{\"@id\":\"https:\/\/www.smedemokrati.sk\/#organization\"},\"image\":{\"@id\":\"https:\/\/www.smedemokrati.sk\/reakcia-na-zvolenie-r-riabovej-do-rady-pre-medialne-sluzby\/#primaryimage\"},\"thumbnailUrl\":\"https:\/\/www.smedemokrati.sk\/wp-content\/uploads\/2025\/10\/plocha_zem_887259802_.jpg\",\"articleSection\":[\"Tla\u010dov\u00e9 spr\u00e1vy\"],\"inLanguage\":\"hu-HU\"},{\"@type\":\"WebPage\",\"@id\":\"https:\/\/www.smedemokrati.sk\/reakcia-na-zvolenie-r-riabovej-do-rady-pre-medialne-sluzby\/\",\"url\":\"https:\/\/www.smedemokrati.sk\/reakcia-na-zvolenie-r-riabovej-do-rady-pre-medialne-sluzby\/\",\"name\":\"Reakcia na zvolenie R. Riabovej do Rady pre medi\u00e1lne slu\u017eby\",\"isPartOf\":{\"@id\":\"https:\/\/www.smedemokrati.sk\/#website\"},\"primaryImageOfPage\":{\"@id\":\"https:\/\/www.smedemokrati.sk\/reakcia-na-zvolenie-r-riabovej-do-rady-pre-medialne-sluzby\/#primaryimage\"},\"image\":{\"@id\":\"https:\/\/www.smedemokrati.sk\/reakcia-na-zvolenie-r-riabovej-do-rady-pre-medialne-sluzby\/#primaryimage\"},\"thumbnailUrl\":\"https:\/\/www.smedemokrati.sk\/wp-content\/uploads\/2025\/10\/plocha_zem_887259802_.jpg\",\"datePublished\":\"2025-10-24T18:37:26+00:00\",\"dateModified\":\"2025-10-24T18:37:27+00:00\",\"breadcrumb\":{\"@id\":\"https:\/\/www.smedemokrati.sk\/reakcia-na-zvolenie-r-riabovej-do-rady-pre-medialne-sluzby\/#breadcrumb\"},\"inLanguage\":\"hu-HU\",\"potentialAction\":[{\"@type\":\"ReadAction\",\"target\":[\"https:\/\/www.smedemokrati.sk\/reakcia-na-zvolenie-r-riabovej-do-rady-pre-medialne-sluzby\/\"]}]},{\"@type\":\"ImageObject\",\"inLanguage\":\"hu-HU\",\"@id\":\"https:\/\/www.smedemokrati.sk\/reakcia-na-zvolenie-r-riabovej-do-rady-pre-medialne-sluzby\/#primaryimage\",\"url\":\"https:\/\/www.smedemokrati.sk\/wp-content\/uploads\/2025\/10\/plocha_zem_887259802_.jpg\",\"contentUrl\":\"https:\/\/www.smedemokrati.sk\/wp-content\/uploads\/2025\/10\/plocha_zem_887259802_.jpg\",\"width\":1200,\"height\":680,\"caption\":\"Flat Earth in space with sun and moon\"},{\"@type\":\"BreadcrumbList\",\"@id\":\"https:\/\/www.smedemokrati.sk\/reakcia-na-zvolenie-r-riabovej-do-rady-pre-medialne-sluzby\/#breadcrumb\",\"itemListElement\":[{\"@type\":\"ListItem\",\"position\":1,\"name\":\"Domovsk\u00e1 str\u00e1nka\",\"item\":\"https:\/\/www.smedemokrati.sk\/\"},{\"@type\":\"ListItem\",\"position\":2,\"name\":\"Reakcia na zvolenie R. Riabovej do Rady pre medi\u00e1lne slu\u017eby\"}]},{\"@type\":\"WebSite\",\"@id\":\"https:\/\/www.smedemokrati.sk\/#website\",\"url\":\"https:\/\/www.smedemokrati.sk\/\",\"name\":\"Smedemokrati.sk\",\"description\":\"Demokracia a slu\u0161nos\u0165 zv\u00ed\u0165az\u00ed\",\"publisher\":{\"@id\":\"https:\/\/www.smedemokrati.sk\/#organization\"},\"potentialAction\":[{\"@type\":\"SearchAction\",\"target\":{\"@type\":\"EntryPoint\",\"urlTemplate\":\"https:\/\/www.smedemokrati.sk\/?s={search_term_string}\"},\"query-input\":{\"@type\":\"PropertyValueSpecification\",\"valueRequired\":true,\"valueName\":\"search_term_string\"}}],\"inLanguage\":\"hu-HU\"},{\"@type\":\"Organization\",\"@id\":\"https:\/\/www.smedemokrati.sk\/#organization\",\"name\":\"Smedemokrati.sk\",\"url\":\"https:\/\/www.smedemokrati.sk\/\",\"logo\":{\"@type\":\"ImageObject\",\"inLanguage\":\"hu-HU\",\"@id\":\"https:\/\/www.smedemokrati.sk\/#\/schema\/logo\/image\/\",\"url\":\"https:\/\/www.smedemokrati.sk\/wp-content\/uploads\/2023\/04\/ff.002.jpeg\",\"contentUrl\":\"https:\/\/www.smedemokrati.sk\/wp-content\/uploads\/2023\/04\/ff.002.jpeg\",\"width\":640,\"height\":480,\"caption\":\"Smedemokrati.sk\"},\"image\":{\"@id\":\"https:\/\/www.smedemokrati.sk\/#\/schema\/logo\/image\/\"},\"sameAs\":[\"https:\/\/www.facebook.com\/smedemokrati2023\"]},{\"@type\":\"Person\",\"@id\":\"https:\/\/www.smedemokrati.sk\/#\/schema\/person\/21f147c88d605aa7ded900e1e7c344ba\",\"name\":\"miro.sopko\",\"image\":{\"@type\":\"ImageObject\",\"inLanguage\":\"hu-HU\",\"@id\":\"https:\/\/secure.gravatar.com\/avatar\/267e4a36f704376c109afe3a78740c1f5dd8675a2180a908699e7863c9247606?s=96&d=mm&r=g\",\"url\":\"https:\/\/secure.gravatar.com\/avatar\/267e4a36f704376c109afe3a78740c1f5dd8675a2180a908699e7863c9247606?s=96&d=mm&r=g\",\"contentUrl\":\"https:\/\/secure.gravatar.com\/avatar\/267e4a36f704376c109afe3a78740c1f5dd8675a2180a908699e7863c9247606?s=96&d=mm&r=g\",\"caption\":\"miro.sopko\"},\"url\":\"https:\/\/www.smedemokrati.sk\/hu\/author\/miro-sopko\/\"}]}<\/script>\n<!-- \/ Yoast SEO plugin. -->","yoast_head_json":{"title":"Reakcia na zvolenie R. Riabovej do Rady pre medi\u00e1lne slu\u017eby","robots":{"index":"index","follow":"follow","max-snippet":"max-snippet:-1","max-image-preview":"max-image-preview:large","max-video-preview":"max-video-preview:-1"},"canonical":"https:\/\/www.smedemokrati.sk\/hu\/reakcia-na-zvolenie-r-riabovej-do-rady-pre-medialne-sluzby\/","og_locale":"hu_HU","og_type":"article","og_title":"[:sk]Reakcia na zvolenie R. Riabovej do Rady pre medi\u00e1lne slu\u017eby[:] - Smedemokrati.sk","og_description":"Zvolenie Rebeky Riabovej do Rady pre medi\u00e1lne slu\u017eby pova\u017euje strana Demokrati za \u0161okuj\u00face a preukazuj\u00face st\u00e1le hlb\u0161ie prepojenie vl\u00e1dnucej garnit\u00fary na rusk\u00e9 propagandistick\u00e9 zdroje. \u201eRebeka Riabov\u00e1 nem\u00e1 \u017eiadnu kvalifik\u00e1ciu ani prax na to, aby vykon\u00e1vala funkciu v org\u00e1ne, ktor\u00fd zodpoved\u00e1 za dodr\u017eiavanie pr\u00e1va v audiovizu\u00e1lnom priestore. Jej jedinou kvalifik\u00e1ciou je \u0161\u00edrenie proruskej propagandy a dezinform\u00e1cii [&hellip;]","og_url":"https:\/\/www.smedemokrati.sk\/hu\/reakcia-na-zvolenie-r-riabovej-do-rady-pre-medialne-sluzby\/","og_site_name":"Smedemokrati.sk","article_publisher":"https:\/\/www.facebook.com\/smedemokrati2023","article_published_time":"2025-10-24T18:37:26+00:00","article_modified_time":"2025-10-24T18:37:27+00:00","og_image":[{"width":1200,"height":680,"url":"https:\/\/www.smedemokrati.sk\/wp-content\/uploads\/2025\/10\/plocha_zem_887259802_.jpg","type":"image\/jpeg"}],"author":"miro.sopko","twitter_card":"summary_large_image","twitter_misc":{"Szerz\u0151:":"miro.sopko","Becs\u00fclt olvas\u00e1si id\u0151":"2 perc"},"schema":{"@context":"https:\/\/schema.org","@graph":[{"@type":"Article","@id":"https:\/\/www.smedemokrati.sk\/reakcia-na-zvolenie-r-riabovej-do-rady-pre-medialne-sluzby\/#article","isPartOf":{"@id":"https:\/\/www.smedemokrati.sk\/reakcia-na-zvolenie-r-riabovej-do-rady-pre-medialne-sluzby\/"},"author":{"name":"miro.sopko","@id":"https:\/\/www.smedemokrati.sk\/#\/schema\/person\/21f147c88d605aa7ded900e1e7c344ba"},"headline":"Reakcia na zvolenie R. Riabovej do Rady pre medi\u00e1lne slu\u017eby","datePublished":"2025-10-24T18:37:26+00:00","dateModified":"2025-10-24T18:37:27+00:00","mainEntityOfPage":{"@id":"https:\/\/www.smedemokrati.sk\/reakcia-na-zvolenie-r-riabovej-do-rady-pre-medialne-sluzby\/"},"wordCount":247,"publisher":{"@id":"https:\/\/www.smedemokrati.sk\/#organization"},"image":{"@id":"https:\/\/www.smedemokrati.sk\/reakcia-na-zvolenie-r-riabovej-do-rady-pre-medialne-sluzby\/#primaryimage"},"thumbnailUrl":"https:\/\/www.smedemokrati.sk\/wp-content\/uploads\/2025\/10\/plocha_zem_887259802_.jpg","articleSection":["Tla\u010dov\u00e9 spr\u00e1vy"],"inLanguage":"hu-HU"},{"@type":"WebPage","@id":"https:\/\/www.smedemokrati.sk\/reakcia-na-zvolenie-r-riabovej-do-rady-pre-medialne-sluzby\/","url":"https:\/\/www.smedemokrati.sk\/reakcia-na-zvolenie-r-riabovej-do-rady-pre-medialne-sluzby\/","name":"Reakcia na zvolenie R. Riabovej do Rady pre medi\u00e1lne slu\u017eby","isPartOf":{"@id":"https:\/\/www.smedemokrati.sk\/#website"},"primaryImageOfPage":{"@id":"https:\/\/www.smedemokrati.sk\/reakcia-na-zvolenie-r-riabovej-do-rady-pre-medialne-sluzby\/#primaryimage"},"image":{"@id":"https:\/\/www.smedemokrati.sk\/reakcia-na-zvolenie-r-riabovej-do-rady-pre-medialne-sluzby\/#primaryimage"},"thumbnailUrl":"https:\/\/www.smedemokrati.sk\/wp-content\/uploads\/2025\/10\/plocha_zem_887259802_.jpg","datePublished":"2025-10-24T18:37:26+00:00","dateModified":"2025-10-24T18:37:27+00:00","breadcrumb":{"@id":"https:\/\/www.smedemokrati.sk\/reakcia-na-zvolenie-r-riabovej-do-rady-pre-medialne-sluzby\/#breadcrumb"},"inLanguage":"hu-HU","potentialAction":[{"@type":"ReadAction","target":["https:\/\/www.smedemokrati.sk\/reakcia-na-zvolenie-r-riabovej-do-rady-pre-medialne-sluzby\/"]}]},{"@type":"ImageObject","inLanguage":"hu-HU","@id":"https:\/\/www.smedemokrati.sk\/reakcia-na-zvolenie-r-riabovej-do-rady-pre-medialne-sluzby\/#primaryimage","url":"https:\/\/www.smedemokrati.sk\/wp-content\/uploads\/2025\/10\/plocha_zem_887259802_.jpg","contentUrl":"https:\/\/www.smedemokrati.sk\/wp-content\/uploads\/2025\/10\/plocha_zem_887259802_.jpg","width":1200,"height":680,"caption":"Flat Earth in space with sun and moon"},{"@type":"BreadcrumbList","@id":"https:\/\/www.smedemokrati.sk\/reakcia-na-zvolenie-r-riabovej-do-rady-pre-medialne-sluzby\/#breadcrumb","itemListElement":[{"@type":"ListItem","position":1,"name":"Domovsk\u00e1 str\u00e1nka","item":"https:\/\/www.smedemokrati.sk\/"},{"@type":"ListItem","position":2,"name":"Reakcia na zvolenie R. Riabovej do Rady pre medi\u00e1lne slu\u017eby"}]},{"@type":"WebSite","@id":"https:\/\/www.smedemokrati.sk\/#website","url":"https:\/\/www.smedemokrati.sk\/","name":"Smedemokrati.sk","description":"Demokracia a slu\u0161nos\u0165 zv\u00ed\u0165az\u00ed","publisher":{"@id":"https:\/\/www.smedemokrati.sk\/#organization"},"potentialAction":[{"@type":"SearchAction","target":{"@type":"EntryPoint","urlTemplate":"https:\/\/www.smedemokrati.sk\/?s={search_term_string}"},"query-input":{"@type":"PropertyValueSpecification","valueRequired":true,"valueName":"search_term_string"}}],"inLanguage":"hu-HU"},{"@type":"Organization","@id":"https:\/\/www.smedemokrati.sk\/#organization","name":"Smedemokrati.sk","url":"https:\/\/www.smedemokrati.sk\/","logo":{"@type":"ImageObject","inLanguage":"hu-HU","@id":"https:\/\/www.smedemokrati.sk\/#\/schema\/logo\/image\/","url":"https:\/\/www.smedemokrati.sk\/wp-content\/uploads\/2023\/04\/ff.002.jpeg","contentUrl":"https:\/\/www.smedemokrati.sk\/wp-content\/uploads\/2023\/04\/ff.002.jpeg","width":640,"height":480,"caption":"Smedemokrati.sk"},"image":{"@id":"https:\/\/www.smedemokrati.sk\/#\/schema\/logo\/image\/"},"sameAs":["https:\/\/www.facebook.com\/smedemokrati2023"]},{"@type":"Person","@id":"https:\/\/www.smedemokrati.sk\/#\/schema\/person\/21f147c88d605aa7ded900e1e7c344ba","name":"miro.sopko","image":{"@type":"ImageObject","inLanguage":"hu-HU","@id":"https:\/\/secure.gravatar.com\/avatar\/267e4a36f704376c109afe3a78740c1f5dd8675a2180a908699e7863c9247606?s=96&d=mm&r=g","url":"https:\/\/secure.gravatar.com\/avatar\/267e4a36f704376c109afe3a78740c1f5dd8675a2180a908699e7863c9247606?s=96&d=mm&r=g","contentUrl":"https:\/\/secure.gravatar.com\/avatar\/267e4a36f704376c109afe3a78740c1f5dd8675a2180a908699e7863c9247606?s=96&d=mm&r=g","caption":"miro.sopko"},"url":"https:\/\/www.smedemokrati.sk\/hu\/author\/miro-sopko\/"}]}},"_links":{"self":[{"href":"https:\/\/www.smedemokrati.sk\/hu\/wp-json\/wp\/v2\/posts\/8377","targetHints":{"allow":["GET"]}}],"collection":[{"href":"https:\/\/www.smedemokrati.sk\/hu\/wp-json\/wp\/v2\/posts"}],"about":[{"href":"https:\/\/www.smedemokrati.sk\/hu\/wp-json\/wp\/v2\/types\/post"}],"author":[{"embeddable":true,"href":"https:\/\/www.smedemokrati.sk\/hu\/wp-json\/wp\/v2\/users\/13"}],"replies":[{"embeddable":true,"href":"https:\/\/www.smedemokrati.sk\/hu\/wp-json\/wp\/v2\/comments?post=8377"}],"version-history":[{"count":1,"href":"https:\/\/www.smedemokrati.sk\/hu\/wp-json\/wp\/v2\/posts\/8377\/revisions"}],"predecessor-version":[{"id":8379,"href":"https:\/\/www.smedemokrati.sk\/hu\/wp-json\/wp\/v2\/posts\/8377\/revisions\/8379"}],"wp:featuredmedia":[{"embeddable":true,"href":"https:\/\/www.smedemokrati.sk\/hu\/wp-json\/wp\/v2\/media\/8378"}],"wp:attachment":[{"href":"https:\/\/www.smedemokrati.sk\/hu\/wp-json\/wp\/v2\/media?parent=8377"}],"wp:term":[{"taxonomy":"category","embeddable":true,"href":"https:\/\/www.smedemokrati.sk\/hu\/wp-json\/wp\/v2\/categories?post=8377"},{"taxonomy":"post_tag","embeddable":true,"href":"https:\/\/www.smedemokrati.sk\/hu\/wp-json\/wp\/v2\/tags?post=8377"}],"curies":[{"name":"wp","href":"https:\/\/api.w.org\/{rel}","templated":true}]}}