{"id":8362,"date":"2025-10-21T18:50:26","date_gmt":"2025-10-21T17:50:26","guid":{"rendered":"https:\/\/www.smedemokrati.sk\/?p=8362"},"modified":"2025-10-21T18:50:28","modified_gmt":"2025-10-21T17:50:28","slug":"drucker-ignoruje-viac-ako-120-tisic-ludi","status":"publish","type":"post","link":"https:\/\/www.smedemokrati.sk\/hu\/drucker-ignoruje-viac-ako-120-tisic-ludi\/","title":{"rendered":"Drucker ignoruje viac ako 120-tis\u00edc \u013eud\u00ed"},"content":{"rendered":"<div id=\"fb-root\"><\/div>\n\n<p>Parlament dnes schv\u00e1lil bal\u00edk siedmich \u0161kolsk\u00fdch z\u00e1konov z dielne ministra \u0161kolstva Tom\u00e1\u0161a Druckera (HLAS-SD), ktor\u00fd vl\u00e1da naz\u00fdva \u201eVe\u013ek\u00fd skok vpred\u201c. Pod\u013ea strany Demokrati v\u0161ak ide o krok vzad.<\/p>\n\n\n\n<p>Druckerov bal\u00edk z\u00e1konov, vr\u00e1tane z\u00e1kona o financovan\u00ed \u0161k\u00f4l a o \u0161kolskej spr\u00e1ve, pod\u013ea Demokratov vytv\u00e1ra deti druhej kateg\u00f3rie, obmedzuje slobodu rodi\u010dov a diskriminuje cirkevn\u00e9 a s\u00fakromn\u00e9 \u0161koly. Viac ako 120-tis\u00edc \u013eud\u00ed sa v pet\u00edci\u00e1ch postavilo proti t\u00fdmto zmen\u00e1m.<\/p>\n\n\n\n<p>Napriek vy\u0161e 2500 pripomienkam a nes\u00fahlasu rodi\u010dov, u\u010dite\u013eov i zamestnancov ne\u0161t\u00e1tnych \u0161k\u00f4l dnes koal\u00edcia z\u00e1kony pretla\u010dila. Ignorovala pritom aj v\u00fdhrady Ministerstva hospod\u00e1rstva, Ministerstva pr\u00e1ce, Protimonopoln\u00e9ho \u00faradu \u010di zamestn\u00e1vate\u013esk\u00fdch zv\u00e4zov.<\/p>\n\n\n\n<p>Eduard Heger, b\u00fdval\u00fd premi\u00e9r a podpredseda Demokratov, upozornil: \u201eS\u00fakromn\u00e9 a cirkevn\u00e9 \u0161koly s\u00fa pre \u0161t\u00e1t najlacnej\u0161ie, no u\u017e dnes dost\u00e1vaj\u00fa o 8 a\u017e 15 % menej. Ak m\u00e1 ma\u0165 die\u0165a ni\u017e\u0161\u00ed normat\u00edv len preto, \u017ee chod\u00ed do cirkevnej \u0161koly, nech mi minister povie, \u010di bud\u00fa jeho rodi\u010dia plati\u0165 aj ni\u017e\u0161ie dane. Zn\u00ed\u017eenie normat\u00edvu bude pre mnoh\u00e9 \u0161koly likvida\u010dn\u00e9.\u201c<\/p>\n\n\n\n<p>Heger dodal, \u017ee tieto \u0161koly s\u00fa u\u017e 30 rokov prirodzenou s\u00fa\u010das\u0165ou \u0161kolstva: \u201ePriniesli rozmanitos\u0165, inov\u00e1cie a kvalitu. Siaha\u0165 im na peniaze znamen\u00e1 siaha\u0165 na slobodu, ktor\u00fa sme si po totalite vybojovali.\u201c<\/p>\n\n\n\n<p>Juraj \u0160eliga, podpredseda Demokratov, upozornil na ideologick\u00fd rozmer n\u00e1vrhu \u201eMinister t\u00fdmto krokom zav\u00e1dza myslenie pred rokom 1989 \u2013 kto sa nehod\u00ed do \u0161t\u00e1tneho vzoru, dostane menej. Takto sa uva\u017eovalo v komunizme, nie v slobodnej spolo\u010dnosti.\u201c<\/p>\n\n\n\n<p>Proces prij\u00edmania z\u00e1konov bol pod\u013ea Demokratov ned\u00f4stojn\u00fd a netransparentn\u00fd, z\u00e1kony boli zverejnen\u00e9 tesne pred koncom \u0161kolsk\u00e9ho roka, pripomienkovanie trvalo len 14 pracovn\u00fdch dn\u00ed a v parlamente sa o siedmich z\u00e1konoch rokovalo spolo\u010dne, bez riadnej diskusie.<\/p>\n\n\n\n<p>\u201eTakto sa kvalitn\u00e1 reforma \u0161kolstva nerob\u00ed,\u201c zd\u00f4raznili Demokrati.<\/p>\n\n\n\n<p>Strana pova\u017euje prijat\u00fd bal\u00edk za krok sp\u00e4\u0165. V pr\u00edpade \u00fa\u010dasti v bud\u00facej vl\u00e1de garantuje, \u017ee:<\/p>\n\n\n\n<p>\u2002\u2002\u2002\u2002\u2002\u2002\u2022\u2002\u2002\u2002\u2002\u2002zru\u0161\u00ed diskrimina\u010dn\u00e9 ustanovenia vo\u010di cirkevn\u00fdm a s\u00fakromn\u00fdm \u0161kol\u00e1m,<\/p>\n\n\n\n<p>\u2002\u2002\u2002\u2002\u2002\u2002\u2022\u2002\u2002\u2002\u2002\u2002zabezpe\u010d\u00ed rovnak\u00fd normat\u00edv pre v\u0161etky deti bez oh\u013eadu na typ \u0161koly,<\/p>\n\n\n\n<p>\u2002\u2002\u2002\u2002\u2002\u2002\u2022\u2002\u2002\u2002\u2002\u2002a otvor\u00ed skuto\u010dn\u00fd odborn\u00fd dial\u00f3g o reforme \u0161kolstva, nie ideologick\u00fa hru.<\/p>\n","protected":false},"excerpt":{"rendered":"<p>Parlament dnes schv\u00e1lil bal\u00edk siedmich \u0161kolsk\u00fdch z\u00e1konov z dielne ministra \u0161kolstva Tom\u00e1\u0161a Druckera (HLAS-SD), ktor\u00fd vl\u00e1da naz\u00fdva \u201eVe\u013ek\u00fd skok vpred\u201c. Pod\u013ea strany Demokrati v\u0161ak ide o krok vzad. Druckerov bal\u00edk z\u00e1konov, vr\u00e1tane z\u00e1kona o financovan\u00ed \u0161k\u00f4l a o \u0161kolskej spr\u00e1ve, pod\u013ea Demokratov vytv\u00e1ra deti druhej kateg\u00f3rie, obmedzuje slobodu rodi\u010dov a diskriminuje cirkevn\u00e9 a s\u00fakromn\u00e9 \u0161koly. [&hellip;]<\/p>\n","protected":false},"author":13,"featured_media":7677,"comment_status":"closed","ping_status":"closed","sticky":false,"template":"","format":"standard","meta":{"_acf_changed":false,"ngg_post_thumbnail":0,"footnotes":""},"categories":[4],"tags":[],"class_list":["post-8362","post","type-post","status-publish","format-standard","has-post-thumbnail","hentry","category-tlacove-spravy"],"acf":[],"yoast_head":"<!-- This site is optimized with the Yoast SEO plugin v27.2 - https:\/\/yoast.com\/product\/yoast-seo-wordpress\/ -->\n<title>Drucker ignoruje viac ako 120-tis\u00edc \u013eud\u00ed<\/title>\n<meta name=\"robots\" content=\"index, follow, max-snippet:-1, max-image-preview:large, max-video-preview:-1\" \/>\n<link rel=\"canonical\" href=\"https:\/\/www.smedemokrati.sk\/hu\/drucker-ignoruje-viac-ako-120-tisic-ludi\/\" \/>\n<meta property=\"og:locale\" content=\"hu_HU\" \/>\n<meta property=\"og:locale:alternate\" content=\"en_US\" \/>\n<meta property=\"og:locale:alternate\" content=\"cs_CZ\" \/>\n<meta property=\"og:locale:alternate\" content=\"sk_SK\" \/>\n<meta property=\"og:locale:alternate\" content=\"sv_SE\" \/>\n<meta property=\"og:type\" content=\"article\" \/>\n<meta property=\"og:title\" content=\"Drucker ignoruje viac ako 120-tis\u00edc \u013eud\u00ed\" \/>\n<meta property=\"og:description\" content=\"Parlament dnes schv\u00e1lil bal\u00edk siedmich \u0161kolsk\u00fdch z\u00e1konov z dielne ministra \u0161kolstva Tom\u00e1\u0161a Druckera (HLAS-SD), ktor\u00fd vl\u00e1da naz\u00fdva \u201eVe\u013ek\u00fd skok vpred\u201c. Pod\u013ea strany Demokrati v\u0161ak ide o krok vzad. Druckerov bal\u00edk z\u00e1konov, vr\u00e1tane z\u00e1kona o financovan\u00ed \u0161k\u00f4l a o \u0161kolskej spr\u00e1ve, pod\u013ea Demokratov vytv\u00e1ra deti druhej kateg\u00f3rie, obmedzuje slobodu rodi\u010dov a diskriminuje cirkevn\u00e9 a s\u00fakromn\u00e9 \u0161koly. [&hellip;]\" \/>\n<meta property=\"og:url\" content=\"https:\/\/www.smedemokrati.sk\/hu\/drucker-ignoruje-viac-ako-120-tisic-ludi\/\" \/>\n<meta property=\"og:site_name\" content=\"Smedemokrati.sk\" \/>\n<meta property=\"article:publisher\" content=\"https:\/\/www.facebook.com\/smedemokrati2023\" \/>\n<meta property=\"article:published_time\" content=\"2025-10-21T17:50:26+00:00\" \/>\n<meta property=\"article:modified_time\" content=\"2025-10-21T17:50:28+00:00\" \/>\n<meta property=\"og:image\" content=\"https:\/\/www.smedemokrati.sk\/wp-content\/uploads\/2025\/07\/2148886440.jpg\" \/>\n\t<meta property=\"og:image:width\" content=\"1000\" \/>\n\t<meta property=\"og:image:height\" content=\"667\" \/>\n\t<meta property=\"og:image:type\" content=\"image\/jpeg\" \/>\n<meta name=\"author\" content=\"miro.sopko\" \/>\n<meta name=\"twitter:card\" content=\"summary_large_image\" \/>\n<meta name=\"twitter:label1\" content=\"Szerz\u0151:\" \/>\n\t<meta name=\"twitter:data1\" content=\"miro.sopko\" \/>\n\t<meta name=\"twitter:label2\" content=\"Becs\u00fclt olvas\u00e1si id\u0151\" \/>\n\t<meta name=\"twitter:data2\" content=\"2 perc\" \/>\n<script type=\"application\/ld+json\" class=\"yoast-schema-graph\">{\"@context\":\"https:\/\/schema.org\",\"@graph\":[{\"@type\":\"Article\",\"@id\":\"https:\/\/www.smedemokrati.sk\/drucker-ignoruje-viac-ako-120-tisic-ludi\/#article\",\"isPartOf\":{\"@id\":\"https:\/\/www.smedemokrati.sk\/drucker-ignoruje-viac-ako-120-tisic-ludi\/\"},\"author\":{\"name\":\"miro.sopko\",\"@id\":\"https:\/\/www.smedemokrati.sk\/#\/schema\/person\/21f147c88d605aa7ded900e1e7c344ba\"},\"headline\":\"Drucker ignoruje viac ako 120-tis\u00edc \u013eud\u00ed\",\"datePublished\":\"2025-10-21T17:50:26+00:00\",\"dateModified\":\"2025-10-21T17:50:28+00:00\",\"mainEntityOfPage\":{\"@id\":\"https:\/\/www.smedemokrati.sk\/drucker-ignoruje-viac-ako-120-tisic-ludi\/\"},\"wordCount\":401,\"publisher\":{\"@id\":\"https:\/\/www.smedemokrati.sk\/#organization\"},\"image\":{\"@id\":\"https:\/\/www.smedemokrati.sk\/drucker-ignoruje-viac-ako-120-tisic-ludi\/#primaryimage\"},\"thumbnailUrl\":\"https:\/\/www.smedemokrati.sk\/wp-content\/uploads\/2025\/07\/2148886440.jpg\",\"articleSection\":[\"Tla\u010dov\u00e9 spr\u00e1vy\"],\"inLanguage\":\"hu-HU\"},{\"@type\":\"WebPage\",\"@id\":\"https:\/\/www.smedemokrati.sk\/drucker-ignoruje-viac-ako-120-tisic-ludi\/\",\"url\":\"https:\/\/www.smedemokrati.sk\/drucker-ignoruje-viac-ako-120-tisic-ludi\/\",\"name\":\"Drucker ignoruje viac ako 120-tis\u00edc \u013eud\u00ed\",\"isPartOf\":{\"@id\":\"https:\/\/www.smedemokrati.sk\/#website\"},\"primaryImageOfPage\":{\"@id\":\"https:\/\/www.smedemokrati.sk\/drucker-ignoruje-viac-ako-120-tisic-ludi\/#primaryimage\"},\"image\":{\"@id\":\"https:\/\/www.smedemokrati.sk\/drucker-ignoruje-viac-ako-120-tisic-ludi\/#primaryimage\"},\"thumbnailUrl\":\"https:\/\/www.smedemokrati.sk\/wp-content\/uploads\/2025\/07\/2148886440.jpg\",\"datePublished\":\"2025-10-21T17:50:26+00:00\",\"dateModified\":\"2025-10-21T17:50:28+00:00\",\"breadcrumb\":{\"@id\":\"https:\/\/www.smedemokrati.sk\/drucker-ignoruje-viac-ako-120-tisic-ludi\/#breadcrumb\"},\"inLanguage\":\"hu-HU\",\"potentialAction\":[{\"@type\":\"ReadAction\",\"target\":[\"https:\/\/www.smedemokrati.sk\/drucker-ignoruje-viac-ako-120-tisic-ludi\/\"]}]},{\"@type\":\"ImageObject\",\"inLanguage\":\"hu-HU\",\"@id\":\"https:\/\/www.smedemokrati.sk\/drucker-ignoruje-viac-ako-120-tisic-ludi\/#primaryimage\",\"url\":\"https:\/\/www.smedemokrati.sk\/wp-content\/uploads\/2025\/07\/2148886440.jpg\",\"contentUrl\":\"https:\/\/www.smedemokrati.sk\/wp-content\/uploads\/2025\/07\/2148886440.jpg\",\"width\":1000,\"height\":667},{\"@type\":\"BreadcrumbList\",\"@id\":\"https:\/\/www.smedemokrati.sk\/drucker-ignoruje-viac-ako-120-tisic-ludi\/#breadcrumb\",\"itemListElement\":[{\"@type\":\"ListItem\",\"position\":1,\"name\":\"Domovsk\u00e1 str\u00e1nka\",\"item\":\"https:\/\/www.smedemokrati.sk\/\"},{\"@type\":\"ListItem\",\"position\":2,\"name\":\"Drucker ignoruje viac ako 120-tis\u00edc \u013eud\u00ed\"}]},{\"@type\":\"WebSite\",\"@id\":\"https:\/\/www.smedemokrati.sk\/#website\",\"url\":\"https:\/\/www.smedemokrati.sk\/\",\"name\":\"Smedemokrati.sk\",\"description\":\"Demokracia a slu\u0161nos\u0165 zv\u00ed\u0165az\u00ed\",\"publisher\":{\"@id\":\"https:\/\/www.smedemokrati.sk\/#organization\"},\"potentialAction\":[{\"@type\":\"SearchAction\",\"target\":{\"@type\":\"EntryPoint\",\"urlTemplate\":\"https:\/\/www.smedemokrati.sk\/?s={search_term_string}\"},\"query-input\":{\"@type\":\"PropertyValueSpecification\",\"valueRequired\":true,\"valueName\":\"search_term_string\"}}],\"inLanguage\":\"hu-HU\"},{\"@type\":\"Organization\",\"@id\":\"https:\/\/www.smedemokrati.sk\/#organization\",\"name\":\"Smedemokrati.sk\",\"url\":\"https:\/\/www.smedemokrati.sk\/\",\"logo\":{\"@type\":\"ImageObject\",\"inLanguage\":\"hu-HU\",\"@id\":\"https:\/\/www.smedemokrati.sk\/#\/schema\/logo\/image\/\",\"url\":\"https:\/\/www.smedemokrati.sk\/wp-content\/uploads\/2023\/04\/ff.002.jpeg\",\"contentUrl\":\"https:\/\/www.smedemokrati.sk\/wp-content\/uploads\/2023\/04\/ff.002.jpeg\",\"width\":640,\"height\":480,\"caption\":\"Smedemokrati.sk\"},\"image\":{\"@id\":\"https:\/\/www.smedemokrati.sk\/#\/schema\/logo\/image\/\"},\"sameAs\":[\"https:\/\/www.facebook.com\/smedemokrati2023\"]},{\"@type\":\"Person\",\"@id\":\"https:\/\/www.smedemokrati.sk\/#\/schema\/person\/21f147c88d605aa7ded900e1e7c344ba\",\"name\":\"miro.sopko\",\"image\":{\"@type\":\"ImageObject\",\"inLanguage\":\"hu-HU\",\"@id\":\"https:\/\/secure.gravatar.com\/avatar\/267e4a36f704376c109afe3a78740c1f5dd8675a2180a908699e7863c9247606?s=96&d=mm&r=g\",\"url\":\"https:\/\/secure.gravatar.com\/avatar\/267e4a36f704376c109afe3a78740c1f5dd8675a2180a908699e7863c9247606?s=96&d=mm&r=g\",\"contentUrl\":\"https:\/\/secure.gravatar.com\/avatar\/267e4a36f704376c109afe3a78740c1f5dd8675a2180a908699e7863c9247606?s=96&d=mm&r=g\",\"caption\":\"miro.sopko\"},\"url\":\"https:\/\/www.smedemokrati.sk\/hu\/author\/miro-sopko\/\"}]}<\/script>\n<!-- \/ Yoast SEO plugin. -->","yoast_head_json":{"title":"Drucker ignoruje viac ako 120-tis\u00edc \u013eud\u00ed","robots":{"index":"index","follow":"follow","max-snippet":"max-snippet:-1","max-image-preview":"max-image-preview:large","max-video-preview":"max-video-preview:-1"},"canonical":"https:\/\/www.smedemokrati.sk\/hu\/drucker-ignoruje-viac-ako-120-tisic-ludi\/","og_locale":"hu_HU","og_type":"article","og_title":"[:sk]Drucker ignoruje viac ako 120-tis\u00edc \u013eud\u00ed[:] - Smedemokrati.sk","og_description":"Parlament dnes schv\u00e1lil bal\u00edk siedmich \u0161kolsk\u00fdch z\u00e1konov z dielne ministra \u0161kolstva Tom\u00e1\u0161a Druckera (HLAS-SD), ktor\u00fd vl\u00e1da naz\u00fdva \u201eVe\u013ek\u00fd skok vpred\u201c. Pod\u013ea strany Demokrati v\u0161ak ide o krok vzad. Druckerov bal\u00edk z\u00e1konov, vr\u00e1tane z\u00e1kona o financovan\u00ed \u0161k\u00f4l a o \u0161kolskej spr\u00e1ve, pod\u013ea Demokratov vytv\u00e1ra deti druhej kateg\u00f3rie, obmedzuje slobodu rodi\u010dov a diskriminuje cirkevn\u00e9 a s\u00fakromn\u00e9 \u0161koly. [&hellip;]","og_url":"https:\/\/www.smedemokrati.sk\/hu\/drucker-ignoruje-viac-ako-120-tisic-ludi\/","og_site_name":"Smedemokrati.sk","article_publisher":"https:\/\/www.facebook.com\/smedemokrati2023","article_published_time":"2025-10-21T17:50:26+00:00","article_modified_time":"2025-10-21T17:50:28+00:00","og_image":[{"width":1000,"height":667,"url":"https:\/\/www.smedemokrati.sk\/wp-content\/uploads\/2025\/07\/2148886440.jpg","type":"image\/jpeg"}],"author":"miro.sopko","twitter_card":"summary_large_image","twitter_misc":{"Szerz\u0151:":"miro.sopko","Becs\u00fclt olvas\u00e1si id\u0151":"2 perc"},"schema":{"@context":"https:\/\/schema.org","@graph":[{"@type":"Article","@id":"https:\/\/www.smedemokrati.sk\/drucker-ignoruje-viac-ako-120-tisic-ludi\/#article","isPartOf":{"@id":"https:\/\/www.smedemokrati.sk\/drucker-ignoruje-viac-ako-120-tisic-ludi\/"},"author":{"name":"miro.sopko","@id":"https:\/\/www.smedemokrati.sk\/#\/schema\/person\/21f147c88d605aa7ded900e1e7c344ba"},"headline":"Drucker ignoruje viac ako 120-tis\u00edc \u013eud\u00ed","datePublished":"2025-10-21T17:50:26+00:00","dateModified":"2025-10-21T17:50:28+00:00","mainEntityOfPage":{"@id":"https:\/\/www.smedemokrati.sk\/drucker-ignoruje-viac-ako-120-tisic-ludi\/"},"wordCount":401,"publisher":{"@id":"https:\/\/www.smedemokrati.sk\/#organization"},"image":{"@id":"https:\/\/www.smedemokrati.sk\/drucker-ignoruje-viac-ako-120-tisic-ludi\/#primaryimage"},"thumbnailUrl":"https:\/\/www.smedemokrati.sk\/wp-content\/uploads\/2025\/07\/2148886440.jpg","articleSection":["Tla\u010dov\u00e9 spr\u00e1vy"],"inLanguage":"hu-HU"},{"@type":"WebPage","@id":"https:\/\/www.smedemokrati.sk\/drucker-ignoruje-viac-ako-120-tisic-ludi\/","url":"https:\/\/www.smedemokrati.sk\/drucker-ignoruje-viac-ako-120-tisic-ludi\/","name":"Drucker ignoruje viac ako 120-tis\u00edc \u013eud\u00ed","isPartOf":{"@id":"https:\/\/www.smedemokrati.sk\/#website"},"primaryImageOfPage":{"@id":"https:\/\/www.smedemokrati.sk\/drucker-ignoruje-viac-ako-120-tisic-ludi\/#primaryimage"},"image":{"@id":"https:\/\/www.smedemokrati.sk\/drucker-ignoruje-viac-ako-120-tisic-ludi\/#primaryimage"},"thumbnailUrl":"https:\/\/www.smedemokrati.sk\/wp-content\/uploads\/2025\/07\/2148886440.jpg","datePublished":"2025-10-21T17:50:26+00:00","dateModified":"2025-10-21T17:50:28+00:00","breadcrumb":{"@id":"https:\/\/www.smedemokrati.sk\/drucker-ignoruje-viac-ako-120-tisic-ludi\/#breadcrumb"},"inLanguage":"hu-HU","potentialAction":[{"@type":"ReadAction","target":["https:\/\/www.smedemokrati.sk\/drucker-ignoruje-viac-ako-120-tisic-ludi\/"]}]},{"@type":"ImageObject","inLanguage":"hu-HU","@id":"https:\/\/www.smedemokrati.sk\/drucker-ignoruje-viac-ako-120-tisic-ludi\/#primaryimage","url":"https:\/\/www.smedemokrati.sk\/wp-content\/uploads\/2025\/07\/2148886440.jpg","contentUrl":"https:\/\/www.smedemokrati.sk\/wp-content\/uploads\/2025\/07\/2148886440.jpg","width":1000,"height":667},{"@type":"BreadcrumbList","@id":"https:\/\/www.smedemokrati.sk\/drucker-ignoruje-viac-ako-120-tisic-ludi\/#breadcrumb","itemListElement":[{"@type":"ListItem","position":1,"name":"Domovsk\u00e1 str\u00e1nka","item":"https:\/\/www.smedemokrati.sk\/"},{"@type":"ListItem","position":2,"name":"Drucker ignoruje viac ako 120-tis\u00edc \u013eud\u00ed"}]},{"@type":"WebSite","@id":"https:\/\/www.smedemokrati.sk\/#website","url":"https:\/\/www.smedemokrati.sk\/","name":"Smedemokrati.sk","description":"Demokracia a slu\u0161nos\u0165 zv\u00ed\u0165az\u00ed","publisher":{"@id":"https:\/\/www.smedemokrati.sk\/#organization"},"potentialAction":[{"@type":"SearchAction","target":{"@type":"EntryPoint","urlTemplate":"https:\/\/www.smedemokrati.sk\/?s={search_term_string}"},"query-input":{"@type":"PropertyValueSpecification","valueRequired":true,"valueName":"search_term_string"}}],"inLanguage":"hu-HU"},{"@type":"Organization","@id":"https:\/\/www.smedemokrati.sk\/#organization","name":"Smedemokrati.sk","url":"https:\/\/www.smedemokrati.sk\/","logo":{"@type":"ImageObject","inLanguage":"hu-HU","@id":"https:\/\/www.smedemokrati.sk\/#\/schema\/logo\/image\/","url":"https:\/\/www.smedemokrati.sk\/wp-content\/uploads\/2023\/04\/ff.002.jpeg","contentUrl":"https:\/\/www.smedemokrati.sk\/wp-content\/uploads\/2023\/04\/ff.002.jpeg","width":640,"height":480,"caption":"Smedemokrati.sk"},"image":{"@id":"https:\/\/www.smedemokrati.sk\/#\/schema\/logo\/image\/"},"sameAs":["https:\/\/www.facebook.com\/smedemokrati2023"]},{"@type":"Person","@id":"https:\/\/www.smedemokrati.sk\/#\/schema\/person\/21f147c88d605aa7ded900e1e7c344ba","name":"miro.sopko","image":{"@type":"ImageObject","inLanguage":"hu-HU","@id":"https:\/\/secure.gravatar.com\/avatar\/267e4a36f704376c109afe3a78740c1f5dd8675a2180a908699e7863c9247606?s=96&d=mm&r=g","url":"https:\/\/secure.gravatar.com\/avatar\/267e4a36f704376c109afe3a78740c1f5dd8675a2180a908699e7863c9247606?s=96&d=mm&r=g","contentUrl":"https:\/\/secure.gravatar.com\/avatar\/267e4a36f704376c109afe3a78740c1f5dd8675a2180a908699e7863c9247606?s=96&d=mm&r=g","caption":"miro.sopko"},"url":"https:\/\/www.smedemokrati.sk\/hu\/author\/miro-sopko\/"}]}},"_links":{"self":[{"href":"https:\/\/www.smedemokrati.sk\/hu\/wp-json\/wp\/v2\/posts\/8362","targetHints":{"allow":["GET"]}}],"collection":[{"href":"https:\/\/www.smedemokrati.sk\/hu\/wp-json\/wp\/v2\/posts"}],"about":[{"href":"https:\/\/www.smedemokrati.sk\/hu\/wp-json\/wp\/v2\/types\/post"}],"author":[{"embeddable":true,"href":"https:\/\/www.smedemokrati.sk\/hu\/wp-json\/wp\/v2\/users\/13"}],"replies":[{"embeddable":true,"href":"https:\/\/www.smedemokrati.sk\/hu\/wp-json\/wp\/v2\/comments?post=8362"}],"version-history":[{"count":1,"href":"https:\/\/www.smedemokrati.sk\/hu\/wp-json\/wp\/v2\/posts\/8362\/revisions"}],"predecessor-version":[{"id":8363,"href":"https:\/\/www.smedemokrati.sk\/hu\/wp-json\/wp\/v2\/posts\/8362\/revisions\/8363"}],"wp:featuredmedia":[{"embeddable":true,"href":"https:\/\/www.smedemokrati.sk\/hu\/wp-json\/wp\/v2\/media\/7677"}],"wp:attachment":[{"href":"https:\/\/www.smedemokrati.sk\/hu\/wp-json\/wp\/v2\/media?parent=8362"}],"wp:term":[{"taxonomy":"category","embeddable":true,"href":"https:\/\/www.smedemokrati.sk\/hu\/wp-json\/wp\/v2\/categories?post=8362"},{"taxonomy":"post_tag","embeddable":true,"href":"https:\/\/www.smedemokrati.sk\/hu\/wp-json\/wp\/v2\/tags?post=8362"}],"curies":[{"name":"wp","href":"https:\/\/api.w.org\/{rel}","templated":true}]}}