{"id":8347,"date":"2025-10-17T21:38:12","date_gmt":"2025-10-17T20:38:12","guid":{"rendered":"https:\/\/www.smedemokrati.sk\/?p=8347"},"modified":"2025-10-17T21:38:15","modified_gmt":"2025-10-17T20:38:15","slug":"je-ohrozena-cinnost-statneho-geologickeho-ustavu-dionyza-stura","status":"publish","type":"post","link":"https:\/\/www.smedemokrati.sk\/hu\/je-ohrozena-cinnost-statneho-geologickeho-ustavu-dionyza-stura\/","title":{"rendered":"Je ohrozen\u00e1 \u010dinnos\u0165 \u0160t\u00e1tneho geologick\u00e9ho \u00fastavu Dion\u00fdza \u0160t\u00fara?"},"content":{"rendered":"<div id=\"fb-root\"><\/div>\n\n<p><strong>Na z\u00e1klade kritick\u00e9ho vyst\u00fapenia Vedeckej rady \u0160t\u00e1tneho geologick\u00e9ho \u00fastavu Dion\u00fdza \u0160t\u00fara&nbsp;(\u0160G\u00daD\u0160) proti pripravovan\u00fdm organiza\u010dn\u00fdm zmen\u00e1m vyjadrujeme obavy o \u010fal\u0161ie fungovanie tejto in\u0161tit\u00facie, ktor\u00e1 je s\u00fa\u010das\u0165ou kritickej infra\u0161trukt\u00fary Slovenska. Samotn\u00ed \u010dlenovia Vedeckej rady upozor\u0148uj\u00fa ministra Tarabu, \u017ee tak\u00e9to z\u00e1sahy m\u00f4\u017eu vies\u0165 k ve\u013ek\u00e9mu oslabeniu schopnosti komplexne rie\u0161i\u0165 \u00falohy geologickej slu\u017eby na na\u0161om \u00fazem\u00ed. \u017diadame ministra Tarabu, aby okam\u017eite rokoval s Vedeckou radou a situ\u00e1ciu ak\u00fatne rie\u0161il.&nbsp;<\/strong><\/p>\n\n\n\n<p>\u201e<em>Tom\u00e1\u0161 Taraba nem\u00f4\u017ee, podobne ako tomu bolo pri Slovenskom hydrometeorologickom \u00fastave \u010di Slovenskom vodohospod\u00e1rskom podniku svojou mana\u017e\u00e9rskou\u00a0neschopnos\u0165ou, naru\u0161i\u0165 chod \u0161t\u00e1tnych in\u0161tit\u00faci\u00ed, ktor\u00e9 mo\u017eno pova\u017eova\u0165 za s\u00fa\u010das\u0165 kritickej infra\u0161truk\u00fary. Neviem \u010di si to plne uvedomuje, ale ohrozuje t\u00fdm zdravie, \u017eivoty a majetky ob\u010danov<\/em>&#8222;, upozor\u0148uje Michal Ki\u010da, enviroexpert strany.\u00a0<\/p>\n\n\n\n<p>\u0160G\u00daD\u0160 je k\u013e\u00fa\u010dov\u00e1 vedeck\u00e1 a odborn\u00e1 in\u0161tit\u00facia pod ministerstvom \u017eivotn\u00e9ho prostredia, ktor\u00e1 ako jedin\u00e1 na Slovensku zabezpe\u010duje u\u017e desiatky rokov \u0161t\u00e1tnu geologick\u00fa slu\u017ebu. Zosuv v Monkovej doline, tento t\u00fd\u017ede\u0148 vyhl\u00e1sen\u00e1 mimoriadna situ\u00e1cia v Brezne kv\u00f4li zosuvu svahu pri s\u00eddlisku, monitoring hradn\u00e9ho brala na Stre\u010dne, v\u00fdstavba jadrovej elektr\u00e1rne, dia\u013enic alebo \u017eelezn\u00edc, monitoring v\u00e1\u017enych environment\u00e1ln\u00fdch z\u00e1\u0165a\u017e\u00ed ako s\u00fa Chemko Str\u00e1\u017eske, Predajn\u00e1, Petrochema Dubov\u00e1, vyh\u013ead\u00e1vanie lokal\u00edt hlbinn\u00e9ho \u00falo\u017eiska jadrov\u00e9ho odpadu, ve\u013ek\u00e9 infra\u0161trukt\u00farne projekty, ochrana podzemn\u00fdch v\u00f4d, prieskum kritick\u00fdch nerastn\u00fdch surov\u00edn, seizmick\u00fd prieskum &#8211; ni\u010d z toho sa nezaob\u00edde bez \u0161t\u00e1tnej geologickej slu\u017eby.<\/p>\n\n\n\n<p>Vedeck\u00e1 rada ministra v rozsiahlom stanovisku z 10. okt\u00f3bra, ktor\u00fdm disponujeme, upozor\u0148uje na nieko\u013eko z\u00e1va\u017en\u00fdch n\u00e1sledkov, ktor\u00e9 m\u00f4\u017eu z\u00e1sahy smerom dovn\u00fatra in\u0161tit\u00facie m\u00f4\u017eu zapr\u00ed\u010dini\u0165.&nbsp;<\/p>\n\n\n\n<p>Zhrnutie najz\u00e1sadnej\u0161\u00edch z nich:<\/p>\n\n\n\n<ul class=\"wp-block-list\">\n<li>pri redukcii odborn\u00fdch pracovn\u00edkov a rozbit\u00ed rie\u0161ite\u013esk\u00fdch t\u00edmov m\u00f4\u017ee d\u00f4js\u0165 k spomaleniu alebo \u00fapln\u00e9mu zastaveniu rie\u0161enia geologick\u00fdch \u00faloh, ktor\u00e9 s\u00fa financovan\u00e9 z prostriedkov E\u00da, \u010doho d\u00f4sledkom m\u00f4\u017ee by\u0165 ich prepadnutie;<\/li>\n\n\n\n<li>z\u00e1nik poradn\u00fdch a vedeck\u00fdch org\u00e1nov, ak\u00fdmi s\u00fa aproba\u010dn\u00e1 komisia, vedeck\u00e1 rada \u010di vydavate\u013esk\u00e1 rada m\u00f4\u017ee ochromi\u0165 spracovanie \u0161t\u00e1tnych mapov\u00fdch diel, hydrogeologick\u00fdch m\u00e1p, \u010di vzdel\u00e1vanie \u0161pi\u010dkov\u00fdch odborn\u00edkov a v\u00fdskumn\u00edkov, napr. doktorandov;<\/li>\n\n\n\n<li>hroziace zru\u0161enie region\u00e1lnych geologick\u00fdch centier v Banskej Bystrici a Spi\u0161skej Novej Vsi, v pr\u00edpade toho prv\u00e9ho dokonca bez akejko\u013evek n\u00e1hrady, m\u00f4\u017ee vies\u0165 k zna\u010dnej ekonomickej strate (ale nie na strane \u00fastavu, ale v d\u00f4sledku paral\u00fdzy geologickej slu\u017eby na strednom a severov\u00fdchodnom Slovensku), ako aj oslabeniu kapac\u00edt \u0161t\u00e1tu zvl\u00e1da\u0165 mimoriadne situ\u00e1cie v t\u00fdchto regi\u00f3noch;<\/li>\n\n\n\n<li>nekoncep\u010dn\u00e9 oslabenie \u00fatvaru z\u00e1kladnej geol\u00f3gie m\u00f4\u017ee ohrozi\u0165 pr\u00edpravu podkladov v oblasti in\u017einierskej geol\u00f3gie, hydrogeol\u00f3gie, geoinformatiky, geoch\u00e9mie \u017eivotn\u00e9ho prostredia a rie\u0161enie environment\u00e1lnych z\u00e1\u0165a\u017e\u00ed &#8211; to by ohrozilo geologick\u00fa slu\u017ebu pre infra\u0161trukt\u00farne projekty \u0161t\u00e1tneho v\u00fdznamu, z\u00e1kladn\u00e9 geologick\u00e9 mapovanie, mapovanie zosuvov \u00fazemia, ochranu a mapovanie podzemn\u00fdch v\u00f4d, vyu\u017e\u00edvanie geoterm\u00e1lnej energie, monitorovanie rad\u00f3nov\u00e9ho rizika \u010di hodnotenia svahov\u00fdch deform\u00e1ci\u00ed;<\/li>\n\n\n\n<li>ohrozen\u00e9 s\u00fa aj poz\u00edcie 14 zamestnancov s III. stup\u0148om vysoko\u0161kolsk\u00e9ho vzdelania, ktor\u00ed s\u00fa \u010dlenmi vedeckej rady SAV, Slovenskej geologickej rady \u010di N\u00e1rodn\u00e9ho geologick\u00e9ho komit\u00e9ru pri UNESCO &#8211; tak\u00fato \u010dinnos\u0165 na Slovensku nedok\u00e1\u017ee a nevykon\u00e1va \u017eiadna organiz\u00e1cia;<\/li>\n\n\n\n<li>z\u00e1nik alebo nevhodn\u00e1 reorganiz\u00e1cia \u0161peci\u00e1lnych laborat\u00f3ri\u00ed, a to pracoviska elektr\u00f3novej mikroanal\u00fdzy a optick\u00fdch met\u00f3d a laborat\u00f3ria izotopovej geol\u00f3gie v Spi\u0161skej Novej Vsi &#8211; ide o \u0161pi\u010dkov\u00e9 vedeck\u00e9 pracovisk\u00e1 v r\u00e1mci eur\u00f3pskeho priestoru, spolupracuj\u00face so zahrani\u010dn\u00fdmi univerzitami, mnoh\u00fdmi \u0161t\u00e1tnymi org\u00e1nmi, dokonca s colnou spr\u00e1vou, poskytuj\u00face slu\u017eby v oblasti farmakol\u00f3gie \u010di potravin\u00e1rstva a pre slovensk\u00e9 univerzity &#8211; medzi ich najnov\u0161ie pr\u00edstrojov\u00e9 vybavenie patr\u00ed mimoriadne drah\u00fd elektr\u00f3nov\u00fd mikroanalyz\u00e1tor CAMECA, zak\u00fapen\u00fd z fondov E\u00da, ktor\u00e9ho premiest\u0148ovanie by znamenalo obrovsk\u00e9 finan\u010dn\u00e9 n\u00e1klady a praktick\u00e9 zni\u010denie (len v tomto jedinom pr\u00edpade hovor\u00edme o cca 1,5 mil. eur);<\/li>\n\n\n\n<li>z\u00e1nikom odboru zahrani\u010dn\u00fdch vz\u0165ahov sa oslab\u00ed poz\u00edcia SR v prest\u00ed\u017enom zdru\u017een\u00ed EuroGeoSurveys, k\u013e\u00fa\u010dov\u00e9ho pre medzin\u00e1rodn\u00fa spolupr\u00e1cu na rie\u0161en\u00ed \u00faloh celoeur\u00f3pskeho v\u00fdznamu;<\/li>\n\n\n\n<li>hroz\u00ed z\u00e1nik vydavate\u013eskej a vedeckej \u010dinnosti \u00fastavu, ktor\u00fd vyd\u00e1va odborn\u00e9 periodik\u00e1 Geologick\u00e9 pr\u00e1ce, Spr\u00e1vy a od roku 1969 Mineralia Slovaca, zaraden\u00fd v medzin\u00e1rodnej datab\u00e1ze SCOPUS. \u00dastavu, ktor\u00fd ro\u010dne publikuje 100 a\u017e 130 vedeck\u00fdch a odborn\u00fdch pr\u00e1c, by hrozila aj strata opr\u00e1vnenia ministra \u0161kolstva na vykon\u00e1vanie v\u00fdskumu a v\u00fdvoja.<\/li>\n<\/ul>\n\n\n\n<p>\u201e<em>Taraba sa nem\u00f4\u017ee obhajova\u0165 ani konsolid\u00e1ciou. Pod\u013ea mojich inform\u00e1ci\u00ed sa zva\u017euje prepustenie aj cca 40 zamestnancov. Pritom je podstatn\u00e1 \u010das\u0165 mzdov\u00fdch n\u00e1kladov \u00fastavu financovan\u00e1 z prostriedkov E\u00da. Ohrozenie plnohodnotnej \u010dinnosti m\u00f4\u017ee ma\u0165 na spolo\u010dnos\u0165 presne opa\u010dn\u00fd efekt, k \u017eiadnej \u00faspore ned\u00f4jde a hospod\u00e1rske \u0161kody pr\u00edpadn\u00fa \u00fasporu m\u00f4\u017eu \u013eahko presiahnu\u0165. Naviac, m\u00f4\u017ee sa ohrozi\u0165 aj \u010derpanie pribli\u017ene 36 mil. eur. z eur\u00f3pskych fondov,<\/em>&#8221; upozor\u0148uje Ki\u010da.\u00a0<\/p>\n\n\n\n<p>Zauj\u00edmav\u00fd je aj fakt, \u017ee od n\u00e1stupu Tom\u00e1\u0161a Tarabu sa vo veden\u00ed \u0160G\u00daD\u0160 vystriedali u\u017e \u0161tyria riaditelia. Zamestnanci sa \u00fadajne s\u0165a\u017euj\u00fa na absenciu inform\u00e1ci\u00ed od vedenia. Taraba sa mus\u00ed za\u010da\u0165 spr\u00e1va\u0165 zodpovedne a okam\u017eite rokova\u0165 so zamestnancami a Vedeckou radou. \u0160t\u00e1tna geologick\u00e1 slu\u017eba je nevyhnutn\u00e1 pre n\u00e1\u0161 ka\u017edodenn\u00fd \u017eivot a udr\u017eate\u013en\u00fd rozvoj, hospod\u00e1rsky rast, ochranu \u017eivotn\u00e9ho prostredia a bezpe\u010dnos\u0165 obyvate\u013eov. Op\u00e4\u0165 hroz\u00ed \u0161tandardn\u00fd scen\u00e1r Tarabovho p\u00f4sobenia, rozvrat \u0161pi\u010dkovej in\u0161tit\u00facie a nen\u00e1vratn\u00fd odchod odborn\u00edkov, ktor\u00fdch je na Slovensku ako \u0161afr\u00e1nu.&nbsp;<\/p>\n","protected":false},"excerpt":{"rendered":"<p>Na z\u00e1klade kritick\u00e9ho vyst\u00fapenia Vedeckej rady \u0160t\u00e1tneho geologick\u00e9ho \u00fastavu Dion\u00fdza \u0160t\u00fara&nbsp;(\u0160G\u00daD\u0160) proti pripravovan\u00fdm organiza\u010dn\u00fdm zmen\u00e1m vyjadrujeme obavy o \u010fal\u0161ie fungovanie tejto in\u0161tit\u00facie, ktor\u00e1 je s\u00fa\u010das\u0165ou kritickej infra\u0161trukt\u00fary Slovenska. Samotn\u00ed \u010dlenovia Vedeckej rady upozor\u0148uj\u00fa ministra Tarabu, \u017ee tak\u00e9to z\u00e1sahy m\u00f4\u017eu vies\u0165 k ve\u013ek\u00e9mu oslabeniu schopnosti komplexne rie\u0161i\u0165 \u00falohy geologickej slu\u017eby na na\u0161om \u00fazem\u00ed. \u017diadame ministra Tarabu, [&hellip;]<\/p>\n","protected":false},"author":13,"featured_media":8348,"comment_status":"closed","ping_status":"closed","sticky":false,"template":"","format":"standard","meta":{"_acf_changed":false,"ngg_post_thumbnail":0,"footnotes":""},"categories":[4],"tags":[],"class_list":["post-8347","post","type-post","status-publish","format-standard","has-post-thumbnail","hentry","category-tlacove-spravy"],"acf":[],"yoast_head":"<!-- This site is optimized with the Yoast SEO plugin v27.2 - https:\/\/yoast.com\/product\/yoast-seo-wordpress\/ -->\n<title>Je ohrozen\u00e1 \u010dinnos\u0165 \u0160t\u00e1tneho geologick\u00e9ho \u00fastavu Dion\u00fdza \u0160t\u00fara?<\/title>\n<meta name=\"robots\" content=\"index, follow, max-snippet:-1, max-image-preview:large, max-video-preview:-1\" \/>\n<link rel=\"canonical\" href=\"https:\/\/www.smedemokrati.sk\/hu\/je-ohrozena-cinnost-statneho-geologickeho-ustavu-dionyza-stura\/\" \/>\n<meta property=\"og:locale\" content=\"hu_HU\" \/>\n<meta property=\"og:locale:alternate\" content=\"en_US\" \/>\n<meta property=\"og:locale:alternate\" content=\"cs_CZ\" \/>\n<meta property=\"og:locale:alternate\" content=\"sk_SK\" \/>\n<meta property=\"og:locale:alternate\" content=\"sv_SE\" \/>\n<meta property=\"og:type\" content=\"article\" \/>\n<meta property=\"og:title\" content=\"Je ohrozen\u00e1 \u010dinnos\u0165 \u0160t\u00e1tneho geologick\u00e9ho \u00fastavu Dion\u00fdza \u0160t\u00fara?\" \/>\n<meta property=\"og:description\" content=\"Na z\u00e1klade kritick\u00e9ho vyst\u00fapenia Vedeckej rady \u0160t\u00e1tneho geologick\u00e9ho \u00fastavu Dion\u00fdza \u0160t\u00fara&nbsp;(\u0160G\u00daD\u0160) proti pripravovan\u00fdm organiza\u010dn\u00fdm zmen\u00e1m vyjadrujeme obavy o \u010fal\u0161ie fungovanie tejto in\u0161tit\u00facie, ktor\u00e1 je s\u00fa\u010das\u0165ou kritickej infra\u0161trukt\u00fary Slovenska. Samotn\u00ed \u010dlenovia Vedeckej rady upozor\u0148uj\u00fa ministra Tarabu, \u017ee tak\u00e9to z\u00e1sahy m\u00f4\u017eu vies\u0165 k ve\u013ek\u00e9mu oslabeniu schopnosti komplexne rie\u0161i\u0165 \u00falohy geologickej slu\u017eby na na\u0161om \u00fazem\u00ed. \u017diadame ministra Tarabu, [&hellip;]\" \/>\n<meta property=\"og:url\" content=\"https:\/\/www.smedemokrati.sk\/hu\/je-ohrozena-cinnost-statneho-geologickeho-ustavu-dionyza-stura\/\" \/>\n<meta property=\"og:site_name\" content=\"Smedemokrati.sk\" \/>\n<meta property=\"article:publisher\" content=\"https:\/\/www.facebook.com\/smedemokrati2023\" \/>\n<meta property=\"article:published_time\" content=\"2025-10-17T20:38:12+00:00\" \/>\n<meta property=\"article:modified_time\" content=\"2025-10-17T20:38:15+00:00\" \/>\n<meta property=\"og:image\" content=\"https:\/\/www.smedemokrati.sk\/wp-content\/uploads\/2025\/10\/960px-SGUDS.jpg\" \/>\n\t<meta property=\"og:image:width\" content=\"960\" \/>\n\t<meta property=\"og:image:height\" content=\"720\" \/>\n\t<meta property=\"og:image:type\" content=\"image\/jpeg\" \/>\n<meta name=\"author\" content=\"miro.sopko\" \/>\n<meta name=\"twitter:card\" content=\"summary_large_image\" \/>\n<meta name=\"twitter:label1\" content=\"Szerz\u0151:\" \/>\n\t<meta name=\"twitter:data1\" content=\"miro.sopko\" \/>\n\t<meta name=\"twitter:label2\" content=\"Becs\u00fclt olvas\u00e1si id\u0151\" \/>\n\t<meta name=\"twitter:data2\" content=\"5 perc\" \/>\n<script type=\"application\/ld+json\" class=\"yoast-schema-graph\">{\"@context\":\"https:\/\/schema.org\",\"@graph\":[{\"@type\":\"Article\",\"@id\":\"https:\/\/www.smedemokrati.sk\/je-ohrozena-cinnost-statneho-geologickeho-ustavu-dionyza-stura\/#article\",\"isPartOf\":{\"@id\":\"https:\/\/www.smedemokrati.sk\/je-ohrozena-cinnost-statneho-geologickeho-ustavu-dionyza-stura\/\"},\"author\":{\"name\":\"miro.sopko\",\"@id\":\"https:\/\/www.smedemokrati.sk\/#\/schema\/person\/21f147c88d605aa7ded900e1e7c344ba\"},\"headline\":\"Je ohrozen\u00e1 \u010dinnos\u0165 \u0160t\u00e1tneho geologick\u00e9ho \u00fastavu Dion\u00fdza \u0160t\u00fara?\",\"datePublished\":\"2025-10-17T20:38:12+00:00\",\"dateModified\":\"2025-10-17T20:38:15+00:00\",\"mainEntityOfPage\":{\"@id\":\"https:\/\/www.smedemokrati.sk\/je-ohrozena-cinnost-statneho-geologickeho-ustavu-dionyza-stura\/\"},\"wordCount\":1057,\"publisher\":{\"@id\":\"https:\/\/www.smedemokrati.sk\/#organization\"},\"image\":{\"@id\":\"https:\/\/www.smedemokrati.sk\/je-ohrozena-cinnost-statneho-geologickeho-ustavu-dionyza-stura\/#primaryimage\"},\"thumbnailUrl\":\"https:\/\/www.smedemokrati.sk\/wp-content\/uploads\/2025\/10\/960px-SGUDS.jpg\",\"articleSection\":[\"Tla\u010dov\u00e9 spr\u00e1vy\"],\"inLanguage\":\"hu-HU\"},{\"@type\":\"WebPage\",\"@id\":\"https:\/\/www.smedemokrati.sk\/je-ohrozena-cinnost-statneho-geologickeho-ustavu-dionyza-stura\/\",\"url\":\"https:\/\/www.smedemokrati.sk\/je-ohrozena-cinnost-statneho-geologickeho-ustavu-dionyza-stura\/\",\"name\":\"Je ohrozen\u00e1 \u010dinnos\u0165 \u0160t\u00e1tneho geologick\u00e9ho \u00fastavu Dion\u00fdza \u0160t\u00fara?\",\"isPartOf\":{\"@id\":\"https:\/\/www.smedemokrati.sk\/#website\"},\"primaryImageOfPage\":{\"@id\":\"https:\/\/www.smedemokrati.sk\/je-ohrozena-cinnost-statneho-geologickeho-ustavu-dionyza-stura\/#primaryimage\"},\"image\":{\"@id\":\"https:\/\/www.smedemokrati.sk\/je-ohrozena-cinnost-statneho-geologickeho-ustavu-dionyza-stura\/#primaryimage\"},\"thumbnailUrl\":\"https:\/\/www.smedemokrati.sk\/wp-content\/uploads\/2025\/10\/960px-SGUDS.jpg\",\"datePublished\":\"2025-10-17T20:38:12+00:00\",\"dateModified\":\"2025-10-17T20:38:15+00:00\",\"breadcrumb\":{\"@id\":\"https:\/\/www.smedemokrati.sk\/je-ohrozena-cinnost-statneho-geologickeho-ustavu-dionyza-stura\/#breadcrumb\"},\"inLanguage\":\"hu-HU\",\"potentialAction\":[{\"@type\":\"ReadAction\",\"target\":[\"https:\/\/www.smedemokrati.sk\/je-ohrozena-cinnost-statneho-geologickeho-ustavu-dionyza-stura\/\"]}]},{\"@type\":\"ImageObject\",\"inLanguage\":\"hu-HU\",\"@id\":\"https:\/\/www.smedemokrati.sk\/je-ohrozena-cinnost-statneho-geologickeho-ustavu-dionyza-stura\/#primaryimage\",\"url\":\"https:\/\/www.smedemokrati.sk\/wp-content\/uploads\/2025\/10\/960px-SGUDS.jpg\",\"contentUrl\":\"https:\/\/www.smedemokrati.sk\/wp-content\/uploads\/2025\/10\/960px-SGUDS.jpg\",\"width\":960,\"height\":720},{\"@type\":\"BreadcrumbList\",\"@id\":\"https:\/\/www.smedemokrati.sk\/je-ohrozena-cinnost-statneho-geologickeho-ustavu-dionyza-stura\/#breadcrumb\",\"itemListElement\":[{\"@type\":\"ListItem\",\"position\":1,\"name\":\"Domovsk\u00e1 str\u00e1nka\",\"item\":\"https:\/\/www.smedemokrati.sk\/\"},{\"@type\":\"ListItem\",\"position\":2,\"name\":\"Je ohrozen\u00e1 \u010dinnos\u0165 \u0160t\u00e1tneho geologick\u00e9ho \u00fastavu Dion\u00fdza \u0160t\u00fara?\"}]},{\"@type\":\"WebSite\",\"@id\":\"https:\/\/www.smedemokrati.sk\/#website\",\"url\":\"https:\/\/www.smedemokrati.sk\/\",\"name\":\"Smedemokrati.sk\",\"description\":\"Demokracia a slu\u0161nos\u0165 zv\u00ed\u0165az\u00ed\",\"publisher\":{\"@id\":\"https:\/\/www.smedemokrati.sk\/#organization\"},\"potentialAction\":[{\"@type\":\"SearchAction\",\"target\":{\"@type\":\"EntryPoint\",\"urlTemplate\":\"https:\/\/www.smedemokrati.sk\/?s={search_term_string}\"},\"query-input\":{\"@type\":\"PropertyValueSpecification\",\"valueRequired\":true,\"valueName\":\"search_term_string\"}}],\"inLanguage\":\"hu-HU\"},{\"@type\":\"Organization\",\"@id\":\"https:\/\/www.smedemokrati.sk\/#organization\",\"name\":\"Smedemokrati.sk\",\"url\":\"https:\/\/www.smedemokrati.sk\/\",\"logo\":{\"@type\":\"ImageObject\",\"inLanguage\":\"hu-HU\",\"@id\":\"https:\/\/www.smedemokrati.sk\/#\/schema\/logo\/image\/\",\"url\":\"https:\/\/www.smedemokrati.sk\/wp-content\/uploads\/2023\/04\/ff.002.jpeg\",\"contentUrl\":\"https:\/\/www.smedemokrati.sk\/wp-content\/uploads\/2023\/04\/ff.002.jpeg\",\"width\":640,\"height\":480,\"caption\":\"Smedemokrati.sk\"},\"image\":{\"@id\":\"https:\/\/www.smedemokrati.sk\/#\/schema\/logo\/image\/\"},\"sameAs\":[\"https:\/\/www.facebook.com\/smedemokrati2023\"]},{\"@type\":\"Person\",\"@id\":\"https:\/\/www.smedemokrati.sk\/#\/schema\/person\/21f147c88d605aa7ded900e1e7c344ba\",\"name\":\"miro.sopko\",\"image\":{\"@type\":\"ImageObject\",\"inLanguage\":\"hu-HU\",\"@id\":\"https:\/\/secure.gravatar.com\/avatar\/267e4a36f704376c109afe3a78740c1f5dd8675a2180a908699e7863c9247606?s=96&d=mm&r=g\",\"url\":\"https:\/\/secure.gravatar.com\/avatar\/267e4a36f704376c109afe3a78740c1f5dd8675a2180a908699e7863c9247606?s=96&d=mm&r=g\",\"contentUrl\":\"https:\/\/secure.gravatar.com\/avatar\/267e4a36f704376c109afe3a78740c1f5dd8675a2180a908699e7863c9247606?s=96&d=mm&r=g\",\"caption\":\"miro.sopko\"},\"url\":\"https:\/\/www.smedemokrati.sk\/hu\/author\/miro-sopko\/\"}]}<\/script>\n<!-- \/ Yoast SEO plugin. -->","yoast_head_json":{"title":"Je ohrozen\u00e1 \u010dinnos\u0165 \u0160t\u00e1tneho geologick\u00e9ho \u00fastavu Dion\u00fdza \u0160t\u00fara?","robots":{"index":"index","follow":"follow","max-snippet":"max-snippet:-1","max-image-preview":"max-image-preview:large","max-video-preview":"max-video-preview:-1"},"canonical":"https:\/\/www.smedemokrati.sk\/hu\/je-ohrozena-cinnost-statneho-geologickeho-ustavu-dionyza-stura\/","og_locale":"hu_HU","og_type":"article","og_title":"[:sk]Je ohrozen\u00e1 \u010dinnos\u0165 \u0160t\u00e1tneho geologick\u00e9ho \u00fastavu Dion\u00fdza \u0160t\u00fara?[:] - Smedemokrati.sk","og_description":"Na z\u00e1klade kritick\u00e9ho vyst\u00fapenia Vedeckej rady \u0160t\u00e1tneho geologick\u00e9ho \u00fastavu Dion\u00fdza \u0160t\u00fara&nbsp;(\u0160G\u00daD\u0160) proti pripravovan\u00fdm organiza\u010dn\u00fdm zmen\u00e1m vyjadrujeme obavy o \u010fal\u0161ie fungovanie tejto in\u0161tit\u00facie, ktor\u00e1 je s\u00fa\u010das\u0165ou kritickej infra\u0161trukt\u00fary Slovenska. Samotn\u00ed \u010dlenovia Vedeckej rady upozor\u0148uj\u00fa ministra Tarabu, \u017ee tak\u00e9to z\u00e1sahy m\u00f4\u017eu vies\u0165 k ve\u013ek\u00e9mu oslabeniu schopnosti komplexne rie\u0161i\u0165 \u00falohy geologickej slu\u017eby na na\u0161om \u00fazem\u00ed. \u017diadame ministra Tarabu, [&hellip;]","og_url":"https:\/\/www.smedemokrati.sk\/hu\/je-ohrozena-cinnost-statneho-geologickeho-ustavu-dionyza-stura\/","og_site_name":"Smedemokrati.sk","article_publisher":"https:\/\/www.facebook.com\/smedemokrati2023","article_published_time":"2025-10-17T20:38:12+00:00","article_modified_time":"2025-10-17T20:38:15+00:00","og_image":[{"width":960,"height":720,"url":"https:\/\/www.smedemokrati.sk\/wp-content\/uploads\/2025\/10\/960px-SGUDS.jpg","type":"image\/jpeg"}],"author":"miro.sopko","twitter_card":"summary_large_image","twitter_misc":{"Szerz\u0151:":"miro.sopko","Becs\u00fclt olvas\u00e1si id\u0151":"5 perc"},"schema":{"@context":"https:\/\/schema.org","@graph":[{"@type":"Article","@id":"https:\/\/www.smedemokrati.sk\/je-ohrozena-cinnost-statneho-geologickeho-ustavu-dionyza-stura\/#article","isPartOf":{"@id":"https:\/\/www.smedemokrati.sk\/je-ohrozena-cinnost-statneho-geologickeho-ustavu-dionyza-stura\/"},"author":{"name":"miro.sopko","@id":"https:\/\/www.smedemokrati.sk\/#\/schema\/person\/21f147c88d605aa7ded900e1e7c344ba"},"headline":"Je ohrozen\u00e1 \u010dinnos\u0165 \u0160t\u00e1tneho geologick\u00e9ho \u00fastavu Dion\u00fdza \u0160t\u00fara?","datePublished":"2025-10-17T20:38:12+00:00","dateModified":"2025-10-17T20:38:15+00:00","mainEntityOfPage":{"@id":"https:\/\/www.smedemokrati.sk\/je-ohrozena-cinnost-statneho-geologickeho-ustavu-dionyza-stura\/"},"wordCount":1057,"publisher":{"@id":"https:\/\/www.smedemokrati.sk\/#organization"},"image":{"@id":"https:\/\/www.smedemokrati.sk\/je-ohrozena-cinnost-statneho-geologickeho-ustavu-dionyza-stura\/#primaryimage"},"thumbnailUrl":"https:\/\/www.smedemokrati.sk\/wp-content\/uploads\/2025\/10\/960px-SGUDS.jpg","articleSection":["Tla\u010dov\u00e9 spr\u00e1vy"],"inLanguage":"hu-HU"},{"@type":"WebPage","@id":"https:\/\/www.smedemokrati.sk\/je-ohrozena-cinnost-statneho-geologickeho-ustavu-dionyza-stura\/","url":"https:\/\/www.smedemokrati.sk\/je-ohrozena-cinnost-statneho-geologickeho-ustavu-dionyza-stura\/","name":"Je ohrozen\u00e1 \u010dinnos\u0165 \u0160t\u00e1tneho geologick\u00e9ho \u00fastavu Dion\u00fdza \u0160t\u00fara?","isPartOf":{"@id":"https:\/\/www.smedemokrati.sk\/#website"},"primaryImageOfPage":{"@id":"https:\/\/www.smedemokrati.sk\/je-ohrozena-cinnost-statneho-geologickeho-ustavu-dionyza-stura\/#primaryimage"},"image":{"@id":"https:\/\/www.smedemokrati.sk\/je-ohrozena-cinnost-statneho-geologickeho-ustavu-dionyza-stura\/#primaryimage"},"thumbnailUrl":"https:\/\/www.smedemokrati.sk\/wp-content\/uploads\/2025\/10\/960px-SGUDS.jpg","datePublished":"2025-10-17T20:38:12+00:00","dateModified":"2025-10-17T20:38:15+00:00","breadcrumb":{"@id":"https:\/\/www.smedemokrati.sk\/je-ohrozena-cinnost-statneho-geologickeho-ustavu-dionyza-stura\/#breadcrumb"},"inLanguage":"hu-HU","potentialAction":[{"@type":"ReadAction","target":["https:\/\/www.smedemokrati.sk\/je-ohrozena-cinnost-statneho-geologickeho-ustavu-dionyza-stura\/"]}]},{"@type":"ImageObject","inLanguage":"hu-HU","@id":"https:\/\/www.smedemokrati.sk\/je-ohrozena-cinnost-statneho-geologickeho-ustavu-dionyza-stura\/#primaryimage","url":"https:\/\/www.smedemokrati.sk\/wp-content\/uploads\/2025\/10\/960px-SGUDS.jpg","contentUrl":"https:\/\/www.smedemokrati.sk\/wp-content\/uploads\/2025\/10\/960px-SGUDS.jpg","width":960,"height":720},{"@type":"BreadcrumbList","@id":"https:\/\/www.smedemokrati.sk\/je-ohrozena-cinnost-statneho-geologickeho-ustavu-dionyza-stura\/#breadcrumb","itemListElement":[{"@type":"ListItem","position":1,"name":"Domovsk\u00e1 str\u00e1nka","item":"https:\/\/www.smedemokrati.sk\/"},{"@type":"ListItem","position":2,"name":"Je ohrozen\u00e1 \u010dinnos\u0165 \u0160t\u00e1tneho geologick\u00e9ho \u00fastavu Dion\u00fdza \u0160t\u00fara?"}]},{"@type":"WebSite","@id":"https:\/\/www.smedemokrati.sk\/#website","url":"https:\/\/www.smedemokrati.sk\/","name":"Smedemokrati.sk","description":"Demokracia a slu\u0161nos\u0165 zv\u00ed\u0165az\u00ed","publisher":{"@id":"https:\/\/www.smedemokrati.sk\/#organization"},"potentialAction":[{"@type":"SearchAction","target":{"@type":"EntryPoint","urlTemplate":"https:\/\/www.smedemokrati.sk\/?s={search_term_string}"},"query-input":{"@type":"PropertyValueSpecification","valueRequired":true,"valueName":"search_term_string"}}],"inLanguage":"hu-HU"},{"@type":"Organization","@id":"https:\/\/www.smedemokrati.sk\/#organization","name":"Smedemokrati.sk","url":"https:\/\/www.smedemokrati.sk\/","logo":{"@type":"ImageObject","inLanguage":"hu-HU","@id":"https:\/\/www.smedemokrati.sk\/#\/schema\/logo\/image\/","url":"https:\/\/www.smedemokrati.sk\/wp-content\/uploads\/2023\/04\/ff.002.jpeg","contentUrl":"https:\/\/www.smedemokrati.sk\/wp-content\/uploads\/2023\/04\/ff.002.jpeg","width":640,"height":480,"caption":"Smedemokrati.sk"},"image":{"@id":"https:\/\/www.smedemokrati.sk\/#\/schema\/logo\/image\/"},"sameAs":["https:\/\/www.facebook.com\/smedemokrati2023"]},{"@type":"Person","@id":"https:\/\/www.smedemokrati.sk\/#\/schema\/person\/21f147c88d605aa7ded900e1e7c344ba","name":"miro.sopko","image":{"@type":"ImageObject","inLanguage":"hu-HU","@id":"https:\/\/secure.gravatar.com\/avatar\/267e4a36f704376c109afe3a78740c1f5dd8675a2180a908699e7863c9247606?s=96&d=mm&r=g","url":"https:\/\/secure.gravatar.com\/avatar\/267e4a36f704376c109afe3a78740c1f5dd8675a2180a908699e7863c9247606?s=96&d=mm&r=g","contentUrl":"https:\/\/secure.gravatar.com\/avatar\/267e4a36f704376c109afe3a78740c1f5dd8675a2180a908699e7863c9247606?s=96&d=mm&r=g","caption":"miro.sopko"},"url":"https:\/\/www.smedemokrati.sk\/hu\/author\/miro-sopko\/"}]}},"_links":{"self":[{"href":"https:\/\/www.smedemokrati.sk\/hu\/wp-json\/wp\/v2\/posts\/8347","targetHints":{"allow":["GET"]}}],"collection":[{"href":"https:\/\/www.smedemokrati.sk\/hu\/wp-json\/wp\/v2\/posts"}],"about":[{"href":"https:\/\/www.smedemokrati.sk\/hu\/wp-json\/wp\/v2\/types\/post"}],"author":[{"embeddable":true,"href":"https:\/\/www.smedemokrati.sk\/hu\/wp-json\/wp\/v2\/users\/13"}],"replies":[{"embeddable":true,"href":"https:\/\/www.smedemokrati.sk\/hu\/wp-json\/wp\/v2\/comments?post=8347"}],"version-history":[{"count":1,"href":"https:\/\/www.smedemokrati.sk\/hu\/wp-json\/wp\/v2\/posts\/8347\/revisions"}],"predecessor-version":[{"id":8349,"href":"https:\/\/www.smedemokrati.sk\/hu\/wp-json\/wp\/v2\/posts\/8347\/revisions\/8349"}],"wp:featuredmedia":[{"embeddable":true,"href":"https:\/\/www.smedemokrati.sk\/hu\/wp-json\/wp\/v2\/media\/8348"}],"wp:attachment":[{"href":"https:\/\/www.smedemokrati.sk\/hu\/wp-json\/wp\/v2\/media?parent=8347"}],"wp:term":[{"taxonomy":"category","embeddable":true,"href":"https:\/\/www.smedemokrati.sk\/hu\/wp-json\/wp\/v2\/categories?post=8347"},{"taxonomy":"post_tag","embeddable":true,"href":"https:\/\/www.smedemokrati.sk\/hu\/wp-json\/wp\/v2\/tags?post=8347"}],"curies":[{"name":"wp","href":"https:\/\/api.w.org\/{rel}","templated":true}]}}