{"id":8319,"date":"2025-10-14T10:17:57","date_gmt":"2025-10-14T09:17:57","guid":{"rendered":"https:\/\/www.smedemokrati.sk\/?p=8319"},"modified":"2025-10-14T10:17:57","modified_gmt":"2025-10-14T09:17:57","slug":"michal-kica-odmietol-uplatok-500-000-eur-po-styroch-rokoch-je-podozrivy-obvineny","status":"publish","type":"post","link":"https:\/\/www.smedemokrati.sk\/hu\/michal-kica-odmietol-uplatok-500-000-eur-po-styroch-rokoch-je-podozrivy-obvineny\/","title":{"rendered":"Michal Ki\u010da odmietol \u00faplatok 500 000 eur. Po \u0161tyroch rokoch je podozriv\u00fd obvinen\u00fd"},"content":{"rendered":"<div id=\"fb-root\"><\/div>\n\n<p><strong>\u010clenovi predsedn\u00edctva Demokratov Michalovi Ki\u010dovi pon\u00fakli \u00faplatok 500 000 eur, ke\u010f p\u00f4sobil ako \u0161t\u00e1tny tajomn\u00edk na ministerstve \u017eivotn\u00e9ho prostredia. D\u00f4vodom snahy o jeho podplatenie bol tender za desiatky mili\u00f3nov eur. Ki\u010da udalos\u0165 okam\u017eite nahl\u00e1sil a spolupracoval s pol\u00edciou. Po rokoch bol mu\u017e v s\u00favislosti s t\u00fdmto skutkom obvinen\u00fd.<\/strong><\/p>\n\n\n\n<p><em>\u201eOdmietam a v\u017edy som odmietal ak\u00fako\u013evek formu korupcie. Nem\u00f4\u017eem \u00eds\u0165 do detailov, no chcem apelova\u0165 na \u013eud\u00ed, aby si zvolili aj ke\u010f n\u00e1ro\u010dnej\u0161iu a nepohodlnej\u0161iu, no jednozna\u010dne \u010destnej\u0161iu cestu. Povzbudzujem cel\u00fa verejnos\u0165,&nbsp;mus\u00edme sa podie\u013ea\u0165 na odha\u013eovan\u00ed korupcie a trestnej \u010dinnosti. Nedajme sa zastra\u0161i\u0165. In\u00e1 cesta k zdravej spolo\u010dnosti neexistuje,\u201c<\/em>&nbsp;povedal Michal Ki\u010da.<\/p>\n\n\n\n<p><em>\u201eTrvalo \u0161tyri roky, k\u00fdm bola obvinen\u00e1 konkr\u00e9tna osoba. Chcem po\u010fakova\u0165 vy\u0161etrovate\u013eom, preto\u017ee sa domnievam, \u017ee po rozpusten\u00ed NAKA bolo mimoriadne n\u00e1ro\u010dn\u00e9: pri h\u0155be spisov, obmedzenom po\u010dte pr\u00edslu\u0161n\u00edkov policajn\u00e9ho zboru a tie\u017e po \u00fa\u010delov\u00fdch zmen\u00e1ch Trestn\u00e9ho z\u00e1kona &#8211; obnovi\u0165 alebo pokra\u010dova\u0165 vo vy\u0161etrovan\u00ed,\u201c<\/em>&nbsp;uviedol predseda Demokratov Jaroslav Na\u010f.<\/p>\n\n\n\n<p><em>\u201ePostoj a postup Michala Ki\u010du v tejto veci je skuto\u010dn\u00fd boj s korupciou. Nie pr\u00e1zdne marketingov\u00e9 hesl\u00e1, ale re\u00e1lne kroky, z ktor\u00fdch je jasn\u00e9, \u017ee Demokrati korupcii nikdy neohn\u00fa chrb\u00e1t,\u201c<\/em>&nbsp;uzavrel Na\u010f.<\/p>\n\n\n\n<figure class=\"wp-block-embed is-type-video is-provider-youtube wp-block-embed-youtube wp-embed-aspect-4-3 wp-has-aspect-ratio\"><div class=\"wp-block-embed__wrapper\">\n<iframe title=\"Live: Situ\u00e1cia okolo PVE M\u00e1linec sa vyostruje \/ \u00datok vl\u00e1dy na rozpo\u010det samospr\u00e1v\" width=\"500\" height=\"375\" src=\"https:\/\/www.youtube.com\/embed\/vF2r3UvTdjY?feature=oembed\" frameborder=\"0\" allow=\"accelerometer; autoplay; clipboard-write; encrypted-media; gyroscope; picture-in-picture; web-share\" referrerpolicy=\"strict-origin-when-cross-origin\" allowfullscreen><\/iframe>\n<\/div><\/figure>\n","protected":false},"excerpt":{"rendered":"<p>\u010clenovi predsedn\u00edctva Demokratov Michalovi Ki\u010dovi pon\u00fakli \u00faplatok 500 000 eur, ke\u010f p\u00f4sobil ako \u0161t\u00e1tny tajomn\u00edk na ministerstve \u017eivotn\u00e9ho prostredia. D\u00f4vodom snahy o jeho podplatenie bol tender za desiatky mili\u00f3nov eur. Ki\u010da udalos\u0165 okam\u017eite nahl\u00e1sil a spolupracoval s pol\u00edciou. Po rokoch bol mu\u017e v s\u00favislosti s t\u00fdmto skutkom obvinen\u00fd. \u201eOdmietam a v\u017edy som odmietal ak\u00fako\u013evek formu [&hellip;]<\/p>\n","protected":false},"author":13,"featured_media":8320,"comment_status":"closed","ping_status":"closed","sticky":false,"template":"","format":"standard","meta":{"_acf_changed":false,"ngg_post_thumbnail":0,"footnotes":""},"categories":[4],"tags":[],"class_list":["post-8319","post","type-post","status-publish","format-standard","has-post-thumbnail","hentry","category-tlacove-spravy"],"acf":[],"yoast_head":"<!-- This site is optimized with the Yoast SEO plugin v27.2 - https:\/\/yoast.com\/product\/yoast-seo-wordpress\/ -->\n<title>Michal Ki\u010da odmietol \u00faplatok 500 000 eur. Po \u0161tyroch rokoch je podozriv\u00fd obvinen\u00fd<\/title>\n<meta name=\"robots\" content=\"index, follow, max-snippet:-1, max-image-preview:large, max-video-preview:-1\" \/>\n<link rel=\"canonical\" href=\"https:\/\/www.smedemokrati.sk\/hu\/michal-kica-odmietol-uplatok-500-000-eur-po-styroch-rokoch-je-podozrivy-obvineny\/\" \/>\n<meta property=\"og:locale\" content=\"hu_HU\" \/>\n<meta property=\"og:locale:alternate\" content=\"en_US\" \/>\n<meta property=\"og:locale:alternate\" content=\"cs_CZ\" \/>\n<meta property=\"og:locale:alternate\" content=\"sk_SK\" \/>\n<meta property=\"og:locale:alternate\" content=\"sv_SE\" \/>\n<meta property=\"og:type\" content=\"article\" \/>\n<meta property=\"og:title\" content=\"Michal Ki\u010da odmietol \u00faplatok 500 000 eur. Po \u0161tyroch rokoch je podozriv\u00fd obvinen\u00fd\" \/>\n<meta property=\"og:description\" content=\"\u010clenovi predsedn\u00edctva Demokratov Michalovi Ki\u010dovi pon\u00fakli \u00faplatok 500 000 eur, ke\u010f p\u00f4sobil ako \u0161t\u00e1tny tajomn\u00edk na ministerstve \u017eivotn\u00e9ho prostredia. D\u00f4vodom snahy o jeho podplatenie bol tender za desiatky mili\u00f3nov eur. Ki\u010da udalos\u0165 okam\u017eite nahl\u00e1sil a spolupracoval s pol\u00edciou. Po rokoch bol mu\u017e v s\u00favislosti s t\u00fdmto skutkom obvinen\u00fd. \u201eOdmietam a v\u017edy som odmietal ak\u00fako\u013evek formu [&hellip;]\" \/>\n<meta property=\"og:url\" content=\"https:\/\/www.smedemokrati.sk\/hu\/michal-kica-odmietol-uplatok-500-000-eur-po-styroch-rokoch-je-podozrivy-obvineny\/\" \/>\n<meta property=\"og:site_name\" content=\"Smedemokrati.sk\" \/>\n<meta property=\"article:publisher\" content=\"https:\/\/www.facebook.com\/smedemokrati2023\" \/>\n<meta property=\"article:published_time\" content=\"2025-10-14T09:17:57+00:00\" \/>\n<meta property=\"og:image\" content=\"https:\/\/www.smedemokrati.sk\/wp-content\/uploads\/2025\/10\/malinec.jpg\" \/>\n\t<meta property=\"og:image:width\" content=\"1280\" \/>\n\t<meta property=\"og:image:height\" content=\"720\" \/>\n\t<meta property=\"og:image:type\" content=\"image\/jpeg\" \/>\n<meta name=\"author\" content=\"miro.sopko\" \/>\n<meta name=\"twitter:card\" content=\"summary_large_image\" \/>\n<meta name=\"twitter:label1\" content=\"Szerz\u0151:\" \/>\n\t<meta name=\"twitter:data1\" content=\"miro.sopko\" \/>\n\t<meta name=\"twitter:label2\" content=\"Becs\u00fclt olvas\u00e1si id\u0151\" \/>\n\t<meta name=\"twitter:data2\" content=\"2 perc\" \/>\n<script type=\"application\/ld+json\" class=\"yoast-schema-graph\">{\"@context\":\"https:\/\/schema.org\",\"@graph\":[{\"@type\":\"Article\",\"@id\":\"https:\/\/www.smedemokrati.sk\/michal-kica-odmietol-uplatok-500-000-eur-po-styroch-rokoch-je-podozrivy-obvineny\/#article\",\"isPartOf\":{\"@id\":\"https:\/\/www.smedemokrati.sk\/michal-kica-odmietol-uplatok-500-000-eur-po-styroch-rokoch-je-podozrivy-obvineny\/\"},\"author\":{\"name\":\"miro.sopko\",\"@id\":\"https:\/\/www.smedemokrati.sk\/#\/schema\/person\/21f147c88d605aa7ded900e1e7c344ba\"},\"headline\":\"Michal Ki\u010da odmietol \u00faplatok 500 000 eur. Po \u0161tyroch rokoch je podozriv\u00fd obvinen\u00fd\",\"datePublished\":\"2025-10-14T09:17:57+00:00\",\"mainEntityOfPage\":{\"@id\":\"https:\/\/www.smedemokrati.sk\/michal-kica-odmietol-uplatok-500-000-eur-po-styroch-rokoch-je-podozrivy-obvineny\/\"},\"wordCount\":262,\"publisher\":{\"@id\":\"https:\/\/www.smedemokrati.sk\/#organization\"},\"image\":{\"@id\":\"https:\/\/www.smedemokrati.sk\/michal-kica-odmietol-uplatok-500-000-eur-po-styroch-rokoch-je-podozrivy-obvineny\/#primaryimage\"},\"thumbnailUrl\":\"https:\/\/www.smedemokrati.sk\/wp-content\/uploads\/2025\/10\/malinec.jpg\",\"articleSection\":[\"Tla\u010dov\u00e9 spr\u00e1vy\"],\"inLanguage\":\"hu-HU\"},{\"@type\":\"WebPage\",\"@id\":\"https:\/\/www.smedemokrati.sk\/michal-kica-odmietol-uplatok-500-000-eur-po-styroch-rokoch-je-podozrivy-obvineny\/\",\"url\":\"https:\/\/www.smedemokrati.sk\/michal-kica-odmietol-uplatok-500-000-eur-po-styroch-rokoch-je-podozrivy-obvineny\/\",\"name\":\"Michal Ki\u010da odmietol \u00faplatok 500 000 eur. Po \u0161tyroch rokoch je podozriv\u00fd obvinen\u00fd\",\"isPartOf\":{\"@id\":\"https:\/\/www.smedemokrati.sk\/#website\"},\"primaryImageOfPage\":{\"@id\":\"https:\/\/www.smedemokrati.sk\/michal-kica-odmietol-uplatok-500-000-eur-po-styroch-rokoch-je-podozrivy-obvineny\/#primaryimage\"},\"image\":{\"@id\":\"https:\/\/www.smedemokrati.sk\/michal-kica-odmietol-uplatok-500-000-eur-po-styroch-rokoch-je-podozrivy-obvineny\/#primaryimage\"},\"thumbnailUrl\":\"https:\/\/www.smedemokrati.sk\/wp-content\/uploads\/2025\/10\/malinec.jpg\",\"datePublished\":\"2025-10-14T09:17:57+00:00\",\"breadcrumb\":{\"@id\":\"https:\/\/www.smedemokrati.sk\/michal-kica-odmietol-uplatok-500-000-eur-po-styroch-rokoch-je-podozrivy-obvineny\/#breadcrumb\"},\"inLanguage\":\"hu-HU\",\"potentialAction\":[{\"@type\":\"ReadAction\",\"target\":[\"https:\/\/www.smedemokrati.sk\/michal-kica-odmietol-uplatok-500-000-eur-po-styroch-rokoch-je-podozrivy-obvineny\/\"]}]},{\"@type\":\"ImageObject\",\"inLanguage\":\"hu-HU\",\"@id\":\"https:\/\/www.smedemokrati.sk\/michal-kica-odmietol-uplatok-500-000-eur-po-styroch-rokoch-je-podozrivy-obvineny\/#primaryimage\",\"url\":\"https:\/\/www.smedemokrati.sk\/wp-content\/uploads\/2025\/10\/malinec.jpg\",\"contentUrl\":\"https:\/\/www.smedemokrati.sk\/wp-content\/uploads\/2025\/10\/malinec.jpg\",\"width\":1280,\"height\":720},{\"@type\":\"BreadcrumbList\",\"@id\":\"https:\/\/www.smedemokrati.sk\/michal-kica-odmietol-uplatok-500-000-eur-po-styroch-rokoch-je-podozrivy-obvineny\/#breadcrumb\",\"itemListElement\":[{\"@type\":\"ListItem\",\"position\":1,\"name\":\"Domovsk\u00e1 str\u00e1nka\",\"item\":\"https:\/\/www.smedemokrati.sk\/\"},{\"@type\":\"ListItem\",\"position\":2,\"name\":\"Michal Ki\u010da odmietol \u00faplatok 500 000 eur. Po \u0161tyroch rokoch je podozriv\u00fd obvinen\u00fd\"}]},{\"@type\":\"WebSite\",\"@id\":\"https:\/\/www.smedemokrati.sk\/#website\",\"url\":\"https:\/\/www.smedemokrati.sk\/\",\"name\":\"Smedemokrati.sk\",\"description\":\"Demokracia a slu\u0161nos\u0165 zv\u00ed\u0165az\u00ed\",\"publisher\":{\"@id\":\"https:\/\/www.smedemokrati.sk\/#organization\"},\"potentialAction\":[{\"@type\":\"SearchAction\",\"target\":{\"@type\":\"EntryPoint\",\"urlTemplate\":\"https:\/\/www.smedemokrati.sk\/?s={search_term_string}\"},\"query-input\":{\"@type\":\"PropertyValueSpecification\",\"valueRequired\":true,\"valueName\":\"search_term_string\"}}],\"inLanguage\":\"hu-HU\"},{\"@type\":\"Organization\",\"@id\":\"https:\/\/www.smedemokrati.sk\/#organization\",\"name\":\"Smedemokrati.sk\",\"url\":\"https:\/\/www.smedemokrati.sk\/\",\"logo\":{\"@type\":\"ImageObject\",\"inLanguage\":\"hu-HU\",\"@id\":\"https:\/\/www.smedemokrati.sk\/#\/schema\/logo\/image\/\",\"url\":\"https:\/\/www.smedemokrati.sk\/wp-content\/uploads\/2023\/04\/ff.002.jpeg\",\"contentUrl\":\"https:\/\/www.smedemokrati.sk\/wp-content\/uploads\/2023\/04\/ff.002.jpeg\",\"width\":640,\"height\":480,\"caption\":\"Smedemokrati.sk\"},\"image\":{\"@id\":\"https:\/\/www.smedemokrati.sk\/#\/schema\/logo\/image\/\"},\"sameAs\":[\"https:\/\/www.facebook.com\/smedemokrati2023\"]},{\"@type\":\"Person\",\"@id\":\"https:\/\/www.smedemokrati.sk\/#\/schema\/person\/21f147c88d605aa7ded900e1e7c344ba\",\"name\":\"miro.sopko\",\"image\":{\"@type\":\"ImageObject\",\"inLanguage\":\"hu-HU\",\"@id\":\"https:\/\/secure.gravatar.com\/avatar\/267e4a36f704376c109afe3a78740c1f5dd8675a2180a908699e7863c9247606?s=96&d=mm&r=g\",\"url\":\"https:\/\/secure.gravatar.com\/avatar\/267e4a36f704376c109afe3a78740c1f5dd8675a2180a908699e7863c9247606?s=96&d=mm&r=g\",\"contentUrl\":\"https:\/\/secure.gravatar.com\/avatar\/267e4a36f704376c109afe3a78740c1f5dd8675a2180a908699e7863c9247606?s=96&d=mm&r=g\",\"caption\":\"miro.sopko\"},\"url\":\"https:\/\/www.smedemokrati.sk\/hu\/author\/miro-sopko\/\"}]}<\/script>\n<!-- \/ Yoast SEO plugin. -->","yoast_head_json":{"title":"Michal Ki\u010da odmietol \u00faplatok 500 000 eur. Po \u0161tyroch rokoch je podozriv\u00fd obvinen\u00fd","robots":{"index":"index","follow":"follow","max-snippet":"max-snippet:-1","max-image-preview":"max-image-preview:large","max-video-preview":"max-video-preview:-1"},"canonical":"https:\/\/www.smedemokrati.sk\/hu\/michal-kica-odmietol-uplatok-500-000-eur-po-styroch-rokoch-je-podozrivy-obvineny\/","og_locale":"hu_HU","og_type":"article","og_title":"[:sk]Michal Ki\u010da odmietol \u00faplatok 500 000 eur. Po \u0161tyroch rokoch je podozriv\u00fd obvinen\u00fd[:] - Smedemokrati.sk","og_description":"\u010clenovi predsedn\u00edctva Demokratov Michalovi Ki\u010dovi pon\u00fakli \u00faplatok 500 000 eur, ke\u010f p\u00f4sobil ako \u0161t\u00e1tny tajomn\u00edk na ministerstve \u017eivotn\u00e9ho prostredia. D\u00f4vodom snahy o jeho podplatenie bol tender za desiatky mili\u00f3nov eur. Ki\u010da udalos\u0165 okam\u017eite nahl\u00e1sil a spolupracoval s pol\u00edciou. Po rokoch bol mu\u017e v s\u00favislosti s t\u00fdmto skutkom obvinen\u00fd. \u201eOdmietam a v\u017edy som odmietal ak\u00fako\u013evek formu [&hellip;]","og_url":"https:\/\/www.smedemokrati.sk\/hu\/michal-kica-odmietol-uplatok-500-000-eur-po-styroch-rokoch-je-podozrivy-obvineny\/","og_site_name":"Smedemokrati.sk","article_publisher":"https:\/\/www.facebook.com\/smedemokrati2023","article_published_time":"2025-10-14T09:17:57+00:00","og_image":[{"width":1280,"height":720,"url":"https:\/\/www.smedemokrati.sk\/wp-content\/uploads\/2025\/10\/malinec.jpg","type":"image\/jpeg"}],"author":"miro.sopko","twitter_card":"summary_large_image","twitter_misc":{"Szerz\u0151:":"miro.sopko","Becs\u00fclt olvas\u00e1si id\u0151":"2 perc"},"schema":{"@context":"https:\/\/schema.org","@graph":[{"@type":"Article","@id":"https:\/\/www.smedemokrati.sk\/michal-kica-odmietol-uplatok-500-000-eur-po-styroch-rokoch-je-podozrivy-obvineny\/#article","isPartOf":{"@id":"https:\/\/www.smedemokrati.sk\/michal-kica-odmietol-uplatok-500-000-eur-po-styroch-rokoch-je-podozrivy-obvineny\/"},"author":{"name":"miro.sopko","@id":"https:\/\/www.smedemokrati.sk\/#\/schema\/person\/21f147c88d605aa7ded900e1e7c344ba"},"headline":"Michal Ki\u010da odmietol \u00faplatok 500 000 eur. Po \u0161tyroch rokoch je podozriv\u00fd obvinen\u00fd","datePublished":"2025-10-14T09:17:57+00:00","mainEntityOfPage":{"@id":"https:\/\/www.smedemokrati.sk\/michal-kica-odmietol-uplatok-500-000-eur-po-styroch-rokoch-je-podozrivy-obvineny\/"},"wordCount":262,"publisher":{"@id":"https:\/\/www.smedemokrati.sk\/#organization"},"image":{"@id":"https:\/\/www.smedemokrati.sk\/michal-kica-odmietol-uplatok-500-000-eur-po-styroch-rokoch-je-podozrivy-obvineny\/#primaryimage"},"thumbnailUrl":"https:\/\/www.smedemokrati.sk\/wp-content\/uploads\/2025\/10\/malinec.jpg","articleSection":["Tla\u010dov\u00e9 spr\u00e1vy"],"inLanguage":"hu-HU"},{"@type":"WebPage","@id":"https:\/\/www.smedemokrati.sk\/michal-kica-odmietol-uplatok-500-000-eur-po-styroch-rokoch-je-podozrivy-obvineny\/","url":"https:\/\/www.smedemokrati.sk\/michal-kica-odmietol-uplatok-500-000-eur-po-styroch-rokoch-je-podozrivy-obvineny\/","name":"Michal Ki\u010da odmietol \u00faplatok 500 000 eur. Po \u0161tyroch rokoch je podozriv\u00fd obvinen\u00fd","isPartOf":{"@id":"https:\/\/www.smedemokrati.sk\/#website"},"primaryImageOfPage":{"@id":"https:\/\/www.smedemokrati.sk\/michal-kica-odmietol-uplatok-500-000-eur-po-styroch-rokoch-je-podozrivy-obvineny\/#primaryimage"},"image":{"@id":"https:\/\/www.smedemokrati.sk\/michal-kica-odmietol-uplatok-500-000-eur-po-styroch-rokoch-je-podozrivy-obvineny\/#primaryimage"},"thumbnailUrl":"https:\/\/www.smedemokrati.sk\/wp-content\/uploads\/2025\/10\/malinec.jpg","datePublished":"2025-10-14T09:17:57+00:00","breadcrumb":{"@id":"https:\/\/www.smedemokrati.sk\/michal-kica-odmietol-uplatok-500-000-eur-po-styroch-rokoch-je-podozrivy-obvineny\/#breadcrumb"},"inLanguage":"hu-HU","potentialAction":[{"@type":"ReadAction","target":["https:\/\/www.smedemokrati.sk\/michal-kica-odmietol-uplatok-500-000-eur-po-styroch-rokoch-je-podozrivy-obvineny\/"]}]},{"@type":"ImageObject","inLanguage":"hu-HU","@id":"https:\/\/www.smedemokrati.sk\/michal-kica-odmietol-uplatok-500-000-eur-po-styroch-rokoch-je-podozrivy-obvineny\/#primaryimage","url":"https:\/\/www.smedemokrati.sk\/wp-content\/uploads\/2025\/10\/malinec.jpg","contentUrl":"https:\/\/www.smedemokrati.sk\/wp-content\/uploads\/2025\/10\/malinec.jpg","width":1280,"height":720},{"@type":"BreadcrumbList","@id":"https:\/\/www.smedemokrati.sk\/michal-kica-odmietol-uplatok-500-000-eur-po-styroch-rokoch-je-podozrivy-obvineny\/#breadcrumb","itemListElement":[{"@type":"ListItem","position":1,"name":"Domovsk\u00e1 str\u00e1nka","item":"https:\/\/www.smedemokrati.sk\/"},{"@type":"ListItem","position":2,"name":"Michal Ki\u010da odmietol \u00faplatok 500 000 eur. Po \u0161tyroch rokoch je podozriv\u00fd obvinen\u00fd"}]},{"@type":"WebSite","@id":"https:\/\/www.smedemokrati.sk\/#website","url":"https:\/\/www.smedemokrati.sk\/","name":"Smedemokrati.sk","description":"Demokracia a slu\u0161nos\u0165 zv\u00ed\u0165az\u00ed","publisher":{"@id":"https:\/\/www.smedemokrati.sk\/#organization"},"potentialAction":[{"@type":"SearchAction","target":{"@type":"EntryPoint","urlTemplate":"https:\/\/www.smedemokrati.sk\/?s={search_term_string}"},"query-input":{"@type":"PropertyValueSpecification","valueRequired":true,"valueName":"search_term_string"}}],"inLanguage":"hu-HU"},{"@type":"Organization","@id":"https:\/\/www.smedemokrati.sk\/#organization","name":"Smedemokrati.sk","url":"https:\/\/www.smedemokrati.sk\/","logo":{"@type":"ImageObject","inLanguage":"hu-HU","@id":"https:\/\/www.smedemokrati.sk\/#\/schema\/logo\/image\/","url":"https:\/\/www.smedemokrati.sk\/wp-content\/uploads\/2023\/04\/ff.002.jpeg","contentUrl":"https:\/\/www.smedemokrati.sk\/wp-content\/uploads\/2023\/04\/ff.002.jpeg","width":640,"height":480,"caption":"Smedemokrati.sk"},"image":{"@id":"https:\/\/www.smedemokrati.sk\/#\/schema\/logo\/image\/"},"sameAs":["https:\/\/www.facebook.com\/smedemokrati2023"]},{"@type":"Person","@id":"https:\/\/www.smedemokrati.sk\/#\/schema\/person\/21f147c88d605aa7ded900e1e7c344ba","name":"miro.sopko","image":{"@type":"ImageObject","inLanguage":"hu-HU","@id":"https:\/\/secure.gravatar.com\/avatar\/267e4a36f704376c109afe3a78740c1f5dd8675a2180a908699e7863c9247606?s=96&d=mm&r=g","url":"https:\/\/secure.gravatar.com\/avatar\/267e4a36f704376c109afe3a78740c1f5dd8675a2180a908699e7863c9247606?s=96&d=mm&r=g","contentUrl":"https:\/\/secure.gravatar.com\/avatar\/267e4a36f704376c109afe3a78740c1f5dd8675a2180a908699e7863c9247606?s=96&d=mm&r=g","caption":"miro.sopko"},"url":"https:\/\/www.smedemokrati.sk\/hu\/author\/miro-sopko\/"}]}},"_links":{"self":[{"href":"https:\/\/www.smedemokrati.sk\/hu\/wp-json\/wp\/v2\/posts\/8319","targetHints":{"allow":["GET"]}}],"collection":[{"href":"https:\/\/www.smedemokrati.sk\/hu\/wp-json\/wp\/v2\/posts"}],"about":[{"href":"https:\/\/www.smedemokrati.sk\/hu\/wp-json\/wp\/v2\/types\/post"}],"author":[{"embeddable":true,"href":"https:\/\/www.smedemokrati.sk\/hu\/wp-json\/wp\/v2\/users\/13"}],"replies":[{"embeddable":true,"href":"https:\/\/www.smedemokrati.sk\/hu\/wp-json\/wp\/v2\/comments?post=8319"}],"version-history":[{"count":1,"href":"https:\/\/www.smedemokrati.sk\/hu\/wp-json\/wp\/v2\/posts\/8319\/revisions"}],"predecessor-version":[{"id":8321,"href":"https:\/\/www.smedemokrati.sk\/hu\/wp-json\/wp\/v2\/posts\/8319\/revisions\/8321"}],"wp:featuredmedia":[{"embeddable":true,"href":"https:\/\/www.smedemokrati.sk\/hu\/wp-json\/wp\/v2\/media\/8320"}],"wp:attachment":[{"href":"https:\/\/www.smedemokrati.sk\/hu\/wp-json\/wp\/v2\/media?parent=8319"}],"wp:term":[{"taxonomy":"category","embeddable":true,"href":"https:\/\/www.smedemokrati.sk\/hu\/wp-json\/wp\/v2\/categories?post=8319"},{"taxonomy":"post_tag","embeddable":true,"href":"https:\/\/www.smedemokrati.sk\/hu\/wp-json\/wp\/v2\/tags?post=8319"}],"curies":[{"name":"wp","href":"https:\/\/api.w.org\/{rel}","templated":true}]}}