{"id":8286,"date":"2025-10-06T10:45:13","date_gmt":"2025-10-06T09:45:13","guid":{"rendered":"https:\/\/www.smedemokrati.sk\/?p=8286"},"modified":"2025-10-06T10:45:15","modified_gmt":"2025-10-06T09:45:15","slug":"kalinak-zamestnal-na-rezorte-obrany-oskara-rozsu-rozbehnute-projekty-nepochopitelne-zastavuje-a-udajne-chce-vykupovat-pozemky-pod-baterkarnou","status":"publish","type":"post","link":"https:\/\/www.smedemokrati.sk\/hu\/kalinak-zamestnal-na-rezorte-obrany-oskara-rozsu-rozbehnute-projekty-nepochopitelne-zastavuje-a-udajne-chce-vykupovat-pozemky-pod-baterkarnou\/","title":{"rendered":"Kali\u0148\u00e1k zamestnal na rezorte obrany Oskara R\u00f3zsu. Rozbehnut\u00e9 projekty nepochopite\u013ene zastavuje a \u00fadajne chce vykupova\u0165 pozemky pod baterk\u00e1r\u0148ou"},"content":{"rendered":"<div id=\"fb-root\"><\/div>\n\n<p><strong>Pod\u013ea inform\u00e1ci\u00ed exministra obrany Jaroslava Na\u010fa sa na Ministerstve obrany objavil nov\u00fd zamestnanec, hudobn\u00edk a kon\u0161pir\u00e1tor Oskar R\u00f3zsa. Exminister ostro kritizuje rozhodnutie ministra Kali\u0148\u00e1ka, ktor\u00e9 pod\u013ea neho sprev\u00e1dza zosadenie viacer\u00fdch re\u0161pektovan\u00fdch odborn\u00edkov. K\u00fdm rezort svoje kroky obhajuje potrebou \u201ekonsolid\u00e1cie\u201c, pre R\u00f3zsu sa financie zrazu na\u0161li, a to aj bez jeho zjavnej kvalifik\u00e1cie.<\/strong><\/p>\n\n\n\n<p><em>\u201eDnes je to R\u00f3zsa, ktor\u00fd okolo obrany ani nepre\u0161iel, zajtra to bude Bombic a potom mlad\u00fd Sul\u00edk?\u201c<\/em>&nbsp;kon\u0161tatuje Jaroslav Na\u010f.&nbsp;<em>\u201eU\u017e \u0161portovec na pren\u00e1jom Atilla V\u00e9gh, ktor\u00e9mu sa koal\u00edcia potrebovala finan\u010dne po\u010fakova\u0165, sp\u00f4sobil, \u017ee jeho n\u00e1stupom finan\u010dne oslabili t\u00edm olympijsk\u00e9ho medailistu Jakuba Grigara, lebo vraj nie s\u00fa peniaze. R\u00f3zsa na obrane je drzos\u0165 najhrub\u0161ieho zrna a okrem in\u00e9ho je aj zjavn\u00fdm bezpe\u010dnostn\u00fdm rizikom. S touto person\u00e1lnou nomin\u00e1ciou \u017eiaden pr\u00ed\u010detn\u00fd ob\u010dan nem\u00f4\u017ee s\u00fahlasi\u0165.\u201c<\/em><\/p>\n\n\n\n<p>Exminister Na\u010f z\u00e1rove\u0148 vy\u010d\u00edta ministrovi Kali\u0148\u00e1kovi zastavenie k\u013e\u00fa\u010dov\u00fdch infra\u0161trukt\u00farnych projektov:&nbsp;<em>\u201eKali\u0148\u00e1k nepochopite\u013ene zastavil projekt rekon\u0161trukcie Vojenskej zotavovne na \u0160\u00edrave a tie\u017e v\u00fdstavbu nov\u00e9ho a mimoriadne potrebn\u00e9ho vojensk\u00e9ho arch\u00edvu v Trnave. Namiesto toho stavia o stovky mili\u00f3nov predra\u017een\u00e9 nemocnice, predra\u017eene modernizuje budovu Kukurice, kde chce zjavne proti bezpe\u010dnostn\u00fdm anal\u00fdzam premiestni\u0165 do najvy\u0161\u0161ej budovy v okol\u00ed cel\u00e9 ministerstvo a pod\u013ea inform\u00e1ci\u00ed by rezort mal dokonca vykupova\u0165 pozemky pod baterk\u00e1r\u0148ou v \u0160uranoch. Na to peniaze s\u00fa? Nehovoriac o tom, \u017ee sn\u00edva o \u010fal\u0161\u00edch F-16 nie v\u0161ak nov\u00fdch, ale jazden\u00fdch z Izraela.\u201c<\/em><\/p>\n\n\n\n<p>Na\u010f kritizuje aj preferovanie zahrani\u010dn\u00fdch a s\u00fakromn\u00fdch dod\u00e1vate\u013eov pred dom\u00e1cim priemyslom:&nbsp;<em>\u201eNamiesto podpory dom\u00e1ceho obrann\u00e9ho priemyslu Kali\u0148\u00e1k pretl\u00e1\u010da zahrani\u010dn\u00e9ho s\u00fakromn\u00e9ho zbroj\u00e1ra, \u010do m\u00f4\u017ee vies\u0165 ku krachu \u0161t\u00e1tnej akciovej spolo\u010dnosti Kon\u0161trukta Defence, kde sa u\u017e mas\u00edvne prep\u00fa\u0161\u0165a. Ko\u013eko slovensk\u00fdch h\u00fafnic Zuzana sa Kali\u0148\u00e1kovi podarilo preda\u0165 do zahrani\u010dia? Odpove\u010f je nula, za na\u0161ej vl\u00e1dy to bolo 25. Namiesto toho Kali\u0148\u00e1k uprednost\u0148uje \u010desk\u00e9 Dity. Ak by Kali\u0148\u00e1k chcel, aby Kon\u0161trukta skrachovala a potom ju n\u00e1hodou odk\u00fapil alebo si ju dlhodobo prenajal nejak\u00fd zahrani\u010dn\u00fd zbroj\u00e1r, nekonal by inak.\u201c<\/em><\/p>\n\n\n\n<p>Demokrati vyz\u00fdvaj\u00fa ministra Kali\u0148\u00e1ka k okam\u017eit\u00e9mu vysvetleniu person\u00e1lnych rozhodnut\u00ed na rezorte obrany, k obnoveniu podpory pre dom\u00e1ci obrann\u00fd priemysel a k n\u00e1vratu k rozbehnut\u00fdm infra\u0161trukt\u00farnym projektom, ktor\u00e9 zvy\u0161uj\u00fa pripravenos\u0165 a obranu Slovenska.<\/p>\n\n\n\n<figure class=\"wp-block-embed is-type-video is-provider-youtube wp-block-embed-youtube wp-embed-aspect-4-3 wp-has-aspect-ratio\"><div class=\"wp-block-embed__wrapper\">\n<iframe title=\"Novinky z rezortu obrany: \u010d\u00edm sa Kali\u0148\u00e1k chv\u00e1li a naopak, \u010d\u00edm sa pochv\u00e1li\u0165 &quot;zabudol&quot;\" width=\"500\" height=\"375\" src=\"https:\/\/www.youtube.com\/embed\/GSzlC_qfve4?feature=oembed\" frameborder=\"0\" allow=\"accelerometer; autoplay; clipboard-write; encrypted-media; gyroscope; picture-in-picture; web-share\" referrerpolicy=\"strict-origin-when-cross-origin\" allowfullscreen><\/iframe>\n<\/div><\/figure>\n","protected":false},"excerpt":{"rendered":"<p>Pod\u013ea inform\u00e1ci\u00ed exministra obrany Jaroslava Na\u010fa sa na Ministerstve obrany objavil nov\u00fd zamestnanec, hudobn\u00edk a kon\u0161pir\u00e1tor Oskar R\u00f3zsa. Exminister ostro kritizuje rozhodnutie ministra Kali\u0148\u00e1ka, ktor\u00e9 pod\u013ea neho sprev\u00e1dza zosadenie viacer\u00fdch re\u0161pektovan\u00fdch odborn\u00edkov. K\u00fdm rezort svoje kroky obhajuje potrebou \u201ekonsolid\u00e1cie\u201c, pre R\u00f3zsu sa financie zrazu na\u0161li, a to aj bez jeho zjavnej kvalifik\u00e1cie. \u201eDnes je to [&hellip;]<\/p>\n","protected":false},"author":13,"featured_media":8287,"comment_status":"closed","ping_status":"closed","sticky":false,"template":"","format":"standard","meta":{"_acf_changed":false,"ngg_post_thumbnail":0,"footnotes":""},"categories":[4],"tags":[],"class_list":["post-8286","post","type-post","status-publish","format-standard","has-post-thumbnail","hentry","category-tlacove-spravy"],"acf":[],"yoast_head":"<!-- This site is optimized with the Yoast SEO plugin v27.2 - https:\/\/yoast.com\/product\/yoast-seo-wordpress\/ -->\n<title>Kali\u0148\u00e1k zamestnal na rezorte obrany Oskara R\u00f3zsu. Rozbehnut\u00e9 projekty nepochopite\u013ene zastavuje a \u00fadajne chce vykupova\u0165 pozemky pod baterk\u00e1r\u0148ou<\/title>\n<meta name=\"robots\" content=\"index, follow, max-snippet:-1, max-image-preview:large, max-video-preview:-1\" \/>\n<link rel=\"canonical\" href=\"https:\/\/www.smedemokrati.sk\/hu\/kalinak-zamestnal-na-rezorte-obrany-oskara-rozsu-rozbehnute-projekty-nepochopitelne-zastavuje-a-udajne-chce-vykupovat-pozemky-pod-baterkarnou\/\" \/>\n<meta property=\"og:locale\" content=\"hu_HU\" \/>\n<meta property=\"og:locale:alternate\" content=\"en_US\" \/>\n<meta property=\"og:locale:alternate\" content=\"cs_CZ\" \/>\n<meta property=\"og:locale:alternate\" content=\"sk_SK\" \/>\n<meta property=\"og:locale:alternate\" content=\"sv_SE\" \/>\n<meta property=\"og:type\" content=\"article\" \/>\n<meta property=\"og:title\" content=\"Kali\u0148\u00e1k zamestnal na rezorte obrany Oskara R\u00f3zsu. Rozbehnut\u00e9 projekty nepochopite\u013ene zastavuje a \u00fadajne chce vykupova\u0165 pozemky pod baterk\u00e1r\u0148ou\" \/>\n<meta property=\"og:description\" content=\"Pod\u013ea inform\u00e1ci\u00ed exministra obrany Jaroslava Na\u010fa sa na Ministerstve obrany objavil nov\u00fd zamestnanec, hudobn\u00edk a kon\u0161pir\u00e1tor Oskar R\u00f3zsa. Exminister ostro kritizuje rozhodnutie ministra Kali\u0148\u00e1ka, ktor\u00e9 pod\u013ea neho sprev\u00e1dza zosadenie viacer\u00fdch re\u0161pektovan\u00fdch odborn\u00edkov. K\u00fdm rezort svoje kroky obhajuje potrebou \u201ekonsolid\u00e1cie\u201c, pre R\u00f3zsu sa financie zrazu na\u0161li, a to aj bez jeho zjavnej kvalifik\u00e1cie. \u201eDnes je to [&hellip;]\" \/>\n<meta property=\"og:url\" content=\"https:\/\/www.smedemokrati.sk\/hu\/kalinak-zamestnal-na-rezorte-obrany-oskara-rozsu-rozbehnute-projekty-nepochopitelne-zastavuje-a-udajne-chce-vykupovat-pozemky-pod-baterkarnou\/\" \/>\n<meta property=\"og:site_name\" content=\"Smedemokrati.sk\" \/>\n<meta property=\"article:publisher\" content=\"https:\/\/www.facebook.com\/smedemokrati2023\" \/>\n<meta property=\"article:published_time\" content=\"2025-10-06T09:45:13+00:00\" \/>\n<meta property=\"article:modified_time\" content=\"2025-10-06T09:45:15+00:00\" \/>\n<meta property=\"og:image\" content=\"https:\/\/www.smedemokrati.sk\/wp-content\/uploads\/2025\/10\/kalinak-rozsa.jpg\" \/>\n\t<meta property=\"og:image:width\" content=\"1920\" \/>\n\t<meta property=\"og:image:height\" content=\"1080\" \/>\n\t<meta property=\"og:image:type\" content=\"image\/jpeg\" \/>\n<meta name=\"author\" content=\"miro.sopko\" \/>\n<meta name=\"twitter:card\" content=\"summary_large_image\" \/>\n<meta name=\"twitter:label1\" content=\"Szerz\u0151:\" \/>\n\t<meta name=\"twitter:data1\" content=\"miro.sopko\" \/>\n\t<meta name=\"twitter:label2\" content=\"Becs\u00fclt olvas\u00e1si id\u0151\" \/>\n\t<meta name=\"twitter:data2\" content=\"2 perc\" \/>\n<script type=\"application\/ld+json\" class=\"yoast-schema-graph\">{\"@context\":\"https:\/\/schema.org\",\"@graph\":[{\"@type\":\"Article\",\"@id\":\"https:\/\/www.smedemokrati.sk\/kalinak-zamestnal-na-rezorte-obrany-oskara-rozsu-rozbehnute-projekty-nepochopitelne-zastavuje-a-udajne-chce-vykupovat-pozemky-pod-baterkarnou\/#article\",\"isPartOf\":{\"@id\":\"https:\/\/www.smedemokrati.sk\/kalinak-zamestnal-na-rezorte-obrany-oskara-rozsu-rozbehnute-projekty-nepochopitelne-zastavuje-a-udajne-chce-vykupovat-pozemky-pod-baterkarnou\/\"},\"author\":{\"name\":\"miro.sopko\",\"@id\":\"https:\/\/www.smedemokrati.sk\/#\/schema\/person\/21f147c88d605aa7ded900e1e7c344ba\"},\"headline\":\"Kali\u0148\u00e1k zamestnal na rezorte obrany Oskara R\u00f3zsu. Rozbehnut\u00e9 projekty nepochopite\u013ene zastavuje a \u00fadajne chce vykupova\u0165 pozemky pod baterk\u00e1r\u0148ou\",\"datePublished\":\"2025-10-06T09:45:13+00:00\",\"dateModified\":\"2025-10-06T09:45:15+00:00\",\"mainEntityOfPage\":{\"@id\":\"https:\/\/www.smedemokrati.sk\/kalinak-zamestnal-na-rezorte-obrany-oskara-rozsu-rozbehnute-projekty-nepochopitelne-zastavuje-a-udajne-chce-vykupovat-pozemky-pod-baterkarnou\/\"},\"wordCount\":489,\"publisher\":{\"@id\":\"https:\/\/www.smedemokrati.sk\/#organization\"},\"image\":{\"@id\":\"https:\/\/www.smedemokrati.sk\/kalinak-zamestnal-na-rezorte-obrany-oskara-rozsu-rozbehnute-projekty-nepochopitelne-zastavuje-a-udajne-chce-vykupovat-pozemky-pod-baterkarnou\/#primaryimage\"},\"thumbnailUrl\":\"https:\/\/www.smedemokrati.sk\/wp-content\/uploads\/2025\/10\/kalinak-rozsa.jpg\",\"articleSection\":[\"Tla\u010dov\u00e9 spr\u00e1vy\"],\"inLanguage\":\"hu-HU\"},{\"@type\":\"WebPage\",\"@id\":\"https:\/\/www.smedemokrati.sk\/kalinak-zamestnal-na-rezorte-obrany-oskara-rozsu-rozbehnute-projekty-nepochopitelne-zastavuje-a-udajne-chce-vykupovat-pozemky-pod-baterkarnou\/\",\"url\":\"https:\/\/www.smedemokrati.sk\/kalinak-zamestnal-na-rezorte-obrany-oskara-rozsu-rozbehnute-projekty-nepochopitelne-zastavuje-a-udajne-chce-vykupovat-pozemky-pod-baterkarnou\/\",\"name\":\"Kali\u0148\u00e1k zamestnal na rezorte obrany Oskara R\u00f3zsu. Rozbehnut\u00e9 projekty nepochopite\u013ene zastavuje a \u00fadajne chce vykupova\u0165 pozemky pod baterk\u00e1r\u0148ou\",\"isPartOf\":{\"@id\":\"https:\/\/www.smedemokrati.sk\/#website\"},\"primaryImageOfPage\":{\"@id\":\"https:\/\/www.smedemokrati.sk\/kalinak-zamestnal-na-rezorte-obrany-oskara-rozsu-rozbehnute-projekty-nepochopitelne-zastavuje-a-udajne-chce-vykupovat-pozemky-pod-baterkarnou\/#primaryimage\"},\"image\":{\"@id\":\"https:\/\/www.smedemokrati.sk\/kalinak-zamestnal-na-rezorte-obrany-oskara-rozsu-rozbehnute-projekty-nepochopitelne-zastavuje-a-udajne-chce-vykupovat-pozemky-pod-baterkarnou\/#primaryimage\"},\"thumbnailUrl\":\"https:\/\/www.smedemokrati.sk\/wp-content\/uploads\/2025\/10\/kalinak-rozsa.jpg\",\"datePublished\":\"2025-10-06T09:45:13+00:00\",\"dateModified\":\"2025-10-06T09:45:15+00:00\",\"breadcrumb\":{\"@id\":\"https:\/\/www.smedemokrati.sk\/kalinak-zamestnal-na-rezorte-obrany-oskara-rozsu-rozbehnute-projekty-nepochopitelne-zastavuje-a-udajne-chce-vykupovat-pozemky-pod-baterkarnou\/#breadcrumb\"},\"inLanguage\":\"hu-HU\",\"potentialAction\":[{\"@type\":\"ReadAction\",\"target\":[\"https:\/\/www.smedemokrati.sk\/kalinak-zamestnal-na-rezorte-obrany-oskara-rozsu-rozbehnute-projekty-nepochopitelne-zastavuje-a-udajne-chce-vykupovat-pozemky-pod-baterkarnou\/\"]}]},{\"@type\":\"ImageObject\",\"inLanguage\":\"hu-HU\",\"@id\":\"https:\/\/www.smedemokrati.sk\/kalinak-zamestnal-na-rezorte-obrany-oskara-rozsu-rozbehnute-projekty-nepochopitelne-zastavuje-a-udajne-chce-vykupovat-pozemky-pod-baterkarnou\/#primaryimage\",\"url\":\"https:\/\/www.smedemokrati.sk\/wp-content\/uploads\/2025\/10\/kalinak-rozsa.jpg\",\"contentUrl\":\"https:\/\/www.smedemokrati.sk\/wp-content\/uploads\/2025\/10\/kalinak-rozsa.jpg\",\"width\":1920,\"height\":1080},{\"@type\":\"BreadcrumbList\",\"@id\":\"https:\/\/www.smedemokrati.sk\/kalinak-zamestnal-na-rezorte-obrany-oskara-rozsu-rozbehnute-projekty-nepochopitelne-zastavuje-a-udajne-chce-vykupovat-pozemky-pod-baterkarnou\/#breadcrumb\",\"itemListElement\":[{\"@type\":\"ListItem\",\"position\":1,\"name\":\"Domovsk\u00e1 str\u00e1nka\",\"item\":\"https:\/\/www.smedemokrati.sk\/\"},{\"@type\":\"ListItem\",\"position\":2,\"name\":\"Kali\u0148\u00e1k zamestnal na rezorte obrany Oskara R\u00f3zsu. Rozbehnut\u00e9 projekty nepochopite\u013ene zastavuje a \u00fadajne chce vykupova\u0165 pozemky pod baterk\u00e1r\u0148ou\"}]},{\"@type\":\"WebSite\",\"@id\":\"https:\/\/www.smedemokrati.sk\/#website\",\"url\":\"https:\/\/www.smedemokrati.sk\/\",\"name\":\"Smedemokrati.sk\",\"description\":\"Demokracia a slu\u0161nos\u0165 zv\u00ed\u0165az\u00ed\",\"publisher\":{\"@id\":\"https:\/\/www.smedemokrati.sk\/#organization\"},\"potentialAction\":[{\"@type\":\"SearchAction\",\"target\":{\"@type\":\"EntryPoint\",\"urlTemplate\":\"https:\/\/www.smedemokrati.sk\/?s={search_term_string}\"},\"query-input\":{\"@type\":\"PropertyValueSpecification\",\"valueRequired\":true,\"valueName\":\"search_term_string\"}}],\"inLanguage\":\"hu-HU\"},{\"@type\":\"Organization\",\"@id\":\"https:\/\/www.smedemokrati.sk\/#organization\",\"name\":\"Smedemokrati.sk\",\"url\":\"https:\/\/www.smedemokrati.sk\/\",\"logo\":{\"@type\":\"ImageObject\",\"inLanguage\":\"hu-HU\",\"@id\":\"https:\/\/www.smedemokrati.sk\/#\/schema\/logo\/image\/\",\"url\":\"https:\/\/www.smedemokrati.sk\/wp-content\/uploads\/2023\/04\/ff.002.jpeg\",\"contentUrl\":\"https:\/\/www.smedemokrati.sk\/wp-content\/uploads\/2023\/04\/ff.002.jpeg\",\"width\":640,\"height\":480,\"caption\":\"Smedemokrati.sk\"},\"image\":{\"@id\":\"https:\/\/www.smedemokrati.sk\/#\/schema\/logo\/image\/\"},\"sameAs\":[\"https:\/\/www.facebook.com\/smedemokrati2023\"]},{\"@type\":\"Person\",\"@id\":\"https:\/\/www.smedemokrati.sk\/#\/schema\/person\/21f147c88d605aa7ded900e1e7c344ba\",\"name\":\"miro.sopko\",\"image\":{\"@type\":\"ImageObject\",\"inLanguage\":\"hu-HU\",\"@id\":\"https:\/\/secure.gravatar.com\/avatar\/267e4a36f704376c109afe3a78740c1f5dd8675a2180a908699e7863c9247606?s=96&d=mm&r=g\",\"url\":\"https:\/\/secure.gravatar.com\/avatar\/267e4a36f704376c109afe3a78740c1f5dd8675a2180a908699e7863c9247606?s=96&d=mm&r=g\",\"contentUrl\":\"https:\/\/secure.gravatar.com\/avatar\/267e4a36f704376c109afe3a78740c1f5dd8675a2180a908699e7863c9247606?s=96&d=mm&r=g\",\"caption\":\"miro.sopko\"},\"url\":\"https:\/\/www.smedemokrati.sk\/hu\/author\/miro-sopko\/\"}]}<\/script>\n<!-- \/ Yoast SEO plugin. -->","yoast_head_json":{"title":"Kali\u0148\u00e1k zamestnal na rezorte obrany Oskara R\u00f3zsu. Rozbehnut\u00e9 projekty nepochopite\u013ene zastavuje a \u00fadajne chce vykupova\u0165 pozemky pod baterk\u00e1r\u0148ou","robots":{"index":"index","follow":"follow","max-snippet":"max-snippet:-1","max-image-preview":"max-image-preview:large","max-video-preview":"max-video-preview:-1"},"canonical":"https:\/\/www.smedemokrati.sk\/hu\/kalinak-zamestnal-na-rezorte-obrany-oskara-rozsu-rozbehnute-projekty-nepochopitelne-zastavuje-a-udajne-chce-vykupovat-pozemky-pod-baterkarnou\/","og_locale":"hu_HU","og_type":"article","og_title":"[:sk]Kali\u0148\u00e1k zamestnal na rezorte obrany Oskara R\u00f3zsu. Rozbehnut\u00e9 projekty nepochopite\u013ene zastavuje a \u00fadajne chce vykupova\u0165 pozemky pod baterk\u00e1r\u0148ou[:] - Smedemokrati.sk","og_description":"Pod\u013ea inform\u00e1ci\u00ed exministra obrany Jaroslava Na\u010fa sa na Ministerstve obrany objavil nov\u00fd zamestnanec, hudobn\u00edk a kon\u0161pir\u00e1tor Oskar R\u00f3zsa. Exminister ostro kritizuje rozhodnutie ministra Kali\u0148\u00e1ka, ktor\u00e9 pod\u013ea neho sprev\u00e1dza zosadenie viacer\u00fdch re\u0161pektovan\u00fdch odborn\u00edkov. K\u00fdm rezort svoje kroky obhajuje potrebou \u201ekonsolid\u00e1cie\u201c, pre R\u00f3zsu sa financie zrazu na\u0161li, a to aj bez jeho zjavnej kvalifik\u00e1cie. \u201eDnes je to [&hellip;]","og_url":"https:\/\/www.smedemokrati.sk\/hu\/kalinak-zamestnal-na-rezorte-obrany-oskara-rozsu-rozbehnute-projekty-nepochopitelne-zastavuje-a-udajne-chce-vykupovat-pozemky-pod-baterkarnou\/","og_site_name":"Smedemokrati.sk","article_publisher":"https:\/\/www.facebook.com\/smedemokrati2023","article_published_time":"2025-10-06T09:45:13+00:00","article_modified_time":"2025-10-06T09:45:15+00:00","og_image":[{"width":1920,"height":1080,"url":"https:\/\/www.smedemokrati.sk\/wp-content\/uploads\/2025\/10\/kalinak-rozsa.jpg","type":"image\/jpeg"}],"author":"miro.sopko","twitter_card":"summary_large_image","twitter_misc":{"Szerz\u0151:":"miro.sopko","Becs\u00fclt olvas\u00e1si id\u0151":"2 perc"},"schema":{"@context":"https:\/\/schema.org","@graph":[{"@type":"Article","@id":"https:\/\/www.smedemokrati.sk\/kalinak-zamestnal-na-rezorte-obrany-oskara-rozsu-rozbehnute-projekty-nepochopitelne-zastavuje-a-udajne-chce-vykupovat-pozemky-pod-baterkarnou\/#article","isPartOf":{"@id":"https:\/\/www.smedemokrati.sk\/kalinak-zamestnal-na-rezorte-obrany-oskara-rozsu-rozbehnute-projekty-nepochopitelne-zastavuje-a-udajne-chce-vykupovat-pozemky-pod-baterkarnou\/"},"author":{"name":"miro.sopko","@id":"https:\/\/www.smedemokrati.sk\/#\/schema\/person\/21f147c88d605aa7ded900e1e7c344ba"},"headline":"Kali\u0148\u00e1k zamestnal na rezorte obrany Oskara R\u00f3zsu. Rozbehnut\u00e9 projekty nepochopite\u013ene zastavuje a \u00fadajne chce vykupova\u0165 pozemky pod baterk\u00e1r\u0148ou","datePublished":"2025-10-06T09:45:13+00:00","dateModified":"2025-10-06T09:45:15+00:00","mainEntityOfPage":{"@id":"https:\/\/www.smedemokrati.sk\/kalinak-zamestnal-na-rezorte-obrany-oskara-rozsu-rozbehnute-projekty-nepochopitelne-zastavuje-a-udajne-chce-vykupovat-pozemky-pod-baterkarnou\/"},"wordCount":489,"publisher":{"@id":"https:\/\/www.smedemokrati.sk\/#organization"},"image":{"@id":"https:\/\/www.smedemokrati.sk\/kalinak-zamestnal-na-rezorte-obrany-oskara-rozsu-rozbehnute-projekty-nepochopitelne-zastavuje-a-udajne-chce-vykupovat-pozemky-pod-baterkarnou\/#primaryimage"},"thumbnailUrl":"https:\/\/www.smedemokrati.sk\/wp-content\/uploads\/2025\/10\/kalinak-rozsa.jpg","articleSection":["Tla\u010dov\u00e9 spr\u00e1vy"],"inLanguage":"hu-HU"},{"@type":"WebPage","@id":"https:\/\/www.smedemokrati.sk\/kalinak-zamestnal-na-rezorte-obrany-oskara-rozsu-rozbehnute-projekty-nepochopitelne-zastavuje-a-udajne-chce-vykupovat-pozemky-pod-baterkarnou\/","url":"https:\/\/www.smedemokrati.sk\/kalinak-zamestnal-na-rezorte-obrany-oskara-rozsu-rozbehnute-projekty-nepochopitelne-zastavuje-a-udajne-chce-vykupovat-pozemky-pod-baterkarnou\/","name":"Kali\u0148\u00e1k zamestnal na rezorte obrany Oskara R\u00f3zsu. Rozbehnut\u00e9 projekty nepochopite\u013ene zastavuje a \u00fadajne chce vykupova\u0165 pozemky pod baterk\u00e1r\u0148ou","isPartOf":{"@id":"https:\/\/www.smedemokrati.sk\/#website"},"primaryImageOfPage":{"@id":"https:\/\/www.smedemokrati.sk\/kalinak-zamestnal-na-rezorte-obrany-oskara-rozsu-rozbehnute-projekty-nepochopitelne-zastavuje-a-udajne-chce-vykupovat-pozemky-pod-baterkarnou\/#primaryimage"},"image":{"@id":"https:\/\/www.smedemokrati.sk\/kalinak-zamestnal-na-rezorte-obrany-oskara-rozsu-rozbehnute-projekty-nepochopitelne-zastavuje-a-udajne-chce-vykupovat-pozemky-pod-baterkarnou\/#primaryimage"},"thumbnailUrl":"https:\/\/www.smedemokrati.sk\/wp-content\/uploads\/2025\/10\/kalinak-rozsa.jpg","datePublished":"2025-10-06T09:45:13+00:00","dateModified":"2025-10-06T09:45:15+00:00","breadcrumb":{"@id":"https:\/\/www.smedemokrati.sk\/kalinak-zamestnal-na-rezorte-obrany-oskara-rozsu-rozbehnute-projekty-nepochopitelne-zastavuje-a-udajne-chce-vykupovat-pozemky-pod-baterkarnou\/#breadcrumb"},"inLanguage":"hu-HU","potentialAction":[{"@type":"ReadAction","target":["https:\/\/www.smedemokrati.sk\/kalinak-zamestnal-na-rezorte-obrany-oskara-rozsu-rozbehnute-projekty-nepochopitelne-zastavuje-a-udajne-chce-vykupovat-pozemky-pod-baterkarnou\/"]}]},{"@type":"ImageObject","inLanguage":"hu-HU","@id":"https:\/\/www.smedemokrati.sk\/kalinak-zamestnal-na-rezorte-obrany-oskara-rozsu-rozbehnute-projekty-nepochopitelne-zastavuje-a-udajne-chce-vykupovat-pozemky-pod-baterkarnou\/#primaryimage","url":"https:\/\/www.smedemokrati.sk\/wp-content\/uploads\/2025\/10\/kalinak-rozsa.jpg","contentUrl":"https:\/\/www.smedemokrati.sk\/wp-content\/uploads\/2025\/10\/kalinak-rozsa.jpg","width":1920,"height":1080},{"@type":"BreadcrumbList","@id":"https:\/\/www.smedemokrati.sk\/kalinak-zamestnal-na-rezorte-obrany-oskara-rozsu-rozbehnute-projekty-nepochopitelne-zastavuje-a-udajne-chce-vykupovat-pozemky-pod-baterkarnou\/#breadcrumb","itemListElement":[{"@type":"ListItem","position":1,"name":"Domovsk\u00e1 str\u00e1nka","item":"https:\/\/www.smedemokrati.sk\/"},{"@type":"ListItem","position":2,"name":"Kali\u0148\u00e1k zamestnal na rezorte obrany Oskara R\u00f3zsu. Rozbehnut\u00e9 projekty nepochopite\u013ene zastavuje a \u00fadajne chce vykupova\u0165 pozemky pod baterk\u00e1r\u0148ou"}]},{"@type":"WebSite","@id":"https:\/\/www.smedemokrati.sk\/#website","url":"https:\/\/www.smedemokrati.sk\/","name":"Smedemokrati.sk","description":"Demokracia a slu\u0161nos\u0165 zv\u00ed\u0165az\u00ed","publisher":{"@id":"https:\/\/www.smedemokrati.sk\/#organization"},"potentialAction":[{"@type":"SearchAction","target":{"@type":"EntryPoint","urlTemplate":"https:\/\/www.smedemokrati.sk\/?s={search_term_string}"},"query-input":{"@type":"PropertyValueSpecification","valueRequired":true,"valueName":"search_term_string"}}],"inLanguage":"hu-HU"},{"@type":"Organization","@id":"https:\/\/www.smedemokrati.sk\/#organization","name":"Smedemokrati.sk","url":"https:\/\/www.smedemokrati.sk\/","logo":{"@type":"ImageObject","inLanguage":"hu-HU","@id":"https:\/\/www.smedemokrati.sk\/#\/schema\/logo\/image\/","url":"https:\/\/www.smedemokrati.sk\/wp-content\/uploads\/2023\/04\/ff.002.jpeg","contentUrl":"https:\/\/www.smedemokrati.sk\/wp-content\/uploads\/2023\/04\/ff.002.jpeg","width":640,"height":480,"caption":"Smedemokrati.sk"},"image":{"@id":"https:\/\/www.smedemokrati.sk\/#\/schema\/logo\/image\/"},"sameAs":["https:\/\/www.facebook.com\/smedemokrati2023"]},{"@type":"Person","@id":"https:\/\/www.smedemokrati.sk\/#\/schema\/person\/21f147c88d605aa7ded900e1e7c344ba","name":"miro.sopko","image":{"@type":"ImageObject","inLanguage":"hu-HU","@id":"https:\/\/secure.gravatar.com\/avatar\/267e4a36f704376c109afe3a78740c1f5dd8675a2180a908699e7863c9247606?s=96&d=mm&r=g","url":"https:\/\/secure.gravatar.com\/avatar\/267e4a36f704376c109afe3a78740c1f5dd8675a2180a908699e7863c9247606?s=96&d=mm&r=g","contentUrl":"https:\/\/secure.gravatar.com\/avatar\/267e4a36f704376c109afe3a78740c1f5dd8675a2180a908699e7863c9247606?s=96&d=mm&r=g","caption":"miro.sopko"},"url":"https:\/\/www.smedemokrati.sk\/hu\/author\/miro-sopko\/"}]}},"_links":{"self":[{"href":"https:\/\/www.smedemokrati.sk\/hu\/wp-json\/wp\/v2\/posts\/8286","targetHints":{"allow":["GET"]}}],"collection":[{"href":"https:\/\/www.smedemokrati.sk\/hu\/wp-json\/wp\/v2\/posts"}],"about":[{"href":"https:\/\/www.smedemokrati.sk\/hu\/wp-json\/wp\/v2\/types\/post"}],"author":[{"embeddable":true,"href":"https:\/\/www.smedemokrati.sk\/hu\/wp-json\/wp\/v2\/users\/13"}],"replies":[{"embeddable":true,"href":"https:\/\/www.smedemokrati.sk\/hu\/wp-json\/wp\/v2\/comments?post=8286"}],"version-history":[{"count":1,"href":"https:\/\/www.smedemokrati.sk\/hu\/wp-json\/wp\/v2\/posts\/8286\/revisions"}],"predecessor-version":[{"id":8288,"href":"https:\/\/www.smedemokrati.sk\/hu\/wp-json\/wp\/v2\/posts\/8286\/revisions\/8288"}],"wp:featuredmedia":[{"embeddable":true,"href":"https:\/\/www.smedemokrati.sk\/hu\/wp-json\/wp\/v2\/media\/8287"}],"wp:attachment":[{"href":"https:\/\/www.smedemokrati.sk\/hu\/wp-json\/wp\/v2\/media?parent=8286"}],"wp:term":[{"taxonomy":"category","embeddable":true,"href":"https:\/\/www.smedemokrati.sk\/hu\/wp-json\/wp\/v2\/categories?post=8286"},{"taxonomy":"post_tag","embeddable":true,"href":"https:\/\/www.smedemokrati.sk\/hu\/wp-json\/wp\/v2\/tags?post=8286"}],"curies":[{"name":"wp","href":"https:\/\/api.w.org\/{rel}","templated":true}]}}