{"id":8275,"date":"2025-10-02T20:13:00","date_gmt":"2025-10-02T19:13:00","guid":{"rendered":"https:\/\/www.smedemokrati.sk\/?p=8275"},"modified":"2025-10-03T11:15:15","modified_gmt":"2025-10-03T10:15:15","slug":"migal-hra-politicke-hry-a-skodi-regionom","status":"publish","type":"post","link":"https:\/\/www.smedemokrati.sk\/hu\/migal-hra-politicke-hry-a-skodi-regionom\/","title":{"rendered":"Miga\u013e hr\u00e1 politick\u00e9 hry a \u0161kod\u00ed regi\u00f3nom"},"content":{"rendered":"<div id=\"fb-root\"><\/div>\n\n<p><strong>Pomp\u00e9zne ohl\u00e1sen\u00e1 tla\u010dov\u00e1 beseda ministra regi\u00f3nov Samuela Miga\u013ea o svojom zdravotnom stave a politickej bud\u00facnosti sa skon\u010dila politick\u00fdmi \u00fatokmi na prezidenta Pellegriniho a ministrov strany Hlas-SD. Minister op\u00e4\u0165 nepriniesol inform\u00e1cie o\u00a0rie\u0161eniach, ktor\u00e9 pripravil pre \u017eivoriace samospr\u00e1vy.<\/strong><\/p>\n\n\n\n<p><strong>\u201eSamuel Miga\u013e je typick\u00fd pr\u00edklad ,celebritn\u00e9ho\u2018 politika, ktor\u00fd to bez ak\u00fdchko\u013evek sk\u00fasenost\u00ed \u010di politick\u00fdch schopnost\u00ed dotiahol do parlamentu a&nbsp;nesk\u00f4r a\u017e na funkciu ministra. Nie \u017ee by sa p\u00e1r mesiacov v parlamente ohromil politick\u00fdm talentom, ale oby\u010dajn\u00fdm vydieran\u00edm a politick\u00fdm obchodom. O&nbsp;p\u00e1novi Miga\u013eovi po\u010dujeme vo verejnom a medi\u00e1lnom priestore len v kontexte \u00fatokov na hlavu \u0161t\u00e1tu a jeho b\u00fdval\u00fdch stran\u00edkov. Ak vie o pokuse zvrhn\u00fa\u0165 s\u00fa\u010dasn\u00fa vl\u00e1du a&nbsp;nahradi\u0165 ju \u00faradn\u00edckou, tak m\u00e1 \u00eds\u0165 za O\u010cTK a nie robi\u0165 tla\u010dov\u00e9 besedy na p\u00f4de ministerstva,\u201c<\/strong>&nbsp;skon\u0161tatoval gener\u00e1lny sekret\u00e1r Demokratov a odborn\u00edk na region\u00e1lny rozvoj&nbsp;<strong>Peter Markovi\u010d<\/strong>.<\/p>\n\n\n\n<p>O&nbsp;pokuse zmeni\u0165 vl\u00e1du m\u00e1 pod\u013ea slov Samuela Miga\u013ea vedie\u0165 dokonca aj Robert Fico. Demokrati v&nbsp;tejto s\u00favislosti premi\u00e9ra vyz\u00fdvaj\u00fa, aby bezodkladne zvolal zasadnutie Bezpe\u010dnostnej rady SR tak, ako to urobil v&nbsp;pr\u00edpade tzv. Gruz\u00ednskej l\u00e9gie, ktor\u00e1 sa mala podie\u013ea\u0165 na \u0161t\u00e1tnom prevrate.<\/p>\n\n\n\n<p>Ako dodal,&nbsp;<strong>\u201enajsmutnej\u0161ie je, \u017ee o re\u00e1lnych v\u00fdsledkoch pr\u00e1ce ministra Miga\u013ea nie je ani ch\u00fdru, ani slychu. Namiesto pomoci regi\u00f3nom berie samospr\u00e1vam eurofondov\u00e9 peniaze, ktor\u00e9 im patria. Ficovej vl\u00e1de sekunduje aj pri \u0161kandal\u00f3znej konsolid\u00e1cii, ktor\u00e1 priprav\u00ed kraje, mest\u00e1 a&nbsp;obce o&nbsp;minim\u00e1lne 140 mili\u00f3nov eur len na bud\u00faci rok. Keby energiu, ktor\u00fa venuje politick\u00fdm z\u00e1pasom s vlastn\u00fdmi koali\u010dn\u00fdmi partnermi, venoval regi\u00f3nom, tak by mo\u017eno aspo\u0148 ne\u0161kodil svojimi zl\u00fdmi odborn\u00fdmi a politick\u00fdmi rozhodnutiami.\u201c<\/strong><\/p>\n\n\n\n<p>Pod\u013ea Demokratov je potrebn\u00e9 vykona\u0165 hlbok\u00fa orbu aj v\u00a0oblasti region\u00e1lneho rozvoja. Namiesto financovania chodu samostatn\u00e9ho ministerstva je potrebn\u00e9 nanovo rozdeli\u0165 kompetencie medzi \u00farovne riadenia \u0161t\u00e1tu a\u00a0tomu adekv\u00e1tne prisp\u00f4sobi\u0165 financovanie. Samospr\u00e1vy sa v\u00a0r\u00e1mci tohto procesu musia sta\u0165 re\u00e1lnymi a\u00a0re\u0161pektovan\u00fdmi partnermi vl\u00e1dy a\u00a0parlamentu. Je najvy\u0161\u0161\u00ed \u010das na decentraliz\u00e1ciu moci tak, aby \u0165a\u017eisko rozhodovania bolo bli\u017e\u0161ie k\u00a0obyvate\u013eom.<\/p>\n","protected":false},"excerpt":{"rendered":"<p>Pomp\u00e9zne ohl\u00e1sen\u00e1 tla\u010dov\u00e1 beseda ministra regi\u00f3nov Samuela Miga\u013ea o svojom zdravotnom stave a politickej bud\u00facnosti sa skon\u010dila politick\u00fdmi \u00fatokmi na prezidenta Pellegriniho a ministrov strany Hlas-SD. Minister op\u00e4\u0165 nepriniesol inform\u00e1cie o\u00a0rie\u0161eniach, ktor\u00e9 pripravil pre \u017eivoriace samospr\u00e1vy. \u201eSamuel Miga\u013e je typick\u00fd pr\u00edklad ,celebritn\u00e9ho\u2018 politika, ktor\u00fd to bez ak\u00fdchko\u013evek sk\u00fasenost\u00ed \u010di politick\u00fdch schopnost\u00ed dotiahol do parlamentu a&nbsp;nesk\u00f4r [&hellip;]<\/p>\n","protected":false},"author":13,"featured_media":387,"comment_status":"closed","ping_status":"closed","sticky":false,"template":"","format":"standard","meta":{"_acf_changed":false,"ngg_post_thumbnail":0,"footnotes":""},"categories":[4],"tags":[],"class_list":["post-8275","post","type-post","status-publish","format-standard","has-post-thumbnail","hentry","category-tlacove-spravy"],"acf":[],"yoast_head":"<!-- This site is optimized with the Yoast SEO plugin v27.2 - https:\/\/yoast.com\/product\/yoast-seo-wordpress\/ -->\n<title>Miga\u013e hr\u00e1 politick\u00e9 hry a \u0161kod\u00ed regi\u00f3nom<\/title>\n<meta name=\"robots\" content=\"index, follow, max-snippet:-1, max-image-preview:large, max-video-preview:-1\" \/>\n<link rel=\"canonical\" href=\"https:\/\/www.smedemokrati.sk\/hu\/migal-hra-politicke-hry-a-skodi-regionom\/\" \/>\n<meta property=\"og:locale\" content=\"hu_HU\" \/>\n<meta property=\"og:locale:alternate\" content=\"en_US\" \/>\n<meta property=\"og:locale:alternate\" content=\"cs_CZ\" \/>\n<meta property=\"og:locale:alternate\" content=\"sk_SK\" \/>\n<meta property=\"og:locale:alternate\" content=\"sv_SE\" \/>\n<meta property=\"og:type\" content=\"article\" \/>\n<meta property=\"og:title\" content=\"Miga\u013e hr\u00e1 politick\u00e9 hry a \u0161kod\u00ed regi\u00f3nom\" \/>\n<meta property=\"og:description\" content=\"Pomp\u00e9zne ohl\u00e1sen\u00e1 tla\u010dov\u00e1 beseda ministra regi\u00f3nov Samuela Miga\u013ea o svojom zdravotnom stave a politickej bud\u00facnosti sa skon\u010dila politick\u00fdmi \u00fatokmi na prezidenta Pellegriniho a ministrov strany Hlas-SD. Minister op\u00e4\u0165 nepriniesol inform\u00e1cie o\u00a0rie\u0161eniach, ktor\u00e9 pripravil pre \u017eivoriace samospr\u00e1vy. \u201eSamuel Miga\u013e je typick\u00fd pr\u00edklad ,celebritn\u00e9ho\u2018 politika, ktor\u00fd to bez ak\u00fdchko\u013evek sk\u00fasenost\u00ed \u010di politick\u00fdch schopnost\u00ed dotiahol do parlamentu a&nbsp;nesk\u00f4r [&hellip;]\" \/>\n<meta property=\"og:url\" content=\"https:\/\/www.smedemokrati.sk\/hu\/migal-hra-politicke-hry-a-skodi-regionom\/\" \/>\n<meta property=\"og:site_name\" content=\"Smedemokrati.sk\" \/>\n<meta property=\"article:publisher\" content=\"https:\/\/www.facebook.com\/smedemokrati2023\" \/>\n<meta property=\"article:published_time\" content=\"2025-10-02T19:13:00+00:00\" \/>\n<meta property=\"article:modified_time\" content=\"2025-10-03T10:15:15+00:00\" \/>\n<meta property=\"og:image\" content=\"https:\/\/www.smedemokrati.sk\/wp-content\/uploads\/2023\/04\/PM.jpg\" \/>\n\t<meta property=\"og:image:width\" content=\"1520\" \/>\n\t<meta property=\"og:image:height\" content=\"1080\" \/>\n\t<meta property=\"og:image:type\" content=\"image\/jpeg\" \/>\n<meta name=\"author\" content=\"miro.sopko\" \/>\n<meta name=\"twitter:card\" content=\"summary_large_image\" \/>\n<meta name=\"twitter:label1\" content=\"Szerz\u0151:\" \/>\n\t<meta name=\"twitter:data1\" content=\"miro.sopko\" \/>\n\t<meta name=\"twitter:label2\" content=\"Becs\u00fclt olvas\u00e1si id\u0151\" \/>\n\t<meta name=\"twitter:data2\" content=\"2 perc\" \/>\n<script type=\"application\/ld+json\" class=\"yoast-schema-graph\">{\"@context\":\"https:\/\/schema.org\",\"@graph\":[{\"@type\":\"Article\",\"@id\":\"https:\/\/www.smedemokrati.sk\/migal-hra-politicke-hry-a-skodi-regionom\/#article\",\"isPartOf\":{\"@id\":\"https:\/\/www.smedemokrati.sk\/migal-hra-politicke-hry-a-skodi-regionom\/\"},\"author\":{\"name\":\"miro.sopko\",\"@id\":\"https:\/\/www.smedemokrati.sk\/#\/schema\/person\/21f147c88d605aa7ded900e1e7c344ba\"},\"headline\":\"Miga\u013e hr\u00e1 politick\u00e9 hry a \u0161kod\u00ed regi\u00f3nom\",\"datePublished\":\"2025-10-02T19:13:00+00:00\",\"dateModified\":\"2025-10-03T10:15:15+00:00\",\"mainEntityOfPage\":{\"@id\":\"https:\/\/www.smedemokrati.sk\/migal-hra-politicke-hry-a-skodi-regionom\/\"},\"wordCount\":424,\"publisher\":{\"@id\":\"https:\/\/www.smedemokrati.sk\/#organization\"},\"image\":{\"@id\":\"https:\/\/www.smedemokrati.sk\/migal-hra-politicke-hry-a-skodi-regionom\/#primaryimage\"},\"thumbnailUrl\":\"https:\/\/www.smedemokrati.sk\/wp-content\/uploads\/2023\/04\/PM.jpg\",\"articleSection\":[\"Tla\u010dov\u00e9 spr\u00e1vy\"],\"inLanguage\":\"hu-HU\"},{\"@type\":\"WebPage\",\"@id\":\"https:\/\/www.smedemokrati.sk\/migal-hra-politicke-hry-a-skodi-regionom\/\",\"url\":\"https:\/\/www.smedemokrati.sk\/migal-hra-politicke-hry-a-skodi-regionom\/\",\"name\":\"Miga\u013e hr\u00e1 politick\u00e9 hry a \u0161kod\u00ed regi\u00f3nom\",\"isPartOf\":{\"@id\":\"https:\/\/www.smedemokrati.sk\/#website\"},\"primaryImageOfPage\":{\"@id\":\"https:\/\/www.smedemokrati.sk\/migal-hra-politicke-hry-a-skodi-regionom\/#primaryimage\"},\"image\":{\"@id\":\"https:\/\/www.smedemokrati.sk\/migal-hra-politicke-hry-a-skodi-regionom\/#primaryimage\"},\"thumbnailUrl\":\"https:\/\/www.smedemokrati.sk\/wp-content\/uploads\/2023\/04\/PM.jpg\",\"datePublished\":\"2025-10-02T19:13:00+00:00\",\"dateModified\":\"2025-10-03T10:15:15+00:00\",\"breadcrumb\":{\"@id\":\"https:\/\/www.smedemokrati.sk\/migal-hra-politicke-hry-a-skodi-regionom\/#breadcrumb\"},\"inLanguage\":\"hu-HU\",\"potentialAction\":[{\"@type\":\"ReadAction\",\"target\":[\"https:\/\/www.smedemokrati.sk\/migal-hra-politicke-hry-a-skodi-regionom\/\"]}]},{\"@type\":\"ImageObject\",\"inLanguage\":\"hu-HU\",\"@id\":\"https:\/\/www.smedemokrati.sk\/migal-hra-politicke-hry-a-skodi-regionom\/#primaryimage\",\"url\":\"https:\/\/www.smedemokrati.sk\/wp-content\/uploads\/2023\/04\/PM.jpg\",\"contentUrl\":\"https:\/\/www.smedemokrati.sk\/wp-content\/uploads\/2023\/04\/PM.jpg\",\"width\":1520,\"height\":1080},{\"@type\":\"BreadcrumbList\",\"@id\":\"https:\/\/www.smedemokrati.sk\/migal-hra-politicke-hry-a-skodi-regionom\/#breadcrumb\",\"itemListElement\":[{\"@type\":\"ListItem\",\"position\":1,\"name\":\"Domovsk\u00e1 str\u00e1nka\",\"item\":\"https:\/\/www.smedemokrati.sk\/\"},{\"@type\":\"ListItem\",\"position\":2,\"name\":\"Miga\u013e hr\u00e1 politick\u00e9 hry a \u0161kod\u00ed regi\u00f3nom\"}]},{\"@type\":\"WebSite\",\"@id\":\"https:\/\/www.smedemokrati.sk\/#website\",\"url\":\"https:\/\/www.smedemokrati.sk\/\",\"name\":\"Smedemokrati.sk\",\"description\":\"Demokracia a slu\u0161nos\u0165 zv\u00ed\u0165az\u00ed\",\"publisher\":{\"@id\":\"https:\/\/www.smedemokrati.sk\/#organization\"},\"potentialAction\":[{\"@type\":\"SearchAction\",\"target\":{\"@type\":\"EntryPoint\",\"urlTemplate\":\"https:\/\/www.smedemokrati.sk\/?s={search_term_string}\"},\"query-input\":{\"@type\":\"PropertyValueSpecification\",\"valueRequired\":true,\"valueName\":\"search_term_string\"}}],\"inLanguage\":\"hu-HU\"},{\"@type\":\"Organization\",\"@id\":\"https:\/\/www.smedemokrati.sk\/#organization\",\"name\":\"Smedemokrati.sk\",\"url\":\"https:\/\/www.smedemokrati.sk\/\",\"logo\":{\"@type\":\"ImageObject\",\"inLanguage\":\"hu-HU\",\"@id\":\"https:\/\/www.smedemokrati.sk\/#\/schema\/logo\/image\/\",\"url\":\"https:\/\/www.smedemokrati.sk\/wp-content\/uploads\/2023\/04\/ff.002.jpeg\",\"contentUrl\":\"https:\/\/www.smedemokrati.sk\/wp-content\/uploads\/2023\/04\/ff.002.jpeg\",\"width\":640,\"height\":480,\"caption\":\"Smedemokrati.sk\"},\"image\":{\"@id\":\"https:\/\/www.smedemokrati.sk\/#\/schema\/logo\/image\/\"},\"sameAs\":[\"https:\/\/www.facebook.com\/smedemokrati2023\"]},{\"@type\":\"Person\",\"@id\":\"https:\/\/www.smedemokrati.sk\/#\/schema\/person\/21f147c88d605aa7ded900e1e7c344ba\",\"name\":\"miro.sopko\",\"image\":{\"@type\":\"ImageObject\",\"inLanguage\":\"hu-HU\",\"@id\":\"https:\/\/secure.gravatar.com\/avatar\/267e4a36f704376c109afe3a78740c1f5dd8675a2180a908699e7863c9247606?s=96&d=mm&r=g\",\"url\":\"https:\/\/secure.gravatar.com\/avatar\/267e4a36f704376c109afe3a78740c1f5dd8675a2180a908699e7863c9247606?s=96&d=mm&r=g\",\"contentUrl\":\"https:\/\/secure.gravatar.com\/avatar\/267e4a36f704376c109afe3a78740c1f5dd8675a2180a908699e7863c9247606?s=96&d=mm&r=g\",\"caption\":\"miro.sopko\"},\"url\":\"https:\/\/www.smedemokrati.sk\/hu\/author\/miro-sopko\/\"}]}<\/script>\n<!-- \/ Yoast SEO plugin. -->","yoast_head_json":{"title":"Miga\u013e hr\u00e1 politick\u00e9 hry a \u0161kod\u00ed regi\u00f3nom","robots":{"index":"index","follow":"follow","max-snippet":"max-snippet:-1","max-image-preview":"max-image-preview:large","max-video-preview":"max-video-preview:-1"},"canonical":"https:\/\/www.smedemokrati.sk\/hu\/migal-hra-politicke-hry-a-skodi-regionom\/","og_locale":"hu_HU","og_type":"article","og_title":"[:sk]Miga\u013e hr\u00e1 politick\u00e9 hry a \u0161kod\u00ed regi\u00f3nom[:] - Smedemokrati.sk","og_description":"Pomp\u00e9zne ohl\u00e1sen\u00e1 tla\u010dov\u00e1 beseda ministra regi\u00f3nov Samuela Miga\u013ea o svojom zdravotnom stave a politickej bud\u00facnosti sa skon\u010dila politick\u00fdmi \u00fatokmi na prezidenta Pellegriniho a ministrov strany Hlas-SD. Minister op\u00e4\u0165 nepriniesol inform\u00e1cie o\u00a0rie\u0161eniach, ktor\u00e9 pripravil pre \u017eivoriace samospr\u00e1vy. \u201eSamuel Miga\u013e je typick\u00fd pr\u00edklad ,celebritn\u00e9ho\u2018 politika, ktor\u00fd to bez ak\u00fdchko\u013evek sk\u00fasenost\u00ed \u010di politick\u00fdch schopnost\u00ed dotiahol do parlamentu a&nbsp;nesk\u00f4r [&hellip;]","og_url":"https:\/\/www.smedemokrati.sk\/hu\/migal-hra-politicke-hry-a-skodi-regionom\/","og_site_name":"Smedemokrati.sk","article_publisher":"https:\/\/www.facebook.com\/smedemokrati2023","article_published_time":"2025-10-02T19:13:00+00:00","article_modified_time":"2025-10-03T10:15:15+00:00","og_image":[{"width":1520,"height":1080,"url":"https:\/\/www.smedemokrati.sk\/wp-content\/uploads\/2023\/04\/PM.jpg","type":"image\/jpeg"}],"author":"miro.sopko","twitter_card":"summary_large_image","twitter_misc":{"Szerz\u0151:":"miro.sopko","Becs\u00fclt olvas\u00e1si id\u0151":"2 perc"},"schema":{"@context":"https:\/\/schema.org","@graph":[{"@type":"Article","@id":"https:\/\/www.smedemokrati.sk\/migal-hra-politicke-hry-a-skodi-regionom\/#article","isPartOf":{"@id":"https:\/\/www.smedemokrati.sk\/migal-hra-politicke-hry-a-skodi-regionom\/"},"author":{"name":"miro.sopko","@id":"https:\/\/www.smedemokrati.sk\/#\/schema\/person\/21f147c88d605aa7ded900e1e7c344ba"},"headline":"Miga\u013e hr\u00e1 politick\u00e9 hry a \u0161kod\u00ed regi\u00f3nom","datePublished":"2025-10-02T19:13:00+00:00","dateModified":"2025-10-03T10:15:15+00:00","mainEntityOfPage":{"@id":"https:\/\/www.smedemokrati.sk\/migal-hra-politicke-hry-a-skodi-regionom\/"},"wordCount":424,"publisher":{"@id":"https:\/\/www.smedemokrati.sk\/#organization"},"image":{"@id":"https:\/\/www.smedemokrati.sk\/migal-hra-politicke-hry-a-skodi-regionom\/#primaryimage"},"thumbnailUrl":"https:\/\/www.smedemokrati.sk\/wp-content\/uploads\/2023\/04\/PM.jpg","articleSection":["Tla\u010dov\u00e9 spr\u00e1vy"],"inLanguage":"hu-HU"},{"@type":"WebPage","@id":"https:\/\/www.smedemokrati.sk\/migal-hra-politicke-hry-a-skodi-regionom\/","url":"https:\/\/www.smedemokrati.sk\/migal-hra-politicke-hry-a-skodi-regionom\/","name":"Miga\u013e hr\u00e1 politick\u00e9 hry a \u0161kod\u00ed regi\u00f3nom","isPartOf":{"@id":"https:\/\/www.smedemokrati.sk\/#website"},"primaryImageOfPage":{"@id":"https:\/\/www.smedemokrati.sk\/migal-hra-politicke-hry-a-skodi-regionom\/#primaryimage"},"image":{"@id":"https:\/\/www.smedemokrati.sk\/migal-hra-politicke-hry-a-skodi-regionom\/#primaryimage"},"thumbnailUrl":"https:\/\/www.smedemokrati.sk\/wp-content\/uploads\/2023\/04\/PM.jpg","datePublished":"2025-10-02T19:13:00+00:00","dateModified":"2025-10-03T10:15:15+00:00","breadcrumb":{"@id":"https:\/\/www.smedemokrati.sk\/migal-hra-politicke-hry-a-skodi-regionom\/#breadcrumb"},"inLanguage":"hu-HU","potentialAction":[{"@type":"ReadAction","target":["https:\/\/www.smedemokrati.sk\/migal-hra-politicke-hry-a-skodi-regionom\/"]}]},{"@type":"ImageObject","inLanguage":"hu-HU","@id":"https:\/\/www.smedemokrati.sk\/migal-hra-politicke-hry-a-skodi-regionom\/#primaryimage","url":"https:\/\/www.smedemokrati.sk\/wp-content\/uploads\/2023\/04\/PM.jpg","contentUrl":"https:\/\/www.smedemokrati.sk\/wp-content\/uploads\/2023\/04\/PM.jpg","width":1520,"height":1080},{"@type":"BreadcrumbList","@id":"https:\/\/www.smedemokrati.sk\/migal-hra-politicke-hry-a-skodi-regionom\/#breadcrumb","itemListElement":[{"@type":"ListItem","position":1,"name":"Domovsk\u00e1 str\u00e1nka","item":"https:\/\/www.smedemokrati.sk\/"},{"@type":"ListItem","position":2,"name":"Miga\u013e hr\u00e1 politick\u00e9 hry a \u0161kod\u00ed regi\u00f3nom"}]},{"@type":"WebSite","@id":"https:\/\/www.smedemokrati.sk\/#website","url":"https:\/\/www.smedemokrati.sk\/","name":"Smedemokrati.sk","description":"Demokracia a slu\u0161nos\u0165 zv\u00ed\u0165az\u00ed","publisher":{"@id":"https:\/\/www.smedemokrati.sk\/#organization"},"potentialAction":[{"@type":"SearchAction","target":{"@type":"EntryPoint","urlTemplate":"https:\/\/www.smedemokrati.sk\/?s={search_term_string}"},"query-input":{"@type":"PropertyValueSpecification","valueRequired":true,"valueName":"search_term_string"}}],"inLanguage":"hu-HU"},{"@type":"Organization","@id":"https:\/\/www.smedemokrati.sk\/#organization","name":"Smedemokrati.sk","url":"https:\/\/www.smedemokrati.sk\/","logo":{"@type":"ImageObject","inLanguage":"hu-HU","@id":"https:\/\/www.smedemokrati.sk\/#\/schema\/logo\/image\/","url":"https:\/\/www.smedemokrati.sk\/wp-content\/uploads\/2023\/04\/ff.002.jpeg","contentUrl":"https:\/\/www.smedemokrati.sk\/wp-content\/uploads\/2023\/04\/ff.002.jpeg","width":640,"height":480,"caption":"Smedemokrati.sk"},"image":{"@id":"https:\/\/www.smedemokrati.sk\/#\/schema\/logo\/image\/"},"sameAs":["https:\/\/www.facebook.com\/smedemokrati2023"]},{"@type":"Person","@id":"https:\/\/www.smedemokrati.sk\/#\/schema\/person\/21f147c88d605aa7ded900e1e7c344ba","name":"miro.sopko","image":{"@type":"ImageObject","inLanguage":"hu-HU","@id":"https:\/\/secure.gravatar.com\/avatar\/267e4a36f704376c109afe3a78740c1f5dd8675a2180a908699e7863c9247606?s=96&d=mm&r=g","url":"https:\/\/secure.gravatar.com\/avatar\/267e4a36f704376c109afe3a78740c1f5dd8675a2180a908699e7863c9247606?s=96&d=mm&r=g","contentUrl":"https:\/\/secure.gravatar.com\/avatar\/267e4a36f704376c109afe3a78740c1f5dd8675a2180a908699e7863c9247606?s=96&d=mm&r=g","caption":"miro.sopko"},"url":"https:\/\/www.smedemokrati.sk\/hu\/author\/miro-sopko\/"}]}},"_links":{"self":[{"href":"https:\/\/www.smedemokrati.sk\/hu\/wp-json\/wp\/v2\/posts\/8275","targetHints":{"allow":["GET"]}}],"collection":[{"href":"https:\/\/www.smedemokrati.sk\/hu\/wp-json\/wp\/v2\/posts"}],"about":[{"href":"https:\/\/www.smedemokrati.sk\/hu\/wp-json\/wp\/v2\/types\/post"}],"author":[{"embeddable":true,"href":"https:\/\/www.smedemokrati.sk\/hu\/wp-json\/wp\/v2\/users\/13"}],"replies":[{"embeddable":true,"href":"https:\/\/www.smedemokrati.sk\/hu\/wp-json\/wp\/v2\/comments?post=8275"}],"version-history":[{"count":1,"href":"https:\/\/www.smedemokrati.sk\/hu\/wp-json\/wp\/v2\/posts\/8275\/revisions"}],"predecessor-version":[{"id":8276,"href":"https:\/\/www.smedemokrati.sk\/hu\/wp-json\/wp\/v2\/posts\/8275\/revisions\/8276"}],"wp:featuredmedia":[{"embeddable":true,"href":"https:\/\/www.smedemokrati.sk\/hu\/wp-json\/wp\/v2\/media\/387"}],"wp:attachment":[{"href":"https:\/\/www.smedemokrati.sk\/hu\/wp-json\/wp\/v2\/media?parent=8275"}],"wp:term":[{"taxonomy":"category","embeddable":true,"href":"https:\/\/www.smedemokrati.sk\/hu\/wp-json\/wp\/v2\/categories?post=8275"},{"taxonomy":"post_tag","embeddable":true,"href":"https:\/\/www.smedemokrati.sk\/hu\/wp-json\/wp\/v2\/tags?post=8275"}],"curies":[{"name":"wp","href":"https:\/\/api.w.org\/{rel}","templated":true}]}}